{"id":2680,"date":"2013-08-04T10:48:15","date_gmt":"2013-08-04T13:48:15","guid":{"rendered":"http:\/\/www.isletasnoticias.com.ar\/?p=2680"},"modified":"2013-08-04T10:48:15","modified_gmt":"2013-08-04T13:48:15","slug":"crespo-mas-de-17-mil-ciudadanos-estan-habilitados-para-votar","status":"publish","type":"post","link":"https:\/\/informelitoral.com.ar\/crespo-mas-de-17-mil-ciudadanos-estan-habilitados-para-votar\/","title":{"rendered":"Crespo: M\u00e1s de 17 mil ciudadanos est\u00e1n habilitados para votar"},"content":{"rendered":"<p><strong>Como ha ocurrido en las elecciones anteriores, ahora las mesas son mixtas. \u00a0En tanto, se ampli\u00f3 la cantidad de escuelas, sumando la Escuela T\u00e9cnica N\u00ba 35 a las sedes habituales en ICC, ISC las escuelas 54 y 105.<\/strong><\/p>\n<p><img loading=\"lazy\" decoding=\"async\" class=\"size-medium wp-image-2681 alignright\" alt=\"crespo\" src=\"http:\/\/www.isletasnoticias.com.ar\/%77%70%2d%63%6f%6e%74%65%6e%74\/uploads\/2013\/08\/crespo-300x200.jpg\" width=\"300\" height=\"200\" srcset=\"https:\/\/informelitoral.com.ar\/%77%70%2d%63%6f%6e%74%65%6e%74\/uploads\/2013\/08\/crespo-300x200.jpg 300w, https:\/\/informelitoral.com.ar\/%77%70%2d%63%6f%6e%74%65%6e%74\/uploads\/2013\/08\/crespo-1024x682.jpg 1024w, https:\/\/informelitoral.com.ar\/%77%70%2d%63%6f%6e%74%65%6e%74\/uploads\/2013\/08\/crespo.jpg 1500w\" sizes=\"auto, (max-width: 300px) 100vw, 300px\" \/><\/p>\n<div>Para las elecciones del 11 de agosto pr\u00f3ximo est\u00e1n habilitados a votar 17.447 ciudadanos con domicilio en Crespo, que se distribuir\u00e1n a trav\u00e9s de 50 mesas mixtas en las escuelas habituales, Instituto \u201cSagrado Coraz\u00f3n, Escuela N\u00b0 54 \u201cTomas Guido\u201d, Instituto Comercial Crespo, Escuela N\u00b0 105 \u201cPatria Libre\u201d y por primera vez, la Escuela T\u00e9cnica N\u00ba 35 \u201cGral. Don Jos\u00e9 de San Mart\u00edn\u201d.<\/div>\n<div><\/div>\n<div><b>Padrones<\/b><\/div>\n<div>Los padrones incluyen la foto de los ciudadanos que renovaron documentos de identidad en los \u00faltimos a\u00f1os con los nuevos sistemas digitalizados de obtenci\u00f3n de datos. Quienes mantienen DNI anterior a la digitalizaci\u00f3n, figuran sin foto. Cada votante debe presentarse con el \u00faltimo DNI actualizado que posea. Quienes est\u00e9n en duda con el lugar\u00a0y mesa de votaci\u00f3n podr\u00e1n informarse v\u00eda internet en la p\u00e1gina web oficial de la C\u00e1mara Nacional Electoral, en el link \u2018\u00bfD\u00f3nde voto?\u2019.<\/div>\n<div><\/div>\n<div><b>Mesas y escuelas<\/b><\/div>\n<div>En el siguiente cuadro se indica la distribuci\u00f3n de mesas por escuelas y los ciudadanos primero y \u00faltimo de cada mesa, por orden alfab\u00e9tico. Hay 49 mesas con 350 personas empadronadas en cada una, y la \u00faltima (764) suma 297 empadronados.<\/div>\n<div><\/div>\n<div><b>Instituto Sagrado Coraz\u00f3n<\/b><\/div>\n<div>Mesa N\u00ba 715: Aab, Aurelio Oscar \u2013 \u00a0Almada, Lidia Alicia<\/div>\n<div>Mesa N\u00ba 716: Almada, Lucio Germ\u00e1n \u2013 Azc\u00e1rate, Diego Mart\u00edn<\/div>\n<div>Mesa N\u00ba 717: Azc\u00e1rate, Fernando Eduardo \u2013 \u00a0Bauer, Elsa Esther<\/div>\n<div>Mesa N\u00ba 718: Bauer, Herminda Ester \u2013 Bernhardt, Gladis Raquel<\/div>\n<div>Mesa N\u00ba 719: Bernhardt, Griselda Mar\u00eda \u2013 Bravo, Juan Alberto<\/div>\n<div>Mesa N\u00ba 720: Brehm, Gabriel Alejandro \u2013 Cabrol, Natalia Cecilia<\/div>\n<div>Mesa N\u00ba 721: Cabrol, Pablo Alexis \u2013 Ch\u00e1vez, Adriano An\u00edbal<\/div>\n<div>Mesa N\u00ba 722: Ch\u00e1vez, Adriano Ra\u00fal \u2013 Decoud, Petrona<\/div>\n<div>Mesa N\u00ba 723: Decoud, Silvia Noem\u00ed \u2013 Dorsch, V\u00edctor<\/div>\n<div>Mesa N\u00ba 724: Dorsi, Carla \u00c1ngela \u2013 Elseser, Luciana<\/div>\n<div>Mesa N\u00ba 725: Elseser, Mariana \u2013 Eurich, Nahir Desiree<\/div>\n<div>Mesa N\u00ba 726: Eurich, Nahuel Jerem\u00edas \u2013 Feser, Vicente<\/div>\n<div>Mesa N\u00ba 727: Feu, Adolfo Alberto \u2013 Franco, D\u00e9bora Yanina<\/div>\n<div>Mesa N\u00ba 728: Franco, Gabriela Marina \u2013 Galarraga, Mar\u00eda Elena<\/div>\n<div><\/div>\n<div><b>Escuela N\u00b0 54 \u201cTomas Guido\u201d<\/b><\/div>\n<div>Mesa N\u00ba 729: Galarraga, Marianela Jaquelina \u2013 Gareis, Maximiliano Nicol\u00e1s<\/div>\n<div>Mesa N\u00ba 730: Gareis, Maximiliano Nicol\u00e1s \u2013 Geier, Miriam Ester<\/div>\n<div>Mesa N\u00ba 731: Geier, Ofelia Otilia \u2013 Gim\u00e9nez, Margarita Soledad<\/div>\n<div>Mesa N\u00ba 732: Gim\u00e9nez, Mar\u00eda Beatr\u00edz \u2013 Goettig, Marcos Exequiel<\/div>\n<div>Mesa N\u00ba 733: Goettig, Mar\u00eda Cristina \u2013 Gottig, Stella Maris<\/div>\n<div>Mesa N\u00ba 734: Gottig, Waldemar Benigno \u2013 Haberkorn, Mara Viviana<\/div>\n<div>Mesa N\u00ba 735: Haberkorn, Mar\u00eda Alejandra \u2013 Herbel, Elena Graciela<\/div>\n<div>Mesa N\u00ba 736: Herbel, Elsa Edidt \u2013 Holzheire, Johanna Bel\u00e9n<\/div>\n<p>Mesa N\u00ba 737: Holzheire, Malvina Soledad \u2013 Jumilla, Blanca Alfa<\/p>\n<p>Mesa N\u00ba 738: Jumilla, Brian Nahuel \u2013 Kerbs, Ana Sof\u00eda<\/p>\n<div><\/div>\n<div><b>Instituto Comercial Crespo<\/b><\/div>\n<div>Mesa N\u00ba 739: Kerbs, Hern\u00e1n Ricardo \u2013 Kranevitter, Mirta Ester<\/div>\n<div>Mesa N\u00ba 740: Kranevitter, N\u00e9stor Ariel \u2013 Leicker, Daniel Javier<\/div>\n<div>Mesa N\u00ba 741: Leicker, Emiliano Gabriel \u2013 L\u00f3pez Chiappesoni, Andrea Ma. del Luj\u00e1n<\/div>\n<div>Mesa N\u00ba 742: L\u00f3pez Chiappesoni, Ingrid \u2013 Mart\u00edn Cordido, Nicol\u00e1s Ezequiel<\/div>\n<div>Mesa N\u00ba 743: Mart\u00edn, Eduardo \u2013 Mildenberger, Adri\u00e1n Eduardo<\/div>\n<div>Mesa N\u00ba 744: Mildenberger, Clarisa Natalia \u2013 M\u00fcller, Jorge Edmundo<\/div>\n<div>Mesa N\u00ba 745: M\u00fcller, Jorge Eduardo \u2013 Noguera, Florencia<\/div>\n<div>Mesa N\u00ba 746: Noguera, Mario Alberto \u2013 Pa\u00fal, Dar\u00edo Gabriel<\/div>\n<div>Mesa N\u00ba 747: Pa\u00fal, D\u00e9bora Gabriela \u2013 Pittavino, Jos\u00e9 \u00c1ngel<\/div>\n<div>Mesa N\u00ba 748: Pittavino, Jos\u00e9 Luis \u2013 Punt\u00edn, Mercedes Vilma<\/div>\n<div><\/div>\n<div><b>Escuela N\u00b0 105 \u201cPatria Libre\u201d<\/b><\/div>\n<div>Mesa N\u00ba 749: Punt\u00edn, Nelly Pascuala \u2013 Reisenauer, Teresa Catalina<\/div>\n<div>Mesa N\u00ba 750: Reisenauer, Valeria Silvana \u2013 Rodr\u00edguez, Gloria Beatr\u00edz<\/div>\n<div>Mesa N\u00ba 751: Rodr\u00edguez, Gonzalo Nicol\u00e1s \u2013 Rothar, Ana Mar\u00eda<\/div>\n<div>Mesa N\u00ba 752: Rothar, Anita Florentina \u2013 Sandill\u00fa, Antonia Doralisa<\/div>\n<div>Mesa N\u00ba 753: Sandill\u00fa, Jos\u00e9 Mar\u00eda \u2013 Schermer, Carlos Gabriel<\/div>\n<div>Mesa N\u00ba 754: Schermer, Claudia Viviana \u2013 Schmidt, Ulrico<\/div>\n<div>Mesa N\u00ba 755: Schmidt, Ver\u00f3nica Josefina \u2013 Schuster, Brenda Ludmila<\/div>\n<div>Mesa N\u00ba 756: Schvemer, Elda Virginia \u2013 Silva, Facunda<\/div>\n<div>Mesa N\u00ba 757: Silva, Fernando Oscar \u2013 Spessot, Carina Mar\u00eda Itat\u00ed<\/div>\n<div>Mesa N\u00ba 758: Spessot, Celia Mar\u00eda Rosa \u2013 Sturtz, Ismael Humberto<\/div>\n<div><\/div>\n<div><b>Escuela T\u00e9cnica N\u00ba 35 \u201cGral. Don Jos\u00e9 de San Mart\u00edn\u201d<\/b><\/div>\n<div>Mesa N\u00ba 759: Sturtz, Ivana Gisela \u2013 Trocello, Magdalena Ramona<\/div>\n<div>Mesa N\u00ba 760: Troncoso, Atilio Avelino \u2013 Vel\u00e1zquez, Silvia Teresita<\/div>\n<div>Mesa N\u00ba 761: Vel\u00e1zquez, V\u00edctor Adri\u00e1n \u2013 Wagner, Hugo Alberto<\/div>\n<div>Mesa N\u00ba 762: Wagner, Hugo Enrique \u2013 Weiss, Eliana Vanesa<\/div>\n<div>Mesa N\u00ba 763: Weiss, Ezequiel Eduardo \u2013 Zapata, An\u00edbal Ariel<\/div>\n<div>Mesa N\u00ba 764: Zapata, Antonio Gustavo \u2013 Zwobodo, Jorge Rafael.<\/div>\n<div>Fuente: Paralelo 32.<\/div>\n","protected":false},"excerpt":{"rendered":"<p>Como ha ocurrido en las elecciones anteriores, ahora las mesas son mixtas. &nbsp;En tanto, se ampli&oacute; la cantidad de escuelas, sumando la Escuela T&eacute;cnica N&ordm; 35 a las sedes habituales en ICC, ISC las escuelas 54 y 105. Para las elecciones del 11 de agosto pr&oacute;ximo est&aacute;n habilitados a votar 17.447 ciudadanos con domicilio en [&hellip;]<\/p>\n","protected":false},"author":2,"featured_media":0,"comment_status":"open","ping_status":"open","sticky":false,"template":"","format":"standard","meta":{"fifu_image_url":"","fifu_image_alt":"","footnotes":""},"categories":[6,16],"tags":[],"class_list":{"0":"post-2680","1":"post","2":"type-post","3":"status-publish","4":"format-standard","6":"category-entre-rios","7":"category-politi"},"yoast_head":"<title>Crespo: M\u00e1s de 17 mil ciudadanos est\u00e1n habilitados para votar - Informe Litoral<\/title>\n<meta name=\"robots\" content=\"index, follow, max-snippet:-1, max-image-preview:large, max-video-preview:-1\" \/>\n<link rel=\"canonical\" href=\"https:\/\/informelitoral.com.ar\/crespo-mas-de-17-mil-ciudadanos-estan-habilitados-para-votar\/\" \/>\n<meta property=\"og:locale\" content=\"es_ES\" \/>\n<meta property=\"og:type\" content=\"article\" \/>\n<meta property=\"og:title\" content=\"Crespo: M\u00e1s de 17 mil ciudadanos est\u00e1n habilitados para votar - Informe Litoral\" \/>\n<meta property=\"og:description\" content=\"Como ha ocurrido en las elecciones anteriores, ahora las mesas son mixtas. &nbsp;En tanto, se ampli&oacute; la cantidad de escuelas, sumando la Escuela T&eacute;cnica N&ordm; 35 a las sedes habituales en ICC, ISC las escuelas 54 y 105. Para las elecciones del 11 de agosto pr&oacute;ximo est&aacute;n habilitados a votar 17.447 ciudadanos con domicilio en [&hellip;]\" \/>\n<meta property=\"og:url\" content=\"https:\/\/informelitoral.com.ar\/crespo-mas-de-17-mil-ciudadanos-estan-habilitados-para-votar\/\" \/>\n<meta property=\"og:site_name\" content=\"Informe Litoral\" \/>\n<meta property=\"article:publisher\" content=\"https:\/\/www.facebook.com\/informelitoral\/\" \/>\n<meta property=\"article:published_time\" content=\"2013-08-04T13:48:15+00:00\" \/>\n<meta property=\"og:image\" content=\"https:\/\/informelitoral.com.ar\/%77%70%2d%63%6f%6e%74%65%6e%74\/uploads\/2013\/08\/crespo.jpg\" \/>\n\t<meta property=\"og:image:width\" content=\"1500\" \/>\n\t<meta property=\"og:image:height\" content=\"1000\" \/>\n\t<meta property=\"og:image:type\" content=\"image\/jpeg\" \/>\n<meta name=\"author\" content=\"Gonzalo Schmidt\" \/>\n<meta name=\"twitter:card\" content=\"summary_large_image\" \/>\n<meta name=\"twitter:creator\" content=\"@InformeLitoral\" \/>\n<meta name=\"twitter:site\" content=\"@InformeLitoral\" \/>\n<meta name=\"twitter:label1\" content=\"Escrito por\" \/>\n\t<meta name=\"twitter:data1\" content=\"Gonzalo Schmidt\" \/>\n\t<meta name=\"twitter:label2\" content=\"Tiempo de lectura\" \/>\n\t<meta name=\"twitter:data2\" content=\"4 minutos\" \/>\n<script type=\"application\/ld+json\" class=\"yoast-schema-graph\">{\"@context\":\"https:\\\/\\\/schema.org\",\"@graph\":[{\"@type\":\"Article\",\"@id\":\"https:\\\/\\\/informelitoral.com.ar\\\/crespo-mas-de-17-mil-ciudadanos-estan-habilitados-para-votar\\\/#article\",\"isPartOf\":{\"@id\":\"https:\\\/\\\/informelitoral.com.ar\\\/crespo-mas-de-17-mil-ciudadanos-estan-habilitados-para-votar\\\/\"},\"author\":{\"name\":\"Gonzalo Schmidt\",\"@id\":\"https:\\\/\\\/informelitoral.com.ar\\\/#\\\/schema\\\/person\\\/b9d00407c836482871ef1d57bf8e3180\"},\"headline\":\"Crespo: M\u00e1s de 17 mil ciudadanos est\u00e1n habilitados para votar\",\"datePublished\":\"2013-08-04T13:48:15+00:00\",\"mainEntityOfPage\":{\"@id\":\"https:\\\/\\\/informelitoral.com.ar\\\/crespo-mas-de-17-mil-ciudadanos-estan-habilitados-para-votar\\\/\"},\"wordCount\":719,\"commentCount\":0,\"publisher\":{\"@id\":\"https:\\\/\\\/informelitoral.com.ar\\\/#organization\"},\"image\":{\"@id\":\"https:\\\/\\\/informelitoral.com.ar\\\/crespo-mas-de-17-mil-ciudadanos-estan-habilitados-para-votar\\\/#primaryimage\"},\"thumbnailUrl\":\"http:\\\/\\\/www.isletasnoticias.com.ar\\\/%77%70%2d%63%6f%6e%74%65%6e%74\\\/uploads\\\/2013\\\/08\\\/crespo-300x200.jpg\",\"articleSection\":[\"Entre R\u00edos\",\"Politica\"],\"inLanguage\":\"es\",\"potentialAction\":[{\"@type\":\"CommentAction\",\"name\":\"Comment\",\"target\":[\"https:\\\/\\\/informelitoral.com.ar\\\/crespo-mas-de-17-mil-ciudadanos-estan-habilitados-para-votar\\\/#respond\"]}]},{\"@type\":\"WebPage\",\"@id\":\"https:\\\/\\\/informelitoral.com.ar\\\/crespo-mas-de-17-mil-ciudadanos-estan-habilitados-para-votar\\\/\",\"url\":\"https:\\\/\\\/informelitoral.com.ar\\\/crespo-mas-de-17-mil-ciudadanos-estan-habilitados-para-votar\\\/\",\"name\":\"Crespo: M\u00e1s de 17 mil ciudadanos est\u00e1n habilitados para votar - Informe Litoral\",\"isPartOf\":{\"@id\":\"https:\\\/\\\/informelitoral.com.ar\\\/#website\"},\"primaryImageOfPage\":{\"@id\":\"https:\\\/\\\/informelitoral.com.ar\\\/crespo-mas-de-17-mil-ciudadanos-estan-habilitados-para-votar\\\/#primaryimage\"},\"image\":{\"@id\":\"https:\\\/\\\/informelitoral.com.ar\\\/crespo-mas-de-17-mil-ciudadanos-estan-habilitados-para-votar\\\/#primaryimage\"},\"thumbnailUrl\":\"http:\\\/\\\/www.isletasnoticias.com.ar\\\/%77%70%2d%63%6f%6e%74%65%6e%74\\\/uploads\\\/2013\\\/08\\\/crespo-300x200.jpg\",\"datePublished\":\"2013-08-04T13:48:15+00:00\",\"breadcrumb\":{\"@id\":\"https:\\\/\\\/informelitoral.com.ar\\\/crespo-mas-de-17-mil-ciudadanos-estan-habilitados-para-votar\\\/#breadcrumb\"},\"inLanguage\":\"es\",\"potentialAction\":[{\"@type\":\"ReadAction\",\"target\":[\"https:\\\/\\\/informelitoral.com.ar\\\/crespo-mas-de-17-mil-ciudadanos-estan-habilitados-para-votar\\\/\"]}]},{\"@type\":\"ImageObject\",\"inLanguage\":\"es\",\"@id\":\"https:\\\/\\\/informelitoral.com.ar\\\/crespo-mas-de-17-mil-ciudadanos-estan-habilitados-para-votar\\\/#primaryimage\",\"url\":\"http:\\\/\\\/www.isletasnoticias.com.ar\\\/%77%70%2d%63%6f%6e%74%65%6e%74\\\/uploads\\\/2013\\\/08\\\/crespo-300x200.jpg\",\"contentUrl\":\"http:\\\/\\\/www.isletasnoticias.com.ar\\\/%77%70%2d%63%6f%6e%74%65%6e%74\\\/uploads\\\/2013\\\/08\\\/crespo-300x200.jpg\"},{\"@type\":\"BreadcrumbList\",\"@id\":\"https:\\\/\\\/informelitoral.com.ar\\\/crespo-mas-de-17-mil-ciudadanos-estan-habilitados-para-votar\\\/#breadcrumb\",\"itemListElement\":[{\"@type\":\"ListItem\",\"position\":1,\"name\":\"Portada\",\"item\":\"https:\\\/\\\/informelitoral.com.ar\\\/\"},{\"@type\":\"ListItem\",\"position\":2,\"name\":\"Crespo: M\u00e1s de 17 mil ciudadanos est\u00e1n habilitados para votar\"}]},{\"@type\":\"WebSite\",\"@id\":\"https:\\\/\\\/informelitoral.com.ar\\\/#website\",\"url\":\"https:\\\/\\\/informelitoral.com.ar\\\/\",\"name\":\"Informe Litoral\",\"description\":\"&quot;Nos informamos&quot; \",\"publisher\":{\"@id\":\"https:\\\/\\\/informelitoral.com.ar\\\/#organization\"},\"potentialAction\":[{\"@type\":\"SearchAction\",\"target\":{\"@type\":\"EntryPoint\",\"urlTemplate\":\"https:\\\/\\\/informelitoral.com.ar\\\/?s={search_term_string}\"},\"query-input\":{\"@type\":\"PropertyValueSpecification\",\"valueRequired\":true,\"valueName\":\"search_term_string\"}}],\"inLanguage\":\"es\"},{\"@type\":\"Organization\",\"@id\":\"https:\\\/\\\/informelitoral.com.ar\\\/#organization\",\"name\":\"Informe Litoral\",\"url\":\"https:\\\/\\\/informelitoral.com.ar\\\/\",\"logo\":{\"@type\":\"ImageObject\",\"inLanguage\":\"es\",\"@id\":\"https:\\\/\\\/informelitoral.com.ar\\\/#\\\/schema\\\/logo\\\/image\\\/\",\"url\":\"https:\\\/\\\/informelitoral.com.ar\\\/%77%70%2d%63%6f%6e%74%65%6e%74\\\/uploads\\\/2021\\\/01\\\/circulo.png\",\"contentUrl\":\"https:\\\/\\\/informelitoral.com.ar\\\/%77%70%2d%63%6f%6e%74%65%6e%74\\\/uploads\\\/2021\\\/01\\\/circulo.png\",\"width\":723,\"height\":731,\"caption\":\"Informe Litoral\"},\"image\":{\"@id\":\"https:\\\/\\\/informelitoral.com.ar\\\/#\\\/schema\\\/logo\\\/image\\\/\"},\"sameAs\":[\"https:\\\/\\\/www.facebook.com\\\/informelitoral\\\/\",\"https:\\\/\\\/x.com\\\/InformeLitoral\",\"https:\\\/\\\/www.instagram.com\\\/informelitoral\\\/\",\"https:\\\/\\\/www.youtube.com\\\/channel\\\/UCua4Qvz8Icb6MYqhoq9xLXw\"]},{\"@type\":\"Person\",\"@id\":\"https:\\\/\\\/informelitoral.com.ar\\\/#\\\/schema\\\/person\\\/b9d00407c836482871ef1d57bf8e3180\",\"name\":\"Gonzalo Schmidt\",\"image\":{\"@type\":\"ImageObject\",\"inLanguage\":\"es\",\"@id\":\"https:\\\/\\\/secure.gravatar.com\\\/avatar\\\/31a1a7b66ff2de83bd0e9fd79d026630d2d99e55e8bfe501287647b4fd9743de?s=96&d=mm&r=g\",\"url\":\"https:\\\/\\\/secure.gravatar.com\\\/avatar\\\/31a1a7b66ff2de83bd0e9fd79d026630d2d99e55e8bfe501287647b4fd9743de?s=96&d=mm&r=g\",\"contentUrl\":\"https:\\\/\\\/secure.gravatar.com\\\/avatar\\\/31a1a7b66ff2de83bd0e9fd79d026630d2d99e55e8bfe501287647b4fd9743de?s=96&d=mm&r=g\",\"caption\":\"Gonzalo Schmidt\"},\"description\":\"Sitio web de noticias de la provincia de Entre R\u00edos, Argentina. Informaci\u00f3n y entretenimiento. Informe Litoral, nos informamos.\",\"sameAs\":[\"http:\\\/\\\/www.isletasnoticias.com.ar\"],\"url\":\"https:\\\/\\\/informelitoral.com.ar\\\/author\\\/gonzalo\\\/\"}]}<\/script>","yoast_head_json":{"title":"Crespo: M\u00e1s de 17 mil ciudadanos est\u00e1n habilitados para votar - Informe Litoral","robots":{"index":"index","follow":"follow","max-snippet":"max-snippet:-1","max-image-preview":"max-image-preview:large","max-video-preview":"max-video-preview:-1"},"canonical":"https:\/\/informelitoral.com.ar\/crespo-mas-de-17-mil-ciudadanos-estan-habilitados-para-votar\/","og_locale":"es_ES","og_type":"article","og_title":"Crespo: M\u00e1s de 17 mil ciudadanos est\u00e1n habilitados para votar - Informe Litoral","og_description":"Como ha ocurrido en las elecciones anteriores, ahora las mesas son mixtas. &nbsp;En tanto, se ampli&oacute; la cantidad de escuelas, sumando la Escuela T&eacute;cnica N&ordm; 35 a las sedes habituales en ICC, ISC las escuelas 54 y 105. Para las elecciones del 11 de agosto pr&oacute;ximo est&aacute;n habilitados a votar 17.447 ciudadanos con domicilio en [&hellip;]","og_url":"https:\/\/informelitoral.com.ar\/crespo-mas-de-17-mil-ciudadanos-estan-habilitados-para-votar\/","og_site_name":"Informe Litoral","article_publisher":"https:\/\/www.facebook.com\/informelitoral\/","article_published_time":"2013-08-04T13:48:15+00:00","og_image":[{"width":1500,"height":1000,"url":"https:\/\/informelitoral.com.ar\/%77%70%2d%63%6f%6e%74%65%6e%74\/uploads\/2013\/08\/crespo.jpg","type":"image\/jpeg"}],"author":"Gonzalo Schmidt","twitter_card":"summary_large_image","twitter_creator":"@InformeLitoral","twitter_site":"@InformeLitoral","twitter_misc":{"Escrito por":"Gonzalo Schmidt","Tiempo de lectura":"4 minutos"},"schema":{"@context":"https:\/\/schema.org","@graph":[{"@type":"Article","@id":"https:\/\/informelitoral.com.ar\/crespo-mas-de-17-mil-ciudadanos-estan-habilitados-para-votar\/#article","isPartOf":{"@id":"https:\/\/informelitoral.com.ar\/crespo-mas-de-17-mil-ciudadanos-estan-habilitados-para-votar\/"},"author":{"name":"Gonzalo Schmidt","@id":"https:\/\/informelitoral.com.ar\/#\/schema\/person\/b9d00407c836482871ef1d57bf8e3180"},"headline":"Crespo: M\u00e1s de 17 mil ciudadanos est\u00e1n habilitados para votar","datePublished":"2013-08-04T13:48:15+00:00","mainEntityOfPage":{"@id":"https:\/\/informelitoral.com.ar\/crespo-mas-de-17-mil-ciudadanos-estan-habilitados-para-votar\/"},"wordCount":719,"commentCount":0,"publisher":{"@id":"https:\/\/informelitoral.com.ar\/#organization"},"image":{"@id":"https:\/\/informelitoral.com.ar\/crespo-mas-de-17-mil-ciudadanos-estan-habilitados-para-votar\/#primaryimage"},"thumbnailUrl":"http:\/\/www.isletasnoticias.com.ar\/%77%70%2d%63%6f%6e%74%65%6e%74\/uploads\/2013\/08\/crespo-300x200.jpg","articleSection":["Entre R\u00edos","Politica"],"inLanguage":"es","potentialAction":[{"@type":"CommentAction","name":"Comment","target":["https:\/\/informelitoral.com.ar\/crespo-mas-de-17-mil-ciudadanos-estan-habilitados-para-votar\/#respond"]}]},{"@type":"WebPage","@id":"https:\/\/informelitoral.com.ar\/crespo-mas-de-17-mil-ciudadanos-estan-habilitados-para-votar\/","url":"https:\/\/informelitoral.com.ar\/crespo-mas-de-17-mil-ciudadanos-estan-habilitados-para-votar\/","name":"Crespo: M\u00e1s de 17 mil ciudadanos est\u00e1n habilitados para votar - Informe Litoral","isPartOf":{"@id":"https:\/\/informelitoral.com.ar\/#website"},"primaryImageOfPage":{"@id":"https:\/\/informelitoral.com.ar\/crespo-mas-de-17-mil-ciudadanos-estan-habilitados-para-votar\/#primaryimage"},"image":{"@id":"https:\/\/informelitoral.com.ar\/crespo-mas-de-17-mil-ciudadanos-estan-habilitados-para-votar\/#primaryimage"},"thumbnailUrl":"http:\/\/www.isletasnoticias.com.ar\/%77%70%2d%63%6f%6e%74%65%6e%74\/uploads\/2013\/08\/crespo-300x200.jpg","datePublished":"2013-08-04T13:48:15+00:00","breadcrumb":{"@id":"https:\/\/informelitoral.com.ar\/crespo-mas-de-17-mil-ciudadanos-estan-habilitados-para-votar\/#breadcrumb"},"inLanguage":"es","potentialAction":[{"@type":"ReadAction","target":["https:\/\/informelitoral.com.ar\/crespo-mas-de-17-mil-ciudadanos-estan-habilitados-para-votar\/"]}]},{"@type":"ImageObject","inLanguage":"es","@id":"https:\/\/informelitoral.com.ar\/crespo-mas-de-17-mil-ciudadanos-estan-habilitados-para-votar\/#primaryimage","url":"http:\/\/www.isletasnoticias.com.ar\/%77%70%2d%63%6f%6e%74%65%6e%74\/uploads\/2013\/08\/crespo-300x200.jpg","contentUrl":"http:\/\/www.isletasnoticias.com.ar\/%77%70%2d%63%6f%6e%74%65%6e%74\/uploads\/2013\/08\/crespo-300x200.jpg"},{"@type":"BreadcrumbList","@id":"https:\/\/informelitoral.com.ar\/crespo-mas-de-17-mil-ciudadanos-estan-habilitados-para-votar\/#breadcrumb","itemListElement":[{"@type":"ListItem","position":1,"name":"Portada","item":"https:\/\/informelitoral.com.ar\/"},{"@type":"ListItem","position":2,"name":"Crespo: M\u00e1s de 17 mil ciudadanos est\u00e1n habilitados para votar"}]},{"@type":"WebSite","@id":"https:\/\/informelitoral.com.ar\/#website","url":"https:\/\/informelitoral.com.ar\/","name":"Informe Litoral","description":"&quot;Nos informamos&quot; ","publisher":{"@id":"https:\/\/informelitoral.com.ar\/#organization"},"potentialAction":[{"@type":"SearchAction","target":{"@type":"EntryPoint","urlTemplate":"https:\/\/informelitoral.com.ar\/?s={search_term_string}"},"query-input":{"@type":"PropertyValueSpecification","valueRequired":true,"valueName":"search_term_string"}}],"inLanguage":"es"},{"@type":"Organization","@id":"https:\/\/informelitoral.com.ar\/#organization","name":"Informe Litoral","url":"https:\/\/informelitoral.com.ar\/","logo":{"@type":"ImageObject","inLanguage":"es","@id":"https:\/\/informelitoral.com.ar\/#\/schema\/logo\/image\/","url":"https:\/\/informelitoral.com.ar\/%77%70%2d%63%6f%6e%74%65%6e%74\/uploads\/2021\/01\/circulo.png","contentUrl":"https:\/\/informelitoral.com.ar\/%77%70%2d%63%6f%6e%74%65%6e%74\/uploads\/2021\/01\/circulo.png","width":723,"height":731,"caption":"Informe Litoral"},"image":{"@id":"https:\/\/informelitoral.com.ar\/#\/schema\/logo\/image\/"},"sameAs":["https:\/\/www.facebook.com\/informelitoral\/","https:\/\/x.com\/InformeLitoral","https:\/\/www.instagram.com\/informelitoral\/","https:\/\/www.youtube.com\/channel\/UCua4Qvz8Icb6MYqhoq9xLXw"]},{"@type":"Person","@id":"https:\/\/informelitoral.com.ar\/#\/schema\/person\/b9d00407c836482871ef1d57bf8e3180","name":"Gonzalo Schmidt","image":{"@type":"ImageObject","inLanguage":"es","@id":"https:\/\/secure.gravatar.com\/avatar\/31a1a7b66ff2de83bd0e9fd79d026630d2d99e55e8bfe501287647b4fd9743de?s=96&d=mm&r=g","url":"https:\/\/secure.gravatar.com\/avatar\/31a1a7b66ff2de83bd0e9fd79d026630d2d99e55e8bfe501287647b4fd9743de?s=96&d=mm&r=g","contentUrl":"https:\/\/secure.gravatar.com\/avatar\/31a1a7b66ff2de83bd0e9fd79d026630d2d99e55e8bfe501287647b4fd9743de?s=96&d=mm&r=g","caption":"Gonzalo Schmidt"},"description":"Sitio web de noticias de la provincia de Entre R\u00edos, Argentina. Informaci\u00f3n y entretenimiento. Informe Litoral, nos informamos.","sameAs":["http:\/\/www.isletasnoticias.com.ar"],"url":"https:\/\/informelitoral.com.ar\/author\/gonzalo\/"}]}},"_links":{"self":[{"href":"https:\/\/informelitoral.com.ar\/%77%70%2d%6a%73%6f%6e\/wp\/v2\/posts\/2680","targetHints":{"allow":["GET"]}}],"collection":[{"href":"https:\/\/informelitoral.com.ar\/%77%70%2d%6a%73%6f%6e\/wp\/v2\/posts"}],"about":[{"href":"https:\/\/informelitoral.com.ar\/%77%70%2d%6a%73%6f%6e\/wp\/v2\/types\/post"}],"author":[{"embeddable":true,"href":"https:\/\/informelitoral.com.ar\/%77%70%2d%6a%73%6f%6e\/wp\/v2\/users\/2"}],"replies":[{"embeddable":true,"href":"https:\/\/informelitoral.com.ar\/%77%70%2d%6a%73%6f%6e\/wp\/v2\/comments?post=2680"}],"version-history":[{"count":0,"href":"https:\/\/informelitoral.com.ar\/%77%70%2d%6a%73%6f%6e\/wp\/v2\/posts\/2680\/revisions"}],"wp:attachment":[{"href":"https:\/\/informelitoral.com.ar\/%77%70%2d%6a%73%6f%6e\/wp\/v2\/media?parent=2680"}],"wp:term":[{"taxonomy":"category","embeddable":true,"href":"https:\/\/informelitoral.com.ar\/%77%70%2d%6a%73%6f%6e\/wp\/v2\/categories?post=2680"},{"taxonomy":"post_tag","embeddable":true,"href":"https:\/\/informelitoral.com.ar\/%77%70%2d%6a%73%6f%6e\/wp\/v2\/tags?post=2680"}],"curies":[{"name":"wp","href":"https:\/\/api.w.org\/{rel}","templated":true}]}}