{"id":26712,"date":"2018-05-14T18:17:27","date_gmt":"2018-05-14T21:17:27","guid":{"rendered":"https:\/\/www.isletasnoticias.com.ar\/?p=26712"},"modified":"2018-05-14T18:19:56","modified_gmt":"2018-05-14T21:19:56","slug":"venezolano-llego-a-ramirez-y-suena-con-trabajar-para-traer-a-su-familia","status":"publish","type":"post","link":"https:\/\/informelitoral.com.ar\/venezolano-llego-a-ramirez-y-suena-con-trabajar-para-traer-a-su-familia\/","title":{"rendered":"Venezolano lleg\u00f3 a Ram\u00edrez y sue\u00f1a con trabajar para traer a su familia"},"content":{"rendered":"<p>Jaison Hern\u00e1ndez tiene 35 a\u00f1os. Naci\u00f3 y vivi\u00f3 hasta hace un mes y medio en Maracaibo, la capital del Estado de Zulia, en la parte noroeste de Venezuela, donde trabajaba exitosamente como coach internacional, brindando conferencias, capacitaciones a empresas y realizando otras tareas afines.<\/p>\n<p>Abrumado por la inestabilidad social, pol\u00edtica y econ\u00f3mica de su pa\u00eds decidi\u00f3 buscar nuevos horizontes. Sin demasiadas posibilidades de ahorrar, debido a la p\u00e9rdida de poder adquisitivo que sufre el grueso de la gente que reside en Venezuela, logr\u00f3 reunir el monto de su pasaje y a trav\u00e9s de un contacto con una persona de Crespo, recal\u00f3 en Entre R\u00edos.<\/p>\n<p>\u00abMe fui porque no se puede vivir m\u00e1s en Venezuela. All\u00e1 el sueldo m\u00ednimo es de 3 d\u00f3lares mensuales y aunque yo pudiese vivir un poco mejor que el resto por mi trabajo, no es mucho m\u00e1s lo que pod\u00eda ganar. Vivimos bastante mal durante muchos d\u00edas, cuando no ten\u00eda ning\u00fan tipo de trabajo porque la econom\u00eda del pa\u00eds se paralizaba totalmente y eso genera que todo se vuelva cuesta arriba\u00bb, cont\u00f3 a <em>UNO<\/em>, en referencia a su decisi\u00f3n de emigrar y empezar de cero en otro pa\u00eds, a m\u00e1s de 7.000 kil\u00f3metros de su hogar.<\/p>\n<p>En un principio estuvo en la casa de un pariente suyo, en la provincia de Buenos Aires, y hace dos semanas, gracias a la generosidad de una familia de General Ram\u00edrez que se ofreci\u00f3 a alojarlo, se instal\u00f3 en esa localidad, situada a unos 64 kil\u00f3metros de Paran\u00e1, con la idea de buscar un empleo que le permita generar el dinero para poder traer a su esposa y a sus dos hijos, de 3 y 5 a\u00f1os, que quedaron en Maracaibo.<\/p>\n<p>Poder obtener el pasaporte es un tr\u00e1mite que le insume una importante suma, con la que no cuenta actualmente. Al respecto, explic\u00f3: \u00abGestion\u00e9 los pasaportes en 2016, pero como en Venezuela hay un tema pol\u00edtico bastante fuerte, vivimos pr\u00e1cticamente presos, no me los han entregado. En enero volv\u00ed a pedir mi pasaporte y los de mis hijos. Est\u00e1 todo bien, pero al de ellos no logro que me los entreguen. Para poder conseguirlo, debemos recurrir a lo que llamamos los caminos verdes, que es el camino de la corrupci\u00f3n. No estoy a favor de eso, no quiero hacerlo, pero no tengo opci\u00f3n para poder salvar a mi familia\u00bb. Para que le agilicen esta \u00abgesti\u00f3n\u00bb, cont\u00f3 que le solicitan 1.000 d\u00f3lares por cada documento: \u00abTengo que pagar en d\u00f3lares a la gente que gerencia esa parte para poder tener los pasaportes de mis hijos, lo cual se me hace bastante dif\u00edcil en este momento, en que no consigo trabajo a\u00fan porque nadie me conoce ac\u00e1\u00bb, confi\u00f3.<\/p>\n<p>Sobre su experiencia profesional, expres\u00f3: \u00abSoy coach y trabajo para las empresas ayudando en la formaci\u00f3n de los vendedores, a tender mejores relaciones laborales, me he dedicado a la parte de recursos humanos en distintas compa\u00f1\u00edas, y tengo experiencia en motivaci\u00f3n empresarial y del personal. Tambi\u00e9n trabajo con los emprendedores en la formaci\u00f3n de sus emprendimientos, entre otras cuestiones\u00bb.<\/p>\n<p>Jaison quiere hacerse conocido y desarrollar su carrera tal como lo hac\u00eda en su tierra, a trav\u00e9s de un empleo en su campo profesional que le permita abrirse camino en la Argentina: \u00abAnhelo conseguir un empleo en alguna firma, donde yo pueda trabajar de lo que realmente s\u00e9 y en lo que tengo experiencia. He conferenciado para 3.000 personas y trabajado para distintas firmas\u00bb, se\u00f1al\u00f3 con optimismo.<\/p>\n<p>Mientras aguarda su oportunidad, tiende las redes a trav\u00e9s de su Fanpage \u2013se lo puede contactar a trav\u00e9s de este medio para contratarlo\u2013, brinda cursos, talleres y capacitaciones en la zona. \u00abLos doy en la Casita Coworking, en Crespo, situada en Doctor Minguill\u00f3n 1895\u00bb, coment\u00f3, e invit\u00f3 a participar de los distintos workshop que realiza.<\/p>\n<p><strong>Proyectos<\/strong><\/p>\n<p>Cuando puede, Jaison se contacta con los suyos, aunque no siempre es sencillo: \u00abPuedo comunicarme con mi familia mientras el gobierno lo permite, porque no hay casi Wi-Fi ni electricidad, y es complicado. A veces se pasa hasta 20 horas sin luz en Venezuela\u00bb, refiri\u00f3.<\/p>\n<p>Su esposa es enfermera especialista en di\u00e1lisis y tambi\u00e9n tiene fe de que consiga un empleo en el pa\u00eds. Sobre el procedimiento para poder instalarse, se\u00f1al\u00f3: \u00abNo tenemos ninguna acogida del gobierno argentino. Sin embargo tenemos una visa de turista por tres meses\u00bb. En este marco, indic\u00f3 que una vez cumplido este plazo, los ciudadanos venezolanos pueden obtener una residencia precaria: \u00abLuego de eso hacemos nuestros papeles migratorios inmediatamente, a trav\u00e9s del DNI expr\u00e9s o tomando una cita previa para presentar nuestros antecedentes penales.<\/p>\n<p>Con la residencia precaria podemos obtener el CUIL en la Anses, con lo cual se puede devengar cualquier sueldo en blanco sin ning\u00fan tipo de problema\u00bb, dijo.<\/p>\n<p><strong>De la arepa al mate<\/strong><\/p>\n<p>Desde hac\u00eda tiempo Jaison y su familia pensaban en irse de su pa\u00eds: \u00abSab\u00edamos que ten\u00edamos que emigrar de Venezuela porque all\u00e1 no existe el futuro, es incierto y vivimos el d\u00eda a d\u00eda. Pasamos un a\u00f1o decidiendo el pa\u00eds a donde \u00edbamos a ir y elegimos la Argentina\u00bb.<\/p>\n<p>Si bien cont\u00f3 que su idea es mudarse a Crespo, la casualidad lo llev\u00f3, al menos por ahora, a General Ram\u00edrez. \u00abSimplemente ha sido una bendici\u00f3n llegar a la casa de esta familia en Ram\u00edrez que me recibi\u00f3 y me abri\u00f3 las puertas. Estoy viviendo bajo la caridad de ellos, que es magn\u00edfica; son unos hospedadores extraordinarios, con un gran coraz\u00f3n y mucha simpat\u00eda y empat\u00eda, porque han tratado de colocarse en mis zapatos, de observar desde mi \u00f3rbita lo que vivimos en Venezuela\u00bb, manifest\u00f3.<\/p>\n<p>A su vez, afirm\u00f3 que tuvo que adaptarse a la cultura argentina. \u00abCuando reci\u00e9n llegu\u00e9 al pa\u00eds estuve en la casa de un familiar que vino antes, y pude comer los platos de all\u00e1 y mantener las costumbres. Pero en Ram\u00edrez empec\u00e9 a sentir el cambio de cultura; se come y se toman cosas distintas, como el mate. Yo nunca antes hab\u00eda dormido la siesta. Todo tiene un protocolo que yo no hab\u00eda vivido antes y es muy importante aprender estas cosas. Ha sido muy beneficioso para m\u00ed\u00bb, cont\u00f3, y admiti\u00f3 extra\u00f1ar las t\u00edpicas arepas, un pan de ma\u00edz de forma circular que se rellena con carne, pescado, queso u otros ingredientes \u2013seg\u00fan las regiones\u2013 y que son infaltables en la mesa de los venezolanos.<\/p>\n<p>En su tierra desayunan fuerte y expres\u00f3 entre risas: \u00abEl otro d\u00eda com\u00ed pizza en la ma\u00f1ana y todos se sorprendieron; o a veces opto por un sandwich de jam\u00f3n y mortadela, pero extra\u00f1o las arepas\u00bb. Por otra parte, coment\u00f3: \u00abNo solamente estoy aprendiendo lo que son los platos argentinos, sino tambi\u00e9n los de los ruso-alemanes, que tienen su comidas, todav\u00eda no prob\u00e9 el pirok pero s\u00ed el strudel. Esta es para m\u00ed una experiencia cultural incre\u00edble\u00bb, destac\u00f3, y por \u00faltimo agreg\u00f3, esperanzado: \u00abSi me pudiese quedar en Crespo o en Ram\u00edrez, o en estas cercan\u00edas, para m\u00ed seria genial, por toda su diversidad cultural. Es lo que m\u00e1s me emociona\u00bb.<\/p>\n<p><em>(Fuente: Diario UNO Entre R\u00edos &#8211; Vanesa Erbes)<\/em><\/p>\n","protected":false},"excerpt":{"rendered":"<p>Jaison Hern\u00e1ndez es coach internacional. Dej\u00f3 su tierra por la inestabilidad pol\u00edtica y social. Su esposa y sus hijos a\u00fan permanecen en su pa\u00eds.<\/p>\n","protected":false},"author":2,"featured_media":26713,"comment_status":"open","ping_status":"open","sticky":false,"template":"","format":"standard","meta":{"fifu_image_url":"","fifu_image_alt":"","footnotes":""},"categories":[5,9],"tags":[],"class_list":{"0":"post-26712","1":"post","2":"type-post","3":"status-publish","4":"format-standard","5":"has-post-thumbnail","7":"category-zonales","8":"category-sociedad"},"yoast_head":"<title>Venezolano lleg\u00f3 a Ram\u00edrez y sue\u00f1a con trabajar para traer a su familia - Informe Litoral<\/title>\n<meta name=\"robots\" content=\"index, follow, max-snippet:-1, max-image-preview:large, max-video-preview:-1\" \/>\n<link rel=\"canonical\" href=\"https:\/\/informelitoral.com.ar\/venezolano-llego-a-ramirez-y-suena-con-trabajar-para-traer-a-su-familia\/\" \/>\n<meta property=\"og:locale\" content=\"es_ES\" \/>\n<meta property=\"og:type\" content=\"article\" \/>\n<meta property=\"og:title\" content=\"Venezolano lleg\u00f3 a Ram\u00edrez y sue\u00f1a con trabajar para traer a su familia - Informe Litoral\" \/>\n<meta property=\"og:description\" content=\"Jaison Hern\u00e1ndez es coach internacional. Dej\u00f3 su tierra por la inestabilidad pol\u00edtica y social. Su esposa y sus hijos a\u00fan permanecen en su pa\u00eds.\" \/>\n<meta property=\"og:url\" content=\"https:\/\/informelitoral.com.ar\/venezolano-llego-a-ramirez-y-suena-con-trabajar-para-traer-a-su-familia\/\" \/>\n<meta property=\"og:site_name\" content=\"Informe Litoral\" \/>\n<meta property=\"article:publisher\" content=\"https:\/\/www.facebook.com\/informelitoral\/\" \/>\n<meta property=\"article:published_time\" content=\"2018-05-14T21:17:27+00:00\" \/>\n<meta property=\"article:modified_time\" content=\"2018-05-14T21:19:56+00:00\" \/>\n<meta property=\"og:image\" content=\"https:\/\/informelitoral.com.ar\/%77%70%2d%63%6f%6e%74%65%6e%74\/uploads\/2018\/05\/0023495704.jpg\" \/>\n\t<meta property=\"og:image:width\" content=\"642\" \/>\n\t<meta property=\"og:image:height\" content=\"481\" \/>\n\t<meta property=\"og:image:type\" content=\"image\/jpeg\" \/>\n<meta name=\"author\" content=\"Gonzalo Schmidt\" \/>\n<meta name=\"twitter:card\" content=\"summary_large_image\" \/>\n<meta name=\"twitter:creator\" content=\"@InformeLitoral\" \/>\n<meta name=\"twitter:site\" content=\"@InformeLitoral\" \/>\n<meta name=\"twitter:label1\" content=\"Escrito por\" \/>\n\t<meta name=\"twitter:data1\" content=\"Gonzalo Schmidt\" \/>\n\t<meta name=\"twitter:label2\" content=\"Tiempo de lectura\" \/>\n\t<meta name=\"twitter:data2\" content=\"6 minutos\" \/>\n<script type=\"application\/ld+json\" class=\"yoast-schema-graph\">{\"@context\":\"https:\\\/\\\/schema.org\",\"@graph\":[{\"@type\":\"Article\",\"@id\":\"https:\\\/\\\/informelitoral.com.ar\\\/venezolano-llego-a-ramirez-y-suena-con-trabajar-para-traer-a-su-familia\\\/#article\",\"isPartOf\":{\"@id\":\"https:\\\/\\\/informelitoral.com.ar\\\/venezolano-llego-a-ramirez-y-suena-con-trabajar-para-traer-a-su-familia\\\/\"},\"author\":{\"name\":\"Gonzalo Schmidt\",\"@id\":\"https:\\\/\\\/informelitoral.com.ar\\\/#\\\/schema\\\/person\\\/b9d00407c836482871ef1d57bf8e3180\"},\"headline\":\"Venezolano lleg\u00f3 a Ram\u00edrez y sue\u00f1a con trabajar para traer a su familia\",\"datePublished\":\"2018-05-14T21:17:27+00:00\",\"dateModified\":\"2018-05-14T21:19:56+00:00\",\"mainEntityOfPage\":{\"@id\":\"https:\\\/\\\/informelitoral.com.ar\\\/venezolano-llego-a-ramirez-y-suena-con-trabajar-para-traer-a-su-familia\\\/\"},\"wordCount\":1259,\"commentCount\":0,\"publisher\":{\"@id\":\"https:\\\/\\\/informelitoral.com.ar\\\/#organization\"},\"image\":{\"@id\":\"https:\\\/\\\/informelitoral.com.ar\\\/venezolano-llego-a-ramirez-y-suena-con-trabajar-para-traer-a-su-familia\\\/#primaryimage\"},\"thumbnailUrl\":\"https:\\\/\\\/informelitoral.com.ar\\\/%77%70%2d%63%6f%6e%74%65%6e%74\\\/uploads\\\/2018\\\/05\\\/0023495704.jpg\",\"articleSection\":[\"Departamento Diamante\",\"Sociedad\"],\"inLanguage\":\"es\",\"potentialAction\":[{\"@type\":\"CommentAction\",\"name\":\"Comment\",\"target\":[\"https:\\\/\\\/informelitoral.com.ar\\\/venezolano-llego-a-ramirez-y-suena-con-trabajar-para-traer-a-su-familia\\\/#respond\"]}]},{\"@type\":\"WebPage\",\"@id\":\"https:\\\/\\\/informelitoral.com.ar\\\/venezolano-llego-a-ramirez-y-suena-con-trabajar-para-traer-a-su-familia\\\/\",\"url\":\"https:\\\/\\\/informelitoral.com.ar\\\/venezolano-llego-a-ramirez-y-suena-con-trabajar-para-traer-a-su-familia\\\/\",\"name\":\"Venezolano lleg\u00f3 a Ram\u00edrez y sue\u00f1a con trabajar para traer a su familia - Informe Litoral\",\"isPartOf\":{\"@id\":\"https:\\\/\\\/informelitoral.com.ar\\\/#website\"},\"primaryImageOfPage\":{\"@id\":\"https:\\\/\\\/informelitoral.com.ar\\\/venezolano-llego-a-ramirez-y-suena-con-trabajar-para-traer-a-su-familia\\\/#primaryimage\"},\"image\":{\"@id\":\"https:\\\/\\\/informelitoral.com.ar\\\/venezolano-llego-a-ramirez-y-suena-con-trabajar-para-traer-a-su-familia\\\/#primaryimage\"},\"thumbnailUrl\":\"https:\\\/\\\/informelitoral.com.ar\\\/%77%70%2d%63%6f%6e%74%65%6e%74\\\/uploads\\\/2018\\\/05\\\/0023495704.jpg\",\"datePublished\":\"2018-05-14T21:17:27+00:00\",\"dateModified\":\"2018-05-14T21:19:56+00:00\",\"breadcrumb\":{\"@id\":\"https:\\\/\\\/informelitoral.com.ar\\\/venezolano-llego-a-ramirez-y-suena-con-trabajar-para-traer-a-su-familia\\\/#breadcrumb\"},\"inLanguage\":\"es\",\"potentialAction\":[{\"@type\":\"ReadAction\",\"target\":[\"https:\\\/\\\/informelitoral.com.ar\\\/venezolano-llego-a-ramirez-y-suena-con-trabajar-para-traer-a-su-familia\\\/\"]}]},{\"@type\":\"ImageObject\",\"inLanguage\":\"es\",\"@id\":\"https:\\\/\\\/informelitoral.com.ar\\\/venezolano-llego-a-ramirez-y-suena-con-trabajar-para-traer-a-su-familia\\\/#primaryimage\",\"url\":\"https:\\\/\\\/informelitoral.com.ar\\\/%77%70%2d%63%6f%6e%74%65%6e%74\\\/uploads\\\/2018\\\/05\\\/0023495704.jpg\",\"contentUrl\":\"https:\\\/\\\/informelitoral.com.ar\\\/%77%70%2d%63%6f%6e%74%65%6e%74\\\/uploads\\\/2018\\\/05\\\/0023495704.jpg\",\"width\":642,\"height\":481},{\"@type\":\"BreadcrumbList\",\"@id\":\"https:\\\/\\\/informelitoral.com.ar\\\/venezolano-llego-a-ramirez-y-suena-con-trabajar-para-traer-a-su-familia\\\/#breadcrumb\",\"itemListElement\":[{\"@type\":\"ListItem\",\"position\":1,\"name\":\"Portada\",\"item\":\"https:\\\/\\\/informelitoral.com.ar\\\/\"},{\"@type\":\"ListItem\",\"position\":2,\"name\":\"Venezolano lleg\u00f3 a Ram\u00edrez y sue\u00f1a con trabajar para traer a su familia\"}]},{\"@type\":\"WebSite\",\"@id\":\"https:\\\/\\\/informelitoral.com.ar\\\/#website\",\"url\":\"https:\\\/\\\/informelitoral.com.ar\\\/\",\"name\":\"Informe Litoral\",\"description\":\"&quot;Nos informamos&quot; \",\"publisher\":{\"@id\":\"https:\\\/\\\/informelitoral.com.ar\\\/#organization\"},\"potentialAction\":[{\"@type\":\"SearchAction\",\"target\":{\"@type\":\"EntryPoint\",\"urlTemplate\":\"https:\\\/\\\/informelitoral.com.ar\\\/?s={search_term_string}\"},\"query-input\":{\"@type\":\"PropertyValueSpecification\",\"valueRequired\":true,\"valueName\":\"search_term_string\"}}],\"inLanguage\":\"es\"},{\"@type\":\"Organization\",\"@id\":\"https:\\\/\\\/informelitoral.com.ar\\\/#organization\",\"name\":\"Informe Litoral\",\"url\":\"https:\\\/\\\/informelitoral.com.ar\\\/\",\"logo\":{\"@type\":\"ImageObject\",\"inLanguage\":\"es\",\"@id\":\"https:\\\/\\\/informelitoral.com.ar\\\/#\\\/schema\\\/logo\\\/image\\\/\",\"url\":\"https:\\\/\\\/informelitoral.com.ar\\\/%77%70%2d%63%6f%6e%74%65%6e%74\\\/uploads\\\/2021\\\/01\\\/circulo.png\",\"contentUrl\":\"https:\\\/\\\/informelitoral.com.ar\\\/%77%70%2d%63%6f%6e%74%65%6e%74\\\/uploads\\\/2021\\\/01\\\/circulo.png\",\"width\":723,\"height\":731,\"caption\":\"Informe Litoral\"},\"image\":{\"@id\":\"https:\\\/\\\/informelitoral.com.ar\\\/#\\\/schema\\\/logo\\\/image\\\/\"},\"sameAs\":[\"https:\\\/\\\/www.facebook.com\\\/informelitoral\\\/\",\"https:\\\/\\\/x.com\\\/InformeLitoral\",\"https:\\\/\\\/www.instagram.com\\\/informelitoral\\\/\",\"https:\\\/\\\/www.youtube.com\\\/channel\\\/UCua4Qvz8Icb6MYqhoq9xLXw\"]},{\"@type\":\"Person\",\"@id\":\"https:\\\/\\\/informelitoral.com.ar\\\/#\\\/schema\\\/person\\\/b9d00407c836482871ef1d57bf8e3180\",\"name\":\"Gonzalo Schmidt\",\"image\":{\"@type\":\"ImageObject\",\"inLanguage\":\"es\",\"@id\":\"https:\\\/\\\/secure.gravatar.com\\\/avatar\\\/31a1a7b66ff2de83bd0e9fd79d026630d2d99e55e8bfe501287647b4fd9743de?s=96&d=mm&r=g\",\"url\":\"https:\\\/\\\/secure.gravatar.com\\\/avatar\\\/31a1a7b66ff2de83bd0e9fd79d026630d2d99e55e8bfe501287647b4fd9743de?s=96&d=mm&r=g\",\"contentUrl\":\"https:\\\/\\\/secure.gravatar.com\\\/avatar\\\/31a1a7b66ff2de83bd0e9fd79d026630d2d99e55e8bfe501287647b4fd9743de?s=96&d=mm&r=g\",\"caption\":\"Gonzalo Schmidt\"},\"description\":\"Sitio web de noticias de la provincia de Entre R\u00edos, Argentina. Informaci\u00f3n y entretenimiento. Informe Litoral, nos informamos.\",\"sameAs\":[\"http:\\\/\\\/www.isletasnoticias.com.ar\"],\"url\":\"https:\\\/\\\/informelitoral.com.ar\\\/author\\\/gonzalo\\\/\"}]}<\/script>","yoast_head_json":{"title":"Venezolano lleg\u00f3 a Ram\u00edrez y sue\u00f1a con trabajar para traer a su familia - Informe Litoral","robots":{"index":"index","follow":"follow","max-snippet":"max-snippet:-1","max-image-preview":"max-image-preview:large","max-video-preview":"max-video-preview:-1"},"canonical":"https:\/\/informelitoral.com.ar\/venezolano-llego-a-ramirez-y-suena-con-trabajar-para-traer-a-su-familia\/","og_locale":"es_ES","og_type":"article","og_title":"Venezolano lleg\u00f3 a Ram\u00edrez y sue\u00f1a con trabajar para traer a su familia - Informe Litoral","og_description":"Jaison Hern\u00e1ndez es coach internacional. Dej\u00f3 su tierra por la inestabilidad pol\u00edtica y social. Su esposa y sus hijos a\u00fan permanecen en su pa\u00eds.","og_url":"https:\/\/informelitoral.com.ar\/venezolano-llego-a-ramirez-y-suena-con-trabajar-para-traer-a-su-familia\/","og_site_name":"Informe Litoral","article_publisher":"https:\/\/www.facebook.com\/informelitoral\/","article_published_time":"2018-05-14T21:17:27+00:00","article_modified_time":"2018-05-14T21:19:56+00:00","og_image":[{"width":642,"height":481,"url":"https:\/\/informelitoral.com.ar\/%77%70%2d%63%6f%6e%74%65%6e%74\/uploads\/2018\/05\/0023495704.jpg","type":"image\/jpeg"}],"author":"Gonzalo Schmidt","twitter_card":"summary_large_image","twitter_creator":"@InformeLitoral","twitter_site":"@InformeLitoral","twitter_misc":{"Escrito por":"Gonzalo Schmidt","Tiempo de lectura":"6 minutos"},"schema":{"@context":"https:\/\/schema.org","@graph":[{"@type":"Article","@id":"https:\/\/informelitoral.com.ar\/venezolano-llego-a-ramirez-y-suena-con-trabajar-para-traer-a-su-familia\/#article","isPartOf":{"@id":"https:\/\/informelitoral.com.ar\/venezolano-llego-a-ramirez-y-suena-con-trabajar-para-traer-a-su-familia\/"},"author":{"name":"Gonzalo Schmidt","@id":"https:\/\/informelitoral.com.ar\/#\/schema\/person\/b9d00407c836482871ef1d57bf8e3180"},"headline":"Venezolano lleg\u00f3 a Ram\u00edrez y sue\u00f1a con trabajar para traer a su familia","datePublished":"2018-05-14T21:17:27+00:00","dateModified":"2018-05-14T21:19:56+00:00","mainEntityOfPage":{"@id":"https:\/\/informelitoral.com.ar\/venezolano-llego-a-ramirez-y-suena-con-trabajar-para-traer-a-su-familia\/"},"wordCount":1259,"commentCount":0,"publisher":{"@id":"https:\/\/informelitoral.com.ar\/#organization"},"image":{"@id":"https:\/\/informelitoral.com.ar\/venezolano-llego-a-ramirez-y-suena-con-trabajar-para-traer-a-su-familia\/#primaryimage"},"thumbnailUrl":"https:\/\/informelitoral.com.ar\/%77%70%2d%63%6f%6e%74%65%6e%74\/uploads\/2018\/05\/0023495704.jpg","articleSection":["Departamento Diamante","Sociedad"],"inLanguage":"es","potentialAction":[{"@type":"CommentAction","name":"Comment","target":["https:\/\/informelitoral.com.ar\/venezolano-llego-a-ramirez-y-suena-con-trabajar-para-traer-a-su-familia\/#respond"]}]},{"@type":"WebPage","@id":"https:\/\/informelitoral.com.ar\/venezolano-llego-a-ramirez-y-suena-con-trabajar-para-traer-a-su-familia\/","url":"https:\/\/informelitoral.com.ar\/venezolano-llego-a-ramirez-y-suena-con-trabajar-para-traer-a-su-familia\/","name":"Venezolano lleg\u00f3 a Ram\u00edrez y sue\u00f1a con trabajar para traer a su familia - Informe Litoral","isPartOf":{"@id":"https:\/\/informelitoral.com.ar\/#website"},"primaryImageOfPage":{"@id":"https:\/\/informelitoral.com.ar\/venezolano-llego-a-ramirez-y-suena-con-trabajar-para-traer-a-su-familia\/#primaryimage"},"image":{"@id":"https:\/\/informelitoral.com.ar\/venezolano-llego-a-ramirez-y-suena-con-trabajar-para-traer-a-su-familia\/#primaryimage"},"thumbnailUrl":"https:\/\/informelitoral.com.ar\/%77%70%2d%63%6f%6e%74%65%6e%74\/uploads\/2018\/05\/0023495704.jpg","datePublished":"2018-05-14T21:17:27+00:00","dateModified":"2018-05-14T21:19:56+00:00","breadcrumb":{"@id":"https:\/\/informelitoral.com.ar\/venezolano-llego-a-ramirez-y-suena-con-trabajar-para-traer-a-su-familia\/#breadcrumb"},"inLanguage":"es","potentialAction":[{"@type":"ReadAction","target":["https:\/\/informelitoral.com.ar\/venezolano-llego-a-ramirez-y-suena-con-trabajar-para-traer-a-su-familia\/"]}]},{"@type":"ImageObject","inLanguage":"es","@id":"https:\/\/informelitoral.com.ar\/venezolano-llego-a-ramirez-y-suena-con-trabajar-para-traer-a-su-familia\/#primaryimage","url":"https:\/\/informelitoral.com.ar\/%77%70%2d%63%6f%6e%74%65%6e%74\/uploads\/2018\/05\/0023495704.jpg","contentUrl":"https:\/\/informelitoral.com.ar\/%77%70%2d%63%6f%6e%74%65%6e%74\/uploads\/2018\/05\/0023495704.jpg","width":642,"height":481},{"@type":"BreadcrumbList","@id":"https:\/\/informelitoral.com.ar\/venezolano-llego-a-ramirez-y-suena-con-trabajar-para-traer-a-su-familia\/#breadcrumb","itemListElement":[{"@type":"ListItem","position":1,"name":"Portada","item":"https:\/\/informelitoral.com.ar\/"},{"@type":"ListItem","position":2,"name":"Venezolano lleg\u00f3 a Ram\u00edrez y sue\u00f1a con trabajar para traer a su familia"}]},{"@type":"WebSite","@id":"https:\/\/informelitoral.com.ar\/#website","url":"https:\/\/informelitoral.com.ar\/","name":"Informe Litoral","description":"&quot;Nos informamos&quot; ","publisher":{"@id":"https:\/\/informelitoral.com.ar\/#organization"},"potentialAction":[{"@type":"SearchAction","target":{"@type":"EntryPoint","urlTemplate":"https:\/\/informelitoral.com.ar\/?s={search_term_string}"},"query-input":{"@type":"PropertyValueSpecification","valueRequired":true,"valueName":"search_term_string"}}],"inLanguage":"es"},{"@type":"Organization","@id":"https:\/\/informelitoral.com.ar\/#organization","name":"Informe Litoral","url":"https:\/\/informelitoral.com.ar\/","logo":{"@type":"ImageObject","inLanguage":"es","@id":"https:\/\/informelitoral.com.ar\/#\/schema\/logo\/image\/","url":"https:\/\/informelitoral.com.ar\/%77%70%2d%63%6f%6e%74%65%6e%74\/uploads\/2021\/01\/circulo.png","contentUrl":"https:\/\/informelitoral.com.ar\/%77%70%2d%63%6f%6e%74%65%6e%74\/uploads\/2021\/01\/circulo.png","width":723,"height":731,"caption":"Informe Litoral"},"image":{"@id":"https:\/\/informelitoral.com.ar\/#\/schema\/logo\/image\/"},"sameAs":["https:\/\/www.facebook.com\/informelitoral\/","https:\/\/x.com\/InformeLitoral","https:\/\/www.instagram.com\/informelitoral\/","https:\/\/www.youtube.com\/channel\/UCua4Qvz8Icb6MYqhoq9xLXw"]},{"@type":"Person","@id":"https:\/\/informelitoral.com.ar\/#\/schema\/person\/b9d00407c836482871ef1d57bf8e3180","name":"Gonzalo Schmidt","image":{"@type":"ImageObject","inLanguage":"es","@id":"https:\/\/secure.gravatar.com\/avatar\/31a1a7b66ff2de83bd0e9fd79d026630d2d99e55e8bfe501287647b4fd9743de?s=96&d=mm&r=g","url":"https:\/\/secure.gravatar.com\/avatar\/31a1a7b66ff2de83bd0e9fd79d026630d2d99e55e8bfe501287647b4fd9743de?s=96&d=mm&r=g","contentUrl":"https:\/\/secure.gravatar.com\/avatar\/31a1a7b66ff2de83bd0e9fd79d026630d2d99e55e8bfe501287647b4fd9743de?s=96&d=mm&r=g","caption":"Gonzalo Schmidt"},"description":"Sitio web de noticias de la provincia de Entre R\u00edos, Argentina. Informaci\u00f3n y entretenimiento. Informe Litoral, nos informamos.","sameAs":["http:\/\/www.isletasnoticias.com.ar"],"url":"https:\/\/informelitoral.com.ar\/author\/gonzalo\/"}]}},"_links":{"self":[{"href":"https:\/\/informelitoral.com.ar\/%77%70%2d%6a%73%6f%6e\/wp\/v2\/posts\/26712","targetHints":{"allow":["GET"]}}],"collection":[{"href":"https:\/\/informelitoral.com.ar\/%77%70%2d%6a%73%6f%6e\/wp\/v2\/posts"}],"about":[{"href":"https:\/\/informelitoral.com.ar\/%77%70%2d%6a%73%6f%6e\/wp\/v2\/types\/post"}],"author":[{"embeddable":true,"href":"https:\/\/informelitoral.com.ar\/%77%70%2d%6a%73%6f%6e\/wp\/v2\/users\/2"}],"replies":[{"embeddable":true,"href":"https:\/\/informelitoral.com.ar\/%77%70%2d%6a%73%6f%6e\/wp\/v2\/comments?post=26712"}],"version-history":[{"count":0,"href":"https:\/\/informelitoral.com.ar\/%77%70%2d%6a%73%6f%6e\/wp\/v2\/posts\/26712\/revisions"}],"wp:featuredmedia":[{"embeddable":true,"href":"https:\/\/informelitoral.com.ar\/%77%70%2d%6a%73%6f%6e\/wp\/v2\/media\/26713"}],"wp:attachment":[{"href":"https:\/\/informelitoral.com.ar\/%77%70%2d%6a%73%6f%6e\/wp\/v2\/media?parent=26712"}],"wp:term":[{"taxonomy":"category","embeddable":true,"href":"https:\/\/informelitoral.com.ar\/%77%70%2d%6a%73%6f%6e\/wp\/v2\/categories?post=26712"},{"taxonomy":"post_tag","embeddable":true,"href":"https:\/\/informelitoral.com.ar\/%77%70%2d%6a%73%6f%6e\/wp\/v2\/tags?post=26712"}],"curies":[{"name":"wp","href":"https:\/\/api.w.org\/{rel}","templated":true}]}}