{"id":265,"date":"2013-03-14T21:55:49","date_gmt":"2013-03-15T00:55:49","guid":{"rendered":"http:\/\/www.isletasnoticias.com.ar\/?p=265"},"modified":"2013-03-14T21:58:50","modified_gmt":"2013-03-15T00:58:50","slug":"riquelme-se-convirtio-en-el-maximo-goleador-de-boca-en-la-historia-de-la-libertadores","status":"publish","type":"post","link":"https:\/\/informelitoral.com.ar\/riquelme-se-convirtio-en-el-maximo-goleador-de-boca-en-la-historia-de-la-libertadores\/","title":{"rendered":"Riquelme se convirti\u00f3 en el m\u00e1ximo goleador de Boca en la historia de la Libertadores"},"content":{"rendered":"<p><strong><em>Rom\u00e1n<\/em> anot\u00f3 de penal ante Nacional; la \u00faltima vez que lo hab\u00eda hecho por Copa fue en aquel golazo ante Uni\u00f3n Espa\u00f1ola; super\u00f3 a Palermo y se convirti\u00f3 en el m\u00e1ximo goleador xeneize del certamen.<\/strong><\/p>\n<p><a href=\"http:\/\/www.isletasnoticias.com.ar\/%77%70%2d%63%6f%6e%74%65%6e%74\/uploads\/2013\/03\/ric.jpg\"><img loading=\"lazy\" decoding=\"async\" class=\"size-medium wp-image-266 alignright\" alt=\"ric\" src=\"http:\/\/www.isletasnoticias.com.ar\/%77%70%2d%63%6f%6e%74%65%6e%74\/uploads\/2013\/03\/ric-300x225.jpg\" width=\"300\" height=\"225\" srcset=\"https:\/\/informelitoral.com.ar\/%77%70%2d%63%6f%6e%74%65%6e%74\/uploads\/2013\/03\/ric-300x225.jpg 300w, https:\/\/informelitoral.com.ar\/%77%70%2d%63%6f%6e%74%65%6e%74\/uploads\/2013\/03\/ric.jpg 432w\" sizes=\"auto, (max-width: 300px) 100vw, 300px\" \/><\/a><\/p>\n<p><span style=\"color: #0000ee;\">\u00a0<\/span>En la memoria del hincha xeneize qued\u00f3 grabado aquel gol ante Uni\u00f3n Espa\u00f1ola\u00a0en Chile, en la victoria de Boca por 3-2. <strong>Juan Rom\u00e1n Riquelme<\/strong> dej\u00f3 dos hombres en el camino y anot\u00f3 el tercero. Fue su \u00faltimo gol en Copa Libertadores, el 9 de mayo de 2012. Hoy convirti\u00f3 el n\u00b024 en el torneo continental, super\u00f3 a <strong>Mart\u00edn Palermo<\/strong>, y se convirti\u00f3 en el m\u00e1ximo goleador xeneize en Libertadores.<\/p>\n<p>El \u00faltimo gol. Ante Deportivo Merlo, por las<em id=\"__mceDel\"> <\/em>semifinales de la Copa Argentina, el 3 de junio de 2012, Riquelme hab\u00eda hecho su \u00faltimo gol con la camiseta xeneize, de tiro libre.<\/p>\n<p>Fuente: Elonce.com<\/p>\n","protected":false},"excerpt":{"rendered":"<p>Rom&aacute;n anot&oacute; de penal ante Nacional; la &uacute;ltima vez que lo hab&iacute;a hecho por Copa fue en aquel golazo ante Uni&oacute;n Espa&ntilde;ola; super&oacute; a Palermo y se convirti&oacute; en el m&aacute;ximo goleador xeneize del certamen. &nbsp;En la memoria del hincha xeneize qued&oacute; grabado aquel gol ante Uni&oacute;n Espa&ntilde;ola&nbsp;en Chile, en la victoria de Boca por [&hellip;]<\/p>\n","protected":false},"author":2,"featured_media":0,"comment_status":"open","ping_status":"open","sticky":false,"template":"","format":"standard","meta":{"fifu_image_url":"","fifu_image_alt":"","footnotes":""},"categories":[13],"tags":[],"class_list":{"0":"post-265","1":"post","2":"type-post","3":"status-publish","4":"format-standard","6":"category-deportes"},"yoast_head":"<title>Riquelme se convirti\u00f3 en el m\u00e1ximo goleador de Boca en la historia de la Libertadores - Informe Litoral<\/title>\n<meta name=\"robots\" content=\"index, follow, max-snippet:-1, max-image-preview:large, max-video-preview:-1\" \/>\n<link rel=\"canonical\" href=\"https:\/\/informelitoral.com.ar\/riquelme-se-convirtio-en-el-maximo-goleador-de-boca-en-la-historia-de-la-libertadores\/\" \/>\n<meta property=\"og:locale\" content=\"es_ES\" \/>\n<meta property=\"og:type\" content=\"article\" \/>\n<meta property=\"og:title\" content=\"Riquelme se convirti\u00f3 en el m\u00e1ximo goleador de Boca en la historia de la Libertadores - Informe Litoral\" \/>\n<meta property=\"og:description\" content=\"Rom&aacute;n anot&oacute; de penal ante Nacional; la &uacute;ltima vez que lo hab&iacute;a hecho por Copa fue en aquel golazo ante Uni&oacute;n Espa&ntilde;ola; super&oacute; a Palermo y se convirti&oacute; en el m&aacute;ximo goleador xeneize del certamen. &nbsp;En la memoria del hincha xeneize qued&oacute; grabado aquel gol ante Uni&oacute;n Espa&ntilde;ola&nbsp;en Chile, en la victoria de Boca por [&hellip;]\" \/>\n<meta property=\"og:url\" content=\"https:\/\/informelitoral.com.ar\/riquelme-se-convirtio-en-el-maximo-goleador-de-boca-en-la-historia-de-la-libertadores\/\" \/>\n<meta property=\"og:site_name\" content=\"Informe Litoral\" \/>\n<meta property=\"article:publisher\" content=\"https:\/\/www.facebook.com\/informelitoral\/\" \/>\n<meta property=\"article:published_time\" content=\"2013-03-15T00:55:49+00:00\" \/>\n<meta property=\"article:modified_time\" content=\"2013-03-15T00:58:50+00:00\" \/>\n<meta property=\"og:image\" content=\"https:\/\/informelitoral.com.ar\/%77%70%2d%63%6f%6e%74%65%6e%74\/uploads\/2013\/03\/ric.jpg\" \/>\n\t<meta property=\"og:image:width\" content=\"432\" \/>\n\t<meta property=\"og:image:height\" content=\"324\" \/>\n\t<meta property=\"og:image:type\" content=\"image\/jpeg\" \/>\n<meta name=\"author\" content=\"Gonzalo Schmidt\" \/>\n<meta name=\"twitter:card\" content=\"summary_large_image\" \/>\n<meta name=\"twitter:creator\" content=\"@InformeLitoral\" \/>\n<meta name=\"twitter:site\" content=\"@InformeLitoral\" \/>\n<meta name=\"twitter:label1\" content=\"Escrito por\" \/>\n\t<meta name=\"twitter:data1\" content=\"Gonzalo Schmidt\" \/>\n\t<meta name=\"twitter:label2\" content=\"Tiempo de lectura\" \/>\n\t<meta name=\"twitter:data2\" content=\"1 minuto\" \/>\n<script type=\"application\/ld+json\" class=\"yoast-schema-graph\">{\"@context\":\"https:\\\/\\\/schema.org\",\"@graph\":[{\"@type\":\"Article\",\"@id\":\"https:\\\/\\\/informelitoral.com.ar\\\/riquelme-se-convirtio-en-el-maximo-goleador-de-boca-en-la-historia-de-la-libertadores\\\/#article\",\"isPartOf\":{\"@id\":\"https:\\\/\\\/informelitoral.com.ar\\\/riquelme-se-convirtio-en-el-maximo-goleador-de-boca-en-la-historia-de-la-libertadores\\\/\"},\"author\":{\"name\":\"Gonzalo Schmidt\",\"@id\":\"https:\\\/\\\/informelitoral.com.ar\\\/#\\\/schema\\\/person\\\/b9d00407c836482871ef1d57bf8e3180\"},\"headline\":\"Riquelme se convirti\u00f3 en el m\u00e1ximo goleador de Boca en la historia de la Libertadores\",\"datePublished\":\"2013-03-15T00:55:49+00:00\",\"dateModified\":\"2013-03-15T00:58:50+00:00\",\"mainEntityOfPage\":{\"@id\":\"https:\\\/\\\/informelitoral.com.ar\\\/riquelme-se-convirtio-en-el-maximo-goleador-de-boca-en-la-historia-de-la-libertadores\\\/\"},\"wordCount\":163,\"commentCount\":0,\"publisher\":{\"@id\":\"https:\\\/\\\/informelitoral.com.ar\\\/#organization\"},\"image\":{\"@id\":\"https:\\\/\\\/informelitoral.com.ar\\\/riquelme-se-convirtio-en-el-maximo-goleador-de-boca-en-la-historia-de-la-libertadores\\\/#primaryimage\"},\"thumbnailUrl\":\"http:\\\/\\\/www.isletasnoticias.com.ar\\\/%77%70%2d%63%6f%6e%74%65%6e%74\\\/uploads\\\/2013\\\/03\\\/ric-300x225.jpg\",\"articleSection\":[\"Deportes\"],\"inLanguage\":\"es\",\"potentialAction\":[{\"@type\":\"CommentAction\",\"name\":\"Comment\",\"target\":[\"https:\\\/\\\/informelitoral.com.ar\\\/riquelme-se-convirtio-en-el-maximo-goleador-de-boca-en-la-historia-de-la-libertadores\\\/#respond\"]}]},{\"@type\":\"WebPage\",\"@id\":\"https:\\\/\\\/informelitoral.com.ar\\\/riquelme-se-convirtio-en-el-maximo-goleador-de-boca-en-la-historia-de-la-libertadores\\\/\",\"url\":\"https:\\\/\\\/informelitoral.com.ar\\\/riquelme-se-convirtio-en-el-maximo-goleador-de-boca-en-la-historia-de-la-libertadores\\\/\",\"name\":\"Riquelme se convirti\u00f3 en el m\u00e1ximo goleador de Boca en la historia de la Libertadores - Informe Litoral\",\"isPartOf\":{\"@id\":\"https:\\\/\\\/informelitoral.com.ar\\\/#website\"},\"primaryImageOfPage\":{\"@id\":\"https:\\\/\\\/informelitoral.com.ar\\\/riquelme-se-convirtio-en-el-maximo-goleador-de-boca-en-la-historia-de-la-libertadores\\\/#primaryimage\"},\"image\":{\"@id\":\"https:\\\/\\\/informelitoral.com.ar\\\/riquelme-se-convirtio-en-el-maximo-goleador-de-boca-en-la-historia-de-la-libertadores\\\/#primaryimage\"},\"thumbnailUrl\":\"http:\\\/\\\/www.isletasnoticias.com.ar\\\/%77%70%2d%63%6f%6e%74%65%6e%74\\\/uploads\\\/2013\\\/03\\\/ric-300x225.jpg\",\"datePublished\":\"2013-03-15T00:55:49+00:00\",\"dateModified\":\"2013-03-15T00:58:50+00:00\",\"breadcrumb\":{\"@id\":\"https:\\\/\\\/informelitoral.com.ar\\\/riquelme-se-convirtio-en-el-maximo-goleador-de-boca-en-la-historia-de-la-libertadores\\\/#breadcrumb\"},\"inLanguage\":\"es\",\"potentialAction\":[{\"@type\":\"ReadAction\",\"target\":[\"https:\\\/\\\/informelitoral.com.ar\\\/riquelme-se-convirtio-en-el-maximo-goleador-de-boca-en-la-historia-de-la-libertadores\\\/\"]}]},{\"@type\":\"ImageObject\",\"inLanguage\":\"es\",\"@id\":\"https:\\\/\\\/informelitoral.com.ar\\\/riquelme-se-convirtio-en-el-maximo-goleador-de-boca-en-la-historia-de-la-libertadores\\\/#primaryimage\",\"url\":\"http:\\\/\\\/www.isletasnoticias.com.ar\\\/%77%70%2d%63%6f%6e%74%65%6e%74\\\/uploads\\\/2013\\\/03\\\/ric-300x225.jpg\",\"contentUrl\":\"http:\\\/\\\/www.isletasnoticias.com.ar\\\/%77%70%2d%63%6f%6e%74%65%6e%74\\\/uploads\\\/2013\\\/03\\\/ric-300x225.jpg\"},{\"@type\":\"BreadcrumbList\",\"@id\":\"https:\\\/\\\/informelitoral.com.ar\\\/riquelme-se-convirtio-en-el-maximo-goleador-de-boca-en-la-historia-de-la-libertadores\\\/#breadcrumb\",\"itemListElement\":[{\"@type\":\"ListItem\",\"position\":1,\"name\":\"Portada\",\"item\":\"https:\\\/\\\/informelitoral.com.ar\\\/\"},{\"@type\":\"ListItem\",\"position\":2,\"name\":\"Riquelme se convirti\u00f3 en el m\u00e1ximo goleador de Boca en la historia de la Libertadores\"}]},{\"@type\":\"WebSite\",\"@id\":\"https:\\\/\\\/informelitoral.com.ar\\\/#website\",\"url\":\"https:\\\/\\\/informelitoral.com.ar\\\/\",\"name\":\"Informe Litoral\",\"description\":\"&quot;Nos informamos&quot; \",\"publisher\":{\"@id\":\"https:\\\/\\\/informelitoral.com.ar\\\/#organization\"},\"potentialAction\":[{\"@type\":\"SearchAction\",\"target\":{\"@type\":\"EntryPoint\",\"urlTemplate\":\"https:\\\/\\\/informelitoral.com.ar\\\/?s={search_term_string}\"},\"query-input\":{\"@type\":\"PropertyValueSpecification\",\"valueRequired\":true,\"valueName\":\"search_term_string\"}}],\"inLanguage\":\"es\"},{\"@type\":\"Organization\",\"@id\":\"https:\\\/\\\/informelitoral.com.ar\\\/#organization\",\"name\":\"Informe Litoral\",\"url\":\"https:\\\/\\\/informelitoral.com.ar\\\/\",\"logo\":{\"@type\":\"ImageObject\",\"inLanguage\":\"es\",\"@id\":\"https:\\\/\\\/informelitoral.com.ar\\\/#\\\/schema\\\/logo\\\/image\\\/\",\"url\":\"https:\\\/\\\/informelitoral.com.ar\\\/%77%70%2d%63%6f%6e%74%65%6e%74\\\/uploads\\\/2021\\\/01\\\/circulo.png\",\"contentUrl\":\"https:\\\/\\\/informelitoral.com.ar\\\/%77%70%2d%63%6f%6e%74%65%6e%74\\\/uploads\\\/2021\\\/01\\\/circulo.png\",\"width\":723,\"height\":731,\"caption\":\"Informe Litoral\"},\"image\":{\"@id\":\"https:\\\/\\\/informelitoral.com.ar\\\/#\\\/schema\\\/logo\\\/image\\\/\"},\"sameAs\":[\"https:\\\/\\\/www.facebook.com\\\/informelitoral\\\/\",\"https:\\\/\\\/x.com\\\/InformeLitoral\",\"https:\\\/\\\/www.instagram.com\\\/informelitoral\\\/\",\"https:\\\/\\\/www.youtube.com\\\/channel\\\/UCua4Qvz8Icb6MYqhoq9xLXw\"]},{\"@type\":\"Person\",\"@id\":\"https:\\\/\\\/informelitoral.com.ar\\\/#\\\/schema\\\/person\\\/b9d00407c836482871ef1d57bf8e3180\",\"name\":\"Gonzalo Schmidt\",\"image\":{\"@type\":\"ImageObject\",\"inLanguage\":\"es\",\"@id\":\"https:\\\/\\\/secure.gravatar.com\\\/avatar\\\/31a1a7b66ff2de83bd0e9fd79d026630d2d99e55e8bfe501287647b4fd9743de?s=96&d=mm&r=g\",\"url\":\"https:\\\/\\\/secure.gravatar.com\\\/avatar\\\/31a1a7b66ff2de83bd0e9fd79d026630d2d99e55e8bfe501287647b4fd9743de?s=96&d=mm&r=g\",\"contentUrl\":\"https:\\\/\\\/secure.gravatar.com\\\/avatar\\\/31a1a7b66ff2de83bd0e9fd79d026630d2d99e55e8bfe501287647b4fd9743de?s=96&d=mm&r=g\",\"caption\":\"Gonzalo Schmidt\"},\"description\":\"Sitio web de noticias de la provincia de Entre R\u00edos, Argentina. Informaci\u00f3n y entretenimiento. Informe Litoral, nos informamos.\",\"sameAs\":[\"http:\\\/\\\/www.isletasnoticias.com.ar\"],\"url\":\"https:\\\/\\\/informelitoral.com.ar\\\/author\\\/gonzalo\\\/\"}]}<\/script>","yoast_head_json":{"title":"Riquelme se convirti\u00f3 en el m\u00e1ximo goleador de Boca en la historia de la Libertadores - Informe Litoral","robots":{"index":"index","follow":"follow","max-snippet":"max-snippet:-1","max-image-preview":"max-image-preview:large","max-video-preview":"max-video-preview:-1"},"canonical":"https:\/\/informelitoral.com.ar\/riquelme-se-convirtio-en-el-maximo-goleador-de-boca-en-la-historia-de-la-libertadores\/","og_locale":"es_ES","og_type":"article","og_title":"Riquelme se convirti\u00f3 en el m\u00e1ximo goleador de Boca en la historia de la Libertadores - Informe Litoral","og_description":"Rom&aacute;n anot&oacute; de penal ante Nacional; la &uacute;ltima vez que lo hab&iacute;a hecho por Copa fue en aquel golazo ante Uni&oacute;n Espa&ntilde;ola; super&oacute; a Palermo y se convirti&oacute; en el m&aacute;ximo goleador xeneize del certamen. &nbsp;En la memoria del hincha xeneize qued&oacute; grabado aquel gol ante Uni&oacute;n Espa&ntilde;ola&nbsp;en Chile, en la victoria de Boca por [&hellip;]","og_url":"https:\/\/informelitoral.com.ar\/riquelme-se-convirtio-en-el-maximo-goleador-de-boca-en-la-historia-de-la-libertadores\/","og_site_name":"Informe Litoral","article_publisher":"https:\/\/www.facebook.com\/informelitoral\/","article_published_time":"2013-03-15T00:55:49+00:00","article_modified_time":"2013-03-15T00:58:50+00:00","og_image":[{"width":432,"height":324,"url":"https:\/\/informelitoral.com.ar\/%77%70%2d%63%6f%6e%74%65%6e%74\/uploads\/2013\/03\/ric.jpg","type":"image\/jpeg"}],"author":"Gonzalo Schmidt","twitter_card":"summary_large_image","twitter_creator":"@InformeLitoral","twitter_site":"@InformeLitoral","twitter_misc":{"Escrito por":"Gonzalo Schmidt","Tiempo de lectura":"1 minuto"},"schema":{"@context":"https:\/\/schema.org","@graph":[{"@type":"Article","@id":"https:\/\/informelitoral.com.ar\/riquelme-se-convirtio-en-el-maximo-goleador-de-boca-en-la-historia-de-la-libertadores\/#article","isPartOf":{"@id":"https:\/\/informelitoral.com.ar\/riquelme-se-convirtio-en-el-maximo-goleador-de-boca-en-la-historia-de-la-libertadores\/"},"author":{"name":"Gonzalo Schmidt","@id":"https:\/\/informelitoral.com.ar\/#\/schema\/person\/b9d00407c836482871ef1d57bf8e3180"},"headline":"Riquelme se convirti\u00f3 en el m\u00e1ximo goleador de Boca en la historia de la Libertadores","datePublished":"2013-03-15T00:55:49+00:00","dateModified":"2013-03-15T00:58:50+00:00","mainEntityOfPage":{"@id":"https:\/\/informelitoral.com.ar\/riquelme-se-convirtio-en-el-maximo-goleador-de-boca-en-la-historia-de-la-libertadores\/"},"wordCount":163,"commentCount":0,"publisher":{"@id":"https:\/\/informelitoral.com.ar\/#organization"},"image":{"@id":"https:\/\/informelitoral.com.ar\/riquelme-se-convirtio-en-el-maximo-goleador-de-boca-en-la-historia-de-la-libertadores\/#primaryimage"},"thumbnailUrl":"http:\/\/www.isletasnoticias.com.ar\/%77%70%2d%63%6f%6e%74%65%6e%74\/uploads\/2013\/03\/ric-300x225.jpg","articleSection":["Deportes"],"inLanguage":"es","potentialAction":[{"@type":"CommentAction","name":"Comment","target":["https:\/\/informelitoral.com.ar\/riquelme-se-convirtio-en-el-maximo-goleador-de-boca-en-la-historia-de-la-libertadores\/#respond"]}]},{"@type":"WebPage","@id":"https:\/\/informelitoral.com.ar\/riquelme-se-convirtio-en-el-maximo-goleador-de-boca-en-la-historia-de-la-libertadores\/","url":"https:\/\/informelitoral.com.ar\/riquelme-se-convirtio-en-el-maximo-goleador-de-boca-en-la-historia-de-la-libertadores\/","name":"Riquelme se convirti\u00f3 en el m\u00e1ximo goleador de Boca en la historia de la Libertadores - Informe Litoral","isPartOf":{"@id":"https:\/\/informelitoral.com.ar\/#website"},"primaryImageOfPage":{"@id":"https:\/\/informelitoral.com.ar\/riquelme-se-convirtio-en-el-maximo-goleador-de-boca-en-la-historia-de-la-libertadores\/#primaryimage"},"image":{"@id":"https:\/\/informelitoral.com.ar\/riquelme-se-convirtio-en-el-maximo-goleador-de-boca-en-la-historia-de-la-libertadores\/#primaryimage"},"thumbnailUrl":"http:\/\/www.isletasnoticias.com.ar\/%77%70%2d%63%6f%6e%74%65%6e%74\/uploads\/2013\/03\/ric-300x225.jpg","datePublished":"2013-03-15T00:55:49+00:00","dateModified":"2013-03-15T00:58:50+00:00","breadcrumb":{"@id":"https:\/\/informelitoral.com.ar\/riquelme-se-convirtio-en-el-maximo-goleador-de-boca-en-la-historia-de-la-libertadores\/#breadcrumb"},"inLanguage":"es","potentialAction":[{"@type":"ReadAction","target":["https:\/\/informelitoral.com.ar\/riquelme-se-convirtio-en-el-maximo-goleador-de-boca-en-la-historia-de-la-libertadores\/"]}]},{"@type":"ImageObject","inLanguage":"es","@id":"https:\/\/informelitoral.com.ar\/riquelme-se-convirtio-en-el-maximo-goleador-de-boca-en-la-historia-de-la-libertadores\/#primaryimage","url":"http:\/\/www.isletasnoticias.com.ar\/%77%70%2d%63%6f%6e%74%65%6e%74\/uploads\/2013\/03\/ric-300x225.jpg","contentUrl":"http:\/\/www.isletasnoticias.com.ar\/%77%70%2d%63%6f%6e%74%65%6e%74\/uploads\/2013\/03\/ric-300x225.jpg"},{"@type":"BreadcrumbList","@id":"https:\/\/informelitoral.com.ar\/riquelme-se-convirtio-en-el-maximo-goleador-de-boca-en-la-historia-de-la-libertadores\/#breadcrumb","itemListElement":[{"@type":"ListItem","position":1,"name":"Portada","item":"https:\/\/informelitoral.com.ar\/"},{"@type":"ListItem","position":2,"name":"Riquelme se convirti\u00f3 en el m\u00e1ximo goleador de Boca en la historia de la Libertadores"}]},{"@type":"WebSite","@id":"https:\/\/informelitoral.com.ar\/#website","url":"https:\/\/informelitoral.com.ar\/","name":"Informe Litoral","description":"&quot;Nos informamos&quot; ","publisher":{"@id":"https:\/\/informelitoral.com.ar\/#organization"},"potentialAction":[{"@type":"SearchAction","target":{"@type":"EntryPoint","urlTemplate":"https:\/\/informelitoral.com.ar\/?s={search_term_string}"},"query-input":{"@type":"PropertyValueSpecification","valueRequired":true,"valueName":"search_term_string"}}],"inLanguage":"es"},{"@type":"Organization","@id":"https:\/\/informelitoral.com.ar\/#organization","name":"Informe Litoral","url":"https:\/\/informelitoral.com.ar\/","logo":{"@type":"ImageObject","inLanguage":"es","@id":"https:\/\/informelitoral.com.ar\/#\/schema\/logo\/image\/","url":"https:\/\/informelitoral.com.ar\/%77%70%2d%63%6f%6e%74%65%6e%74\/uploads\/2021\/01\/circulo.png","contentUrl":"https:\/\/informelitoral.com.ar\/%77%70%2d%63%6f%6e%74%65%6e%74\/uploads\/2021\/01\/circulo.png","width":723,"height":731,"caption":"Informe Litoral"},"image":{"@id":"https:\/\/informelitoral.com.ar\/#\/schema\/logo\/image\/"},"sameAs":["https:\/\/www.facebook.com\/informelitoral\/","https:\/\/x.com\/InformeLitoral","https:\/\/www.instagram.com\/informelitoral\/","https:\/\/www.youtube.com\/channel\/UCua4Qvz8Icb6MYqhoq9xLXw"]},{"@type":"Person","@id":"https:\/\/informelitoral.com.ar\/#\/schema\/person\/b9d00407c836482871ef1d57bf8e3180","name":"Gonzalo Schmidt","image":{"@type":"ImageObject","inLanguage":"es","@id":"https:\/\/secure.gravatar.com\/avatar\/31a1a7b66ff2de83bd0e9fd79d026630d2d99e55e8bfe501287647b4fd9743de?s=96&d=mm&r=g","url":"https:\/\/secure.gravatar.com\/avatar\/31a1a7b66ff2de83bd0e9fd79d026630d2d99e55e8bfe501287647b4fd9743de?s=96&d=mm&r=g","contentUrl":"https:\/\/secure.gravatar.com\/avatar\/31a1a7b66ff2de83bd0e9fd79d026630d2d99e55e8bfe501287647b4fd9743de?s=96&d=mm&r=g","caption":"Gonzalo Schmidt"},"description":"Sitio web de noticias de la provincia de Entre R\u00edos, Argentina. Informaci\u00f3n y entretenimiento. Informe Litoral, nos informamos.","sameAs":["http:\/\/www.isletasnoticias.com.ar"],"url":"https:\/\/informelitoral.com.ar\/author\/gonzalo\/"}]}},"_links":{"self":[{"href":"https:\/\/informelitoral.com.ar\/%77%70%2d%6a%73%6f%6e\/wp\/v2\/posts\/265","targetHints":{"allow":["GET"]}}],"collection":[{"href":"https:\/\/informelitoral.com.ar\/%77%70%2d%6a%73%6f%6e\/wp\/v2\/posts"}],"about":[{"href":"https:\/\/informelitoral.com.ar\/%77%70%2d%6a%73%6f%6e\/wp\/v2\/types\/post"}],"author":[{"embeddable":true,"href":"https:\/\/informelitoral.com.ar\/%77%70%2d%6a%73%6f%6e\/wp\/v2\/users\/2"}],"replies":[{"embeddable":true,"href":"https:\/\/informelitoral.com.ar\/%77%70%2d%6a%73%6f%6e\/wp\/v2\/comments?post=265"}],"version-history":[{"count":0,"href":"https:\/\/informelitoral.com.ar\/%77%70%2d%6a%73%6f%6e\/wp\/v2\/posts\/265\/revisions"}],"wp:attachment":[{"href":"https:\/\/informelitoral.com.ar\/%77%70%2d%6a%73%6f%6e\/wp\/v2\/media?parent=265"}],"wp:term":[{"taxonomy":"category","embeddable":true,"href":"https:\/\/informelitoral.com.ar\/%77%70%2d%6a%73%6f%6e\/wp\/v2\/categories?post=265"},{"taxonomy":"post_tag","embeddable":true,"href":"https:\/\/informelitoral.com.ar\/%77%70%2d%6a%73%6f%6e\/wp\/v2\/tags?post=265"}],"curies":[{"name":"wp","href":"https:\/\/api.w.org\/{rel}","templated":true}]}}