{"id":26344,"date":"2018-04-19T10:28:08","date_gmt":"2018-04-19T13:28:08","guid":{"rendered":"https:\/\/www.isletasnoticias.com.ar\/?p=26344"},"modified":"2018-04-19T10:41:53","modified_gmt":"2018-04-19T13:41:53","slug":"monge-critico-algunos-puntos-de-la-reforma-politica","status":"publish","type":"post","link":"https:\/\/informelitoral.com.ar\/monge-critico-algunos-puntos-de-la-reforma-politica\/","title":{"rendered":"Monge critic\u00f3 algunos puntos de la reforma pol\u00edtica"},"content":{"rendered":"<div id=\"x_yui_3_16_0_ym19_1_1524089778317_40320\"><span id=\"x_yui_3_16_0_ym19_1_1524089778317_40319\">El diputado provincial, <strong>Jorge Monge (Cambiemos)<\/strong>, sostuvo que \u00ab<strong>la reforma electoral en Entre R\u00edos, mal llamada pol\u00edtica, contiene una clara delegaci\u00f3n de facultades constitucionales del poder Legislativo hacia el Ejecutivo<\/strong>, tropezando con el art\u00edculo 45 de la Constituci\u00f3n, que fulmina con nulidad toda delegaci\u00f3n de facultades\u00bb al opinar en sobre el proyecto impulsado en ese sentido por el Poder Ejecutivo.<\/span><\/div>\n<div><\/div>\n<div>Monge sostuvo que <strong>se debe hablar \u00abde los partidos pol\u00edticos, de la financiaci\u00f3n de las campa\u00f1as, del proceso de selecci\u00f3n de candidatos y de la emisi\u00f3n del voto y su posterior control<\/strong>. Es todo un proceso y ac\u00e1 el proyecto est\u00e1 rengo sobre el art\u00edculo 29 de la Constituci\u00f3n provincial\u00bb, dijo en relaci\u00f3n al proyecto de ley ingresado en el Senado a trav\u00e9s de declaraciones al programa <em>Cinco Esquinas de FM Costa Paran\u00e1<\/em>, el ex constituyente, autor del proyecto sobre el que se aprob\u00f3 el art\u00edculo 29 de la Constituci\u00f3n entrerriana.<\/div>\n<div><\/div>\n<div>Puntualiz\u00f3 luego que el proyecto consta de algunos art\u00edculos \u00abque son palmariamente inconstitucionales, como el 54 y 55. No dejan lugar a dudas que se est\u00e1 violando el texto constitucional. Nada m\u00e1s ni nada menos que con las fechas de elecciones.<strong> La Constituci\u00f3n de 2008 innov\u00f3 en este aspecto y estableci\u00f3 que es la Legislatura la que debe fijar la fecha, claramente no es una facultad personal del gobernador y ac\u00e1 el art\u00edculo 54 dice que el Poder Ejecutivo y en su defecto la Asamblea Legislativa son quienes fijan la fecha del acto electora<\/strong>l\u00bb, remarc\u00f3<\/div>\n<div><\/div>\n<div id=\"x_yui_3_16_0_ym19_1_1524089778317_40322\"><span id=\"x_yui_3_16_0_ym19_1_1524089778317_40321\">Y a\u00f1adi\u00f3: \u00abEl art\u00edculo siguiente, dice que el Ejecutivo fija la fecha y convoca a elecciones y que no va a tener plazos cuando la convocatoria sea mediante adhesi\u00f3n a la\u00a0<\/span><span id=\"x_yui_3_16_0_ym19_1_1524089778317_40323\">simultaneidad con las elecciones nacionales. Estos art\u00edculos avanzan en facultades de la zona de reserva exclusiva del Poder Legislativo\u00bb, consider\u00f3 el diputado radical.<\/span><\/div>\n<div><\/div>\n<div id=\"x_yui_3_16_0_ym19_1_1524089778317_40326\"><span id=\"x_yui_3_16_0_ym19_1_1524089778317_40325\"><b>Otros puntos<\/b><\/span><\/div>\n<div><span id=\"x_yui_3_16_0_ym19_1_1524089778317_40325\">En cuanto a la menci\u00f3n que se realiza de la <strong>Asamblea Legislativa<\/strong>, enfatiz\u00f3: \u00abLo que no entiendo es por qu\u00e9 est\u00e1 puesto ah\u00ed, salvo que lo hayan sacado de una ley de otra provincia. No tiene ning\u00fan sentido. La Asamblea Legislativa, que en rigor se la debe llamar Asamblea General, no tiene facultades legislativas a excepci\u00f3n de aprobar o desechar el veto del Ejecutivo sobre una ley, dado que el art. 133 establece que ambas c\u00e1maras s\u00f3lo se reunir\u00e1n para la apertura de sesiones, la asamblea de juramento de gobernador y vice, declarar la inhabilidad por alguna incapacidad de estos, la elecci\u00f3n de un gobernador en caso de acefal\u00eda y de tratar los vetos. No me explico c\u00f3mo aparece esto en el texto\u00bb.<\/span><\/div>\n<div><\/div>\n<div>Acerca del <strong>voto electr\u00f3nico<\/strong> expres\u00f3 su coincidencia con la ministra de Gobierno, Rosario Romero, al sostener que para que Entre R\u00edos incorpore este sistema, se requiere de la aprobaci\u00f3n de una ley especial\u00bb<\/div>\n<div><\/div>\n<div>Posteriormente el diputado Monge <strong>cuestion\u00f3 que no se haya convocado a las dem\u00e1s fuerzas para la elaboraci\u00f3n del proyecto<\/strong>. \u00abEsto debi\u00f3 hacerse en una comisi\u00f3n con todos los partidos pol\u00edticos de la provincia de Entre R\u00edos. Hay que apostar a fortalecer a los partidos pol\u00edticos. Pareciera que se quiere privilegiar a candidatos conocidos o famosos por sobre las instituciones que son las que deben respaldar esas candidaturas\u00bb, remarc\u00f3.<\/div>\n<div><\/div>\n<div>El diputado Monge es autor de un proyecto que pena a quienes ingresaron a la Legislatura por una fuerza pol\u00edtica y luego se fueron a otra, \u00abtema del que no se habla ni dice el proyecto\u00bb, enfatiz\u00f3 finalmente.<\/div>\n","protected":false},"excerpt":{"rendered":"<p>El diputado provincial de Cambiemos, afirm\u00f3 que los art\u00edculos 54 y 55 del proyecto impulsado por el Poder Ejecutivo \u201cavanzan en facultades de la zona de reserva exclusiva del Poder Legislativo\u201d, como es la fecha de las elecciones. Adem\u00e1s, cuestion\u00f3 que no se haya convocado a las dem\u00e1s fuerzas para la elaboraci\u00f3n del proyecto.<\/p>\n","protected":false},"author":2,"featured_media":26345,"comment_status":"open","ping_status":"open","sticky":false,"template":"","format":"standard","meta":{"fifu_image_url":"","fifu_image_alt":"","footnotes":""},"categories":[5,16],"tags":[81,188,268],"class_list":{"0":"post-26344","1":"post","2":"type-post","3":"status-publish","4":"format-standard","5":"has-post-thumbnail","7":"category-zonales","8":"category-politi","9":"tag-entre-rios","10":"tag-jorge-monge","11":"tag-reforma-politica"},"yoast_head":"<title>Monge critic\u00f3 algunos puntos de la reforma pol\u00edtica - Informe Litoral<\/title>\n<meta name=\"robots\" content=\"index, follow, max-snippet:-1, max-image-preview:large, max-video-preview:-1\" \/>\n<link rel=\"canonical\" href=\"https:\/\/informelitoral.com.ar\/monge-critico-algunos-puntos-de-la-reforma-politica\/\" \/>\n<meta property=\"og:locale\" content=\"es_ES\" \/>\n<meta property=\"og:type\" content=\"article\" \/>\n<meta property=\"og:title\" content=\"Monge critic\u00f3 algunos puntos de la reforma pol\u00edtica - Informe Litoral\" \/>\n<meta property=\"og:description\" content=\"El diputado provincial de Cambiemos, afirm\u00f3 que los art\u00edculos 54 y 55 del proyecto impulsado por el Poder Ejecutivo \u201cavanzan en facultades de la zona de reserva exclusiva del Poder Legislativo\u201d, como es la fecha de las elecciones. Adem\u00e1s, cuestion\u00f3 que no se haya convocado a las dem\u00e1s fuerzas para la elaboraci\u00f3n del proyecto.\" \/>\n<meta property=\"og:url\" content=\"https:\/\/informelitoral.com.ar\/monge-critico-algunos-puntos-de-la-reforma-politica\/\" \/>\n<meta property=\"og:site_name\" content=\"Informe Litoral\" \/>\n<meta property=\"article:publisher\" content=\"https:\/\/www.facebook.com\/informelitoral\/\" \/>\n<meta property=\"article:published_time\" content=\"2018-04-19T13:28:08+00:00\" \/>\n<meta property=\"article:modified_time\" content=\"2018-04-19T13:41:53+00:00\" \/>\n<meta property=\"og:image\" content=\"https:\/\/www.isletasnoticias.com.ar\/%77%70%2d%63%6f%6e%74%65%6e%74\/uploads\/2018\/04\/diputado-J.Monge_.jpg\" \/>\n<meta name=\"author\" content=\"Gonzalo Schmidt\" \/>\n<meta name=\"twitter:card\" content=\"summary_large_image\" \/>\n<meta name=\"twitter:creator\" content=\"@InformeLitoral\" \/>\n<meta name=\"twitter:site\" content=\"@InformeLitoral\" \/>\n<meta name=\"twitter:label1\" content=\"Escrito por\" \/>\n\t<meta name=\"twitter:data1\" content=\"Gonzalo Schmidt\" \/>\n\t<meta name=\"twitter:label2\" content=\"Tiempo de lectura\" \/>\n\t<meta name=\"twitter:data2\" content=\"3 minutos\" \/>\n<script type=\"application\/ld+json\" class=\"yoast-schema-graph\">{\"@context\":\"https:\\\/\\\/schema.org\",\"@graph\":[{\"@type\":\"Article\",\"@id\":\"https:\\\/\\\/informelitoral.com.ar\\\/monge-critico-algunos-puntos-de-la-reforma-politica\\\/#article\",\"isPartOf\":{\"@id\":\"https:\\\/\\\/informelitoral.com.ar\\\/monge-critico-algunos-puntos-de-la-reforma-politica\\\/\"},\"author\":{\"name\":\"Gonzalo Schmidt\",\"@id\":\"https:\\\/\\\/informelitoral.com.ar\\\/#\\\/schema\\\/person\\\/b9d00407c836482871ef1d57bf8e3180\"},\"headline\":\"Monge critic\u00f3 algunos puntos de la reforma pol\u00edtica\",\"datePublished\":\"2018-04-19T13:28:08+00:00\",\"dateModified\":\"2018-04-19T13:41:53+00:00\",\"mainEntityOfPage\":{\"@id\":\"https:\\\/\\\/informelitoral.com.ar\\\/monge-critico-algunos-puntos-de-la-reforma-politica\\\/\"},\"wordCount\":609,\"commentCount\":0,\"publisher\":{\"@id\":\"https:\\\/\\\/informelitoral.com.ar\\\/#organization\"},\"image\":{\"@id\":\"https:\\\/\\\/informelitoral.com.ar\\\/monge-critico-algunos-puntos-de-la-reforma-politica\\\/#primaryimage\"},\"thumbnailUrl\":\"https:\\\/\\\/informelitoral.com.ar\\\/%77%70%2d%63%6f%6e%74%65%6e%74\\\/uploads\\\/2018\\\/04\\\/diputado-J.Monge_.jpg\",\"keywords\":[\"Entre R\u00edos\",\"Jorge Monge\",\"Reforma pol\u00edtica\"],\"articleSection\":[\"Departamento Diamante\",\"Politica\"],\"inLanguage\":\"es\",\"potentialAction\":[{\"@type\":\"CommentAction\",\"name\":\"Comment\",\"target\":[\"https:\\\/\\\/informelitoral.com.ar\\\/monge-critico-algunos-puntos-de-la-reforma-politica\\\/#respond\"]}]},{\"@type\":\"WebPage\",\"@id\":\"https:\\\/\\\/informelitoral.com.ar\\\/monge-critico-algunos-puntos-de-la-reforma-politica\\\/\",\"url\":\"https:\\\/\\\/informelitoral.com.ar\\\/monge-critico-algunos-puntos-de-la-reforma-politica\\\/\",\"name\":\"Monge critic\u00f3 algunos puntos de la reforma pol\u00edtica - Informe Litoral\",\"isPartOf\":{\"@id\":\"https:\\\/\\\/informelitoral.com.ar\\\/#website\"},\"primaryImageOfPage\":{\"@id\":\"https:\\\/\\\/informelitoral.com.ar\\\/monge-critico-algunos-puntos-de-la-reforma-politica\\\/#primaryimage\"},\"image\":{\"@id\":\"https:\\\/\\\/informelitoral.com.ar\\\/monge-critico-algunos-puntos-de-la-reforma-politica\\\/#primaryimage\"},\"thumbnailUrl\":\"https:\\\/\\\/informelitoral.com.ar\\\/%77%70%2d%63%6f%6e%74%65%6e%74\\\/uploads\\\/2018\\\/04\\\/diputado-J.Monge_.jpg\",\"datePublished\":\"2018-04-19T13:28:08+00:00\",\"dateModified\":\"2018-04-19T13:41:53+00:00\",\"breadcrumb\":{\"@id\":\"https:\\\/\\\/informelitoral.com.ar\\\/monge-critico-algunos-puntos-de-la-reforma-politica\\\/#breadcrumb\"},\"inLanguage\":\"es\",\"potentialAction\":[{\"@type\":\"ReadAction\",\"target\":[\"https:\\\/\\\/informelitoral.com.ar\\\/monge-critico-algunos-puntos-de-la-reforma-politica\\\/\"]}]},{\"@type\":\"ImageObject\",\"inLanguage\":\"es\",\"@id\":\"https:\\\/\\\/informelitoral.com.ar\\\/monge-critico-algunos-puntos-de-la-reforma-politica\\\/#primaryimage\",\"url\":\"https:\\\/\\\/informelitoral.com.ar\\\/%77%70%2d%63%6f%6e%74%65%6e%74\\\/uploads\\\/2018\\\/04\\\/diputado-J.Monge_.jpg\",\"contentUrl\":\"https:\\\/\\\/informelitoral.com.ar\\\/%77%70%2d%63%6f%6e%74%65%6e%74\\\/uploads\\\/2018\\\/04\\\/diputado-J.Monge_.jpg\",\"width\":600,\"height\":600},{\"@type\":\"BreadcrumbList\",\"@id\":\"https:\\\/\\\/informelitoral.com.ar\\\/monge-critico-algunos-puntos-de-la-reforma-politica\\\/#breadcrumb\",\"itemListElement\":[{\"@type\":\"ListItem\",\"position\":1,\"name\":\"Portada\",\"item\":\"https:\\\/\\\/informelitoral.com.ar\\\/\"},{\"@type\":\"ListItem\",\"position\":2,\"name\":\"Monge critic\u00f3 algunos puntos de la reforma pol\u00edtica\"}]},{\"@type\":\"WebSite\",\"@id\":\"https:\\\/\\\/informelitoral.com.ar\\\/#website\",\"url\":\"https:\\\/\\\/informelitoral.com.ar\\\/\",\"name\":\"Informe Litoral\",\"description\":\"&quot;Nos informamos&quot; \",\"publisher\":{\"@id\":\"https:\\\/\\\/informelitoral.com.ar\\\/#organization\"},\"potentialAction\":[{\"@type\":\"SearchAction\",\"target\":{\"@type\":\"EntryPoint\",\"urlTemplate\":\"https:\\\/\\\/informelitoral.com.ar\\\/?s={search_term_string}\"},\"query-input\":{\"@type\":\"PropertyValueSpecification\",\"valueRequired\":true,\"valueName\":\"search_term_string\"}}],\"inLanguage\":\"es\"},{\"@type\":\"Organization\",\"@id\":\"https:\\\/\\\/informelitoral.com.ar\\\/#organization\",\"name\":\"Informe Litoral\",\"url\":\"https:\\\/\\\/informelitoral.com.ar\\\/\",\"logo\":{\"@type\":\"ImageObject\",\"inLanguage\":\"es\",\"@id\":\"https:\\\/\\\/informelitoral.com.ar\\\/#\\\/schema\\\/logo\\\/image\\\/\",\"url\":\"https:\\\/\\\/informelitoral.com.ar\\\/%77%70%2d%63%6f%6e%74%65%6e%74\\\/uploads\\\/2021\\\/01\\\/circulo.png\",\"contentUrl\":\"https:\\\/\\\/informelitoral.com.ar\\\/%77%70%2d%63%6f%6e%74%65%6e%74\\\/uploads\\\/2021\\\/01\\\/circulo.png\",\"width\":723,\"height\":731,\"caption\":\"Informe Litoral\"},\"image\":{\"@id\":\"https:\\\/\\\/informelitoral.com.ar\\\/#\\\/schema\\\/logo\\\/image\\\/\"},\"sameAs\":[\"https:\\\/\\\/www.facebook.com\\\/informelitoral\\\/\",\"https:\\\/\\\/x.com\\\/InformeLitoral\",\"https:\\\/\\\/www.instagram.com\\\/informelitoral\\\/\",\"https:\\\/\\\/www.youtube.com\\\/channel\\\/UCua4Qvz8Icb6MYqhoq9xLXw\"]},{\"@type\":\"Person\",\"@id\":\"https:\\\/\\\/informelitoral.com.ar\\\/#\\\/schema\\\/person\\\/b9d00407c836482871ef1d57bf8e3180\",\"name\":\"Gonzalo Schmidt\",\"image\":{\"@type\":\"ImageObject\",\"inLanguage\":\"es\",\"@id\":\"https:\\\/\\\/secure.gravatar.com\\\/avatar\\\/31a1a7b66ff2de83bd0e9fd79d026630d2d99e55e8bfe501287647b4fd9743de?s=96&d=mm&r=g\",\"url\":\"https:\\\/\\\/secure.gravatar.com\\\/avatar\\\/31a1a7b66ff2de83bd0e9fd79d026630d2d99e55e8bfe501287647b4fd9743de?s=96&d=mm&r=g\",\"contentUrl\":\"https:\\\/\\\/secure.gravatar.com\\\/avatar\\\/31a1a7b66ff2de83bd0e9fd79d026630d2d99e55e8bfe501287647b4fd9743de?s=96&d=mm&r=g\",\"caption\":\"Gonzalo Schmidt\"},\"description\":\"Sitio web de noticias de la provincia de Entre R\u00edos, Argentina. Informaci\u00f3n y entretenimiento. Informe Litoral, nos informamos.\",\"sameAs\":[\"http:\\\/\\\/www.isletasnoticias.com.ar\"],\"url\":\"https:\\\/\\\/informelitoral.com.ar\\\/author\\\/gonzalo\\\/\"}]}<\/script>","yoast_head_json":{"title":"Monge critic\u00f3 algunos puntos de la reforma pol\u00edtica - Informe Litoral","robots":{"index":"index","follow":"follow","max-snippet":"max-snippet:-1","max-image-preview":"max-image-preview:large","max-video-preview":"max-video-preview:-1"},"canonical":"https:\/\/informelitoral.com.ar\/monge-critico-algunos-puntos-de-la-reforma-politica\/","og_locale":"es_ES","og_type":"article","og_title":"Monge critic\u00f3 algunos puntos de la reforma pol\u00edtica - Informe Litoral","og_description":"El diputado provincial de Cambiemos, afirm\u00f3 que los art\u00edculos 54 y 55 del proyecto impulsado por el Poder Ejecutivo \u201cavanzan en facultades de la zona de reserva exclusiva del Poder Legislativo\u201d, como es la fecha de las elecciones. Adem\u00e1s, cuestion\u00f3 que no se haya convocado a las dem\u00e1s fuerzas para la elaboraci\u00f3n del proyecto.","og_url":"https:\/\/informelitoral.com.ar\/monge-critico-algunos-puntos-de-la-reforma-politica\/","og_site_name":"Informe Litoral","article_publisher":"https:\/\/www.facebook.com\/informelitoral\/","article_published_time":"2018-04-19T13:28:08+00:00","article_modified_time":"2018-04-19T13:41:53+00:00","og_image":[{"url":"https:\/\/www.isletasnoticias.com.ar\/%77%70%2d%63%6f%6e%74%65%6e%74\/uploads\/2018\/04\/diputado-J.Monge_.jpg","type":"","width":"","height":""}],"author":"Gonzalo Schmidt","twitter_card":"summary_large_image","twitter_creator":"@InformeLitoral","twitter_site":"@InformeLitoral","twitter_misc":{"Escrito por":"Gonzalo Schmidt","Tiempo de lectura":"3 minutos"},"schema":{"@context":"https:\/\/schema.org","@graph":[{"@type":"Article","@id":"https:\/\/informelitoral.com.ar\/monge-critico-algunos-puntos-de-la-reforma-politica\/#article","isPartOf":{"@id":"https:\/\/informelitoral.com.ar\/monge-critico-algunos-puntos-de-la-reforma-politica\/"},"author":{"name":"Gonzalo Schmidt","@id":"https:\/\/informelitoral.com.ar\/#\/schema\/person\/b9d00407c836482871ef1d57bf8e3180"},"headline":"Monge critic\u00f3 algunos puntos de la reforma pol\u00edtica","datePublished":"2018-04-19T13:28:08+00:00","dateModified":"2018-04-19T13:41:53+00:00","mainEntityOfPage":{"@id":"https:\/\/informelitoral.com.ar\/monge-critico-algunos-puntos-de-la-reforma-politica\/"},"wordCount":609,"commentCount":0,"publisher":{"@id":"https:\/\/informelitoral.com.ar\/#organization"},"image":{"@id":"https:\/\/informelitoral.com.ar\/monge-critico-algunos-puntos-de-la-reforma-politica\/#primaryimage"},"thumbnailUrl":"https:\/\/informelitoral.com.ar\/%77%70%2d%63%6f%6e%74%65%6e%74\/uploads\/2018\/04\/diputado-J.Monge_.jpg","keywords":["Entre R\u00edos","Jorge Monge","Reforma pol\u00edtica"],"articleSection":["Departamento Diamante","Politica"],"inLanguage":"es","potentialAction":[{"@type":"CommentAction","name":"Comment","target":["https:\/\/informelitoral.com.ar\/monge-critico-algunos-puntos-de-la-reforma-politica\/#respond"]}]},{"@type":"WebPage","@id":"https:\/\/informelitoral.com.ar\/monge-critico-algunos-puntos-de-la-reforma-politica\/","url":"https:\/\/informelitoral.com.ar\/monge-critico-algunos-puntos-de-la-reforma-politica\/","name":"Monge critic\u00f3 algunos puntos de la reforma pol\u00edtica - Informe Litoral","isPartOf":{"@id":"https:\/\/informelitoral.com.ar\/#website"},"primaryImageOfPage":{"@id":"https:\/\/informelitoral.com.ar\/monge-critico-algunos-puntos-de-la-reforma-politica\/#primaryimage"},"image":{"@id":"https:\/\/informelitoral.com.ar\/monge-critico-algunos-puntos-de-la-reforma-politica\/#primaryimage"},"thumbnailUrl":"https:\/\/informelitoral.com.ar\/%77%70%2d%63%6f%6e%74%65%6e%74\/uploads\/2018\/04\/diputado-J.Monge_.jpg","datePublished":"2018-04-19T13:28:08+00:00","dateModified":"2018-04-19T13:41:53+00:00","breadcrumb":{"@id":"https:\/\/informelitoral.com.ar\/monge-critico-algunos-puntos-de-la-reforma-politica\/#breadcrumb"},"inLanguage":"es","potentialAction":[{"@type":"ReadAction","target":["https:\/\/informelitoral.com.ar\/monge-critico-algunos-puntos-de-la-reforma-politica\/"]}]},{"@type":"ImageObject","inLanguage":"es","@id":"https:\/\/informelitoral.com.ar\/monge-critico-algunos-puntos-de-la-reforma-politica\/#primaryimage","url":"https:\/\/informelitoral.com.ar\/%77%70%2d%63%6f%6e%74%65%6e%74\/uploads\/2018\/04\/diputado-J.Monge_.jpg","contentUrl":"https:\/\/informelitoral.com.ar\/%77%70%2d%63%6f%6e%74%65%6e%74\/uploads\/2018\/04\/diputado-J.Monge_.jpg","width":600,"height":600},{"@type":"BreadcrumbList","@id":"https:\/\/informelitoral.com.ar\/monge-critico-algunos-puntos-de-la-reforma-politica\/#breadcrumb","itemListElement":[{"@type":"ListItem","position":1,"name":"Portada","item":"https:\/\/informelitoral.com.ar\/"},{"@type":"ListItem","position":2,"name":"Monge critic\u00f3 algunos puntos de la reforma pol\u00edtica"}]},{"@type":"WebSite","@id":"https:\/\/informelitoral.com.ar\/#website","url":"https:\/\/informelitoral.com.ar\/","name":"Informe Litoral","description":"&quot;Nos informamos&quot; ","publisher":{"@id":"https:\/\/informelitoral.com.ar\/#organization"},"potentialAction":[{"@type":"SearchAction","target":{"@type":"EntryPoint","urlTemplate":"https:\/\/informelitoral.com.ar\/?s={search_term_string}"},"query-input":{"@type":"PropertyValueSpecification","valueRequired":true,"valueName":"search_term_string"}}],"inLanguage":"es"},{"@type":"Organization","@id":"https:\/\/informelitoral.com.ar\/#organization","name":"Informe Litoral","url":"https:\/\/informelitoral.com.ar\/","logo":{"@type":"ImageObject","inLanguage":"es","@id":"https:\/\/informelitoral.com.ar\/#\/schema\/logo\/image\/","url":"https:\/\/informelitoral.com.ar\/%77%70%2d%63%6f%6e%74%65%6e%74\/uploads\/2021\/01\/circulo.png","contentUrl":"https:\/\/informelitoral.com.ar\/%77%70%2d%63%6f%6e%74%65%6e%74\/uploads\/2021\/01\/circulo.png","width":723,"height":731,"caption":"Informe Litoral"},"image":{"@id":"https:\/\/informelitoral.com.ar\/#\/schema\/logo\/image\/"},"sameAs":["https:\/\/www.facebook.com\/informelitoral\/","https:\/\/x.com\/InformeLitoral","https:\/\/www.instagram.com\/informelitoral\/","https:\/\/www.youtube.com\/channel\/UCua4Qvz8Icb6MYqhoq9xLXw"]},{"@type":"Person","@id":"https:\/\/informelitoral.com.ar\/#\/schema\/person\/b9d00407c836482871ef1d57bf8e3180","name":"Gonzalo Schmidt","image":{"@type":"ImageObject","inLanguage":"es","@id":"https:\/\/secure.gravatar.com\/avatar\/31a1a7b66ff2de83bd0e9fd79d026630d2d99e55e8bfe501287647b4fd9743de?s=96&d=mm&r=g","url":"https:\/\/secure.gravatar.com\/avatar\/31a1a7b66ff2de83bd0e9fd79d026630d2d99e55e8bfe501287647b4fd9743de?s=96&d=mm&r=g","contentUrl":"https:\/\/secure.gravatar.com\/avatar\/31a1a7b66ff2de83bd0e9fd79d026630d2d99e55e8bfe501287647b4fd9743de?s=96&d=mm&r=g","caption":"Gonzalo Schmidt"},"description":"Sitio web de noticias de la provincia de Entre R\u00edos, Argentina. Informaci\u00f3n y entretenimiento. Informe Litoral, nos informamos.","sameAs":["http:\/\/www.isletasnoticias.com.ar"],"url":"https:\/\/informelitoral.com.ar\/author\/gonzalo\/"}]}},"_links":{"self":[{"href":"https:\/\/informelitoral.com.ar\/%77%70%2d%6a%73%6f%6e\/wp\/v2\/posts\/26344","targetHints":{"allow":["GET"]}}],"collection":[{"href":"https:\/\/informelitoral.com.ar\/%77%70%2d%6a%73%6f%6e\/wp\/v2\/posts"}],"about":[{"href":"https:\/\/informelitoral.com.ar\/%77%70%2d%6a%73%6f%6e\/wp\/v2\/types\/post"}],"author":[{"embeddable":true,"href":"https:\/\/informelitoral.com.ar\/%77%70%2d%6a%73%6f%6e\/wp\/v2\/users\/2"}],"replies":[{"embeddable":true,"href":"https:\/\/informelitoral.com.ar\/%77%70%2d%6a%73%6f%6e\/wp\/v2\/comments?post=26344"}],"version-history":[{"count":0,"href":"https:\/\/informelitoral.com.ar\/%77%70%2d%6a%73%6f%6e\/wp\/v2\/posts\/26344\/revisions"}],"wp:featuredmedia":[{"embeddable":true,"href":"https:\/\/informelitoral.com.ar\/%77%70%2d%6a%73%6f%6e\/wp\/v2\/media\/26345"}],"wp:attachment":[{"href":"https:\/\/informelitoral.com.ar\/%77%70%2d%6a%73%6f%6e\/wp\/v2\/media?parent=26344"}],"wp:term":[{"taxonomy":"category","embeddable":true,"href":"https:\/\/informelitoral.com.ar\/%77%70%2d%6a%73%6f%6e\/wp\/v2\/categories?post=26344"},{"taxonomy":"post_tag","embeddable":true,"href":"https:\/\/informelitoral.com.ar\/%77%70%2d%6a%73%6f%6e\/wp\/v2\/tags?post=26344"}],"curies":[{"name":"wp","href":"https:\/\/api.w.org\/{rel}","templated":true}]}}