{"id":26312,"date":"2018-04-18T07:59:13","date_gmt":"2018-04-18T10:59:13","guid":{"rendered":"https:\/\/www.isletasnoticias.com.ar\/?p=26312"},"modified":"2018-04-18T07:59:13","modified_gmt":"2018-04-18T10:59:13","slug":"entrerrianas-defenderan-la-legalizacion-del-aborto-en-el-congreso","status":"publish","type":"post","link":"https:\/\/informelitoral.com.ar\/entrerrianas-defenderan-la-legalizacion-del-aborto-en-el-congreso\/","title":{"rendered":"Entrerrianas defender\u00e1n la legalizaci\u00f3n del aborto en el Congreso"},"content":{"rendered":"<p>Este jueves, en la cuarta audiencia del plenario de comisiones sobre el proyecto de despenalizaci\u00f3n del aborto, ser\u00e1 el turno de escuchar exclusivamente a profesionales de la salud. En ese marco, tres entrerrianas dar\u00e1n sus fundamentos a favor de la despenalizaci\u00f3n.<\/p>\n<p>Se trata de la activista feminista Mar\u00eda Elena Ale, la licenciada en obstetricia Carolina Comaleras y la abogada Mar\u00eda Fernanda V\u00e1squez Pinasco, las tres fueron propuestas por el diputado nacional del FPV Juan Manuel Huss.<\/p>\n<p>\u201cSon tres las personas que propuse para que expongan en el debate: Carolina Comaleras, Fernanda V\u00e1squez Pinasco y Mar\u00eda Elena Ale\u201d, coment\u00f3 Huss. Las tres son integrantes de la Campa\u00f1a Nacional por el Derecho al Aborto Legal, seguro y gratuito.<\/p>\n<p>En tanto, indic\u00f3 que todav\u00eda no se defini\u00f3 d\u00eda y horario para la presentaci\u00f3n de las otras dos expositoras, seg\u00fan consign\u00f3\u00a0<em>APF.<\/em><\/p>\n<p><strong>Qui\u00e9nes son<\/strong><\/p>\n<p><strong>Carolina Comaleras<\/strong>\u00a0integra la Red de Profesionales de la Salud por el Derecho a Decidir y form\u00f3 parte de la Comisi\u00f3n Redactora del \u00faltimo proyecto de Ley de Interrupci\u00f3n Voluntaria del Embarazo (IVE) de 2016.<\/p>\n<p><strong>Mar\u00eda Elena Ale<\/strong>\u00a0es integrante de Socorristas en Red y forma parte de la Mesa de Articulaci\u00f3n Nacional de la Campa\u00f1a por el Derecho al Aborto Legal, seguro y gratuito.<\/p>\n<p><strong>Mar\u00eda Fernanda V\u00e1squez Pinasco<\/strong>\u00a0es miembro de Cat\u00f3licas por el Derecho a Decidir en Entre R\u00edos y de la Alianza de Abogadas por los Derechos Humanos de las Mujeres.<\/p>\n<p>Las tres expositoras entrerrianas buscar\u00e1n visibilizar la necesidad de que se vote a favor del proyecto de Interrupci\u00f3n Voluntaria del Embarazo (IVE), del cual Huss es el \u00fanico firmante de la provincia de Entre R\u00edos.<\/p>\n","protected":false},"excerpt":{"rendered":"<p>Se trata de la activista feminista Mar\u00eda Elena Ale, la licenciada en obstetricia Carolina Comaleras y la abogada Mar\u00eda Fernanda V\u00e1squez Pinasco. Las tres fueron propuestas por el diputado nacional del FPV Juan Manuel Huss.<\/p>\n","protected":false},"author":2,"featured_media":25643,"comment_status":"open","ping_status":"open","sticky":false,"template":"","format":"standard","meta":{"fifu_image_url":"","fifu_image_alt":"","footnotes":""},"categories":[16],"tags":[88,151,248],"class_list":{"0":"post-26312","1":"post","2":"type-post","3":"status-publish","4":"format-standard","5":"has-post-thumbnail","7":"category-politi","8":"tag-aborto","9":"tag-congreso","10":"tag-legalizacion-del-aborto"},"yoast_head":"<title>Entrerrianas defender\u00e1n la legalizaci\u00f3n del aborto en el Congreso - Informe Litoral<\/title>\n<meta name=\"robots\" content=\"index, follow, max-snippet:-1, max-image-preview:large, max-video-preview:-1\" \/>\n<link rel=\"canonical\" href=\"https:\/\/informelitoral.com.ar\/entrerrianas-defenderan-la-legalizacion-del-aborto-en-el-congreso\/\" \/>\n<meta property=\"og:locale\" content=\"es_ES\" \/>\n<meta property=\"og:type\" content=\"article\" \/>\n<meta property=\"og:title\" content=\"Entrerrianas defender\u00e1n la legalizaci\u00f3n del aborto en el Congreso - Informe Litoral\" \/>\n<meta property=\"og:description\" content=\"Se trata de la activista feminista Mar\u00eda Elena Ale, la licenciada en obstetricia Carolina Comaleras y la abogada Mar\u00eda Fernanda V\u00e1squez Pinasco. Las tres fueron propuestas por el diputado nacional del FPV Juan Manuel Huss.\" \/>\n<meta property=\"og:url\" content=\"https:\/\/informelitoral.com.ar\/entrerrianas-defenderan-la-legalizacion-del-aborto-en-el-congreso\/\" \/>\n<meta property=\"og:site_name\" content=\"Informe Litoral\" \/>\n<meta property=\"article:publisher\" content=\"https:\/\/www.facebook.com\/informelitoral\/\" \/>\n<meta property=\"article:published_time\" content=\"2018-04-18T10:59:13+00:00\" \/>\n<meta property=\"og:image\" content=\"https:\/\/www.isletasnoticias.com.ar\/%77%70%2d%63%6f%6e%74%65%6e%74\/uploads\/2018\/03\/debate-aborto-diputados.jpg\" \/>\n<meta name=\"author\" content=\"Gonzalo Schmidt\" \/>\n<meta name=\"twitter:card\" content=\"summary_large_image\" \/>\n<meta name=\"twitter:creator\" content=\"@InformeLitoral\" \/>\n<meta name=\"twitter:site\" content=\"@InformeLitoral\" \/>\n<meta name=\"twitter:label1\" content=\"Escrito por\" \/>\n\t<meta name=\"twitter:data1\" content=\"Gonzalo Schmidt\" \/>\n\t<meta name=\"twitter:label2\" content=\"Tiempo de lectura\" \/>\n\t<meta name=\"twitter:data2\" content=\"1 minuto\" \/>\n<script type=\"application\/ld+json\" class=\"yoast-schema-graph\">{\"@context\":\"https:\\\/\\\/schema.org\",\"@graph\":[{\"@type\":\"Article\",\"@id\":\"https:\\\/\\\/informelitoral.com.ar\\\/entrerrianas-defenderan-la-legalizacion-del-aborto-en-el-congreso\\\/#article\",\"isPartOf\":{\"@id\":\"https:\\\/\\\/informelitoral.com.ar\\\/entrerrianas-defenderan-la-legalizacion-del-aborto-en-el-congreso\\\/\"},\"author\":{\"name\":\"Gonzalo Schmidt\",\"@id\":\"https:\\\/\\\/informelitoral.com.ar\\\/#\\\/schema\\\/person\\\/b9d00407c836482871ef1d57bf8e3180\"},\"headline\":\"Entrerrianas defender\u00e1n la legalizaci\u00f3n del aborto en el Congreso\",\"datePublished\":\"2018-04-18T10:59:13+00:00\",\"mainEntityOfPage\":{\"@id\":\"https:\\\/\\\/informelitoral.com.ar\\\/entrerrianas-defenderan-la-legalizacion-del-aborto-en-el-congreso\\\/\"},\"wordCount\":305,\"commentCount\":0,\"publisher\":{\"@id\":\"https:\\\/\\\/informelitoral.com.ar\\\/#organization\"},\"image\":{\"@id\":\"https:\\\/\\\/informelitoral.com.ar\\\/entrerrianas-defenderan-la-legalizacion-del-aborto-en-el-congreso\\\/#primaryimage\"},\"thumbnailUrl\":\"https:\\\/\\\/informelitoral.com.ar\\\/%77%70%2d%63%6f%6e%74%65%6e%74\\\/uploads\\\/2018\\\/03\\\/debate-aborto-diputados.jpg\",\"keywords\":[\"Aborto\",\"Congreso\",\"Legalizaci\u00f3n del aborto\"],\"articleSection\":[\"Politica\"],\"inLanguage\":\"es\",\"potentialAction\":[{\"@type\":\"CommentAction\",\"name\":\"Comment\",\"target\":[\"https:\\\/\\\/informelitoral.com.ar\\\/entrerrianas-defenderan-la-legalizacion-del-aborto-en-el-congreso\\\/#respond\"]}]},{\"@type\":\"WebPage\",\"@id\":\"https:\\\/\\\/informelitoral.com.ar\\\/entrerrianas-defenderan-la-legalizacion-del-aborto-en-el-congreso\\\/\",\"url\":\"https:\\\/\\\/informelitoral.com.ar\\\/entrerrianas-defenderan-la-legalizacion-del-aborto-en-el-congreso\\\/\",\"name\":\"Entrerrianas defender\u00e1n la legalizaci\u00f3n del aborto en el Congreso - Informe Litoral\",\"isPartOf\":{\"@id\":\"https:\\\/\\\/informelitoral.com.ar\\\/#website\"},\"primaryImageOfPage\":{\"@id\":\"https:\\\/\\\/informelitoral.com.ar\\\/entrerrianas-defenderan-la-legalizacion-del-aborto-en-el-congreso\\\/#primaryimage\"},\"image\":{\"@id\":\"https:\\\/\\\/informelitoral.com.ar\\\/entrerrianas-defenderan-la-legalizacion-del-aborto-en-el-congreso\\\/#primaryimage\"},\"thumbnailUrl\":\"https:\\\/\\\/informelitoral.com.ar\\\/%77%70%2d%63%6f%6e%74%65%6e%74\\\/uploads\\\/2018\\\/03\\\/debate-aborto-diputados.jpg\",\"datePublished\":\"2018-04-18T10:59:13+00:00\",\"breadcrumb\":{\"@id\":\"https:\\\/\\\/informelitoral.com.ar\\\/entrerrianas-defenderan-la-legalizacion-del-aborto-en-el-congreso\\\/#breadcrumb\"},\"inLanguage\":\"es\",\"potentialAction\":[{\"@type\":\"ReadAction\",\"target\":[\"https:\\\/\\\/informelitoral.com.ar\\\/entrerrianas-defenderan-la-legalizacion-del-aborto-en-el-congreso\\\/\"]}]},{\"@type\":\"ImageObject\",\"inLanguage\":\"es\",\"@id\":\"https:\\\/\\\/informelitoral.com.ar\\\/entrerrianas-defenderan-la-legalizacion-del-aborto-en-el-congreso\\\/#primaryimage\",\"url\":\"https:\\\/\\\/informelitoral.com.ar\\\/%77%70%2d%63%6f%6e%74%65%6e%74\\\/uploads\\\/2018\\\/03\\\/debate-aborto-diputados.jpg\",\"contentUrl\":\"https:\\\/\\\/informelitoral.com.ar\\\/%77%70%2d%63%6f%6e%74%65%6e%74\\\/uploads\\\/2018\\\/03\\\/debate-aborto-diputados.jpg\",\"width\":1140,\"height\":640},{\"@type\":\"BreadcrumbList\",\"@id\":\"https:\\\/\\\/informelitoral.com.ar\\\/entrerrianas-defenderan-la-legalizacion-del-aborto-en-el-congreso\\\/#breadcrumb\",\"itemListElement\":[{\"@type\":\"ListItem\",\"position\":1,\"name\":\"Portada\",\"item\":\"https:\\\/\\\/informelitoral.com.ar\\\/\"},{\"@type\":\"ListItem\",\"position\":2,\"name\":\"Entrerrianas defender\u00e1n la legalizaci\u00f3n del aborto en el Congreso\"}]},{\"@type\":\"WebSite\",\"@id\":\"https:\\\/\\\/informelitoral.com.ar\\\/#website\",\"url\":\"https:\\\/\\\/informelitoral.com.ar\\\/\",\"name\":\"Informe Litoral\",\"description\":\"&quot;Nos informamos&quot; \",\"publisher\":{\"@id\":\"https:\\\/\\\/informelitoral.com.ar\\\/#organization\"},\"potentialAction\":[{\"@type\":\"SearchAction\",\"target\":{\"@type\":\"EntryPoint\",\"urlTemplate\":\"https:\\\/\\\/informelitoral.com.ar\\\/?s={search_term_string}\"},\"query-input\":{\"@type\":\"PropertyValueSpecification\",\"valueRequired\":true,\"valueName\":\"search_term_string\"}}],\"inLanguage\":\"es\"},{\"@type\":\"Organization\",\"@id\":\"https:\\\/\\\/informelitoral.com.ar\\\/#organization\",\"name\":\"Informe Litoral\",\"url\":\"https:\\\/\\\/informelitoral.com.ar\\\/\",\"logo\":{\"@type\":\"ImageObject\",\"inLanguage\":\"es\",\"@id\":\"https:\\\/\\\/informelitoral.com.ar\\\/#\\\/schema\\\/logo\\\/image\\\/\",\"url\":\"https:\\\/\\\/informelitoral.com.ar\\\/%77%70%2d%63%6f%6e%74%65%6e%74\\\/uploads\\\/2021\\\/01\\\/circulo.png\",\"contentUrl\":\"https:\\\/\\\/informelitoral.com.ar\\\/%77%70%2d%63%6f%6e%74%65%6e%74\\\/uploads\\\/2021\\\/01\\\/circulo.png\",\"width\":723,\"height\":731,\"caption\":\"Informe Litoral\"},\"image\":{\"@id\":\"https:\\\/\\\/informelitoral.com.ar\\\/#\\\/schema\\\/logo\\\/image\\\/\"},\"sameAs\":[\"https:\\\/\\\/www.facebook.com\\\/informelitoral\\\/\",\"https:\\\/\\\/x.com\\\/InformeLitoral\",\"https:\\\/\\\/www.instagram.com\\\/informelitoral\\\/\",\"https:\\\/\\\/www.youtube.com\\\/channel\\\/UCua4Qvz8Icb6MYqhoq9xLXw\"]},{\"@type\":\"Person\",\"@id\":\"https:\\\/\\\/informelitoral.com.ar\\\/#\\\/schema\\\/person\\\/b9d00407c836482871ef1d57bf8e3180\",\"name\":\"Gonzalo Schmidt\",\"image\":{\"@type\":\"ImageObject\",\"inLanguage\":\"es\",\"@id\":\"https:\\\/\\\/secure.gravatar.com\\\/avatar\\\/31a1a7b66ff2de83bd0e9fd79d026630d2d99e55e8bfe501287647b4fd9743de?s=96&d=mm&r=g\",\"url\":\"https:\\\/\\\/secure.gravatar.com\\\/avatar\\\/31a1a7b66ff2de83bd0e9fd79d026630d2d99e55e8bfe501287647b4fd9743de?s=96&d=mm&r=g\",\"contentUrl\":\"https:\\\/\\\/secure.gravatar.com\\\/avatar\\\/31a1a7b66ff2de83bd0e9fd79d026630d2d99e55e8bfe501287647b4fd9743de?s=96&d=mm&r=g\",\"caption\":\"Gonzalo Schmidt\"},\"description\":\"Sitio web de noticias de la provincia de Entre R\u00edos, Argentina. Informaci\u00f3n y entretenimiento. Informe Litoral, nos informamos.\",\"sameAs\":[\"http:\\\/\\\/www.isletasnoticias.com.ar\"],\"url\":\"https:\\\/\\\/informelitoral.com.ar\\\/author\\\/gonzalo\\\/\"}]}<\/script>","yoast_head_json":{"title":"Entrerrianas defender\u00e1n la legalizaci\u00f3n del aborto en el Congreso - Informe Litoral","robots":{"index":"index","follow":"follow","max-snippet":"max-snippet:-1","max-image-preview":"max-image-preview:large","max-video-preview":"max-video-preview:-1"},"canonical":"https:\/\/informelitoral.com.ar\/entrerrianas-defenderan-la-legalizacion-del-aborto-en-el-congreso\/","og_locale":"es_ES","og_type":"article","og_title":"Entrerrianas defender\u00e1n la legalizaci\u00f3n del aborto en el Congreso - Informe Litoral","og_description":"Se trata de la activista feminista Mar\u00eda Elena Ale, la licenciada en obstetricia Carolina Comaleras y la abogada Mar\u00eda Fernanda V\u00e1squez Pinasco. Las tres fueron propuestas por el diputado nacional del FPV Juan Manuel Huss.","og_url":"https:\/\/informelitoral.com.ar\/entrerrianas-defenderan-la-legalizacion-del-aborto-en-el-congreso\/","og_site_name":"Informe Litoral","article_publisher":"https:\/\/www.facebook.com\/informelitoral\/","article_published_time":"2018-04-18T10:59:13+00:00","og_image":[{"url":"https:\/\/www.isletasnoticias.com.ar\/%77%70%2d%63%6f%6e%74%65%6e%74\/uploads\/2018\/03\/debate-aborto-diputados.jpg","type":"","width":"","height":""}],"author":"Gonzalo Schmidt","twitter_card":"summary_large_image","twitter_creator":"@InformeLitoral","twitter_site":"@InformeLitoral","twitter_misc":{"Escrito por":"Gonzalo Schmidt","Tiempo de lectura":"1 minuto"},"schema":{"@context":"https:\/\/schema.org","@graph":[{"@type":"Article","@id":"https:\/\/informelitoral.com.ar\/entrerrianas-defenderan-la-legalizacion-del-aborto-en-el-congreso\/#article","isPartOf":{"@id":"https:\/\/informelitoral.com.ar\/entrerrianas-defenderan-la-legalizacion-del-aborto-en-el-congreso\/"},"author":{"name":"Gonzalo Schmidt","@id":"https:\/\/informelitoral.com.ar\/#\/schema\/person\/b9d00407c836482871ef1d57bf8e3180"},"headline":"Entrerrianas defender\u00e1n la legalizaci\u00f3n del aborto en el Congreso","datePublished":"2018-04-18T10:59:13+00:00","mainEntityOfPage":{"@id":"https:\/\/informelitoral.com.ar\/entrerrianas-defenderan-la-legalizacion-del-aborto-en-el-congreso\/"},"wordCount":305,"commentCount":0,"publisher":{"@id":"https:\/\/informelitoral.com.ar\/#organization"},"image":{"@id":"https:\/\/informelitoral.com.ar\/entrerrianas-defenderan-la-legalizacion-del-aborto-en-el-congreso\/#primaryimage"},"thumbnailUrl":"https:\/\/informelitoral.com.ar\/%77%70%2d%63%6f%6e%74%65%6e%74\/uploads\/2018\/03\/debate-aborto-diputados.jpg","keywords":["Aborto","Congreso","Legalizaci\u00f3n del aborto"],"articleSection":["Politica"],"inLanguage":"es","potentialAction":[{"@type":"CommentAction","name":"Comment","target":["https:\/\/informelitoral.com.ar\/entrerrianas-defenderan-la-legalizacion-del-aborto-en-el-congreso\/#respond"]}]},{"@type":"WebPage","@id":"https:\/\/informelitoral.com.ar\/entrerrianas-defenderan-la-legalizacion-del-aborto-en-el-congreso\/","url":"https:\/\/informelitoral.com.ar\/entrerrianas-defenderan-la-legalizacion-del-aborto-en-el-congreso\/","name":"Entrerrianas defender\u00e1n la legalizaci\u00f3n del aborto en el Congreso - Informe Litoral","isPartOf":{"@id":"https:\/\/informelitoral.com.ar\/#website"},"primaryImageOfPage":{"@id":"https:\/\/informelitoral.com.ar\/entrerrianas-defenderan-la-legalizacion-del-aborto-en-el-congreso\/#primaryimage"},"image":{"@id":"https:\/\/informelitoral.com.ar\/entrerrianas-defenderan-la-legalizacion-del-aborto-en-el-congreso\/#primaryimage"},"thumbnailUrl":"https:\/\/informelitoral.com.ar\/%77%70%2d%63%6f%6e%74%65%6e%74\/uploads\/2018\/03\/debate-aborto-diputados.jpg","datePublished":"2018-04-18T10:59:13+00:00","breadcrumb":{"@id":"https:\/\/informelitoral.com.ar\/entrerrianas-defenderan-la-legalizacion-del-aborto-en-el-congreso\/#breadcrumb"},"inLanguage":"es","potentialAction":[{"@type":"ReadAction","target":["https:\/\/informelitoral.com.ar\/entrerrianas-defenderan-la-legalizacion-del-aborto-en-el-congreso\/"]}]},{"@type":"ImageObject","inLanguage":"es","@id":"https:\/\/informelitoral.com.ar\/entrerrianas-defenderan-la-legalizacion-del-aborto-en-el-congreso\/#primaryimage","url":"https:\/\/informelitoral.com.ar\/%77%70%2d%63%6f%6e%74%65%6e%74\/uploads\/2018\/03\/debate-aborto-diputados.jpg","contentUrl":"https:\/\/informelitoral.com.ar\/%77%70%2d%63%6f%6e%74%65%6e%74\/uploads\/2018\/03\/debate-aborto-diputados.jpg","width":1140,"height":640},{"@type":"BreadcrumbList","@id":"https:\/\/informelitoral.com.ar\/entrerrianas-defenderan-la-legalizacion-del-aborto-en-el-congreso\/#breadcrumb","itemListElement":[{"@type":"ListItem","position":1,"name":"Portada","item":"https:\/\/informelitoral.com.ar\/"},{"@type":"ListItem","position":2,"name":"Entrerrianas defender\u00e1n la legalizaci\u00f3n del aborto en el Congreso"}]},{"@type":"WebSite","@id":"https:\/\/informelitoral.com.ar\/#website","url":"https:\/\/informelitoral.com.ar\/","name":"Informe Litoral","description":"&quot;Nos informamos&quot; ","publisher":{"@id":"https:\/\/informelitoral.com.ar\/#organization"},"potentialAction":[{"@type":"SearchAction","target":{"@type":"EntryPoint","urlTemplate":"https:\/\/informelitoral.com.ar\/?s={search_term_string}"},"query-input":{"@type":"PropertyValueSpecification","valueRequired":true,"valueName":"search_term_string"}}],"inLanguage":"es"},{"@type":"Organization","@id":"https:\/\/informelitoral.com.ar\/#organization","name":"Informe Litoral","url":"https:\/\/informelitoral.com.ar\/","logo":{"@type":"ImageObject","inLanguage":"es","@id":"https:\/\/informelitoral.com.ar\/#\/schema\/logo\/image\/","url":"https:\/\/informelitoral.com.ar\/%77%70%2d%63%6f%6e%74%65%6e%74\/uploads\/2021\/01\/circulo.png","contentUrl":"https:\/\/informelitoral.com.ar\/%77%70%2d%63%6f%6e%74%65%6e%74\/uploads\/2021\/01\/circulo.png","width":723,"height":731,"caption":"Informe Litoral"},"image":{"@id":"https:\/\/informelitoral.com.ar\/#\/schema\/logo\/image\/"},"sameAs":["https:\/\/www.facebook.com\/informelitoral\/","https:\/\/x.com\/InformeLitoral","https:\/\/www.instagram.com\/informelitoral\/","https:\/\/www.youtube.com\/channel\/UCua4Qvz8Icb6MYqhoq9xLXw"]},{"@type":"Person","@id":"https:\/\/informelitoral.com.ar\/#\/schema\/person\/b9d00407c836482871ef1d57bf8e3180","name":"Gonzalo Schmidt","image":{"@type":"ImageObject","inLanguage":"es","@id":"https:\/\/secure.gravatar.com\/avatar\/31a1a7b66ff2de83bd0e9fd79d026630d2d99e55e8bfe501287647b4fd9743de?s=96&d=mm&r=g","url":"https:\/\/secure.gravatar.com\/avatar\/31a1a7b66ff2de83bd0e9fd79d026630d2d99e55e8bfe501287647b4fd9743de?s=96&d=mm&r=g","contentUrl":"https:\/\/secure.gravatar.com\/avatar\/31a1a7b66ff2de83bd0e9fd79d026630d2d99e55e8bfe501287647b4fd9743de?s=96&d=mm&r=g","caption":"Gonzalo Schmidt"},"description":"Sitio web de noticias de la provincia de Entre R\u00edos, Argentina. Informaci\u00f3n y entretenimiento. Informe Litoral, nos informamos.","sameAs":["http:\/\/www.isletasnoticias.com.ar"],"url":"https:\/\/informelitoral.com.ar\/author\/gonzalo\/"}]}},"_links":{"self":[{"href":"https:\/\/informelitoral.com.ar\/%77%70%2d%6a%73%6f%6e\/wp\/v2\/posts\/26312","targetHints":{"allow":["GET"]}}],"collection":[{"href":"https:\/\/informelitoral.com.ar\/%77%70%2d%6a%73%6f%6e\/wp\/v2\/posts"}],"about":[{"href":"https:\/\/informelitoral.com.ar\/%77%70%2d%6a%73%6f%6e\/wp\/v2\/types\/post"}],"author":[{"embeddable":true,"href":"https:\/\/informelitoral.com.ar\/%77%70%2d%6a%73%6f%6e\/wp\/v2\/users\/2"}],"replies":[{"embeddable":true,"href":"https:\/\/informelitoral.com.ar\/%77%70%2d%6a%73%6f%6e\/wp\/v2\/comments?post=26312"}],"version-history":[{"count":0,"href":"https:\/\/informelitoral.com.ar\/%77%70%2d%6a%73%6f%6e\/wp\/v2\/posts\/26312\/revisions"}],"wp:featuredmedia":[{"embeddable":true,"href":"https:\/\/informelitoral.com.ar\/%77%70%2d%6a%73%6f%6e\/wp\/v2\/media\/25643"}],"wp:attachment":[{"href":"https:\/\/informelitoral.com.ar\/%77%70%2d%6a%73%6f%6e\/wp\/v2\/media?parent=26312"}],"wp:term":[{"taxonomy":"category","embeddable":true,"href":"https:\/\/informelitoral.com.ar\/%77%70%2d%6a%73%6f%6e\/wp\/v2\/categories?post=26312"},{"taxonomy":"post_tag","embeddable":true,"href":"https:\/\/informelitoral.com.ar\/%77%70%2d%6a%73%6f%6e\/wp\/v2\/tags?post=26312"}],"curies":[{"name":"wp","href":"https:\/\/api.w.org\/{rel}","templated":true}]}}