{"id":26309,"date":"2018-04-18T07:56:12","date_gmt":"2018-04-18T10:56:12","guid":{"rendered":"https:\/\/www.isletasnoticias.com.ar\/?p=26309"},"modified":"2018-04-18T07:56:12","modified_gmt":"2018-04-18T10:56:12","slug":"argentina-y-eeuu-haran-un-ejercicio-militar-en-el-litoral","status":"publish","type":"post","link":"https:\/\/informelitoral.com.ar\/argentina-y-eeuu-haran-un-ejercicio-militar-en-el-litoral\/","title":{"rendered":"Argentina y EEUU har\u00e1n un ejercicio militar en el Litoral"},"content":{"rendered":"<p>En medio del debate por el uso de armas qu\u00edmicas de Siria y los bombardeos de Washington contra el r\u00e9gimen de Bashar al Asad, el Ministerio de Defensa de Estados Unidos realizar\u00e1 un operativo de ejercicios militares con la Argentina para \u201cimpedir el trafico de armas de destrucci\u00f3n masiva a nivel global\u201d, seg\u00fan publica el sitio\u00a0<em>Infobae.<\/em><\/p>\n<p><strong>Los ejercicios militares conjuntos se realizar\u00e1n el 2 y 3 de mayo pr\u00f3ximo en una provincia del litoral argentino<\/strong>\u00a0en el marco de la ICP \u201ciniciativa contra la proliferaci\u00f3n\u201d de la que nuestro pa\u00eds es signatario desde hace varios a\u00f1os y que tiene como fin, seg\u00fan fuentes de la embajada de Estados Unidos, impedir el trafico de armas de destrucci\u00f3n masiva.<\/p>\n<p>Desde el 2003 se hicieron mas de 100 ejercicios de este tipo en distintos pa\u00edses del mundo, en los que se encuentran varias naciones de Am\u00e9rica Latina.\u00a0<strong>Esta es la primera vez que se har\u00e1 en Argentina.<\/strong><\/p>\n<p>En tanto, desde el Ministerio de Defensa explicaron que se trata de un ejercicio \u201cde mesa-te\u00f3rico\u201d, y por eso no se necesita aval del Congreso, ya que<strong>\u00a0no habr\u00e1 entrada de tropas norteamericanas, sino que la delegaci\u00f3n estar\u00e1 compuesta por t\u00e9cnicos de defensa y del area de inteligencia militar<\/strong>. Aunque admitieron desde el Gobierno que los ejercicios militares se desarrollar\u00e1n en un momento complejo, a d\u00edas del bombardeo a Siria por parte de las potencias Estados Unidos, Francia y Gran Breta\u00f1a.<\/p>\n<p><strong>\u00bfEn qu\u00e9 consistir\u00e1 el ejercicio?<\/strong><\/p>\n<p>El entrenamiento consistir\u00e1 en el traslado de un cami\u00f3n de una provincia del Litoral argentino que supuestamente lleva armas qu\u00edmicas y de destrucci\u00f3n masiva. La intenci\u00f3n es poner en marcha un operativo que se eval\u00fae con las fuerzas norteamericanas, los militares argentinos y las fuerzas de seguridad nacionales todos los posibles mecanismos de accionar conjunto para evitar una eventual cat\u00e1strofe. Por razones de seguridad de Estado no se dar\u00e1 a conocer el lugar espec\u00edfico del pa\u00eds donde se realizar\u00e1n los ejercicios, consign\u00f3\u00a0<em>Infobae.<\/em><\/p>\n","protected":false},"excerpt":{"rendered":"<p>En medio de la crisis de Siria, el entrenamiento entre Argentina y EEUU se realizar\u00e1 el 2 y 3 de mayo. Se trata de un operativo conjunto contra el uso de armas de destrucci\u00f3n masiva.<\/p>\n","protected":false},"author":2,"featured_media":26310,"comment_status":"open","ping_status":"open","sticky":false,"template":"","format":"standard","meta":{"fifu_image_url":"","fifu_image_alt":"","footnotes":""},"categories":[7,16],"tags":[246,245,86,247],"class_list":{"0":"post-26309","1":"post","2":"type-post","3":"status-publish","4":"format-standard","5":"has-post-thumbnail","7":"category-nacionales","8":"category-politi","9":"tag-argentina","10":"tag-ejercicio-militar","11":"tag-estados-unidos","12":"tag-litoral"},"yoast_head":"<title>Argentina y EEUU har\u00e1n un ejercicio militar en el Litoral - Informe Litoral<\/title>\n<meta name=\"robots\" content=\"index, follow, max-snippet:-1, max-image-preview:large, max-video-preview:-1\" \/>\n<link rel=\"canonical\" href=\"https:\/\/informelitoral.com.ar\/argentina-y-eeuu-haran-un-ejercicio-militar-en-el-litoral\/\" \/>\n<meta property=\"og:locale\" content=\"es_ES\" \/>\n<meta property=\"og:type\" content=\"article\" \/>\n<meta property=\"og:title\" content=\"Argentina y EEUU har\u00e1n un ejercicio militar en el Litoral - Informe Litoral\" \/>\n<meta property=\"og:description\" content=\"En medio de la crisis de Siria, el entrenamiento entre Argentina y EEUU se realizar\u00e1 el 2 y 3 de mayo. Se trata de un operativo conjunto contra el uso de armas de destrucci\u00f3n masiva.\" \/>\n<meta property=\"og:url\" content=\"https:\/\/informelitoral.com.ar\/argentina-y-eeuu-haran-un-ejercicio-militar-en-el-litoral\/\" \/>\n<meta property=\"og:site_name\" content=\"Informe Litoral\" \/>\n<meta property=\"article:publisher\" content=\"https:\/\/www.facebook.com\/informelitoral\/\" \/>\n<meta property=\"article:published_time\" content=\"2018-04-18T10:56:12+00:00\" \/>\n<meta property=\"og:image\" content=\"https:\/\/www.isletasnoticias.com.ar\/%77%70%2d%63%6f%6e%74%65%6e%74\/uploads\/2018\/04\/ejercicio-militar.jpg\" \/>\n<meta name=\"author\" content=\"Gonzalo Schmidt\" \/>\n<meta name=\"twitter:card\" content=\"summary_large_image\" \/>\n<meta name=\"twitter:creator\" content=\"@InformeLitoral\" \/>\n<meta name=\"twitter:site\" content=\"@InformeLitoral\" \/>\n<meta name=\"twitter:label1\" content=\"Escrito por\" \/>\n\t<meta name=\"twitter:data1\" content=\"Gonzalo Schmidt\" \/>\n\t<meta name=\"twitter:label2\" content=\"Tiempo de lectura\" \/>\n\t<meta name=\"twitter:data2\" content=\"2 minutos\" \/>\n<script type=\"application\/ld+json\" class=\"yoast-schema-graph\">{\"@context\":\"https:\\\/\\\/schema.org\",\"@graph\":[{\"@type\":\"Article\",\"@id\":\"https:\\\/\\\/informelitoral.com.ar\\\/argentina-y-eeuu-haran-un-ejercicio-militar-en-el-litoral\\\/#article\",\"isPartOf\":{\"@id\":\"https:\\\/\\\/informelitoral.com.ar\\\/argentina-y-eeuu-haran-un-ejercicio-militar-en-el-litoral\\\/\"},\"author\":{\"name\":\"Gonzalo Schmidt\",\"@id\":\"https:\\\/\\\/informelitoral.com.ar\\\/#\\\/schema\\\/person\\\/b9d00407c836482871ef1d57bf8e3180\"},\"headline\":\"Argentina y EEUU har\u00e1n un ejercicio militar en el Litoral\",\"datePublished\":\"2018-04-18T10:56:12+00:00\",\"mainEntityOfPage\":{\"@id\":\"https:\\\/\\\/informelitoral.com.ar\\\/argentina-y-eeuu-haran-un-ejercicio-militar-en-el-litoral\\\/\"},\"wordCount\":359,\"commentCount\":0,\"publisher\":{\"@id\":\"https:\\\/\\\/informelitoral.com.ar\\\/#organization\"},\"image\":{\"@id\":\"https:\\\/\\\/informelitoral.com.ar\\\/argentina-y-eeuu-haran-un-ejercicio-militar-en-el-litoral\\\/#primaryimage\"},\"thumbnailUrl\":\"https:\\\/\\\/informelitoral.com.ar\\\/%77%70%2d%63%6f%6e%74%65%6e%74\\\/uploads\\\/2018\\\/04\\\/ejercicio-militar.jpg\",\"keywords\":[\"Argentina\",\"Ejercicio militar\",\"Estados Unidos\",\"Litoral\"],\"articleSection\":[\"Nacionales\",\"Politica\"],\"inLanguage\":\"es\",\"potentialAction\":[{\"@type\":\"CommentAction\",\"name\":\"Comment\",\"target\":[\"https:\\\/\\\/informelitoral.com.ar\\\/argentina-y-eeuu-haran-un-ejercicio-militar-en-el-litoral\\\/#respond\"]}]},{\"@type\":\"WebPage\",\"@id\":\"https:\\\/\\\/informelitoral.com.ar\\\/argentina-y-eeuu-haran-un-ejercicio-militar-en-el-litoral\\\/\",\"url\":\"https:\\\/\\\/informelitoral.com.ar\\\/argentina-y-eeuu-haran-un-ejercicio-militar-en-el-litoral\\\/\",\"name\":\"Argentina y EEUU har\u00e1n un ejercicio militar en el Litoral - Informe Litoral\",\"isPartOf\":{\"@id\":\"https:\\\/\\\/informelitoral.com.ar\\\/#website\"},\"primaryImageOfPage\":{\"@id\":\"https:\\\/\\\/informelitoral.com.ar\\\/argentina-y-eeuu-haran-un-ejercicio-militar-en-el-litoral\\\/#primaryimage\"},\"image\":{\"@id\":\"https:\\\/\\\/informelitoral.com.ar\\\/argentina-y-eeuu-haran-un-ejercicio-militar-en-el-litoral\\\/#primaryimage\"},\"thumbnailUrl\":\"https:\\\/\\\/informelitoral.com.ar\\\/%77%70%2d%63%6f%6e%74%65%6e%74\\\/uploads\\\/2018\\\/04\\\/ejercicio-militar.jpg\",\"datePublished\":\"2018-04-18T10:56:12+00:00\",\"breadcrumb\":{\"@id\":\"https:\\\/\\\/informelitoral.com.ar\\\/argentina-y-eeuu-haran-un-ejercicio-militar-en-el-litoral\\\/#breadcrumb\"},\"inLanguage\":\"es\",\"potentialAction\":[{\"@type\":\"ReadAction\",\"target\":[\"https:\\\/\\\/informelitoral.com.ar\\\/argentina-y-eeuu-haran-un-ejercicio-militar-en-el-litoral\\\/\"]}]},{\"@type\":\"ImageObject\",\"inLanguage\":\"es\",\"@id\":\"https:\\\/\\\/informelitoral.com.ar\\\/argentina-y-eeuu-haran-un-ejercicio-militar-en-el-litoral\\\/#primaryimage\",\"url\":\"https:\\\/\\\/informelitoral.com.ar\\\/%77%70%2d%63%6f%6e%74%65%6e%74\\\/uploads\\\/2018\\\/04\\\/ejercicio-militar.jpg\",\"contentUrl\":\"https:\\\/\\\/informelitoral.com.ar\\\/%77%70%2d%63%6f%6e%74%65%6e%74\\\/uploads\\\/2018\\\/04\\\/ejercicio-militar.jpg\",\"width\":800,\"height\":450},{\"@type\":\"BreadcrumbList\",\"@id\":\"https:\\\/\\\/informelitoral.com.ar\\\/argentina-y-eeuu-haran-un-ejercicio-militar-en-el-litoral\\\/#breadcrumb\",\"itemListElement\":[{\"@type\":\"ListItem\",\"position\":1,\"name\":\"Portada\",\"item\":\"https:\\\/\\\/informelitoral.com.ar\\\/\"},{\"@type\":\"ListItem\",\"position\":2,\"name\":\"Argentina y EEUU har\u00e1n un ejercicio militar en el Litoral\"}]},{\"@type\":\"WebSite\",\"@id\":\"https:\\\/\\\/informelitoral.com.ar\\\/#website\",\"url\":\"https:\\\/\\\/informelitoral.com.ar\\\/\",\"name\":\"Informe Litoral\",\"description\":\"&quot;Nos informamos&quot; \",\"publisher\":{\"@id\":\"https:\\\/\\\/informelitoral.com.ar\\\/#organization\"},\"potentialAction\":[{\"@type\":\"SearchAction\",\"target\":{\"@type\":\"EntryPoint\",\"urlTemplate\":\"https:\\\/\\\/informelitoral.com.ar\\\/?s={search_term_string}\"},\"query-input\":{\"@type\":\"PropertyValueSpecification\",\"valueRequired\":true,\"valueName\":\"search_term_string\"}}],\"inLanguage\":\"es\"},{\"@type\":\"Organization\",\"@id\":\"https:\\\/\\\/informelitoral.com.ar\\\/#organization\",\"name\":\"Informe Litoral\",\"url\":\"https:\\\/\\\/informelitoral.com.ar\\\/\",\"logo\":{\"@type\":\"ImageObject\",\"inLanguage\":\"es\",\"@id\":\"https:\\\/\\\/informelitoral.com.ar\\\/#\\\/schema\\\/logo\\\/image\\\/\",\"url\":\"https:\\\/\\\/informelitoral.com.ar\\\/%77%70%2d%63%6f%6e%74%65%6e%74\\\/uploads\\\/2021\\\/01\\\/circulo.png\",\"contentUrl\":\"https:\\\/\\\/informelitoral.com.ar\\\/%77%70%2d%63%6f%6e%74%65%6e%74\\\/uploads\\\/2021\\\/01\\\/circulo.png\",\"width\":723,\"height\":731,\"caption\":\"Informe Litoral\"},\"image\":{\"@id\":\"https:\\\/\\\/informelitoral.com.ar\\\/#\\\/schema\\\/logo\\\/image\\\/\"},\"sameAs\":[\"https:\\\/\\\/www.facebook.com\\\/informelitoral\\\/\",\"https:\\\/\\\/x.com\\\/InformeLitoral\",\"https:\\\/\\\/www.instagram.com\\\/informelitoral\\\/\",\"https:\\\/\\\/www.youtube.com\\\/channel\\\/UCua4Qvz8Icb6MYqhoq9xLXw\"]},{\"@type\":\"Person\",\"@id\":\"https:\\\/\\\/informelitoral.com.ar\\\/#\\\/schema\\\/person\\\/b9d00407c836482871ef1d57bf8e3180\",\"name\":\"Gonzalo Schmidt\",\"image\":{\"@type\":\"ImageObject\",\"inLanguage\":\"es\",\"@id\":\"https:\\\/\\\/secure.gravatar.com\\\/avatar\\\/31a1a7b66ff2de83bd0e9fd79d026630d2d99e55e8bfe501287647b4fd9743de?s=96&d=mm&r=g\",\"url\":\"https:\\\/\\\/secure.gravatar.com\\\/avatar\\\/31a1a7b66ff2de83bd0e9fd79d026630d2d99e55e8bfe501287647b4fd9743de?s=96&d=mm&r=g\",\"contentUrl\":\"https:\\\/\\\/secure.gravatar.com\\\/avatar\\\/31a1a7b66ff2de83bd0e9fd79d026630d2d99e55e8bfe501287647b4fd9743de?s=96&d=mm&r=g\",\"caption\":\"Gonzalo Schmidt\"},\"description\":\"Sitio web de noticias de la provincia de Entre R\u00edos, Argentina. Informaci\u00f3n y entretenimiento. Informe Litoral, nos informamos.\",\"sameAs\":[\"http:\\\/\\\/www.isletasnoticias.com.ar\"],\"url\":\"https:\\\/\\\/informelitoral.com.ar\\\/author\\\/gonzalo\\\/\"}]}<\/script>","yoast_head_json":{"title":"Argentina y EEUU har\u00e1n un ejercicio militar en el Litoral - Informe Litoral","robots":{"index":"index","follow":"follow","max-snippet":"max-snippet:-1","max-image-preview":"max-image-preview:large","max-video-preview":"max-video-preview:-1"},"canonical":"https:\/\/informelitoral.com.ar\/argentina-y-eeuu-haran-un-ejercicio-militar-en-el-litoral\/","og_locale":"es_ES","og_type":"article","og_title":"Argentina y EEUU har\u00e1n un ejercicio militar en el Litoral - Informe Litoral","og_description":"En medio de la crisis de Siria, el entrenamiento entre Argentina y EEUU se realizar\u00e1 el 2 y 3 de mayo. Se trata de un operativo conjunto contra el uso de armas de destrucci\u00f3n masiva.","og_url":"https:\/\/informelitoral.com.ar\/argentina-y-eeuu-haran-un-ejercicio-militar-en-el-litoral\/","og_site_name":"Informe Litoral","article_publisher":"https:\/\/www.facebook.com\/informelitoral\/","article_published_time":"2018-04-18T10:56:12+00:00","og_image":[{"url":"https:\/\/www.isletasnoticias.com.ar\/%77%70%2d%63%6f%6e%74%65%6e%74\/uploads\/2018\/04\/ejercicio-militar.jpg","type":"","width":"","height":""}],"author":"Gonzalo Schmidt","twitter_card":"summary_large_image","twitter_creator":"@InformeLitoral","twitter_site":"@InformeLitoral","twitter_misc":{"Escrito por":"Gonzalo Schmidt","Tiempo de lectura":"2 minutos"},"schema":{"@context":"https:\/\/schema.org","@graph":[{"@type":"Article","@id":"https:\/\/informelitoral.com.ar\/argentina-y-eeuu-haran-un-ejercicio-militar-en-el-litoral\/#article","isPartOf":{"@id":"https:\/\/informelitoral.com.ar\/argentina-y-eeuu-haran-un-ejercicio-militar-en-el-litoral\/"},"author":{"name":"Gonzalo Schmidt","@id":"https:\/\/informelitoral.com.ar\/#\/schema\/person\/b9d00407c836482871ef1d57bf8e3180"},"headline":"Argentina y EEUU har\u00e1n un ejercicio militar en el Litoral","datePublished":"2018-04-18T10:56:12+00:00","mainEntityOfPage":{"@id":"https:\/\/informelitoral.com.ar\/argentina-y-eeuu-haran-un-ejercicio-militar-en-el-litoral\/"},"wordCount":359,"commentCount":0,"publisher":{"@id":"https:\/\/informelitoral.com.ar\/#organization"},"image":{"@id":"https:\/\/informelitoral.com.ar\/argentina-y-eeuu-haran-un-ejercicio-militar-en-el-litoral\/#primaryimage"},"thumbnailUrl":"https:\/\/informelitoral.com.ar\/%77%70%2d%63%6f%6e%74%65%6e%74\/uploads\/2018\/04\/ejercicio-militar.jpg","keywords":["Argentina","Ejercicio militar","Estados Unidos","Litoral"],"articleSection":["Nacionales","Politica"],"inLanguage":"es","potentialAction":[{"@type":"CommentAction","name":"Comment","target":["https:\/\/informelitoral.com.ar\/argentina-y-eeuu-haran-un-ejercicio-militar-en-el-litoral\/#respond"]}]},{"@type":"WebPage","@id":"https:\/\/informelitoral.com.ar\/argentina-y-eeuu-haran-un-ejercicio-militar-en-el-litoral\/","url":"https:\/\/informelitoral.com.ar\/argentina-y-eeuu-haran-un-ejercicio-militar-en-el-litoral\/","name":"Argentina y EEUU har\u00e1n un ejercicio militar en el Litoral - Informe Litoral","isPartOf":{"@id":"https:\/\/informelitoral.com.ar\/#website"},"primaryImageOfPage":{"@id":"https:\/\/informelitoral.com.ar\/argentina-y-eeuu-haran-un-ejercicio-militar-en-el-litoral\/#primaryimage"},"image":{"@id":"https:\/\/informelitoral.com.ar\/argentina-y-eeuu-haran-un-ejercicio-militar-en-el-litoral\/#primaryimage"},"thumbnailUrl":"https:\/\/informelitoral.com.ar\/%77%70%2d%63%6f%6e%74%65%6e%74\/uploads\/2018\/04\/ejercicio-militar.jpg","datePublished":"2018-04-18T10:56:12+00:00","breadcrumb":{"@id":"https:\/\/informelitoral.com.ar\/argentina-y-eeuu-haran-un-ejercicio-militar-en-el-litoral\/#breadcrumb"},"inLanguage":"es","potentialAction":[{"@type":"ReadAction","target":["https:\/\/informelitoral.com.ar\/argentina-y-eeuu-haran-un-ejercicio-militar-en-el-litoral\/"]}]},{"@type":"ImageObject","inLanguage":"es","@id":"https:\/\/informelitoral.com.ar\/argentina-y-eeuu-haran-un-ejercicio-militar-en-el-litoral\/#primaryimage","url":"https:\/\/informelitoral.com.ar\/%77%70%2d%63%6f%6e%74%65%6e%74\/uploads\/2018\/04\/ejercicio-militar.jpg","contentUrl":"https:\/\/informelitoral.com.ar\/%77%70%2d%63%6f%6e%74%65%6e%74\/uploads\/2018\/04\/ejercicio-militar.jpg","width":800,"height":450},{"@type":"BreadcrumbList","@id":"https:\/\/informelitoral.com.ar\/argentina-y-eeuu-haran-un-ejercicio-militar-en-el-litoral\/#breadcrumb","itemListElement":[{"@type":"ListItem","position":1,"name":"Portada","item":"https:\/\/informelitoral.com.ar\/"},{"@type":"ListItem","position":2,"name":"Argentina y EEUU har\u00e1n un ejercicio militar en el Litoral"}]},{"@type":"WebSite","@id":"https:\/\/informelitoral.com.ar\/#website","url":"https:\/\/informelitoral.com.ar\/","name":"Informe Litoral","description":"&quot;Nos informamos&quot; ","publisher":{"@id":"https:\/\/informelitoral.com.ar\/#organization"},"potentialAction":[{"@type":"SearchAction","target":{"@type":"EntryPoint","urlTemplate":"https:\/\/informelitoral.com.ar\/?s={search_term_string}"},"query-input":{"@type":"PropertyValueSpecification","valueRequired":true,"valueName":"search_term_string"}}],"inLanguage":"es"},{"@type":"Organization","@id":"https:\/\/informelitoral.com.ar\/#organization","name":"Informe Litoral","url":"https:\/\/informelitoral.com.ar\/","logo":{"@type":"ImageObject","inLanguage":"es","@id":"https:\/\/informelitoral.com.ar\/#\/schema\/logo\/image\/","url":"https:\/\/informelitoral.com.ar\/%77%70%2d%63%6f%6e%74%65%6e%74\/uploads\/2021\/01\/circulo.png","contentUrl":"https:\/\/informelitoral.com.ar\/%77%70%2d%63%6f%6e%74%65%6e%74\/uploads\/2021\/01\/circulo.png","width":723,"height":731,"caption":"Informe Litoral"},"image":{"@id":"https:\/\/informelitoral.com.ar\/#\/schema\/logo\/image\/"},"sameAs":["https:\/\/www.facebook.com\/informelitoral\/","https:\/\/x.com\/InformeLitoral","https:\/\/www.instagram.com\/informelitoral\/","https:\/\/www.youtube.com\/channel\/UCua4Qvz8Icb6MYqhoq9xLXw"]},{"@type":"Person","@id":"https:\/\/informelitoral.com.ar\/#\/schema\/person\/b9d00407c836482871ef1d57bf8e3180","name":"Gonzalo Schmidt","image":{"@type":"ImageObject","inLanguage":"es","@id":"https:\/\/secure.gravatar.com\/avatar\/31a1a7b66ff2de83bd0e9fd79d026630d2d99e55e8bfe501287647b4fd9743de?s=96&d=mm&r=g","url":"https:\/\/secure.gravatar.com\/avatar\/31a1a7b66ff2de83bd0e9fd79d026630d2d99e55e8bfe501287647b4fd9743de?s=96&d=mm&r=g","contentUrl":"https:\/\/secure.gravatar.com\/avatar\/31a1a7b66ff2de83bd0e9fd79d026630d2d99e55e8bfe501287647b4fd9743de?s=96&d=mm&r=g","caption":"Gonzalo Schmidt"},"description":"Sitio web de noticias de la provincia de Entre R\u00edos, Argentina. Informaci\u00f3n y entretenimiento. Informe Litoral, nos informamos.","sameAs":["http:\/\/www.isletasnoticias.com.ar"],"url":"https:\/\/informelitoral.com.ar\/author\/gonzalo\/"}]}},"_links":{"self":[{"href":"https:\/\/informelitoral.com.ar\/%77%70%2d%6a%73%6f%6e\/wp\/v2\/posts\/26309","targetHints":{"allow":["GET"]}}],"collection":[{"href":"https:\/\/informelitoral.com.ar\/%77%70%2d%6a%73%6f%6e\/wp\/v2\/posts"}],"about":[{"href":"https:\/\/informelitoral.com.ar\/%77%70%2d%6a%73%6f%6e\/wp\/v2\/types\/post"}],"author":[{"embeddable":true,"href":"https:\/\/informelitoral.com.ar\/%77%70%2d%6a%73%6f%6e\/wp\/v2\/users\/2"}],"replies":[{"embeddable":true,"href":"https:\/\/informelitoral.com.ar\/%77%70%2d%6a%73%6f%6e\/wp\/v2\/comments?post=26309"}],"version-history":[{"count":0,"href":"https:\/\/informelitoral.com.ar\/%77%70%2d%6a%73%6f%6e\/wp\/v2\/posts\/26309\/revisions"}],"wp:featuredmedia":[{"embeddable":true,"href":"https:\/\/informelitoral.com.ar\/%77%70%2d%6a%73%6f%6e\/wp\/v2\/media\/26310"}],"wp:attachment":[{"href":"https:\/\/informelitoral.com.ar\/%77%70%2d%6a%73%6f%6e\/wp\/v2\/media?parent=26309"}],"wp:term":[{"taxonomy":"category","embeddable":true,"href":"https:\/\/informelitoral.com.ar\/%77%70%2d%6a%73%6f%6e\/wp\/v2\/categories?post=26309"},{"taxonomy":"post_tag","embeddable":true,"href":"https:\/\/informelitoral.com.ar\/%77%70%2d%6a%73%6f%6e\/wp\/v2\/tags?post=26309"}],"curies":[{"name":"wp","href":"https:\/\/api.w.org\/{rel}","templated":true}]}}