{"id":26266,"date":"2018-04-16T11:25:16","date_gmt":"2018-04-16T14:25:16","guid":{"rendered":"https:\/\/www.isletasnoticias.com.ar\/?p=26266"},"modified":"2018-04-16T11:25:16","modified_gmt":"2018-04-16T14:25:16","slug":"se-vienen-dos-dias-de-paro-bancario","status":"publish","type":"post","link":"https:\/\/informelitoral.com.ar\/se-vienen-dos-dias-de-paro-bancario\/","title":{"rendered":"Se vienen dos d\u00edas de paro bancario"},"content":{"rendered":"<p>As\u00ed lo anunci\u00f3 el titular del gremio<strong>\u00a0Sergio Palazzo<\/strong>\u00a0en una rueda de prensa en la sede de la organizaci\u00f3n sindical, en el microcentro porte\u00f1o.<\/p>\n<p>La \u00faltima propuesta de ABA, Abappra, ABE y Adeba es un aumento de 15% sobre la remuneraci\u00f3n \u201cbrutas normales y habituales\u201d, a pagar en forma escalonada: 7% al 1\u00b0 de enero de 2018 -que ya se efectiviz\u00f3-, 4% a partir del 1\u00b0 de julio y 4% a partir del 1\u00b0 de octubre, no acumulativos en base al salario de diciembre. Adem\u00e1s, plantearon que el bono del bancario sea de $ 13.000 no remunerativo a pagar hasta el 6 de noviembre.<\/p>\n<p>Tras la conferencia de prensa, en di\u00e1logo con\u00a0<em>C5N,<\/em>\u00a0Palazzo ratific\u00f3 el rechazo a la oferta salarial empresaria y adelant\u00f3 que luego de una semana sin intermediaci\u00f3n del Ejecutivo, fueron convocados el jueves a una nueva reuni\u00f3n en el Ministerio de Trabajo.<\/p>\n<p><b>\u201cCon este ofrecimiento nos est\u00e1n pidiendo a los trabajadores que nos hagamos cargo de la diferencia con lo que va a ser la inflaci\u00f3n, que se presume ser\u00e1 por arriba del 20%\u201d,<\/b>\u00a0sostuvo, y agreg\u00f3:\u00a0<b>\u201cAdem\u00e1s quieren disminuir 50% el \u00edtem del D\u00eda del Bancario y pretenden no pagar un bono que se paga siempre con el cierre de paritarias y por eso en estos t\u00e9rminos es inaceptable el acuerdo\u201d<\/b>, reprodujo\u00a0<em>\u00c1mbito.com.<\/em><\/p>\n<p>Palazzo confirm\u00f3 que en d\u00edas pasados hubo \u201ccontactos informales\u201d con algunos directivos de las c\u00e1maras de bancos. \u201cNo todos los presidentes piensan lo mismo, algunos est\u00e1n m\u00e1s cercanos de lograr un entendimiento con La Bancaria, y otros, como la banca extranjera, que busca una rentabilidad voraz, que est\u00e1n queriendo quitar derechos, no es nuevo\u201d.<\/p>\n<p>En ese marco, destac\u00f3 las protestas con asambleas en el banco Santander y el Naci\u00f3n.\u00a0<b>\u201cTenemos una reuni\u00f3n el jueves en Trabajo, si siguen en la misma t\u00f3nica se van intensificar la acci\u00f3n gremial, que no solo es un paro, sino diversas medidas que analizar\u00e1 el consejo directivo nacional\u201d<\/b>, remarc\u00f3.<\/p>\n<p>Los bancarios rechazan adem\u00e1s la disminuci\u00f3n de determinados \u00edtems como el pago del D\u00eda del Bancario, que quedar\u00eda reducido a la mitad, y que no haya sido incluida en la oferta la cl\u00e1usula gatillo para actualizar el haber si la inflaci\u00f3n supera el techo paritario del 15%.<\/p>\n<p>Los bancarios realizaron el viernes 6 de abril un paro nacional de 24 horas en demanda de \u201csalarios justos y dignos\u201d y del cumplimiento de acuerdos previamente firmados, como la aplicaci\u00f3n de la cl\u00e1usula gatillo de 2017.<\/p>\n","protected":false},"excerpt":{"rendered":"<p>La Asociaci\u00f3n Bancaria ratific\u00f3 este lunes el paro de 48 horas para martes y mi\u00e9rcoles y anunci\u00f3 movilizaciones en todo el pa\u00eds. Es en rechazo de la oferta salarial de las c\u00e1maras empresariales de un aumento del 15% en tres cuotas.<\/p>\n","protected":false},"author":2,"featured_media":18661,"comment_status":"open","ping_status":"open","sticky":false,"template":"","format":"standard","meta":{"fifu_image_url":"","fifu_image_alt":"","footnotes":""},"categories":[7],"tags":[97,65,48],"class_list":{"0":"post-26266","1":"post","2":"type-post","3":"status-publish","4":"format-standard","5":"has-post-thumbnail","7":"category-nacionales","8":"tag-bancarios","9":"tag-paro","10":"tag-salarios"},"yoast_head":"<title>Se vienen dos d\u00edas de paro bancario - Informe Litoral<\/title>\n<meta name=\"robots\" content=\"index, follow, max-snippet:-1, max-image-preview:large, max-video-preview:-1\" \/>\n<link rel=\"canonical\" href=\"https:\/\/informelitoral.com.ar\/se-vienen-dos-dias-de-paro-bancario\/\" \/>\n<meta property=\"og:locale\" content=\"es_ES\" \/>\n<meta property=\"og:type\" content=\"article\" \/>\n<meta property=\"og:title\" content=\"Se vienen dos d\u00edas de paro bancario - Informe Litoral\" \/>\n<meta property=\"og:description\" content=\"La Asociaci\u00f3n Bancaria ratific\u00f3 este lunes el paro de 48 horas para martes y mi\u00e9rcoles y anunci\u00f3 movilizaciones en todo el pa\u00eds. Es en rechazo de la oferta salarial de las c\u00e1maras empresariales de un aumento del 15% en tres cuotas.\" \/>\n<meta property=\"og:url\" content=\"https:\/\/informelitoral.com.ar\/se-vienen-dos-dias-de-paro-bancario\/\" \/>\n<meta property=\"og:site_name\" content=\"Informe Litoral\" \/>\n<meta property=\"article:publisher\" content=\"https:\/\/www.facebook.com\/informelitoral\/\" \/>\n<meta property=\"article:published_time\" content=\"2018-04-16T14:25:16+00:00\" \/>\n<meta property=\"og:image\" content=\"https:\/\/www.isletasnoticias.com.ar\/%77%70%2d%63%6f%6e%74%65%6e%74\/uploads\/2016\/10\/Banco-paro-bancarios.jpg\" \/>\n<meta name=\"author\" content=\"Gonzalo Schmidt\" \/>\n<meta name=\"twitter:card\" content=\"summary_large_image\" \/>\n<meta name=\"twitter:creator\" content=\"@InformeLitoral\" \/>\n<meta name=\"twitter:site\" content=\"@InformeLitoral\" \/>\n<meta name=\"twitter:label1\" content=\"Escrito por\" \/>\n\t<meta name=\"twitter:data1\" content=\"Gonzalo Schmidt\" \/>\n\t<meta name=\"twitter:label2\" content=\"Tiempo de lectura\" \/>\n\t<meta name=\"twitter:data2\" content=\"2 minutos\" \/>\n<script type=\"application\/ld+json\" class=\"yoast-schema-graph\">{\"@context\":\"https:\\\/\\\/schema.org\",\"@graph\":[{\"@type\":\"Article\",\"@id\":\"https:\\\/\\\/informelitoral.com.ar\\\/se-vienen-dos-dias-de-paro-bancario\\\/#article\",\"isPartOf\":{\"@id\":\"https:\\\/\\\/informelitoral.com.ar\\\/se-vienen-dos-dias-de-paro-bancario\\\/\"},\"author\":{\"name\":\"Gonzalo Schmidt\",\"@id\":\"https:\\\/\\\/informelitoral.com.ar\\\/#\\\/schema\\\/person\\\/b9d00407c836482871ef1d57bf8e3180\"},\"headline\":\"Se vienen dos d\u00edas de paro bancario\",\"datePublished\":\"2018-04-16T14:25:16+00:00\",\"mainEntityOfPage\":{\"@id\":\"https:\\\/\\\/informelitoral.com.ar\\\/se-vienen-dos-dias-de-paro-bancario\\\/\"},\"wordCount\":430,\"commentCount\":0,\"publisher\":{\"@id\":\"https:\\\/\\\/informelitoral.com.ar\\\/#organization\"},\"image\":{\"@id\":\"https:\\\/\\\/informelitoral.com.ar\\\/se-vienen-dos-dias-de-paro-bancario\\\/#primaryimage\"},\"thumbnailUrl\":\"https:\\\/\\\/informelitoral.com.ar\\\/%77%70%2d%63%6f%6e%74%65%6e%74\\\/uploads\\\/2016\\\/10\\\/Banco-paro-bancarios.jpg\",\"keywords\":[\"Bancarios\",\"Paro\",\"Salarios\"],\"articleSection\":[\"Nacionales\"],\"inLanguage\":\"es\",\"potentialAction\":[{\"@type\":\"CommentAction\",\"name\":\"Comment\",\"target\":[\"https:\\\/\\\/informelitoral.com.ar\\\/se-vienen-dos-dias-de-paro-bancario\\\/#respond\"]}]},{\"@type\":\"WebPage\",\"@id\":\"https:\\\/\\\/informelitoral.com.ar\\\/se-vienen-dos-dias-de-paro-bancario\\\/\",\"url\":\"https:\\\/\\\/informelitoral.com.ar\\\/se-vienen-dos-dias-de-paro-bancario\\\/\",\"name\":\"Se vienen dos d\u00edas de paro bancario - Informe Litoral\",\"isPartOf\":{\"@id\":\"https:\\\/\\\/informelitoral.com.ar\\\/#website\"},\"primaryImageOfPage\":{\"@id\":\"https:\\\/\\\/informelitoral.com.ar\\\/se-vienen-dos-dias-de-paro-bancario\\\/#primaryimage\"},\"image\":{\"@id\":\"https:\\\/\\\/informelitoral.com.ar\\\/se-vienen-dos-dias-de-paro-bancario\\\/#primaryimage\"},\"thumbnailUrl\":\"https:\\\/\\\/informelitoral.com.ar\\\/%77%70%2d%63%6f%6e%74%65%6e%74\\\/uploads\\\/2016\\\/10\\\/Banco-paro-bancarios.jpg\",\"datePublished\":\"2018-04-16T14:25:16+00:00\",\"breadcrumb\":{\"@id\":\"https:\\\/\\\/informelitoral.com.ar\\\/se-vienen-dos-dias-de-paro-bancario\\\/#breadcrumb\"},\"inLanguage\":\"es\",\"potentialAction\":[{\"@type\":\"ReadAction\",\"target\":[\"https:\\\/\\\/informelitoral.com.ar\\\/se-vienen-dos-dias-de-paro-bancario\\\/\"]}]},{\"@type\":\"ImageObject\",\"inLanguage\":\"es\",\"@id\":\"https:\\\/\\\/informelitoral.com.ar\\\/se-vienen-dos-dias-de-paro-bancario\\\/#primaryimage\",\"url\":\"https:\\\/\\\/informelitoral.com.ar\\\/%77%70%2d%63%6f%6e%74%65%6e%74\\\/uploads\\\/2016\\\/10\\\/Banco-paro-bancarios.jpg\",\"contentUrl\":\"https:\\\/\\\/informelitoral.com.ar\\\/%77%70%2d%63%6f%6e%74%65%6e%74\\\/uploads\\\/2016\\\/10\\\/Banco-paro-bancarios.jpg\",\"width\":850,\"height\":492},{\"@type\":\"BreadcrumbList\",\"@id\":\"https:\\\/\\\/informelitoral.com.ar\\\/se-vienen-dos-dias-de-paro-bancario\\\/#breadcrumb\",\"itemListElement\":[{\"@type\":\"ListItem\",\"position\":1,\"name\":\"Portada\",\"item\":\"https:\\\/\\\/informelitoral.com.ar\\\/\"},{\"@type\":\"ListItem\",\"position\":2,\"name\":\"Se vienen dos d\u00edas de paro bancario\"}]},{\"@type\":\"WebSite\",\"@id\":\"https:\\\/\\\/informelitoral.com.ar\\\/#website\",\"url\":\"https:\\\/\\\/informelitoral.com.ar\\\/\",\"name\":\"Informe Litoral\",\"description\":\"&quot;Nos informamos&quot; \",\"publisher\":{\"@id\":\"https:\\\/\\\/informelitoral.com.ar\\\/#organization\"},\"potentialAction\":[{\"@type\":\"SearchAction\",\"target\":{\"@type\":\"EntryPoint\",\"urlTemplate\":\"https:\\\/\\\/informelitoral.com.ar\\\/?s={search_term_string}\"},\"query-input\":{\"@type\":\"PropertyValueSpecification\",\"valueRequired\":true,\"valueName\":\"search_term_string\"}}],\"inLanguage\":\"es\"},{\"@type\":\"Organization\",\"@id\":\"https:\\\/\\\/informelitoral.com.ar\\\/#organization\",\"name\":\"Informe Litoral\",\"url\":\"https:\\\/\\\/informelitoral.com.ar\\\/\",\"logo\":{\"@type\":\"ImageObject\",\"inLanguage\":\"es\",\"@id\":\"https:\\\/\\\/informelitoral.com.ar\\\/#\\\/schema\\\/logo\\\/image\\\/\",\"url\":\"https:\\\/\\\/informelitoral.com.ar\\\/%77%70%2d%63%6f%6e%74%65%6e%74\\\/uploads\\\/2021\\\/01\\\/circulo.png\",\"contentUrl\":\"https:\\\/\\\/informelitoral.com.ar\\\/%77%70%2d%63%6f%6e%74%65%6e%74\\\/uploads\\\/2021\\\/01\\\/circulo.png\",\"width\":723,\"height\":731,\"caption\":\"Informe Litoral\"},\"image\":{\"@id\":\"https:\\\/\\\/informelitoral.com.ar\\\/#\\\/schema\\\/logo\\\/image\\\/\"},\"sameAs\":[\"https:\\\/\\\/www.facebook.com\\\/informelitoral\\\/\",\"https:\\\/\\\/x.com\\\/InformeLitoral\",\"https:\\\/\\\/www.instagram.com\\\/informelitoral\\\/\",\"https:\\\/\\\/www.youtube.com\\\/channel\\\/UCua4Qvz8Icb6MYqhoq9xLXw\"]},{\"@type\":\"Person\",\"@id\":\"https:\\\/\\\/informelitoral.com.ar\\\/#\\\/schema\\\/person\\\/b9d00407c836482871ef1d57bf8e3180\",\"name\":\"Gonzalo Schmidt\",\"image\":{\"@type\":\"ImageObject\",\"inLanguage\":\"es\",\"@id\":\"https:\\\/\\\/secure.gravatar.com\\\/avatar\\\/31a1a7b66ff2de83bd0e9fd79d026630d2d99e55e8bfe501287647b4fd9743de?s=96&d=mm&r=g\",\"url\":\"https:\\\/\\\/secure.gravatar.com\\\/avatar\\\/31a1a7b66ff2de83bd0e9fd79d026630d2d99e55e8bfe501287647b4fd9743de?s=96&d=mm&r=g\",\"contentUrl\":\"https:\\\/\\\/secure.gravatar.com\\\/avatar\\\/31a1a7b66ff2de83bd0e9fd79d026630d2d99e55e8bfe501287647b4fd9743de?s=96&d=mm&r=g\",\"caption\":\"Gonzalo Schmidt\"},\"description\":\"Sitio web de noticias de la provincia de Entre R\u00edos, Argentina. Informaci\u00f3n y entretenimiento. Informe Litoral, nos informamos.\",\"sameAs\":[\"http:\\\/\\\/www.isletasnoticias.com.ar\"],\"url\":\"https:\\\/\\\/informelitoral.com.ar\\\/author\\\/gonzalo\\\/\"}]}<\/script>","yoast_head_json":{"title":"Se vienen dos d\u00edas de paro bancario - Informe Litoral","robots":{"index":"index","follow":"follow","max-snippet":"max-snippet:-1","max-image-preview":"max-image-preview:large","max-video-preview":"max-video-preview:-1"},"canonical":"https:\/\/informelitoral.com.ar\/se-vienen-dos-dias-de-paro-bancario\/","og_locale":"es_ES","og_type":"article","og_title":"Se vienen dos d\u00edas de paro bancario - Informe Litoral","og_description":"La Asociaci\u00f3n Bancaria ratific\u00f3 este lunes el paro de 48 horas para martes y mi\u00e9rcoles y anunci\u00f3 movilizaciones en todo el pa\u00eds. Es en rechazo de la oferta salarial de las c\u00e1maras empresariales de un aumento del 15% en tres cuotas.","og_url":"https:\/\/informelitoral.com.ar\/se-vienen-dos-dias-de-paro-bancario\/","og_site_name":"Informe Litoral","article_publisher":"https:\/\/www.facebook.com\/informelitoral\/","article_published_time":"2018-04-16T14:25:16+00:00","og_image":[{"url":"https:\/\/www.isletasnoticias.com.ar\/%77%70%2d%63%6f%6e%74%65%6e%74\/uploads\/2016\/10\/Banco-paro-bancarios.jpg","type":"","width":"","height":""}],"author":"Gonzalo Schmidt","twitter_card":"summary_large_image","twitter_creator":"@InformeLitoral","twitter_site":"@InformeLitoral","twitter_misc":{"Escrito por":"Gonzalo Schmidt","Tiempo de lectura":"2 minutos"},"schema":{"@context":"https:\/\/schema.org","@graph":[{"@type":"Article","@id":"https:\/\/informelitoral.com.ar\/se-vienen-dos-dias-de-paro-bancario\/#article","isPartOf":{"@id":"https:\/\/informelitoral.com.ar\/se-vienen-dos-dias-de-paro-bancario\/"},"author":{"name":"Gonzalo Schmidt","@id":"https:\/\/informelitoral.com.ar\/#\/schema\/person\/b9d00407c836482871ef1d57bf8e3180"},"headline":"Se vienen dos d\u00edas de paro bancario","datePublished":"2018-04-16T14:25:16+00:00","mainEntityOfPage":{"@id":"https:\/\/informelitoral.com.ar\/se-vienen-dos-dias-de-paro-bancario\/"},"wordCount":430,"commentCount":0,"publisher":{"@id":"https:\/\/informelitoral.com.ar\/#organization"},"image":{"@id":"https:\/\/informelitoral.com.ar\/se-vienen-dos-dias-de-paro-bancario\/#primaryimage"},"thumbnailUrl":"https:\/\/informelitoral.com.ar\/%77%70%2d%63%6f%6e%74%65%6e%74\/uploads\/2016\/10\/Banco-paro-bancarios.jpg","keywords":["Bancarios","Paro","Salarios"],"articleSection":["Nacionales"],"inLanguage":"es","potentialAction":[{"@type":"CommentAction","name":"Comment","target":["https:\/\/informelitoral.com.ar\/se-vienen-dos-dias-de-paro-bancario\/#respond"]}]},{"@type":"WebPage","@id":"https:\/\/informelitoral.com.ar\/se-vienen-dos-dias-de-paro-bancario\/","url":"https:\/\/informelitoral.com.ar\/se-vienen-dos-dias-de-paro-bancario\/","name":"Se vienen dos d\u00edas de paro bancario - Informe Litoral","isPartOf":{"@id":"https:\/\/informelitoral.com.ar\/#website"},"primaryImageOfPage":{"@id":"https:\/\/informelitoral.com.ar\/se-vienen-dos-dias-de-paro-bancario\/#primaryimage"},"image":{"@id":"https:\/\/informelitoral.com.ar\/se-vienen-dos-dias-de-paro-bancario\/#primaryimage"},"thumbnailUrl":"https:\/\/informelitoral.com.ar\/%77%70%2d%63%6f%6e%74%65%6e%74\/uploads\/2016\/10\/Banco-paro-bancarios.jpg","datePublished":"2018-04-16T14:25:16+00:00","breadcrumb":{"@id":"https:\/\/informelitoral.com.ar\/se-vienen-dos-dias-de-paro-bancario\/#breadcrumb"},"inLanguage":"es","potentialAction":[{"@type":"ReadAction","target":["https:\/\/informelitoral.com.ar\/se-vienen-dos-dias-de-paro-bancario\/"]}]},{"@type":"ImageObject","inLanguage":"es","@id":"https:\/\/informelitoral.com.ar\/se-vienen-dos-dias-de-paro-bancario\/#primaryimage","url":"https:\/\/informelitoral.com.ar\/%77%70%2d%63%6f%6e%74%65%6e%74\/uploads\/2016\/10\/Banco-paro-bancarios.jpg","contentUrl":"https:\/\/informelitoral.com.ar\/%77%70%2d%63%6f%6e%74%65%6e%74\/uploads\/2016\/10\/Banco-paro-bancarios.jpg","width":850,"height":492},{"@type":"BreadcrumbList","@id":"https:\/\/informelitoral.com.ar\/se-vienen-dos-dias-de-paro-bancario\/#breadcrumb","itemListElement":[{"@type":"ListItem","position":1,"name":"Portada","item":"https:\/\/informelitoral.com.ar\/"},{"@type":"ListItem","position":2,"name":"Se vienen dos d\u00edas de paro bancario"}]},{"@type":"WebSite","@id":"https:\/\/informelitoral.com.ar\/#website","url":"https:\/\/informelitoral.com.ar\/","name":"Informe Litoral","description":"&quot;Nos informamos&quot; ","publisher":{"@id":"https:\/\/informelitoral.com.ar\/#organization"},"potentialAction":[{"@type":"SearchAction","target":{"@type":"EntryPoint","urlTemplate":"https:\/\/informelitoral.com.ar\/?s={search_term_string}"},"query-input":{"@type":"PropertyValueSpecification","valueRequired":true,"valueName":"search_term_string"}}],"inLanguage":"es"},{"@type":"Organization","@id":"https:\/\/informelitoral.com.ar\/#organization","name":"Informe Litoral","url":"https:\/\/informelitoral.com.ar\/","logo":{"@type":"ImageObject","inLanguage":"es","@id":"https:\/\/informelitoral.com.ar\/#\/schema\/logo\/image\/","url":"https:\/\/informelitoral.com.ar\/%77%70%2d%63%6f%6e%74%65%6e%74\/uploads\/2021\/01\/circulo.png","contentUrl":"https:\/\/informelitoral.com.ar\/%77%70%2d%63%6f%6e%74%65%6e%74\/uploads\/2021\/01\/circulo.png","width":723,"height":731,"caption":"Informe Litoral"},"image":{"@id":"https:\/\/informelitoral.com.ar\/#\/schema\/logo\/image\/"},"sameAs":["https:\/\/www.facebook.com\/informelitoral\/","https:\/\/x.com\/InformeLitoral","https:\/\/www.instagram.com\/informelitoral\/","https:\/\/www.youtube.com\/channel\/UCua4Qvz8Icb6MYqhoq9xLXw"]},{"@type":"Person","@id":"https:\/\/informelitoral.com.ar\/#\/schema\/person\/b9d00407c836482871ef1d57bf8e3180","name":"Gonzalo Schmidt","image":{"@type":"ImageObject","inLanguage":"es","@id":"https:\/\/secure.gravatar.com\/avatar\/31a1a7b66ff2de83bd0e9fd79d026630d2d99e55e8bfe501287647b4fd9743de?s=96&d=mm&r=g","url":"https:\/\/secure.gravatar.com\/avatar\/31a1a7b66ff2de83bd0e9fd79d026630d2d99e55e8bfe501287647b4fd9743de?s=96&d=mm&r=g","contentUrl":"https:\/\/secure.gravatar.com\/avatar\/31a1a7b66ff2de83bd0e9fd79d026630d2d99e55e8bfe501287647b4fd9743de?s=96&d=mm&r=g","caption":"Gonzalo Schmidt"},"description":"Sitio web de noticias de la provincia de Entre R\u00edos, Argentina. Informaci\u00f3n y entretenimiento. Informe Litoral, nos informamos.","sameAs":["http:\/\/www.isletasnoticias.com.ar"],"url":"https:\/\/informelitoral.com.ar\/author\/gonzalo\/"}]}},"_links":{"self":[{"href":"https:\/\/informelitoral.com.ar\/%77%70%2d%6a%73%6f%6e\/wp\/v2\/posts\/26266","targetHints":{"allow":["GET"]}}],"collection":[{"href":"https:\/\/informelitoral.com.ar\/%77%70%2d%6a%73%6f%6e\/wp\/v2\/posts"}],"about":[{"href":"https:\/\/informelitoral.com.ar\/%77%70%2d%6a%73%6f%6e\/wp\/v2\/types\/post"}],"author":[{"embeddable":true,"href":"https:\/\/informelitoral.com.ar\/%77%70%2d%6a%73%6f%6e\/wp\/v2\/users\/2"}],"replies":[{"embeddable":true,"href":"https:\/\/informelitoral.com.ar\/%77%70%2d%6a%73%6f%6e\/wp\/v2\/comments?post=26266"}],"version-history":[{"count":0,"href":"https:\/\/informelitoral.com.ar\/%77%70%2d%6a%73%6f%6e\/wp\/v2\/posts\/26266\/revisions"}],"wp:featuredmedia":[{"embeddable":true,"href":"https:\/\/informelitoral.com.ar\/%77%70%2d%6a%73%6f%6e\/wp\/v2\/media\/18661"}],"wp:attachment":[{"href":"https:\/\/informelitoral.com.ar\/%77%70%2d%6a%73%6f%6e\/wp\/v2\/media?parent=26266"}],"wp:term":[{"taxonomy":"category","embeddable":true,"href":"https:\/\/informelitoral.com.ar\/%77%70%2d%6a%73%6f%6e\/wp\/v2\/categories?post=26266"},{"taxonomy":"post_tag","embeddable":true,"href":"https:\/\/informelitoral.com.ar\/%77%70%2d%6a%73%6f%6e\/wp\/v2\/tags?post=26266"}],"curies":[{"name":"wp","href":"https:\/\/api.w.org\/{rel}","templated":true}]}}