{"id":26259,"date":"2018-04-16T08:03:28","date_gmt":"2018-04-16T11:03:28","guid":{"rendered":"https:\/\/www.isletasnoticias.com.ar\/?p=26259"},"modified":"2018-04-16T08:03:28","modified_gmt":"2018-04-16T11:03:28","slug":"bordet-propone-un-sistema-portuario-integrado-con-uruguay","status":"publish","type":"post","link":"https:\/\/informelitoral.com.ar\/bordet-propone-un-sistema-portuario-integrado-con-uruguay\/","title":{"rendered":"Bordet propone un sistema portuario integrado con Uruguay"},"content":{"rendered":"<p>Desde el buque que completa su carga de arroz en el puerto Concepci\u00f3n del Uruguay con destino a Irak, el mandatario se\u00f1al\u00f3 que \u201ces clave tener operativos los puertos sobre el r\u00edo Uruguay, tanto de Fray Bentos, Paysand\u00fa, Concepci\u00f3n del Uruguay e Ibicuy. Poder lograr el tr\u00e1fico fluvial resulta imperioso\u201d, asever\u00f3 el gobernador entrerriano al insistir en la necesidad de un sistema portuario integrado y la ampliaci\u00f3n de la navegabilidad del r\u00edo Uruguay que se est\u00e1 dragando.<\/p>\n<p>El mandatario visit\u00f3 la estaci\u00f3n fluvial donde el barco de bandera portuguesa Carlota Bolten, carga 15.000 toneladas de arroz en bolsa con destino a Irak. El ultramarino completar\u00e1 su carga a 30.000 toneladas en la terminal Del Guaz\u00fa, en el sur entrerriano.<\/p>\n<p>\u201cLa reactivaci\u00f3n del sistema portuario de la provincia es un compromiso que asumimos con el sector productivo entrerriano y que estamos cumpliendo para reducir los costos de fletes y darles mayor competitividad en el mercado internacional\u201d, se\u00f1al\u00f3.<\/p>\n<p>Bordet se hizo presente en los muelles 3 y 4 de la terminal portuaria donde, luego de saludar a los obreros que trabajan en el lugar, se dirigi\u00f3 al ultramarino y junto a su capit\u00e1n recorri\u00f3 la bodega donde se carga la mercader\u00eda y otros espacios de la nave.<\/p>\n<p>El ultramarino tiene 178 metros de eslora por 30 metros de manga y carga 15.000 toneladas en este puerto, para luego completar la carga a 30.000 toneladas en la terminal Del Guaz\u00fa, en Villa Paranacito. La nave demorar\u00e1 33 d\u00edas en llegar a su destino que es Irak.<\/p>\n<p>El mandatario consider\u00f3 que el dragado que se lleva adelante en el r\u00edo Uruguay \u201ces importante por la trazabilidad en materia portuaria para la provincia y para tener un trabajo articulado para desarrollar una pol\u00edtica com\u00fan entre todos los actores intervinientes en el orden nacional, provincial y local, y tambi\u00e9n con todas las entidades que tienen relaci\u00f3n con el r\u00edo\u00bb.<\/p>\n<p>Bordet hizo notar que \u00absobre el r\u00edo Uruguay, el puerto que tiene Argentina es Concepci\u00f3n del Uruguay, que es un puerto que hoy est\u00e1 activo y con capacidad operativa para exportar tanto a granel como con contenedores que permiten garantizar la cadena de fr\u00edo. Estamos trabajando en conjunto para lograr un mayor volumen de operaciones que permita la sustentabilidad, y el dragado es una herramienta enorme para lograr tener los vol\u00famenes deseados\u201d.<\/p>\n<p>Cabe se\u00f1alar que en marzo comenz\u00f3 el dragado del r\u00edo Uruguay desde el paso Tres Cruces y se estima que entre agosto y septiembre estar\u00eda la draga en el puerto de Concepci\u00f3n del Uruguay. Al d\u00eda de hoy se llevan dragados cuatro de los 17 pasos certificados por la Comisi\u00f3n Administradora del R\u00edo Uruguay (CARU), profundizados a 25 pies.<\/p>\n<p>Bordet estuvo acompa\u00f1ado por el intendente de Concepci\u00f3n del Uruguay, Jos\u00e9 Lauritto; el titular del Instituto Portuario Provincial, Carlos Schepens, y otros integrantes de ese organismo. Unas 200 personas se encontraban trabajando en el lugar, 120 afectadas al buque y el resto en los galpones del puerto.<\/p>\n<p><strong>Estado de la red portuaria<\/strong><\/p>\n<p>Por su parte, sobre la situaci\u00f3n de los tres puertos de ultramar con que cuenta la provincia, Schepens detall\u00f3 que en el caso del de Diamante, \u201chasta hoy se sacaron seis buques ultramarinos.<\/p>\n<p>En lo que respecta al puerto de Ibicuy, coment\u00f3 que \u201cse conform\u00f3 una comisi\u00f3n de trabajo para terminar la licitaci\u00f3n para el pedido del dragado de emergencia, que es muy complicada ya que se desconoce lo que pueda haber en el lecho del r\u00edo despu\u00e9s de siete a\u00f1os, lo cual hace muy dif\u00edcil la cotizaci\u00f3n del dragado, pero estamos muy cerca. Una vez que se termine el dragado el puerto estar\u00e1 listo para operar de manera p\u00fablica\u201d.<\/p>\n","protected":false},"excerpt":{"rendered":"<p>\u201cEstamos frente a la oportunidad de integrar realmente un sistema portuario que nos permita llegar, en econom\u00eda y costos de transportes, con una log\u00edstica efectiva y eficaz para poder tener una din\u00e1mica de nuestros sistemas productivos\u201d, expres\u00f3 el gobernador Gustavo Bordet.<\/p>\n","protected":false},"author":2,"featured_media":26260,"comment_status":"open","ping_status":"open","sticky":false,"template":"","format":"standard","meta":{"fifu_image_url":"","fifu_image_alt":"","footnotes":""},"categories":[6],"tags":[81,167,121],"class_list":{"0":"post-26259","1":"post","2":"type-post","3":"status-publish","4":"format-standard","5":"has-post-thumbnail","7":"category-entre-rios","8":"tag-entre-rios","9":"tag-gustavo-bordet","10":"tag-puertos"},"yoast_head":"<title>Bordet propone un sistema portuario integrado con Uruguay - Informe Litoral<\/title>\n<meta name=\"robots\" content=\"index, follow, max-snippet:-1, max-image-preview:large, max-video-preview:-1\" \/>\n<link rel=\"canonical\" href=\"https:\/\/informelitoral.com.ar\/bordet-propone-un-sistema-portuario-integrado-con-uruguay\/\" \/>\n<meta property=\"og:locale\" content=\"es_ES\" \/>\n<meta property=\"og:type\" content=\"article\" \/>\n<meta property=\"og:title\" content=\"Bordet propone un sistema portuario integrado con Uruguay - Informe Litoral\" \/>\n<meta property=\"og:description\" content=\"\u201cEstamos frente a la oportunidad de integrar realmente un sistema portuario que nos permita llegar, en econom\u00eda y costos de transportes, con una log\u00edstica efectiva y eficaz para poder tener una din\u00e1mica de nuestros sistemas productivos\u201d, expres\u00f3 el gobernador Gustavo Bordet.\" \/>\n<meta property=\"og:url\" content=\"https:\/\/informelitoral.com.ar\/bordet-propone-un-sistema-portuario-integrado-con-uruguay\/\" \/>\n<meta property=\"og:site_name\" content=\"Informe Litoral\" \/>\n<meta property=\"article:publisher\" content=\"https:\/\/www.facebook.com\/informelitoral\/\" \/>\n<meta property=\"article:published_time\" content=\"2018-04-16T11:03:28+00:00\" \/>\n<meta property=\"og:image\" content=\"https:\/\/www.isletasnoticias.com.ar\/%77%70%2d%63%6f%6e%74%65%6e%74\/uploads\/2018\/04\/1523815336jpg.jpg\" \/>\n<meta name=\"author\" content=\"Gonzalo Schmidt\" \/>\n<meta name=\"twitter:card\" content=\"summary_large_image\" \/>\n<meta name=\"twitter:creator\" content=\"@InformeLitoral\" \/>\n<meta name=\"twitter:site\" content=\"@InformeLitoral\" \/>\n<meta name=\"twitter:label1\" content=\"Escrito por\" \/>\n\t<meta name=\"twitter:data1\" content=\"Gonzalo Schmidt\" \/>\n\t<meta name=\"twitter:label2\" content=\"Tiempo de lectura\" \/>\n\t<meta name=\"twitter:data2\" content=\"3 minutos\" \/>\n<script type=\"application\/ld+json\" class=\"yoast-schema-graph\">{\"@context\":\"https:\\\/\\\/schema.org\",\"@graph\":[{\"@type\":\"Article\",\"@id\":\"https:\\\/\\\/informelitoral.com.ar\\\/bordet-propone-un-sistema-portuario-integrado-con-uruguay\\\/#article\",\"isPartOf\":{\"@id\":\"https:\\\/\\\/informelitoral.com.ar\\\/bordet-propone-un-sistema-portuario-integrado-con-uruguay\\\/\"},\"author\":{\"name\":\"Gonzalo Schmidt\",\"@id\":\"https:\\\/\\\/informelitoral.com.ar\\\/#\\\/schema\\\/person\\\/b9d00407c836482871ef1d57bf8e3180\"},\"headline\":\"Bordet propone un sistema portuario integrado con Uruguay\",\"datePublished\":\"2018-04-16T11:03:28+00:00\",\"mainEntityOfPage\":{\"@id\":\"https:\\\/\\\/informelitoral.com.ar\\\/bordet-propone-un-sistema-portuario-integrado-con-uruguay\\\/\"},\"wordCount\":642,\"commentCount\":0,\"publisher\":{\"@id\":\"https:\\\/\\\/informelitoral.com.ar\\\/#organization\"},\"image\":{\"@id\":\"https:\\\/\\\/informelitoral.com.ar\\\/bordet-propone-un-sistema-portuario-integrado-con-uruguay\\\/#primaryimage\"},\"thumbnailUrl\":\"https:\\\/\\\/informelitoral.com.ar\\\/%77%70%2d%63%6f%6e%74%65%6e%74\\\/uploads\\\/2018\\\/04\\\/1523815336jpg.jpg\",\"keywords\":[\"Entre R\u00edos\",\"Gustavo Bordet\",\"Puertos\"],\"articleSection\":[\"Entre R\u00edos\"],\"inLanguage\":\"es\",\"potentialAction\":[{\"@type\":\"CommentAction\",\"name\":\"Comment\",\"target\":[\"https:\\\/\\\/informelitoral.com.ar\\\/bordet-propone-un-sistema-portuario-integrado-con-uruguay\\\/#respond\"]}]},{\"@type\":\"WebPage\",\"@id\":\"https:\\\/\\\/informelitoral.com.ar\\\/bordet-propone-un-sistema-portuario-integrado-con-uruguay\\\/\",\"url\":\"https:\\\/\\\/informelitoral.com.ar\\\/bordet-propone-un-sistema-portuario-integrado-con-uruguay\\\/\",\"name\":\"Bordet propone un sistema portuario integrado con Uruguay - Informe Litoral\",\"isPartOf\":{\"@id\":\"https:\\\/\\\/informelitoral.com.ar\\\/#website\"},\"primaryImageOfPage\":{\"@id\":\"https:\\\/\\\/informelitoral.com.ar\\\/bordet-propone-un-sistema-portuario-integrado-con-uruguay\\\/#primaryimage\"},\"image\":{\"@id\":\"https:\\\/\\\/informelitoral.com.ar\\\/bordet-propone-un-sistema-portuario-integrado-con-uruguay\\\/#primaryimage\"},\"thumbnailUrl\":\"https:\\\/\\\/informelitoral.com.ar\\\/%77%70%2d%63%6f%6e%74%65%6e%74\\\/uploads\\\/2018\\\/04\\\/1523815336jpg.jpg\",\"datePublished\":\"2018-04-16T11:03:28+00:00\",\"breadcrumb\":{\"@id\":\"https:\\\/\\\/informelitoral.com.ar\\\/bordet-propone-un-sistema-portuario-integrado-con-uruguay\\\/#breadcrumb\"},\"inLanguage\":\"es\",\"potentialAction\":[{\"@type\":\"ReadAction\",\"target\":[\"https:\\\/\\\/informelitoral.com.ar\\\/bordet-propone-un-sistema-portuario-integrado-con-uruguay\\\/\"]}]},{\"@type\":\"ImageObject\",\"inLanguage\":\"es\",\"@id\":\"https:\\\/\\\/informelitoral.com.ar\\\/bordet-propone-un-sistema-portuario-integrado-con-uruguay\\\/#primaryimage\",\"url\":\"https:\\\/\\\/informelitoral.com.ar\\\/%77%70%2d%63%6f%6e%74%65%6e%74\\\/uploads\\\/2018\\\/04\\\/1523815336jpg.jpg\",\"contentUrl\":\"https:\\\/\\\/informelitoral.com.ar\\\/%77%70%2d%63%6f%6e%74%65%6e%74\\\/uploads\\\/2018\\\/04\\\/1523815336jpg.jpg\",\"width\":2756,\"height\":1839},{\"@type\":\"BreadcrumbList\",\"@id\":\"https:\\\/\\\/informelitoral.com.ar\\\/bordet-propone-un-sistema-portuario-integrado-con-uruguay\\\/#breadcrumb\",\"itemListElement\":[{\"@type\":\"ListItem\",\"position\":1,\"name\":\"Portada\",\"item\":\"https:\\\/\\\/informelitoral.com.ar\\\/\"},{\"@type\":\"ListItem\",\"position\":2,\"name\":\"Bordet propone un sistema portuario integrado con Uruguay\"}]},{\"@type\":\"WebSite\",\"@id\":\"https:\\\/\\\/informelitoral.com.ar\\\/#website\",\"url\":\"https:\\\/\\\/informelitoral.com.ar\\\/\",\"name\":\"Informe Litoral\",\"description\":\"&quot;Nos informamos&quot; \",\"publisher\":{\"@id\":\"https:\\\/\\\/informelitoral.com.ar\\\/#organization\"},\"potentialAction\":[{\"@type\":\"SearchAction\",\"target\":{\"@type\":\"EntryPoint\",\"urlTemplate\":\"https:\\\/\\\/informelitoral.com.ar\\\/?s={search_term_string}\"},\"query-input\":{\"@type\":\"PropertyValueSpecification\",\"valueRequired\":true,\"valueName\":\"search_term_string\"}}],\"inLanguage\":\"es\"},{\"@type\":\"Organization\",\"@id\":\"https:\\\/\\\/informelitoral.com.ar\\\/#organization\",\"name\":\"Informe Litoral\",\"url\":\"https:\\\/\\\/informelitoral.com.ar\\\/\",\"logo\":{\"@type\":\"ImageObject\",\"inLanguage\":\"es\",\"@id\":\"https:\\\/\\\/informelitoral.com.ar\\\/#\\\/schema\\\/logo\\\/image\\\/\",\"url\":\"https:\\\/\\\/informelitoral.com.ar\\\/%77%70%2d%63%6f%6e%74%65%6e%74\\\/uploads\\\/2021\\\/01\\\/circulo.png\",\"contentUrl\":\"https:\\\/\\\/informelitoral.com.ar\\\/%77%70%2d%63%6f%6e%74%65%6e%74\\\/uploads\\\/2021\\\/01\\\/circulo.png\",\"width\":723,\"height\":731,\"caption\":\"Informe Litoral\"},\"image\":{\"@id\":\"https:\\\/\\\/informelitoral.com.ar\\\/#\\\/schema\\\/logo\\\/image\\\/\"},\"sameAs\":[\"https:\\\/\\\/www.facebook.com\\\/informelitoral\\\/\",\"https:\\\/\\\/x.com\\\/InformeLitoral\",\"https:\\\/\\\/www.instagram.com\\\/informelitoral\\\/\",\"https:\\\/\\\/www.youtube.com\\\/channel\\\/UCua4Qvz8Icb6MYqhoq9xLXw\"]},{\"@type\":\"Person\",\"@id\":\"https:\\\/\\\/informelitoral.com.ar\\\/#\\\/schema\\\/person\\\/b9d00407c836482871ef1d57bf8e3180\",\"name\":\"Gonzalo Schmidt\",\"image\":{\"@type\":\"ImageObject\",\"inLanguage\":\"es\",\"@id\":\"https:\\\/\\\/secure.gravatar.com\\\/avatar\\\/31a1a7b66ff2de83bd0e9fd79d026630d2d99e55e8bfe501287647b4fd9743de?s=96&d=mm&r=g\",\"url\":\"https:\\\/\\\/secure.gravatar.com\\\/avatar\\\/31a1a7b66ff2de83bd0e9fd79d026630d2d99e55e8bfe501287647b4fd9743de?s=96&d=mm&r=g\",\"contentUrl\":\"https:\\\/\\\/secure.gravatar.com\\\/avatar\\\/31a1a7b66ff2de83bd0e9fd79d026630d2d99e55e8bfe501287647b4fd9743de?s=96&d=mm&r=g\",\"caption\":\"Gonzalo Schmidt\"},\"description\":\"Sitio web de noticias de la provincia de Entre R\u00edos, Argentina. Informaci\u00f3n y entretenimiento. Informe Litoral, nos informamos.\",\"sameAs\":[\"http:\\\/\\\/www.isletasnoticias.com.ar\"],\"url\":\"https:\\\/\\\/informelitoral.com.ar\\\/author\\\/gonzalo\\\/\"}]}<\/script>","yoast_head_json":{"title":"Bordet propone un sistema portuario integrado con Uruguay - Informe Litoral","robots":{"index":"index","follow":"follow","max-snippet":"max-snippet:-1","max-image-preview":"max-image-preview:large","max-video-preview":"max-video-preview:-1"},"canonical":"https:\/\/informelitoral.com.ar\/bordet-propone-un-sistema-portuario-integrado-con-uruguay\/","og_locale":"es_ES","og_type":"article","og_title":"Bordet propone un sistema portuario integrado con Uruguay - Informe Litoral","og_description":"\u201cEstamos frente a la oportunidad de integrar realmente un sistema portuario que nos permita llegar, en econom\u00eda y costos de transportes, con una log\u00edstica efectiva y eficaz para poder tener una din\u00e1mica de nuestros sistemas productivos\u201d, expres\u00f3 el gobernador Gustavo Bordet.","og_url":"https:\/\/informelitoral.com.ar\/bordet-propone-un-sistema-portuario-integrado-con-uruguay\/","og_site_name":"Informe Litoral","article_publisher":"https:\/\/www.facebook.com\/informelitoral\/","article_published_time":"2018-04-16T11:03:28+00:00","og_image":[{"url":"https:\/\/www.isletasnoticias.com.ar\/%77%70%2d%63%6f%6e%74%65%6e%74\/uploads\/2018\/04\/1523815336jpg.jpg","type":"","width":"","height":""}],"author":"Gonzalo Schmidt","twitter_card":"summary_large_image","twitter_creator":"@InformeLitoral","twitter_site":"@InformeLitoral","twitter_misc":{"Escrito por":"Gonzalo Schmidt","Tiempo de lectura":"3 minutos"},"schema":{"@context":"https:\/\/schema.org","@graph":[{"@type":"Article","@id":"https:\/\/informelitoral.com.ar\/bordet-propone-un-sistema-portuario-integrado-con-uruguay\/#article","isPartOf":{"@id":"https:\/\/informelitoral.com.ar\/bordet-propone-un-sistema-portuario-integrado-con-uruguay\/"},"author":{"name":"Gonzalo Schmidt","@id":"https:\/\/informelitoral.com.ar\/#\/schema\/person\/b9d00407c836482871ef1d57bf8e3180"},"headline":"Bordet propone un sistema portuario integrado con Uruguay","datePublished":"2018-04-16T11:03:28+00:00","mainEntityOfPage":{"@id":"https:\/\/informelitoral.com.ar\/bordet-propone-un-sistema-portuario-integrado-con-uruguay\/"},"wordCount":642,"commentCount":0,"publisher":{"@id":"https:\/\/informelitoral.com.ar\/#organization"},"image":{"@id":"https:\/\/informelitoral.com.ar\/bordet-propone-un-sistema-portuario-integrado-con-uruguay\/#primaryimage"},"thumbnailUrl":"https:\/\/informelitoral.com.ar\/%77%70%2d%63%6f%6e%74%65%6e%74\/uploads\/2018\/04\/1523815336jpg.jpg","keywords":["Entre R\u00edos","Gustavo Bordet","Puertos"],"articleSection":["Entre R\u00edos"],"inLanguage":"es","potentialAction":[{"@type":"CommentAction","name":"Comment","target":["https:\/\/informelitoral.com.ar\/bordet-propone-un-sistema-portuario-integrado-con-uruguay\/#respond"]}]},{"@type":"WebPage","@id":"https:\/\/informelitoral.com.ar\/bordet-propone-un-sistema-portuario-integrado-con-uruguay\/","url":"https:\/\/informelitoral.com.ar\/bordet-propone-un-sistema-portuario-integrado-con-uruguay\/","name":"Bordet propone un sistema portuario integrado con Uruguay - Informe Litoral","isPartOf":{"@id":"https:\/\/informelitoral.com.ar\/#website"},"primaryImageOfPage":{"@id":"https:\/\/informelitoral.com.ar\/bordet-propone-un-sistema-portuario-integrado-con-uruguay\/#primaryimage"},"image":{"@id":"https:\/\/informelitoral.com.ar\/bordet-propone-un-sistema-portuario-integrado-con-uruguay\/#primaryimage"},"thumbnailUrl":"https:\/\/informelitoral.com.ar\/%77%70%2d%63%6f%6e%74%65%6e%74\/uploads\/2018\/04\/1523815336jpg.jpg","datePublished":"2018-04-16T11:03:28+00:00","breadcrumb":{"@id":"https:\/\/informelitoral.com.ar\/bordet-propone-un-sistema-portuario-integrado-con-uruguay\/#breadcrumb"},"inLanguage":"es","potentialAction":[{"@type":"ReadAction","target":["https:\/\/informelitoral.com.ar\/bordet-propone-un-sistema-portuario-integrado-con-uruguay\/"]}]},{"@type":"ImageObject","inLanguage":"es","@id":"https:\/\/informelitoral.com.ar\/bordet-propone-un-sistema-portuario-integrado-con-uruguay\/#primaryimage","url":"https:\/\/informelitoral.com.ar\/%77%70%2d%63%6f%6e%74%65%6e%74\/uploads\/2018\/04\/1523815336jpg.jpg","contentUrl":"https:\/\/informelitoral.com.ar\/%77%70%2d%63%6f%6e%74%65%6e%74\/uploads\/2018\/04\/1523815336jpg.jpg","width":2756,"height":1839},{"@type":"BreadcrumbList","@id":"https:\/\/informelitoral.com.ar\/bordet-propone-un-sistema-portuario-integrado-con-uruguay\/#breadcrumb","itemListElement":[{"@type":"ListItem","position":1,"name":"Portada","item":"https:\/\/informelitoral.com.ar\/"},{"@type":"ListItem","position":2,"name":"Bordet propone un sistema portuario integrado con Uruguay"}]},{"@type":"WebSite","@id":"https:\/\/informelitoral.com.ar\/#website","url":"https:\/\/informelitoral.com.ar\/","name":"Informe Litoral","description":"&quot;Nos informamos&quot; ","publisher":{"@id":"https:\/\/informelitoral.com.ar\/#organization"},"potentialAction":[{"@type":"SearchAction","target":{"@type":"EntryPoint","urlTemplate":"https:\/\/informelitoral.com.ar\/?s={search_term_string}"},"query-input":{"@type":"PropertyValueSpecification","valueRequired":true,"valueName":"search_term_string"}}],"inLanguage":"es"},{"@type":"Organization","@id":"https:\/\/informelitoral.com.ar\/#organization","name":"Informe Litoral","url":"https:\/\/informelitoral.com.ar\/","logo":{"@type":"ImageObject","inLanguage":"es","@id":"https:\/\/informelitoral.com.ar\/#\/schema\/logo\/image\/","url":"https:\/\/informelitoral.com.ar\/%77%70%2d%63%6f%6e%74%65%6e%74\/uploads\/2021\/01\/circulo.png","contentUrl":"https:\/\/informelitoral.com.ar\/%77%70%2d%63%6f%6e%74%65%6e%74\/uploads\/2021\/01\/circulo.png","width":723,"height":731,"caption":"Informe Litoral"},"image":{"@id":"https:\/\/informelitoral.com.ar\/#\/schema\/logo\/image\/"},"sameAs":["https:\/\/www.facebook.com\/informelitoral\/","https:\/\/x.com\/InformeLitoral","https:\/\/www.instagram.com\/informelitoral\/","https:\/\/www.youtube.com\/channel\/UCua4Qvz8Icb6MYqhoq9xLXw"]},{"@type":"Person","@id":"https:\/\/informelitoral.com.ar\/#\/schema\/person\/b9d00407c836482871ef1d57bf8e3180","name":"Gonzalo Schmidt","image":{"@type":"ImageObject","inLanguage":"es","@id":"https:\/\/secure.gravatar.com\/avatar\/31a1a7b66ff2de83bd0e9fd79d026630d2d99e55e8bfe501287647b4fd9743de?s=96&d=mm&r=g","url":"https:\/\/secure.gravatar.com\/avatar\/31a1a7b66ff2de83bd0e9fd79d026630d2d99e55e8bfe501287647b4fd9743de?s=96&d=mm&r=g","contentUrl":"https:\/\/secure.gravatar.com\/avatar\/31a1a7b66ff2de83bd0e9fd79d026630d2d99e55e8bfe501287647b4fd9743de?s=96&d=mm&r=g","caption":"Gonzalo Schmidt"},"description":"Sitio web de noticias de la provincia de Entre R\u00edos, Argentina. Informaci\u00f3n y entretenimiento. Informe Litoral, nos informamos.","sameAs":["http:\/\/www.isletasnoticias.com.ar"],"url":"https:\/\/informelitoral.com.ar\/author\/gonzalo\/"}]}},"_links":{"self":[{"href":"https:\/\/informelitoral.com.ar\/%77%70%2d%6a%73%6f%6e\/wp\/v2\/posts\/26259","targetHints":{"allow":["GET"]}}],"collection":[{"href":"https:\/\/informelitoral.com.ar\/%77%70%2d%6a%73%6f%6e\/wp\/v2\/posts"}],"about":[{"href":"https:\/\/informelitoral.com.ar\/%77%70%2d%6a%73%6f%6e\/wp\/v2\/types\/post"}],"author":[{"embeddable":true,"href":"https:\/\/informelitoral.com.ar\/%77%70%2d%6a%73%6f%6e\/wp\/v2\/users\/2"}],"replies":[{"embeddable":true,"href":"https:\/\/informelitoral.com.ar\/%77%70%2d%6a%73%6f%6e\/wp\/v2\/comments?post=26259"}],"version-history":[{"count":0,"href":"https:\/\/informelitoral.com.ar\/%77%70%2d%6a%73%6f%6e\/wp\/v2\/posts\/26259\/revisions"}],"wp:featuredmedia":[{"embeddable":true,"href":"https:\/\/informelitoral.com.ar\/%77%70%2d%6a%73%6f%6e\/wp\/v2\/media\/26260"}],"wp:attachment":[{"href":"https:\/\/informelitoral.com.ar\/%77%70%2d%6a%73%6f%6e\/wp\/v2\/media?parent=26259"}],"wp:term":[{"taxonomy":"category","embeddable":true,"href":"https:\/\/informelitoral.com.ar\/%77%70%2d%6a%73%6f%6e\/wp\/v2\/categories?post=26259"},{"taxonomy":"post_tag","embeddable":true,"href":"https:\/\/informelitoral.com.ar\/%77%70%2d%6a%73%6f%6e\/wp\/v2\/tags?post=26259"}],"curies":[{"name":"wp","href":"https:\/\/api.w.org\/{rel}","templated":true}]}}