{"id":26196,"date":"2018-04-12T20:53:31","date_gmt":"2018-04-12T23:53:31","guid":{"rendered":"https:\/\/www.isletasnoticias.com.ar\/?p=26196"},"modified":"2018-04-12T20:53:31","modified_gmt":"2018-04-12T23:53:31","slug":"bordet-adelanto-un-aumento-del-8-por-ciento-a-estatales-y-docentes","status":"publish","type":"post","link":"https:\/\/informelitoral.com.ar\/bordet-adelanto-un-aumento-del-8-por-ciento-a-estatales-y-docentes\/","title":{"rendered":"Bordet adelant\u00f3 un aumento del 8 por ciento a estatales y docentes"},"content":{"rendered":"<article class=\"cont-cuerpo\">\n<section class=\"texto\">El gobierno provincial otorg\u00f3 con retroactividad a marzo un incremento del 8% en los salarios de estatales y docentes a cuenta de las negociaciones salariales que se est\u00e1n llevando adelante con las organizaciones gremiales. El porcentaje supera la inflaci\u00f3n del primer trimestre del a\u00f1o.<\/p>\n<p>Adem\u00e1s, la provincia ya liquid\u00f3 el 1.8 y 1.3 por ciento, retroactivos a enero, correspondientes a las paritarias del a\u00f1o pasado.<\/p>\n<p>\u00abNos comprometimos a que ning\u00fan trabajador de la provincia gane por debajo de la inflaci\u00f3n y lo estamos cumpliendo\u00bb, manifest\u00f3 Bordet desde Col\u00f3n, donde encabez\u00f3 los actos por el 155 aniversario de la ciudad tur\u00edstica que se desarrollaron en el Club Sauce de esa localidad dadas las malas condiciones clim\u00e1ticas.<\/p>\n<p>\u00abEstoy seguro que prontamente vamos a poder llegar a un acuerdo salarial con las organizaciones gremiales, pero mientras tanto es nuestra obligaci\u00f3n brindar a los trabajadores estatales y a nuestros docentes un aumento salarial que permita hacer frente a los \u00edndices inflacionarios que vive el pa\u00eds\u00bb, expres\u00f3 el mandatario acompa\u00f1ado por el intendente Mariano Rebord, legisladores, ministros y funcionarios.<\/p>\n<div class=\"embed\">\n<div class=\"inner-art\">\n<div class=\"clear\"><\/div>\n<\/div>\n<\/div>\n<p>En esa l\u00ednea, Bordet reiter\u00f3 que \u00abesta administraci\u00f3n provincial act\u00faa de muy buena fe en todas las negociaciones que tenemos con los gremios\u00bb, y afirm\u00f3 que \u00abas\u00ed lo hemos demostrado sent\u00e1ndonos en reiteradas oportunidades a la mesa de negociaci\u00f3n, mejorando paulatinamente las propuestas salariales, con mucho esfuerzo, y luego en la instancia formal de las paritarias y audiencias de conciliaci\u00f3n\u00bb.<\/p>\n<p>\u00abVenimos haciendo un esfuerzo muy grande tanto en materia de recaudaci\u00f3n, como a trav\u00e9s de gestiones tendientes a recuperar recursos que leg\u00edtimamente nos corresponden, para financiar las subas salariales y el desarrollo de los servicios y pol\u00edticas p\u00fablicas. Es parte del compromiso que asumimos con los entrerrianos y que queremos seguir honrando\u00bb, se\u00f1al\u00f3.<\/p>\n<p>La decisi\u00f3n de otorgar el incremento esta semana tiene que ver con que las pr\u00f3ximas audiencias con los gremios se producir\u00e1n luego del cierre de la carga de datos para la pr\u00f3xima liquidaci\u00f3n. Motivo por el cual, desde la administraci\u00f3n provincial se decidi\u00f3 adelantar este porcentaje de aumento a cuenta del acuerdo al que se arribar\u00e1 en un futuro pr\u00f3ximo con los gremios.<\/p>\n<h4>Aniversario y nuevos compromisos<\/h4>\n<p>En Col\u00f3n, el mandatario destac\u00f3 la historia de la ciudad y su importancia en la regi\u00f3n en cuanto es \u00abun destino tur\u00edstico de excelencia y tambi\u00e9n un enclave importante para la radicaci\u00f3n de empresas\u00bb. Por eso, \u00abadem\u00e1s de conmemorar su aniversario, asumimos nuevos compromisos con la ciudad de Col\u00f3n\u00bb, expres\u00f3 Bordet.<\/p>\n<p>En ese sentido, adelant\u00f3 la firma de \u00abun convenio para pavimentaci\u00f3n de calles que tendr\u00e1 un financiamiento mixto de provincia y municipios y esto posibilitar\u00e1 mejorar sensiblemente los servicios en la ciudad\u00bb.<\/section>\n<\/article>\n","protected":false},"excerpt":{"rendered":"<p>El gobierno provincial otorg\u00f3 con retroactividad a marzo un incremento del 8% en los salarios de estatales y docentes a cuenta de las negociaciones salariales que se est\u00e1n llevando adelante con las organizaciones gremiales.<\/p>\n","protected":false},"author":2,"featured_media":26197,"comment_status":"open","ping_status":"open","sticky":false,"template":"","format":"standard","meta":{"fifu_image_url":"","fifu_image_alt":"","footnotes":""},"categories":[6],"tags":[211,167,66,48],"class_list":{"0":"post-26196","1":"post","2":"type-post","3":"status-publish","4":"format-standard","5":"has-post-thumbnail","7":"category-entre-rios","8":"tag-estatales","9":"tag-gustavo-bordet","10":"tag-paritarias","11":"tag-salarios"},"yoast_head":"<title>Bordet adelant\u00f3 un aumento del 8 por ciento a estatales y docentes - Informe Litoral<\/title>\n<meta name=\"robots\" content=\"index, follow, max-snippet:-1, max-image-preview:large, max-video-preview:-1\" \/>\n<link rel=\"canonical\" href=\"https:\/\/informelitoral.com.ar\/bordet-adelanto-un-aumento-del-8-por-ciento-a-estatales-y-docentes\/\" \/>\n<meta property=\"og:locale\" content=\"es_ES\" \/>\n<meta property=\"og:type\" content=\"article\" \/>\n<meta property=\"og:title\" content=\"Bordet adelant\u00f3 un aumento del 8 por ciento a estatales y docentes - Informe Litoral\" \/>\n<meta property=\"og:description\" content=\"El gobierno provincial otorg\u00f3 con retroactividad a marzo un incremento del 8% en los salarios de estatales y docentes a cuenta de las negociaciones salariales que se est\u00e1n llevando adelante con las organizaciones gremiales.\" \/>\n<meta property=\"og:url\" content=\"https:\/\/informelitoral.com.ar\/bordet-adelanto-un-aumento-del-8-por-ciento-a-estatales-y-docentes\/\" \/>\n<meta property=\"og:site_name\" content=\"Informe Litoral\" \/>\n<meta property=\"article:publisher\" content=\"https:\/\/www.facebook.com\/informelitoral\/\" \/>\n<meta property=\"article:published_time\" content=\"2018-04-12T23:53:31+00:00\" \/>\n<meta property=\"og:image\" content=\"https:\/\/www.isletasnoticias.com.ar\/%77%70%2d%63%6f%6e%74%65%6e%74\/uploads\/2018\/04\/Bordet-acto.jpg\" \/>\n<meta name=\"author\" content=\"Gonzalo Schmidt\" \/>\n<meta name=\"twitter:card\" content=\"summary_large_image\" \/>\n<meta name=\"twitter:creator\" content=\"@InformeLitoral\" \/>\n<meta name=\"twitter:site\" content=\"@InformeLitoral\" \/>\n<meta name=\"twitter:label1\" content=\"Escrito por\" \/>\n\t<meta name=\"twitter:data1\" content=\"Gonzalo Schmidt\" \/>\n\t<meta name=\"twitter:label2\" content=\"Tiempo de lectura\" \/>\n\t<meta name=\"twitter:data2\" content=\"2 minutos\" \/>\n<script type=\"application\/ld+json\" class=\"yoast-schema-graph\">{\"@context\":\"https:\\\/\\\/schema.org\",\"@graph\":[{\"@type\":\"Article\",\"@id\":\"https:\\\/\\\/informelitoral.com.ar\\\/bordet-adelanto-un-aumento-del-8-por-ciento-a-estatales-y-docentes\\\/#article\",\"isPartOf\":{\"@id\":\"https:\\\/\\\/informelitoral.com.ar\\\/bordet-adelanto-un-aumento-del-8-por-ciento-a-estatales-y-docentes\\\/\"},\"author\":{\"name\":\"Gonzalo Schmidt\",\"@id\":\"https:\\\/\\\/informelitoral.com.ar\\\/#\\\/schema\\\/person\\\/b9d00407c836482871ef1d57bf8e3180\"},\"headline\":\"Bordet adelant\u00f3 un aumento del 8 por ciento a estatales y docentes\",\"datePublished\":\"2018-04-12T23:53:31+00:00\",\"mainEntityOfPage\":{\"@id\":\"https:\\\/\\\/informelitoral.com.ar\\\/bordet-adelanto-un-aumento-del-8-por-ciento-a-estatales-y-docentes\\\/\"},\"wordCount\":484,\"commentCount\":0,\"publisher\":{\"@id\":\"https:\\\/\\\/informelitoral.com.ar\\\/#organization\"},\"image\":{\"@id\":\"https:\\\/\\\/informelitoral.com.ar\\\/bordet-adelanto-un-aumento-del-8-por-ciento-a-estatales-y-docentes\\\/#primaryimage\"},\"thumbnailUrl\":\"https:\\\/\\\/informelitoral.com.ar\\\/%77%70%2d%63%6f%6e%74%65%6e%74\\\/uploads\\\/2018\\\/04\\\/Bordet-acto.jpg\",\"keywords\":[\"Estatales\",\"Gustavo Bordet\",\"Paritarias\",\"Salarios\"],\"articleSection\":[\"Entre R\u00edos\"],\"inLanguage\":\"es\",\"potentialAction\":[{\"@type\":\"CommentAction\",\"name\":\"Comment\",\"target\":[\"https:\\\/\\\/informelitoral.com.ar\\\/bordet-adelanto-un-aumento-del-8-por-ciento-a-estatales-y-docentes\\\/#respond\"]}]},{\"@type\":\"WebPage\",\"@id\":\"https:\\\/\\\/informelitoral.com.ar\\\/bordet-adelanto-un-aumento-del-8-por-ciento-a-estatales-y-docentes\\\/\",\"url\":\"https:\\\/\\\/informelitoral.com.ar\\\/bordet-adelanto-un-aumento-del-8-por-ciento-a-estatales-y-docentes\\\/\",\"name\":\"Bordet adelant\u00f3 un aumento del 8 por ciento a estatales y docentes - Informe Litoral\",\"isPartOf\":{\"@id\":\"https:\\\/\\\/informelitoral.com.ar\\\/#website\"},\"primaryImageOfPage\":{\"@id\":\"https:\\\/\\\/informelitoral.com.ar\\\/bordet-adelanto-un-aumento-del-8-por-ciento-a-estatales-y-docentes\\\/#primaryimage\"},\"image\":{\"@id\":\"https:\\\/\\\/informelitoral.com.ar\\\/bordet-adelanto-un-aumento-del-8-por-ciento-a-estatales-y-docentes\\\/#primaryimage\"},\"thumbnailUrl\":\"https:\\\/\\\/informelitoral.com.ar\\\/%77%70%2d%63%6f%6e%74%65%6e%74\\\/uploads\\\/2018\\\/04\\\/Bordet-acto.jpg\",\"datePublished\":\"2018-04-12T23:53:31+00:00\",\"breadcrumb\":{\"@id\":\"https:\\\/\\\/informelitoral.com.ar\\\/bordet-adelanto-un-aumento-del-8-por-ciento-a-estatales-y-docentes\\\/#breadcrumb\"},\"inLanguage\":\"es\",\"potentialAction\":[{\"@type\":\"ReadAction\",\"target\":[\"https:\\\/\\\/informelitoral.com.ar\\\/bordet-adelanto-un-aumento-del-8-por-ciento-a-estatales-y-docentes\\\/\"]}]},{\"@type\":\"ImageObject\",\"inLanguage\":\"es\",\"@id\":\"https:\\\/\\\/informelitoral.com.ar\\\/bordet-adelanto-un-aumento-del-8-por-ciento-a-estatales-y-docentes\\\/#primaryimage\",\"url\":\"https:\\\/\\\/informelitoral.com.ar\\\/%77%70%2d%63%6f%6e%74%65%6e%74\\\/uploads\\\/2018\\\/04\\\/Bordet-acto.jpg\",\"contentUrl\":\"https:\\\/\\\/informelitoral.com.ar\\\/%77%70%2d%63%6f%6e%74%65%6e%74\\\/uploads\\\/2018\\\/04\\\/Bordet-acto.jpg\",\"width\":800,\"height\":450},{\"@type\":\"BreadcrumbList\",\"@id\":\"https:\\\/\\\/informelitoral.com.ar\\\/bordet-adelanto-un-aumento-del-8-por-ciento-a-estatales-y-docentes\\\/#breadcrumb\",\"itemListElement\":[{\"@type\":\"ListItem\",\"position\":1,\"name\":\"Portada\",\"item\":\"https:\\\/\\\/informelitoral.com.ar\\\/\"},{\"@type\":\"ListItem\",\"position\":2,\"name\":\"Bordet adelant\u00f3 un aumento del 8 por ciento a estatales y docentes\"}]},{\"@type\":\"WebSite\",\"@id\":\"https:\\\/\\\/informelitoral.com.ar\\\/#website\",\"url\":\"https:\\\/\\\/informelitoral.com.ar\\\/\",\"name\":\"Informe Litoral\",\"description\":\"&quot;Nos informamos&quot; \",\"publisher\":{\"@id\":\"https:\\\/\\\/informelitoral.com.ar\\\/#organization\"},\"potentialAction\":[{\"@type\":\"SearchAction\",\"target\":{\"@type\":\"EntryPoint\",\"urlTemplate\":\"https:\\\/\\\/informelitoral.com.ar\\\/?s={search_term_string}\"},\"query-input\":{\"@type\":\"PropertyValueSpecification\",\"valueRequired\":true,\"valueName\":\"search_term_string\"}}],\"inLanguage\":\"es\"},{\"@type\":\"Organization\",\"@id\":\"https:\\\/\\\/informelitoral.com.ar\\\/#organization\",\"name\":\"Informe Litoral\",\"url\":\"https:\\\/\\\/informelitoral.com.ar\\\/\",\"logo\":{\"@type\":\"ImageObject\",\"inLanguage\":\"es\",\"@id\":\"https:\\\/\\\/informelitoral.com.ar\\\/#\\\/schema\\\/logo\\\/image\\\/\",\"url\":\"https:\\\/\\\/informelitoral.com.ar\\\/%77%70%2d%63%6f%6e%74%65%6e%74\\\/uploads\\\/2021\\\/01\\\/circulo.png\",\"contentUrl\":\"https:\\\/\\\/informelitoral.com.ar\\\/%77%70%2d%63%6f%6e%74%65%6e%74\\\/uploads\\\/2021\\\/01\\\/circulo.png\",\"width\":723,\"height\":731,\"caption\":\"Informe Litoral\"},\"image\":{\"@id\":\"https:\\\/\\\/informelitoral.com.ar\\\/#\\\/schema\\\/logo\\\/image\\\/\"},\"sameAs\":[\"https:\\\/\\\/www.facebook.com\\\/informelitoral\\\/\",\"https:\\\/\\\/x.com\\\/InformeLitoral\",\"https:\\\/\\\/www.instagram.com\\\/informelitoral\\\/\",\"https:\\\/\\\/www.youtube.com\\\/channel\\\/UCua4Qvz8Icb6MYqhoq9xLXw\"]},{\"@type\":\"Person\",\"@id\":\"https:\\\/\\\/informelitoral.com.ar\\\/#\\\/schema\\\/person\\\/b9d00407c836482871ef1d57bf8e3180\",\"name\":\"Gonzalo Schmidt\",\"image\":{\"@type\":\"ImageObject\",\"inLanguage\":\"es\",\"@id\":\"https:\\\/\\\/secure.gravatar.com\\\/avatar\\\/31a1a7b66ff2de83bd0e9fd79d026630d2d99e55e8bfe501287647b4fd9743de?s=96&d=mm&r=g\",\"url\":\"https:\\\/\\\/secure.gravatar.com\\\/avatar\\\/31a1a7b66ff2de83bd0e9fd79d026630d2d99e55e8bfe501287647b4fd9743de?s=96&d=mm&r=g\",\"contentUrl\":\"https:\\\/\\\/secure.gravatar.com\\\/avatar\\\/31a1a7b66ff2de83bd0e9fd79d026630d2d99e55e8bfe501287647b4fd9743de?s=96&d=mm&r=g\",\"caption\":\"Gonzalo Schmidt\"},\"description\":\"Sitio web de noticias de la provincia de Entre R\u00edos, Argentina. Informaci\u00f3n y entretenimiento. Informe Litoral, nos informamos.\",\"sameAs\":[\"http:\\\/\\\/www.isletasnoticias.com.ar\"],\"url\":\"https:\\\/\\\/informelitoral.com.ar\\\/author\\\/gonzalo\\\/\"}]}<\/script>","yoast_head_json":{"title":"Bordet adelant\u00f3 un aumento del 8 por ciento a estatales y docentes - Informe Litoral","robots":{"index":"index","follow":"follow","max-snippet":"max-snippet:-1","max-image-preview":"max-image-preview:large","max-video-preview":"max-video-preview:-1"},"canonical":"https:\/\/informelitoral.com.ar\/bordet-adelanto-un-aumento-del-8-por-ciento-a-estatales-y-docentes\/","og_locale":"es_ES","og_type":"article","og_title":"Bordet adelant\u00f3 un aumento del 8 por ciento a estatales y docentes - Informe Litoral","og_description":"El gobierno provincial otorg\u00f3 con retroactividad a marzo un incremento del 8% en los salarios de estatales y docentes a cuenta de las negociaciones salariales que se est\u00e1n llevando adelante con las organizaciones gremiales.","og_url":"https:\/\/informelitoral.com.ar\/bordet-adelanto-un-aumento-del-8-por-ciento-a-estatales-y-docentes\/","og_site_name":"Informe Litoral","article_publisher":"https:\/\/www.facebook.com\/informelitoral\/","article_published_time":"2018-04-12T23:53:31+00:00","og_image":[{"url":"https:\/\/www.isletasnoticias.com.ar\/%77%70%2d%63%6f%6e%74%65%6e%74\/uploads\/2018\/04\/Bordet-acto.jpg","type":"","width":"","height":""}],"author":"Gonzalo Schmidt","twitter_card":"summary_large_image","twitter_creator":"@InformeLitoral","twitter_site":"@InformeLitoral","twitter_misc":{"Escrito por":"Gonzalo Schmidt","Tiempo de lectura":"2 minutos"},"schema":{"@context":"https:\/\/schema.org","@graph":[{"@type":"Article","@id":"https:\/\/informelitoral.com.ar\/bordet-adelanto-un-aumento-del-8-por-ciento-a-estatales-y-docentes\/#article","isPartOf":{"@id":"https:\/\/informelitoral.com.ar\/bordet-adelanto-un-aumento-del-8-por-ciento-a-estatales-y-docentes\/"},"author":{"name":"Gonzalo Schmidt","@id":"https:\/\/informelitoral.com.ar\/#\/schema\/person\/b9d00407c836482871ef1d57bf8e3180"},"headline":"Bordet adelant\u00f3 un aumento del 8 por ciento a estatales y docentes","datePublished":"2018-04-12T23:53:31+00:00","mainEntityOfPage":{"@id":"https:\/\/informelitoral.com.ar\/bordet-adelanto-un-aumento-del-8-por-ciento-a-estatales-y-docentes\/"},"wordCount":484,"commentCount":0,"publisher":{"@id":"https:\/\/informelitoral.com.ar\/#organization"},"image":{"@id":"https:\/\/informelitoral.com.ar\/bordet-adelanto-un-aumento-del-8-por-ciento-a-estatales-y-docentes\/#primaryimage"},"thumbnailUrl":"https:\/\/informelitoral.com.ar\/%77%70%2d%63%6f%6e%74%65%6e%74\/uploads\/2018\/04\/Bordet-acto.jpg","keywords":["Estatales","Gustavo Bordet","Paritarias","Salarios"],"articleSection":["Entre R\u00edos"],"inLanguage":"es","potentialAction":[{"@type":"CommentAction","name":"Comment","target":["https:\/\/informelitoral.com.ar\/bordet-adelanto-un-aumento-del-8-por-ciento-a-estatales-y-docentes\/#respond"]}]},{"@type":"WebPage","@id":"https:\/\/informelitoral.com.ar\/bordet-adelanto-un-aumento-del-8-por-ciento-a-estatales-y-docentes\/","url":"https:\/\/informelitoral.com.ar\/bordet-adelanto-un-aumento-del-8-por-ciento-a-estatales-y-docentes\/","name":"Bordet adelant\u00f3 un aumento del 8 por ciento a estatales y docentes - Informe Litoral","isPartOf":{"@id":"https:\/\/informelitoral.com.ar\/#website"},"primaryImageOfPage":{"@id":"https:\/\/informelitoral.com.ar\/bordet-adelanto-un-aumento-del-8-por-ciento-a-estatales-y-docentes\/#primaryimage"},"image":{"@id":"https:\/\/informelitoral.com.ar\/bordet-adelanto-un-aumento-del-8-por-ciento-a-estatales-y-docentes\/#primaryimage"},"thumbnailUrl":"https:\/\/informelitoral.com.ar\/%77%70%2d%63%6f%6e%74%65%6e%74\/uploads\/2018\/04\/Bordet-acto.jpg","datePublished":"2018-04-12T23:53:31+00:00","breadcrumb":{"@id":"https:\/\/informelitoral.com.ar\/bordet-adelanto-un-aumento-del-8-por-ciento-a-estatales-y-docentes\/#breadcrumb"},"inLanguage":"es","potentialAction":[{"@type":"ReadAction","target":["https:\/\/informelitoral.com.ar\/bordet-adelanto-un-aumento-del-8-por-ciento-a-estatales-y-docentes\/"]}]},{"@type":"ImageObject","inLanguage":"es","@id":"https:\/\/informelitoral.com.ar\/bordet-adelanto-un-aumento-del-8-por-ciento-a-estatales-y-docentes\/#primaryimage","url":"https:\/\/informelitoral.com.ar\/%77%70%2d%63%6f%6e%74%65%6e%74\/uploads\/2018\/04\/Bordet-acto.jpg","contentUrl":"https:\/\/informelitoral.com.ar\/%77%70%2d%63%6f%6e%74%65%6e%74\/uploads\/2018\/04\/Bordet-acto.jpg","width":800,"height":450},{"@type":"BreadcrumbList","@id":"https:\/\/informelitoral.com.ar\/bordet-adelanto-un-aumento-del-8-por-ciento-a-estatales-y-docentes\/#breadcrumb","itemListElement":[{"@type":"ListItem","position":1,"name":"Portada","item":"https:\/\/informelitoral.com.ar\/"},{"@type":"ListItem","position":2,"name":"Bordet adelant\u00f3 un aumento del 8 por ciento a estatales y docentes"}]},{"@type":"WebSite","@id":"https:\/\/informelitoral.com.ar\/#website","url":"https:\/\/informelitoral.com.ar\/","name":"Informe Litoral","description":"&quot;Nos informamos&quot; ","publisher":{"@id":"https:\/\/informelitoral.com.ar\/#organization"},"potentialAction":[{"@type":"SearchAction","target":{"@type":"EntryPoint","urlTemplate":"https:\/\/informelitoral.com.ar\/?s={search_term_string}"},"query-input":{"@type":"PropertyValueSpecification","valueRequired":true,"valueName":"search_term_string"}}],"inLanguage":"es"},{"@type":"Organization","@id":"https:\/\/informelitoral.com.ar\/#organization","name":"Informe Litoral","url":"https:\/\/informelitoral.com.ar\/","logo":{"@type":"ImageObject","inLanguage":"es","@id":"https:\/\/informelitoral.com.ar\/#\/schema\/logo\/image\/","url":"https:\/\/informelitoral.com.ar\/%77%70%2d%63%6f%6e%74%65%6e%74\/uploads\/2021\/01\/circulo.png","contentUrl":"https:\/\/informelitoral.com.ar\/%77%70%2d%63%6f%6e%74%65%6e%74\/uploads\/2021\/01\/circulo.png","width":723,"height":731,"caption":"Informe Litoral"},"image":{"@id":"https:\/\/informelitoral.com.ar\/#\/schema\/logo\/image\/"},"sameAs":["https:\/\/www.facebook.com\/informelitoral\/","https:\/\/x.com\/InformeLitoral","https:\/\/www.instagram.com\/informelitoral\/","https:\/\/www.youtube.com\/channel\/UCua4Qvz8Icb6MYqhoq9xLXw"]},{"@type":"Person","@id":"https:\/\/informelitoral.com.ar\/#\/schema\/person\/b9d00407c836482871ef1d57bf8e3180","name":"Gonzalo Schmidt","image":{"@type":"ImageObject","inLanguage":"es","@id":"https:\/\/secure.gravatar.com\/avatar\/31a1a7b66ff2de83bd0e9fd79d026630d2d99e55e8bfe501287647b4fd9743de?s=96&d=mm&r=g","url":"https:\/\/secure.gravatar.com\/avatar\/31a1a7b66ff2de83bd0e9fd79d026630d2d99e55e8bfe501287647b4fd9743de?s=96&d=mm&r=g","contentUrl":"https:\/\/secure.gravatar.com\/avatar\/31a1a7b66ff2de83bd0e9fd79d026630d2d99e55e8bfe501287647b4fd9743de?s=96&d=mm&r=g","caption":"Gonzalo Schmidt"},"description":"Sitio web de noticias de la provincia de Entre R\u00edos, Argentina. Informaci\u00f3n y entretenimiento. Informe Litoral, nos informamos.","sameAs":["http:\/\/www.isletasnoticias.com.ar"],"url":"https:\/\/informelitoral.com.ar\/author\/gonzalo\/"}]}},"_links":{"self":[{"href":"https:\/\/informelitoral.com.ar\/%77%70%2d%6a%73%6f%6e\/wp\/v2\/posts\/26196","targetHints":{"allow":["GET"]}}],"collection":[{"href":"https:\/\/informelitoral.com.ar\/%77%70%2d%6a%73%6f%6e\/wp\/v2\/posts"}],"about":[{"href":"https:\/\/informelitoral.com.ar\/%77%70%2d%6a%73%6f%6e\/wp\/v2\/types\/post"}],"author":[{"embeddable":true,"href":"https:\/\/informelitoral.com.ar\/%77%70%2d%6a%73%6f%6e\/wp\/v2\/users\/2"}],"replies":[{"embeddable":true,"href":"https:\/\/informelitoral.com.ar\/%77%70%2d%6a%73%6f%6e\/wp\/v2\/comments?post=26196"}],"version-history":[{"count":0,"href":"https:\/\/informelitoral.com.ar\/%77%70%2d%6a%73%6f%6e\/wp\/v2\/posts\/26196\/revisions"}],"wp:featuredmedia":[{"embeddable":true,"href":"https:\/\/informelitoral.com.ar\/%77%70%2d%6a%73%6f%6e\/wp\/v2\/media\/26197"}],"wp:attachment":[{"href":"https:\/\/informelitoral.com.ar\/%77%70%2d%6a%73%6f%6e\/wp\/v2\/media?parent=26196"}],"wp:term":[{"taxonomy":"category","embeddable":true,"href":"https:\/\/informelitoral.com.ar\/%77%70%2d%6a%73%6f%6e\/wp\/v2\/categories?post=26196"},{"taxonomy":"post_tag","embeddable":true,"href":"https:\/\/informelitoral.com.ar\/%77%70%2d%6a%73%6f%6e\/wp\/v2\/tags?post=26196"}],"curies":[{"name":"wp","href":"https:\/\/api.w.org\/{rel}","templated":true}]}}