{"id":26120,"date":"2018-04-10T11:27:40","date_gmt":"2018-04-10T14:27:40","guid":{"rendered":"https:\/\/www.isletasnoticias.com.ar\/?p=26120"},"modified":"2018-04-10T11:29:52","modified_gmt":"2018-04-10T14:29:52","slug":"introducen-un-nuevo-cambio-en-los-pasaportes-argentinos","status":"publish","type":"post","link":"https:\/\/informelitoral.com.ar\/introducen-un-nuevo-cambio-en-los-pasaportes-argentinos\/","title":{"rendered":"Introducen un nuevo cambio en los pasaportes argentinos"},"content":{"rendered":"<p>El documento ser\u00e1, a simple vista, igual al que se emite hoy. La diferencia estar\u00e1 en su interior. A partir de fin de mes, los pasaportes argentinos tendr\u00e1n un cambio tecnol\u00f3gico: se incorporar\u00e1\u00a0<strong>una antena de hilo de cobre<\/strong>\u00a0que reemplazar\u00e1 a la que se usa hasta ahora, de tinta impresa.<\/p>\n<h3>\u00bfPara qu\u00e9 sirve esta antena?<\/h3>\n<p>Se trata de una banda que bordea la contratapa del documento por dentro. \u00abLa antena junto al chip que llevan los pasaportes en su interior son los elementos que permiten que el documento internacional sea electr\u00f3nico. All\u00ed se almacenan\u00a0<strong>los datos biom\u00e9tricos y biogr\u00e1ficos de cada ciudadano<\/strong>\u00ab, explicaron a\u00a0<em>Clar\u00edn<\/em>\u00a0fuentes del Ministerio del Interior.<\/p>\n<div class=\"\">\n<div class=\"image-trigger pointer\" data-index=\"1\">\n<figure><img decoding=\"async\" class=\"img-responsive intelResolution image-modal-trigger\" title=\"Por qu\u00e9 los pasaportes argentinos tendr\u00e1n una antena de cobre desde fin de mes\" src=\"https:\/\/images.clarin.com\/2018\/04\/05\/HykUxUFsM_720x0__1.jpg\" alt=\"Incorporan una antena de cobre al pasaporte argentino. (Ministerio del Interior)\" data-index=\"1\" data-big=\"\/\/images.clarin.com\/2018\/04\/05\/HykUxUFsM_720x0__1.jpg\" data-small=\"\/\/images.clarin.com\/2018\/04\/05\/HykUxUFsM_720x0__1.jpg\" \/><i class=\"fa fa-circle fa-stack-2x icon-background1\"><\/i><i class=\"fa fa-circle-o fa-stack-2x icon-background2\"><\/i><i class=\"fa fa-arrows-alt fa-stack-1x\"><\/i><\/figure>\n<p><em>C\u00f3mo se compone el pasaporte argentino. (Ministerio del Interior)<\/em><\/p>\n<\/div>\n<\/div>\n<p>La medida se concret\u00f3 a trav\u00e9s de la licitaci\u00f3n N\u00b0 05\/2017 publicada en el Bolet\u00edn Oficial el martes pasado, en la que el Gobierno nacional adjudic\u00f3 al Instituto de Publicaciones y Estad\u00edsticas (IPESA), representante de la firma HID en Argentina,\u00a0<strong>la compra de e-covers (tapas) con antena de hilo de cobre<\/strong>.<\/p>\n<p>El cambio, anticiparon, se aplicar\u00e1 a los pasaportes\u00a0<strong>desde fines de mes<\/strong>.<\/p>\n<p>\u00abAhora este documento nacional usar\u00e1 insumos de consumo masivo manteniendo los niveles de seguridad y eficacia que ten\u00eda hasta el momento, pero lo equiparar\u00e1 con la tecnolog\u00eda utilizada por el 90 por ciento de los pa\u00edses que cuentan con pasaporte electr\u00f3nico\u00bb, detalla un comunicado emitido por el ministerio.<\/p>\n<p>Explicaron que esta licitaci\u00f3n se enmarc\u00f3 dentro de los cambios que implementa el Registro Nacional de las Personas (Renaper), organismo dependiente del Ministerio del Interior, Obras P\u00fablicas y Vivienda, para la contrataci\u00f3n de los proveedores de insumos del pasaporte electr\u00f3nico.<\/p>\n<p>Seg\u00fan informaron, esto le permitir\u00e1 al Estado\u00a0<strong>ahorrar m\u00e1s de 60 millones de pesos por a\u00f1o<\/strong>, ya que el sistema es m\u00e1s accesible.<\/p>\n<p>Agregaron que ese ahorro se ver\u00e1 reflejado en la adquisici\u00f3n de equipamiento de \u00faltima tecnolog\u00eda para adaptar el sistema nacional de emisi\u00f3n de documentos a las recomendaciones establecidas por la Organizaci\u00f3n de Aviaci\u00f3n Civil Internacional (OACI) para documentos de viaje.<\/p>\n<p><strong>Costos<\/strong><\/p>\n<p>El pasaporte saldr\u00e1 lo mismo que se cobra actualmente:<strong>\u00a0$ 950<\/strong>. Y se recibe por correo en un plazo de 15 d\u00edas.<\/p>\n<p>Tambi\u00e9n existe una opci\u00f3n expr\u00e9s, que acorta la entrega a 48 horas y cuesta\u00a0<strong>$ 2.100<\/strong>. Para poder conseguirlo \u00ab<strong>al instante<\/strong>\u00bb en aeropuertos y estaciones de tren hay que pagar\u00a0<strong>US$ 200 y un adicional de $ 950<\/strong>.<\/p>\n","protected":false},"excerpt":{"rendered":"<p>El Ministerio de Interior anunci\u00f3 la incorporaci\u00f3n de una nueva tecnolog\u00eda.  La misma estar\u00e1 en el interior del documento, por lo que no ser\u00e1 visible a simple vista.<\/p>\n","protected":false},"author":2,"featured_media":24084,"comment_status":"open","ping_status":"open","sticky":false,"template":"","format":"standard","meta":{"fifu_image_url":"","fifu_image_alt":"","footnotes":""},"categories":[7],"tags":[193],"class_list":{"0":"post-26120","1":"post","2":"type-post","3":"status-publish","4":"format-standard","5":"has-post-thumbnail","7":"category-nacionales","8":"tag-pasaporte"},"yoast_head":"<title>Introducen un nuevo cambio en los pasaportes argentinos - Informe Litoral<\/title>\n<meta name=\"robots\" content=\"index, follow, max-snippet:-1, max-image-preview:large, max-video-preview:-1\" \/>\n<link rel=\"canonical\" href=\"https:\/\/informelitoral.com.ar\/introducen-un-nuevo-cambio-en-los-pasaportes-argentinos\/\" \/>\n<meta property=\"og:locale\" content=\"es_ES\" \/>\n<meta property=\"og:type\" content=\"article\" \/>\n<meta property=\"og:title\" content=\"Introducen un nuevo cambio en los pasaportes argentinos - Informe Litoral\" \/>\n<meta property=\"og:description\" content=\"El Ministerio de Interior anunci\u00f3 la incorporaci\u00f3n de una nueva tecnolog\u00eda. La misma estar\u00e1 en el interior del documento, por lo que no ser\u00e1 visible a simple vista.\" \/>\n<meta property=\"og:url\" content=\"https:\/\/informelitoral.com.ar\/introducen-un-nuevo-cambio-en-los-pasaportes-argentinos\/\" \/>\n<meta property=\"og:site_name\" content=\"Informe Litoral\" \/>\n<meta property=\"article:publisher\" content=\"https:\/\/www.facebook.com\/informelitoral\/\" \/>\n<meta property=\"article:published_time\" content=\"2018-04-10T14:27:40+00:00\" \/>\n<meta property=\"article:modified_time\" content=\"2018-04-10T14:29:52+00:00\" \/>\n<meta property=\"og:image\" content=\"https:\/\/informelitoral.com.ar\/%77%70%2d%63%6f%6e%74%65%6e%74\/uploads\/2017\/12\/pasaporte-argentino.jpg\" \/>\n\t<meta property=\"og:image:width\" content=\"1420\" \/>\n\t<meta property=\"og:image:height\" content=\"826\" \/>\n\t<meta property=\"og:image:type\" content=\"image\/jpeg\" \/>\n<meta name=\"author\" content=\"Gonzalo Schmidt\" \/>\n<meta name=\"twitter:card\" content=\"summary_large_image\" \/>\n<meta name=\"twitter:creator\" content=\"@InformeLitoral\" \/>\n<meta name=\"twitter:site\" content=\"@InformeLitoral\" \/>\n<meta name=\"twitter:label1\" content=\"Escrito por\" \/>\n\t<meta name=\"twitter:data1\" content=\"Gonzalo Schmidt\" \/>\n\t<meta name=\"twitter:label2\" content=\"Tiempo de lectura\" \/>\n\t<meta name=\"twitter:data2\" content=\"2 minutos\" \/>\n<script type=\"application\/ld+json\" class=\"yoast-schema-graph\">{\"@context\":\"https:\\\/\\\/schema.org\",\"@graph\":[{\"@type\":\"Article\",\"@id\":\"https:\\\/\\\/informelitoral.com.ar\\\/introducen-un-nuevo-cambio-en-los-pasaportes-argentinos\\\/#article\",\"isPartOf\":{\"@id\":\"https:\\\/\\\/informelitoral.com.ar\\\/introducen-un-nuevo-cambio-en-los-pasaportes-argentinos\\\/\"},\"author\":{\"name\":\"Gonzalo Schmidt\",\"@id\":\"https:\\\/\\\/informelitoral.com.ar\\\/#\\\/schema\\\/person\\\/b9d00407c836482871ef1d57bf8e3180\"},\"headline\":\"Introducen un nuevo cambio en los pasaportes argentinos\",\"datePublished\":\"2018-04-10T14:27:40+00:00\",\"dateModified\":\"2018-04-10T14:29:52+00:00\",\"mainEntityOfPage\":{\"@id\":\"https:\\\/\\\/informelitoral.com.ar\\\/introducen-un-nuevo-cambio-en-los-pasaportes-argentinos\\\/\"},\"wordCount\":423,\"commentCount\":0,\"publisher\":{\"@id\":\"https:\\\/\\\/informelitoral.com.ar\\\/#organization\"},\"image\":{\"@id\":\"https:\\\/\\\/informelitoral.com.ar\\\/introducen-un-nuevo-cambio-en-los-pasaportes-argentinos\\\/#primaryimage\"},\"thumbnailUrl\":\"https:\\\/\\\/informelitoral.com.ar\\\/%77%70%2d%63%6f%6e%74%65%6e%74\\\/uploads\\\/2017\\\/12\\\/pasaporte-argentino.jpg\",\"keywords\":[\"Pasaporte\"],\"articleSection\":[\"Nacionales\"],\"inLanguage\":\"es\",\"potentialAction\":[{\"@type\":\"CommentAction\",\"name\":\"Comment\",\"target\":[\"https:\\\/\\\/informelitoral.com.ar\\\/introducen-un-nuevo-cambio-en-los-pasaportes-argentinos\\\/#respond\"]}]},{\"@type\":\"WebPage\",\"@id\":\"https:\\\/\\\/informelitoral.com.ar\\\/introducen-un-nuevo-cambio-en-los-pasaportes-argentinos\\\/\",\"url\":\"https:\\\/\\\/informelitoral.com.ar\\\/introducen-un-nuevo-cambio-en-los-pasaportes-argentinos\\\/\",\"name\":\"Introducen un nuevo cambio en los pasaportes argentinos - Informe Litoral\",\"isPartOf\":{\"@id\":\"https:\\\/\\\/informelitoral.com.ar\\\/#website\"},\"primaryImageOfPage\":{\"@id\":\"https:\\\/\\\/informelitoral.com.ar\\\/introducen-un-nuevo-cambio-en-los-pasaportes-argentinos\\\/#primaryimage\"},\"image\":{\"@id\":\"https:\\\/\\\/informelitoral.com.ar\\\/introducen-un-nuevo-cambio-en-los-pasaportes-argentinos\\\/#primaryimage\"},\"thumbnailUrl\":\"https:\\\/\\\/informelitoral.com.ar\\\/%77%70%2d%63%6f%6e%74%65%6e%74\\\/uploads\\\/2017\\\/12\\\/pasaporte-argentino.jpg\",\"datePublished\":\"2018-04-10T14:27:40+00:00\",\"dateModified\":\"2018-04-10T14:29:52+00:00\",\"breadcrumb\":{\"@id\":\"https:\\\/\\\/informelitoral.com.ar\\\/introducen-un-nuevo-cambio-en-los-pasaportes-argentinos\\\/#breadcrumb\"},\"inLanguage\":\"es\",\"potentialAction\":[{\"@type\":\"ReadAction\",\"target\":[\"https:\\\/\\\/informelitoral.com.ar\\\/introducen-un-nuevo-cambio-en-los-pasaportes-argentinos\\\/\"]}]},{\"@type\":\"ImageObject\",\"inLanguage\":\"es\",\"@id\":\"https:\\\/\\\/informelitoral.com.ar\\\/introducen-un-nuevo-cambio-en-los-pasaportes-argentinos\\\/#primaryimage\",\"url\":\"https:\\\/\\\/informelitoral.com.ar\\\/%77%70%2d%63%6f%6e%74%65%6e%74\\\/uploads\\\/2017\\\/12\\\/pasaporte-argentino.jpg\",\"contentUrl\":\"https:\\\/\\\/informelitoral.com.ar\\\/%77%70%2d%63%6f%6e%74%65%6e%74\\\/uploads\\\/2017\\\/12\\\/pasaporte-argentino.jpg\",\"width\":1420,\"height\":826},{\"@type\":\"BreadcrumbList\",\"@id\":\"https:\\\/\\\/informelitoral.com.ar\\\/introducen-un-nuevo-cambio-en-los-pasaportes-argentinos\\\/#breadcrumb\",\"itemListElement\":[{\"@type\":\"ListItem\",\"position\":1,\"name\":\"Portada\",\"item\":\"https:\\\/\\\/informelitoral.com.ar\\\/\"},{\"@type\":\"ListItem\",\"position\":2,\"name\":\"Introducen un nuevo cambio en los pasaportes argentinos\"}]},{\"@type\":\"WebSite\",\"@id\":\"https:\\\/\\\/informelitoral.com.ar\\\/#website\",\"url\":\"https:\\\/\\\/informelitoral.com.ar\\\/\",\"name\":\"Informe Litoral\",\"description\":\"&quot;Nos informamos&quot; \",\"publisher\":{\"@id\":\"https:\\\/\\\/informelitoral.com.ar\\\/#organization\"},\"potentialAction\":[{\"@type\":\"SearchAction\",\"target\":{\"@type\":\"EntryPoint\",\"urlTemplate\":\"https:\\\/\\\/informelitoral.com.ar\\\/?s={search_term_string}\"},\"query-input\":{\"@type\":\"PropertyValueSpecification\",\"valueRequired\":true,\"valueName\":\"search_term_string\"}}],\"inLanguage\":\"es\"},{\"@type\":\"Organization\",\"@id\":\"https:\\\/\\\/informelitoral.com.ar\\\/#organization\",\"name\":\"Informe Litoral\",\"url\":\"https:\\\/\\\/informelitoral.com.ar\\\/\",\"logo\":{\"@type\":\"ImageObject\",\"inLanguage\":\"es\",\"@id\":\"https:\\\/\\\/informelitoral.com.ar\\\/#\\\/schema\\\/logo\\\/image\\\/\",\"url\":\"https:\\\/\\\/informelitoral.com.ar\\\/%77%70%2d%63%6f%6e%74%65%6e%74\\\/uploads\\\/2021\\\/01\\\/circulo.png\",\"contentUrl\":\"https:\\\/\\\/informelitoral.com.ar\\\/%77%70%2d%63%6f%6e%74%65%6e%74\\\/uploads\\\/2021\\\/01\\\/circulo.png\",\"width\":723,\"height\":731,\"caption\":\"Informe Litoral\"},\"image\":{\"@id\":\"https:\\\/\\\/informelitoral.com.ar\\\/#\\\/schema\\\/logo\\\/image\\\/\"},\"sameAs\":[\"https:\\\/\\\/www.facebook.com\\\/informelitoral\\\/\",\"https:\\\/\\\/x.com\\\/InformeLitoral\",\"https:\\\/\\\/www.instagram.com\\\/informelitoral\\\/\",\"https:\\\/\\\/www.youtube.com\\\/channel\\\/UCua4Qvz8Icb6MYqhoq9xLXw\"]},{\"@type\":\"Person\",\"@id\":\"https:\\\/\\\/informelitoral.com.ar\\\/#\\\/schema\\\/person\\\/b9d00407c836482871ef1d57bf8e3180\",\"name\":\"Gonzalo Schmidt\",\"image\":{\"@type\":\"ImageObject\",\"inLanguage\":\"es\",\"@id\":\"https:\\\/\\\/secure.gravatar.com\\\/avatar\\\/31a1a7b66ff2de83bd0e9fd79d026630d2d99e55e8bfe501287647b4fd9743de?s=96&d=mm&r=g\",\"url\":\"https:\\\/\\\/secure.gravatar.com\\\/avatar\\\/31a1a7b66ff2de83bd0e9fd79d026630d2d99e55e8bfe501287647b4fd9743de?s=96&d=mm&r=g\",\"contentUrl\":\"https:\\\/\\\/secure.gravatar.com\\\/avatar\\\/31a1a7b66ff2de83bd0e9fd79d026630d2d99e55e8bfe501287647b4fd9743de?s=96&d=mm&r=g\",\"caption\":\"Gonzalo Schmidt\"},\"description\":\"Sitio web de noticias de la provincia de Entre R\u00edos, Argentina. Informaci\u00f3n y entretenimiento. Informe Litoral, nos informamos.\",\"sameAs\":[\"http:\\\/\\\/www.isletasnoticias.com.ar\"],\"url\":\"https:\\\/\\\/informelitoral.com.ar\\\/author\\\/gonzalo\\\/\"}]}<\/script>","yoast_head_json":{"title":"Introducen un nuevo cambio en los pasaportes argentinos - Informe Litoral","robots":{"index":"index","follow":"follow","max-snippet":"max-snippet:-1","max-image-preview":"max-image-preview:large","max-video-preview":"max-video-preview:-1"},"canonical":"https:\/\/informelitoral.com.ar\/introducen-un-nuevo-cambio-en-los-pasaportes-argentinos\/","og_locale":"es_ES","og_type":"article","og_title":"Introducen un nuevo cambio en los pasaportes argentinos - Informe Litoral","og_description":"El Ministerio de Interior anunci\u00f3 la incorporaci\u00f3n de una nueva tecnolog\u00eda. La misma estar\u00e1 en el interior del documento, por lo que no ser\u00e1 visible a simple vista.","og_url":"https:\/\/informelitoral.com.ar\/introducen-un-nuevo-cambio-en-los-pasaportes-argentinos\/","og_site_name":"Informe Litoral","article_publisher":"https:\/\/www.facebook.com\/informelitoral\/","article_published_time":"2018-04-10T14:27:40+00:00","article_modified_time":"2018-04-10T14:29:52+00:00","og_image":[{"width":1420,"height":826,"url":"https:\/\/informelitoral.com.ar\/%77%70%2d%63%6f%6e%74%65%6e%74\/uploads\/2017\/12\/pasaporte-argentino.jpg","type":"image\/jpeg"}],"author":"Gonzalo Schmidt","twitter_card":"summary_large_image","twitter_creator":"@InformeLitoral","twitter_site":"@InformeLitoral","twitter_misc":{"Escrito por":"Gonzalo Schmidt","Tiempo de lectura":"2 minutos"},"schema":{"@context":"https:\/\/schema.org","@graph":[{"@type":"Article","@id":"https:\/\/informelitoral.com.ar\/introducen-un-nuevo-cambio-en-los-pasaportes-argentinos\/#article","isPartOf":{"@id":"https:\/\/informelitoral.com.ar\/introducen-un-nuevo-cambio-en-los-pasaportes-argentinos\/"},"author":{"name":"Gonzalo Schmidt","@id":"https:\/\/informelitoral.com.ar\/#\/schema\/person\/b9d00407c836482871ef1d57bf8e3180"},"headline":"Introducen un nuevo cambio en los pasaportes argentinos","datePublished":"2018-04-10T14:27:40+00:00","dateModified":"2018-04-10T14:29:52+00:00","mainEntityOfPage":{"@id":"https:\/\/informelitoral.com.ar\/introducen-un-nuevo-cambio-en-los-pasaportes-argentinos\/"},"wordCount":423,"commentCount":0,"publisher":{"@id":"https:\/\/informelitoral.com.ar\/#organization"},"image":{"@id":"https:\/\/informelitoral.com.ar\/introducen-un-nuevo-cambio-en-los-pasaportes-argentinos\/#primaryimage"},"thumbnailUrl":"https:\/\/informelitoral.com.ar\/%77%70%2d%63%6f%6e%74%65%6e%74\/uploads\/2017\/12\/pasaporte-argentino.jpg","keywords":["Pasaporte"],"articleSection":["Nacionales"],"inLanguage":"es","potentialAction":[{"@type":"CommentAction","name":"Comment","target":["https:\/\/informelitoral.com.ar\/introducen-un-nuevo-cambio-en-los-pasaportes-argentinos\/#respond"]}]},{"@type":"WebPage","@id":"https:\/\/informelitoral.com.ar\/introducen-un-nuevo-cambio-en-los-pasaportes-argentinos\/","url":"https:\/\/informelitoral.com.ar\/introducen-un-nuevo-cambio-en-los-pasaportes-argentinos\/","name":"Introducen un nuevo cambio en los pasaportes argentinos - Informe Litoral","isPartOf":{"@id":"https:\/\/informelitoral.com.ar\/#website"},"primaryImageOfPage":{"@id":"https:\/\/informelitoral.com.ar\/introducen-un-nuevo-cambio-en-los-pasaportes-argentinos\/#primaryimage"},"image":{"@id":"https:\/\/informelitoral.com.ar\/introducen-un-nuevo-cambio-en-los-pasaportes-argentinos\/#primaryimage"},"thumbnailUrl":"https:\/\/informelitoral.com.ar\/%77%70%2d%63%6f%6e%74%65%6e%74\/uploads\/2017\/12\/pasaporte-argentino.jpg","datePublished":"2018-04-10T14:27:40+00:00","dateModified":"2018-04-10T14:29:52+00:00","breadcrumb":{"@id":"https:\/\/informelitoral.com.ar\/introducen-un-nuevo-cambio-en-los-pasaportes-argentinos\/#breadcrumb"},"inLanguage":"es","potentialAction":[{"@type":"ReadAction","target":["https:\/\/informelitoral.com.ar\/introducen-un-nuevo-cambio-en-los-pasaportes-argentinos\/"]}]},{"@type":"ImageObject","inLanguage":"es","@id":"https:\/\/informelitoral.com.ar\/introducen-un-nuevo-cambio-en-los-pasaportes-argentinos\/#primaryimage","url":"https:\/\/informelitoral.com.ar\/%77%70%2d%63%6f%6e%74%65%6e%74\/uploads\/2017\/12\/pasaporte-argentino.jpg","contentUrl":"https:\/\/informelitoral.com.ar\/%77%70%2d%63%6f%6e%74%65%6e%74\/uploads\/2017\/12\/pasaporte-argentino.jpg","width":1420,"height":826},{"@type":"BreadcrumbList","@id":"https:\/\/informelitoral.com.ar\/introducen-un-nuevo-cambio-en-los-pasaportes-argentinos\/#breadcrumb","itemListElement":[{"@type":"ListItem","position":1,"name":"Portada","item":"https:\/\/informelitoral.com.ar\/"},{"@type":"ListItem","position":2,"name":"Introducen un nuevo cambio en los pasaportes argentinos"}]},{"@type":"WebSite","@id":"https:\/\/informelitoral.com.ar\/#website","url":"https:\/\/informelitoral.com.ar\/","name":"Informe Litoral","description":"&quot;Nos informamos&quot; ","publisher":{"@id":"https:\/\/informelitoral.com.ar\/#organization"},"potentialAction":[{"@type":"SearchAction","target":{"@type":"EntryPoint","urlTemplate":"https:\/\/informelitoral.com.ar\/?s={search_term_string}"},"query-input":{"@type":"PropertyValueSpecification","valueRequired":true,"valueName":"search_term_string"}}],"inLanguage":"es"},{"@type":"Organization","@id":"https:\/\/informelitoral.com.ar\/#organization","name":"Informe Litoral","url":"https:\/\/informelitoral.com.ar\/","logo":{"@type":"ImageObject","inLanguage":"es","@id":"https:\/\/informelitoral.com.ar\/#\/schema\/logo\/image\/","url":"https:\/\/informelitoral.com.ar\/%77%70%2d%63%6f%6e%74%65%6e%74\/uploads\/2021\/01\/circulo.png","contentUrl":"https:\/\/informelitoral.com.ar\/%77%70%2d%63%6f%6e%74%65%6e%74\/uploads\/2021\/01\/circulo.png","width":723,"height":731,"caption":"Informe Litoral"},"image":{"@id":"https:\/\/informelitoral.com.ar\/#\/schema\/logo\/image\/"},"sameAs":["https:\/\/www.facebook.com\/informelitoral\/","https:\/\/x.com\/InformeLitoral","https:\/\/www.instagram.com\/informelitoral\/","https:\/\/www.youtube.com\/channel\/UCua4Qvz8Icb6MYqhoq9xLXw"]},{"@type":"Person","@id":"https:\/\/informelitoral.com.ar\/#\/schema\/person\/b9d00407c836482871ef1d57bf8e3180","name":"Gonzalo Schmidt","image":{"@type":"ImageObject","inLanguage":"es","@id":"https:\/\/secure.gravatar.com\/avatar\/31a1a7b66ff2de83bd0e9fd79d026630d2d99e55e8bfe501287647b4fd9743de?s=96&d=mm&r=g","url":"https:\/\/secure.gravatar.com\/avatar\/31a1a7b66ff2de83bd0e9fd79d026630d2d99e55e8bfe501287647b4fd9743de?s=96&d=mm&r=g","contentUrl":"https:\/\/secure.gravatar.com\/avatar\/31a1a7b66ff2de83bd0e9fd79d026630d2d99e55e8bfe501287647b4fd9743de?s=96&d=mm&r=g","caption":"Gonzalo Schmidt"},"description":"Sitio web de noticias de la provincia de Entre R\u00edos, Argentina. Informaci\u00f3n y entretenimiento. Informe Litoral, nos informamos.","sameAs":["http:\/\/www.isletasnoticias.com.ar"],"url":"https:\/\/informelitoral.com.ar\/author\/gonzalo\/"}]}},"_links":{"self":[{"href":"https:\/\/informelitoral.com.ar\/%77%70%2d%6a%73%6f%6e\/wp\/v2\/posts\/26120","targetHints":{"allow":["GET"]}}],"collection":[{"href":"https:\/\/informelitoral.com.ar\/%77%70%2d%6a%73%6f%6e\/wp\/v2\/posts"}],"about":[{"href":"https:\/\/informelitoral.com.ar\/%77%70%2d%6a%73%6f%6e\/wp\/v2\/types\/post"}],"author":[{"embeddable":true,"href":"https:\/\/informelitoral.com.ar\/%77%70%2d%6a%73%6f%6e\/wp\/v2\/users\/2"}],"replies":[{"embeddable":true,"href":"https:\/\/informelitoral.com.ar\/%77%70%2d%6a%73%6f%6e\/wp\/v2\/comments?post=26120"}],"version-history":[{"count":0,"href":"https:\/\/informelitoral.com.ar\/%77%70%2d%6a%73%6f%6e\/wp\/v2\/posts\/26120\/revisions"}],"wp:featuredmedia":[{"embeddable":true,"href":"https:\/\/informelitoral.com.ar\/%77%70%2d%6a%73%6f%6e\/wp\/v2\/media\/24084"}],"wp:attachment":[{"href":"https:\/\/informelitoral.com.ar\/%77%70%2d%6a%73%6f%6e\/wp\/v2\/media?parent=26120"}],"wp:term":[{"taxonomy":"category","embeddable":true,"href":"https:\/\/informelitoral.com.ar\/%77%70%2d%6a%73%6f%6e\/wp\/v2\/categories?post=26120"},{"taxonomy":"post_tag","embeddable":true,"href":"https:\/\/informelitoral.com.ar\/%77%70%2d%6a%73%6f%6e\/wp\/v2\/tags?post=26120"}],"curies":[{"name":"wp","href":"https:\/\/api.w.org\/{rel}","templated":true}]}}