{"id":26068,"date":"2018-04-08T20:14:35","date_gmt":"2018-04-08T23:14:35","guid":{"rendered":"https:\/\/www.isletasnoticias.com.ar\/?p=26068"},"modified":"2018-04-08T20:18:29","modified_gmt":"2018-04-08T23:18:29","slug":"general-alvear-el-nuevo-presidente-de-junta-duro-menos-de-un-mes","status":"publish","type":"post","link":"https:\/\/informelitoral.com.ar\/general-alvear-el-nuevo-presidente-de-junta-duro-menos-de-un-mes\/","title":{"rendered":"General Alvear: el nuevo presidente de Junta dur\u00f3 menos de un mes"},"content":{"rendered":"<p>Recientemente, m\u00e1s precisamente a fines de marzo, se conoc\u00eda que el Ejecutivo Provincial, mediante el Decreto N\u00b0526, finalmente le aceptaba la renuncia a la hasta ese momento presidenta de la Junta de Gobierno de General Alvear, <strong>Marina Meccia<\/strong>.<\/p>\n<p><strong><em>LEER M\u00c1S:\u00a0<a href=\"https:\/\/www.isletasnoticias.com.ar\/monge-pide-soluciones-para-general-alvear-tras-la-renuncia-de-meccia\/\">MONGE PIDE\u00a0SOLUCIONES PARA GENERAL ALVEAR TRAS LA RENUNCIA DE MECCIA<\/a><\/em><\/strong><\/p>\n<p>Una salida que fue te\u00f1ida con cierta pol\u00e9mica en virtud de los motivos que la llevaron a la misma a dimitir, al sostener en declaraciones que \u201cLand\u00f3 no me dio la adscripci\u00f3n y tuve que renunciar a la junta de gobierno\u201d, atribuy\u00e9ndole a la presidenta del Consejo General de Educaci\u00f3n su partida de la Junta de Alvear.<\/p>\n<p>Un decreto, el de aceptaci\u00f3n de renuncia, que tambi\u00e9n dispuso una nueva integraci\u00f3n de la Junta de Gobierno, design\u00e1ndose a <strong>Mario Sotera<\/strong> como presidente de la misma.<\/p>\n<p>Entre los argumentos de la normativa que lleva la firma del gobernador <strong>Gustavo Bordet<\/strong> y de la ministra de gobierno y justicia, <strong>Rosario Romero<\/strong>, se consideraba \u201cprocedente y necesario organizar la Junta De Gobierno, la que, al no contar con elecciones v\u00e1lidamente celebradas y legitimadas, deben ser designadas por el Poder Ejecutivo para asegurar el cumplimiento de las pol\u00edticas y programas emanados del Superior Gobierno de la Provincia\u201d.<\/p>\n<p>Sin embargo, el nombramiento dur\u00f3 poco, trascendiendo que en las \u00faltimas horas el propio Sotera tambi\u00e9n present\u00f3 su dimisi\u00f3n a la presidencia de la junta de gobierno de la localidad del departamento Diamante.<\/p>\n<p><strong>Si bien existen muchas versiones en torno a los motivos que lo llevaron a Sotera a presentar su renuncia, lo cierto es que su salida sorprende enormemente tanto en la zona como en la Casa Gris debido al poco tiempo que dur\u00f3 su mandato, generando m\u00e1s de una especulaci\u00f3n. <\/strong><em>(Fuente: Davidricardo.com.ar)<\/em><\/p>\n","protected":false},"excerpt":{"rendered":"<p>Mario Sotera hab\u00eda sido designado por decreto del gobierno provincial tras la renuncia de Marina Meccia. Si bien hay diferentes especulaciones, a\u00fan no se conocen los motivos de la renuncia. <\/p>\n","protected":false},"author":2,"featured_media":26069,"comment_status":"open","ping_status":"open","sticky":false,"template":"","format":"standard","meta":{"fifu_image_url":"","fifu_image_alt":"","footnotes":""},"categories":[5,16],"tags":[186,100],"class_list":{"0":"post-26068","1":"post","2":"type-post","3":"status-publish","4":"format-standard","5":"has-post-thumbnail","7":"category-zonales","8":"category-politi","9":"tag-general-alvear","10":"tag-junta-de-gobierno"},"yoast_head":"<title>General Alvear: el nuevo presidente de Junta dur\u00f3 menos de un mes - Informe Litoral<\/title>\n<meta name=\"robots\" content=\"index, follow, max-snippet:-1, max-image-preview:large, max-video-preview:-1\" \/>\n<link rel=\"canonical\" href=\"https:\/\/informelitoral.com.ar\/general-alvear-el-nuevo-presidente-de-junta-duro-menos-de-un-mes\/\" \/>\n<meta property=\"og:locale\" content=\"es_ES\" \/>\n<meta property=\"og:type\" content=\"article\" \/>\n<meta property=\"og:title\" content=\"General Alvear: el nuevo presidente de Junta dur\u00f3 menos de un mes - Informe Litoral\" \/>\n<meta property=\"og:description\" content=\"Mario Sotera hab\u00eda sido designado por decreto del gobierno provincial tras la renuncia de Marina Meccia. Si bien hay diferentes especulaciones, a\u00fan no se conocen los motivos de la renuncia.\" \/>\n<meta property=\"og:url\" content=\"https:\/\/informelitoral.com.ar\/general-alvear-el-nuevo-presidente-de-junta-duro-menos-de-un-mes\/\" \/>\n<meta property=\"og:site_name\" content=\"Informe Litoral\" \/>\n<meta property=\"article:publisher\" content=\"https:\/\/www.facebook.com\/informelitoral\/\" \/>\n<meta property=\"article:published_time\" content=\"2018-04-08T23:14:35+00:00\" \/>\n<meta property=\"article:modified_time\" content=\"2018-04-08T23:18:29+00:00\" \/>\n<meta property=\"og:image\" content=\"https:\/\/www.isletasnoticias.com.ar\/%77%70%2d%63%6f%6e%74%65%6e%74\/uploads\/2018\/04\/mario-sotera-junta-de-alvear.jpg\" \/>\n<meta name=\"author\" content=\"Gonzalo Schmidt\" \/>\n<meta name=\"twitter:card\" content=\"summary_large_image\" \/>\n<meta name=\"twitter:creator\" content=\"@InformeLitoral\" \/>\n<meta name=\"twitter:site\" content=\"@InformeLitoral\" \/>\n<meta name=\"twitter:label1\" content=\"Escrito por\" \/>\n\t<meta name=\"twitter:data1\" content=\"Gonzalo Schmidt\" \/>\n\t<meta name=\"twitter:label2\" content=\"Tiempo de lectura\" \/>\n\t<meta name=\"twitter:data2\" content=\"2 minutos\" \/>\n<script type=\"application\/ld+json\" class=\"yoast-schema-graph\">{\"@context\":\"https:\\\/\\\/schema.org\",\"@graph\":[{\"@type\":\"Article\",\"@id\":\"https:\\\/\\\/informelitoral.com.ar\\\/general-alvear-el-nuevo-presidente-de-junta-duro-menos-de-un-mes\\\/#article\",\"isPartOf\":{\"@id\":\"https:\\\/\\\/informelitoral.com.ar\\\/general-alvear-el-nuevo-presidente-de-junta-duro-menos-de-un-mes\\\/\"},\"author\":{\"name\":\"Gonzalo Schmidt\",\"@id\":\"https:\\\/\\\/informelitoral.com.ar\\\/#\\\/schema\\\/person\\\/b9d00407c836482871ef1d57bf8e3180\"},\"headline\":\"General Alvear: el nuevo presidente de Junta dur\u00f3 menos de un mes\",\"datePublished\":\"2018-04-08T23:14:35+00:00\",\"dateModified\":\"2018-04-08T23:18:29+00:00\",\"mainEntityOfPage\":{\"@id\":\"https:\\\/\\\/informelitoral.com.ar\\\/general-alvear-el-nuevo-presidente-de-junta-duro-menos-de-un-mes\\\/\"},\"wordCount\":319,\"commentCount\":0,\"publisher\":{\"@id\":\"https:\\\/\\\/informelitoral.com.ar\\\/#organization\"},\"image\":{\"@id\":\"https:\\\/\\\/informelitoral.com.ar\\\/general-alvear-el-nuevo-presidente-de-junta-duro-menos-de-un-mes\\\/#primaryimage\"},\"thumbnailUrl\":\"https:\\\/\\\/informelitoral.com.ar\\\/%77%70%2d%63%6f%6e%74%65%6e%74\\\/uploads\\\/2018\\\/04\\\/mario-sotera-junta-de-alvear.jpg\",\"keywords\":[\"General Alvear\",\"Junta de Gobierno\"],\"articleSection\":[\"Departamento Diamante\",\"Politica\"],\"inLanguage\":\"es\",\"potentialAction\":[{\"@type\":\"CommentAction\",\"name\":\"Comment\",\"target\":[\"https:\\\/\\\/informelitoral.com.ar\\\/general-alvear-el-nuevo-presidente-de-junta-duro-menos-de-un-mes\\\/#respond\"]}]},{\"@type\":\"WebPage\",\"@id\":\"https:\\\/\\\/informelitoral.com.ar\\\/general-alvear-el-nuevo-presidente-de-junta-duro-menos-de-un-mes\\\/\",\"url\":\"https:\\\/\\\/informelitoral.com.ar\\\/general-alvear-el-nuevo-presidente-de-junta-duro-menos-de-un-mes\\\/\",\"name\":\"General Alvear: el nuevo presidente de Junta dur\u00f3 menos de un mes - Informe Litoral\",\"isPartOf\":{\"@id\":\"https:\\\/\\\/informelitoral.com.ar\\\/#website\"},\"primaryImageOfPage\":{\"@id\":\"https:\\\/\\\/informelitoral.com.ar\\\/general-alvear-el-nuevo-presidente-de-junta-duro-menos-de-un-mes\\\/#primaryimage\"},\"image\":{\"@id\":\"https:\\\/\\\/informelitoral.com.ar\\\/general-alvear-el-nuevo-presidente-de-junta-duro-menos-de-un-mes\\\/#primaryimage\"},\"thumbnailUrl\":\"https:\\\/\\\/informelitoral.com.ar\\\/%77%70%2d%63%6f%6e%74%65%6e%74\\\/uploads\\\/2018\\\/04\\\/mario-sotera-junta-de-alvear.jpg\",\"datePublished\":\"2018-04-08T23:14:35+00:00\",\"dateModified\":\"2018-04-08T23:18:29+00:00\",\"breadcrumb\":{\"@id\":\"https:\\\/\\\/informelitoral.com.ar\\\/general-alvear-el-nuevo-presidente-de-junta-duro-menos-de-un-mes\\\/#breadcrumb\"},\"inLanguage\":\"es\",\"potentialAction\":[{\"@type\":\"ReadAction\",\"target\":[\"https:\\\/\\\/informelitoral.com.ar\\\/general-alvear-el-nuevo-presidente-de-junta-duro-menos-de-un-mes\\\/\"]}]},{\"@type\":\"ImageObject\",\"inLanguage\":\"es\",\"@id\":\"https:\\\/\\\/informelitoral.com.ar\\\/general-alvear-el-nuevo-presidente-de-junta-duro-menos-de-un-mes\\\/#primaryimage\",\"url\":\"https:\\\/\\\/informelitoral.com.ar\\\/%77%70%2d%63%6f%6e%74%65%6e%74\\\/uploads\\\/2018\\\/04\\\/mario-sotera-junta-de-alvear.jpg\",\"contentUrl\":\"https:\\\/\\\/informelitoral.com.ar\\\/%77%70%2d%63%6f%6e%74%65%6e%74\\\/uploads\\\/2018\\\/04\\\/mario-sotera-junta-de-alvear.jpg\",\"width\":720,\"height\":405},{\"@type\":\"BreadcrumbList\",\"@id\":\"https:\\\/\\\/informelitoral.com.ar\\\/general-alvear-el-nuevo-presidente-de-junta-duro-menos-de-un-mes\\\/#breadcrumb\",\"itemListElement\":[{\"@type\":\"ListItem\",\"position\":1,\"name\":\"Portada\",\"item\":\"https:\\\/\\\/informelitoral.com.ar\\\/\"},{\"@type\":\"ListItem\",\"position\":2,\"name\":\"General Alvear: el nuevo presidente de Junta dur\u00f3 menos de un mes\"}]},{\"@type\":\"WebSite\",\"@id\":\"https:\\\/\\\/informelitoral.com.ar\\\/#website\",\"url\":\"https:\\\/\\\/informelitoral.com.ar\\\/\",\"name\":\"Informe Litoral\",\"description\":\"&quot;Nos informamos&quot; \",\"publisher\":{\"@id\":\"https:\\\/\\\/informelitoral.com.ar\\\/#organization\"},\"potentialAction\":[{\"@type\":\"SearchAction\",\"target\":{\"@type\":\"EntryPoint\",\"urlTemplate\":\"https:\\\/\\\/informelitoral.com.ar\\\/?s={search_term_string}\"},\"query-input\":{\"@type\":\"PropertyValueSpecification\",\"valueRequired\":true,\"valueName\":\"search_term_string\"}}],\"inLanguage\":\"es\"},{\"@type\":\"Organization\",\"@id\":\"https:\\\/\\\/informelitoral.com.ar\\\/#organization\",\"name\":\"Informe Litoral\",\"url\":\"https:\\\/\\\/informelitoral.com.ar\\\/\",\"logo\":{\"@type\":\"ImageObject\",\"inLanguage\":\"es\",\"@id\":\"https:\\\/\\\/informelitoral.com.ar\\\/#\\\/schema\\\/logo\\\/image\\\/\",\"url\":\"https:\\\/\\\/informelitoral.com.ar\\\/%77%70%2d%63%6f%6e%74%65%6e%74\\\/uploads\\\/2021\\\/01\\\/circulo.png\",\"contentUrl\":\"https:\\\/\\\/informelitoral.com.ar\\\/%77%70%2d%63%6f%6e%74%65%6e%74\\\/uploads\\\/2021\\\/01\\\/circulo.png\",\"width\":723,\"height\":731,\"caption\":\"Informe Litoral\"},\"image\":{\"@id\":\"https:\\\/\\\/informelitoral.com.ar\\\/#\\\/schema\\\/logo\\\/image\\\/\"},\"sameAs\":[\"https:\\\/\\\/www.facebook.com\\\/informelitoral\\\/\",\"https:\\\/\\\/x.com\\\/InformeLitoral\",\"https:\\\/\\\/www.instagram.com\\\/informelitoral\\\/\",\"https:\\\/\\\/www.youtube.com\\\/channel\\\/UCua4Qvz8Icb6MYqhoq9xLXw\"]},{\"@type\":\"Person\",\"@id\":\"https:\\\/\\\/informelitoral.com.ar\\\/#\\\/schema\\\/person\\\/b9d00407c836482871ef1d57bf8e3180\",\"name\":\"Gonzalo Schmidt\",\"image\":{\"@type\":\"ImageObject\",\"inLanguage\":\"es\",\"@id\":\"https:\\\/\\\/secure.gravatar.com\\\/avatar\\\/31a1a7b66ff2de83bd0e9fd79d026630d2d99e55e8bfe501287647b4fd9743de?s=96&d=mm&r=g\",\"url\":\"https:\\\/\\\/secure.gravatar.com\\\/avatar\\\/31a1a7b66ff2de83bd0e9fd79d026630d2d99e55e8bfe501287647b4fd9743de?s=96&d=mm&r=g\",\"contentUrl\":\"https:\\\/\\\/secure.gravatar.com\\\/avatar\\\/31a1a7b66ff2de83bd0e9fd79d026630d2d99e55e8bfe501287647b4fd9743de?s=96&d=mm&r=g\",\"caption\":\"Gonzalo Schmidt\"},\"description\":\"Sitio web de noticias de la provincia de Entre R\u00edos, Argentina. Informaci\u00f3n y entretenimiento. Informe Litoral, nos informamos.\",\"sameAs\":[\"http:\\\/\\\/www.isletasnoticias.com.ar\"],\"url\":\"https:\\\/\\\/informelitoral.com.ar\\\/author\\\/gonzalo\\\/\"}]}<\/script>","yoast_head_json":{"title":"General Alvear: el nuevo presidente de Junta dur\u00f3 menos de un mes - Informe Litoral","robots":{"index":"index","follow":"follow","max-snippet":"max-snippet:-1","max-image-preview":"max-image-preview:large","max-video-preview":"max-video-preview:-1"},"canonical":"https:\/\/informelitoral.com.ar\/general-alvear-el-nuevo-presidente-de-junta-duro-menos-de-un-mes\/","og_locale":"es_ES","og_type":"article","og_title":"General Alvear: el nuevo presidente de Junta dur\u00f3 menos de un mes - Informe Litoral","og_description":"Mario Sotera hab\u00eda sido designado por decreto del gobierno provincial tras la renuncia de Marina Meccia. Si bien hay diferentes especulaciones, a\u00fan no se conocen los motivos de la renuncia.","og_url":"https:\/\/informelitoral.com.ar\/general-alvear-el-nuevo-presidente-de-junta-duro-menos-de-un-mes\/","og_site_name":"Informe Litoral","article_publisher":"https:\/\/www.facebook.com\/informelitoral\/","article_published_time":"2018-04-08T23:14:35+00:00","article_modified_time":"2018-04-08T23:18:29+00:00","og_image":[{"url":"https:\/\/www.isletasnoticias.com.ar\/%77%70%2d%63%6f%6e%74%65%6e%74\/uploads\/2018\/04\/mario-sotera-junta-de-alvear.jpg","type":"","width":"","height":""}],"author":"Gonzalo Schmidt","twitter_card":"summary_large_image","twitter_creator":"@InformeLitoral","twitter_site":"@InformeLitoral","twitter_misc":{"Escrito por":"Gonzalo Schmidt","Tiempo de lectura":"2 minutos"},"schema":{"@context":"https:\/\/schema.org","@graph":[{"@type":"Article","@id":"https:\/\/informelitoral.com.ar\/general-alvear-el-nuevo-presidente-de-junta-duro-menos-de-un-mes\/#article","isPartOf":{"@id":"https:\/\/informelitoral.com.ar\/general-alvear-el-nuevo-presidente-de-junta-duro-menos-de-un-mes\/"},"author":{"name":"Gonzalo Schmidt","@id":"https:\/\/informelitoral.com.ar\/#\/schema\/person\/b9d00407c836482871ef1d57bf8e3180"},"headline":"General Alvear: el nuevo presidente de Junta dur\u00f3 menos de un mes","datePublished":"2018-04-08T23:14:35+00:00","dateModified":"2018-04-08T23:18:29+00:00","mainEntityOfPage":{"@id":"https:\/\/informelitoral.com.ar\/general-alvear-el-nuevo-presidente-de-junta-duro-menos-de-un-mes\/"},"wordCount":319,"commentCount":0,"publisher":{"@id":"https:\/\/informelitoral.com.ar\/#organization"},"image":{"@id":"https:\/\/informelitoral.com.ar\/general-alvear-el-nuevo-presidente-de-junta-duro-menos-de-un-mes\/#primaryimage"},"thumbnailUrl":"https:\/\/informelitoral.com.ar\/%77%70%2d%63%6f%6e%74%65%6e%74\/uploads\/2018\/04\/mario-sotera-junta-de-alvear.jpg","keywords":["General Alvear","Junta de Gobierno"],"articleSection":["Departamento Diamante","Politica"],"inLanguage":"es","potentialAction":[{"@type":"CommentAction","name":"Comment","target":["https:\/\/informelitoral.com.ar\/general-alvear-el-nuevo-presidente-de-junta-duro-menos-de-un-mes\/#respond"]}]},{"@type":"WebPage","@id":"https:\/\/informelitoral.com.ar\/general-alvear-el-nuevo-presidente-de-junta-duro-menos-de-un-mes\/","url":"https:\/\/informelitoral.com.ar\/general-alvear-el-nuevo-presidente-de-junta-duro-menos-de-un-mes\/","name":"General Alvear: el nuevo presidente de Junta dur\u00f3 menos de un mes - Informe Litoral","isPartOf":{"@id":"https:\/\/informelitoral.com.ar\/#website"},"primaryImageOfPage":{"@id":"https:\/\/informelitoral.com.ar\/general-alvear-el-nuevo-presidente-de-junta-duro-menos-de-un-mes\/#primaryimage"},"image":{"@id":"https:\/\/informelitoral.com.ar\/general-alvear-el-nuevo-presidente-de-junta-duro-menos-de-un-mes\/#primaryimage"},"thumbnailUrl":"https:\/\/informelitoral.com.ar\/%77%70%2d%63%6f%6e%74%65%6e%74\/uploads\/2018\/04\/mario-sotera-junta-de-alvear.jpg","datePublished":"2018-04-08T23:14:35+00:00","dateModified":"2018-04-08T23:18:29+00:00","breadcrumb":{"@id":"https:\/\/informelitoral.com.ar\/general-alvear-el-nuevo-presidente-de-junta-duro-menos-de-un-mes\/#breadcrumb"},"inLanguage":"es","potentialAction":[{"@type":"ReadAction","target":["https:\/\/informelitoral.com.ar\/general-alvear-el-nuevo-presidente-de-junta-duro-menos-de-un-mes\/"]}]},{"@type":"ImageObject","inLanguage":"es","@id":"https:\/\/informelitoral.com.ar\/general-alvear-el-nuevo-presidente-de-junta-duro-menos-de-un-mes\/#primaryimage","url":"https:\/\/informelitoral.com.ar\/%77%70%2d%63%6f%6e%74%65%6e%74\/uploads\/2018\/04\/mario-sotera-junta-de-alvear.jpg","contentUrl":"https:\/\/informelitoral.com.ar\/%77%70%2d%63%6f%6e%74%65%6e%74\/uploads\/2018\/04\/mario-sotera-junta-de-alvear.jpg","width":720,"height":405},{"@type":"BreadcrumbList","@id":"https:\/\/informelitoral.com.ar\/general-alvear-el-nuevo-presidente-de-junta-duro-menos-de-un-mes\/#breadcrumb","itemListElement":[{"@type":"ListItem","position":1,"name":"Portada","item":"https:\/\/informelitoral.com.ar\/"},{"@type":"ListItem","position":2,"name":"General Alvear: el nuevo presidente de Junta dur\u00f3 menos de un mes"}]},{"@type":"WebSite","@id":"https:\/\/informelitoral.com.ar\/#website","url":"https:\/\/informelitoral.com.ar\/","name":"Informe Litoral","description":"&quot;Nos informamos&quot; ","publisher":{"@id":"https:\/\/informelitoral.com.ar\/#organization"},"potentialAction":[{"@type":"SearchAction","target":{"@type":"EntryPoint","urlTemplate":"https:\/\/informelitoral.com.ar\/?s={search_term_string}"},"query-input":{"@type":"PropertyValueSpecification","valueRequired":true,"valueName":"search_term_string"}}],"inLanguage":"es"},{"@type":"Organization","@id":"https:\/\/informelitoral.com.ar\/#organization","name":"Informe Litoral","url":"https:\/\/informelitoral.com.ar\/","logo":{"@type":"ImageObject","inLanguage":"es","@id":"https:\/\/informelitoral.com.ar\/#\/schema\/logo\/image\/","url":"https:\/\/informelitoral.com.ar\/%77%70%2d%63%6f%6e%74%65%6e%74\/uploads\/2021\/01\/circulo.png","contentUrl":"https:\/\/informelitoral.com.ar\/%77%70%2d%63%6f%6e%74%65%6e%74\/uploads\/2021\/01\/circulo.png","width":723,"height":731,"caption":"Informe Litoral"},"image":{"@id":"https:\/\/informelitoral.com.ar\/#\/schema\/logo\/image\/"},"sameAs":["https:\/\/www.facebook.com\/informelitoral\/","https:\/\/x.com\/InformeLitoral","https:\/\/www.instagram.com\/informelitoral\/","https:\/\/www.youtube.com\/channel\/UCua4Qvz8Icb6MYqhoq9xLXw"]},{"@type":"Person","@id":"https:\/\/informelitoral.com.ar\/#\/schema\/person\/b9d00407c836482871ef1d57bf8e3180","name":"Gonzalo Schmidt","image":{"@type":"ImageObject","inLanguage":"es","@id":"https:\/\/secure.gravatar.com\/avatar\/31a1a7b66ff2de83bd0e9fd79d026630d2d99e55e8bfe501287647b4fd9743de?s=96&d=mm&r=g","url":"https:\/\/secure.gravatar.com\/avatar\/31a1a7b66ff2de83bd0e9fd79d026630d2d99e55e8bfe501287647b4fd9743de?s=96&d=mm&r=g","contentUrl":"https:\/\/secure.gravatar.com\/avatar\/31a1a7b66ff2de83bd0e9fd79d026630d2d99e55e8bfe501287647b4fd9743de?s=96&d=mm&r=g","caption":"Gonzalo Schmidt"},"description":"Sitio web de noticias de la provincia de Entre R\u00edos, Argentina. Informaci\u00f3n y entretenimiento. Informe Litoral, nos informamos.","sameAs":["http:\/\/www.isletasnoticias.com.ar"],"url":"https:\/\/informelitoral.com.ar\/author\/gonzalo\/"}]}},"_links":{"self":[{"href":"https:\/\/informelitoral.com.ar\/%77%70%2d%6a%73%6f%6e\/wp\/v2\/posts\/26068","targetHints":{"allow":["GET"]}}],"collection":[{"href":"https:\/\/informelitoral.com.ar\/%77%70%2d%6a%73%6f%6e\/wp\/v2\/posts"}],"about":[{"href":"https:\/\/informelitoral.com.ar\/%77%70%2d%6a%73%6f%6e\/wp\/v2\/types\/post"}],"author":[{"embeddable":true,"href":"https:\/\/informelitoral.com.ar\/%77%70%2d%6a%73%6f%6e\/wp\/v2\/users\/2"}],"replies":[{"embeddable":true,"href":"https:\/\/informelitoral.com.ar\/%77%70%2d%6a%73%6f%6e\/wp\/v2\/comments?post=26068"}],"version-history":[{"count":0,"href":"https:\/\/informelitoral.com.ar\/%77%70%2d%6a%73%6f%6e\/wp\/v2\/posts\/26068\/revisions"}],"wp:featuredmedia":[{"embeddable":true,"href":"https:\/\/informelitoral.com.ar\/%77%70%2d%6a%73%6f%6e\/wp\/v2\/media\/26069"}],"wp:attachment":[{"href":"https:\/\/informelitoral.com.ar\/%77%70%2d%6a%73%6f%6e\/wp\/v2\/media?parent=26068"}],"wp:term":[{"taxonomy":"category","embeddable":true,"href":"https:\/\/informelitoral.com.ar\/%77%70%2d%6a%73%6f%6e\/wp\/v2\/categories?post=26068"},{"taxonomy":"post_tag","embeddable":true,"href":"https:\/\/informelitoral.com.ar\/%77%70%2d%6a%73%6f%6e\/wp\/v2\/tags?post=26068"}],"curies":[{"name":"wp","href":"https:\/\/api.w.org\/{rel}","templated":true}]}}