{"id":26047,"date":"2018-04-07T12:38:20","date_gmt":"2018-04-07T15:38:20","guid":{"rendered":"https:\/\/www.isletasnoticias.com.ar\/?p=26047"},"modified":"2018-04-07T12:38:20","modified_gmt":"2018-04-07T15:38:20","slug":"la-inauguracion-del-hipodromo-de-oro-verde-tiene-fecha","status":"publish","type":"post","link":"https:\/\/informelitoral.com.ar\/la-inauguracion-del-hipodromo-de-oro-verde-tiene-fecha\/","title":{"rendered":"La inauguraci\u00f3n del hip\u00f3dromo de Oro Verde tiene fecha"},"content":{"rendered":"<p>Finalmente la inauguraci\u00f3n del flamante\u00a0<a href=\"https:\/\/www.facebook.com\/pg\/adpyptp\/photos\/?ref=page_internal\"><strong>Hip\u00f3dromo Almafuerte<\/strong><\/a>, ubicado en la localidad de\u00a0<strong>Oro Verde<\/strong>\u00a0tiene fecha.\u00a0<strong>La apertura ser\u00e1 el domingo 29 de abril.<a href=\"https:\/\/www.isletasnoticias.com.ar\/%77%70%2d%63%6f%6e%74%65%6e%74\/uploads\/2018\/04\/19510384_1923380337944367_9130003928337809630_n.jpg\"><img loading=\"lazy\" decoding=\"async\" class=\"aligncenter wp-image-26049 size-full\" src=\"https:\/\/www.isletasnoticias.com.ar\/%77%70%2d%63%6f%6e%74%65%6e%74\/uploads\/2018\/04\/19510384_1923380337944367_9130003928337809630_n.jpg\" alt=\"\" width=\"960\" height=\"576\" srcset=\"https:\/\/informelitoral.com.ar\/%77%70%2d%63%6f%6e%74%65%6e%74\/uploads\/2018\/04\/19510384_1923380337944367_9130003928337809630_n.jpg 960w, https:\/\/informelitoral.com.ar\/%77%70%2d%63%6f%6e%74%65%6e%74\/uploads\/2018\/04\/19510384_1923380337944367_9130003928337809630_n-300x180.jpg 300w, https:\/\/informelitoral.com.ar\/%77%70%2d%63%6f%6e%74%65%6e%74\/uploads\/2018\/04\/19510384_1923380337944367_9130003928337809630_n-768x461.jpg 768w, https:\/\/informelitoral.com.ar\/%77%70%2d%63%6f%6e%74%65%6e%74\/uploads\/2018\/04\/19510384_1923380337944367_9130003928337809630_n-400x240.jpg 400w\" sizes=\"auto, (max-width: 960px) 100vw, 960px\" \/><\/a><\/strong><\/p>\n<p>Las obras hab\u00edan comenzado el a\u00f1o pasado, pero por diferentes complicaciones no se pudo inaugurar en 2017. En los \u00faltimos d\u00edas se est\u00e1n realizando los trabajos finales para dejar a punto el lugar para el gran d\u00eda. El domingo 29 se espera una verdadera fiesta para quienes disfrutan de la pasi\u00f3n por los caballos, inform\u00f3 el programa<em> Nunca es Tarde <\/em>de<em> Canal 9 Litoral.<a href=\"https:\/\/www.isletasnoticias.com.ar\/%77%70%2d%63%6f%6e%74%65%6e%74\/uploads\/2018\/04\/29513336_2056055314676868_7718585753134956544_n.jpg\"><img loading=\"lazy\" decoding=\"async\" class=\"aligncenter wp-image-26050 size-full\" src=\"https:\/\/www.isletasnoticias.com.ar\/%77%70%2d%63%6f%6e%74%65%6e%74\/uploads\/2018\/04\/29513336_2056055314676868_7718585753134956544_n.jpg\" alt=\"\" width=\"960\" height=\"540\" srcset=\"https:\/\/informelitoral.com.ar\/%77%70%2d%63%6f%6e%74%65%6e%74\/uploads\/2018\/04\/29513336_2056055314676868_7718585753134956544_n.jpg 960w, https:\/\/informelitoral.com.ar\/%77%70%2d%63%6f%6e%74%65%6e%74\/uploads\/2018\/04\/29513336_2056055314676868_7718585753134956544_n-300x169.jpg 300w, https:\/\/informelitoral.com.ar\/%77%70%2d%63%6f%6e%74%65%6e%74\/uploads\/2018\/04\/29513336_2056055314676868_7718585753134956544_n-768x432.jpg 768w, https:\/\/informelitoral.com.ar\/%77%70%2d%63%6f%6e%74%65%6e%74\/uploads\/2018\/04\/29513336_2056055314676868_7718585753134956544_n-400x225.jpg 400w\" sizes=\"auto, (max-width: 960px) 100vw, 960px\" \/><\/a><\/em><\/p>\n<p><strong>Estiman que habr\u00e1 unos 78 competidores, invitados especiales y un buen n\u00famero de espectadores<\/strong>. Adem\u00e1s,\u00a0<strong>se recuperar\u00e1n puestos de trabajo<\/strong>\u00a0que se hab\u00edan perdido con el cierre del ex hip\u00f3dromo de Paran\u00e1.<a href=\"https:\/\/www.isletasnoticias.com.ar\/%77%70%2d%63%6f%6e%74%65%6e%74\/uploads\/2018\/04\/29541674_2058270394455360_7078323426545277551_n.jpg\"><img loading=\"lazy\" decoding=\"async\" class=\"aligncenter wp-image-26051 size-full\" src=\"https:\/\/www.isletasnoticias.com.ar\/%77%70%2d%63%6f%6e%74%65%6e%74\/uploads\/2018\/04\/29541674_2058270394455360_7078323426545277551_n.jpg\" alt=\"\" width=\"960\" height=\"540\" srcset=\"https:\/\/informelitoral.com.ar\/%77%70%2d%63%6f%6e%74%65%6e%74\/uploads\/2018\/04\/29541674_2058270394455360_7078323426545277551_n.jpg 960w, https:\/\/informelitoral.com.ar\/%77%70%2d%63%6f%6e%74%65%6e%74\/uploads\/2018\/04\/29541674_2058270394455360_7078323426545277551_n-300x169.jpg 300w, https:\/\/informelitoral.com.ar\/%77%70%2d%63%6f%6e%74%65%6e%74\/uploads\/2018\/04\/29541674_2058270394455360_7078323426545277551_n-768x432.jpg 768w, https:\/\/informelitoral.com.ar\/%77%70%2d%63%6f%6e%74%65%6e%74\/uploads\/2018\/04\/29541674_2058270394455360_7078323426545277551_n-400x225.jpg 400w\" sizes=\"auto, (max-width: 960px) 100vw, 960px\" \/><\/a><\/p>\n","protected":false},"excerpt":{"rendered":"<p>El nuevo Hip\u00f3dromo Almafuerte de la localidad vecina a Paran\u00e1 tiene fecha de inauguraci\u00f3n. Tras mucho tiempo, se espera una gran fiesta y la vuelta de la pasi\u00f3n por el turf. <\/p>\n","protected":false},"author":2,"featured_media":26048,"comment_status":"open","ping_status":"open","sticky":false,"template":"","format":"standard","meta":{"fifu_image_url":"","fifu_image_alt":"","footnotes":""},"categories":[6,9],"tags":[178,176,175,174,177],"class_list":{"0":"post-26047","1":"post","2":"type-post","3":"status-publish","4":"format-standard","5":"has-post-thumbnail","7":"category-entre-rios","8":"category-sociedad","9":"tag-caballos","10":"tag-hipodromo","11":"tag-inauguracion","12":"tag-oro-verde","13":"tag-turf"},"yoast_head":"<title>La inauguraci\u00f3n del hip\u00f3dromo de Oro Verde tiene fecha - Informe Litoral<\/title>\n<meta name=\"robots\" content=\"index, follow, max-snippet:-1, max-image-preview:large, max-video-preview:-1\" \/>\n<link rel=\"canonical\" href=\"https:\/\/informelitoral.com.ar\/la-inauguracion-del-hipodromo-de-oro-verde-tiene-fecha\/\" \/>\n<meta property=\"og:locale\" content=\"es_ES\" \/>\n<meta property=\"og:type\" content=\"article\" \/>\n<meta property=\"og:title\" content=\"La inauguraci\u00f3n del hip\u00f3dromo de Oro Verde tiene fecha - Informe Litoral\" \/>\n<meta property=\"og:description\" content=\"El nuevo Hip\u00f3dromo Almafuerte de la localidad vecina a Paran\u00e1 tiene fecha de inauguraci\u00f3n. Tras mucho tiempo, se espera una gran fiesta y la vuelta de la pasi\u00f3n por el turf.\" \/>\n<meta property=\"og:url\" content=\"https:\/\/informelitoral.com.ar\/la-inauguracion-del-hipodromo-de-oro-verde-tiene-fecha\/\" \/>\n<meta property=\"og:site_name\" content=\"Informe Litoral\" \/>\n<meta property=\"article:publisher\" content=\"https:\/\/www.facebook.com\/informelitoral\/\" \/>\n<meta property=\"article:published_time\" content=\"2018-04-07T15:38:20+00:00\" \/>\n<meta property=\"og:image\" content=\"https:\/\/www.isletasnoticias.com.ar\/%77%70%2d%63%6f%6e%74%65%6e%74\/uploads\/2018\/04\/hip\u00f3dromo-almafuerte.jpg\" \/>\n<meta name=\"author\" content=\"Gonzalo Schmidt\" \/>\n<meta name=\"twitter:card\" content=\"summary_large_image\" \/>\n<meta name=\"twitter:creator\" content=\"@InformeLitoral\" \/>\n<meta name=\"twitter:site\" content=\"@InformeLitoral\" \/>\n<meta name=\"twitter:label1\" content=\"Escrito por\" \/>\n\t<meta name=\"twitter:data1\" content=\"Gonzalo Schmidt\" \/>\n\t<meta name=\"twitter:label2\" content=\"Tiempo de lectura\" \/>\n\t<meta name=\"twitter:data2\" content=\"1 minuto\" \/>\n<script type=\"application\/ld+json\" class=\"yoast-schema-graph\">{\"@context\":\"https:\\\/\\\/schema.org\",\"@graph\":[{\"@type\":\"Article\",\"@id\":\"https:\\\/\\\/informelitoral.com.ar\\\/la-inauguracion-del-hipodromo-de-oro-verde-tiene-fecha\\\/#article\",\"isPartOf\":{\"@id\":\"https:\\\/\\\/informelitoral.com.ar\\\/la-inauguracion-del-hipodromo-de-oro-verde-tiene-fecha\\\/\"},\"author\":{\"name\":\"Gonzalo Schmidt\",\"@id\":\"https:\\\/\\\/informelitoral.com.ar\\\/#\\\/schema\\\/person\\\/b9d00407c836482871ef1d57bf8e3180\"},\"headline\":\"La inauguraci\u00f3n del hip\u00f3dromo de Oro Verde tiene fecha\",\"datePublished\":\"2018-04-07T15:38:20+00:00\",\"mainEntityOfPage\":{\"@id\":\"https:\\\/\\\/informelitoral.com.ar\\\/la-inauguracion-del-hipodromo-de-oro-verde-tiene-fecha\\\/\"},\"wordCount\":139,\"commentCount\":0,\"publisher\":{\"@id\":\"https:\\\/\\\/informelitoral.com.ar\\\/#organization\"},\"image\":{\"@id\":\"https:\\\/\\\/informelitoral.com.ar\\\/la-inauguracion-del-hipodromo-de-oro-verde-tiene-fecha\\\/#primaryimage\"},\"thumbnailUrl\":\"https:\\\/\\\/informelitoral.com.ar\\\/%77%70%2d%63%6f%6e%74%65%6e%74\\\/uploads\\\/2018\\\/04\\\/hip\u00f3dromo-almafuerte.jpg\",\"keywords\":[\"Caballos\",\"Hip\u00f3dromo\",\"Inauguraci\u00f3n\",\"Oro Verde\",\"Turf\"],\"articleSection\":[\"Entre R\u00edos\",\"Sociedad\"],\"inLanguage\":\"es\",\"potentialAction\":[{\"@type\":\"CommentAction\",\"name\":\"Comment\",\"target\":[\"https:\\\/\\\/informelitoral.com.ar\\\/la-inauguracion-del-hipodromo-de-oro-verde-tiene-fecha\\\/#respond\"]}]},{\"@type\":\"WebPage\",\"@id\":\"https:\\\/\\\/informelitoral.com.ar\\\/la-inauguracion-del-hipodromo-de-oro-verde-tiene-fecha\\\/\",\"url\":\"https:\\\/\\\/informelitoral.com.ar\\\/la-inauguracion-del-hipodromo-de-oro-verde-tiene-fecha\\\/\",\"name\":\"La inauguraci\u00f3n del hip\u00f3dromo de Oro Verde tiene fecha - Informe Litoral\",\"isPartOf\":{\"@id\":\"https:\\\/\\\/informelitoral.com.ar\\\/#website\"},\"primaryImageOfPage\":{\"@id\":\"https:\\\/\\\/informelitoral.com.ar\\\/la-inauguracion-del-hipodromo-de-oro-verde-tiene-fecha\\\/#primaryimage\"},\"image\":{\"@id\":\"https:\\\/\\\/informelitoral.com.ar\\\/la-inauguracion-del-hipodromo-de-oro-verde-tiene-fecha\\\/#primaryimage\"},\"thumbnailUrl\":\"https:\\\/\\\/informelitoral.com.ar\\\/%77%70%2d%63%6f%6e%74%65%6e%74\\\/uploads\\\/2018\\\/04\\\/hip\u00f3dromo-almafuerte.jpg\",\"datePublished\":\"2018-04-07T15:38:20+00:00\",\"breadcrumb\":{\"@id\":\"https:\\\/\\\/informelitoral.com.ar\\\/la-inauguracion-del-hipodromo-de-oro-verde-tiene-fecha\\\/#breadcrumb\"},\"inLanguage\":\"es\",\"potentialAction\":[{\"@type\":\"ReadAction\",\"target\":[\"https:\\\/\\\/informelitoral.com.ar\\\/la-inauguracion-del-hipodromo-de-oro-verde-tiene-fecha\\\/\"]}]},{\"@type\":\"ImageObject\",\"inLanguage\":\"es\",\"@id\":\"https:\\\/\\\/informelitoral.com.ar\\\/la-inauguracion-del-hipodromo-de-oro-verde-tiene-fecha\\\/#primaryimage\",\"url\":\"https:\\\/\\\/informelitoral.com.ar\\\/%77%70%2d%63%6f%6e%74%65%6e%74\\\/uploads\\\/2018\\\/04\\\/hip\u00f3dromo-almafuerte.jpg\",\"contentUrl\":\"https:\\\/\\\/informelitoral.com.ar\\\/%77%70%2d%63%6f%6e%74%65%6e%74\\\/uploads\\\/2018\\\/04\\\/hip\u00f3dromo-almafuerte.jpg\",\"width\":960,\"height\":576},{\"@type\":\"BreadcrumbList\",\"@id\":\"https:\\\/\\\/informelitoral.com.ar\\\/la-inauguracion-del-hipodromo-de-oro-verde-tiene-fecha\\\/#breadcrumb\",\"itemListElement\":[{\"@type\":\"ListItem\",\"position\":1,\"name\":\"Portada\",\"item\":\"https:\\\/\\\/informelitoral.com.ar\\\/\"},{\"@type\":\"ListItem\",\"position\":2,\"name\":\"La inauguraci\u00f3n del hip\u00f3dromo de Oro Verde tiene fecha\"}]},{\"@type\":\"WebSite\",\"@id\":\"https:\\\/\\\/informelitoral.com.ar\\\/#website\",\"url\":\"https:\\\/\\\/informelitoral.com.ar\\\/\",\"name\":\"Informe Litoral\",\"description\":\"&quot;Nos informamos&quot; \",\"publisher\":{\"@id\":\"https:\\\/\\\/informelitoral.com.ar\\\/#organization\"},\"potentialAction\":[{\"@type\":\"SearchAction\",\"target\":{\"@type\":\"EntryPoint\",\"urlTemplate\":\"https:\\\/\\\/informelitoral.com.ar\\\/?s={search_term_string}\"},\"query-input\":{\"@type\":\"PropertyValueSpecification\",\"valueRequired\":true,\"valueName\":\"search_term_string\"}}],\"inLanguage\":\"es\"},{\"@type\":\"Organization\",\"@id\":\"https:\\\/\\\/informelitoral.com.ar\\\/#organization\",\"name\":\"Informe Litoral\",\"url\":\"https:\\\/\\\/informelitoral.com.ar\\\/\",\"logo\":{\"@type\":\"ImageObject\",\"inLanguage\":\"es\",\"@id\":\"https:\\\/\\\/informelitoral.com.ar\\\/#\\\/schema\\\/logo\\\/image\\\/\",\"url\":\"https:\\\/\\\/informelitoral.com.ar\\\/%77%70%2d%63%6f%6e%74%65%6e%74\\\/uploads\\\/2021\\\/01\\\/circulo.png\",\"contentUrl\":\"https:\\\/\\\/informelitoral.com.ar\\\/%77%70%2d%63%6f%6e%74%65%6e%74\\\/uploads\\\/2021\\\/01\\\/circulo.png\",\"width\":723,\"height\":731,\"caption\":\"Informe Litoral\"},\"image\":{\"@id\":\"https:\\\/\\\/informelitoral.com.ar\\\/#\\\/schema\\\/logo\\\/image\\\/\"},\"sameAs\":[\"https:\\\/\\\/www.facebook.com\\\/informelitoral\\\/\",\"https:\\\/\\\/x.com\\\/InformeLitoral\",\"https:\\\/\\\/www.instagram.com\\\/informelitoral\\\/\",\"https:\\\/\\\/www.youtube.com\\\/channel\\\/UCua4Qvz8Icb6MYqhoq9xLXw\"]},{\"@type\":\"Person\",\"@id\":\"https:\\\/\\\/informelitoral.com.ar\\\/#\\\/schema\\\/person\\\/b9d00407c836482871ef1d57bf8e3180\",\"name\":\"Gonzalo Schmidt\",\"image\":{\"@type\":\"ImageObject\",\"inLanguage\":\"es\",\"@id\":\"https:\\\/\\\/secure.gravatar.com\\\/avatar\\\/31a1a7b66ff2de83bd0e9fd79d026630d2d99e55e8bfe501287647b4fd9743de?s=96&d=mm&r=g\",\"url\":\"https:\\\/\\\/secure.gravatar.com\\\/avatar\\\/31a1a7b66ff2de83bd0e9fd79d026630d2d99e55e8bfe501287647b4fd9743de?s=96&d=mm&r=g\",\"contentUrl\":\"https:\\\/\\\/secure.gravatar.com\\\/avatar\\\/31a1a7b66ff2de83bd0e9fd79d026630d2d99e55e8bfe501287647b4fd9743de?s=96&d=mm&r=g\",\"caption\":\"Gonzalo Schmidt\"},\"description\":\"Sitio web de noticias de la provincia de Entre R\u00edos, Argentina. Informaci\u00f3n y entretenimiento. Informe Litoral, nos informamos.\",\"sameAs\":[\"http:\\\/\\\/www.isletasnoticias.com.ar\"],\"url\":\"https:\\\/\\\/informelitoral.com.ar\\\/author\\\/gonzalo\\\/\"}]}<\/script>","yoast_head_json":{"title":"La inauguraci\u00f3n del hip\u00f3dromo de Oro Verde tiene fecha - Informe Litoral","robots":{"index":"index","follow":"follow","max-snippet":"max-snippet:-1","max-image-preview":"max-image-preview:large","max-video-preview":"max-video-preview:-1"},"canonical":"https:\/\/informelitoral.com.ar\/la-inauguracion-del-hipodromo-de-oro-verde-tiene-fecha\/","og_locale":"es_ES","og_type":"article","og_title":"La inauguraci\u00f3n del hip\u00f3dromo de Oro Verde tiene fecha - Informe Litoral","og_description":"El nuevo Hip\u00f3dromo Almafuerte de la localidad vecina a Paran\u00e1 tiene fecha de inauguraci\u00f3n. Tras mucho tiempo, se espera una gran fiesta y la vuelta de la pasi\u00f3n por el turf.","og_url":"https:\/\/informelitoral.com.ar\/la-inauguracion-del-hipodromo-de-oro-verde-tiene-fecha\/","og_site_name":"Informe Litoral","article_publisher":"https:\/\/www.facebook.com\/informelitoral\/","article_published_time":"2018-04-07T15:38:20+00:00","og_image":[{"url":"https:\/\/www.isletasnoticias.com.ar\/%77%70%2d%63%6f%6e%74%65%6e%74\/uploads\/2018\/04\/hip\u00f3dromo-almafuerte.jpg","type":"","width":"","height":""}],"author":"Gonzalo Schmidt","twitter_card":"summary_large_image","twitter_creator":"@InformeLitoral","twitter_site":"@InformeLitoral","twitter_misc":{"Escrito por":"Gonzalo Schmidt","Tiempo de lectura":"1 minuto"},"schema":{"@context":"https:\/\/schema.org","@graph":[{"@type":"Article","@id":"https:\/\/informelitoral.com.ar\/la-inauguracion-del-hipodromo-de-oro-verde-tiene-fecha\/#article","isPartOf":{"@id":"https:\/\/informelitoral.com.ar\/la-inauguracion-del-hipodromo-de-oro-verde-tiene-fecha\/"},"author":{"name":"Gonzalo Schmidt","@id":"https:\/\/informelitoral.com.ar\/#\/schema\/person\/b9d00407c836482871ef1d57bf8e3180"},"headline":"La inauguraci\u00f3n del hip\u00f3dromo de Oro Verde tiene fecha","datePublished":"2018-04-07T15:38:20+00:00","mainEntityOfPage":{"@id":"https:\/\/informelitoral.com.ar\/la-inauguracion-del-hipodromo-de-oro-verde-tiene-fecha\/"},"wordCount":139,"commentCount":0,"publisher":{"@id":"https:\/\/informelitoral.com.ar\/#organization"},"image":{"@id":"https:\/\/informelitoral.com.ar\/la-inauguracion-del-hipodromo-de-oro-verde-tiene-fecha\/#primaryimage"},"thumbnailUrl":"https:\/\/informelitoral.com.ar\/%77%70%2d%63%6f%6e%74%65%6e%74\/uploads\/2018\/04\/hip\u00f3dromo-almafuerte.jpg","keywords":["Caballos","Hip\u00f3dromo","Inauguraci\u00f3n","Oro Verde","Turf"],"articleSection":["Entre R\u00edos","Sociedad"],"inLanguage":"es","potentialAction":[{"@type":"CommentAction","name":"Comment","target":["https:\/\/informelitoral.com.ar\/la-inauguracion-del-hipodromo-de-oro-verde-tiene-fecha\/#respond"]}]},{"@type":"WebPage","@id":"https:\/\/informelitoral.com.ar\/la-inauguracion-del-hipodromo-de-oro-verde-tiene-fecha\/","url":"https:\/\/informelitoral.com.ar\/la-inauguracion-del-hipodromo-de-oro-verde-tiene-fecha\/","name":"La inauguraci\u00f3n del hip\u00f3dromo de Oro Verde tiene fecha - Informe Litoral","isPartOf":{"@id":"https:\/\/informelitoral.com.ar\/#website"},"primaryImageOfPage":{"@id":"https:\/\/informelitoral.com.ar\/la-inauguracion-del-hipodromo-de-oro-verde-tiene-fecha\/#primaryimage"},"image":{"@id":"https:\/\/informelitoral.com.ar\/la-inauguracion-del-hipodromo-de-oro-verde-tiene-fecha\/#primaryimage"},"thumbnailUrl":"https:\/\/informelitoral.com.ar\/%77%70%2d%63%6f%6e%74%65%6e%74\/uploads\/2018\/04\/hip\u00f3dromo-almafuerte.jpg","datePublished":"2018-04-07T15:38:20+00:00","breadcrumb":{"@id":"https:\/\/informelitoral.com.ar\/la-inauguracion-del-hipodromo-de-oro-verde-tiene-fecha\/#breadcrumb"},"inLanguage":"es","potentialAction":[{"@type":"ReadAction","target":["https:\/\/informelitoral.com.ar\/la-inauguracion-del-hipodromo-de-oro-verde-tiene-fecha\/"]}]},{"@type":"ImageObject","inLanguage":"es","@id":"https:\/\/informelitoral.com.ar\/la-inauguracion-del-hipodromo-de-oro-verde-tiene-fecha\/#primaryimage","url":"https:\/\/informelitoral.com.ar\/%77%70%2d%63%6f%6e%74%65%6e%74\/uploads\/2018\/04\/hip\u00f3dromo-almafuerte.jpg","contentUrl":"https:\/\/informelitoral.com.ar\/%77%70%2d%63%6f%6e%74%65%6e%74\/uploads\/2018\/04\/hip\u00f3dromo-almafuerte.jpg","width":960,"height":576},{"@type":"BreadcrumbList","@id":"https:\/\/informelitoral.com.ar\/la-inauguracion-del-hipodromo-de-oro-verde-tiene-fecha\/#breadcrumb","itemListElement":[{"@type":"ListItem","position":1,"name":"Portada","item":"https:\/\/informelitoral.com.ar\/"},{"@type":"ListItem","position":2,"name":"La inauguraci\u00f3n del hip\u00f3dromo de Oro Verde tiene fecha"}]},{"@type":"WebSite","@id":"https:\/\/informelitoral.com.ar\/#website","url":"https:\/\/informelitoral.com.ar\/","name":"Informe Litoral","description":"&quot;Nos informamos&quot; ","publisher":{"@id":"https:\/\/informelitoral.com.ar\/#organization"},"potentialAction":[{"@type":"SearchAction","target":{"@type":"EntryPoint","urlTemplate":"https:\/\/informelitoral.com.ar\/?s={search_term_string}"},"query-input":{"@type":"PropertyValueSpecification","valueRequired":true,"valueName":"search_term_string"}}],"inLanguage":"es"},{"@type":"Organization","@id":"https:\/\/informelitoral.com.ar\/#organization","name":"Informe Litoral","url":"https:\/\/informelitoral.com.ar\/","logo":{"@type":"ImageObject","inLanguage":"es","@id":"https:\/\/informelitoral.com.ar\/#\/schema\/logo\/image\/","url":"https:\/\/informelitoral.com.ar\/%77%70%2d%63%6f%6e%74%65%6e%74\/uploads\/2021\/01\/circulo.png","contentUrl":"https:\/\/informelitoral.com.ar\/%77%70%2d%63%6f%6e%74%65%6e%74\/uploads\/2021\/01\/circulo.png","width":723,"height":731,"caption":"Informe Litoral"},"image":{"@id":"https:\/\/informelitoral.com.ar\/#\/schema\/logo\/image\/"},"sameAs":["https:\/\/www.facebook.com\/informelitoral\/","https:\/\/x.com\/InformeLitoral","https:\/\/www.instagram.com\/informelitoral\/","https:\/\/www.youtube.com\/channel\/UCua4Qvz8Icb6MYqhoq9xLXw"]},{"@type":"Person","@id":"https:\/\/informelitoral.com.ar\/#\/schema\/person\/b9d00407c836482871ef1d57bf8e3180","name":"Gonzalo Schmidt","image":{"@type":"ImageObject","inLanguage":"es","@id":"https:\/\/secure.gravatar.com\/avatar\/31a1a7b66ff2de83bd0e9fd79d026630d2d99e55e8bfe501287647b4fd9743de?s=96&d=mm&r=g","url":"https:\/\/secure.gravatar.com\/avatar\/31a1a7b66ff2de83bd0e9fd79d026630d2d99e55e8bfe501287647b4fd9743de?s=96&d=mm&r=g","contentUrl":"https:\/\/secure.gravatar.com\/avatar\/31a1a7b66ff2de83bd0e9fd79d026630d2d99e55e8bfe501287647b4fd9743de?s=96&d=mm&r=g","caption":"Gonzalo Schmidt"},"description":"Sitio web de noticias de la provincia de Entre R\u00edos, Argentina. Informaci\u00f3n y entretenimiento. Informe Litoral, nos informamos.","sameAs":["http:\/\/www.isletasnoticias.com.ar"],"url":"https:\/\/informelitoral.com.ar\/author\/gonzalo\/"}]}},"_links":{"self":[{"href":"https:\/\/informelitoral.com.ar\/%77%70%2d%6a%73%6f%6e\/wp\/v2\/posts\/26047","targetHints":{"allow":["GET"]}}],"collection":[{"href":"https:\/\/informelitoral.com.ar\/%77%70%2d%6a%73%6f%6e\/wp\/v2\/posts"}],"about":[{"href":"https:\/\/informelitoral.com.ar\/%77%70%2d%6a%73%6f%6e\/wp\/v2\/types\/post"}],"author":[{"embeddable":true,"href":"https:\/\/informelitoral.com.ar\/%77%70%2d%6a%73%6f%6e\/wp\/v2\/users\/2"}],"replies":[{"embeddable":true,"href":"https:\/\/informelitoral.com.ar\/%77%70%2d%6a%73%6f%6e\/wp\/v2\/comments?post=26047"}],"version-history":[{"count":0,"href":"https:\/\/informelitoral.com.ar\/%77%70%2d%6a%73%6f%6e\/wp\/v2\/posts\/26047\/revisions"}],"wp:featuredmedia":[{"embeddable":true,"href":"https:\/\/informelitoral.com.ar\/%77%70%2d%6a%73%6f%6e\/wp\/v2\/media\/26048"}],"wp:attachment":[{"href":"https:\/\/informelitoral.com.ar\/%77%70%2d%6a%73%6f%6e\/wp\/v2\/media?parent=26047"}],"wp:term":[{"taxonomy":"category","embeddable":true,"href":"https:\/\/informelitoral.com.ar\/%77%70%2d%6a%73%6f%6e\/wp\/v2\/categories?post=26047"},{"taxonomy":"post_tag","embeddable":true,"href":"https:\/\/informelitoral.com.ar\/%77%70%2d%6a%73%6f%6e\/wp\/v2\/tags?post=26047"}],"curies":[{"name":"wp","href":"https:\/\/api.w.org\/{rel}","templated":true}]}}