{"id":26004,"date":"2018-04-05T07:40:13","date_gmt":"2018-04-05T10:40:13","guid":{"rendered":"https:\/\/www.isletasnoticias.com.ar\/?p=26004"},"modified":"2018-04-05T07:46:55","modified_gmt":"2018-04-05T10:46:55","slug":"sequia-cayo-un-50-la-recaudacion-por-retenciones-de-soja","status":"publish","type":"post","link":"https:\/\/informelitoral.com.ar\/sequia-cayo-un-50-la-recaudacion-por-retenciones-de-soja\/","title":{"rendered":"Sequ\u00eda: cay\u00f3 un 50% la recaudaci\u00f3n por retenciones de soja"},"content":{"rendered":"<p>En su informe acerca de la recaudaci\u00f3n de <strong>marzo<\/strong>, la Administraci\u00f3n Federal de Ingresos P\u00fablicos (<strong>AFIP<\/strong>) se\u00f1al\u00f3 que durante ese mes se registr\u00f3 una<strong> ca\u00edda del 50% en lo recaudado v\u00eda retenciones<\/strong> debido a la menor exportaci\u00f3n de soja y sus derivados.<\/p>\n<p>La baja se dio a pesar a pesar de que en los \u00faltimos meses el precio de la oleaginosa creci\u00f3 a causa de la sequ\u00eda que afecta al pa\u00eds, junto con un incremento en el tipo de cambio.<\/p>\n<p>En concreto, <strong>los ingresos por retenciones alcanzaron los $ 3.061 millones, la mitad de lo logrado en igual per\u00edodo de 2017.\u00a0<\/strong><\/p>\n<p>No obstante, la recaudaci\u00f3n total general fue de $238.836 millones, lo que represent\u00f3 una suba interanual del 12,5%.<\/p>\n<p><b>Los n\u00fameros<\/b><\/p>\n<p>En el caso de las semillas y frutos oleaginosos, las ventas mostraron una reducci\u00f3n del 98,7% interanual en volumen, aunque el precio de la soja trep\u00f3 8% respecto de marzo del a\u00f1o pasado.<\/p>\n<p>El aceite de soja, en tanto, registr\u00f3 bajas del 53% en el volumen de ventas, con precios 4,8% superiores.<\/p>\n<p>Por su parte, los pellets de soja tuvieron retrocesos del 47,4%, con valores 23% mayores a marzo de 2017.<\/p>\n<p>A estas cifras se suma que las liquidaciones de las exportaciones tuvieron un tipo de cambio 30% superior en t\u00e9rminos interanuales.<\/p>\n<p>De todas maneras, la AFIP afirm\u00f3 que todav\u00eda no cuentan con una proyecci\u00f3n precisa sobre la forma en que repercutir\u00e1 en la recaudaci\u00f3n la sequ\u00eda que afecta a las principales zonas productoras del pa\u00eds.<\/p>\n<p>\u201cTodav\u00eda no se sabe a cu\u00e1nto ascender\u00e1\u201d el volumen final de producci\u00f3n de zona de la actual campa\u00f1a, dijo el titular de la AFIP, Leandro Cuccioli, debido a que sin bien puede haber una \u201cmenor oferta\u201d a causa de una menor cosecha, tambi\u00e9n \u201cpuede haber una mejora en los precios\u201d que compense esta situaci\u00f3n, consign\u00f3<em> Infocampo.<\/em><\/p>\n","protected":false},"excerpt":{"rendered":"<p>La AFIP se\u00f1al\u00f3 que los ingresos alcanzaron los $ 3.061 millones pese a que en los \u00faltimos meses el precio de la oleaginosa creci\u00f3 a causa de la sequ\u00eda.<\/p>\n","protected":false},"author":2,"featured_media":26005,"comment_status":"open","ping_status":"open","sticky":false,"template":"","format":"standard","meta":{"fifu_image_url":"","fifu_image_alt":"","footnotes":""},"categories":[10],"tags":[158,71,157,59,73],"class_list":{"0":"post-26004","1":"post","2":"type-post","3":"status-publish","4":"format-standard","5":"has-post-thumbnail","7":"category-campo","8":"tag-afip","9":"tag-campo","10":"tag-retenciones","11":"tag-sequia","12":"tag-soja"},"yoast_head":"<title>Sequ\u00eda: cay\u00f3 un 50% la recaudaci\u00f3n por retenciones de soja - Informe Litoral<\/title>\n<meta name=\"robots\" content=\"index, follow, max-snippet:-1, max-image-preview:large, max-video-preview:-1\" \/>\n<link rel=\"canonical\" href=\"https:\/\/informelitoral.com.ar\/sequia-cayo-un-50-la-recaudacion-por-retenciones-de-soja\/\" \/>\n<meta property=\"og:locale\" content=\"es_ES\" \/>\n<meta property=\"og:type\" content=\"article\" \/>\n<meta property=\"og:title\" content=\"Sequ\u00eda: cay\u00f3 un 50% la recaudaci\u00f3n por retenciones de soja - Informe Litoral\" \/>\n<meta property=\"og:description\" content=\"La AFIP se\u00f1al\u00f3 que los ingresos alcanzaron los $ 3.061 millones pese a que en los \u00faltimos meses el precio de la oleaginosa creci\u00f3 a causa de la sequ\u00eda.\" \/>\n<meta property=\"og:url\" content=\"https:\/\/informelitoral.com.ar\/sequia-cayo-un-50-la-recaudacion-por-retenciones-de-soja\/\" \/>\n<meta property=\"og:site_name\" content=\"Informe Litoral\" \/>\n<meta property=\"article:publisher\" content=\"https:\/\/www.facebook.com\/informelitoral\/\" \/>\n<meta property=\"article:published_time\" content=\"2018-04-05T10:40:13+00:00\" \/>\n<meta property=\"article:modified_time\" content=\"2018-04-05T10:46:55+00:00\" \/>\n<meta property=\"og:image\" content=\"https:\/\/www.isletasnoticias.com.ar\/%77%70%2d%63%6f%6e%74%65%6e%74\/uploads\/2018\/04\/soja-retenciones.png\" \/>\n<meta name=\"author\" content=\"Gonzalo Schmidt\" \/>\n<meta name=\"twitter:card\" content=\"summary_large_image\" \/>\n<meta name=\"twitter:creator\" content=\"@InformeLitoral\" \/>\n<meta name=\"twitter:site\" content=\"@InformeLitoral\" \/>\n<meta name=\"twitter:label1\" content=\"Escrito por\" \/>\n\t<meta name=\"twitter:data1\" content=\"Gonzalo Schmidt\" \/>\n\t<meta name=\"twitter:label2\" content=\"Tiempo de lectura\" \/>\n\t<meta name=\"twitter:data2\" content=\"2 minutos\" \/>\n<script type=\"application\/ld+json\" class=\"yoast-schema-graph\">{\"@context\":\"https:\\\/\\\/schema.org\",\"@graph\":[{\"@type\":\"Article\",\"@id\":\"https:\\\/\\\/informelitoral.com.ar\\\/sequia-cayo-un-50-la-recaudacion-por-retenciones-de-soja\\\/#article\",\"isPartOf\":{\"@id\":\"https:\\\/\\\/informelitoral.com.ar\\\/sequia-cayo-un-50-la-recaudacion-por-retenciones-de-soja\\\/\"},\"author\":{\"name\":\"Gonzalo Schmidt\",\"@id\":\"https:\\\/\\\/informelitoral.com.ar\\\/#\\\/schema\\\/person\\\/b9d00407c836482871ef1d57bf8e3180\"},\"headline\":\"Sequ\u00eda: cay\u00f3 un 50% la recaudaci\u00f3n por retenciones de soja\",\"datePublished\":\"2018-04-05T10:40:13+00:00\",\"dateModified\":\"2018-04-05T10:46:55+00:00\",\"mainEntityOfPage\":{\"@id\":\"https:\\\/\\\/informelitoral.com.ar\\\/sequia-cayo-un-50-la-recaudacion-por-retenciones-de-soja\\\/\"},\"wordCount\":326,\"commentCount\":0,\"publisher\":{\"@id\":\"https:\\\/\\\/informelitoral.com.ar\\\/#organization\"},\"image\":{\"@id\":\"https:\\\/\\\/informelitoral.com.ar\\\/sequia-cayo-un-50-la-recaudacion-por-retenciones-de-soja\\\/#primaryimage\"},\"thumbnailUrl\":\"https:\\\/\\\/informelitoral.com.ar\\\/%77%70%2d%63%6f%6e%74%65%6e%74\\\/uploads\\\/2018\\\/04\\\/soja-retenciones.png\",\"keywords\":[\"AFIP\",\"Campo\",\"Retenciones\",\"Sequ\u00eda\",\"Soja\"],\"articleSection\":[\"Campo\"],\"inLanguage\":\"es\",\"potentialAction\":[{\"@type\":\"CommentAction\",\"name\":\"Comment\",\"target\":[\"https:\\\/\\\/informelitoral.com.ar\\\/sequia-cayo-un-50-la-recaudacion-por-retenciones-de-soja\\\/#respond\"]}]},{\"@type\":\"WebPage\",\"@id\":\"https:\\\/\\\/informelitoral.com.ar\\\/sequia-cayo-un-50-la-recaudacion-por-retenciones-de-soja\\\/\",\"url\":\"https:\\\/\\\/informelitoral.com.ar\\\/sequia-cayo-un-50-la-recaudacion-por-retenciones-de-soja\\\/\",\"name\":\"Sequ\u00eda: cay\u00f3 un 50% la recaudaci\u00f3n por retenciones de soja - Informe Litoral\",\"isPartOf\":{\"@id\":\"https:\\\/\\\/informelitoral.com.ar\\\/#website\"},\"primaryImageOfPage\":{\"@id\":\"https:\\\/\\\/informelitoral.com.ar\\\/sequia-cayo-un-50-la-recaudacion-por-retenciones-de-soja\\\/#primaryimage\"},\"image\":{\"@id\":\"https:\\\/\\\/informelitoral.com.ar\\\/sequia-cayo-un-50-la-recaudacion-por-retenciones-de-soja\\\/#primaryimage\"},\"thumbnailUrl\":\"https:\\\/\\\/informelitoral.com.ar\\\/%77%70%2d%63%6f%6e%74%65%6e%74\\\/uploads\\\/2018\\\/04\\\/soja-retenciones.png\",\"datePublished\":\"2018-04-05T10:40:13+00:00\",\"dateModified\":\"2018-04-05T10:46:55+00:00\",\"breadcrumb\":{\"@id\":\"https:\\\/\\\/informelitoral.com.ar\\\/sequia-cayo-un-50-la-recaudacion-por-retenciones-de-soja\\\/#breadcrumb\"},\"inLanguage\":\"es\",\"potentialAction\":[{\"@type\":\"ReadAction\",\"target\":[\"https:\\\/\\\/informelitoral.com.ar\\\/sequia-cayo-un-50-la-recaudacion-por-retenciones-de-soja\\\/\"]}]},{\"@type\":\"ImageObject\",\"inLanguage\":\"es\",\"@id\":\"https:\\\/\\\/informelitoral.com.ar\\\/sequia-cayo-un-50-la-recaudacion-por-retenciones-de-soja\\\/#primaryimage\",\"url\":\"https:\\\/\\\/informelitoral.com.ar\\\/%77%70%2d%63%6f%6e%74%65%6e%74\\\/uploads\\\/2018\\\/04\\\/soja-retenciones.png\",\"contentUrl\":\"https:\\\/\\\/informelitoral.com.ar\\\/%77%70%2d%63%6f%6e%74%65%6e%74\\\/uploads\\\/2018\\\/04\\\/soja-retenciones.png\",\"width\":829,\"height\":466},{\"@type\":\"BreadcrumbList\",\"@id\":\"https:\\\/\\\/informelitoral.com.ar\\\/sequia-cayo-un-50-la-recaudacion-por-retenciones-de-soja\\\/#breadcrumb\",\"itemListElement\":[{\"@type\":\"ListItem\",\"position\":1,\"name\":\"Portada\",\"item\":\"https:\\\/\\\/informelitoral.com.ar\\\/\"},{\"@type\":\"ListItem\",\"position\":2,\"name\":\"Sequ\u00eda: cay\u00f3 un 50% la recaudaci\u00f3n por retenciones de soja\"}]},{\"@type\":\"WebSite\",\"@id\":\"https:\\\/\\\/informelitoral.com.ar\\\/#website\",\"url\":\"https:\\\/\\\/informelitoral.com.ar\\\/\",\"name\":\"Informe Litoral\",\"description\":\"&quot;Nos informamos&quot; \",\"publisher\":{\"@id\":\"https:\\\/\\\/informelitoral.com.ar\\\/#organization\"},\"potentialAction\":[{\"@type\":\"SearchAction\",\"target\":{\"@type\":\"EntryPoint\",\"urlTemplate\":\"https:\\\/\\\/informelitoral.com.ar\\\/?s={search_term_string}\"},\"query-input\":{\"@type\":\"PropertyValueSpecification\",\"valueRequired\":true,\"valueName\":\"search_term_string\"}}],\"inLanguage\":\"es\"},{\"@type\":\"Organization\",\"@id\":\"https:\\\/\\\/informelitoral.com.ar\\\/#organization\",\"name\":\"Informe Litoral\",\"url\":\"https:\\\/\\\/informelitoral.com.ar\\\/\",\"logo\":{\"@type\":\"ImageObject\",\"inLanguage\":\"es\",\"@id\":\"https:\\\/\\\/informelitoral.com.ar\\\/#\\\/schema\\\/logo\\\/image\\\/\",\"url\":\"https:\\\/\\\/informelitoral.com.ar\\\/%77%70%2d%63%6f%6e%74%65%6e%74\\\/uploads\\\/2021\\\/01\\\/circulo.png\",\"contentUrl\":\"https:\\\/\\\/informelitoral.com.ar\\\/%77%70%2d%63%6f%6e%74%65%6e%74\\\/uploads\\\/2021\\\/01\\\/circulo.png\",\"width\":723,\"height\":731,\"caption\":\"Informe Litoral\"},\"image\":{\"@id\":\"https:\\\/\\\/informelitoral.com.ar\\\/#\\\/schema\\\/logo\\\/image\\\/\"},\"sameAs\":[\"https:\\\/\\\/www.facebook.com\\\/informelitoral\\\/\",\"https:\\\/\\\/x.com\\\/InformeLitoral\",\"https:\\\/\\\/www.instagram.com\\\/informelitoral\\\/\",\"https:\\\/\\\/www.youtube.com\\\/channel\\\/UCua4Qvz8Icb6MYqhoq9xLXw\"]},{\"@type\":\"Person\",\"@id\":\"https:\\\/\\\/informelitoral.com.ar\\\/#\\\/schema\\\/person\\\/b9d00407c836482871ef1d57bf8e3180\",\"name\":\"Gonzalo Schmidt\",\"image\":{\"@type\":\"ImageObject\",\"inLanguage\":\"es\",\"@id\":\"https:\\\/\\\/secure.gravatar.com\\\/avatar\\\/31a1a7b66ff2de83bd0e9fd79d026630d2d99e55e8bfe501287647b4fd9743de?s=96&d=mm&r=g\",\"url\":\"https:\\\/\\\/secure.gravatar.com\\\/avatar\\\/31a1a7b66ff2de83bd0e9fd79d026630d2d99e55e8bfe501287647b4fd9743de?s=96&d=mm&r=g\",\"contentUrl\":\"https:\\\/\\\/secure.gravatar.com\\\/avatar\\\/31a1a7b66ff2de83bd0e9fd79d026630d2d99e55e8bfe501287647b4fd9743de?s=96&d=mm&r=g\",\"caption\":\"Gonzalo Schmidt\"},\"description\":\"Sitio web de noticias de la provincia de Entre R\u00edos, Argentina. Informaci\u00f3n y entretenimiento. Informe Litoral, nos informamos.\",\"sameAs\":[\"http:\\\/\\\/www.isletasnoticias.com.ar\"],\"url\":\"https:\\\/\\\/informelitoral.com.ar\\\/author\\\/gonzalo\\\/\"}]}<\/script>","yoast_head_json":{"title":"Sequ\u00eda: cay\u00f3 un 50% la recaudaci\u00f3n por retenciones de soja - Informe Litoral","robots":{"index":"index","follow":"follow","max-snippet":"max-snippet:-1","max-image-preview":"max-image-preview:large","max-video-preview":"max-video-preview:-1"},"canonical":"https:\/\/informelitoral.com.ar\/sequia-cayo-un-50-la-recaudacion-por-retenciones-de-soja\/","og_locale":"es_ES","og_type":"article","og_title":"Sequ\u00eda: cay\u00f3 un 50% la recaudaci\u00f3n por retenciones de soja - Informe Litoral","og_description":"La AFIP se\u00f1al\u00f3 que los ingresos alcanzaron los $ 3.061 millones pese a que en los \u00faltimos meses el precio de la oleaginosa creci\u00f3 a causa de la sequ\u00eda.","og_url":"https:\/\/informelitoral.com.ar\/sequia-cayo-un-50-la-recaudacion-por-retenciones-de-soja\/","og_site_name":"Informe Litoral","article_publisher":"https:\/\/www.facebook.com\/informelitoral\/","article_published_time":"2018-04-05T10:40:13+00:00","article_modified_time":"2018-04-05T10:46:55+00:00","og_image":[{"url":"https:\/\/www.isletasnoticias.com.ar\/%77%70%2d%63%6f%6e%74%65%6e%74\/uploads\/2018\/04\/soja-retenciones.png","type":"","width":"","height":""}],"author":"Gonzalo Schmidt","twitter_card":"summary_large_image","twitter_creator":"@InformeLitoral","twitter_site":"@InformeLitoral","twitter_misc":{"Escrito por":"Gonzalo Schmidt","Tiempo de lectura":"2 minutos"},"schema":{"@context":"https:\/\/schema.org","@graph":[{"@type":"Article","@id":"https:\/\/informelitoral.com.ar\/sequia-cayo-un-50-la-recaudacion-por-retenciones-de-soja\/#article","isPartOf":{"@id":"https:\/\/informelitoral.com.ar\/sequia-cayo-un-50-la-recaudacion-por-retenciones-de-soja\/"},"author":{"name":"Gonzalo Schmidt","@id":"https:\/\/informelitoral.com.ar\/#\/schema\/person\/b9d00407c836482871ef1d57bf8e3180"},"headline":"Sequ\u00eda: cay\u00f3 un 50% la recaudaci\u00f3n por retenciones de soja","datePublished":"2018-04-05T10:40:13+00:00","dateModified":"2018-04-05T10:46:55+00:00","mainEntityOfPage":{"@id":"https:\/\/informelitoral.com.ar\/sequia-cayo-un-50-la-recaudacion-por-retenciones-de-soja\/"},"wordCount":326,"commentCount":0,"publisher":{"@id":"https:\/\/informelitoral.com.ar\/#organization"},"image":{"@id":"https:\/\/informelitoral.com.ar\/sequia-cayo-un-50-la-recaudacion-por-retenciones-de-soja\/#primaryimage"},"thumbnailUrl":"https:\/\/informelitoral.com.ar\/%77%70%2d%63%6f%6e%74%65%6e%74\/uploads\/2018\/04\/soja-retenciones.png","keywords":["AFIP","Campo","Retenciones","Sequ\u00eda","Soja"],"articleSection":["Campo"],"inLanguage":"es","potentialAction":[{"@type":"CommentAction","name":"Comment","target":["https:\/\/informelitoral.com.ar\/sequia-cayo-un-50-la-recaudacion-por-retenciones-de-soja\/#respond"]}]},{"@type":"WebPage","@id":"https:\/\/informelitoral.com.ar\/sequia-cayo-un-50-la-recaudacion-por-retenciones-de-soja\/","url":"https:\/\/informelitoral.com.ar\/sequia-cayo-un-50-la-recaudacion-por-retenciones-de-soja\/","name":"Sequ\u00eda: cay\u00f3 un 50% la recaudaci\u00f3n por retenciones de soja - Informe Litoral","isPartOf":{"@id":"https:\/\/informelitoral.com.ar\/#website"},"primaryImageOfPage":{"@id":"https:\/\/informelitoral.com.ar\/sequia-cayo-un-50-la-recaudacion-por-retenciones-de-soja\/#primaryimage"},"image":{"@id":"https:\/\/informelitoral.com.ar\/sequia-cayo-un-50-la-recaudacion-por-retenciones-de-soja\/#primaryimage"},"thumbnailUrl":"https:\/\/informelitoral.com.ar\/%77%70%2d%63%6f%6e%74%65%6e%74\/uploads\/2018\/04\/soja-retenciones.png","datePublished":"2018-04-05T10:40:13+00:00","dateModified":"2018-04-05T10:46:55+00:00","breadcrumb":{"@id":"https:\/\/informelitoral.com.ar\/sequia-cayo-un-50-la-recaudacion-por-retenciones-de-soja\/#breadcrumb"},"inLanguage":"es","potentialAction":[{"@type":"ReadAction","target":["https:\/\/informelitoral.com.ar\/sequia-cayo-un-50-la-recaudacion-por-retenciones-de-soja\/"]}]},{"@type":"ImageObject","inLanguage":"es","@id":"https:\/\/informelitoral.com.ar\/sequia-cayo-un-50-la-recaudacion-por-retenciones-de-soja\/#primaryimage","url":"https:\/\/informelitoral.com.ar\/%77%70%2d%63%6f%6e%74%65%6e%74\/uploads\/2018\/04\/soja-retenciones.png","contentUrl":"https:\/\/informelitoral.com.ar\/%77%70%2d%63%6f%6e%74%65%6e%74\/uploads\/2018\/04\/soja-retenciones.png","width":829,"height":466},{"@type":"BreadcrumbList","@id":"https:\/\/informelitoral.com.ar\/sequia-cayo-un-50-la-recaudacion-por-retenciones-de-soja\/#breadcrumb","itemListElement":[{"@type":"ListItem","position":1,"name":"Portada","item":"https:\/\/informelitoral.com.ar\/"},{"@type":"ListItem","position":2,"name":"Sequ\u00eda: cay\u00f3 un 50% la recaudaci\u00f3n por retenciones de soja"}]},{"@type":"WebSite","@id":"https:\/\/informelitoral.com.ar\/#website","url":"https:\/\/informelitoral.com.ar\/","name":"Informe Litoral","description":"&quot;Nos informamos&quot; ","publisher":{"@id":"https:\/\/informelitoral.com.ar\/#organization"},"potentialAction":[{"@type":"SearchAction","target":{"@type":"EntryPoint","urlTemplate":"https:\/\/informelitoral.com.ar\/?s={search_term_string}"},"query-input":{"@type":"PropertyValueSpecification","valueRequired":true,"valueName":"search_term_string"}}],"inLanguage":"es"},{"@type":"Organization","@id":"https:\/\/informelitoral.com.ar\/#organization","name":"Informe Litoral","url":"https:\/\/informelitoral.com.ar\/","logo":{"@type":"ImageObject","inLanguage":"es","@id":"https:\/\/informelitoral.com.ar\/#\/schema\/logo\/image\/","url":"https:\/\/informelitoral.com.ar\/%77%70%2d%63%6f%6e%74%65%6e%74\/uploads\/2021\/01\/circulo.png","contentUrl":"https:\/\/informelitoral.com.ar\/%77%70%2d%63%6f%6e%74%65%6e%74\/uploads\/2021\/01\/circulo.png","width":723,"height":731,"caption":"Informe Litoral"},"image":{"@id":"https:\/\/informelitoral.com.ar\/#\/schema\/logo\/image\/"},"sameAs":["https:\/\/www.facebook.com\/informelitoral\/","https:\/\/x.com\/InformeLitoral","https:\/\/www.instagram.com\/informelitoral\/","https:\/\/www.youtube.com\/channel\/UCua4Qvz8Icb6MYqhoq9xLXw"]},{"@type":"Person","@id":"https:\/\/informelitoral.com.ar\/#\/schema\/person\/b9d00407c836482871ef1d57bf8e3180","name":"Gonzalo Schmidt","image":{"@type":"ImageObject","inLanguage":"es","@id":"https:\/\/secure.gravatar.com\/avatar\/31a1a7b66ff2de83bd0e9fd79d026630d2d99e55e8bfe501287647b4fd9743de?s=96&d=mm&r=g","url":"https:\/\/secure.gravatar.com\/avatar\/31a1a7b66ff2de83bd0e9fd79d026630d2d99e55e8bfe501287647b4fd9743de?s=96&d=mm&r=g","contentUrl":"https:\/\/secure.gravatar.com\/avatar\/31a1a7b66ff2de83bd0e9fd79d026630d2d99e55e8bfe501287647b4fd9743de?s=96&d=mm&r=g","caption":"Gonzalo Schmidt"},"description":"Sitio web de noticias de la provincia de Entre R\u00edos, Argentina. Informaci\u00f3n y entretenimiento. Informe Litoral, nos informamos.","sameAs":["http:\/\/www.isletasnoticias.com.ar"],"url":"https:\/\/informelitoral.com.ar\/author\/gonzalo\/"}]}},"_links":{"self":[{"href":"https:\/\/informelitoral.com.ar\/%77%70%2d%6a%73%6f%6e\/wp\/v2\/posts\/26004","targetHints":{"allow":["GET"]}}],"collection":[{"href":"https:\/\/informelitoral.com.ar\/%77%70%2d%6a%73%6f%6e\/wp\/v2\/posts"}],"about":[{"href":"https:\/\/informelitoral.com.ar\/%77%70%2d%6a%73%6f%6e\/wp\/v2\/types\/post"}],"author":[{"embeddable":true,"href":"https:\/\/informelitoral.com.ar\/%77%70%2d%6a%73%6f%6e\/wp\/v2\/users\/2"}],"replies":[{"embeddable":true,"href":"https:\/\/informelitoral.com.ar\/%77%70%2d%6a%73%6f%6e\/wp\/v2\/comments?post=26004"}],"version-history":[{"count":0,"href":"https:\/\/informelitoral.com.ar\/%77%70%2d%6a%73%6f%6e\/wp\/v2\/posts\/26004\/revisions"}],"wp:featuredmedia":[{"embeddable":true,"href":"https:\/\/informelitoral.com.ar\/%77%70%2d%6a%73%6f%6e\/wp\/v2\/media\/26005"}],"wp:attachment":[{"href":"https:\/\/informelitoral.com.ar\/%77%70%2d%6a%73%6f%6e\/wp\/v2\/media?parent=26004"}],"wp:term":[{"taxonomy":"category","embeddable":true,"href":"https:\/\/informelitoral.com.ar\/%77%70%2d%6a%73%6f%6e\/wp\/v2\/categories?post=26004"},{"taxonomy":"post_tag","embeddable":true,"href":"https:\/\/informelitoral.com.ar\/%77%70%2d%6a%73%6f%6e\/wp\/v2\/tags?post=26004"}],"curies":[{"name":"wp","href":"https:\/\/api.w.org\/{rel}","templated":true}]}}