{"id":25936,"date":"2018-04-02T20:48:48","date_gmt":"2018-04-02T23:48:48","guid":{"rendered":"https:\/\/www.isletasnoticias.com.ar\/?p=25936"},"modified":"2018-04-02T20:48:48","modified_gmt":"2018-04-02T23:48:48","slug":"el-turismo-dejo-350-millones-de-pesos-en-entre-rios","status":"publish","type":"post","link":"https:\/\/informelitoral.com.ar\/el-turismo-dejo-350-millones-de-pesos-en-entre-rios\/","title":{"rendered":"El turismo dej\u00f3 350 millones de pesos en Entre R\u00edos"},"content":{"rendered":"<p>El trabajo asociativo entre el gobierno provincial, los municipios y el sector privado tur\u00edstico sigue arrojando buenos resultados para Entre R\u00edos. La provincia nuevamente se ubic\u00f3 entre los destinos predilectos de nuestro pa\u00eds con un <strong>99,5 por ciento de ocupaci\u00f3n hotelera en alojamientos registrados.<\/strong><\/p>\n<p>En ese marco, el gobernador <strong>Gustavo Bordet<\/strong> valor\u00f3 que \u201ceste exitoso fin de semana en el que <strong>nos visitaron m\u00e1s de 150.000 turistas<\/strong> demuestra una vez m\u00e1s el trabajo articulado entre el sector p\u00fablico y privado\u201d.<\/p>\n<p>En ese sentido, indic\u00f3 que \u201cla plena ocupaci\u00f3n hotelera y las opciones recreativas y culturales para las familias que nos visitaron generaron un movimiento econ\u00f3mico que beneficia a la provincia en su conjunto\u201d.<\/p>\n<p>Resalt\u00f3 adem\u00e1s que \u201cuna fuerte promoci\u00f3n en aquellas regiones que nos eligen como destino tur\u00edstico fue clave para transformarnos una vez m\u00e1s en una de las provincias con mayor ocupaci\u00f3n\u201d.<a href=\"https:\/\/www.isletasnoticias.com.ar\/%77%70%2d%63%6f%6e%74%65%6e%74\/uploads\/2018\/04\/x_1522684546.jpg\"><img loading=\"lazy\" decoding=\"async\" class=\"aligncenter wp-image-25937 size-large\" src=\"https:\/\/www.isletasnoticias.com.ar\/%77%70%2d%63%6f%6e%74%65%6e%74\/uploads\/2018\/04\/x_1522684546-1024x767.jpg\" alt=\"\" width=\"1024\" height=\"767\" srcset=\"https:\/\/informelitoral.com.ar\/%77%70%2d%63%6f%6e%74%65%6e%74\/uploads\/2018\/04\/x_1522684546-1024x767.jpg 1024w, https:\/\/informelitoral.com.ar\/%77%70%2d%63%6f%6e%74%65%6e%74\/uploads\/2018\/04\/x_1522684546-300x225.jpg 300w, https:\/\/informelitoral.com.ar\/%77%70%2d%63%6f%6e%74%65%6e%74\/uploads\/2018\/04\/x_1522684546-768x576.jpg 768w, https:\/\/informelitoral.com.ar\/%77%70%2d%63%6f%6e%74%65%6e%74\/uploads\/2018\/04\/x_1522684546-400x300.jpg 400w, https:\/\/informelitoral.com.ar\/%77%70%2d%63%6f%6e%74%65%6e%74\/uploads\/2018\/04\/x_1522684546-801x600.jpg 801w, https:\/\/informelitoral.com.ar\/%77%70%2d%63%6f%6e%74%65%6e%74\/uploads\/2018\/04\/x_1522684546.jpg 1920w\" sizes=\"auto, (max-width: 1024px) 100vw, 1024px\" \/><\/a><br \/>\nPor su parte, la secretaria de Turismo y Cultura de Entre R\u00edos, <strong>Carolina Gaillard<\/strong>, comunic\u00f3 que su equipo elabor\u00f3 un informe estad\u00edstico detallado del movimiento de este fin de semana largo. A su vez, el equipo recorri\u00f3 diversas localidades y actividades programadas, permaneciendo en contacto con los responsables de turismo y cultura de los municipios, las instituciones del sector, los empresarios, los complejos termales, nuestros parques nacionales. Tambi\u00e9n se tom\u00f3 contacto con quienes aportan datos de ingreso y egreso a la provincia, encargados de visitas guiadas y otros atractivos que marcaron el pulso del turismo en este feriado.<\/p>\n<p>Las termas, las playas y los eventos programados -en su mayor\u00eda los gastron\u00f3micos-; la promoci\u00f3n previa, el trabajo conjunto y el buen clima imperante fueron las principales razones de este boom tur\u00edstico.<\/p>\n<p><b>Ocupaci\u00f3n hotelera y visitantes<a href=\"https:\/\/www.isletasnoticias.com.ar\/%77%70%2d%63%6f%6e%74%65%6e%74\/uploads\/2018\/04\/x_1522684525.jpeg\"><img loading=\"lazy\" decoding=\"async\" class=\"aligncenter wp-image-25938 size-large\" src=\"https:\/\/www.isletasnoticias.com.ar\/%77%70%2d%63%6f%6e%74%65%6e%74\/uploads\/2018\/04\/x_1522684525-1024x576.jpeg\" alt=\"\" width=\"1024\" height=\"576\" srcset=\"https:\/\/informelitoral.com.ar\/%77%70%2d%63%6f%6e%74%65%6e%74\/uploads\/2018\/04\/x_1522684525-1024x576.jpeg 1024w, https:\/\/informelitoral.com.ar\/%77%70%2d%63%6f%6e%74%65%6e%74\/uploads\/2018\/04\/x_1522684525-300x169.jpeg 300w, https:\/\/informelitoral.com.ar\/%77%70%2d%63%6f%6e%74%65%6e%74\/uploads\/2018\/04\/x_1522684525-768x432.jpeg 768w, https:\/\/informelitoral.com.ar\/%77%70%2d%63%6f%6e%74%65%6e%74\/uploads\/2018\/04\/x_1522684525-400x225.jpeg 400w, https:\/\/informelitoral.com.ar\/%77%70%2d%63%6f%6e%74%65%6e%74\/uploads\/2018\/04\/x_1522684525-1066x600.jpeg 1066w\" sizes=\"auto, (max-width: 1024px) 100vw, 1024px\" \/><\/a><\/b><br \/>\nLa provincia alcanz\u00f3 un r\u00e9cord con ocupaci\u00f3n plena de sus plazas hoteleras, contabilizando un 99,5% de ocupaci\u00f3n. El mayor movimiento se dio en los destinos del corredor del Uruguay, dado que fueron los primeros en agotar la disponibilidad de plazas y derivar hacia otras localidades cercanas, hecho que ocurri\u00f3 en 10 localidades. En la costa entrerriana del r\u00edo Paran\u00e1 tambi\u00e9n hubo ocupaci\u00f3n plena de plazas en algunas localidades, adem\u00e1s de una excelente ocupaci\u00f3n en el corredor Central.<\/p>\n<p>Las reservas previas para Semana Santa eran del 93 %, y que los datos se calculan sobre las 50 mil plazas hoteleras y para hoteleras registradas en la provincia de Entre R\u00edos. Cabe destacar, seg\u00fan datos aportados por los empresarios y las instituciones, que el alojamiento de mayor categor\u00eda fue el primero en completar sus reservas, a diferencia del verano donde los hoteles intermedios, complejos de caba\u00f1as y bungalows eran los m\u00e1s requeridos por los turistas.<\/p>\n<p>En base a esta informaci\u00f3n, se estima que este fin de semana largo se alojaron en Entre R\u00edos 150 mil turistas. El n\u00famero real aumenta teniendo en cuenta a los alojados en casas de familiares o amigos (no hay registro de este segmento), y tambi\u00e9n quienes visitan alg\u00fan punto de la provincia en el d\u00eda sin pernoctar, ya sea una vista a complejos termales, un d\u00eda de pesca, la asistencia a una fiesta o evento, o un paseo por alguna localidad. Este movimiento denominado \u201cexcursionismo\u201d se d\u00e1 en gran medida desde la Rep\u00fablica Oriental del Uruguay hacia localidades entrerrianas lim\u00edtrofes, desde Buenos Aires hacia el sur de nuestra provincia (Islas del Ibicuy y Gualeguaych\u00fa); desde Corrientes hacia complejos termales o sitios de pesca del norte entrerriano (Federaci\u00f3n, Chajar\u00ed, La Paz, Santa Elena); y desde la provincia de Santa Fe hacia Victoria y Paran\u00e1 principalmente.<\/p>\n<p><b>Posicionamiento y movimiento econ\u00f3mico<\/b><\/p>\n<p>En cuanto a cantidad de turistas que llegan a nuestra provincia, Entre R\u00edos lidera el Litoral, que a su vez concentra el 20 por ciento del movimiento tur\u00edstico en esta Semana Santa. A nivel nacional, la oferta de la provincia de Buenos Aires y Ciudad Aut\u00f3noma de Buenos Aires concentran casi el 40 por ciento; quedando el Litoral como la segunda regi\u00f3n m\u00e1s visitada. En cuanto a provincias, Entre R\u00edos tiene una excelente posici\u00f3n ubic\u00e1ndose en tercer lugar, detr\u00e1s de Buenos Aires y C\u00f3rdoba; y en cuarto lugar, teniendo en cuenta el distrito de CABA.<\/p>\n<p>El volumen econ\u00f3mico que ingresa a la provincia a trav\u00e9s del turismo en este feriado largo, se estima en 350 millones de pesos. Este c\u00e1lculo es un coeficiente donde se computa la cantidad de pernoctes seg\u00fan tipo de alojamiento, multiplicado por el gasto diario que un turista tiene en Entre R\u00edos, ubicado en 1.550 pesos para quienes se alojan en hoteler\u00eda convencional; y 900 pesos para quienes lo hacen en otro tipo de alojamiento. El c\u00e1lculo de gasto diario, surge de las encuestas realizadas desde la Secretar\u00eda de Turismo y Cultura, y de consultas a destinos referentes y organismos del sector, abarcando los distintos conceptos de gastos que realiza el turista.<\/p>\n","protected":false},"excerpt":{"rendered":"<p>Durante el feriado de Semana Santa y el y D\u00eda del Veterano y los Ca\u00eddos de Malvinas visitaron Entre R\u00edos m\u00e1s de 150 mil turistas que aportaron un movimiento econ\u00f3mico estimado en 350 millones de pesos.<\/p>\n","protected":false},"author":2,"featured_media":25939,"comment_status":"open","ping_status":"open","sticky":false,"template":"","format":"standard","meta":{"fifu_image_url":"","fifu_image_alt":"","footnotes":""},"categories":[6],"tags":[81,104],"class_list":{"0":"post-25936","1":"post","2":"type-post","3":"status-publish","4":"format-standard","5":"has-post-thumbnail","7":"category-entre-rios","8":"tag-entre-rios","9":"tag-turismo"},"yoast_head":"<title>El turismo dej\u00f3 350 millones de pesos en Entre R\u00edos - Informe Litoral<\/title>\n<meta name=\"robots\" content=\"index, follow, max-snippet:-1, max-image-preview:large, max-video-preview:-1\" \/>\n<link rel=\"canonical\" href=\"https:\/\/informelitoral.com.ar\/el-turismo-dejo-350-millones-de-pesos-en-entre-rios\/\" \/>\n<meta property=\"og:locale\" content=\"es_ES\" \/>\n<meta property=\"og:type\" content=\"article\" \/>\n<meta property=\"og:title\" content=\"El turismo dej\u00f3 350 millones de pesos en Entre R\u00edos - Informe Litoral\" \/>\n<meta property=\"og:description\" content=\"Durante el feriado de Semana Santa y el y D\u00eda del Veterano y los Ca\u00eddos de Malvinas visitaron Entre R\u00edos m\u00e1s de 150 mil turistas que aportaron un movimiento econ\u00f3mico estimado en 350 millones de pesos.\" \/>\n<meta property=\"og:url\" content=\"https:\/\/informelitoral.com.ar\/el-turismo-dejo-350-millones-de-pesos-en-entre-rios\/\" \/>\n<meta property=\"og:site_name\" content=\"Informe Litoral\" \/>\n<meta property=\"article:publisher\" content=\"https:\/\/www.facebook.com\/informelitoral\/\" \/>\n<meta property=\"article:published_time\" content=\"2018-04-02T23:48:48+00:00\" \/>\n<meta property=\"og:image\" content=\"https:\/\/www.isletasnoticias.com.ar\/%77%70%2d%63%6f%6e%74%65%6e%74\/uploads\/2018\/04\/turismo-semana-santa.jpg\" \/>\n<meta name=\"author\" content=\"Gonzalo Schmidt\" \/>\n<meta name=\"twitter:card\" content=\"summary_large_image\" \/>\n<meta name=\"twitter:creator\" content=\"@InformeLitoral\" \/>\n<meta name=\"twitter:site\" content=\"@InformeLitoral\" \/>\n<meta name=\"twitter:label1\" content=\"Escrito por\" \/>\n\t<meta name=\"twitter:data1\" content=\"Gonzalo Schmidt\" \/>\n\t<meta name=\"twitter:label2\" content=\"Tiempo de lectura\" \/>\n\t<meta name=\"twitter:data2\" content=\"4 minutos\" \/>\n<script type=\"application\/ld+json\" class=\"yoast-schema-graph\">{\"@context\":\"https:\\\/\\\/schema.org\",\"@graph\":[{\"@type\":\"Article\",\"@id\":\"https:\\\/\\\/informelitoral.com.ar\\\/el-turismo-dejo-350-millones-de-pesos-en-entre-rios\\\/#article\",\"isPartOf\":{\"@id\":\"https:\\\/\\\/informelitoral.com.ar\\\/el-turismo-dejo-350-millones-de-pesos-en-entre-rios\\\/\"},\"author\":{\"name\":\"Gonzalo Schmidt\",\"@id\":\"https:\\\/\\\/informelitoral.com.ar\\\/#\\\/schema\\\/person\\\/b9d00407c836482871ef1d57bf8e3180\"},\"headline\":\"El turismo dej\u00f3 350 millones de pesos en Entre R\u00edos\",\"datePublished\":\"2018-04-02T23:48:48+00:00\",\"mainEntityOfPage\":{\"@id\":\"https:\\\/\\\/informelitoral.com.ar\\\/el-turismo-dejo-350-millones-de-pesos-en-entre-rios\\\/\"},\"wordCount\":845,\"commentCount\":0,\"publisher\":{\"@id\":\"https:\\\/\\\/informelitoral.com.ar\\\/#organization\"},\"image\":{\"@id\":\"https:\\\/\\\/informelitoral.com.ar\\\/el-turismo-dejo-350-millones-de-pesos-en-entre-rios\\\/#primaryimage\"},\"thumbnailUrl\":\"https:\\\/\\\/informelitoral.com.ar\\\/%77%70%2d%63%6f%6e%74%65%6e%74\\\/uploads\\\/2018\\\/04\\\/turismo-semana-santa.jpg\",\"keywords\":[\"Entre R\u00edos\",\"Turismo\"],\"articleSection\":[\"Entre R\u00edos\"],\"inLanguage\":\"es\",\"potentialAction\":[{\"@type\":\"CommentAction\",\"name\":\"Comment\",\"target\":[\"https:\\\/\\\/informelitoral.com.ar\\\/el-turismo-dejo-350-millones-de-pesos-en-entre-rios\\\/#respond\"]}]},{\"@type\":\"WebPage\",\"@id\":\"https:\\\/\\\/informelitoral.com.ar\\\/el-turismo-dejo-350-millones-de-pesos-en-entre-rios\\\/\",\"url\":\"https:\\\/\\\/informelitoral.com.ar\\\/el-turismo-dejo-350-millones-de-pesos-en-entre-rios\\\/\",\"name\":\"El turismo dej\u00f3 350 millones de pesos en Entre R\u00edos - Informe Litoral\",\"isPartOf\":{\"@id\":\"https:\\\/\\\/informelitoral.com.ar\\\/#website\"},\"primaryImageOfPage\":{\"@id\":\"https:\\\/\\\/informelitoral.com.ar\\\/el-turismo-dejo-350-millones-de-pesos-en-entre-rios\\\/#primaryimage\"},\"image\":{\"@id\":\"https:\\\/\\\/informelitoral.com.ar\\\/el-turismo-dejo-350-millones-de-pesos-en-entre-rios\\\/#primaryimage\"},\"thumbnailUrl\":\"https:\\\/\\\/informelitoral.com.ar\\\/%77%70%2d%63%6f%6e%74%65%6e%74\\\/uploads\\\/2018\\\/04\\\/turismo-semana-santa.jpg\",\"datePublished\":\"2018-04-02T23:48:48+00:00\",\"breadcrumb\":{\"@id\":\"https:\\\/\\\/informelitoral.com.ar\\\/el-turismo-dejo-350-millones-de-pesos-en-entre-rios\\\/#breadcrumb\"},\"inLanguage\":\"es\",\"potentialAction\":[{\"@type\":\"ReadAction\",\"target\":[\"https:\\\/\\\/informelitoral.com.ar\\\/el-turismo-dejo-350-millones-de-pesos-en-entre-rios\\\/\"]}]},{\"@type\":\"ImageObject\",\"inLanguage\":\"es\",\"@id\":\"https:\\\/\\\/informelitoral.com.ar\\\/el-turismo-dejo-350-millones-de-pesos-en-entre-rios\\\/#primaryimage\",\"url\":\"https:\\\/\\\/informelitoral.com.ar\\\/%77%70%2d%63%6f%6e%74%65%6e%74\\\/uploads\\\/2018\\\/04\\\/turismo-semana-santa.jpg\",\"contentUrl\":\"https:\\\/\\\/informelitoral.com.ar\\\/%77%70%2d%63%6f%6e%74%65%6e%74\\\/uploads\\\/2018\\\/04\\\/turismo-semana-santa.jpg\",\"width\":1920,\"height\":1282},{\"@type\":\"BreadcrumbList\",\"@id\":\"https:\\\/\\\/informelitoral.com.ar\\\/el-turismo-dejo-350-millones-de-pesos-en-entre-rios\\\/#breadcrumb\",\"itemListElement\":[{\"@type\":\"ListItem\",\"position\":1,\"name\":\"Portada\",\"item\":\"https:\\\/\\\/informelitoral.com.ar\\\/\"},{\"@type\":\"ListItem\",\"position\":2,\"name\":\"El turismo dej\u00f3 350 millones de pesos en Entre R\u00edos\"}]},{\"@type\":\"WebSite\",\"@id\":\"https:\\\/\\\/informelitoral.com.ar\\\/#website\",\"url\":\"https:\\\/\\\/informelitoral.com.ar\\\/\",\"name\":\"Informe Litoral\",\"description\":\"&quot;Nos informamos&quot; \",\"publisher\":{\"@id\":\"https:\\\/\\\/informelitoral.com.ar\\\/#organization\"},\"potentialAction\":[{\"@type\":\"SearchAction\",\"target\":{\"@type\":\"EntryPoint\",\"urlTemplate\":\"https:\\\/\\\/informelitoral.com.ar\\\/?s={search_term_string}\"},\"query-input\":{\"@type\":\"PropertyValueSpecification\",\"valueRequired\":true,\"valueName\":\"search_term_string\"}}],\"inLanguage\":\"es\"},{\"@type\":\"Organization\",\"@id\":\"https:\\\/\\\/informelitoral.com.ar\\\/#organization\",\"name\":\"Informe Litoral\",\"url\":\"https:\\\/\\\/informelitoral.com.ar\\\/\",\"logo\":{\"@type\":\"ImageObject\",\"inLanguage\":\"es\",\"@id\":\"https:\\\/\\\/informelitoral.com.ar\\\/#\\\/schema\\\/logo\\\/image\\\/\",\"url\":\"https:\\\/\\\/informelitoral.com.ar\\\/%77%70%2d%63%6f%6e%74%65%6e%74\\\/uploads\\\/2021\\\/01\\\/circulo.png\",\"contentUrl\":\"https:\\\/\\\/informelitoral.com.ar\\\/%77%70%2d%63%6f%6e%74%65%6e%74\\\/uploads\\\/2021\\\/01\\\/circulo.png\",\"width\":723,\"height\":731,\"caption\":\"Informe Litoral\"},\"image\":{\"@id\":\"https:\\\/\\\/informelitoral.com.ar\\\/#\\\/schema\\\/logo\\\/image\\\/\"},\"sameAs\":[\"https:\\\/\\\/www.facebook.com\\\/informelitoral\\\/\",\"https:\\\/\\\/x.com\\\/InformeLitoral\",\"https:\\\/\\\/www.instagram.com\\\/informelitoral\\\/\",\"https:\\\/\\\/www.youtube.com\\\/channel\\\/UCua4Qvz8Icb6MYqhoq9xLXw\"]},{\"@type\":\"Person\",\"@id\":\"https:\\\/\\\/informelitoral.com.ar\\\/#\\\/schema\\\/person\\\/b9d00407c836482871ef1d57bf8e3180\",\"name\":\"Gonzalo Schmidt\",\"image\":{\"@type\":\"ImageObject\",\"inLanguage\":\"es\",\"@id\":\"https:\\\/\\\/secure.gravatar.com\\\/avatar\\\/31a1a7b66ff2de83bd0e9fd79d026630d2d99e55e8bfe501287647b4fd9743de?s=96&d=mm&r=g\",\"url\":\"https:\\\/\\\/secure.gravatar.com\\\/avatar\\\/31a1a7b66ff2de83bd0e9fd79d026630d2d99e55e8bfe501287647b4fd9743de?s=96&d=mm&r=g\",\"contentUrl\":\"https:\\\/\\\/secure.gravatar.com\\\/avatar\\\/31a1a7b66ff2de83bd0e9fd79d026630d2d99e55e8bfe501287647b4fd9743de?s=96&d=mm&r=g\",\"caption\":\"Gonzalo Schmidt\"},\"description\":\"Sitio web de noticias de la provincia de Entre R\u00edos, Argentina. Informaci\u00f3n y entretenimiento. Informe Litoral, nos informamos.\",\"sameAs\":[\"http:\\\/\\\/www.isletasnoticias.com.ar\"],\"url\":\"https:\\\/\\\/informelitoral.com.ar\\\/author\\\/gonzalo\\\/\"}]}<\/script>","yoast_head_json":{"title":"El turismo dej\u00f3 350 millones de pesos en Entre R\u00edos - Informe Litoral","robots":{"index":"index","follow":"follow","max-snippet":"max-snippet:-1","max-image-preview":"max-image-preview:large","max-video-preview":"max-video-preview:-1"},"canonical":"https:\/\/informelitoral.com.ar\/el-turismo-dejo-350-millones-de-pesos-en-entre-rios\/","og_locale":"es_ES","og_type":"article","og_title":"El turismo dej\u00f3 350 millones de pesos en Entre R\u00edos - Informe Litoral","og_description":"Durante el feriado de Semana Santa y el y D\u00eda del Veterano y los Ca\u00eddos de Malvinas visitaron Entre R\u00edos m\u00e1s de 150 mil turistas que aportaron un movimiento econ\u00f3mico estimado en 350 millones de pesos.","og_url":"https:\/\/informelitoral.com.ar\/el-turismo-dejo-350-millones-de-pesos-en-entre-rios\/","og_site_name":"Informe Litoral","article_publisher":"https:\/\/www.facebook.com\/informelitoral\/","article_published_time":"2018-04-02T23:48:48+00:00","og_image":[{"url":"https:\/\/www.isletasnoticias.com.ar\/%77%70%2d%63%6f%6e%74%65%6e%74\/uploads\/2018\/04\/turismo-semana-santa.jpg","type":"","width":"","height":""}],"author":"Gonzalo Schmidt","twitter_card":"summary_large_image","twitter_creator":"@InformeLitoral","twitter_site":"@InformeLitoral","twitter_misc":{"Escrito por":"Gonzalo Schmidt","Tiempo de lectura":"4 minutos"},"schema":{"@context":"https:\/\/schema.org","@graph":[{"@type":"Article","@id":"https:\/\/informelitoral.com.ar\/el-turismo-dejo-350-millones-de-pesos-en-entre-rios\/#article","isPartOf":{"@id":"https:\/\/informelitoral.com.ar\/el-turismo-dejo-350-millones-de-pesos-en-entre-rios\/"},"author":{"name":"Gonzalo Schmidt","@id":"https:\/\/informelitoral.com.ar\/#\/schema\/person\/b9d00407c836482871ef1d57bf8e3180"},"headline":"El turismo dej\u00f3 350 millones de pesos en Entre R\u00edos","datePublished":"2018-04-02T23:48:48+00:00","mainEntityOfPage":{"@id":"https:\/\/informelitoral.com.ar\/el-turismo-dejo-350-millones-de-pesos-en-entre-rios\/"},"wordCount":845,"commentCount":0,"publisher":{"@id":"https:\/\/informelitoral.com.ar\/#organization"},"image":{"@id":"https:\/\/informelitoral.com.ar\/el-turismo-dejo-350-millones-de-pesos-en-entre-rios\/#primaryimage"},"thumbnailUrl":"https:\/\/informelitoral.com.ar\/%77%70%2d%63%6f%6e%74%65%6e%74\/uploads\/2018\/04\/turismo-semana-santa.jpg","keywords":["Entre R\u00edos","Turismo"],"articleSection":["Entre R\u00edos"],"inLanguage":"es","potentialAction":[{"@type":"CommentAction","name":"Comment","target":["https:\/\/informelitoral.com.ar\/el-turismo-dejo-350-millones-de-pesos-en-entre-rios\/#respond"]}]},{"@type":"WebPage","@id":"https:\/\/informelitoral.com.ar\/el-turismo-dejo-350-millones-de-pesos-en-entre-rios\/","url":"https:\/\/informelitoral.com.ar\/el-turismo-dejo-350-millones-de-pesos-en-entre-rios\/","name":"El turismo dej\u00f3 350 millones de pesos en Entre R\u00edos - Informe Litoral","isPartOf":{"@id":"https:\/\/informelitoral.com.ar\/#website"},"primaryImageOfPage":{"@id":"https:\/\/informelitoral.com.ar\/el-turismo-dejo-350-millones-de-pesos-en-entre-rios\/#primaryimage"},"image":{"@id":"https:\/\/informelitoral.com.ar\/el-turismo-dejo-350-millones-de-pesos-en-entre-rios\/#primaryimage"},"thumbnailUrl":"https:\/\/informelitoral.com.ar\/%77%70%2d%63%6f%6e%74%65%6e%74\/uploads\/2018\/04\/turismo-semana-santa.jpg","datePublished":"2018-04-02T23:48:48+00:00","breadcrumb":{"@id":"https:\/\/informelitoral.com.ar\/el-turismo-dejo-350-millones-de-pesos-en-entre-rios\/#breadcrumb"},"inLanguage":"es","potentialAction":[{"@type":"ReadAction","target":["https:\/\/informelitoral.com.ar\/el-turismo-dejo-350-millones-de-pesos-en-entre-rios\/"]}]},{"@type":"ImageObject","inLanguage":"es","@id":"https:\/\/informelitoral.com.ar\/el-turismo-dejo-350-millones-de-pesos-en-entre-rios\/#primaryimage","url":"https:\/\/informelitoral.com.ar\/%77%70%2d%63%6f%6e%74%65%6e%74\/uploads\/2018\/04\/turismo-semana-santa.jpg","contentUrl":"https:\/\/informelitoral.com.ar\/%77%70%2d%63%6f%6e%74%65%6e%74\/uploads\/2018\/04\/turismo-semana-santa.jpg","width":1920,"height":1282},{"@type":"BreadcrumbList","@id":"https:\/\/informelitoral.com.ar\/el-turismo-dejo-350-millones-de-pesos-en-entre-rios\/#breadcrumb","itemListElement":[{"@type":"ListItem","position":1,"name":"Portada","item":"https:\/\/informelitoral.com.ar\/"},{"@type":"ListItem","position":2,"name":"El turismo dej\u00f3 350 millones de pesos en Entre R\u00edos"}]},{"@type":"WebSite","@id":"https:\/\/informelitoral.com.ar\/#website","url":"https:\/\/informelitoral.com.ar\/","name":"Informe Litoral","description":"&quot;Nos informamos&quot; ","publisher":{"@id":"https:\/\/informelitoral.com.ar\/#organization"},"potentialAction":[{"@type":"SearchAction","target":{"@type":"EntryPoint","urlTemplate":"https:\/\/informelitoral.com.ar\/?s={search_term_string}"},"query-input":{"@type":"PropertyValueSpecification","valueRequired":true,"valueName":"search_term_string"}}],"inLanguage":"es"},{"@type":"Organization","@id":"https:\/\/informelitoral.com.ar\/#organization","name":"Informe Litoral","url":"https:\/\/informelitoral.com.ar\/","logo":{"@type":"ImageObject","inLanguage":"es","@id":"https:\/\/informelitoral.com.ar\/#\/schema\/logo\/image\/","url":"https:\/\/informelitoral.com.ar\/%77%70%2d%63%6f%6e%74%65%6e%74\/uploads\/2021\/01\/circulo.png","contentUrl":"https:\/\/informelitoral.com.ar\/%77%70%2d%63%6f%6e%74%65%6e%74\/uploads\/2021\/01\/circulo.png","width":723,"height":731,"caption":"Informe Litoral"},"image":{"@id":"https:\/\/informelitoral.com.ar\/#\/schema\/logo\/image\/"},"sameAs":["https:\/\/www.facebook.com\/informelitoral\/","https:\/\/x.com\/InformeLitoral","https:\/\/www.instagram.com\/informelitoral\/","https:\/\/www.youtube.com\/channel\/UCua4Qvz8Icb6MYqhoq9xLXw"]},{"@type":"Person","@id":"https:\/\/informelitoral.com.ar\/#\/schema\/person\/b9d00407c836482871ef1d57bf8e3180","name":"Gonzalo Schmidt","image":{"@type":"ImageObject","inLanguage":"es","@id":"https:\/\/secure.gravatar.com\/avatar\/31a1a7b66ff2de83bd0e9fd79d026630d2d99e55e8bfe501287647b4fd9743de?s=96&d=mm&r=g","url":"https:\/\/secure.gravatar.com\/avatar\/31a1a7b66ff2de83bd0e9fd79d026630d2d99e55e8bfe501287647b4fd9743de?s=96&d=mm&r=g","contentUrl":"https:\/\/secure.gravatar.com\/avatar\/31a1a7b66ff2de83bd0e9fd79d026630d2d99e55e8bfe501287647b4fd9743de?s=96&d=mm&r=g","caption":"Gonzalo Schmidt"},"description":"Sitio web de noticias de la provincia de Entre R\u00edos, Argentina. Informaci\u00f3n y entretenimiento. Informe Litoral, nos informamos.","sameAs":["http:\/\/www.isletasnoticias.com.ar"],"url":"https:\/\/informelitoral.com.ar\/author\/gonzalo\/"}]}},"_links":{"self":[{"href":"https:\/\/informelitoral.com.ar\/%77%70%2d%6a%73%6f%6e\/wp\/v2\/posts\/25936","targetHints":{"allow":["GET"]}}],"collection":[{"href":"https:\/\/informelitoral.com.ar\/%77%70%2d%6a%73%6f%6e\/wp\/v2\/posts"}],"about":[{"href":"https:\/\/informelitoral.com.ar\/%77%70%2d%6a%73%6f%6e\/wp\/v2\/types\/post"}],"author":[{"embeddable":true,"href":"https:\/\/informelitoral.com.ar\/%77%70%2d%6a%73%6f%6e\/wp\/v2\/users\/2"}],"replies":[{"embeddable":true,"href":"https:\/\/informelitoral.com.ar\/%77%70%2d%6a%73%6f%6e\/wp\/v2\/comments?post=25936"}],"version-history":[{"count":0,"href":"https:\/\/informelitoral.com.ar\/%77%70%2d%6a%73%6f%6e\/wp\/v2\/posts\/25936\/revisions"}],"wp:featuredmedia":[{"embeddable":true,"href":"https:\/\/informelitoral.com.ar\/%77%70%2d%6a%73%6f%6e\/wp\/v2\/media\/25939"}],"wp:attachment":[{"href":"https:\/\/informelitoral.com.ar\/%77%70%2d%6a%73%6f%6e\/wp\/v2\/media?parent=25936"}],"wp:term":[{"taxonomy":"category","embeddable":true,"href":"https:\/\/informelitoral.com.ar\/%77%70%2d%6a%73%6f%6e\/wp\/v2\/categories?post=25936"},{"taxonomy":"post_tag","embeddable":true,"href":"https:\/\/informelitoral.com.ar\/%77%70%2d%6a%73%6f%6e\/wp\/v2\/tags?post=25936"}],"curies":[{"name":"wp","href":"https:\/\/api.w.org\/{rel}","templated":true}]}}