{"id":259141,"date":"2026-04-30T09:20:20","date_gmt":"2026-04-30T12:20:20","guid":{"rendered":"https:\/\/informelitoral.com.ar\/?p=259141"},"modified":"2026-05-01T09:31:23","modified_gmt":"2026-05-01T12:31:23","slug":"franco-schreiner-es-el-nuevo-presidente-de-la-caja-de-jubilaciones-municipales-de-aranguren-y-se-consolida-el-recambio-generacional","status":"publish","type":"post","link":"https:\/\/informelitoral.com.ar\/franco-schreiner-es-el-nuevo-presidente-de-la-caja-de-jubilaciones-municipales-de-aranguren-y-se-consolida-el-recambio-generacional\/","title":{"rendered":"Franco Schreiner es el nuevo presidente de la Caja de Jubilaciones Municipales de Aranguren y se consolida el recambio generacional"},"content":{"rendered":"<p style=\"font-weight: 400;\">Durante el encuentro se aprob\u00f3 por unanimidad la memoria y balance correspondiente al ejercicio 2025, donde se destac\u00f3 una administraci\u00f3n ordenada y sustentable, con un activo patrimonial muy significativo y pr\u00e1cticamente sin deudas, consolidando as\u00ed la solidez econ\u00f3mica de la instituci\u00f3n.<\/p>\n<p style=\"font-weight: 400;\">En este marco, se resalt\u00f3 que los ingresos de la Caja se sostienen en gran medida a partir de aportes y contribuciones, junto con un importante esquema de inversiones, alquileres e instrumentos financieros que permiten garantizar el cumplimiento de las obligaciones previsionales.<\/p>\n<p style=\"font-weight: 400;\"><a href=\"https:\/\/drive.google.com\/thumbnail?id=14ZVybfssLGK8LmgH2PSl486w4haBPJg3&amp;sz=w2048\"><img loading=\"lazy\" decoding=\"async\" class=\"aligncenter wp-image-259143 size-full\" src=\"https:\/\/drive.google.com\/thumbnail?id=14ZVybfssLGK8LmgH2PSl486w4haBPJg3&amp;sz=w2048\" alt=\"\" width=\"1600\" height=\"1115\" \/><\/a><\/p>\n<p style=\"font-weight: 400;\">Asimismo, se puso en valor el crecimiento del patrimonio a trav\u00e9s de nuevas adquisiciones inmobiliarias y la continuidad de proyectos de inversi\u00f3n en distintas ciudades, lo que refuerza una pol\u00edtica sostenida de resguardo y proyecci\u00f3n de los recursos. Tambi\u00e9n se mencion\u00f3 la planificaci\u00f3n de futuros desarrollos, actualmente en evaluaci\u00f3n en funci\u00f3n del contexto econ\u00f3mico.<\/p>\n<p style=\"font-weight: 400;\">Uno de los momentos m\u00e1s significativos de la jornada fue la renovaci\u00f3n parcial del Directorio, dando lugar a una nueva etapa institucional. En ese sentido, se concret\u00f3 el traspaso generacional en la conducci\u00f3n, con la elecci\u00f3n de Franco Schreiner como presidente, acompa\u00f1ado por un equipo integrado mayoritariamente por j\u00f3venes dirigentes, marcando as\u00ed el inicio de un proceso de renovaci\u00f3n que continuar\u00e1 en los pr\u00f3ximos a\u00f1os.<\/p>\n<p style=\"font-weight: 400;\"><a href=\"https:\/\/drive.google.com\/thumbnail?id=11WguhWYkJ32mIUUUH620vcvouLwZEJn3&amp;sz=w2048\"><img loading=\"lazy\" decoding=\"async\" class=\"aligncenter wp-image-259144 size-full\" src=\"https:\/\/drive.google.com\/thumbnail?id=11WguhWYkJ32mIUUUH620vcvouLwZEJn3&amp;sz=w2048\" alt=\"\" width=\"1600\" height=\"1067\" \/><\/a><\/p>\n<h2 style=\"font-weight: 400;\"><strong>El Directorio qued\u00f3 conformado por:<\/strong><\/h2>\n<p style=\"font-weight: 400;\">Presidente: <strong>Franco Schreiner<\/strong><br \/>\nVicepresidente: <strong>Mauricio Spengler<\/strong><br \/>\nSecretaria: <strong>Eugenia Mart\u00ednez<\/strong><br \/>\nProsecretaria:<strong> Vanina Riffel<\/strong><br \/>\nTesorero: <strong>Luis Ghiglioni<\/strong><br \/>\nProtesorero: <strong>Gustavo Pusineri<\/strong><br \/>\nVocales titulares: <strong>Ariel Aguirre <\/strong>y<strong> Horacio Silva<\/strong><br \/>\nVocales suplentes: <strong>Yamila Cornejo <\/strong>y <strong>Diego Libralato<\/strong><\/p>\n<p style=\"font-weight: 400;\">Representando al Ejecutivo Municipal participa <strong>Ramiro Mu\u00f1oz<\/strong>, mientras que por el Honorable Concejo Deliberante lo hacen<strong> Jorge Libralato<\/strong> y <strong>Guillermo Zabala.<\/strong><\/p>\n<p style=\"font-weight: 400;\">En su despedida, el presidente saliente,<strong>\u00a0Jorge Cardenal<\/strong>, destac\u00f3 el camino recorrido durante m\u00e1s de tres d\u00e9cadas al frente de la instituci\u00f3n, agradeciendo el acompa\u00f1amiento de afiliados, autoridades y asesores, y remarcando la importancia de dar paso a nuevas generaciones que contin\u00faen fortaleciendo el sistema previsional local.<\/p>\n<p style=\"font-weight: 400;\">Desde la organizaci\u00f3n se subray\u00f3 que este proceso marca el inicio de una etapa de renovaci\u00f3n, con mayor participaci\u00f3n de afiliados j\u00f3venes, apostando a la formaci\u00f3n y al compromiso futuro en la gesti\u00f3n de la Caja.<\/p>\n<p><span style=\"font-weight: 400;\">La Asamblea concluy\u00f3 en un clima de participaci\u00f3n y consenso, reafirmando el valor de una instituci\u00f3n administrada por sus propios afiliados y orientada a garantizar la sustentabilidad del sistema previsional municipal.<\/span><\/p>\n<h6><em><strong>Del archivo:\u00a0<a href=\"https:\/\/informelitoral.com.ar\/parana-reconfiguraron-recorridos-de-colectivos-en-diversas-lineas-de-la-ciudad\/\" target=\"_blank\" rel=\"noopener\">Paran\u00e1: reconfiguraron recorridos de colectivos en diversas l\u00edneas de la ciudad<\/a><\/strong><\/em><\/h6>\n","protected":false},"excerpt":{"rendered":"<p>En la Casa del Bicentenario, se llev\u00f3 a cabo la Asamblea Anual Ordinaria de la Caja de Jubilaciones y Pensiones del Personal del Municipio de Aranguren, con la participaci\u00f3n de afiliados activos, jubilados, pensionados y representantes del Ejecutivo y del Honorable Concejo Deliberante.<\/p>\n","protected":false},"author":2,"featured_media":259142,"comment_status":"open","ping_status":"open","sticky":false,"template":"","format":"standard","meta":{"fifu_image_url":"","fifu_image_alt":"","footnotes":""},"categories":[4592],"tags":[143,1886,111,201],"class_list":{"0":"post-259141","1":"post","2":"type-post","3":"status-publish","4":"format-standard","5":"has-post-thumbnail","7":"category-departamento-nogoya","8":"tag-aranguren","9":"tag-caja-de-jubilaciones","10":"tag-municipales","11":"tag-municipios"},"yoast_head":"<title>Franco Schreiner es el nuevo presidente de la Caja de Jubilaciones Municipales de Aranguren y se consolida el recambio generacional - Informe Litoral<\/title>\n<meta name=\"robots\" content=\"index, follow, max-snippet:-1, max-image-preview:large, max-video-preview:-1\" \/>\n<link rel=\"canonical\" href=\"https:\/\/informelitoral.com.ar\/franco-schreiner-es-el-nuevo-presidente-de-la-caja-de-jubilaciones-municipales-de-aranguren-y-se-consolida-el-recambio-generacional\/\" \/>\n<meta property=\"og:locale\" content=\"es_ES\" \/>\n<meta property=\"og:type\" content=\"article\" \/>\n<meta property=\"og:title\" content=\"Franco Schreiner es el nuevo presidente de la Caja de Jubilaciones Municipales de Aranguren y se consolida el recambio generacional - Informe Litoral\" \/>\n<meta property=\"og:description\" content=\"En la Casa del Bicentenario, se llev\u00f3 a cabo la Asamblea Anual Ordinaria de la Caja de Jubilaciones y Pensiones del Personal del Municipio de Aranguren, con la participaci\u00f3n de afiliados activos, jubilados, pensionados y representantes del Ejecutivo y del Honorable Concejo Deliberante.\" \/>\n<meta property=\"og:url\" content=\"https:\/\/informelitoral.com.ar\/franco-schreiner-es-el-nuevo-presidente-de-la-caja-de-jubilaciones-municipales-de-aranguren-y-se-consolida-el-recambio-generacional\/\" \/>\n<meta property=\"og:site_name\" content=\"Informe Litoral\" \/>\n<meta property=\"article:publisher\" content=\"https:\/\/www.facebook.com\/informelitoral\/\" \/>\n<meta property=\"article:published_time\" content=\"2026-04-30T12:20:20+00:00\" \/>\n<meta property=\"article:modified_time\" content=\"2026-05-01T12:31:23+00:00\" \/>\n<meta property=\"og:image\" content=\"https:\/\/drive.google.com\/thumbnail?id=1aHMgPtn3SD_A1dXkhjowPCq4N_s5on02&sz=w2048\" \/>\n\t<meta property=\"og:image:width\" content=\"1600\" \/>\n\t<meta property=\"og:image:height\" content=\"694\" \/>\n\t<meta property=\"og:image:type\" content=\"image\/jpeg\" \/>\n<meta name=\"author\" content=\"Gonzalo Schmidt\" \/>\n<meta name=\"twitter:card\" content=\"summary_large_image\" \/>\n<meta name=\"twitter:creator\" content=\"@InformeLitoral\" \/>\n<meta name=\"twitter:site\" content=\"@InformeLitoral\" \/>\n<meta name=\"twitter:label1\" content=\"Escrito por\" \/>\n\t<meta name=\"twitter:data1\" content=\"Gonzalo Schmidt\" \/>\n\t<meta name=\"twitter:label2\" content=\"Tiempo de lectura\" \/>\n\t<meta name=\"twitter:data2\" content=\"3 minutos\" \/>\n<script type=\"application\/ld+json\" class=\"yoast-schema-graph\">{\"@context\":\"https:\\\/\\\/schema.org\",\"@graph\":[{\"@type\":\"Article\",\"@id\":\"https:\\\/\\\/informelitoral.com.ar\\\/franco-schreiner-es-el-nuevo-presidente-de-la-caja-de-jubilaciones-municipales-de-aranguren-y-se-consolida-el-recambio-generacional\\\/#article\",\"isPartOf\":{\"@id\":\"https:\\\/\\\/informelitoral.com.ar\\\/franco-schreiner-es-el-nuevo-presidente-de-la-caja-de-jubilaciones-municipales-de-aranguren-y-se-consolida-el-recambio-generacional\\\/\"},\"author\":{\"name\":\"Gonzalo Schmidt\",\"@id\":\"https:\\\/\\\/informelitoral.com.ar\\\/#\\\/schema\\\/person\\\/b9d00407c836482871ef1d57bf8e3180\"},\"headline\":\"Franco Schreiner es el nuevo presidente de la Caja de Jubilaciones Municipales de Aranguren y se consolida el recambio generacional\",\"datePublished\":\"2026-04-30T12:20:20+00:00\",\"dateModified\":\"2026-05-01T12:31:23+00:00\",\"mainEntityOfPage\":{\"@id\":\"https:\\\/\\\/informelitoral.com.ar\\\/franco-schreiner-es-el-nuevo-presidente-de-la-caja-de-jubilaciones-municipales-de-aranguren-y-se-consolida-el-recambio-generacional\\\/\"},\"wordCount\":444,\"commentCount\":0,\"publisher\":{\"@id\":\"https:\\\/\\\/informelitoral.com.ar\\\/#organization\"},\"image\":{\"@id\":\"https:\\\/\\\/informelitoral.com.ar\\\/franco-schreiner-es-el-nuevo-presidente-de-la-caja-de-jubilaciones-municipales-de-aranguren-y-se-consolida-el-recambio-generacional\\\/#primaryimage\"},\"thumbnailUrl\":\"https:\\\/\\\/drive.google.com\\\/thumbnail?id=1aHMgPtn3SD_A1dXkhjowPCq4N_s5on02&sz=w2048\",\"keywords\":[\"Aranguren\",\"Caja de Jubilaciones\",\"Municipales\",\"Municipios\"],\"articleSection\":[\"Departamento Nogoy\u00e1\"],\"inLanguage\":\"es\",\"potentialAction\":[{\"@type\":\"CommentAction\",\"name\":\"Comment\",\"target\":[\"https:\\\/\\\/informelitoral.com.ar\\\/franco-schreiner-es-el-nuevo-presidente-de-la-caja-de-jubilaciones-municipales-de-aranguren-y-se-consolida-el-recambio-generacional\\\/#respond\"]}]},{\"@type\":\"WebPage\",\"@id\":\"https:\\\/\\\/informelitoral.com.ar\\\/franco-schreiner-es-el-nuevo-presidente-de-la-caja-de-jubilaciones-municipales-de-aranguren-y-se-consolida-el-recambio-generacional\\\/\",\"url\":\"https:\\\/\\\/informelitoral.com.ar\\\/franco-schreiner-es-el-nuevo-presidente-de-la-caja-de-jubilaciones-municipales-de-aranguren-y-se-consolida-el-recambio-generacional\\\/\",\"name\":\"Franco Schreiner es el nuevo presidente de la Caja de Jubilaciones Municipales de Aranguren y se consolida el recambio generacional - Informe Litoral\",\"isPartOf\":{\"@id\":\"https:\\\/\\\/informelitoral.com.ar\\\/#website\"},\"primaryImageOfPage\":{\"@id\":\"https:\\\/\\\/informelitoral.com.ar\\\/franco-schreiner-es-el-nuevo-presidente-de-la-caja-de-jubilaciones-municipales-de-aranguren-y-se-consolida-el-recambio-generacional\\\/#primaryimage\"},\"image\":{\"@id\":\"https:\\\/\\\/informelitoral.com.ar\\\/franco-schreiner-es-el-nuevo-presidente-de-la-caja-de-jubilaciones-municipales-de-aranguren-y-se-consolida-el-recambio-generacional\\\/#primaryimage\"},\"thumbnailUrl\":\"https:\\\/\\\/drive.google.com\\\/thumbnail?id=1aHMgPtn3SD_A1dXkhjowPCq4N_s5on02&sz=w2048\",\"datePublished\":\"2026-04-30T12:20:20+00:00\",\"dateModified\":\"2026-05-01T12:31:23+00:00\",\"breadcrumb\":{\"@id\":\"https:\\\/\\\/informelitoral.com.ar\\\/franco-schreiner-es-el-nuevo-presidente-de-la-caja-de-jubilaciones-municipales-de-aranguren-y-se-consolida-el-recambio-generacional\\\/#breadcrumb\"},\"inLanguage\":\"es\",\"potentialAction\":[{\"@type\":\"ReadAction\",\"target\":[\"https:\\\/\\\/informelitoral.com.ar\\\/franco-schreiner-es-el-nuevo-presidente-de-la-caja-de-jubilaciones-municipales-de-aranguren-y-se-consolida-el-recambio-generacional\\\/\"]}]},{\"@type\":\"ImageObject\",\"inLanguage\":\"es\",\"@id\":\"https:\\\/\\\/informelitoral.com.ar\\\/franco-schreiner-es-el-nuevo-presidente-de-la-caja-de-jubilaciones-municipales-de-aranguren-y-se-consolida-el-recambio-generacional\\\/#primaryimage\",\"url\":\"https:\\\/\\\/drive.google.com\\\/thumbnail?id=1aHMgPtn3SD_A1dXkhjowPCq4N_s5on02&sz=w2048\",\"contentUrl\":\"https:\\\/\\\/drive.google.com\\\/thumbnail?id=1aHMgPtn3SD_A1dXkhjowPCq4N_s5on02&sz=w2048\",\"width\":1600,\"height\":694},{\"@type\":\"BreadcrumbList\",\"@id\":\"https:\\\/\\\/informelitoral.com.ar\\\/franco-schreiner-es-el-nuevo-presidente-de-la-caja-de-jubilaciones-municipales-de-aranguren-y-se-consolida-el-recambio-generacional\\\/#breadcrumb\",\"itemListElement\":[{\"@type\":\"ListItem\",\"position\":1,\"name\":\"Portada\",\"item\":\"https:\\\/\\\/informelitoral.com.ar\\\/\"},{\"@type\":\"ListItem\",\"position\":2,\"name\":\"Franco Schreiner es el nuevo presidente de la Caja de Jubilaciones Municipales de Aranguren y se consolida el recambio generacional\"}]},{\"@type\":\"WebSite\",\"@id\":\"https:\\\/\\\/informelitoral.com.ar\\\/#website\",\"url\":\"https:\\\/\\\/informelitoral.com.ar\\\/\",\"name\":\"Informe Litoral\",\"description\":\"&quot;Nos informamos&quot; \",\"publisher\":{\"@id\":\"https:\\\/\\\/informelitoral.com.ar\\\/#organization\"},\"potentialAction\":[{\"@type\":\"SearchAction\",\"target\":{\"@type\":\"EntryPoint\",\"urlTemplate\":\"https:\\\/\\\/informelitoral.com.ar\\\/?s={search_term_string}\"},\"query-input\":{\"@type\":\"PropertyValueSpecification\",\"valueRequired\":true,\"valueName\":\"search_term_string\"}}],\"inLanguage\":\"es\"},{\"@type\":\"Organization\",\"@id\":\"https:\\\/\\\/informelitoral.com.ar\\\/#organization\",\"name\":\"Informe Litoral\",\"url\":\"https:\\\/\\\/informelitoral.com.ar\\\/\",\"logo\":{\"@type\":\"ImageObject\",\"inLanguage\":\"es\",\"@id\":\"https:\\\/\\\/informelitoral.com.ar\\\/#\\\/schema\\\/logo\\\/image\\\/\",\"url\":\"https:\\\/\\\/informelitoral.com.ar\\\/%77%70%2d%63%6f%6e%74%65%6e%74\\\/uploads\\\/2021\\\/01\\\/circulo.png\",\"contentUrl\":\"https:\\\/\\\/informelitoral.com.ar\\\/%77%70%2d%63%6f%6e%74%65%6e%74\\\/uploads\\\/2021\\\/01\\\/circulo.png\",\"width\":723,\"height\":731,\"caption\":\"Informe Litoral\"},\"image\":{\"@id\":\"https:\\\/\\\/informelitoral.com.ar\\\/#\\\/schema\\\/logo\\\/image\\\/\"},\"sameAs\":[\"https:\\\/\\\/www.facebook.com\\\/informelitoral\\\/\",\"https:\\\/\\\/x.com\\\/InformeLitoral\",\"https:\\\/\\\/www.instagram.com\\\/informelitoral\\\/\",\"https:\\\/\\\/www.youtube.com\\\/channel\\\/UCua4Qvz8Icb6MYqhoq9xLXw\"]},{\"@type\":\"Person\",\"@id\":\"https:\\\/\\\/informelitoral.com.ar\\\/#\\\/schema\\\/person\\\/b9d00407c836482871ef1d57bf8e3180\",\"name\":\"Gonzalo Schmidt\",\"image\":{\"@type\":\"ImageObject\",\"inLanguage\":\"es\",\"@id\":\"https:\\\/\\\/secure.gravatar.com\\\/avatar\\\/31a1a7b66ff2de83bd0e9fd79d026630d2d99e55e8bfe501287647b4fd9743de?s=96&d=mm&r=g\",\"url\":\"https:\\\/\\\/secure.gravatar.com\\\/avatar\\\/31a1a7b66ff2de83bd0e9fd79d026630d2d99e55e8bfe501287647b4fd9743de?s=96&d=mm&r=g\",\"contentUrl\":\"https:\\\/\\\/secure.gravatar.com\\\/avatar\\\/31a1a7b66ff2de83bd0e9fd79d026630d2d99e55e8bfe501287647b4fd9743de?s=96&d=mm&r=g\",\"caption\":\"Gonzalo Schmidt\"},\"description\":\"Sitio web de noticias de la provincia de Entre R\u00edos, Argentina. Informaci\u00f3n y entretenimiento. Informe Litoral, nos informamos.\",\"sameAs\":[\"http:\\\/\\\/www.isletasnoticias.com.ar\"],\"url\":\"https:\\\/\\\/informelitoral.com.ar\\\/author\\\/gonzalo\\\/\"}]}<\/script>","yoast_head_json":{"title":"Franco Schreiner es el nuevo presidente de la Caja de Jubilaciones Municipales de Aranguren y se consolida el recambio generacional - Informe Litoral","robots":{"index":"index","follow":"follow","max-snippet":"max-snippet:-1","max-image-preview":"max-image-preview:large","max-video-preview":"max-video-preview:-1"},"canonical":"https:\/\/informelitoral.com.ar\/franco-schreiner-es-el-nuevo-presidente-de-la-caja-de-jubilaciones-municipales-de-aranguren-y-se-consolida-el-recambio-generacional\/","og_locale":"es_ES","og_type":"article","og_title":"Franco Schreiner es el nuevo presidente de la Caja de Jubilaciones Municipales de Aranguren y se consolida el recambio generacional - Informe Litoral","og_description":"En la Casa del Bicentenario, se llev\u00f3 a cabo la Asamblea Anual Ordinaria de la Caja de Jubilaciones y Pensiones del Personal del Municipio de Aranguren, con la participaci\u00f3n de afiliados activos, jubilados, pensionados y representantes del Ejecutivo y del Honorable Concejo Deliberante.","og_url":"https:\/\/informelitoral.com.ar\/franco-schreiner-es-el-nuevo-presidente-de-la-caja-de-jubilaciones-municipales-de-aranguren-y-se-consolida-el-recambio-generacional\/","og_site_name":"Informe Litoral","article_publisher":"https:\/\/www.facebook.com\/informelitoral\/","article_published_time":"2026-04-30T12:20:20+00:00","article_modified_time":"2026-05-01T12:31:23+00:00","og_image":[{"width":1600,"height":694,"url":"https:\/\/drive.google.com\/thumbnail?id=1aHMgPtn3SD_A1dXkhjowPCq4N_s5on02&sz=w2048","type":"image\/jpeg"}],"author":"Gonzalo Schmidt","twitter_card":"summary_large_image","twitter_creator":"@InformeLitoral","twitter_site":"@InformeLitoral","twitter_misc":{"Escrito por":"Gonzalo Schmidt","Tiempo de lectura":"3 minutos"},"schema":{"@context":"https:\/\/schema.org","@graph":[{"@type":"Article","@id":"https:\/\/informelitoral.com.ar\/franco-schreiner-es-el-nuevo-presidente-de-la-caja-de-jubilaciones-municipales-de-aranguren-y-se-consolida-el-recambio-generacional\/#article","isPartOf":{"@id":"https:\/\/informelitoral.com.ar\/franco-schreiner-es-el-nuevo-presidente-de-la-caja-de-jubilaciones-municipales-de-aranguren-y-se-consolida-el-recambio-generacional\/"},"author":{"name":"Gonzalo Schmidt","@id":"https:\/\/informelitoral.com.ar\/#\/schema\/person\/b9d00407c836482871ef1d57bf8e3180"},"headline":"Franco Schreiner es el nuevo presidente de la Caja de Jubilaciones Municipales de Aranguren y se consolida el recambio generacional","datePublished":"2026-04-30T12:20:20+00:00","dateModified":"2026-05-01T12:31:23+00:00","mainEntityOfPage":{"@id":"https:\/\/informelitoral.com.ar\/franco-schreiner-es-el-nuevo-presidente-de-la-caja-de-jubilaciones-municipales-de-aranguren-y-se-consolida-el-recambio-generacional\/"},"wordCount":444,"commentCount":0,"publisher":{"@id":"https:\/\/informelitoral.com.ar\/#organization"},"image":{"@id":"https:\/\/informelitoral.com.ar\/franco-schreiner-es-el-nuevo-presidente-de-la-caja-de-jubilaciones-municipales-de-aranguren-y-se-consolida-el-recambio-generacional\/#primaryimage"},"thumbnailUrl":"https:\/\/drive.google.com\/thumbnail?id=1aHMgPtn3SD_A1dXkhjowPCq4N_s5on02&sz=w2048","keywords":["Aranguren","Caja de Jubilaciones","Municipales","Municipios"],"articleSection":["Departamento Nogoy\u00e1"],"inLanguage":"es","potentialAction":[{"@type":"CommentAction","name":"Comment","target":["https:\/\/informelitoral.com.ar\/franco-schreiner-es-el-nuevo-presidente-de-la-caja-de-jubilaciones-municipales-de-aranguren-y-se-consolida-el-recambio-generacional\/#respond"]}]},{"@type":"WebPage","@id":"https:\/\/informelitoral.com.ar\/franco-schreiner-es-el-nuevo-presidente-de-la-caja-de-jubilaciones-municipales-de-aranguren-y-se-consolida-el-recambio-generacional\/","url":"https:\/\/informelitoral.com.ar\/franco-schreiner-es-el-nuevo-presidente-de-la-caja-de-jubilaciones-municipales-de-aranguren-y-se-consolida-el-recambio-generacional\/","name":"Franco Schreiner es el nuevo presidente de la Caja de Jubilaciones Municipales de Aranguren y se consolida el recambio generacional - Informe Litoral","isPartOf":{"@id":"https:\/\/informelitoral.com.ar\/#website"},"primaryImageOfPage":{"@id":"https:\/\/informelitoral.com.ar\/franco-schreiner-es-el-nuevo-presidente-de-la-caja-de-jubilaciones-municipales-de-aranguren-y-se-consolida-el-recambio-generacional\/#primaryimage"},"image":{"@id":"https:\/\/informelitoral.com.ar\/franco-schreiner-es-el-nuevo-presidente-de-la-caja-de-jubilaciones-municipales-de-aranguren-y-se-consolida-el-recambio-generacional\/#primaryimage"},"thumbnailUrl":"https:\/\/drive.google.com\/thumbnail?id=1aHMgPtn3SD_A1dXkhjowPCq4N_s5on02&sz=w2048","datePublished":"2026-04-30T12:20:20+00:00","dateModified":"2026-05-01T12:31:23+00:00","breadcrumb":{"@id":"https:\/\/informelitoral.com.ar\/franco-schreiner-es-el-nuevo-presidente-de-la-caja-de-jubilaciones-municipales-de-aranguren-y-se-consolida-el-recambio-generacional\/#breadcrumb"},"inLanguage":"es","potentialAction":[{"@type":"ReadAction","target":["https:\/\/informelitoral.com.ar\/franco-schreiner-es-el-nuevo-presidente-de-la-caja-de-jubilaciones-municipales-de-aranguren-y-se-consolida-el-recambio-generacional\/"]}]},{"@type":"ImageObject","inLanguage":"es","@id":"https:\/\/informelitoral.com.ar\/franco-schreiner-es-el-nuevo-presidente-de-la-caja-de-jubilaciones-municipales-de-aranguren-y-se-consolida-el-recambio-generacional\/#primaryimage","url":"https:\/\/drive.google.com\/thumbnail?id=1aHMgPtn3SD_A1dXkhjowPCq4N_s5on02&sz=w2048","contentUrl":"https:\/\/drive.google.com\/thumbnail?id=1aHMgPtn3SD_A1dXkhjowPCq4N_s5on02&sz=w2048","width":1600,"height":694},{"@type":"BreadcrumbList","@id":"https:\/\/informelitoral.com.ar\/franco-schreiner-es-el-nuevo-presidente-de-la-caja-de-jubilaciones-municipales-de-aranguren-y-se-consolida-el-recambio-generacional\/#breadcrumb","itemListElement":[{"@type":"ListItem","position":1,"name":"Portada","item":"https:\/\/informelitoral.com.ar\/"},{"@type":"ListItem","position":2,"name":"Franco Schreiner es el nuevo presidente de la Caja de Jubilaciones Municipales de Aranguren y se consolida el recambio generacional"}]},{"@type":"WebSite","@id":"https:\/\/informelitoral.com.ar\/#website","url":"https:\/\/informelitoral.com.ar\/","name":"Informe Litoral","description":"&quot;Nos informamos&quot; ","publisher":{"@id":"https:\/\/informelitoral.com.ar\/#organization"},"potentialAction":[{"@type":"SearchAction","target":{"@type":"EntryPoint","urlTemplate":"https:\/\/informelitoral.com.ar\/?s={search_term_string}"},"query-input":{"@type":"PropertyValueSpecification","valueRequired":true,"valueName":"search_term_string"}}],"inLanguage":"es"},{"@type":"Organization","@id":"https:\/\/informelitoral.com.ar\/#organization","name":"Informe Litoral","url":"https:\/\/informelitoral.com.ar\/","logo":{"@type":"ImageObject","inLanguage":"es","@id":"https:\/\/informelitoral.com.ar\/#\/schema\/logo\/image\/","url":"https:\/\/informelitoral.com.ar\/%77%70%2d%63%6f%6e%74%65%6e%74\/uploads\/2021\/01\/circulo.png","contentUrl":"https:\/\/informelitoral.com.ar\/%77%70%2d%63%6f%6e%74%65%6e%74\/uploads\/2021\/01\/circulo.png","width":723,"height":731,"caption":"Informe Litoral"},"image":{"@id":"https:\/\/informelitoral.com.ar\/#\/schema\/logo\/image\/"},"sameAs":["https:\/\/www.facebook.com\/informelitoral\/","https:\/\/x.com\/InformeLitoral","https:\/\/www.instagram.com\/informelitoral\/","https:\/\/www.youtube.com\/channel\/UCua4Qvz8Icb6MYqhoq9xLXw"]},{"@type":"Person","@id":"https:\/\/informelitoral.com.ar\/#\/schema\/person\/b9d00407c836482871ef1d57bf8e3180","name":"Gonzalo Schmidt","image":{"@type":"ImageObject","inLanguage":"es","@id":"https:\/\/secure.gravatar.com\/avatar\/31a1a7b66ff2de83bd0e9fd79d026630d2d99e55e8bfe501287647b4fd9743de?s=96&d=mm&r=g","url":"https:\/\/secure.gravatar.com\/avatar\/31a1a7b66ff2de83bd0e9fd79d026630d2d99e55e8bfe501287647b4fd9743de?s=96&d=mm&r=g","contentUrl":"https:\/\/secure.gravatar.com\/avatar\/31a1a7b66ff2de83bd0e9fd79d026630d2d99e55e8bfe501287647b4fd9743de?s=96&d=mm&r=g","caption":"Gonzalo Schmidt"},"description":"Sitio web de noticias de la provincia de Entre R\u00edos, Argentina. Informaci\u00f3n y entretenimiento. Informe Litoral, nos informamos.","sameAs":["http:\/\/www.isletasnoticias.com.ar"],"url":"https:\/\/informelitoral.com.ar\/author\/gonzalo\/"}]}},"_links":{"self":[{"href":"https:\/\/informelitoral.com.ar\/%77%70%2d%6a%73%6f%6e\/wp\/v2\/posts\/259141","targetHints":{"allow":["GET"]}}],"collection":[{"href":"https:\/\/informelitoral.com.ar\/%77%70%2d%6a%73%6f%6e\/wp\/v2\/posts"}],"about":[{"href":"https:\/\/informelitoral.com.ar\/%77%70%2d%6a%73%6f%6e\/wp\/v2\/types\/post"}],"author":[{"embeddable":true,"href":"https:\/\/informelitoral.com.ar\/%77%70%2d%6a%73%6f%6e\/wp\/v2\/users\/2"}],"replies":[{"embeddable":true,"href":"https:\/\/informelitoral.com.ar\/%77%70%2d%6a%73%6f%6e\/wp\/v2\/comments?post=259141"}],"version-history":[{"count":1,"href":"https:\/\/informelitoral.com.ar\/%77%70%2d%6a%73%6f%6e\/wp\/v2\/posts\/259141\/revisions"}],"predecessor-version":[{"id":259145,"href":"https:\/\/informelitoral.com.ar\/%77%70%2d%6a%73%6f%6e\/wp\/v2\/posts\/259141\/revisions\/259145"}],"wp:featuredmedia":[{"embeddable":true,"href":"https:\/\/informelitoral.com.ar\/%77%70%2d%6a%73%6f%6e\/wp\/v2\/media\/259142"}],"wp:attachment":[{"href":"https:\/\/informelitoral.com.ar\/%77%70%2d%6a%73%6f%6e\/wp\/v2\/media?parent=259141"}],"wp:term":[{"taxonomy":"category","embeddable":true,"href":"https:\/\/informelitoral.com.ar\/%77%70%2d%6a%73%6f%6e\/wp\/v2\/categories?post=259141"},{"taxonomy":"post_tag","embeddable":true,"href":"https:\/\/informelitoral.com.ar\/%77%70%2d%6a%73%6f%6e\/wp\/v2\/tags?post=259141"}],"curies":[{"name":"wp","href":"https:\/\/api.w.org\/{rel}","templated":true}]}}