{"id":259134,"date":"2026-04-30T09:08:54","date_gmt":"2026-04-30T12:08:54","guid":{"rendered":"https:\/\/informelitoral.com.ar\/?p=259134"},"modified":"2026-05-01T09:12:21","modified_gmt":"2026-05-01T12:12:21","slug":"diputados-brindo-una-capacitacion-sobre-inteligencia-artificial-aplicada-al-trabajo-parlamentario","status":"publish","type":"post","link":"https:\/\/informelitoral.com.ar\/diputados-brindo-una-capacitacion-sobre-inteligencia-artificial-aplicada-al-trabajo-parlamentario\/","title":{"rendered":"Diputados brind\u00f3 una capacitaci\u00f3n sobre Inteligencia Artificial aplicada al trabajo parlamentario"},"content":{"rendered":"<p>La C\u00e1mara de Diputados de Entre R\u00edos, a trav\u00e9s de la Direcci\u00f3n de Capacitaci\u00f3n Permanente, impuls\u00f3 la Jornada de Capacitaci\u00f3n en herramientas de Inteligencia Artificial \u00abConstruyendo Paradigmas amigables\u00bb, una iniciativa dirigida al personal de la C\u00e1mara para favorecer, mejorar la eficiencia y precisi\u00f3n de las tareas de la funci\u00f3n legislativa.<\/p>\n<p>La actividad se realiz\u00f3 bajo una modalidad h\u00edbrida en el recinto parlamentario, con la presencia de la secretaria de la C\u00e1mara<strong> Julia Garioni;<\/strong> el prosecretario,<strong> Lucas Ull\u00faa<\/strong>; la intervenci\u00f3n a trav\u00e9s de la plataforma Zoom de la diputada <strong>Noelia Taborda<\/strong> y dem\u00e1s autoridades. Adem\u00e1s cont\u00f3 con la interpretaci\u00f3n del equipo de Lengua de Se\u00f1as Argentina del cuerpo.<\/p>\n<p>Ull\u00faa, al hacer uso de la palabra, agradeci\u00f3 la gesti\u00f3n de la Direcci\u00f3n de Capacitaci\u00f3n Permanente por fomentar espacios de aprendizaje y construcci\u00f3n de nuevos conocimientos. En ese marco enfatiz\u00f3: \u201cQuiero trasladarles el saludo del presidente de la C\u00e1mara, Gustavo Hein, quien se comprometi\u00f3 a asistir a la segunda jornada del taller\u201d.<\/p>\n<p>El plantel de capacitadores estuvo conformado por el Licenciado en Comunicaci\u00f3n, <strong>Mauro Alcaraz<\/strong>, quien se desempe\u00f1a como educador a distancia de la Universidad Tecnol\u00f3gica Nacional (UTN), regional Paran\u00e1 y de la Coordinaci\u00f3n de Ciencia, Tecnolog\u00eda e Innovaci\u00f3n Pedag\u00f3gica del Consejo General de Educaci\u00f3n (CGE); y la integrante del equipo del Portal Aprender, <strong>Magister Alfonsina Fern\u00e1ndez.<\/strong><\/p>\n<p>El docente present\u00f3 el taller en diferentes segmentos tem\u00e1ticos, tales como la generaci\u00f3n de contenidos, el cruce de fuentes de informaci\u00f3n y las posibilidades de los diferentes tipos de Inteligencias Artificiales. Con esta propuesta, la C\u00e1mara busca comprender los modos de funcionamiento de las nuevas tecnolog\u00edas y con esa premisa, alcanzar el fortalecimiento de los equipos de trabajo en las instituciones p\u00fablicas.<\/p>\n<p>La segunda jornada de capacitaci\u00f3n tendr\u00e1 lugar el 6 de mayo.<\/p>\n<h6><em><strong>Del archivo:\u00a0<a href=\"https:\/\/informelitoral.com.ar\/para-el-inta-el-nuevo-regimen-de-inversiones-permitira-triplicar-el-area-de-riego-en-argentina\/\" target=\"_blank\" rel=\"noopener\">Para el INTA, el nuevo r\u00e9gimen de inversiones permitir\u00e1 triplicar el \u00e1rea de riego en Argentina<\/a><\/strong><\/em><\/h6>\n","protected":false},"excerpt":{"rendered":"<p>El taller, dictado por personal del CGE, abord\u00f3 las potencialidades y limitaciones de la herramienta en la labor legislativa. La jornada de formaci\u00f3n, que cont\u00f3 con la organizaci\u00f3n de la Direcci\u00f3n de Capacitaci\u00f3n Permanente, estuvo destinada a empleados de diferentes \u00e1reas de la C\u00e1mara.<\/p>\n","protected":false},"author":2,"featured_media":259135,"comment_status":"open","ping_status":"open","sticky":false,"template":"","format":"standard","meta":{"fifu_image_url":"https:\/\/www.hcder.gov.ar\/archivosDownload\/fotosNoticias\/1971_5275.jpg","fifu_image_alt":"","footnotes":""},"categories":[16],"tags":[3627,196,287],"class_list":{"0":"post-259134","1":"post","2":"type-post","3":"status-publish","4":"format-standard","5":"has-post-thumbnail","7":"category-politi","8":"tag-camara-de-diputados","9":"tag-diputados","10":"tag-legislativas"},"yoast_head":"<title>Diputados brind\u00f3 una capacitaci\u00f3n sobre Inteligencia Artificial aplicada al trabajo parlamentario - Informe Litoral<\/title>\n<meta name=\"robots\" content=\"index, follow, max-snippet:-1, max-image-preview:large, max-video-preview:-1\" \/>\n<link rel=\"canonical\" href=\"https:\/\/informelitoral.com.ar\/diputados-brindo-una-capacitacion-sobre-inteligencia-artificial-aplicada-al-trabajo-parlamentario\/\" \/>\n<meta property=\"og:locale\" content=\"es_ES\" \/>\n<meta property=\"og:type\" content=\"article\" \/>\n<meta property=\"og:title\" content=\"Diputados brind\u00f3 una capacitaci\u00f3n sobre Inteligencia Artificial aplicada al trabajo parlamentario - Informe Litoral\" \/>\n<meta property=\"og:description\" content=\"El taller, dictado por personal del CGE, abord\u00f3 las potencialidades y limitaciones de la herramienta en la labor legislativa. La jornada de formaci\u00f3n, que cont\u00f3 con la organizaci\u00f3n de la Direcci\u00f3n de Capacitaci\u00f3n Permanente, estuvo destinada a empleados de diferentes \u00e1reas de la C\u00e1mara.\" \/>\n<meta property=\"og:url\" content=\"https:\/\/informelitoral.com.ar\/diputados-brindo-una-capacitacion-sobre-inteligencia-artificial-aplicada-al-trabajo-parlamentario\/\" \/>\n<meta property=\"og:site_name\" content=\"Informe Litoral\" \/>\n<meta property=\"article:publisher\" content=\"https:\/\/www.facebook.com\/informelitoral\/\" \/>\n<meta property=\"article:published_time\" content=\"2026-04-30T12:08:54+00:00\" \/>\n<meta property=\"article:modified_time\" content=\"2026-05-01T12:12:21+00:00\" \/>\n<meta property=\"og:image\" content=\"https:\/\/www.hcder.gov.ar\/archivosDownload\/fotosNoticias\/1971_5275.jpg\" \/>\n<meta name=\"author\" content=\"Gonzalo Schmidt\" \/>\n<meta name=\"twitter:card\" content=\"summary_large_image\" \/>\n<meta name=\"twitter:image\" content=\"https:\/\/www.hcder.gov.ar\/archivosDownload\/fotosNoticias\/1971_5275.jpg\" \/>\n<meta name=\"twitter:creator\" content=\"@InformeLitoral\" \/>\n<meta name=\"twitter:site\" content=\"@InformeLitoral\" \/>\n<meta name=\"twitter:label1\" content=\"Escrito por\" \/>\n\t<meta name=\"twitter:data1\" content=\"Gonzalo Schmidt\" \/>\n\t<meta name=\"twitter:label2\" content=\"Tiempo de lectura\" \/>\n\t<meta name=\"twitter:data2\" content=\"2 minutos\" \/>\n<script type=\"application\/ld+json\" class=\"yoast-schema-graph\">{\"@context\":\"https:\\\/\\\/schema.org\",\"@graph\":[{\"@type\":\"Article\",\"@id\":\"https:\\\/\\\/informelitoral.com.ar\\\/diputados-brindo-una-capacitacion-sobre-inteligencia-artificial-aplicada-al-trabajo-parlamentario\\\/#article\",\"isPartOf\":{\"@id\":\"https:\\\/\\\/informelitoral.com.ar\\\/diputados-brindo-una-capacitacion-sobre-inteligencia-artificial-aplicada-al-trabajo-parlamentario\\\/\"},\"author\":{\"name\":\"Gonzalo Schmidt\",\"@id\":\"https:\\\/\\\/informelitoral.com.ar\\\/#\\\/schema\\\/person\\\/b9d00407c836482871ef1d57bf8e3180\"},\"headline\":\"Diputados brind\u00f3 una capacitaci\u00f3n sobre Inteligencia Artificial aplicada al trabajo parlamentario\",\"datePublished\":\"2026-04-30T12:08:54+00:00\",\"dateModified\":\"2026-05-01T12:12:21+00:00\",\"mainEntityOfPage\":{\"@id\":\"https:\\\/\\\/informelitoral.com.ar\\\/diputados-brindo-una-capacitacion-sobre-inteligencia-artificial-aplicada-al-trabajo-parlamentario\\\/\"},\"wordCount\":357,\"commentCount\":0,\"publisher\":{\"@id\":\"https:\\\/\\\/informelitoral.com.ar\\\/#organization\"},\"image\":{\"@id\":\"https:\\\/\\\/informelitoral.com.ar\\\/diputados-brindo-una-capacitacion-sobre-inteligencia-artificial-aplicada-al-trabajo-parlamentario\\\/#primaryimage\"},\"thumbnailUrl\":\"https:\\\/\\\/www.hcder.gov.ar\\\/archivosDownload\\\/fotosNoticias\\\/1971_5275.jpg\",\"keywords\":[\"C\u00e1mara de Diputados\",\"Diputados\",\"Legislativas\"],\"articleSection\":[\"Politica\"],\"inLanguage\":\"es\",\"potentialAction\":[{\"@type\":\"CommentAction\",\"name\":\"Comment\",\"target\":[\"https:\\\/\\\/informelitoral.com.ar\\\/diputados-brindo-una-capacitacion-sobre-inteligencia-artificial-aplicada-al-trabajo-parlamentario\\\/#respond\"]}]},{\"@type\":\"WebPage\",\"@id\":\"https:\\\/\\\/informelitoral.com.ar\\\/diputados-brindo-una-capacitacion-sobre-inteligencia-artificial-aplicada-al-trabajo-parlamentario\\\/\",\"url\":\"https:\\\/\\\/informelitoral.com.ar\\\/diputados-brindo-una-capacitacion-sobre-inteligencia-artificial-aplicada-al-trabajo-parlamentario\\\/\",\"name\":\"Diputados brind\u00f3 una capacitaci\u00f3n sobre Inteligencia Artificial aplicada al trabajo parlamentario - Informe Litoral\",\"isPartOf\":{\"@id\":\"https:\\\/\\\/informelitoral.com.ar\\\/#website\"},\"primaryImageOfPage\":{\"@id\":\"https:\\\/\\\/informelitoral.com.ar\\\/diputados-brindo-una-capacitacion-sobre-inteligencia-artificial-aplicada-al-trabajo-parlamentario\\\/#primaryimage\"},\"image\":{\"@id\":\"https:\\\/\\\/informelitoral.com.ar\\\/diputados-brindo-una-capacitacion-sobre-inteligencia-artificial-aplicada-al-trabajo-parlamentario\\\/#primaryimage\"},\"thumbnailUrl\":\"https:\\\/\\\/www.hcder.gov.ar\\\/archivosDownload\\\/fotosNoticias\\\/1971_5275.jpg\",\"datePublished\":\"2026-04-30T12:08:54+00:00\",\"dateModified\":\"2026-05-01T12:12:21+00:00\",\"breadcrumb\":{\"@id\":\"https:\\\/\\\/informelitoral.com.ar\\\/diputados-brindo-una-capacitacion-sobre-inteligencia-artificial-aplicada-al-trabajo-parlamentario\\\/#breadcrumb\"},\"inLanguage\":\"es\",\"potentialAction\":[{\"@type\":\"ReadAction\",\"target\":[\"https:\\\/\\\/informelitoral.com.ar\\\/diputados-brindo-una-capacitacion-sobre-inteligencia-artificial-aplicada-al-trabajo-parlamentario\\\/\"]}]},{\"@type\":\"ImageObject\",\"inLanguage\":\"es\",\"@id\":\"https:\\\/\\\/informelitoral.com.ar\\\/diputados-brindo-una-capacitacion-sobre-inteligencia-artificial-aplicada-al-trabajo-parlamentario\\\/#primaryimage\",\"url\":\"https:\\\/\\\/www.hcder.gov.ar\\\/archivosDownload\\\/fotosNoticias\\\/1971_5275.jpg\",\"contentUrl\":\"https:\\\/\\\/www.hcder.gov.ar\\\/archivosDownload\\\/fotosNoticias\\\/1971_5275.jpg\",\"width\":\"960\",\"height\":\"768\"},{\"@type\":\"BreadcrumbList\",\"@id\":\"https:\\\/\\\/informelitoral.com.ar\\\/diputados-brindo-una-capacitacion-sobre-inteligencia-artificial-aplicada-al-trabajo-parlamentario\\\/#breadcrumb\",\"itemListElement\":[{\"@type\":\"ListItem\",\"position\":1,\"name\":\"Portada\",\"item\":\"https:\\\/\\\/informelitoral.com.ar\\\/\"},{\"@type\":\"ListItem\",\"position\":2,\"name\":\"Diputados brind\u00f3 una capacitaci\u00f3n sobre Inteligencia Artificial aplicada al trabajo parlamentario\"}]},{\"@type\":\"WebSite\",\"@id\":\"https:\\\/\\\/informelitoral.com.ar\\\/#website\",\"url\":\"https:\\\/\\\/informelitoral.com.ar\\\/\",\"name\":\"Informe Litoral\",\"description\":\"&quot;Nos informamos&quot; \",\"publisher\":{\"@id\":\"https:\\\/\\\/informelitoral.com.ar\\\/#organization\"},\"potentialAction\":[{\"@type\":\"SearchAction\",\"target\":{\"@type\":\"EntryPoint\",\"urlTemplate\":\"https:\\\/\\\/informelitoral.com.ar\\\/?s={search_term_string}\"},\"query-input\":{\"@type\":\"PropertyValueSpecification\",\"valueRequired\":true,\"valueName\":\"search_term_string\"}}],\"inLanguage\":\"es\"},{\"@type\":\"Organization\",\"@id\":\"https:\\\/\\\/informelitoral.com.ar\\\/#organization\",\"name\":\"Informe Litoral\",\"url\":\"https:\\\/\\\/informelitoral.com.ar\\\/\",\"logo\":{\"@type\":\"ImageObject\",\"inLanguage\":\"es\",\"@id\":\"https:\\\/\\\/informelitoral.com.ar\\\/#\\\/schema\\\/logo\\\/image\\\/\",\"url\":\"https:\\\/\\\/informelitoral.com.ar\\\/%77%70%2d%63%6f%6e%74%65%6e%74\\\/uploads\\\/2021\\\/01\\\/circulo.png\",\"contentUrl\":\"https:\\\/\\\/informelitoral.com.ar\\\/%77%70%2d%63%6f%6e%74%65%6e%74\\\/uploads\\\/2021\\\/01\\\/circulo.png\",\"width\":723,\"height\":731,\"caption\":\"Informe Litoral\"},\"image\":{\"@id\":\"https:\\\/\\\/informelitoral.com.ar\\\/#\\\/schema\\\/logo\\\/image\\\/\"},\"sameAs\":[\"https:\\\/\\\/www.facebook.com\\\/informelitoral\\\/\",\"https:\\\/\\\/x.com\\\/InformeLitoral\",\"https:\\\/\\\/www.instagram.com\\\/informelitoral\\\/\",\"https:\\\/\\\/www.youtube.com\\\/channel\\\/UCua4Qvz8Icb6MYqhoq9xLXw\"]},{\"@type\":\"Person\",\"@id\":\"https:\\\/\\\/informelitoral.com.ar\\\/#\\\/schema\\\/person\\\/b9d00407c836482871ef1d57bf8e3180\",\"name\":\"Gonzalo Schmidt\",\"image\":{\"@type\":\"ImageObject\",\"inLanguage\":\"es\",\"@id\":\"https:\\\/\\\/secure.gravatar.com\\\/avatar\\\/31a1a7b66ff2de83bd0e9fd79d026630d2d99e55e8bfe501287647b4fd9743de?s=96&d=mm&r=g\",\"url\":\"https:\\\/\\\/secure.gravatar.com\\\/avatar\\\/31a1a7b66ff2de83bd0e9fd79d026630d2d99e55e8bfe501287647b4fd9743de?s=96&d=mm&r=g\",\"contentUrl\":\"https:\\\/\\\/secure.gravatar.com\\\/avatar\\\/31a1a7b66ff2de83bd0e9fd79d026630d2d99e55e8bfe501287647b4fd9743de?s=96&d=mm&r=g\",\"caption\":\"Gonzalo Schmidt\"},\"description\":\"Sitio web de noticias de la provincia de Entre R\u00edos, Argentina. Informaci\u00f3n y entretenimiento. Informe Litoral, nos informamos.\",\"sameAs\":[\"http:\\\/\\\/www.isletasnoticias.com.ar\"],\"url\":\"https:\\\/\\\/informelitoral.com.ar\\\/author\\\/gonzalo\\\/\"}]}<\/script>","yoast_head_json":{"title":"Diputados brind\u00f3 una capacitaci\u00f3n sobre Inteligencia Artificial aplicada al trabajo parlamentario - Informe Litoral","robots":{"index":"index","follow":"follow","max-snippet":"max-snippet:-1","max-image-preview":"max-image-preview:large","max-video-preview":"max-video-preview:-1"},"canonical":"https:\/\/informelitoral.com.ar\/diputados-brindo-una-capacitacion-sobre-inteligencia-artificial-aplicada-al-trabajo-parlamentario\/","og_locale":"es_ES","og_type":"article","og_title":"Diputados brind\u00f3 una capacitaci\u00f3n sobre Inteligencia Artificial aplicada al trabajo parlamentario - Informe Litoral","og_description":"El taller, dictado por personal del CGE, abord\u00f3 las potencialidades y limitaciones de la herramienta en la labor legislativa. La jornada de formaci\u00f3n, que cont\u00f3 con la organizaci\u00f3n de la Direcci\u00f3n de Capacitaci\u00f3n Permanente, estuvo destinada a empleados de diferentes \u00e1reas de la C\u00e1mara.","og_url":"https:\/\/informelitoral.com.ar\/diputados-brindo-una-capacitacion-sobre-inteligencia-artificial-aplicada-al-trabajo-parlamentario\/","og_site_name":"Informe Litoral","article_publisher":"https:\/\/www.facebook.com\/informelitoral\/","article_published_time":"2026-04-30T12:08:54+00:00","article_modified_time":"2026-05-01T12:12:21+00:00","og_image":[{"url":"https:\/\/www.hcder.gov.ar\/archivosDownload\/fotosNoticias\/1971_5275.jpg","type":"","width":"","height":""}],"author":"Gonzalo Schmidt","twitter_card":"summary_large_image","twitter_image":"https:\/\/www.hcder.gov.ar\/archivosDownload\/fotosNoticias\/1971_5275.jpg","twitter_creator":"@InformeLitoral","twitter_site":"@InformeLitoral","twitter_misc":{"Escrito por":"Gonzalo Schmidt","Tiempo de lectura":"2 minutos"},"schema":{"@context":"https:\/\/schema.org","@graph":[{"@type":"Article","@id":"https:\/\/informelitoral.com.ar\/diputados-brindo-una-capacitacion-sobre-inteligencia-artificial-aplicada-al-trabajo-parlamentario\/#article","isPartOf":{"@id":"https:\/\/informelitoral.com.ar\/diputados-brindo-una-capacitacion-sobre-inteligencia-artificial-aplicada-al-trabajo-parlamentario\/"},"author":{"name":"Gonzalo Schmidt","@id":"https:\/\/informelitoral.com.ar\/#\/schema\/person\/b9d00407c836482871ef1d57bf8e3180"},"headline":"Diputados brind\u00f3 una capacitaci\u00f3n sobre Inteligencia Artificial aplicada al trabajo parlamentario","datePublished":"2026-04-30T12:08:54+00:00","dateModified":"2026-05-01T12:12:21+00:00","mainEntityOfPage":{"@id":"https:\/\/informelitoral.com.ar\/diputados-brindo-una-capacitacion-sobre-inteligencia-artificial-aplicada-al-trabajo-parlamentario\/"},"wordCount":357,"commentCount":0,"publisher":{"@id":"https:\/\/informelitoral.com.ar\/#organization"},"image":{"@id":"https:\/\/informelitoral.com.ar\/diputados-brindo-una-capacitacion-sobre-inteligencia-artificial-aplicada-al-trabajo-parlamentario\/#primaryimage"},"thumbnailUrl":"https:\/\/www.hcder.gov.ar\/archivosDownload\/fotosNoticias\/1971_5275.jpg","keywords":["C\u00e1mara de Diputados","Diputados","Legislativas"],"articleSection":["Politica"],"inLanguage":"es","potentialAction":[{"@type":"CommentAction","name":"Comment","target":["https:\/\/informelitoral.com.ar\/diputados-brindo-una-capacitacion-sobre-inteligencia-artificial-aplicada-al-trabajo-parlamentario\/#respond"]}]},{"@type":"WebPage","@id":"https:\/\/informelitoral.com.ar\/diputados-brindo-una-capacitacion-sobre-inteligencia-artificial-aplicada-al-trabajo-parlamentario\/","url":"https:\/\/informelitoral.com.ar\/diputados-brindo-una-capacitacion-sobre-inteligencia-artificial-aplicada-al-trabajo-parlamentario\/","name":"Diputados brind\u00f3 una capacitaci\u00f3n sobre Inteligencia Artificial aplicada al trabajo parlamentario - Informe Litoral","isPartOf":{"@id":"https:\/\/informelitoral.com.ar\/#website"},"primaryImageOfPage":{"@id":"https:\/\/informelitoral.com.ar\/diputados-brindo-una-capacitacion-sobre-inteligencia-artificial-aplicada-al-trabajo-parlamentario\/#primaryimage"},"image":{"@id":"https:\/\/informelitoral.com.ar\/diputados-brindo-una-capacitacion-sobre-inteligencia-artificial-aplicada-al-trabajo-parlamentario\/#primaryimage"},"thumbnailUrl":"https:\/\/www.hcder.gov.ar\/archivosDownload\/fotosNoticias\/1971_5275.jpg","datePublished":"2026-04-30T12:08:54+00:00","dateModified":"2026-05-01T12:12:21+00:00","breadcrumb":{"@id":"https:\/\/informelitoral.com.ar\/diputados-brindo-una-capacitacion-sobre-inteligencia-artificial-aplicada-al-trabajo-parlamentario\/#breadcrumb"},"inLanguage":"es","potentialAction":[{"@type":"ReadAction","target":["https:\/\/informelitoral.com.ar\/diputados-brindo-una-capacitacion-sobre-inteligencia-artificial-aplicada-al-trabajo-parlamentario\/"]}]},{"@type":"ImageObject","inLanguage":"es","@id":"https:\/\/informelitoral.com.ar\/diputados-brindo-una-capacitacion-sobre-inteligencia-artificial-aplicada-al-trabajo-parlamentario\/#primaryimage","url":"https:\/\/www.hcder.gov.ar\/archivosDownload\/fotosNoticias\/1971_5275.jpg","contentUrl":"https:\/\/www.hcder.gov.ar\/archivosDownload\/fotosNoticias\/1971_5275.jpg","width":"960","height":"768"},{"@type":"BreadcrumbList","@id":"https:\/\/informelitoral.com.ar\/diputados-brindo-una-capacitacion-sobre-inteligencia-artificial-aplicada-al-trabajo-parlamentario\/#breadcrumb","itemListElement":[{"@type":"ListItem","position":1,"name":"Portada","item":"https:\/\/informelitoral.com.ar\/"},{"@type":"ListItem","position":2,"name":"Diputados brind\u00f3 una capacitaci\u00f3n sobre Inteligencia Artificial aplicada al trabajo parlamentario"}]},{"@type":"WebSite","@id":"https:\/\/informelitoral.com.ar\/#website","url":"https:\/\/informelitoral.com.ar\/","name":"Informe Litoral","description":"&quot;Nos informamos&quot; ","publisher":{"@id":"https:\/\/informelitoral.com.ar\/#organization"},"potentialAction":[{"@type":"SearchAction","target":{"@type":"EntryPoint","urlTemplate":"https:\/\/informelitoral.com.ar\/?s={search_term_string}"},"query-input":{"@type":"PropertyValueSpecification","valueRequired":true,"valueName":"search_term_string"}}],"inLanguage":"es"},{"@type":"Organization","@id":"https:\/\/informelitoral.com.ar\/#organization","name":"Informe Litoral","url":"https:\/\/informelitoral.com.ar\/","logo":{"@type":"ImageObject","inLanguage":"es","@id":"https:\/\/informelitoral.com.ar\/#\/schema\/logo\/image\/","url":"https:\/\/informelitoral.com.ar\/%77%70%2d%63%6f%6e%74%65%6e%74\/uploads\/2021\/01\/circulo.png","contentUrl":"https:\/\/informelitoral.com.ar\/%77%70%2d%63%6f%6e%74%65%6e%74\/uploads\/2021\/01\/circulo.png","width":723,"height":731,"caption":"Informe Litoral"},"image":{"@id":"https:\/\/informelitoral.com.ar\/#\/schema\/logo\/image\/"},"sameAs":["https:\/\/www.facebook.com\/informelitoral\/","https:\/\/x.com\/InformeLitoral","https:\/\/www.instagram.com\/informelitoral\/","https:\/\/www.youtube.com\/channel\/UCua4Qvz8Icb6MYqhoq9xLXw"]},{"@type":"Person","@id":"https:\/\/informelitoral.com.ar\/#\/schema\/person\/b9d00407c836482871ef1d57bf8e3180","name":"Gonzalo Schmidt","image":{"@type":"ImageObject","inLanguage":"es","@id":"https:\/\/secure.gravatar.com\/avatar\/31a1a7b66ff2de83bd0e9fd79d026630d2d99e55e8bfe501287647b4fd9743de?s=96&d=mm&r=g","url":"https:\/\/secure.gravatar.com\/avatar\/31a1a7b66ff2de83bd0e9fd79d026630d2d99e55e8bfe501287647b4fd9743de?s=96&d=mm&r=g","contentUrl":"https:\/\/secure.gravatar.com\/avatar\/31a1a7b66ff2de83bd0e9fd79d026630d2d99e55e8bfe501287647b4fd9743de?s=96&d=mm&r=g","caption":"Gonzalo Schmidt"},"description":"Sitio web de noticias de la provincia de Entre R\u00edos, Argentina. Informaci\u00f3n y entretenimiento. Informe Litoral, nos informamos.","sameAs":["http:\/\/www.isletasnoticias.com.ar"],"url":"https:\/\/informelitoral.com.ar\/author\/gonzalo\/"}]}},"fifu_image_url":"https:\/\/www.hcder.gov.ar\/archivosDownload\/fotosNoticias\/1971_5275.jpg","_links":{"self":[{"href":"https:\/\/informelitoral.com.ar\/%77%70%2d%6a%73%6f%6e\/wp\/v2\/posts\/259134","targetHints":{"allow":["GET"]}}],"collection":[{"href":"https:\/\/informelitoral.com.ar\/%77%70%2d%6a%73%6f%6e\/wp\/v2\/posts"}],"about":[{"href":"https:\/\/informelitoral.com.ar\/%77%70%2d%6a%73%6f%6e\/wp\/v2\/types\/post"}],"author":[{"embeddable":true,"href":"https:\/\/informelitoral.com.ar\/%77%70%2d%6a%73%6f%6e\/wp\/v2\/users\/2"}],"replies":[{"embeddable":true,"href":"https:\/\/informelitoral.com.ar\/%77%70%2d%6a%73%6f%6e\/wp\/v2\/comments?post=259134"}],"version-history":[{"count":1,"href":"https:\/\/informelitoral.com.ar\/%77%70%2d%6a%73%6f%6e\/wp\/v2\/posts\/259134\/revisions"}],"predecessor-version":[{"id":259136,"href":"https:\/\/informelitoral.com.ar\/%77%70%2d%6a%73%6f%6e\/wp\/v2\/posts\/259134\/revisions\/259136"}],"wp:featuredmedia":[{"embeddable":true,"href":"https:\/\/informelitoral.com.ar\/%77%70%2d%6a%73%6f%6e\/wp\/v2\/media\/259135"}],"wp:attachment":[{"href":"https:\/\/informelitoral.com.ar\/%77%70%2d%6a%73%6f%6e\/wp\/v2\/media?parent=259134"}],"wp:term":[{"taxonomy":"category","embeddable":true,"href":"https:\/\/informelitoral.com.ar\/%77%70%2d%6a%73%6f%6e\/wp\/v2\/categories?post=259134"},{"taxonomy":"post_tag","embeddable":true,"href":"https:\/\/informelitoral.com.ar\/%77%70%2d%6a%73%6f%6e\/wp\/v2\/tags?post=259134"}],"curies":[{"name":"wp","href":"https:\/\/api.w.org\/{rel}","templated":true}]}}