{"id":259130,"date":"2026-04-29T09:04:22","date_gmt":"2026-04-29T12:04:22","guid":{"rendered":"https:\/\/informelitoral.com.ar\/?p=259130"},"modified":"2026-05-01T09:08:07","modified_gmt":"2026-05-01T12:08:07","slug":"promueven-un-proyecto-de-ley-que-crea-un-sistema-de-denuncias-digitales","status":"publish","type":"post","link":"https:\/\/informelitoral.com.ar\/promueven-un-proyecto-de-ley-que-crea-un-sistema-de-denuncias-digitales\/","title":{"rendered":"Promueven un proyecto de ley que crea un sistema de denuncias digitales"},"content":{"rendered":"<p>El diputado<strong> Jorge Maier<\/strong> present\u00f3 un proyecto de ley que crea un sistema de denuncias digitales y que entre sus fundamentos responde a la necesidad de \u201cla ciudadan\u00eda de acceder al servicio de justicia y a la Polic\u00eda de Entre R\u00edos cumplir una labor m\u00e1s eficiente\u201d.<\/p>\n<p>En di\u00e1logo con <em>Radio Diputados,<\/em> el legislador plante\u00f3 que la iniciativa busca atender reclamos de la comunidad. \u201cMuchos vecinos desisten de denunciar por temor, dificultades de movilidad o falta de personal en las comisar\u00edas\u201d, advirti\u00f3. Maier destac\u00f3 que el dispositivo no reemplazar\u00e1 la gesti\u00f3n presencial del tr\u00e1mite, sino que incorporar\u00e1 \u201cuna alternativa moderna que garantizar\u00e1 la confidencialidad y la trazabilidad de la informaci\u00f3n\u201d.<\/p>\n<p>El articulado del proyecto -contenido bajo el n\u00famero de Expediente 27.119- estipula que el sistema de denuncias digitales funcionar\u00e1 bajo la \u00f3rbita de la Polic\u00eda de la provincia de Entre R\u00edos y su acceso se realice a trav\u00e9s de su sitio web oficial o mediante una aplicaci\u00f3n m\u00f3vil creada espec\u00edficamente para tal fin.<\/p>\n<p>El formulario de denuncia contar\u00e1 con secciones obligatorias que funcionar\u00e1n como gu\u00eda para el ciudadano, permitiendo detallar las circunstancias de lugar, tiempo y modo de ejecuci\u00f3n del hecho, as\u00ed como la identificaci\u00f3n de posibles autores o testigos.<\/p>\n<p>Adem\u00e1s, la normativa contempla un apartado especial para hechos vinculados al narcotr\u00e1fico, donde el denunciante podr\u00e1 solicitar que se preserve su identidad por motivos fundados.<\/p>\n<h6><em><strong>Del archivo:\u00a0<a href=\"https:\/\/informelitoral.com.ar\/choque-entre-una-camioneta-y-una-moto-en-nogoya-dejo-a-una-joven-con-heridas-graves\/\" target=\"_blank\" rel=\"noopener\">Choque entre una camioneta y una moto en Nogoy\u00e1 dej\u00f3 a una joven con heridas graves<\/a><\/strong><\/em><\/h6>\n","protected":false},"excerpt":{"rendered":"<p>El diputado provincial Jorge Maier propicia un proyecto de ley que busca agilizar la labor de las fuerzas de seguridad y facilitar el acceso a la justicia de la ciudadan\u00eda. Seg\u00fan explic\u00f3, la normativa establece un mecanismo virtual para efectuar presentaciones y la garant\u00eda de confidencialidad del proceso administrativo. Se podr\u00e1 realizar desde cualquier dispositivo con conexi\u00f3n a internet.<\/p>\n","protected":false},"author":2,"featured_media":259131,"comment_status":"open","ping_status":"open","sticky":false,"template":"","format":"standard","meta":{"fifu_image_url":"https:\/\/apfdigital-s3.cdn.net.ar\/s3i233\/2026\/04\/apfdigital\/images\/02\/57\/53\/2575390_a14609691b88b6acacedf48a715b161dce7d7a77602451df6ca7bd58173b710a\/md.webp","fifu_image_alt":"","footnotes":""},"categories":[16],"tags":[3627,4066,196],"class_list":{"0":"post-259130","1":"post","2":"type-post","3":"status-publish","4":"format-standard","5":"has-post-thumbnail","7":"category-politi","8":"tag-camara-de-diputados","9":"tag-denuncias","10":"tag-diputados"},"yoast_head":"<title>Promueven un proyecto de ley que crea un sistema de denuncias digitales - Informe Litoral<\/title>\n<meta name=\"robots\" content=\"index, follow, max-snippet:-1, max-image-preview:large, max-video-preview:-1\" \/>\n<link rel=\"canonical\" href=\"https:\/\/informelitoral.com.ar\/promueven-un-proyecto-de-ley-que-crea-un-sistema-de-denuncias-digitales\/\" \/>\n<meta property=\"og:locale\" content=\"es_ES\" \/>\n<meta property=\"og:type\" content=\"article\" \/>\n<meta property=\"og:title\" content=\"Promueven un proyecto de ley que crea un sistema de denuncias digitales - Informe Litoral\" \/>\n<meta property=\"og:description\" content=\"El diputado provincial Jorge Maier propicia un proyecto de ley que busca agilizar la labor de las fuerzas de seguridad y facilitar el acceso a la justicia de la ciudadan\u00eda. Seg\u00fan explic\u00f3, la normativa establece un mecanismo virtual para efectuar presentaciones y la garant\u00eda de confidencialidad del proceso administrativo. Se podr\u00e1 realizar desde cualquier dispositivo con conexi\u00f3n a internet.\" \/>\n<meta property=\"og:url\" content=\"https:\/\/informelitoral.com.ar\/promueven-un-proyecto-de-ley-que-crea-un-sistema-de-denuncias-digitales\/\" \/>\n<meta property=\"og:site_name\" content=\"Informe Litoral\" \/>\n<meta property=\"article:publisher\" content=\"https:\/\/www.facebook.com\/informelitoral\/\" \/>\n<meta property=\"article:published_time\" content=\"2026-04-29T12:04:22+00:00\" \/>\n<meta property=\"article:modified_time\" content=\"2026-05-01T12:08:07+00:00\" \/>\n<meta property=\"og:image\" content=\"https:\/\/apfdigital-s3.cdn.net.ar\/s3i233\/2026\/04\/apfdigital\/images\/02\/57\/53\/2575390_a14609691b88b6acacedf48a715b161dce7d7a77602451df6ca7bd58173b710a\/md.webp\" \/>\n<meta name=\"author\" content=\"Gonzalo Schmidt\" \/>\n<meta name=\"twitter:card\" content=\"summary_large_image\" \/>\n<meta name=\"twitter:image\" content=\"https:\/\/apfdigital-s3.cdn.net.ar\/s3i233\/2026\/04\/apfdigital\/images\/02\/57\/53\/2575390_a14609691b88b6acacedf48a715b161dce7d7a77602451df6ca7bd58173b710a\/md.webp\" \/>\n<meta name=\"twitter:creator\" content=\"@InformeLitoral\" \/>\n<meta name=\"twitter:site\" content=\"@InformeLitoral\" \/>\n<meta name=\"twitter:label1\" content=\"Escrito por\" \/>\n\t<meta name=\"twitter:data1\" content=\"Gonzalo Schmidt\" \/>\n\t<meta name=\"twitter:label2\" content=\"Tiempo de lectura\" \/>\n\t<meta name=\"twitter:data2\" content=\"2 minutos\" \/>\n<script type=\"application\/ld+json\" class=\"yoast-schema-graph\">{\"@context\":\"https:\\\/\\\/schema.org\",\"@graph\":[{\"@type\":\"Article\",\"@id\":\"https:\\\/\\\/informelitoral.com.ar\\\/promueven-un-proyecto-de-ley-que-crea-un-sistema-de-denuncias-digitales\\\/#article\",\"isPartOf\":{\"@id\":\"https:\\\/\\\/informelitoral.com.ar\\\/promueven-un-proyecto-de-ley-que-crea-un-sistema-de-denuncias-digitales\\\/\"},\"author\":{\"name\":\"Gonzalo Schmidt\",\"@id\":\"https:\\\/\\\/informelitoral.com.ar\\\/#\\\/schema\\\/person\\\/b9d00407c836482871ef1d57bf8e3180\"},\"headline\":\"Promueven un proyecto de ley que crea un sistema de denuncias digitales\",\"datePublished\":\"2026-04-29T12:04:22+00:00\",\"dateModified\":\"2026-05-01T12:08:07+00:00\",\"mainEntityOfPage\":{\"@id\":\"https:\\\/\\\/informelitoral.com.ar\\\/promueven-un-proyecto-de-ley-que-crea-un-sistema-de-denuncias-digitales\\\/\"},\"wordCount\":276,\"commentCount\":0,\"publisher\":{\"@id\":\"https:\\\/\\\/informelitoral.com.ar\\\/#organization\"},\"image\":{\"@id\":\"https:\\\/\\\/informelitoral.com.ar\\\/promueven-un-proyecto-de-ley-que-crea-un-sistema-de-denuncias-digitales\\\/#primaryimage\"},\"thumbnailUrl\":\"https:\\\/\\\/apfdigital-s3.cdn.net.ar\\\/s3i233\\\/2026\\\/04\\\/apfdigital\\\/images\\\/02\\\/57\\\/53\\\/2575390_a14609691b88b6acacedf48a715b161dce7d7a77602451df6ca7bd58173b710a\\\/md.webp\",\"keywords\":[\"C\u00e1mara de Diputados\",\"Denuncias\",\"Diputados\"],\"articleSection\":[\"Politica\"],\"inLanguage\":\"es\",\"potentialAction\":[{\"@type\":\"CommentAction\",\"name\":\"Comment\",\"target\":[\"https:\\\/\\\/informelitoral.com.ar\\\/promueven-un-proyecto-de-ley-que-crea-un-sistema-de-denuncias-digitales\\\/#respond\"]}]},{\"@type\":\"WebPage\",\"@id\":\"https:\\\/\\\/informelitoral.com.ar\\\/promueven-un-proyecto-de-ley-que-crea-un-sistema-de-denuncias-digitales\\\/\",\"url\":\"https:\\\/\\\/informelitoral.com.ar\\\/promueven-un-proyecto-de-ley-que-crea-un-sistema-de-denuncias-digitales\\\/\",\"name\":\"Promueven un proyecto de ley que crea un sistema de denuncias digitales - Informe Litoral\",\"isPartOf\":{\"@id\":\"https:\\\/\\\/informelitoral.com.ar\\\/#website\"},\"primaryImageOfPage\":{\"@id\":\"https:\\\/\\\/informelitoral.com.ar\\\/promueven-un-proyecto-de-ley-que-crea-un-sistema-de-denuncias-digitales\\\/#primaryimage\"},\"image\":{\"@id\":\"https:\\\/\\\/informelitoral.com.ar\\\/promueven-un-proyecto-de-ley-que-crea-un-sistema-de-denuncias-digitales\\\/#primaryimage\"},\"thumbnailUrl\":\"https:\\\/\\\/apfdigital-s3.cdn.net.ar\\\/s3i233\\\/2026\\\/04\\\/apfdigital\\\/images\\\/02\\\/57\\\/53\\\/2575390_a14609691b88b6acacedf48a715b161dce7d7a77602451df6ca7bd58173b710a\\\/md.webp\",\"datePublished\":\"2026-04-29T12:04:22+00:00\",\"dateModified\":\"2026-05-01T12:08:07+00:00\",\"breadcrumb\":{\"@id\":\"https:\\\/\\\/informelitoral.com.ar\\\/promueven-un-proyecto-de-ley-que-crea-un-sistema-de-denuncias-digitales\\\/#breadcrumb\"},\"inLanguage\":\"es\",\"potentialAction\":[{\"@type\":\"ReadAction\",\"target\":[\"https:\\\/\\\/informelitoral.com.ar\\\/promueven-un-proyecto-de-ley-que-crea-un-sistema-de-denuncias-digitales\\\/\"]}]},{\"@type\":\"ImageObject\",\"inLanguage\":\"es\",\"@id\":\"https:\\\/\\\/informelitoral.com.ar\\\/promueven-un-proyecto-de-ley-que-crea-un-sistema-de-denuncias-digitales\\\/#primaryimage\",\"url\":\"https:\\\/\\\/apfdigital-s3.cdn.net.ar\\\/s3i233\\\/2026\\\/04\\\/apfdigital\\\/images\\\/02\\\/57\\\/53\\\/2575390_a14609691b88b6acacedf48a715b161dce7d7a77602451df6ca7bd58173b710a\\\/md.webp\",\"contentUrl\":\"https:\\\/\\\/apfdigital-s3.cdn.net.ar\\\/s3i233\\\/2026\\\/04\\\/apfdigital\\\/images\\\/02\\\/57\\\/53\\\/2575390_a14609691b88b6acacedf48a715b161dce7d7a77602451df6ca7bd58173b710a\\\/md.webp\",\"width\":\"992\",\"height\":\"581\"},{\"@type\":\"BreadcrumbList\",\"@id\":\"https:\\\/\\\/informelitoral.com.ar\\\/promueven-un-proyecto-de-ley-que-crea-un-sistema-de-denuncias-digitales\\\/#breadcrumb\",\"itemListElement\":[{\"@type\":\"ListItem\",\"position\":1,\"name\":\"Portada\",\"item\":\"https:\\\/\\\/informelitoral.com.ar\\\/\"},{\"@type\":\"ListItem\",\"position\":2,\"name\":\"Promueven un proyecto de ley que crea un sistema de denuncias digitales\"}]},{\"@type\":\"WebSite\",\"@id\":\"https:\\\/\\\/informelitoral.com.ar\\\/#website\",\"url\":\"https:\\\/\\\/informelitoral.com.ar\\\/\",\"name\":\"Informe Litoral\",\"description\":\"&quot;Nos informamos&quot; \",\"publisher\":{\"@id\":\"https:\\\/\\\/informelitoral.com.ar\\\/#organization\"},\"potentialAction\":[{\"@type\":\"SearchAction\",\"target\":{\"@type\":\"EntryPoint\",\"urlTemplate\":\"https:\\\/\\\/informelitoral.com.ar\\\/?s={search_term_string}\"},\"query-input\":{\"@type\":\"PropertyValueSpecification\",\"valueRequired\":true,\"valueName\":\"search_term_string\"}}],\"inLanguage\":\"es\"},{\"@type\":\"Organization\",\"@id\":\"https:\\\/\\\/informelitoral.com.ar\\\/#organization\",\"name\":\"Informe Litoral\",\"url\":\"https:\\\/\\\/informelitoral.com.ar\\\/\",\"logo\":{\"@type\":\"ImageObject\",\"inLanguage\":\"es\",\"@id\":\"https:\\\/\\\/informelitoral.com.ar\\\/#\\\/schema\\\/logo\\\/image\\\/\",\"url\":\"https:\\\/\\\/informelitoral.com.ar\\\/%77%70%2d%63%6f%6e%74%65%6e%74\\\/uploads\\\/2021\\\/01\\\/circulo.png\",\"contentUrl\":\"https:\\\/\\\/informelitoral.com.ar\\\/%77%70%2d%63%6f%6e%74%65%6e%74\\\/uploads\\\/2021\\\/01\\\/circulo.png\",\"width\":723,\"height\":731,\"caption\":\"Informe Litoral\"},\"image\":{\"@id\":\"https:\\\/\\\/informelitoral.com.ar\\\/#\\\/schema\\\/logo\\\/image\\\/\"},\"sameAs\":[\"https:\\\/\\\/www.facebook.com\\\/informelitoral\\\/\",\"https:\\\/\\\/x.com\\\/InformeLitoral\",\"https:\\\/\\\/www.instagram.com\\\/informelitoral\\\/\",\"https:\\\/\\\/www.youtube.com\\\/channel\\\/UCua4Qvz8Icb6MYqhoq9xLXw\"]},{\"@type\":\"Person\",\"@id\":\"https:\\\/\\\/informelitoral.com.ar\\\/#\\\/schema\\\/person\\\/b9d00407c836482871ef1d57bf8e3180\",\"name\":\"Gonzalo Schmidt\",\"image\":{\"@type\":\"ImageObject\",\"inLanguage\":\"es\",\"@id\":\"https:\\\/\\\/secure.gravatar.com\\\/avatar\\\/31a1a7b66ff2de83bd0e9fd79d026630d2d99e55e8bfe501287647b4fd9743de?s=96&d=mm&r=g\",\"url\":\"https:\\\/\\\/secure.gravatar.com\\\/avatar\\\/31a1a7b66ff2de83bd0e9fd79d026630d2d99e55e8bfe501287647b4fd9743de?s=96&d=mm&r=g\",\"contentUrl\":\"https:\\\/\\\/secure.gravatar.com\\\/avatar\\\/31a1a7b66ff2de83bd0e9fd79d026630d2d99e55e8bfe501287647b4fd9743de?s=96&d=mm&r=g\",\"caption\":\"Gonzalo Schmidt\"},\"description\":\"Sitio web de noticias de la provincia de Entre R\u00edos, Argentina. Informaci\u00f3n y entretenimiento. Informe Litoral, nos informamos.\",\"sameAs\":[\"http:\\\/\\\/www.isletasnoticias.com.ar\"],\"url\":\"https:\\\/\\\/informelitoral.com.ar\\\/author\\\/gonzalo\\\/\"}]}<\/script>","yoast_head_json":{"title":"Promueven un proyecto de ley que crea un sistema de denuncias digitales - Informe Litoral","robots":{"index":"index","follow":"follow","max-snippet":"max-snippet:-1","max-image-preview":"max-image-preview:large","max-video-preview":"max-video-preview:-1"},"canonical":"https:\/\/informelitoral.com.ar\/promueven-un-proyecto-de-ley-que-crea-un-sistema-de-denuncias-digitales\/","og_locale":"es_ES","og_type":"article","og_title":"Promueven un proyecto de ley que crea un sistema de denuncias digitales - Informe Litoral","og_description":"El diputado provincial Jorge Maier propicia un proyecto de ley que busca agilizar la labor de las fuerzas de seguridad y facilitar el acceso a la justicia de la ciudadan\u00eda. Seg\u00fan explic\u00f3, la normativa establece un mecanismo virtual para efectuar presentaciones y la garant\u00eda de confidencialidad del proceso administrativo. Se podr\u00e1 realizar desde cualquier dispositivo con conexi\u00f3n a internet.","og_url":"https:\/\/informelitoral.com.ar\/promueven-un-proyecto-de-ley-que-crea-un-sistema-de-denuncias-digitales\/","og_site_name":"Informe Litoral","article_publisher":"https:\/\/www.facebook.com\/informelitoral\/","article_published_time":"2026-04-29T12:04:22+00:00","article_modified_time":"2026-05-01T12:08:07+00:00","og_image":[{"url":"https:\/\/apfdigital-s3.cdn.net.ar\/s3i233\/2026\/04\/apfdigital\/images\/02\/57\/53\/2575390_a14609691b88b6acacedf48a715b161dce7d7a77602451df6ca7bd58173b710a\/md.webp","type":"","width":"","height":""}],"author":"Gonzalo Schmidt","twitter_card":"summary_large_image","twitter_image":"https:\/\/apfdigital-s3.cdn.net.ar\/s3i233\/2026\/04\/apfdigital\/images\/02\/57\/53\/2575390_a14609691b88b6acacedf48a715b161dce7d7a77602451df6ca7bd58173b710a\/md.webp","twitter_creator":"@InformeLitoral","twitter_site":"@InformeLitoral","twitter_misc":{"Escrito por":"Gonzalo Schmidt","Tiempo de lectura":"2 minutos"},"schema":{"@context":"https:\/\/schema.org","@graph":[{"@type":"Article","@id":"https:\/\/informelitoral.com.ar\/promueven-un-proyecto-de-ley-que-crea-un-sistema-de-denuncias-digitales\/#article","isPartOf":{"@id":"https:\/\/informelitoral.com.ar\/promueven-un-proyecto-de-ley-que-crea-un-sistema-de-denuncias-digitales\/"},"author":{"name":"Gonzalo Schmidt","@id":"https:\/\/informelitoral.com.ar\/#\/schema\/person\/b9d00407c836482871ef1d57bf8e3180"},"headline":"Promueven un proyecto de ley que crea un sistema de denuncias digitales","datePublished":"2026-04-29T12:04:22+00:00","dateModified":"2026-05-01T12:08:07+00:00","mainEntityOfPage":{"@id":"https:\/\/informelitoral.com.ar\/promueven-un-proyecto-de-ley-que-crea-un-sistema-de-denuncias-digitales\/"},"wordCount":276,"commentCount":0,"publisher":{"@id":"https:\/\/informelitoral.com.ar\/#organization"},"image":{"@id":"https:\/\/informelitoral.com.ar\/promueven-un-proyecto-de-ley-que-crea-un-sistema-de-denuncias-digitales\/#primaryimage"},"thumbnailUrl":"https:\/\/apfdigital-s3.cdn.net.ar\/s3i233\/2026\/04\/apfdigital\/images\/02\/57\/53\/2575390_a14609691b88b6acacedf48a715b161dce7d7a77602451df6ca7bd58173b710a\/md.webp","keywords":["C\u00e1mara de Diputados","Denuncias","Diputados"],"articleSection":["Politica"],"inLanguage":"es","potentialAction":[{"@type":"CommentAction","name":"Comment","target":["https:\/\/informelitoral.com.ar\/promueven-un-proyecto-de-ley-que-crea-un-sistema-de-denuncias-digitales\/#respond"]}]},{"@type":"WebPage","@id":"https:\/\/informelitoral.com.ar\/promueven-un-proyecto-de-ley-que-crea-un-sistema-de-denuncias-digitales\/","url":"https:\/\/informelitoral.com.ar\/promueven-un-proyecto-de-ley-que-crea-un-sistema-de-denuncias-digitales\/","name":"Promueven un proyecto de ley que crea un sistema de denuncias digitales - Informe Litoral","isPartOf":{"@id":"https:\/\/informelitoral.com.ar\/#website"},"primaryImageOfPage":{"@id":"https:\/\/informelitoral.com.ar\/promueven-un-proyecto-de-ley-que-crea-un-sistema-de-denuncias-digitales\/#primaryimage"},"image":{"@id":"https:\/\/informelitoral.com.ar\/promueven-un-proyecto-de-ley-que-crea-un-sistema-de-denuncias-digitales\/#primaryimage"},"thumbnailUrl":"https:\/\/apfdigital-s3.cdn.net.ar\/s3i233\/2026\/04\/apfdigital\/images\/02\/57\/53\/2575390_a14609691b88b6acacedf48a715b161dce7d7a77602451df6ca7bd58173b710a\/md.webp","datePublished":"2026-04-29T12:04:22+00:00","dateModified":"2026-05-01T12:08:07+00:00","breadcrumb":{"@id":"https:\/\/informelitoral.com.ar\/promueven-un-proyecto-de-ley-que-crea-un-sistema-de-denuncias-digitales\/#breadcrumb"},"inLanguage":"es","potentialAction":[{"@type":"ReadAction","target":["https:\/\/informelitoral.com.ar\/promueven-un-proyecto-de-ley-que-crea-un-sistema-de-denuncias-digitales\/"]}]},{"@type":"ImageObject","inLanguage":"es","@id":"https:\/\/informelitoral.com.ar\/promueven-un-proyecto-de-ley-que-crea-un-sistema-de-denuncias-digitales\/#primaryimage","url":"https:\/\/apfdigital-s3.cdn.net.ar\/s3i233\/2026\/04\/apfdigital\/images\/02\/57\/53\/2575390_a14609691b88b6acacedf48a715b161dce7d7a77602451df6ca7bd58173b710a\/md.webp","contentUrl":"https:\/\/apfdigital-s3.cdn.net.ar\/s3i233\/2026\/04\/apfdigital\/images\/02\/57\/53\/2575390_a14609691b88b6acacedf48a715b161dce7d7a77602451df6ca7bd58173b710a\/md.webp","width":"992","height":"581"},{"@type":"BreadcrumbList","@id":"https:\/\/informelitoral.com.ar\/promueven-un-proyecto-de-ley-que-crea-un-sistema-de-denuncias-digitales\/#breadcrumb","itemListElement":[{"@type":"ListItem","position":1,"name":"Portada","item":"https:\/\/informelitoral.com.ar\/"},{"@type":"ListItem","position":2,"name":"Promueven un proyecto de ley que crea un sistema de denuncias digitales"}]},{"@type":"WebSite","@id":"https:\/\/informelitoral.com.ar\/#website","url":"https:\/\/informelitoral.com.ar\/","name":"Informe Litoral","description":"&quot;Nos informamos&quot; ","publisher":{"@id":"https:\/\/informelitoral.com.ar\/#organization"},"potentialAction":[{"@type":"SearchAction","target":{"@type":"EntryPoint","urlTemplate":"https:\/\/informelitoral.com.ar\/?s={search_term_string}"},"query-input":{"@type":"PropertyValueSpecification","valueRequired":true,"valueName":"search_term_string"}}],"inLanguage":"es"},{"@type":"Organization","@id":"https:\/\/informelitoral.com.ar\/#organization","name":"Informe Litoral","url":"https:\/\/informelitoral.com.ar\/","logo":{"@type":"ImageObject","inLanguage":"es","@id":"https:\/\/informelitoral.com.ar\/#\/schema\/logo\/image\/","url":"https:\/\/informelitoral.com.ar\/%77%70%2d%63%6f%6e%74%65%6e%74\/uploads\/2021\/01\/circulo.png","contentUrl":"https:\/\/informelitoral.com.ar\/%77%70%2d%63%6f%6e%74%65%6e%74\/uploads\/2021\/01\/circulo.png","width":723,"height":731,"caption":"Informe Litoral"},"image":{"@id":"https:\/\/informelitoral.com.ar\/#\/schema\/logo\/image\/"},"sameAs":["https:\/\/www.facebook.com\/informelitoral\/","https:\/\/x.com\/InformeLitoral","https:\/\/www.instagram.com\/informelitoral\/","https:\/\/www.youtube.com\/channel\/UCua4Qvz8Icb6MYqhoq9xLXw"]},{"@type":"Person","@id":"https:\/\/informelitoral.com.ar\/#\/schema\/person\/b9d00407c836482871ef1d57bf8e3180","name":"Gonzalo Schmidt","image":{"@type":"ImageObject","inLanguage":"es","@id":"https:\/\/secure.gravatar.com\/avatar\/31a1a7b66ff2de83bd0e9fd79d026630d2d99e55e8bfe501287647b4fd9743de?s=96&d=mm&r=g","url":"https:\/\/secure.gravatar.com\/avatar\/31a1a7b66ff2de83bd0e9fd79d026630d2d99e55e8bfe501287647b4fd9743de?s=96&d=mm&r=g","contentUrl":"https:\/\/secure.gravatar.com\/avatar\/31a1a7b66ff2de83bd0e9fd79d026630d2d99e55e8bfe501287647b4fd9743de?s=96&d=mm&r=g","caption":"Gonzalo Schmidt"},"description":"Sitio web de noticias de la provincia de Entre R\u00edos, Argentina. Informaci\u00f3n y entretenimiento. Informe Litoral, nos informamos.","sameAs":["http:\/\/www.isletasnoticias.com.ar"],"url":"https:\/\/informelitoral.com.ar\/author\/gonzalo\/"}]}},"fifu_image_url":"https:\/\/apfdigital-s3.cdn.net.ar\/s3i233\/2026\/04\/apfdigital\/images\/02\/57\/53\/2575390_a14609691b88b6acacedf48a715b161dce7d7a77602451df6ca7bd58173b710a\/md.webp","_links":{"self":[{"href":"https:\/\/informelitoral.com.ar\/%77%70%2d%6a%73%6f%6e\/wp\/v2\/posts\/259130","targetHints":{"allow":["GET"]}}],"collection":[{"href":"https:\/\/informelitoral.com.ar\/%77%70%2d%6a%73%6f%6e\/wp\/v2\/posts"}],"about":[{"href":"https:\/\/informelitoral.com.ar\/%77%70%2d%6a%73%6f%6e\/wp\/v2\/types\/post"}],"author":[{"embeddable":true,"href":"https:\/\/informelitoral.com.ar\/%77%70%2d%6a%73%6f%6e\/wp\/v2\/users\/2"}],"replies":[{"embeddable":true,"href":"https:\/\/informelitoral.com.ar\/%77%70%2d%6a%73%6f%6e\/wp\/v2\/comments?post=259130"}],"version-history":[{"count":2,"href":"https:\/\/informelitoral.com.ar\/%77%70%2d%6a%73%6f%6e\/wp\/v2\/posts\/259130\/revisions"}],"predecessor-version":[{"id":259133,"href":"https:\/\/informelitoral.com.ar\/%77%70%2d%6a%73%6f%6e\/wp\/v2\/posts\/259130\/revisions\/259133"}],"wp:featuredmedia":[{"embeddable":true,"href":"https:\/\/informelitoral.com.ar\/%77%70%2d%6a%73%6f%6e\/wp\/v2\/media\/259131"}],"wp:attachment":[{"href":"https:\/\/informelitoral.com.ar\/%77%70%2d%6a%73%6f%6e\/wp\/v2\/media?parent=259130"}],"wp:term":[{"taxonomy":"category","embeddable":true,"href":"https:\/\/informelitoral.com.ar\/%77%70%2d%6a%73%6f%6e\/wp\/v2\/categories?post=259130"},{"taxonomy":"post_tag","embeddable":true,"href":"https:\/\/informelitoral.com.ar\/%77%70%2d%6a%73%6f%6e\/wp\/v2\/tags?post=259130"}],"curies":[{"name":"wp","href":"https:\/\/api.w.org\/{rel}","templated":true}]}}