{"id":259127,"date":"2026-04-30T14:12:42","date_gmt":"2026-04-30T17:12:42","guid":{"rendered":"https:\/\/informelitoral.com.ar\/?p=259127"},"modified":"2026-04-30T14:15:39","modified_gmt":"2026-04-30T17:15:39","slug":"ramirez-anunciaron-cambios-en-la-recoleccion-de-residuos-por-el-feriado-del-1o-de-mayo","status":"publish","type":"post","link":"https:\/\/informelitoral.com.ar\/ramirez-anunciaron-cambios-en-la-recoleccion-de-residuos-por-el-feriado-del-1o-de-mayo\/","title":{"rendered":"Ram\u00edrez: anunciaron cambios en la recolecci\u00f3n de residuos por el feriado del 1\u00ba de mayo"},"content":{"rendered":"<p>Con motivo de la conmemoraci\u00f3n del <strong>D\u00eda del Trabajador<\/strong>, la <strong>Municipalidad de General Ram\u00edrez<\/strong> ha dado a conocer el esquema de funcionamiento de los servicios p\u00fablicos para este fin de semana largo. <strong>La Secretar\u00eda de Servicios Urbanos<\/strong> confirm\u00f3 que el cronograma de recolecci\u00f3n de residuos domiciliarios sufrir\u00e1 modificaciones puntuales para permitir el descanso del personal encargado del \u00e1rea.<\/p>\n<p><a href=\"https:\/\/informelitoral.com.ar\/%77%70%2d%63%6f%6e%74%65%6e%74\/uploads\/2022\/05\/Residuos-no-sacar_opt.jpg\"><img loading=\"lazy\" decoding=\"async\" class=\"size-full wp-image-78248 aligncenter\" src=\"https:\/\/informelitoral.com.ar\/%77%70%2d%63%6f%6e%74%65%6e%74\/uploads\/2022\/05\/Residuos-no-sacar_opt.jpg\" alt=\"\" width=\"700\" height=\"450\" srcset=\"https:\/\/informelitoral.com.ar\/%77%70%2d%63%6f%6e%74%65%6e%74\/uploads\/2022\/05\/Residuos-no-sacar_opt.jpg 700w, https:\/\/informelitoral.com.ar\/%77%70%2d%63%6f%6e%74%65%6e%74\/uploads\/2022\/05\/Residuos-no-sacar_opt-300x193.jpg 300w, https:\/\/informelitoral.com.ar\/%77%70%2d%63%6f%6e%74%65%6e%74\/uploads\/2022\/05\/Residuos-no-sacar_opt-696x447.jpg 696w, https:\/\/informelitoral.com.ar\/%77%70%2d%63%6f%6e%74%65%6e%74\/uploads\/2022\/05\/Residuos-no-sacar_opt-653x420.jpg 653w\" sizes=\"auto, (max-width: 700px) 100vw, 700px\" \/><\/a><\/p>\n<p>De acuerdo al comunicado oficial emitido por las autoridades locales, este<strong> viernes 1\u00b0 de mayo<\/strong> no habr\u00e1 servicio de recolecci\u00f3n en ninguna zona de la ciudad. Por este motivo, se solicita encarecidamente a la poblaci\u00f3n evitar el retiro de bolsas de residuos a la v\u00eda p\u00fablica durante esa jornada, con el fin de mantener la higiene urbana y evitar que la basura se disperse.Un punto clave del anuncio tiene que ver con los materiales reciclables. Desde el municipio se pidi\u00f3 a los vecinos que conserven los elementos de recolecci\u00f3n diferenciada dentro de sus hogares y reci\u00e9n los saquen el pr\u00f3ximo <strong>martes 5 de mayo<\/strong>, fecha en la que se retomar\u00e1 el circuito habitual para este tipo de desechos.<\/p>\n<h6><em><strong>Te puede interesar:\u00a0<a href=\"https:\/\/informelitoral.com.ar\/general-ramirez-la-nueva-subestacion-electrica-de-enersa-alcanzo-el-95-de-avance\/\" target=\"_blank\" rel=\"noopener\">General Ram\u00edrez: la nueva subestaci\u00f3n el\u00e9ctrica de Enersa alcanz\u00f3 el 95% de avance<\/a><\/strong><\/em><\/h6>\n<p>Por otro lado, se aclar\u00f3 que el <strong>d\u00eda s\u00e1bado 2 de mayo<\/strong> la actividad volver\u00e1 a su cauce normal. Los camiones recolectores realizar\u00e1n sus recorridos en los horarios y zonas habituales, garantizando la regularizaci\u00f3n total del servicio tras el feriado nacional.(<em>Informe Litoral<\/em>)<\/p>\n<h6><strong><em>Te puede interesar:\u00a0<a href=\"https:\/\/informelitoral.com.ar\/isletas-inicia-su-camino-como-comuna-reunion-clave-con-frigerio-y-nuevos-desafios-administrativos\/\" target=\"_blank\" rel=\"noopener\">Isletas inicia su camino como Comuna: reuni\u00f3n clave con Frigerio y nuevos desaf\u00edos administrativos<\/a><\/em><\/strong><\/h6>\n","protected":false},"excerpt":{"rendered":"<p>No habr\u00e1 servicio el viernes y se solicita a los vecinos no sacar los reciclables hasta el martes.<\/p>\n","protected":false},"author":8,"featured_media":75903,"comment_status":"open","ping_status":"open","sticky":false,"template":"","format":"standard","meta":{"fifu_image_url":"","fifu_image_alt":"","footnotes":""},"categories":[5,4586],"tags":[556,5615],"class_list":{"0":"post-259127","1":"post","2":"type-post","3":"status-publish","4":"format-standard","5":"has-post-thumbnail","7":"category-zonales","8":"category-general-ramirez","9":"tag-general-ramirez","10":"tag-recoleccion-de-residuos"},"yoast_head":"<title>Ram\u00edrez: anunciaron cambios en la recolecci\u00f3n de residuos por el feriado del 1\u00ba de mayo - Informe Litoral<\/title>\n<meta name=\"robots\" content=\"index, follow, max-snippet:-1, max-image-preview:large, max-video-preview:-1\" \/>\n<link rel=\"canonical\" href=\"https:\/\/informelitoral.com.ar\/ramirez-anunciaron-cambios-en-la-recoleccion-de-residuos-por-el-feriado-del-1o-de-mayo\/\" \/>\n<meta property=\"og:locale\" content=\"es_ES\" \/>\n<meta property=\"og:type\" content=\"article\" \/>\n<meta property=\"og:title\" content=\"Ram\u00edrez: anunciaron cambios en la recolecci\u00f3n de residuos por el feriado del 1\u00ba de mayo - Informe Litoral\" \/>\n<meta property=\"og:description\" content=\"No habr\u00e1 servicio el viernes y se solicita a los vecinos no sacar los reciclables hasta el martes.\" \/>\n<meta property=\"og:url\" content=\"https:\/\/informelitoral.com.ar\/ramirez-anunciaron-cambios-en-la-recoleccion-de-residuos-por-el-feriado-del-1o-de-mayo\/\" \/>\n<meta property=\"og:site_name\" content=\"Informe Litoral\" \/>\n<meta property=\"article:publisher\" content=\"https:\/\/www.facebook.com\/informelitoral\/\" \/>\n<meta property=\"article:published_time\" content=\"2026-04-30T17:12:42+00:00\" \/>\n<meta property=\"article:modified_time\" content=\"2026-04-30T17:15:39+00:00\" \/>\n<meta property=\"og:image\" content=\"https:\/\/informelitoral.com.ar\/%77%70%2d%63%6f%6e%74%65%6e%74\/uploads\/2022\/04\/municipalidad-gral-ramirez-2022.jpg\" \/>\n\t<meta property=\"og:image:width\" content=\"1600\" \/>\n\t<meta property=\"og:image:height\" content=\"1200\" \/>\n\t<meta property=\"og:image:type\" content=\"image\/jpeg\" \/>\n<meta name=\"author\" content=\"Sebastian\" \/>\n<meta name=\"twitter:card\" content=\"summary_large_image\" \/>\n<meta name=\"twitter:creator\" content=\"@InformeLitoral\" \/>\n<meta name=\"twitter:site\" content=\"@InformeLitoral\" \/>\n<meta name=\"twitter:label1\" content=\"Escrito por\" \/>\n\t<meta name=\"twitter:data1\" content=\"Sebastian\" \/>\n\t<meta name=\"twitter:label2\" content=\"Tiempo de lectura\" \/>\n\t<meta name=\"twitter:data2\" content=\"2 minutos\" \/>\n<script type=\"application\/ld+json\" class=\"yoast-schema-graph\">{\"@context\":\"https:\\\/\\\/schema.org\",\"@graph\":[{\"@type\":\"Article\",\"@id\":\"https:\\\/\\\/informelitoral.com.ar\\\/ramirez-anunciaron-cambios-en-la-recoleccion-de-residuos-por-el-feriado-del-1o-de-mayo\\\/#article\",\"isPartOf\":{\"@id\":\"https:\\\/\\\/informelitoral.com.ar\\\/ramirez-anunciaron-cambios-en-la-recoleccion-de-residuos-por-el-feriado-del-1o-de-mayo\\\/\"},\"author\":{\"name\":\"Sebastian\",\"@id\":\"https:\\\/\\\/informelitoral.com.ar\\\/#\\\/schema\\\/person\\\/f05f9f461677119578717524b127d6d5\"},\"headline\":\"Ram\u00edrez: anunciaron cambios en la recolecci\u00f3n de residuos por el feriado del 1\u00ba de mayo\",\"datePublished\":\"2026-04-30T17:12:42+00:00\",\"dateModified\":\"2026-04-30T17:15:39+00:00\",\"mainEntityOfPage\":{\"@id\":\"https:\\\/\\\/informelitoral.com.ar\\\/ramirez-anunciaron-cambios-en-la-recoleccion-de-residuos-por-el-feriado-del-1o-de-mayo\\\/\"},\"wordCount\":287,\"commentCount\":0,\"publisher\":{\"@id\":\"https:\\\/\\\/informelitoral.com.ar\\\/#organization\"},\"image\":{\"@id\":\"https:\\\/\\\/informelitoral.com.ar\\\/ramirez-anunciaron-cambios-en-la-recoleccion-de-residuos-por-el-feriado-del-1o-de-mayo\\\/#primaryimage\"},\"thumbnailUrl\":\"https:\\\/\\\/informelitoral.com.ar\\\/%77%70%2d%63%6f%6e%74%65%6e%74\\\/uploads\\\/2022\\\/04\\\/municipalidad-gral-ramirez-2022.jpg\",\"keywords\":[\"General Ram\u00edrez\",\"Recolecci\u00f3n de Residuos\"],\"articleSection\":[\"Departamento Diamante\",\"General Ram\u00edrez\"],\"inLanguage\":\"es\",\"potentialAction\":[{\"@type\":\"CommentAction\",\"name\":\"Comment\",\"target\":[\"https:\\\/\\\/informelitoral.com.ar\\\/ramirez-anunciaron-cambios-en-la-recoleccion-de-residuos-por-el-feriado-del-1o-de-mayo\\\/#respond\"]}]},{\"@type\":\"WebPage\",\"@id\":\"https:\\\/\\\/informelitoral.com.ar\\\/ramirez-anunciaron-cambios-en-la-recoleccion-de-residuos-por-el-feriado-del-1o-de-mayo\\\/\",\"url\":\"https:\\\/\\\/informelitoral.com.ar\\\/ramirez-anunciaron-cambios-en-la-recoleccion-de-residuos-por-el-feriado-del-1o-de-mayo\\\/\",\"name\":\"Ram\u00edrez: anunciaron cambios en la recolecci\u00f3n de residuos por el feriado del 1\u00ba de mayo - Informe Litoral\",\"isPartOf\":{\"@id\":\"https:\\\/\\\/informelitoral.com.ar\\\/#website\"},\"primaryImageOfPage\":{\"@id\":\"https:\\\/\\\/informelitoral.com.ar\\\/ramirez-anunciaron-cambios-en-la-recoleccion-de-residuos-por-el-feriado-del-1o-de-mayo\\\/#primaryimage\"},\"image\":{\"@id\":\"https:\\\/\\\/informelitoral.com.ar\\\/ramirez-anunciaron-cambios-en-la-recoleccion-de-residuos-por-el-feriado-del-1o-de-mayo\\\/#primaryimage\"},\"thumbnailUrl\":\"https:\\\/\\\/informelitoral.com.ar\\\/%77%70%2d%63%6f%6e%74%65%6e%74\\\/uploads\\\/2022\\\/04\\\/municipalidad-gral-ramirez-2022.jpg\",\"datePublished\":\"2026-04-30T17:12:42+00:00\",\"dateModified\":\"2026-04-30T17:15:39+00:00\",\"breadcrumb\":{\"@id\":\"https:\\\/\\\/informelitoral.com.ar\\\/ramirez-anunciaron-cambios-en-la-recoleccion-de-residuos-por-el-feriado-del-1o-de-mayo\\\/#breadcrumb\"},\"inLanguage\":\"es\",\"potentialAction\":[{\"@type\":\"ReadAction\",\"target\":[\"https:\\\/\\\/informelitoral.com.ar\\\/ramirez-anunciaron-cambios-en-la-recoleccion-de-residuos-por-el-feriado-del-1o-de-mayo\\\/\"]}]},{\"@type\":\"ImageObject\",\"inLanguage\":\"es\",\"@id\":\"https:\\\/\\\/informelitoral.com.ar\\\/ramirez-anunciaron-cambios-en-la-recoleccion-de-residuos-por-el-feriado-del-1o-de-mayo\\\/#primaryimage\",\"url\":\"https:\\\/\\\/informelitoral.com.ar\\\/%77%70%2d%63%6f%6e%74%65%6e%74\\\/uploads\\\/2022\\\/04\\\/municipalidad-gral-ramirez-2022.jpg\",\"contentUrl\":\"https:\\\/\\\/informelitoral.com.ar\\\/%77%70%2d%63%6f%6e%74%65%6e%74\\\/uploads\\\/2022\\\/04\\\/municipalidad-gral-ramirez-2022.jpg\",\"width\":1600,\"height\":1200},{\"@type\":\"BreadcrumbList\",\"@id\":\"https:\\\/\\\/informelitoral.com.ar\\\/ramirez-anunciaron-cambios-en-la-recoleccion-de-residuos-por-el-feriado-del-1o-de-mayo\\\/#breadcrumb\",\"itemListElement\":[{\"@type\":\"ListItem\",\"position\":1,\"name\":\"Portada\",\"item\":\"https:\\\/\\\/informelitoral.com.ar\\\/\"},{\"@type\":\"ListItem\",\"position\":2,\"name\":\"Ram\u00edrez: anunciaron cambios en la recolecci\u00f3n de residuos por el feriado del 1\u00ba de mayo\"}]},{\"@type\":\"WebSite\",\"@id\":\"https:\\\/\\\/informelitoral.com.ar\\\/#website\",\"url\":\"https:\\\/\\\/informelitoral.com.ar\\\/\",\"name\":\"Informe Litoral\",\"description\":\"&quot;Nos informamos&quot; \",\"publisher\":{\"@id\":\"https:\\\/\\\/informelitoral.com.ar\\\/#organization\"},\"potentialAction\":[{\"@type\":\"SearchAction\",\"target\":{\"@type\":\"EntryPoint\",\"urlTemplate\":\"https:\\\/\\\/informelitoral.com.ar\\\/?s={search_term_string}\"},\"query-input\":{\"@type\":\"PropertyValueSpecification\",\"valueRequired\":true,\"valueName\":\"search_term_string\"}}],\"inLanguage\":\"es\"},{\"@type\":\"Organization\",\"@id\":\"https:\\\/\\\/informelitoral.com.ar\\\/#organization\",\"name\":\"Informe Litoral\",\"url\":\"https:\\\/\\\/informelitoral.com.ar\\\/\",\"logo\":{\"@type\":\"ImageObject\",\"inLanguage\":\"es\",\"@id\":\"https:\\\/\\\/informelitoral.com.ar\\\/#\\\/schema\\\/logo\\\/image\\\/\",\"url\":\"https:\\\/\\\/informelitoral.com.ar\\\/%77%70%2d%63%6f%6e%74%65%6e%74\\\/uploads\\\/2021\\\/01\\\/circulo.png\",\"contentUrl\":\"https:\\\/\\\/informelitoral.com.ar\\\/%77%70%2d%63%6f%6e%74%65%6e%74\\\/uploads\\\/2021\\\/01\\\/circulo.png\",\"width\":723,\"height\":731,\"caption\":\"Informe Litoral\"},\"image\":{\"@id\":\"https:\\\/\\\/informelitoral.com.ar\\\/#\\\/schema\\\/logo\\\/image\\\/\"},\"sameAs\":[\"https:\\\/\\\/www.facebook.com\\\/informelitoral\\\/\",\"https:\\\/\\\/x.com\\\/InformeLitoral\",\"https:\\\/\\\/www.instagram.com\\\/informelitoral\\\/\",\"https:\\\/\\\/www.youtube.com\\\/channel\\\/UCua4Qvz8Icb6MYqhoq9xLXw\"]},{\"@type\":\"Person\",\"@id\":\"https:\\\/\\\/informelitoral.com.ar\\\/#\\\/schema\\\/person\\\/f05f9f461677119578717524b127d6d5\",\"name\":\"Sebastian\",\"image\":{\"@type\":\"ImageObject\",\"inLanguage\":\"es\",\"@id\":\"https:\\\/\\\/secure.gravatar.com\\\/avatar\\\/b71bf7481d447dfb9583c7f2798e7cc64de6efb9067b74633ed8c31059a3bd82?s=96&d=mm&r=g\",\"url\":\"https:\\\/\\\/secure.gravatar.com\\\/avatar\\\/b71bf7481d447dfb9583c7f2798e7cc64de6efb9067b74633ed8c31059a3bd82?s=96&d=mm&r=g\",\"contentUrl\":\"https:\\\/\\\/secure.gravatar.com\\\/avatar\\\/b71bf7481d447dfb9583c7f2798e7cc64de6efb9067b74633ed8c31059a3bd82?s=96&d=mm&r=g\",\"caption\":\"Sebastian\"},\"url\":\"https:\\\/\\\/informelitoral.com.ar\\\/author\\\/sebastian\\\/\"}]}<\/script>","yoast_head_json":{"title":"Ram\u00edrez: anunciaron cambios en la recolecci\u00f3n de residuos por el feriado del 1\u00ba de mayo - Informe Litoral","robots":{"index":"index","follow":"follow","max-snippet":"max-snippet:-1","max-image-preview":"max-image-preview:large","max-video-preview":"max-video-preview:-1"},"canonical":"https:\/\/informelitoral.com.ar\/ramirez-anunciaron-cambios-en-la-recoleccion-de-residuos-por-el-feriado-del-1o-de-mayo\/","og_locale":"es_ES","og_type":"article","og_title":"Ram\u00edrez: anunciaron cambios en la recolecci\u00f3n de residuos por el feriado del 1\u00ba de mayo - Informe Litoral","og_description":"No habr\u00e1 servicio el viernes y se solicita a los vecinos no sacar los reciclables hasta el martes.","og_url":"https:\/\/informelitoral.com.ar\/ramirez-anunciaron-cambios-en-la-recoleccion-de-residuos-por-el-feriado-del-1o-de-mayo\/","og_site_name":"Informe Litoral","article_publisher":"https:\/\/www.facebook.com\/informelitoral\/","article_published_time":"2026-04-30T17:12:42+00:00","article_modified_time":"2026-04-30T17:15:39+00:00","og_image":[{"width":1600,"height":1200,"url":"https:\/\/informelitoral.com.ar\/%77%70%2d%63%6f%6e%74%65%6e%74\/uploads\/2022\/04\/municipalidad-gral-ramirez-2022.jpg","type":"image\/jpeg"}],"author":"Sebastian","twitter_card":"summary_large_image","twitter_creator":"@InformeLitoral","twitter_site":"@InformeLitoral","twitter_misc":{"Escrito por":"Sebastian","Tiempo de lectura":"2 minutos"},"schema":{"@context":"https:\/\/schema.org","@graph":[{"@type":"Article","@id":"https:\/\/informelitoral.com.ar\/ramirez-anunciaron-cambios-en-la-recoleccion-de-residuos-por-el-feriado-del-1o-de-mayo\/#article","isPartOf":{"@id":"https:\/\/informelitoral.com.ar\/ramirez-anunciaron-cambios-en-la-recoleccion-de-residuos-por-el-feriado-del-1o-de-mayo\/"},"author":{"name":"Sebastian","@id":"https:\/\/informelitoral.com.ar\/#\/schema\/person\/f05f9f461677119578717524b127d6d5"},"headline":"Ram\u00edrez: anunciaron cambios en la recolecci\u00f3n de residuos por el feriado del 1\u00ba de mayo","datePublished":"2026-04-30T17:12:42+00:00","dateModified":"2026-04-30T17:15:39+00:00","mainEntityOfPage":{"@id":"https:\/\/informelitoral.com.ar\/ramirez-anunciaron-cambios-en-la-recoleccion-de-residuos-por-el-feriado-del-1o-de-mayo\/"},"wordCount":287,"commentCount":0,"publisher":{"@id":"https:\/\/informelitoral.com.ar\/#organization"},"image":{"@id":"https:\/\/informelitoral.com.ar\/ramirez-anunciaron-cambios-en-la-recoleccion-de-residuos-por-el-feriado-del-1o-de-mayo\/#primaryimage"},"thumbnailUrl":"https:\/\/informelitoral.com.ar\/%77%70%2d%63%6f%6e%74%65%6e%74\/uploads\/2022\/04\/municipalidad-gral-ramirez-2022.jpg","keywords":["General Ram\u00edrez","Recolecci\u00f3n de Residuos"],"articleSection":["Departamento Diamante","General Ram\u00edrez"],"inLanguage":"es","potentialAction":[{"@type":"CommentAction","name":"Comment","target":["https:\/\/informelitoral.com.ar\/ramirez-anunciaron-cambios-en-la-recoleccion-de-residuos-por-el-feriado-del-1o-de-mayo\/#respond"]}]},{"@type":"WebPage","@id":"https:\/\/informelitoral.com.ar\/ramirez-anunciaron-cambios-en-la-recoleccion-de-residuos-por-el-feriado-del-1o-de-mayo\/","url":"https:\/\/informelitoral.com.ar\/ramirez-anunciaron-cambios-en-la-recoleccion-de-residuos-por-el-feriado-del-1o-de-mayo\/","name":"Ram\u00edrez: anunciaron cambios en la recolecci\u00f3n de residuos por el feriado del 1\u00ba de mayo - Informe Litoral","isPartOf":{"@id":"https:\/\/informelitoral.com.ar\/#website"},"primaryImageOfPage":{"@id":"https:\/\/informelitoral.com.ar\/ramirez-anunciaron-cambios-en-la-recoleccion-de-residuos-por-el-feriado-del-1o-de-mayo\/#primaryimage"},"image":{"@id":"https:\/\/informelitoral.com.ar\/ramirez-anunciaron-cambios-en-la-recoleccion-de-residuos-por-el-feriado-del-1o-de-mayo\/#primaryimage"},"thumbnailUrl":"https:\/\/informelitoral.com.ar\/%77%70%2d%63%6f%6e%74%65%6e%74\/uploads\/2022\/04\/municipalidad-gral-ramirez-2022.jpg","datePublished":"2026-04-30T17:12:42+00:00","dateModified":"2026-04-30T17:15:39+00:00","breadcrumb":{"@id":"https:\/\/informelitoral.com.ar\/ramirez-anunciaron-cambios-en-la-recoleccion-de-residuos-por-el-feriado-del-1o-de-mayo\/#breadcrumb"},"inLanguage":"es","potentialAction":[{"@type":"ReadAction","target":["https:\/\/informelitoral.com.ar\/ramirez-anunciaron-cambios-en-la-recoleccion-de-residuos-por-el-feriado-del-1o-de-mayo\/"]}]},{"@type":"ImageObject","inLanguage":"es","@id":"https:\/\/informelitoral.com.ar\/ramirez-anunciaron-cambios-en-la-recoleccion-de-residuos-por-el-feriado-del-1o-de-mayo\/#primaryimage","url":"https:\/\/informelitoral.com.ar\/%77%70%2d%63%6f%6e%74%65%6e%74\/uploads\/2022\/04\/municipalidad-gral-ramirez-2022.jpg","contentUrl":"https:\/\/informelitoral.com.ar\/%77%70%2d%63%6f%6e%74%65%6e%74\/uploads\/2022\/04\/municipalidad-gral-ramirez-2022.jpg","width":1600,"height":1200},{"@type":"BreadcrumbList","@id":"https:\/\/informelitoral.com.ar\/ramirez-anunciaron-cambios-en-la-recoleccion-de-residuos-por-el-feriado-del-1o-de-mayo\/#breadcrumb","itemListElement":[{"@type":"ListItem","position":1,"name":"Portada","item":"https:\/\/informelitoral.com.ar\/"},{"@type":"ListItem","position":2,"name":"Ram\u00edrez: anunciaron cambios en la recolecci\u00f3n de residuos por el feriado del 1\u00ba de mayo"}]},{"@type":"WebSite","@id":"https:\/\/informelitoral.com.ar\/#website","url":"https:\/\/informelitoral.com.ar\/","name":"Informe Litoral","description":"&quot;Nos informamos&quot; ","publisher":{"@id":"https:\/\/informelitoral.com.ar\/#organization"},"potentialAction":[{"@type":"SearchAction","target":{"@type":"EntryPoint","urlTemplate":"https:\/\/informelitoral.com.ar\/?s={search_term_string}"},"query-input":{"@type":"PropertyValueSpecification","valueRequired":true,"valueName":"search_term_string"}}],"inLanguage":"es"},{"@type":"Organization","@id":"https:\/\/informelitoral.com.ar\/#organization","name":"Informe Litoral","url":"https:\/\/informelitoral.com.ar\/","logo":{"@type":"ImageObject","inLanguage":"es","@id":"https:\/\/informelitoral.com.ar\/#\/schema\/logo\/image\/","url":"https:\/\/informelitoral.com.ar\/%77%70%2d%63%6f%6e%74%65%6e%74\/uploads\/2021\/01\/circulo.png","contentUrl":"https:\/\/informelitoral.com.ar\/%77%70%2d%63%6f%6e%74%65%6e%74\/uploads\/2021\/01\/circulo.png","width":723,"height":731,"caption":"Informe Litoral"},"image":{"@id":"https:\/\/informelitoral.com.ar\/#\/schema\/logo\/image\/"},"sameAs":["https:\/\/www.facebook.com\/informelitoral\/","https:\/\/x.com\/InformeLitoral","https:\/\/www.instagram.com\/informelitoral\/","https:\/\/www.youtube.com\/channel\/UCua4Qvz8Icb6MYqhoq9xLXw"]},{"@type":"Person","@id":"https:\/\/informelitoral.com.ar\/#\/schema\/person\/f05f9f461677119578717524b127d6d5","name":"Sebastian","image":{"@type":"ImageObject","inLanguage":"es","@id":"https:\/\/secure.gravatar.com\/avatar\/b71bf7481d447dfb9583c7f2798e7cc64de6efb9067b74633ed8c31059a3bd82?s=96&d=mm&r=g","url":"https:\/\/secure.gravatar.com\/avatar\/b71bf7481d447dfb9583c7f2798e7cc64de6efb9067b74633ed8c31059a3bd82?s=96&d=mm&r=g","contentUrl":"https:\/\/secure.gravatar.com\/avatar\/b71bf7481d447dfb9583c7f2798e7cc64de6efb9067b74633ed8c31059a3bd82?s=96&d=mm&r=g","caption":"Sebastian"},"url":"https:\/\/informelitoral.com.ar\/author\/sebastian\/"}]}},"_links":{"self":[{"href":"https:\/\/informelitoral.com.ar\/%77%70%2d%6a%73%6f%6e\/wp\/v2\/posts\/259127","targetHints":{"allow":["GET"]}}],"collection":[{"href":"https:\/\/informelitoral.com.ar\/%77%70%2d%6a%73%6f%6e\/wp\/v2\/posts"}],"about":[{"href":"https:\/\/informelitoral.com.ar\/%77%70%2d%6a%73%6f%6e\/wp\/v2\/types\/post"}],"author":[{"embeddable":true,"href":"https:\/\/informelitoral.com.ar\/%77%70%2d%6a%73%6f%6e\/wp\/v2\/users\/8"}],"replies":[{"embeddable":true,"href":"https:\/\/informelitoral.com.ar\/%77%70%2d%6a%73%6f%6e\/wp\/v2\/comments?post=259127"}],"version-history":[{"count":2,"href":"https:\/\/informelitoral.com.ar\/%77%70%2d%6a%73%6f%6e\/wp\/v2\/posts\/259127\/revisions"}],"predecessor-version":[{"id":259129,"href":"https:\/\/informelitoral.com.ar\/%77%70%2d%6a%73%6f%6e\/wp\/v2\/posts\/259127\/revisions\/259129"}],"wp:featuredmedia":[{"embeddable":true,"href":"https:\/\/informelitoral.com.ar\/%77%70%2d%6a%73%6f%6e\/wp\/v2\/media\/75903"}],"wp:attachment":[{"href":"https:\/\/informelitoral.com.ar\/%77%70%2d%6a%73%6f%6e\/wp\/v2\/media?parent=259127"}],"wp:term":[{"taxonomy":"category","embeddable":true,"href":"https:\/\/informelitoral.com.ar\/%77%70%2d%6a%73%6f%6e\/wp\/v2\/categories?post=259127"},{"taxonomy":"post_tag","embeddable":true,"href":"https:\/\/informelitoral.com.ar\/%77%70%2d%6a%73%6f%6e\/wp\/v2\/tags?post=259127"}],"curies":[{"name":"wp","href":"https:\/\/api.w.org\/{rel}","templated":true}]}}