{"id":259117,"date":"2026-04-30T13:40:55","date_gmt":"2026-04-30T16:40:55","guid":{"rendered":"https:\/\/informelitoral.com.ar\/?p=259117"},"modified":"2026-04-30T13:43:44","modified_gmt":"2026-04-30T16:43:44","slug":"parana-identificaron-a-dos-sospechosos-tras-una-balacera-contra-una-vivienda","status":"publish","type":"post","link":"https:\/\/informelitoral.com.ar\/parana-identificaron-a-dos-sospechosos-tras-una-balacera-contra-una-vivienda\/","title":{"rendered":"Paran\u00e1: identificaron a dos sospechosos tras una balacera contra una vivienda"},"content":{"rendered":"<p>En horas de la tarde de este mi\u00e9rcoles, se registr\u00f3 un grave episodio de violencia en las inmediaciones de calle<strong> Coco Herbetta<\/strong>, en la zona sur de <strong>Paran\u00e1<\/strong>. Seg\u00fan pudo conocer <em><strong>Informe Litoral,<\/strong><\/em> personal policial intervino en el lugar tras recibir alertas por detonaciones de arma de fuego en la v\u00eda p\u00fablica, lo que deriv\u00f3 en un operativo para resguardar la zona y recolectar evidencia.<\/p>\n<h6><em><strong>Te puede interesar:\u00a0<a href=\"https:\/\/informelitoral.com.ar\/parana-se-escondieron-en-una-casa-y-la-policia-hallo-mas-de-6-kilos-de-marihuana\/\" target=\"_blank\" rel=\"noopener\">Paran\u00e1: se escondieron en una casa y la polic\u00eda hall\u00f3 m\u00e1s de 6 kilos de marihuana<\/a><\/strong><\/em><\/h6>\n<p>De acuerdo a las primeras averiguaciones, dos personas que se encontraban en el domicilio manifestaron que dos sujetos a bordo de una motocicleta pasaron por el frente y abrieron fuego hacia ellos sin mediar palabra, para luego darse a la fuga r\u00e1pidamente. Tras el ataque, los efectivos realizaron un rastrillaje por el sector donde localizaron varias vainas servidas de distintos calibres esparcidas en la calle.<\/p>\n<figure id=\"attachment_249727\" aria-describedby=\"caption-attachment-249727\" style=\"width: 1024px\" class=\"wp-caption aligncenter\"><a href=\"https:\/\/drive.google.com\/thumbnail?id=1XOTusG6t7El13QJ1ajHmRALpIOfU6CZM&amp;sz=w2048\"><img loading=\"lazy\" decoding=\"async\" class=\"wp-image-249727 size-large\" src=\"https:\/\/drive.google.com\/thumbnail?id=1XOTusG6t7El13QJ1ajHmRALpIOfU6CZM&amp;sz=w2048-h2048\" alt=\"\" width=\"1024\" height=\"1024\" \/><\/a><figcaption id=\"caption-attachment-249727\" class=\"wp-caption-text\">Imagen ilustrativa<\/figcaption><\/figure>\n<p>Adem\u00e1s de los casquillos encontrados, se constat\u00f3 que uno de los proyectiles impact\u00f3 en un veh\u00edculo que estaba estacionado frente a la vivienda. Por el hecho, la Polic\u00eda ya logr\u00f3 identificar a los hombres sindicados como autores del ataque. La Fiscal\u00eda en turno tom\u00f3 intervenci\u00f3n inmediata y orden\u00f3 la participaci\u00f3n de la <strong>Direcci\u00f3n de Polic\u00eda Cient\u00edfica<\/strong> para realizar las pericias correspondientes.<\/p>\n<h6><strong><em>Te puede interesar:\u00a0<a href=\"https:\/\/informelitoral.com.ar\/choque-entre-una-camioneta-y-una-moto-en-nogoya-dejo-a-una-joven-con-heridas-graves\/\" target=\"_blank\" rel=\"noopener\">Choque entre una camioneta y una moto en Nogoy\u00e1 dej\u00f3 a una joven con heridas graves<\/a><\/em><\/strong><\/h6>\n","protected":false},"excerpt":{"rendered":"<p>Dos hombres efectuaron disparos en la v\u00eda p\u00fablica e impactaron contra un veh\u00edculo estacionado. <\/p>\n","protected":false},"author":8,"featured_media":259118,"comment_status":"open","ping_status":"open","sticky":false,"template":"","format":"standard","meta":{"fifu_image_url":"","fifu_image_alt":"","footnotes":""},"categories":[14],"tags":[3926,6586,6585,45],"class_list":{"0":"post-259117","1":"post","2":"type-post","3":"status-publish","4":"format-standard","5":"has-post-thumbnail","7":"category-policiales","8":"tag-balacera","9":"tag-hombres","10":"tag-identificados","11":"tag-parana"},"yoast_head":"<title>Paran\u00e1: identificaron a dos sospechosos tras una balacera contra una vivienda - Informe Litoral<\/title>\n<meta name=\"robots\" content=\"index, follow, max-snippet:-1, max-image-preview:large, max-video-preview:-1\" \/>\n<link rel=\"canonical\" href=\"https:\/\/informelitoral.com.ar\/parana-identificaron-a-dos-sospechosos-tras-una-balacera-contra-una-vivienda\/\" \/>\n<meta property=\"og:locale\" content=\"es_ES\" \/>\n<meta property=\"og:type\" content=\"article\" \/>\n<meta property=\"og:title\" content=\"Paran\u00e1: identificaron a dos sospechosos tras una balacera contra una vivienda - Informe Litoral\" \/>\n<meta property=\"og:description\" content=\"Dos hombres efectuaron disparos en la v\u00eda p\u00fablica e impactaron contra un veh\u00edculo estacionado.\" \/>\n<meta property=\"og:url\" content=\"https:\/\/informelitoral.com.ar\/parana-identificaron-a-dos-sospechosos-tras-una-balacera-contra-una-vivienda\/\" \/>\n<meta property=\"og:site_name\" content=\"Informe Litoral\" \/>\n<meta property=\"article:publisher\" content=\"https:\/\/www.facebook.com\/informelitoral\/\" \/>\n<meta property=\"article:published_time\" content=\"2026-04-30T16:40:55+00:00\" \/>\n<meta property=\"article:modified_time\" content=\"2026-04-30T16:43:44+00:00\" \/>\n<meta property=\"og:image\" content=\"https:\/\/drive.google.com\/thumbnail?id=1kgki2t8Wuomq8GZwHezjKu-Vl6WE7l0q&sz=w2048\" \/>\n\t<meta property=\"og:image:width\" content=\"1600\" \/>\n\t<meta property=\"og:image:height\" content=\"774\" \/>\n\t<meta property=\"og:image:type\" content=\"image\/jpeg\" \/>\n<meta name=\"author\" content=\"Sebastian\" \/>\n<meta name=\"twitter:card\" content=\"summary_large_image\" \/>\n<meta name=\"twitter:creator\" content=\"@InformeLitoral\" \/>\n<meta name=\"twitter:site\" content=\"@InformeLitoral\" \/>\n<meta name=\"twitter:label1\" content=\"Escrito por\" \/>\n\t<meta name=\"twitter:data1\" content=\"Sebastian\" \/>\n\t<meta name=\"twitter:label2\" content=\"Tiempo de lectura\" \/>\n\t<meta name=\"twitter:data2\" content=\"2 minutos\" \/>\n<script type=\"application\/ld+json\" class=\"yoast-schema-graph\">{\"@context\":\"https:\\\/\\\/schema.org\",\"@graph\":[{\"@type\":\"Article\",\"@id\":\"https:\\\/\\\/informelitoral.com.ar\\\/parana-identificaron-a-dos-sospechosos-tras-una-balacera-contra-una-vivienda\\\/#article\",\"isPartOf\":{\"@id\":\"https:\\\/\\\/informelitoral.com.ar\\\/parana-identificaron-a-dos-sospechosos-tras-una-balacera-contra-una-vivienda\\\/\"},\"author\":{\"name\":\"Sebastian\",\"@id\":\"https:\\\/\\\/informelitoral.com.ar\\\/#\\\/schema\\\/person\\\/f05f9f461677119578717524b127d6d5\"},\"headline\":\"Paran\u00e1: identificaron a dos sospechosos tras una balacera contra una vivienda\",\"datePublished\":\"2026-04-30T16:40:55+00:00\",\"dateModified\":\"2026-04-30T16:43:44+00:00\",\"mainEntityOfPage\":{\"@id\":\"https:\\\/\\\/informelitoral.com.ar\\\/parana-identificaron-a-dos-sospechosos-tras-una-balacera-contra-una-vivienda\\\/\"},\"wordCount\":264,\"commentCount\":0,\"publisher\":{\"@id\":\"https:\\\/\\\/informelitoral.com.ar\\\/#organization\"},\"image\":{\"@id\":\"https:\\\/\\\/informelitoral.com.ar\\\/parana-identificaron-a-dos-sospechosos-tras-una-balacera-contra-una-vivienda\\\/#primaryimage\"},\"thumbnailUrl\":\"https:\\\/\\\/drive.google.com\\\/thumbnail?id=1kgki2t8Wuomq8GZwHezjKu-Vl6WE7l0q&sz=w2048\",\"keywords\":[\"Balacera\",\"Hombres\",\"Identificados\",\"Paran\u00e1\"],\"articleSection\":[\"Policiales\"],\"inLanguage\":\"es\",\"potentialAction\":[{\"@type\":\"CommentAction\",\"name\":\"Comment\",\"target\":[\"https:\\\/\\\/informelitoral.com.ar\\\/parana-identificaron-a-dos-sospechosos-tras-una-balacera-contra-una-vivienda\\\/#respond\"]}]},{\"@type\":\"WebPage\",\"@id\":\"https:\\\/\\\/informelitoral.com.ar\\\/parana-identificaron-a-dos-sospechosos-tras-una-balacera-contra-una-vivienda\\\/\",\"url\":\"https:\\\/\\\/informelitoral.com.ar\\\/parana-identificaron-a-dos-sospechosos-tras-una-balacera-contra-una-vivienda\\\/\",\"name\":\"Paran\u00e1: identificaron a dos sospechosos tras una balacera contra una vivienda - Informe Litoral\",\"isPartOf\":{\"@id\":\"https:\\\/\\\/informelitoral.com.ar\\\/#website\"},\"primaryImageOfPage\":{\"@id\":\"https:\\\/\\\/informelitoral.com.ar\\\/parana-identificaron-a-dos-sospechosos-tras-una-balacera-contra-una-vivienda\\\/#primaryimage\"},\"image\":{\"@id\":\"https:\\\/\\\/informelitoral.com.ar\\\/parana-identificaron-a-dos-sospechosos-tras-una-balacera-contra-una-vivienda\\\/#primaryimage\"},\"thumbnailUrl\":\"https:\\\/\\\/drive.google.com\\\/thumbnail?id=1kgki2t8Wuomq8GZwHezjKu-Vl6WE7l0q&sz=w2048\",\"datePublished\":\"2026-04-30T16:40:55+00:00\",\"dateModified\":\"2026-04-30T16:43:44+00:00\",\"breadcrumb\":{\"@id\":\"https:\\\/\\\/informelitoral.com.ar\\\/parana-identificaron-a-dos-sospechosos-tras-una-balacera-contra-una-vivienda\\\/#breadcrumb\"},\"inLanguage\":\"es\",\"potentialAction\":[{\"@type\":\"ReadAction\",\"target\":[\"https:\\\/\\\/informelitoral.com.ar\\\/parana-identificaron-a-dos-sospechosos-tras-una-balacera-contra-una-vivienda\\\/\"]}]},{\"@type\":\"ImageObject\",\"inLanguage\":\"es\",\"@id\":\"https:\\\/\\\/informelitoral.com.ar\\\/parana-identificaron-a-dos-sospechosos-tras-una-balacera-contra-una-vivienda\\\/#primaryimage\",\"url\":\"https:\\\/\\\/drive.google.com\\\/thumbnail?id=1kgki2t8Wuomq8GZwHezjKu-Vl6WE7l0q&sz=w2048\",\"contentUrl\":\"https:\\\/\\\/drive.google.com\\\/thumbnail?id=1kgki2t8Wuomq8GZwHezjKu-Vl6WE7l0q&sz=w2048\",\"width\":1600,\"height\":774},{\"@type\":\"BreadcrumbList\",\"@id\":\"https:\\\/\\\/informelitoral.com.ar\\\/parana-identificaron-a-dos-sospechosos-tras-una-balacera-contra-una-vivienda\\\/#breadcrumb\",\"itemListElement\":[{\"@type\":\"ListItem\",\"position\":1,\"name\":\"Portada\",\"item\":\"https:\\\/\\\/informelitoral.com.ar\\\/\"},{\"@type\":\"ListItem\",\"position\":2,\"name\":\"Paran\u00e1: identificaron a dos sospechosos tras una balacera contra una vivienda\"}]},{\"@type\":\"WebSite\",\"@id\":\"https:\\\/\\\/informelitoral.com.ar\\\/#website\",\"url\":\"https:\\\/\\\/informelitoral.com.ar\\\/\",\"name\":\"Informe Litoral\",\"description\":\"&quot;Nos informamos&quot; \",\"publisher\":{\"@id\":\"https:\\\/\\\/informelitoral.com.ar\\\/#organization\"},\"potentialAction\":[{\"@type\":\"SearchAction\",\"target\":{\"@type\":\"EntryPoint\",\"urlTemplate\":\"https:\\\/\\\/informelitoral.com.ar\\\/?s={search_term_string}\"},\"query-input\":{\"@type\":\"PropertyValueSpecification\",\"valueRequired\":true,\"valueName\":\"search_term_string\"}}],\"inLanguage\":\"es\"},{\"@type\":\"Organization\",\"@id\":\"https:\\\/\\\/informelitoral.com.ar\\\/#organization\",\"name\":\"Informe Litoral\",\"url\":\"https:\\\/\\\/informelitoral.com.ar\\\/\",\"logo\":{\"@type\":\"ImageObject\",\"inLanguage\":\"es\",\"@id\":\"https:\\\/\\\/informelitoral.com.ar\\\/#\\\/schema\\\/logo\\\/image\\\/\",\"url\":\"https:\\\/\\\/informelitoral.com.ar\\\/%77%70%2d%63%6f%6e%74%65%6e%74\\\/uploads\\\/2021\\\/01\\\/circulo.png\",\"contentUrl\":\"https:\\\/\\\/informelitoral.com.ar\\\/%77%70%2d%63%6f%6e%74%65%6e%74\\\/uploads\\\/2021\\\/01\\\/circulo.png\",\"width\":723,\"height\":731,\"caption\":\"Informe Litoral\"},\"image\":{\"@id\":\"https:\\\/\\\/informelitoral.com.ar\\\/#\\\/schema\\\/logo\\\/image\\\/\"},\"sameAs\":[\"https:\\\/\\\/www.facebook.com\\\/informelitoral\\\/\",\"https:\\\/\\\/x.com\\\/InformeLitoral\",\"https:\\\/\\\/www.instagram.com\\\/informelitoral\\\/\",\"https:\\\/\\\/www.youtube.com\\\/channel\\\/UCua4Qvz8Icb6MYqhoq9xLXw\"]},{\"@type\":\"Person\",\"@id\":\"https:\\\/\\\/informelitoral.com.ar\\\/#\\\/schema\\\/person\\\/f05f9f461677119578717524b127d6d5\",\"name\":\"Sebastian\",\"image\":{\"@type\":\"ImageObject\",\"inLanguage\":\"es\",\"@id\":\"https:\\\/\\\/secure.gravatar.com\\\/avatar\\\/b71bf7481d447dfb9583c7f2798e7cc64de6efb9067b74633ed8c31059a3bd82?s=96&d=mm&r=g\",\"url\":\"https:\\\/\\\/secure.gravatar.com\\\/avatar\\\/b71bf7481d447dfb9583c7f2798e7cc64de6efb9067b74633ed8c31059a3bd82?s=96&d=mm&r=g\",\"contentUrl\":\"https:\\\/\\\/secure.gravatar.com\\\/avatar\\\/b71bf7481d447dfb9583c7f2798e7cc64de6efb9067b74633ed8c31059a3bd82?s=96&d=mm&r=g\",\"caption\":\"Sebastian\"},\"url\":\"https:\\\/\\\/informelitoral.com.ar\\\/author\\\/sebastian\\\/\"}]}<\/script>","yoast_head_json":{"title":"Paran\u00e1: identificaron a dos sospechosos tras una balacera contra una vivienda - Informe Litoral","robots":{"index":"index","follow":"follow","max-snippet":"max-snippet:-1","max-image-preview":"max-image-preview:large","max-video-preview":"max-video-preview:-1"},"canonical":"https:\/\/informelitoral.com.ar\/parana-identificaron-a-dos-sospechosos-tras-una-balacera-contra-una-vivienda\/","og_locale":"es_ES","og_type":"article","og_title":"Paran\u00e1: identificaron a dos sospechosos tras una balacera contra una vivienda - Informe Litoral","og_description":"Dos hombres efectuaron disparos en la v\u00eda p\u00fablica e impactaron contra un veh\u00edculo estacionado.","og_url":"https:\/\/informelitoral.com.ar\/parana-identificaron-a-dos-sospechosos-tras-una-balacera-contra-una-vivienda\/","og_site_name":"Informe Litoral","article_publisher":"https:\/\/www.facebook.com\/informelitoral\/","article_published_time":"2026-04-30T16:40:55+00:00","article_modified_time":"2026-04-30T16:43:44+00:00","og_image":[{"width":1600,"height":774,"url":"https:\/\/drive.google.com\/thumbnail?id=1kgki2t8Wuomq8GZwHezjKu-Vl6WE7l0q&sz=w2048","type":"image\/jpeg"}],"author":"Sebastian","twitter_card":"summary_large_image","twitter_creator":"@InformeLitoral","twitter_site":"@InformeLitoral","twitter_misc":{"Escrito por":"Sebastian","Tiempo de lectura":"2 minutos"},"schema":{"@context":"https:\/\/schema.org","@graph":[{"@type":"Article","@id":"https:\/\/informelitoral.com.ar\/parana-identificaron-a-dos-sospechosos-tras-una-balacera-contra-una-vivienda\/#article","isPartOf":{"@id":"https:\/\/informelitoral.com.ar\/parana-identificaron-a-dos-sospechosos-tras-una-balacera-contra-una-vivienda\/"},"author":{"name":"Sebastian","@id":"https:\/\/informelitoral.com.ar\/#\/schema\/person\/f05f9f461677119578717524b127d6d5"},"headline":"Paran\u00e1: identificaron a dos sospechosos tras una balacera contra una vivienda","datePublished":"2026-04-30T16:40:55+00:00","dateModified":"2026-04-30T16:43:44+00:00","mainEntityOfPage":{"@id":"https:\/\/informelitoral.com.ar\/parana-identificaron-a-dos-sospechosos-tras-una-balacera-contra-una-vivienda\/"},"wordCount":264,"commentCount":0,"publisher":{"@id":"https:\/\/informelitoral.com.ar\/#organization"},"image":{"@id":"https:\/\/informelitoral.com.ar\/parana-identificaron-a-dos-sospechosos-tras-una-balacera-contra-una-vivienda\/#primaryimage"},"thumbnailUrl":"https:\/\/drive.google.com\/thumbnail?id=1kgki2t8Wuomq8GZwHezjKu-Vl6WE7l0q&sz=w2048","keywords":["Balacera","Hombres","Identificados","Paran\u00e1"],"articleSection":["Policiales"],"inLanguage":"es","potentialAction":[{"@type":"CommentAction","name":"Comment","target":["https:\/\/informelitoral.com.ar\/parana-identificaron-a-dos-sospechosos-tras-una-balacera-contra-una-vivienda\/#respond"]}]},{"@type":"WebPage","@id":"https:\/\/informelitoral.com.ar\/parana-identificaron-a-dos-sospechosos-tras-una-balacera-contra-una-vivienda\/","url":"https:\/\/informelitoral.com.ar\/parana-identificaron-a-dos-sospechosos-tras-una-balacera-contra-una-vivienda\/","name":"Paran\u00e1: identificaron a dos sospechosos tras una balacera contra una vivienda - Informe Litoral","isPartOf":{"@id":"https:\/\/informelitoral.com.ar\/#website"},"primaryImageOfPage":{"@id":"https:\/\/informelitoral.com.ar\/parana-identificaron-a-dos-sospechosos-tras-una-balacera-contra-una-vivienda\/#primaryimage"},"image":{"@id":"https:\/\/informelitoral.com.ar\/parana-identificaron-a-dos-sospechosos-tras-una-balacera-contra-una-vivienda\/#primaryimage"},"thumbnailUrl":"https:\/\/drive.google.com\/thumbnail?id=1kgki2t8Wuomq8GZwHezjKu-Vl6WE7l0q&sz=w2048","datePublished":"2026-04-30T16:40:55+00:00","dateModified":"2026-04-30T16:43:44+00:00","breadcrumb":{"@id":"https:\/\/informelitoral.com.ar\/parana-identificaron-a-dos-sospechosos-tras-una-balacera-contra-una-vivienda\/#breadcrumb"},"inLanguage":"es","potentialAction":[{"@type":"ReadAction","target":["https:\/\/informelitoral.com.ar\/parana-identificaron-a-dos-sospechosos-tras-una-balacera-contra-una-vivienda\/"]}]},{"@type":"ImageObject","inLanguage":"es","@id":"https:\/\/informelitoral.com.ar\/parana-identificaron-a-dos-sospechosos-tras-una-balacera-contra-una-vivienda\/#primaryimage","url":"https:\/\/drive.google.com\/thumbnail?id=1kgki2t8Wuomq8GZwHezjKu-Vl6WE7l0q&sz=w2048","contentUrl":"https:\/\/drive.google.com\/thumbnail?id=1kgki2t8Wuomq8GZwHezjKu-Vl6WE7l0q&sz=w2048","width":1600,"height":774},{"@type":"BreadcrumbList","@id":"https:\/\/informelitoral.com.ar\/parana-identificaron-a-dos-sospechosos-tras-una-balacera-contra-una-vivienda\/#breadcrumb","itemListElement":[{"@type":"ListItem","position":1,"name":"Portada","item":"https:\/\/informelitoral.com.ar\/"},{"@type":"ListItem","position":2,"name":"Paran\u00e1: identificaron a dos sospechosos tras una balacera contra una vivienda"}]},{"@type":"WebSite","@id":"https:\/\/informelitoral.com.ar\/#website","url":"https:\/\/informelitoral.com.ar\/","name":"Informe Litoral","description":"&quot;Nos informamos&quot; ","publisher":{"@id":"https:\/\/informelitoral.com.ar\/#organization"},"potentialAction":[{"@type":"SearchAction","target":{"@type":"EntryPoint","urlTemplate":"https:\/\/informelitoral.com.ar\/?s={search_term_string}"},"query-input":{"@type":"PropertyValueSpecification","valueRequired":true,"valueName":"search_term_string"}}],"inLanguage":"es"},{"@type":"Organization","@id":"https:\/\/informelitoral.com.ar\/#organization","name":"Informe Litoral","url":"https:\/\/informelitoral.com.ar\/","logo":{"@type":"ImageObject","inLanguage":"es","@id":"https:\/\/informelitoral.com.ar\/#\/schema\/logo\/image\/","url":"https:\/\/informelitoral.com.ar\/%77%70%2d%63%6f%6e%74%65%6e%74\/uploads\/2021\/01\/circulo.png","contentUrl":"https:\/\/informelitoral.com.ar\/%77%70%2d%63%6f%6e%74%65%6e%74\/uploads\/2021\/01\/circulo.png","width":723,"height":731,"caption":"Informe Litoral"},"image":{"@id":"https:\/\/informelitoral.com.ar\/#\/schema\/logo\/image\/"},"sameAs":["https:\/\/www.facebook.com\/informelitoral\/","https:\/\/x.com\/InformeLitoral","https:\/\/www.instagram.com\/informelitoral\/","https:\/\/www.youtube.com\/channel\/UCua4Qvz8Icb6MYqhoq9xLXw"]},{"@type":"Person","@id":"https:\/\/informelitoral.com.ar\/#\/schema\/person\/f05f9f461677119578717524b127d6d5","name":"Sebastian","image":{"@type":"ImageObject","inLanguage":"es","@id":"https:\/\/secure.gravatar.com\/avatar\/b71bf7481d447dfb9583c7f2798e7cc64de6efb9067b74633ed8c31059a3bd82?s=96&d=mm&r=g","url":"https:\/\/secure.gravatar.com\/avatar\/b71bf7481d447dfb9583c7f2798e7cc64de6efb9067b74633ed8c31059a3bd82?s=96&d=mm&r=g","contentUrl":"https:\/\/secure.gravatar.com\/avatar\/b71bf7481d447dfb9583c7f2798e7cc64de6efb9067b74633ed8c31059a3bd82?s=96&d=mm&r=g","caption":"Sebastian"},"url":"https:\/\/informelitoral.com.ar\/author\/sebastian\/"}]}},"_links":{"self":[{"href":"https:\/\/informelitoral.com.ar\/%77%70%2d%6a%73%6f%6e\/wp\/v2\/posts\/259117","targetHints":{"allow":["GET"]}}],"collection":[{"href":"https:\/\/informelitoral.com.ar\/%77%70%2d%6a%73%6f%6e\/wp\/v2\/posts"}],"about":[{"href":"https:\/\/informelitoral.com.ar\/%77%70%2d%6a%73%6f%6e\/wp\/v2\/types\/post"}],"author":[{"embeddable":true,"href":"https:\/\/informelitoral.com.ar\/%77%70%2d%6a%73%6f%6e\/wp\/v2\/users\/8"}],"replies":[{"embeddable":true,"href":"https:\/\/informelitoral.com.ar\/%77%70%2d%6a%73%6f%6e\/wp\/v2\/comments?post=259117"}],"version-history":[{"count":2,"href":"https:\/\/informelitoral.com.ar\/%77%70%2d%6a%73%6f%6e\/wp\/v2\/posts\/259117\/revisions"}],"predecessor-version":[{"id":259120,"href":"https:\/\/informelitoral.com.ar\/%77%70%2d%6a%73%6f%6e\/wp\/v2\/posts\/259117\/revisions\/259120"}],"wp:featuredmedia":[{"embeddable":true,"href":"https:\/\/informelitoral.com.ar\/%77%70%2d%6a%73%6f%6e\/wp\/v2\/media\/259118"}],"wp:attachment":[{"href":"https:\/\/informelitoral.com.ar\/%77%70%2d%6a%73%6f%6e\/wp\/v2\/media?parent=259117"}],"wp:term":[{"taxonomy":"category","embeddable":true,"href":"https:\/\/informelitoral.com.ar\/%77%70%2d%6a%73%6f%6e\/wp\/v2\/categories?post=259117"},{"taxonomy":"post_tag","embeddable":true,"href":"https:\/\/informelitoral.com.ar\/%77%70%2d%6a%73%6f%6e\/wp\/v2\/tags?post=259117"}],"curies":[{"name":"wp","href":"https:\/\/api.w.org\/{rel}","templated":true}]}}