{"id":259097,"date":"2026-04-30T11:27:13","date_gmt":"2026-04-30T14:27:13","guid":{"rendered":"https:\/\/informelitoral.com.ar\/?p=259097"},"modified":"2026-04-30T13:27:39","modified_gmt":"2026-04-30T16:27:39","slug":"entre-rios-busca-que-la-arena-de-vaca-muerta-se-traslade-por-el-puerto-de-ibicuy","status":"publish","type":"post","link":"https:\/\/informelitoral.com.ar\/entre-rios-busca-que-la-arena-de-vaca-muerta-se-traslade-por-el-puerto-de-ibicuy\/","title":{"rendered":"Entre R\u00edos busca que la arena de Vaca Muerta se traslade por el Puerto de Ibicuy"},"content":{"rendered":"<p>El presidente del <strong>Ente Administrador Puerto Ibicuy (EAPI<\/strong>), <strong>Mat\u00edas Regalado<\/strong>, valor\u00f3 la propuesta del ministro de <strong>Desregulaci\u00f3n y Transformaci\u00f3n del Estado<\/strong>,<strong> Federico Sturzenegger<\/strong>, sobre la reforma de la <strong>Ley de Cabotaje<\/strong>. Consider\u00f3 que este planteo nacional coincide con la agenda provincial para liberar la navegaci\u00f3n y potenciar las econom\u00edas regionales.<\/p>\n<p>\u00abVenimos trabajando hace tiempo para que parte de la arena sil\u00edcea que hoy se transporta por cami\u00f3n hacia <strong>Vaca Muerta<\/strong> pueda salir por v\u00eda fluvial desde el Puerto de Ibicuy. Es un proyecto estrat\u00e9gico, porque mejora la competitividad, reduce costos log\u00edsticos y tambi\u00e9n evita el deterioro enorme que sufre la infraestructura vial\u00bb, subray\u00f3.<\/p>\n<h6><em><strong>Del archivo:\u00a0<a href=\"https:\/\/informelitoral.com.ar\/frigerio-y-parte-del-gabinete-recibieron-a-los-jefes-comunales\/\" target=\"_blank\" rel=\"noopener\">Frigerio y parte del gabinete recibieron a los jefes comunales<\/a><\/strong><\/em><\/h6>\n<p>Coment\u00f3 luego que desde el<strong> Ente Administrador Puerto Ibicuy<\/strong> mantuvieron reuniones con el ministro Sturzenegger, donde conversaron sobre la importancia estrat\u00e9gica del Puerto de Ibicuy dentro de un esquema log\u00edstico nacional moderno. \u00abFue una instancia clave para visibilizar el potencial real que tiene Entre R\u00edos en este proceso\u00bb, dijo.<\/p>\n<p>Asimismo, resalt\u00f3 que en la gesti\u00f3n que lleva adelante \u00abes fundamental\u00bb el respaldo del gobernador Rogelio Frigerio; y \u00abla pol\u00edtica portuaria que estamos llevando adelante tiene apoyo real del gobierno provincial. Para transformar un puerto en un motor de desarrollo hace falta gesti\u00f3n, pero tambi\u00e9n decisi\u00f3n pol\u00edtica\u00bb.<\/p>\n<p>Finalmente, celebr\u00f3 la posibilidad de que la provincia ingrese a la<strong> Hidrov\u00eda<\/strong> para dejar de estar al margen y ser protagonista. Proyect\u00f3 a Ibicuy como un puerto central para el futuro del desarrollo nacional, generador de empleo e inversiones.<\/p>\n<h6><em><strong>Te puede interesar:\u00a0<a href=\"https:\/\/informelitoral.com.ar\/general-ramirez-la-nueva-subestacion-electrica-de-enersa-alcanzo-el-95-de-avance\/\" target=\"_blank\" rel=\"noopener\">General Ram\u00edrez: la nueva subestaci\u00f3n el\u00e9ctrica de Enersa alcanz\u00f3 el 95% de avance<\/a><\/strong><\/em><\/h6>\n","protected":false},"excerpt":{"rendered":"<p>El proyecto apunta a reemplazar el transporte en cami\u00f3n por la v\u00eda fluvial para reducir los costos log\u00edsticos y evitar el deterioro de las rutas.<\/p>\n","protected":false},"author":8,"featured_media":259098,"comment_status":"open","ping_status":"open","sticky":false,"template":"","format":"standard","meta":{"fifu_image_url":"","fifu_image_alt":"","footnotes":""},"categories":[6],"tags":[2318,2091,952,476,975],"class_list":{"0":"post-259097","1":"post","2":"type-post","3":"status-publish","4":"format-standard","5":"has-post-thumbnail","7":"category-entre-rios","8":"tag-hidrovia","9":"tag-ibicuy","10":"tag-puerto-ibicuy","11":"tag-transporte","12":"tag-vaca-muerta"},"yoast_head":"<title>Entre R\u00edos busca que la arena de Vaca Muerta se traslade por el Puerto de Ibicuy - Informe Litoral<\/title>\n<meta name=\"robots\" content=\"index, follow, max-snippet:-1, max-image-preview:large, max-video-preview:-1\" \/>\n<link rel=\"canonical\" href=\"https:\/\/informelitoral.com.ar\/entre-rios-busca-que-la-arena-de-vaca-muerta-se-traslade-por-el-puerto-de-ibicuy\/\" \/>\n<meta property=\"og:locale\" content=\"es_ES\" \/>\n<meta property=\"og:type\" content=\"article\" \/>\n<meta property=\"og:title\" content=\"Entre R\u00edos busca que la arena de Vaca Muerta se traslade por el Puerto de Ibicuy - Informe Litoral\" \/>\n<meta property=\"og:description\" content=\"El proyecto apunta a reemplazar el transporte en cami\u00f3n por la v\u00eda fluvial para reducir los costos log\u00edsticos y evitar el deterioro de las rutas.\" \/>\n<meta property=\"og:url\" content=\"https:\/\/informelitoral.com.ar\/entre-rios-busca-que-la-arena-de-vaca-muerta-se-traslade-por-el-puerto-de-ibicuy\/\" \/>\n<meta property=\"og:site_name\" content=\"Informe Litoral\" \/>\n<meta property=\"article:publisher\" content=\"https:\/\/www.facebook.com\/informelitoral\/\" \/>\n<meta property=\"article:published_time\" content=\"2026-04-30T14:27:13+00:00\" \/>\n<meta property=\"article:modified_time\" content=\"2026-04-30T16:27:39+00:00\" \/>\n<meta property=\"og:image\" content=\"https:\/\/drive.google.com\/thumbnail?id=1vHxMp6NQG65rB-7YXUBaDgSb0R8J-zOQ&sz=w2048\" \/>\n\t<meta property=\"og:image:width\" content=\"1564\" \/>\n\t<meta property=\"og:image:height\" content=\"1600\" \/>\n\t<meta property=\"og:image:type\" content=\"image\/jpeg\" \/>\n<meta name=\"author\" content=\"Sebastian\" \/>\n<meta name=\"twitter:card\" content=\"summary_large_image\" \/>\n<meta name=\"twitter:creator\" content=\"@InformeLitoral\" \/>\n<meta name=\"twitter:site\" content=\"@InformeLitoral\" \/>\n<meta name=\"twitter:label1\" content=\"Escrito por\" \/>\n\t<meta name=\"twitter:data1\" content=\"Sebastian\" \/>\n\t<meta name=\"twitter:label2\" content=\"Tiempo de lectura\" \/>\n\t<meta name=\"twitter:data2\" content=\"2 minutos\" \/>\n<script type=\"application\/ld+json\" class=\"yoast-schema-graph\">{\"@context\":\"https:\\\/\\\/schema.org\",\"@graph\":[{\"@type\":\"Article\",\"@id\":\"https:\\\/\\\/informelitoral.com.ar\\\/entre-rios-busca-que-la-arena-de-vaca-muerta-se-traslade-por-el-puerto-de-ibicuy\\\/#article\",\"isPartOf\":{\"@id\":\"https:\\\/\\\/informelitoral.com.ar\\\/entre-rios-busca-que-la-arena-de-vaca-muerta-se-traslade-por-el-puerto-de-ibicuy\\\/\"},\"author\":{\"name\":\"Sebastian\",\"@id\":\"https:\\\/\\\/informelitoral.com.ar\\\/#\\\/schema\\\/person\\\/f05f9f461677119578717524b127d6d5\"},\"headline\":\"Entre R\u00edos busca que la arena de Vaca Muerta se traslade por el Puerto de Ibicuy\",\"datePublished\":\"2026-04-30T14:27:13+00:00\",\"dateModified\":\"2026-04-30T16:27:39+00:00\",\"mainEntityOfPage\":{\"@id\":\"https:\\\/\\\/informelitoral.com.ar\\\/entre-rios-busca-que-la-arena-de-vaca-muerta-se-traslade-por-el-puerto-de-ibicuy\\\/\"},\"wordCount\":306,\"commentCount\":0,\"publisher\":{\"@id\":\"https:\\\/\\\/informelitoral.com.ar\\\/#organization\"},\"image\":{\"@id\":\"https:\\\/\\\/informelitoral.com.ar\\\/entre-rios-busca-que-la-arena-de-vaca-muerta-se-traslade-por-el-puerto-de-ibicuy\\\/#primaryimage\"},\"thumbnailUrl\":\"https:\\\/\\\/drive.google.com\\\/thumbnail?id=1vHxMp6NQG65rB-7YXUBaDgSb0R8J-zOQ&sz=w2048\",\"keywords\":[\"Hidrov\u00eda\",\"Ibicuy\",\"Puerto Ibicuy\",\"Transporte\",\"Vaca Muerta\"],\"articleSection\":[\"Entre R\u00edos\"],\"inLanguage\":\"es\",\"potentialAction\":[{\"@type\":\"CommentAction\",\"name\":\"Comment\",\"target\":[\"https:\\\/\\\/informelitoral.com.ar\\\/entre-rios-busca-que-la-arena-de-vaca-muerta-se-traslade-por-el-puerto-de-ibicuy\\\/#respond\"]}]},{\"@type\":\"WebPage\",\"@id\":\"https:\\\/\\\/informelitoral.com.ar\\\/entre-rios-busca-que-la-arena-de-vaca-muerta-se-traslade-por-el-puerto-de-ibicuy\\\/\",\"url\":\"https:\\\/\\\/informelitoral.com.ar\\\/entre-rios-busca-que-la-arena-de-vaca-muerta-se-traslade-por-el-puerto-de-ibicuy\\\/\",\"name\":\"Entre R\u00edos busca que la arena de Vaca Muerta se traslade por el Puerto de Ibicuy - Informe Litoral\",\"isPartOf\":{\"@id\":\"https:\\\/\\\/informelitoral.com.ar\\\/#website\"},\"primaryImageOfPage\":{\"@id\":\"https:\\\/\\\/informelitoral.com.ar\\\/entre-rios-busca-que-la-arena-de-vaca-muerta-se-traslade-por-el-puerto-de-ibicuy\\\/#primaryimage\"},\"image\":{\"@id\":\"https:\\\/\\\/informelitoral.com.ar\\\/entre-rios-busca-que-la-arena-de-vaca-muerta-se-traslade-por-el-puerto-de-ibicuy\\\/#primaryimage\"},\"thumbnailUrl\":\"https:\\\/\\\/drive.google.com\\\/thumbnail?id=1vHxMp6NQG65rB-7YXUBaDgSb0R8J-zOQ&sz=w2048\",\"datePublished\":\"2026-04-30T14:27:13+00:00\",\"dateModified\":\"2026-04-30T16:27:39+00:00\",\"breadcrumb\":{\"@id\":\"https:\\\/\\\/informelitoral.com.ar\\\/entre-rios-busca-que-la-arena-de-vaca-muerta-se-traslade-por-el-puerto-de-ibicuy\\\/#breadcrumb\"},\"inLanguage\":\"es\",\"potentialAction\":[{\"@type\":\"ReadAction\",\"target\":[\"https:\\\/\\\/informelitoral.com.ar\\\/entre-rios-busca-que-la-arena-de-vaca-muerta-se-traslade-por-el-puerto-de-ibicuy\\\/\"]}]},{\"@type\":\"ImageObject\",\"inLanguage\":\"es\",\"@id\":\"https:\\\/\\\/informelitoral.com.ar\\\/entre-rios-busca-que-la-arena-de-vaca-muerta-se-traslade-por-el-puerto-de-ibicuy\\\/#primaryimage\",\"url\":\"https:\\\/\\\/drive.google.com\\\/thumbnail?id=1vHxMp6NQG65rB-7YXUBaDgSb0R8J-zOQ&sz=w2048\",\"contentUrl\":\"https:\\\/\\\/drive.google.com\\\/thumbnail?id=1vHxMp6NQG65rB-7YXUBaDgSb0R8J-zOQ&sz=w2048\",\"width\":1564,\"height\":1600},{\"@type\":\"BreadcrumbList\",\"@id\":\"https:\\\/\\\/informelitoral.com.ar\\\/entre-rios-busca-que-la-arena-de-vaca-muerta-se-traslade-por-el-puerto-de-ibicuy\\\/#breadcrumb\",\"itemListElement\":[{\"@type\":\"ListItem\",\"position\":1,\"name\":\"Portada\",\"item\":\"https:\\\/\\\/informelitoral.com.ar\\\/\"},{\"@type\":\"ListItem\",\"position\":2,\"name\":\"Entre R\u00edos busca que la arena de Vaca Muerta se traslade por el Puerto de Ibicuy\"}]},{\"@type\":\"WebSite\",\"@id\":\"https:\\\/\\\/informelitoral.com.ar\\\/#website\",\"url\":\"https:\\\/\\\/informelitoral.com.ar\\\/\",\"name\":\"Informe Litoral\",\"description\":\"&quot;Nos informamos&quot; \",\"publisher\":{\"@id\":\"https:\\\/\\\/informelitoral.com.ar\\\/#organization\"},\"potentialAction\":[{\"@type\":\"SearchAction\",\"target\":{\"@type\":\"EntryPoint\",\"urlTemplate\":\"https:\\\/\\\/informelitoral.com.ar\\\/?s={search_term_string}\"},\"query-input\":{\"@type\":\"PropertyValueSpecification\",\"valueRequired\":true,\"valueName\":\"search_term_string\"}}],\"inLanguage\":\"es\"},{\"@type\":\"Organization\",\"@id\":\"https:\\\/\\\/informelitoral.com.ar\\\/#organization\",\"name\":\"Informe Litoral\",\"url\":\"https:\\\/\\\/informelitoral.com.ar\\\/\",\"logo\":{\"@type\":\"ImageObject\",\"inLanguage\":\"es\",\"@id\":\"https:\\\/\\\/informelitoral.com.ar\\\/#\\\/schema\\\/logo\\\/image\\\/\",\"url\":\"https:\\\/\\\/informelitoral.com.ar\\\/%77%70%2d%63%6f%6e%74%65%6e%74\\\/uploads\\\/2021\\\/01\\\/circulo.png\",\"contentUrl\":\"https:\\\/\\\/informelitoral.com.ar\\\/%77%70%2d%63%6f%6e%74%65%6e%74\\\/uploads\\\/2021\\\/01\\\/circulo.png\",\"width\":723,\"height\":731,\"caption\":\"Informe Litoral\"},\"image\":{\"@id\":\"https:\\\/\\\/informelitoral.com.ar\\\/#\\\/schema\\\/logo\\\/image\\\/\"},\"sameAs\":[\"https:\\\/\\\/www.facebook.com\\\/informelitoral\\\/\",\"https:\\\/\\\/x.com\\\/InformeLitoral\",\"https:\\\/\\\/www.instagram.com\\\/informelitoral\\\/\",\"https:\\\/\\\/www.youtube.com\\\/channel\\\/UCua4Qvz8Icb6MYqhoq9xLXw\"]},{\"@type\":\"Person\",\"@id\":\"https:\\\/\\\/informelitoral.com.ar\\\/#\\\/schema\\\/person\\\/f05f9f461677119578717524b127d6d5\",\"name\":\"Sebastian\",\"image\":{\"@type\":\"ImageObject\",\"inLanguage\":\"es\",\"@id\":\"https:\\\/\\\/secure.gravatar.com\\\/avatar\\\/b71bf7481d447dfb9583c7f2798e7cc64de6efb9067b74633ed8c31059a3bd82?s=96&d=mm&r=g\",\"url\":\"https:\\\/\\\/secure.gravatar.com\\\/avatar\\\/b71bf7481d447dfb9583c7f2798e7cc64de6efb9067b74633ed8c31059a3bd82?s=96&d=mm&r=g\",\"contentUrl\":\"https:\\\/\\\/secure.gravatar.com\\\/avatar\\\/b71bf7481d447dfb9583c7f2798e7cc64de6efb9067b74633ed8c31059a3bd82?s=96&d=mm&r=g\",\"caption\":\"Sebastian\"},\"url\":\"https:\\\/\\\/informelitoral.com.ar\\\/author\\\/sebastian\\\/\"}]}<\/script>","yoast_head_json":{"title":"Entre R\u00edos busca que la arena de Vaca Muerta se traslade por el Puerto de Ibicuy - Informe Litoral","robots":{"index":"index","follow":"follow","max-snippet":"max-snippet:-1","max-image-preview":"max-image-preview:large","max-video-preview":"max-video-preview:-1"},"canonical":"https:\/\/informelitoral.com.ar\/entre-rios-busca-que-la-arena-de-vaca-muerta-se-traslade-por-el-puerto-de-ibicuy\/","og_locale":"es_ES","og_type":"article","og_title":"Entre R\u00edos busca que la arena de Vaca Muerta se traslade por el Puerto de Ibicuy - Informe Litoral","og_description":"El proyecto apunta a reemplazar el transporte en cami\u00f3n por la v\u00eda fluvial para reducir los costos log\u00edsticos y evitar el deterioro de las rutas.","og_url":"https:\/\/informelitoral.com.ar\/entre-rios-busca-que-la-arena-de-vaca-muerta-se-traslade-por-el-puerto-de-ibicuy\/","og_site_name":"Informe Litoral","article_publisher":"https:\/\/www.facebook.com\/informelitoral\/","article_published_time":"2026-04-30T14:27:13+00:00","article_modified_time":"2026-04-30T16:27:39+00:00","og_image":[{"width":1564,"height":1600,"url":"https:\/\/drive.google.com\/thumbnail?id=1vHxMp6NQG65rB-7YXUBaDgSb0R8J-zOQ&sz=w2048","type":"image\/jpeg"}],"author":"Sebastian","twitter_card":"summary_large_image","twitter_creator":"@InformeLitoral","twitter_site":"@InformeLitoral","twitter_misc":{"Escrito por":"Sebastian","Tiempo de lectura":"2 minutos"},"schema":{"@context":"https:\/\/schema.org","@graph":[{"@type":"Article","@id":"https:\/\/informelitoral.com.ar\/entre-rios-busca-que-la-arena-de-vaca-muerta-se-traslade-por-el-puerto-de-ibicuy\/#article","isPartOf":{"@id":"https:\/\/informelitoral.com.ar\/entre-rios-busca-que-la-arena-de-vaca-muerta-se-traslade-por-el-puerto-de-ibicuy\/"},"author":{"name":"Sebastian","@id":"https:\/\/informelitoral.com.ar\/#\/schema\/person\/f05f9f461677119578717524b127d6d5"},"headline":"Entre R\u00edos busca que la arena de Vaca Muerta se traslade por el Puerto de Ibicuy","datePublished":"2026-04-30T14:27:13+00:00","dateModified":"2026-04-30T16:27:39+00:00","mainEntityOfPage":{"@id":"https:\/\/informelitoral.com.ar\/entre-rios-busca-que-la-arena-de-vaca-muerta-se-traslade-por-el-puerto-de-ibicuy\/"},"wordCount":306,"commentCount":0,"publisher":{"@id":"https:\/\/informelitoral.com.ar\/#organization"},"image":{"@id":"https:\/\/informelitoral.com.ar\/entre-rios-busca-que-la-arena-de-vaca-muerta-se-traslade-por-el-puerto-de-ibicuy\/#primaryimage"},"thumbnailUrl":"https:\/\/drive.google.com\/thumbnail?id=1vHxMp6NQG65rB-7YXUBaDgSb0R8J-zOQ&sz=w2048","keywords":["Hidrov\u00eda","Ibicuy","Puerto Ibicuy","Transporte","Vaca Muerta"],"articleSection":["Entre R\u00edos"],"inLanguage":"es","potentialAction":[{"@type":"CommentAction","name":"Comment","target":["https:\/\/informelitoral.com.ar\/entre-rios-busca-que-la-arena-de-vaca-muerta-se-traslade-por-el-puerto-de-ibicuy\/#respond"]}]},{"@type":"WebPage","@id":"https:\/\/informelitoral.com.ar\/entre-rios-busca-que-la-arena-de-vaca-muerta-se-traslade-por-el-puerto-de-ibicuy\/","url":"https:\/\/informelitoral.com.ar\/entre-rios-busca-que-la-arena-de-vaca-muerta-se-traslade-por-el-puerto-de-ibicuy\/","name":"Entre R\u00edos busca que la arena de Vaca Muerta se traslade por el Puerto de Ibicuy - Informe Litoral","isPartOf":{"@id":"https:\/\/informelitoral.com.ar\/#website"},"primaryImageOfPage":{"@id":"https:\/\/informelitoral.com.ar\/entre-rios-busca-que-la-arena-de-vaca-muerta-se-traslade-por-el-puerto-de-ibicuy\/#primaryimage"},"image":{"@id":"https:\/\/informelitoral.com.ar\/entre-rios-busca-que-la-arena-de-vaca-muerta-se-traslade-por-el-puerto-de-ibicuy\/#primaryimage"},"thumbnailUrl":"https:\/\/drive.google.com\/thumbnail?id=1vHxMp6NQG65rB-7YXUBaDgSb0R8J-zOQ&sz=w2048","datePublished":"2026-04-30T14:27:13+00:00","dateModified":"2026-04-30T16:27:39+00:00","breadcrumb":{"@id":"https:\/\/informelitoral.com.ar\/entre-rios-busca-que-la-arena-de-vaca-muerta-se-traslade-por-el-puerto-de-ibicuy\/#breadcrumb"},"inLanguage":"es","potentialAction":[{"@type":"ReadAction","target":["https:\/\/informelitoral.com.ar\/entre-rios-busca-que-la-arena-de-vaca-muerta-se-traslade-por-el-puerto-de-ibicuy\/"]}]},{"@type":"ImageObject","inLanguage":"es","@id":"https:\/\/informelitoral.com.ar\/entre-rios-busca-que-la-arena-de-vaca-muerta-se-traslade-por-el-puerto-de-ibicuy\/#primaryimage","url":"https:\/\/drive.google.com\/thumbnail?id=1vHxMp6NQG65rB-7YXUBaDgSb0R8J-zOQ&sz=w2048","contentUrl":"https:\/\/drive.google.com\/thumbnail?id=1vHxMp6NQG65rB-7YXUBaDgSb0R8J-zOQ&sz=w2048","width":1564,"height":1600},{"@type":"BreadcrumbList","@id":"https:\/\/informelitoral.com.ar\/entre-rios-busca-que-la-arena-de-vaca-muerta-se-traslade-por-el-puerto-de-ibicuy\/#breadcrumb","itemListElement":[{"@type":"ListItem","position":1,"name":"Portada","item":"https:\/\/informelitoral.com.ar\/"},{"@type":"ListItem","position":2,"name":"Entre R\u00edos busca que la arena de Vaca Muerta se traslade por el Puerto de Ibicuy"}]},{"@type":"WebSite","@id":"https:\/\/informelitoral.com.ar\/#website","url":"https:\/\/informelitoral.com.ar\/","name":"Informe Litoral","description":"&quot;Nos informamos&quot; ","publisher":{"@id":"https:\/\/informelitoral.com.ar\/#organization"},"potentialAction":[{"@type":"SearchAction","target":{"@type":"EntryPoint","urlTemplate":"https:\/\/informelitoral.com.ar\/?s={search_term_string}"},"query-input":{"@type":"PropertyValueSpecification","valueRequired":true,"valueName":"search_term_string"}}],"inLanguage":"es"},{"@type":"Organization","@id":"https:\/\/informelitoral.com.ar\/#organization","name":"Informe Litoral","url":"https:\/\/informelitoral.com.ar\/","logo":{"@type":"ImageObject","inLanguage":"es","@id":"https:\/\/informelitoral.com.ar\/#\/schema\/logo\/image\/","url":"https:\/\/informelitoral.com.ar\/%77%70%2d%63%6f%6e%74%65%6e%74\/uploads\/2021\/01\/circulo.png","contentUrl":"https:\/\/informelitoral.com.ar\/%77%70%2d%63%6f%6e%74%65%6e%74\/uploads\/2021\/01\/circulo.png","width":723,"height":731,"caption":"Informe Litoral"},"image":{"@id":"https:\/\/informelitoral.com.ar\/#\/schema\/logo\/image\/"},"sameAs":["https:\/\/www.facebook.com\/informelitoral\/","https:\/\/x.com\/InformeLitoral","https:\/\/www.instagram.com\/informelitoral\/","https:\/\/www.youtube.com\/channel\/UCua4Qvz8Icb6MYqhoq9xLXw"]},{"@type":"Person","@id":"https:\/\/informelitoral.com.ar\/#\/schema\/person\/f05f9f461677119578717524b127d6d5","name":"Sebastian","image":{"@type":"ImageObject","inLanguage":"es","@id":"https:\/\/secure.gravatar.com\/avatar\/b71bf7481d447dfb9583c7f2798e7cc64de6efb9067b74633ed8c31059a3bd82?s=96&d=mm&r=g","url":"https:\/\/secure.gravatar.com\/avatar\/b71bf7481d447dfb9583c7f2798e7cc64de6efb9067b74633ed8c31059a3bd82?s=96&d=mm&r=g","contentUrl":"https:\/\/secure.gravatar.com\/avatar\/b71bf7481d447dfb9583c7f2798e7cc64de6efb9067b74633ed8c31059a3bd82?s=96&d=mm&r=g","caption":"Sebastian"},"url":"https:\/\/informelitoral.com.ar\/author\/sebastian\/"}]}},"_links":{"self":[{"href":"https:\/\/informelitoral.com.ar\/%77%70%2d%6a%73%6f%6e\/wp\/v2\/posts\/259097","targetHints":{"allow":["GET"]}}],"collection":[{"href":"https:\/\/informelitoral.com.ar\/%77%70%2d%6a%73%6f%6e\/wp\/v2\/posts"}],"about":[{"href":"https:\/\/informelitoral.com.ar\/%77%70%2d%6a%73%6f%6e\/wp\/v2\/types\/post"}],"author":[{"embeddable":true,"href":"https:\/\/informelitoral.com.ar\/%77%70%2d%6a%73%6f%6e\/wp\/v2\/users\/8"}],"replies":[{"embeddable":true,"href":"https:\/\/informelitoral.com.ar\/%77%70%2d%6a%73%6f%6e\/wp\/v2\/comments?post=259097"}],"version-history":[{"count":4,"href":"https:\/\/informelitoral.com.ar\/%77%70%2d%6a%73%6f%6e\/wp\/v2\/posts\/259097\/revisions"}],"predecessor-version":[{"id":259106,"href":"https:\/\/informelitoral.com.ar\/%77%70%2d%6a%73%6f%6e\/wp\/v2\/posts\/259097\/revisions\/259106"}],"wp:featuredmedia":[{"embeddable":true,"href":"https:\/\/informelitoral.com.ar\/%77%70%2d%6a%73%6f%6e\/wp\/v2\/media\/259098"}],"wp:attachment":[{"href":"https:\/\/informelitoral.com.ar\/%77%70%2d%6a%73%6f%6e\/wp\/v2\/media?parent=259097"}],"wp:term":[{"taxonomy":"category","embeddable":true,"href":"https:\/\/informelitoral.com.ar\/%77%70%2d%6a%73%6f%6e\/wp\/v2\/categories?post=259097"},{"taxonomy":"post_tag","embeddable":true,"href":"https:\/\/informelitoral.com.ar\/%77%70%2d%6a%73%6f%6e\/wp\/v2\/tags?post=259097"}],"curies":[{"name":"wp","href":"https:\/\/api.w.org\/{rel}","templated":true}]}}