{"id":259082,"date":"2026-04-30T10:58:02","date_gmt":"2026-04-30T13:58:02","guid":{"rendered":"https:\/\/informelitoral.com.ar\/?p=259082"},"modified":"2026-04-30T11:49:26","modified_gmt":"2026-04-30T14:49:26","slug":"la-ganadera-participo-de-una-capacitacion-sobre-gestion-de-calidad","status":"publish","type":"post","link":"https:\/\/informelitoral.com.ar\/la-ganadera-participo-de-una-capacitacion-sobre-gestion-de-calidad\/","title":{"rendered":"La Ganadera particip\u00f3 de una capacitaci\u00f3n sobre gesti\u00f3n de calidad"},"content":{"rendered":"<p><strong>La F\u00e1brica de Alimentos de Hasenkamp<\/strong> fue la sede de una jornada de formaci\u00f3n t\u00e9cnica sobre sistemas de gesti\u00f3n de calidad y sus elementos clave. La actividad, coordinada junto al <strong>Instituto Argentino de Normalizaci\u00f3n y Certificaci\u00f3n (IRAM)<\/strong>, estuvo dirigida a los equipos de trabajo de la planta local y de la unidad productiva de<strong> La Ganadera en General Ram\u00edrez<\/strong>. Durante el encuentro, se desarrollaron contenidos vinculados a la normativa vigente y a la estandarizaci\u00f3n de las pr\u00e1cticas operativas en la elaboraci\u00f3n de alimentos.<\/p>\n<p><img decoding=\"async\" class=\"aligncenter\" src=\"https:\/\/scontent.fpra1-1.fna.fbcdn.net\/v\/t51.82787-15\/683173892_18050387165751660_558669133366505503_n.jpg?_nc_cat=104&amp;ccb=1-7&amp;_nc_sid=13d280&amp;_nc_eui2=AeGualyuppF8ZALWEKjAAqYSsa_GdCA0YTmxr8Z0IDRhOVKglMo4W4oWwNarYhg9FbGXVKai-bTrMN7oifFeBGvN&amp;_nc_ohc=Q3FDc_wIcUEQ7kNvwE41VIx&amp;_nc_oc=AdoGUM28KZivmy9AVwqYLZGwoRRTscutZVeXWvtLfcF-lXCwHqGu0GlvwN66F9NLirM&amp;_nc_zt=23&amp;_nc_ht=scontent.fpra1-1.fna&amp;_nc_gid=cT222a7gYCMg9sE5qKeNgg&amp;_nc_ss=7b2a8&amp;oh=00_Af2y57tir1vxW_5Wj394CwvMrqACFMQLvLRW0zyiHu1uvg&amp;oe=69F93FC2\" alt=\"Puede ser una imagen de texto\" \/><\/p>\n<p>La capacitaci\u00f3n estuvo a cargo de la especialista <strong>Cintia Sartorio<\/strong> y consisti\u00f3 en un espacio de intercambio t\u00e9cnico sobre la implementaci\u00f3n de protocolos de eficiencia. El programa se dise\u00f1\u00f3 para que el personal de ambas f\u00e1bricas incorpore herramientas que permitan avanzar hacia certificaciones formales, un paso necesario para validar los est\u00e1ndares de producci\u00f3n de las plantas. La formaci\u00f3n abord\u00f3 la estructura de los sistemas de gesti\u00f3n y la actualizaci\u00f3n de los manuales de procedimientos diarios que rigen la actividad.<\/p>\n<p><img decoding=\"async\" class=\"aligncenter\" src=\"https:\/\/scontent.fpra1-1.fna.fbcdn.net\/v\/t51.82787-15\/683546323_18050387135751660_2647956286911143283_n.jpg?_nc_cat=102&amp;ccb=1-7&amp;_nc_sid=13d280&amp;_nc_eui2=AeFIkhtwrVCq22-rAVs-weBum-WP5wn-gy-b5Y_nCf6DLwwv1llccPYjSMsOTQCmg6NR7viVesBWq7Znys1W1Wed&amp;_nc_ohc=0sqNJWMETecQ7kNvwHwHa5x&amp;_nc_oc=Ado_jdxjlSwHItda1DuaO6IqWDVQhjI8ogKhW5Fi-ML7Zt0EA4X-Hh-D2g_I44PQaS0&amp;_nc_zt=23&amp;_nc_ht=scontent.fpra1-1.fna&amp;_nc_gid=7-RAgd8hD8DQyh0ttEopsA&amp;_nc_ss=7b2a8&amp;oh=00_Af3ZRKSaLbyUDyzsErRgcSnkcn4KT3MEqD45LajXft9a2g&amp;oe=69F92DFF\" alt=\"Puede ser una imagen de iluminaci\u00f3n\" \/><\/p>\n<p>Esta jornada cumpli\u00f3 con el objetivo de impulsar la formaci\u00f3n continua de los trabajadores y profesionalizar los cuadros operativos de las f\u00e1bricas. Con la aplicaci\u00f3n de estos criterios de gesti\u00f3n, se busca garantizar la trazabilidad y la seguridad en los procesos industriales de la regi\u00f3n.(<em>Informe Litoral<\/em>)<\/p>\n<h6><em><strong>Del archivo:\u00a0<a href=\"https:\/\/informelitoral.com.ar\/precios-del-remate-de-hacienda-de-la-ganadera-en-la-paz-del-martes-28-de-abril-de-2026\/\" target=\"_blank\" rel=\"noopener\">Precios del remate de hacienda de La Ganadera en La Paz del martes 28 de abril de 2026<\/a><\/strong><\/em><\/h6>\n","protected":false},"excerpt":{"rendered":"<p>Equipos t\u00e9cnicos y operativos participaron de una jornada dictada por el IRAM. El encuentro se centr\u00f3 en la profesionalizaci\u00f3n del personal y en los requisitos para obtener certificaciones de procesos.<\/p>\n","protected":false},"author":8,"featured_media":259083,"comment_status":"open","ping_status":"open","sticky":false,"template":"","format":"standard","meta":{"fifu_image_url":"","fifu_image_alt":"","footnotes":""},"categories":[5,4586],"tags":[54,495,55],"class_list":{"0":"post-259082","1":"post","2":"type-post","3":"status-publish","4":"format-standard","5":"has-post-thumbnail","7":"category-zonales","8":"category-general-ramirez","9":"tag-capacitacion","10":"tag-hasenkamp","11":"tag-la-ganadera"},"yoast_head":"<title>La Ganadera particip\u00f3 de una capacitaci\u00f3n sobre gesti\u00f3n de calidad - Informe Litoral<\/title>\n<meta name=\"robots\" content=\"index, follow, max-snippet:-1, max-image-preview:large, max-video-preview:-1\" \/>\n<link rel=\"canonical\" href=\"https:\/\/informelitoral.com.ar\/la-ganadera-participo-de-una-capacitacion-sobre-gestion-de-calidad\/\" \/>\n<meta property=\"og:locale\" content=\"es_ES\" \/>\n<meta property=\"og:type\" content=\"article\" \/>\n<meta property=\"og:title\" content=\"La Ganadera particip\u00f3 de una capacitaci\u00f3n sobre gesti\u00f3n de calidad - Informe Litoral\" \/>\n<meta property=\"og:description\" content=\"Equipos t\u00e9cnicos y operativos participaron de una jornada dictada por el IRAM. El encuentro se centr\u00f3 en la profesionalizaci\u00f3n del personal y en los requisitos para obtener certificaciones de procesos.\" \/>\n<meta property=\"og:url\" content=\"https:\/\/informelitoral.com.ar\/la-ganadera-participo-de-una-capacitacion-sobre-gestion-de-calidad\/\" \/>\n<meta property=\"og:site_name\" content=\"Informe Litoral\" \/>\n<meta property=\"article:publisher\" content=\"https:\/\/www.facebook.com\/informelitoral\/\" \/>\n<meta property=\"article:published_time\" content=\"2026-04-30T13:58:02+00:00\" \/>\n<meta property=\"article:modified_time\" content=\"2026-04-30T14:49:26+00:00\" \/>\n<meta property=\"og:image\" content=\"https:\/\/drive.google.com\/thumbnail?id=1IVt1vY1EnaxPHObDuzpLp8LwZ_4djbMi&sz=w2048\" \/>\n\t<meta property=\"og:image:width\" content=\"955\" \/>\n\t<meta property=\"og:image:height\" content=\"716\" \/>\n\t<meta property=\"og:image:type\" content=\"image\/jpeg\" \/>\n<meta name=\"author\" content=\"Sebastian\" \/>\n<meta name=\"twitter:card\" content=\"summary_large_image\" \/>\n<meta name=\"twitter:creator\" content=\"@InformeLitoral\" \/>\n<meta name=\"twitter:site\" content=\"@InformeLitoral\" \/>\n<meta name=\"twitter:label1\" content=\"Escrito por\" \/>\n\t<meta name=\"twitter:data1\" content=\"Sebastian\" \/>\n\t<meta name=\"twitter:label2\" content=\"Tiempo de lectura\" \/>\n\t<meta name=\"twitter:data2\" content=\"2 minutos\" \/>\n<script type=\"application\/ld+json\" class=\"yoast-schema-graph\">{\"@context\":\"https:\\\/\\\/schema.org\",\"@graph\":[{\"@type\":\"Article\",\"@id\":\"https:\\\/\\\/informelitoral.com.ar\\\/la-ganadera-participo-de-una-capacitacion-sobre-gestion-de-calidad\\\/#article\",\"isPartOf\":{\"@id\":\"https:\\\/\\\/informelitoral.com.ar\\\/la-ganadera-participo-de-una-capacitacion-sobre-gestion-de-calidad\\\/\"},\"author\":{\"name\":\"Sebastian\",\"@id\":\"https:\\\/\\\/informelitoral.com.ar\\\/#\\\/schema\\\/person\\\/f05f9f461677119578717524b127d6d5\"},\"headline\":\"La Ganadera particip\u00f3 de una capacitaci\u00f3n sobre gesti\u00f3n de calidad\",\"datePublished\":\"2026-04-30T13:58:02+00:00\",\"dateModified\":\"2026-04-30T14:49:26+00:00\",\"mainEntityOfPage\":{\"@id\":\"https:\\\/\\\/informelitoral.com.ar\\\/la-ganadera-participo-de-una-capacitacion-sobre-gestion-de-calidad\\\/\"},\"wordCount\":263,\"commentCount\":0,\"publisher\":{\"@id\":\"https:\\\/\\\/informelitoral.com.ar\\\/#organization\"},\"image\":{\"@id\":\"https:\\\/\\\/informelitoral.com.ar\\\/la-ganadera-participo-de-una-capacitacion-sobre-gestion-de-calidad\\\/#primaryimage\"},\"thumbnailUrl\":\"https:\\\/\\\/drive.google.com\\\/thumbnail?id=1IVt1vY1EnaxPHObDuzpLp8LwZ_4djbMi&sz=w2048\",\"keywords\":[\"Capacitaci\u00f3n\",\"Hasenkamp\",\"La Ganadera\"],\"articleSection\":[\"Departamento Diamante\",\"General Ram\u00edrez\"],\"inLanguage\":\"es\",\"potentialAction\":[{\"@type\":\"CommentAction\",\"name\":\"Comment\",\"target\":[\"https:\\\/\\\/informelitoral.com.ar\\\/la-ganadera-participo-de-una-capacitacion-sobre-gestion-de-calidad\\\/#respond\"]}]},{\"@type\":\"WebPage\",\"@id\":\"https:\\\/\\\/informelitoral.com.ar\\\/la-ganadera-participo-de-una-capacitacion-sobre-gestion-de-calidad\\\/\",\"url\":\"https:\\\/\\\/informelitoral.com.ar\\\/la-ganadera-participo-de-una-capacitacion-sobre-gestion-de-calidad\\\/\",\"name\":\"La Ganadera particip\u00f3 de una capacitaci\u00f3n sobre gesti\u00f3n de calidad - Informe Litoral\",\"isPartOf\":{\"@id\":\"https:\\\/\\\/informelitoral.com.ar\\\/#website\"},\"primaryImageOfPage\":{\"@id\":\"https:\\\/\\\/informelitoral.com.ar\\\/la-ganadera-participo-de-una-capacitacion-sobre-gestion-de-calidad\\\/#primaryimage\"},\"image\":{\"@id\":\"https:\\\/\\\/informelitoral.com.ar\\\/la-ganadera-participo-de-una-capacitacion-sobre-gestion-de-calidad\\\/#primaryimage\"},\"thumbnailUrl\":\"https:\\\/\\\/drive.google.com\\\/thumbnail?id=1IVt1vY1EnaxPHObDuzpLp8LwZ_4djbMi&sz=w2048\",\"datePublished\":\"2026-04-30T13:58:02+00:00\",\"dateModified\":\"2026-04-30T14:49:26+00:00\",\"breadcrumb\":{\"@id\":\"https:\\\/\\\/informelitoral.com.ar\\\/la-ganadera-participo-de-una-capacitacion-sobre-gestion-de-calidad\\\/#breadcrumb\"},\"inLanguage\":\"es\",\"potentialAction\":[{\"@type\":\"ReadAction\",\"target\":[\"https:\\\/\\\/informelitoral.com.ar\\\/la-ganadera-participo-de-una-capacitacion-sobre-gestion-de-calidad\\\/\"]}]},{\"@type\":\"ImageObject\",\"inLanguage\":\"es\",\"@id\":\"https:\\\/\\\/informelitoral.com.ar\\\/la-ganadera-participo-de-una-capacitacion-sobre-gestion-de-calidad\\\/#primaryimage\",\"url\":\"https:\\\/\\\/drive.google.com\\\/thumbnail?id=1IVt1vY1EnaxPHObDuzpLp8LwZ_4djbMi&sz=w2048\",\"contentUrl\":\"https:\\\/\\\/drive.google.com\\\/thumbnail?id=1IVt1vY1EnaxPHObDuzpLp8LwZ_4djbMi&sz=w2048\",\"width\":955,\"height\":716},{\"@type\":\"BreadcrumbList\",\"@id\":\"https:\\\/\\\/informelitoral.com.ar\\\/la-ganadera-participo-de-una-capacitacion-sobre-gestion-de-calidad\\\/#breadcrumb\",\"itemListElement\":[{\"@type\":\"ListItem\",\"position\":1,\"name\":\"Portada\",\"item\":\"https:\\\/\\\/informelitoral.com.ar\\\/\"},{\"@type\":\"ListItem\",\"position\":2,\"name\":\"La Ganadera particip\u00f3 de una capacitaci\u00f3n sobre gesti\u00f3n de calidad\"}]},{\"@type\":\"WebSite\",\"@id\":\"https:\\\/\\\/informelitoral.com.ar\\\/#website\",\"url\":\"https:\\\/\\\/informelitoral.com.ar\\\/\",\"name\":\"Informe Litoral\",\"description\":\"&quot;Nos informamos&quot; \",\"publisher\":{\"@id\":\"https:\\\/\\\/informelitoral.com.ar\\\/#organization\"},\"potentialAction\":[{\"@type\":\"SearchAction\",\"target\":{\"@type\":\"EntryPoint\",\"urlTemplate\":\"https:\\\/\\\/informelitoral.com.ar\\\/?s={search_term_string}\"},\"query-input\":{\"@type\":\"PropertyValueSpecification\",\"valueRequired\":true,\"valueName\":\"search_term_string\"}}],\"inLanguage\":\"es\"},{\"@type\":\"Organization\",\"@id\":\"https:\\\/\\\/informelitoral.com.ar\\\/#organization\",\"name\":\"Informe Litoral\",\"url\":\"https:\\\/\\\/informelitoral.com.ar\\\/\",\"logo\":{\"@type\":\"ImageObject\",\"inLanguage\":\"es\",\"@id\":\"https:\\\/\\\/informelitoral.com.ar\\\/#\\\/schema\\\/logo\\\/image\\\/\",\"url\":\"https:\\\/\\\/informelitoral.com.ar\\\/%77%70%2d%63%6f%6e%74%65%6e%74\\\/uploads\\\/2021\\\/01\\\/circulo.png\",\"contentUrl\":\"https:\\\/\\\/informelitoral.com.ar\\\/%77%70%2d%63%6f%6e%74%65%6e%74\\\/uploads\\\/2021\\\/01\\\/circulo.png\",\"width\":723,\"height\":731,\"caption\":\"Informe Litoral\"},\"image\":{\"@id\":\"https:\\\/\\\/informelitoral.com.ar\\\/#\\\/schema\\\/logo\\\/image\\\/\"},\"sameAs\":[\"https:\\\/\\\/www.facebook.com\\\/informelitoral\\\/\",\"https:\\\/\\\/x.com\\\/InformeLitoral\",\"https:\\\/\\\/www.instagram.com\\\/informelitoral\\\/\",\"https:\\\/\\\/www.youtube.com\\\/channel\\\/UCua4Qvz8Icb6MYqhoq9xLXw\"]},{\"@type\":\"Person\",\"@id\":\"https:\\\/\\\/informelitoral.com.ar\\\/#\\\/schema\\\/person\\\/f05f9f461677119578717524b127d6d5\",\"name\":\"Sebastian\",\"image\":{\"@type\":\"ImageObject\",\"inLanguage\":\"es\",\"@id\":\"https:\\\/\\\/secure.gravatar.com\\\/avatar\\\/b71bf7481d447dfb9583c7f2798e7cc64de6efb9067b74633ed8c31059a3bd82?s=96&d=mm&r=g\",\"url\":\"https:\\\/\\\/secure.gravatar.com\\\/avatar\\\/b71bf7481d447dfb9583c7f2798e7cc64de6efb9067b74633ed8c31059a3bd82?s=96&d=mm&r=g\",\"contentUrl\":\"https:\\\/\\\/secure.gravatar.com\\\/avatar\\\/b71bf7481d447dfb9583c7f2798e7cc64de6efb9067b74633ed8c31059a3bd82?s=96&d=mm&r=g\",\"caption\":\"Sebastian\"},\"url\":\"https:\\\/\\\/informelitoral.com.ar\\\/author\\\/sebastian\\\/\"}]}<\/script>","yoast_head_json":{"title":"La Ganadera particip\u00f3 de una capacitaci\u00f3n sobre gesti\u00f3n de calidad - Informe Litoral","robots":{"index":"index","follow":"follow","max-snippet":"max-snippet:-1","max-image-preview":"max-image-preview:large","max-video-preview":"max-video-preview:-1"},"canonical":"https:\/\/informelitoral.com.ar\/la-ganadera-participo-de-una-capacitacion-sobre-gestion-de-calidad\/","og_locale":"es_ES","og_type":"article","og_title":"La Ganadera particip\u00f3 de una capacitaci\u00f3n sobre gesti\u00f3n de calidad - Informe Litoral","og_description":"Equipos t\u00e9cnicos y operativos participaron de una jornada dictada por el IRAM. El encuentro se centr\u00f3 en la profesionalizaci\u00f3n del personal y en los requisitos para obtener certificaciones de procesos.","og_url":"https:\/\/informelitoral.com.ar\/la-ganadera-participo-de-una-capacitacion-sobre-gestion-de-calidad\/","og_site_name":"Informe Litoral","article_publisher":"https:\/\/www.facebook.com\/informelitoral\/","article_published_time":"2026-04-30T13:58:02+00:00","article_modified_time":"2026-04-30T14:49:26+00:00","og_image":[{"width":955,"height":716,"url":"https:\/\/drive.google.com\/thumbnail?id=1IVt1vY1EnaxPHObDuzpLp8LwZ_4djbMi&sz=w2048","type":"image\/jpeg"}],"author":"Sebastian","twitter_card":"summary_large_image","twitter_creator":"@InformeLitoral","twitter_site":"@InformeLitoral","twitter_misc":{"Escrito por":"Sebastian","Tiempo de lectura":"2 minutos"},"schema":{"@context":"https:\/\/schema.org","@graph":[{"@type":"Article","@id":"https:\/\/informelitoral.com.ar\/la-ganadera-participo-de-una-capacitacion-sobre-gestion-de-calidad\/#article","isPartOf":{"@id":"https:\/\/informelitoral.com.ar\/la-ganadera-participo-de-una-capacitacion-sobre-gestion-de-calidad\/"},"author":{"name":"Sebastian","@id":"https:\/\/informelitoral.com.ar\/#\/schema\/person\/f05f9f461677119578717524b127d6d5"},"headline":"La Ganadera particip\u00f3 de una capacitaci\u00f3n sobre gesti\u00f3n de calidad","datePublished":"2026-04-30T13:58:02+00:00","dateModified":"2026-04-30T14:49:26+00:00","mainEntityOfPage":{"@id":"https:\/\/informelitoral.com.ar\/la-ganadera-participo-de-una-capacitacion-sobre-gestion-de-calidad\/"},"wordCount":263,"commentCount":0,"publisher":{"@id":"https:\/\/informelitoral.com.ar\/#organization"},"image":{"@id":"https:\/\/informelitoral.com.ar\/la-ganadera-participo-de-una-capacitacion-sobre-gestion-de-calidad\/#primaryimage"},"thumbnailUrl":"https:\/\/drive.google.com\/thumbnail?id=1IVt1vY1EnaxPHObDuzpLp8LwZ_4djbMi&sz=w2048","keywords":["Capacitaci\u00f3n","Hasenkamp","La Ganadera"],"articleSection":["Departamento Diamante","General Ram\u00edrez"],"inLanguage":"es","potentialAction":[{"@type":"CommentAction","name":"Comment","target":["https:\/\/informelitoral.com.ar\/la-ganadera-participo-de-una-capacitacion-sobre-gestion-de-calidad\/#respond"]}]},{"@type":"WebPage","@id":"https:\/\/informelitoral.com.ar\/la-ganadera-participo-de-una-capacitacion-sobre-gestion-de-calidad\/","url":"https:\/\/informelitoral.com.ar\/la-ganadera-participo-de-una-capacitacion-sobre-gestion-de-calidad\/","name":"La Ganadera particip\u00f3 de una capacitaci\u00f3n sobre gesti\u00f3n de calidad - Informe Litoral","isPartOf":{"@id":"https:\/\/informelitoral.com.ar\/#website"},"primaryImageOfPage":{"@id":"https:\/\/informelitoral.com.ar\/la-ganadera-participo-de-una-capacitacion-sobre-gestion-de-calidad\/#primaryimage"},"image":{"@id":"https:\/\/informelitoral.com.ar\/la-ganadera-participo-de-una-capacitacion-sobre-gestion-de-calidad\/#primaryimage"},"thumbnailUrl":"https:\/\/drive.google.com\/thumbnail?id=1IVt1vY1EnaxPHObDuzpLp8LwZ_4djbMi&sz=w2048","datePublished":"2026-04-30T13:58:02+00:00","dateModified":"2026-04-30T14:49:26+00:00","breadcrumb":{"@id":"https:\/\/informelitoral.com.ar\/la-ganadera-participo-de-una-capacitacion-sobre-gestion-de-calidad\/#breadcrumb"},"inLanguage":"es","potentialAction":[{"@type":"ReadAction","target":["https:\/\/informelitoral.com.ar\/la-ganadera-participo-de-una-capacitacion-sobre-gestion-de-calidad\/"]}]},{"@type":"ImageObject","inLanguage":"es","@id":"https:\/\/informelitoral.com.ar\/la-ganadera-participo-de-una-capacitacion-sobre-gestion-de-calidad\/#primaryimage","url":"https:\/\/drive.google.com\/thumbnail?id=1IVt1vY1EnaxPHObDuzpLp8LwZ_4djbMi&sz=w2048","contentUrl":"https:\/\/drive.google.com\/thumbnail?id=1IVt1vY1EnaxPHObDuzpLp8LwZ_4djbMi&sz=w2048","width":955,"height":716},{"@type":"BreadcrumbList","@id":"https:\/\/informelitoral.com.ar\/la-ganadera-participo-de-una-capacitacion-sobre-gestion-de-calidad\/#breadcrumb","itemListElement":[{"@type":"ListItem","position":1,"name":"Portada","item":"https:\/\/informelitoral.com.ar\/"},{"@type":"ListItem","position":2,"name":"La Ganadera particip\u00f3 de una capacitaci\u00f3n sobre gesti\u00f3n de calidad"}]},{"@type":"WebSite","@id":"https:\/\/informelitoral.com.ar\/#website","url":"https:\/\/informelitoral.com.ar\/","name":"Informe Litoral","description":"&quot;Nos informamos&quot; ","publisher":{"@id":"https:\/\/informelitoral.com.ar\/#organization"},"potentialAction":[{"@type":"SearchAction","target":{"@type":"EntryPoint","urlTemplate":"https:\/\/informelitoral.com.ar\/?s={search_term_string}"},"query-input":{"@type":"PropertyValueSpecification","valueRequired":true,"valueName":"search_term_string"}}],"inLanguage":"es"},{"@type":"Organization","@id":"https:\/\/informelitoral.com.ar\/#organization","name":"Informe Litoral","url":"https:\/\/informelitoral.com.ar\/","logo":{"@type":"ImageObject","inLanguage":"es","@id":"https:\/\/informelitoral.com.ar\/#\/schema\/logo\/image\/","url":"https:\/\/informelitoral.com.ar\/%77%70%2d%63%6f%6e%74%65%6e%74\/uploads\/2021\/01\/circulo.png","contentUrl":"https:\/\/informelitoral.com.ar\/%77%70%2d%63%6f%6e%74%65%6e%74\/uploads\/2021\/01\/circulo.png","width":723,"height":731,"caption":"Informe Litoral"},"image":{"@id":"https:\/\/informelitoral.com.ar\/#\/schema\/logo\/image\/"},"sameAs":["https:\/\/www.facebook.com\/informelitoral\/","https:\/\/x.com\/InformeLitoral","https:\/\/www.instagram.com\/informelitoral\/","https:\/\/www.youtube.com\/channel\/UCua4Qvz8Icb6MYqhoq9xLXw"]},{"@type":"Person","@id":"https:\/\/informelitoral.com.ar\/#\/schema\/person\/f05f9f461677119578717524b127d6d5","name":"Sebastian","image":{"@type":"ImageObject","inLanguage":"es","@id":"https:\/\/secure.gravatar.com\/avatar\/b71bf7481d447dfb9583c7f2798e7cc64de6efb9067b74633ed8c31059a3bd82?s=96&d=mm&r=g","url":"https:\/\/secure.gravatar.com\/avatar\/b71bf7481d447dfb9583c7f2798e7cc64de6efb9067b74633ed8c31059a3bd82?s=96&d=mm&r=g","contentUrl":"https:\/\/secure.gravatar.com\/avatar\/b71bf7481d447dfb9583c7f2798e7cc64de6efb9067b74633ed8c31059a3bd82?s=96&d=mm&r=g","caption":"Sebastian"},"url":"https:\/\/informelitoral.com.ar\/author\/sebastian\/"}]}},"_links":{"self":[{"href":"https:\/\/informelitoral.com.ar\/%77%70%2d%6a%73%6f%6e\/wp\/v2\/posts\/259082","targetHints":{"allow":["GET"]}}],"collection":[{"href":"https:\/\/informelitoral.com.ar\/%77%70%2d%6a%73%6f%6e\/wp\/v2\/posts"}],"about":[{"href":"https:\/\/informelitoral.com.ar\/%77%70%2d%6a%73%6f%6e\/wp\/v2\/types\/post"}],"author":[{"embeddable":true,"href":"https:\/\/informelitoral.com.ar\/%77%70%2d%6a%73%6f%6e\/wp\/v2\/users\/8"}],"replies":[{"embeddable":true,"href":"https:\/\/informelitoral.com.ar\/%77%70%2d%6a%73%6f%6e\/wp\/v2\/comments?post=259082"}],"version-history":[{"count":1,"href":"https:\/\/informelitoral.com.ar\/%77%70%2d%6a%73%6f%6e\/wp\/v2\/posts\/259082\/revisions"}],"predecessor-version":[{"id":259084,"href":"https:\/\/informelitoral.com.ar\/%77%70%2d%6a%73%6f%6e\/wp\/v2\/posts\/259082\/revisions\/259084"}],"wp:featuredmedia":[{"embeddable":true,"href":"https:\/\/informelitoral.com.ar\/%77%70%2d%6a%73%6f%6e\/wp\/v2\/media\/259083"}],"wp:attachment":[{"href":"https:\/\/informelitoral.com.ar\/%77%70%2d%6a%73%6f%6e\/wp\/v2\/media?parent=259082"}],"wp:term":[{"taxonomy":"category","embeddable":true,"href":"https:\/\/informelitoral.com.ar\/%77%70%2d%6a%73%6f%6e\/wp\/v2\/categories?post=259082"},{"taxonomy":"post_tag","embeddable":true,"href":"https:\/\/informelitoral.com.ar\/%77%70%2d%6a%73%6f%6e\/wp\/v2\/tags?post=259082"}],"curies":[{"name":"wp","href":"https:\/\/api.w.org\/{rel}","templated":true}]}}