{"id":259043,"date":"2026-04-30T09:13:56","date_gmt":"2026-04-30T12:13:56","guid":{"rendered":"https:\/\/informelitoral.com.ar\/?p=259043"},"modified":"2026-04-30T09:13:56","modified_gmt":"2026-04-30T12:13:56","slug":"enargas-oficializo-el-nuevo-cuadro-tarifario-para-el-trasporte-de-gas-en-entre-rios","status":"publish","type":"post","link":"https:\/\/informelitoral.com.ar\/enargas-oficializo-el-nuevo-cuadro-tarifario-para-el-trasporte-de-gas-en-entre-rios\/","title":{"rendered":"ENARGAS oficializ\u00f3 el nuevo cuadro tarifario para el trasporte de gas en Entre R\u00edos"},"content":{"rendered":"<p><strong>El Ente Nacional Regulador del Gas (ENARGAS)<\/strong> dispuso una actualizaci\u00f3n integral en las tarifas de transporte de gas que aplica la<strong> Compa\u00f1\u00eda Entrerriana de Gas S.A.<\/strong> (CEGSA), en sinton\u00eda con las pol\u00edticas de adecuaci\u00f3n de precios que el Gobierno nacional viene implementando en el sector energ\u00e9tico. A trav\u00e9s de la Resoluci\u00f3n 451\/2026, se aprobaron los nuevos cuadros tarifarios de transici\u00f3n para la provincia de <strong>Entre R\u00edos<\/strong>, una decisi\u00f3n que se enmarca en la pr\u00f3rroga de la emergencia energ\u00e9tica declarada originalmente en 2023. Esta normativa busca garantizar la sostenibilidad del sistema y la continuidad de las inversiones necesarias para el mantenimiento de la infraestructura gas\u00edfera en la regi\u00f3n.<\/p>\n<p><img decoding=\"async\" class=\"aligncenter\" src=\"https:\/\/econojournal.com.ar\/%77%70%2d%63%6f%6e%74%65%6e%74\/uploads\/2024\/11\/Gas-5-1024x683.jpg\" alt=\"Enargas niega que el mayor poder cal\u00f3rico del gas proveniente de Vaca  Muerta suponga un riesgo para los usuarios \u2022 econojournal.com.ar\" \/><\/p>\n<p>El ajuste tarifario sigue la metodolog\u00eda aplicada recientemente a las grandes operadoras nacionales, como <strong>Transportadora de Gas del Norte (TGN) y Transportadora de Gas del Sur (TGS)<\/strong>. Desde el Ministerio de Econom\u00eda destacaron que la medida resulta razonable y prudente para sostener el funcionamiento del servicio en un contexto econ\u00f3mico de transici\u00f3n. Seg\u00fan lo establecido por el organismo regulador, la empresa provincial tiene ahora la obligaci\u00f3n de publicar estos nuevos valores en medios de comunicaci\u00f3n de amplia circulaci\u00f3n durante tres d\u00edas consecutivos, asegurando as\u00ed que los usuarios tengan acceso pleno a la informaci\u00f3n sobre los cambios en sus costos fijos y variables.<\/p>\n<h6><strong><em>Te puede interesar: <a href=\"https:\/\/informelitoral.com.ar\/suben-las-temperaturas-y-hay-leves-chances-de-chaparrones-para-el-viernes\/\" target=\"_blank\" rel=\"noopener\">Suben las temperaturas y hay leves chances de chaparrones para el viernes<\/a><\/em><\/strong><\/h6>\n<p>En cuanto a los valores espec\u00edficos que entrar\u00e1n en vigencia, la resoluci\u00f3n detalla que el servicio firme tendr\u00e1 un cargo de <strong>$270,83 por metro c\u00fabico por d\u00eda<\/strong>, con un coeficiente de gas retenido estimado en el <strong>0,66%<\/strong>. Por otro lado, para la modalidad de transporte interrumpible, el valor se fij\u00f3 en <strong>$9.028,05 por cada 1.000 metros c\u00fabicos<\/strong>, manteniendo el mismo porcentaje de retenci\u00f3n. Asimismo, el servicio de intercambio y desplazamiento pasar\u00e1 a tener un costo de <strong>$3.099,69 por cada 1.000 metros c\u00fabicos<\/strong>, cifras que tendr\u00e1n un impacto directo en la composici\u00f3n final de las facturas que reciben los hogares y las industrias entrerrianas.<\/p>\n","protected":false},"excerpt":{"rendered":"<p>La medida impacta en los servicios prestados por las Compa\u00f1\u00eda Entrerriana de Gas S.A (CEGSA). <\/p>\n","protected":false},"author":2,"featured_media":217025,"comment_status":"open","ping_status":"open","sticky":false,"template":"","format":"standard","meta":{"fifu_image_url":"","fifu_image_alt":"","footnotes":""},"categories":[1594],"tags":[172,132,476],"class_list":{"0":"post-259043","1":"post","2":"type-post","3":"status-publish","4":"format-standard","5":"has-post-thumbnail","7":"category-economia","8":"tag-aumento","9":"tag-gas","10":"tag-transporte"},"yoast_head":"<title>ENARGAS oficializ\u00f3 el nuevo cuadro tarifario para el trasporte de gas en Entre R\u00edos - Informe Litoral<\/title>\n<meta name=\"robots\" content=\"index, follow, max-snippet:-1, max-image-preview:large, max-video-preview:-1\" \/>\n<link rel=\"canonical\" href=\"https:\/\/informelitoral.com.ar\/enargas-oficializo-el-nuevo-cuadro-tarifario-para-el-trasporte-de-gas-en-entre-rios\/\" \/>\n<meta property=\"og:locale\" content=\"es_ES\" \/>\n<meta property=\"og:type\" content=\"article\" \/>\n<meta property=\"og:title\" content=\"ENARGAS oficializ\u00f3 el nuevo cuadro tarifario para el trasporte de gas en Entre R\u00edos - Informe Litoral\" \/>\n<meta property=\"og:description\" content=\"La medida impacta en los servicios prestados por las Compa\u00f1\u00eda Entrerriana de Gas S.A (CEGSA).\" \/>\n<meta property=\"og:url\" content=\"https:\/\/informelitoral.com.ar\/enargas-oficializo-el-nuevo-cuadro-tarifario-para-el-trasporte-de-gas-en-entre-rios\/\" \/>\n<meta property=\"og:site_name\" content=\"Informe Litoral\" \/>\n<meta property=\"article:publisher\" content=\"https:\/\/www.facebook.com\/informelitoral\/\" \/>\n<meta property=\"article:published_time\" content=\"2026-04-30T12:13:56+00:00\" \/>\n<meta property=\"og:image\" content=\"https:\/\/informelitoral.com.ar\/%77%70%2d%63%6f%6e%74%65%6e%74\/uploads\/2025\/04\/6216359474505-scaled.jpg\" \/>\n\t<meta property=\"og:image:width\" content=\"2560\" \/>\n\t<meta property=\"og:image:height\" content=\"1700\" \/>\n\t<meta property=\"og:image:type\" content=\"image\/jpeg\" \/>\n<meta name=\"author\" content=\"Gonzalo Schmidt\" \/>\n<meta name=\"twitter:card\" content=\"summary_large_image\" \/>\n<meta name=\"twitter:creator\" content=\"@InformeLitoral\" \/>\n<meta name=\"twitter:site\" content=\"@InformeLitoral\" \/>\n<meta name=\"twitter:label1\" content=\"Escrito por\" \/>\n\t<meta name=\"twitter:data1\" content=\"Gonzalo Schmidt\" \/>\n\t<meta name=\"twitter:label2\" content=\"Tiempo de lectura\" \/>\n\t<meta name=\"twitter:data2\" content=\"2 minutos\" \/>\n<script type=\"application\/ld+json\" class=\"yoast-schema-graph\">{\"@context\":\"https:\\\/\\\/schema.org\",\"@graph\":[{\"@type\":\"Article\",\"@id\":\"https:\\\/\\\/informelitoral.com.ar\\\/enargas-oficializo-el-nuevo-cuadro-tarifario-para-el-trasporte-de-gas-en-entre-rios\\\/#article\",\"isPartOf\":{\"@id\":\"https:\\\/\\\/informelitoral.com.ar\\\/enargas-oficializo-el-nuevo-cuadro-tarifario-para-el-trasporte-de-gas-en-entre-rios\\\/\"},\"author\":{\"name\":\"Gonzalo Schmidt\",\"@id\":\"https:\\\/\\\/informelitoral.com.ar\\\/#\\\/schema\\\/person\\\/b9d00407c836482871ef1d57bf8e3180\"},\"headline\":\"ENARGAS oficializ\u00f3 el nuevo cuadro tarifario para el trasporte de gas en Entre R\u00edos\",\"datePublished\":\"2026-04-30T12:13:56+00:00\",\"mainEntityOfPage\":{\"@id\":\"https:\\\/\\\/informelitoral.com.ar\\\/enargas-oficializo-el-nuevo-cuadro-tarifario-para-el-trasporte-de-gas-en-entre-rios\\\/\"},\"wordCount\":370,\"commentCount\":0,\"publisher\":{\"@id\":\"https:\\\/\\\/informelitoral.com.ar\\\/#organization\"},\"image\":{\"@id\":\"https:\\\/\\\/informelitoral.com.ar\\\/enargas-oficializo-el-nuevo-cuadro-tarifario-para-el-trasporte-de-gas-en-entre-rios\\\/#primaryimage\"},\"thumbnailUrl\":\"https:\\\/\\\/informelitoral.com.ar\\\/%77%70%2d%63%6f%6e%74%65%6e%74\\\/uploads\\\/2025\\\/04\\\/6216359474505-scaled.jpg\",\"keywords\":[\"Aumento\",\"Gas\",\"Transporte\"],\"articleSection\":[\"Econom\u00eda\"],\"inLanguage\":\"es\",\"potentialAction\":[{\"@type\":\"CommentAction\",\"name\":\"Comment\",\"target\":[\"https:\\\/\\\/informelitoral.com.ar\\\/enargas-oficializo-el-nuevo-cuadro-tarifario-para-el-trasporte-de-gas-en-entre-rios\\\/#respond\"]}]},{\"@type\":\"WebPage\",\"@id\":\"https:\\\/\\\/informelitoral.com.ar\\\/enargas-oficializo-el-nuevo-cuadro-tarifario-para-el-trasporte-de-gas-en-entre-rios\\\/\",\"url\":\"https:\\\/\\\/informelitoral.com.ar\\\/enargas-oficializo-el-nuevo-cuadro-tarifario-para-el-trasporte-de-gas-en-entre-rios\\\/\",\"name\":\"ENARGAS oficializ\u00f3 el nuevo cuadro tarifario para el trasporte de gas en Entre R\u00edos - Informe Litoral\",\"isPartOf\":{\"@id\":\"https:\\\/\\\/informelitoral.com.ar\\\/#website\"},\"primaryImageOfPage\":{\"@id\":\"https:\\\/\\\/informelitoral.com.ar\\\/enargas-oficializo-el-nuevo-cuadro-tarifario-para-el-trasporte-de-gas-en-entre-rios\\\/#primaryimage\"},\"image\":{\"@id\":\"https:\\\/\\\/informelitoral.com.ar\\\/enargas-oficializo-el-nuevo-cuadro-tarifario-para-el-trasporte-de-gas-en-entre-rios\\\/#primaryimage\"},\"thumbnailUrl\":\"https:\\\/\\\/informelitoral.com.ar\\\/%77%70%2d%63%6f%6e%74%65%6e%74\\\/uploads\\\/2025\\\/04\\\/6216359474505-scaled.jpg\",\"datePublished\":\"2026-04-30T12:13:56+00:00\",\"breadcrumb\":{\"@id\":\"https:\\\/\\\/informelitoral.com.ar\\\/enargas-oficializo-el-nuevo-cuadro-tarifario-para-el-trasporte-de-gas-en-entre-rios\\\/#breadcrumb\"},\"inLanguage\":\"es\",\"potentialAction\":[{\"@type\":\"ReadAction\",\"target\":[\"https:\\\/\\\/informelitoral.com.ar\\\/enargas-oficializo-el-nuevo-cuadro-tarifario-para-el-trasporte-de-gas-en-entre-rios\\\/\"]}]},{\"@type\":\"ImageObject\",\"inLanguage\":\"es\",\"@id\":\"https:\\\/\\\/informelitoral.com.ar\\\/enargas-oficializo-el-nuevo-cuadro-tarifario-para-el-trasporte-de-gas-en-entre-rios\\\/#primaryimage\",\"url\":\"https:\\\/\\\/informelitoral.com.ar\\\/%77%70%2d%63%6f%6e%74%65%6e%74\\\/uploads\\\/2025\\\/04\\\/6216359474505-scaled.jpg\",\"contentUrl\":\"https:\\\/\\\/informelitoral.com.ar\\\/%77%70%2d%63%6f%6e%74%65%6e%74\\\/uploads\\\/2025\\\/04\\\/6216359474505-scaled.jpg\",\"width\":2560,\"height\":1700},{\"@type\":\"BreadcrumbList\",\"@id\":\"https:\\\/\\\/informelitoral.com.ar\\\/enargas-oficializo-el-nuevo-cuadro-tarifario-para-el-trasporte-de-gas-en-entre-rios\\\/#breadcrumb\",\"itemListElement\":[{\"@type\":\"ListItem\",\"position\":1,\"name\":\"Portada\",\"item\":\"https:\\\/\\\/informelitoral.com.ar\\\/\"},{\"@type\":\"ListItem\",\"position\":2,\"name\":\"ENARGAS oficializ\u00f3 el nuevo cuadro tarifario para el trasporte de gas en Entre R\u00edos\"}]},{\"@type\":\"WebSite\",\"@id\":\"https:\\\/\\\/informelitoral.com.ar\\\/#website\",\"url\":\"https:\\\/\\\/informelitoral.com.ar\\\/\",\"name\":\"Informe Litoral\",\"description\":\"&quot;Nos informamos&quot; \",\"publisher\":{\"@id\":\"https:\\\/\\\/informelitoral.com.ar\\\/#organization\"},\"potentialAction\":[{\"@type\":\"SearchAction\",\"target\":{\"@type\":\"EntryPoint\",\"urlTemplate\":\"https:\\\/\\\/informelitoral.com.ar\\\/?s={search_term_string}\"},\"query-input\":{\"@type\":\"PropertyValueSpecification\",\"valueRequired\":true,\"valueName\":\"search_term_string\"}}],\"inLanguage\":\"es\"},{\"@type\":\"Organization\",\"@id\":\"https:\\\/\\\/informelitoral.com.ar\\\/#organization\",\"name\":\"Informe Litoral\",\"url\":\"https:\\\/\\\/informelitoral.com.ar\\\/\",\"logo\":{\"@type\":\"ImageObject\",\"inLanguage\":\"es\",\"@id\":\"https:\\\/\\\/informelitoral.com.ar\\\/#\\\/schema\\\/logo\\\/image\\\/\",\"url\":\"https:\\\/\\\/informelitoral.com.ar\\\/%77%70%2d%63%6f%6e%74%65%6e%74\\\/uploads\\\/2021\\\/01\\\/circulo.png\",\"contentUrl\":\"https:\\\/\\\/informelitoral.com.ar\\\/%77%70%2d%63%6f%6e%74%65%6e%74\\\/uploads\\\/2021\\\/01\\\/circulo.png\",\"width\":723,\"height\":731,\"caption\":\"Informe Litoral\"},\"image\":{\"@id\":\"https:\\\/\\\/informelitoral.com.ar\\\/#\\\/schema\\\/logo\\\/image\\\/\"},\"sameAs\":[\"https:\\\/\\\/www.facebook.com\\\/informelitoral\\\/\",\"https:\\\/\\\/x.com\\\/InformeLitoral\",\"https:\\\/\\\/www.instagram.com\\\/informelitoral\\\/\",\"https:\\\/\\\/www.youtube.com\\\/channel\\\/UCua4Qvz8Icb6MYqhoq9xLXw\"]},{\"@type\":\"Person\",\"@id\":\"https:\\\/\\\/informelitoral.com.ar\\\/#\\\/schema\\\/person\\\/b9d00407c836482871ef1d57bf8e3180\",\"name\":\"Gonzalo Schmidt\",\"image\":{\"@type\":\"ImageObject\",\"inLanguage\":\"es\",\"@id\":\"https:\\\/\\\/secure.gravatar.com\\\/avatar\\\/31a1a7b66ff2de83bd0e9fd79d026630d2d99e55e8bfe501287647b4fd9743de?s=96&d=mm&r=g\",\"url\":\"https:\\\/\\\/secure.gravatar.com\\\/avatar\\\/31a1a7b66ff2de83bd0e9fd79d026630d2d99e55e8bfe501287647b4fd9743de?s=96&d=mm&r=g\",\"contentUrl\":\"https:\\\/\\\/secure.gravatar.com\\\/avatar\\\/31a1a7b66ff2de83bd0e9fd79d026630d2d99e55e8bfe501287647b4fd9743de?s=96&d=mm&r=g\",\"caption\":\"Gonzalo Schmidt\"},\"description\":\"Sitio web de noticias de la provincia de Entre R\u00edos, Argentina. Informaci\u00f3n y entretenimiento. Informe Litoral, nos informamos.\",\"sameAs\":[\"http:\\\/\\\/www.isletasnoticias.com.ar\"],\"url\":\"https:\\\/\\\/informelitoral.com.ar\\\/author\\\/gonzalo\\\/\"}]}<\/script>","yoast_head_json":{"title":"ENARGAS oficializ\u00f3 el nuevo cuadro tarifario para el trasporte de gas en Entre R\u00edos - Informe Litoral","robots":{"index":"index","follow":"follow","max-snippet":"max-snippet:-1","max-image-preview":"max-image-preview:large","max-video-preview":"max-video-preview:-1"},"canonical":"https:\/\/informelitoral.com.ar\/enargas-oficializo-el-nuevo-cuadro-tarifario-para-el-trasporte-de-gas-en-entre-rios\/","og_locale":"es_ES","og_type":"article","og_title":"ENARGAS oficializ\u00f3 el nuevo cuadro tarifario para el trasporte de gas en Entre R\u00edos - Informe Litoral","og_description":"La medida impacta en los servicios prestados por las Compa\u00f1\u00eda Entrerriana de Gas S.A (CEGSA).","og_url":"https:\/\/informelitoral.com.ar\/enargas-oficializo-el-nuevo-cuadro-tarifario-para-el-trasporte-de-gas-en-entre-rios\/","og_site_name":"Informe Litoral","article_publisher":"https:\/\/www.facebook.com\/informelitoral\/","article_published_time":"2026-04-30T12:13:56+00:00","og_image":[{"width":2560,"height":1700,"url":"https:\/\/informelitoral.com.ar\/%77%70%2d%63%6f%6e%74%65%6e%74\/uploads\/2025\/04\/6216359474505-scaled.jpg","type":"image\/jpeg"}],"author":"Gonzalo Schmidt","twitter_card":"summary_large_image","twitter_creator":"@InformeLitoral","twitter_site":"@InformeLitoral","twitter_misc":{"Escrito por":"Gonzalo Schmidt","Tiempo de lectura":"2 minutos"},"schema":{"@context":"https:\/\/schema.org","@graph":[{"@type":"Article","@id":"https:\/\/informelitoral.com.ar\/enargas-oficializo-el-nuevo-cuadro-tarifario-para-el-trasporte-de-gas-en-entre-rios\/#article","isPartOf":{"@id":"https:\/\/informelitoral.com.ar\/enargas-oficializo-el-nuevo-cuadro-tarifario-para-el-trasporte-de-gas-en-entre-rios\/"},"author":{"name":"Gonzalo Schmidt","@id":"https:\/\/informelitoral.com.ar\/#\/schema\/person\/b9d00407c836482871ef1d57bf8e3180"},"headline":"ENARGAS oficializ\u00f3 el nuevo cuadro tarifario para el trasporte de gas en Entre R\u00edos","datePublished":"2026-04-30T12:13:56+00:00","mainEntityOfPage":{"@id":"https:\/\/informelitoral.com.ar\/enargas-oficializo-el-nuevo-cuadro-tarifario-para-el-trasporte-de-gas-en-entre-rios\/"},"wordCount":370,"commentCount":0,"publisher":{"@id":"https:\/\/informelitoral.com.ar\/#organization"},"image":{"@id":"https:\/\/informelitoral.com.ar\/enargas-oficializo-el-nuevo-cuadro-tarifario-para-el-trasporte-de-gas-en-entre-rios\/#primaryimage"},"thumbnailUrl":"https:\/\/informelitoral.com.ar\/%77%70%2d%63%6f%6e%74%65%6e%74\/uploads\/2025\/04\/6216359474505-scaled.jpg","keywords":["Aumento","Gas","Transporte"],"articleSection":["Econom\u00eda"],"inLanguage":"es","potentialAction":[{"@type":"CommentAction","name":"Comment","target":["https:\/\/informelitoral.com.ar\/enargas-oficializo-el-nuevo-cuadro-tarifario-para-el-trasporte-de-gas-en-entre-rios\/#respond"]}]},{"@type":"WebPage","@id":"https:\/\/informelitoral.com.ar\/enargas-oficializo-el-nuevo-cuadro-tarifario-para-el-trasporte-de-gas-en-entre-rios\/","url":"https:\/\/informelitoral.com.ar\/enargas-oficializo-el-nuevo-cuadro-tarifario-para-el-trasporte-de-gas-en-entre-rios\/","name":"ENARGAS oficializ\u00f3 el nuevo cuadro tarifario para el trasporte de gas en Entre R\u00edos - Informe Litoral","isPartOf":{"@id":"https:\/\/informelitoral.com.ar\/#website"},"primaryImageOfPage":{"@id":"https:\/\/informelitoral.com.ar\/enargas-oficializo-el-nuevo-cuadro-tarifario-para-el-trasporte-de-gas-en-entre-rios\/#primaryimage"},"image":{"@id":"https:\/\/informelitoral.com.ar\/enargas-oficializo-el-nuevo-cuadro-tarifario-para-el-trasporte-de-gas-en-entre-rios\/#primaryimage"},"thumbnailUrl":"https:\/\/informelitoral.com.ar\/%77%70%2d%63%6f%6e%74%65%6e%74\/uploads\/2025\/04\/6216359474505-scaled.jpg","datePublished":"2026-04-30T12:13:56+00:00","breadcrumb":{"@id":"https:\/\/informelitoral.com.ar\/enargas-oficializo-el-nuevo-cuadro-tarifario-para-el-trasporte-de-gas-en-entre-rios\/#breadcrumb"},"inLanguage":"es","potentialAction":[{"@type":"ReadAction","target":["https:\/\/informelitoral.com.ar\/enargas-oficializo-el-nuevo-cuadro-tarifario-para-el-trasporte-de-gas-en-entre-rios\/"]}]},{"@type":"ImageObject","inLanguage":"es","@id":"https:\/\/informelitoral.com.ar\/enargas-oficializo-el-nuevo-cuadro-tarifario-para-el-trasporte-de-gas-en-entre-rios\/#primaryimage","url":"https:\/\/informelitoral.com.ar\/%77%70%2d%63%6f%6e%74%65%6e%74\/uploads\/2025\/04\/6216359474505-scaled.jpg","contentUrl":"https:\/\/informelitoral.com.ar\/%77%70%2d%63%6f%6e%74%65%6e%74\/uploads\/2025\/04\/6216359474505-scaled.jpg","width":2560,"height":1700},{"@type":"BreadcrumbList","@id":"https:\/\/informelitoral.com.ar\/enargas-oficializo-el-nuevo-cuadro-tarifario-para-el-trasporte-de-gas-en-entre-rios\/#breadcrumb","itemListElement":[{"@type":"ListItem","position":1,"name":"Portada","item":"https:\/\/informelitoral.com.ar\/"},{"@type":"ListItem","position":2,"name":"ENARGAS oficializ\u00f3 el nuevo cuadro tarifario para el trasporte de gas en Entre R\u00edos"}]},{"@type":"WebSite","@id":"https:\/\/informelitoral.com.ar\/#website","url":"https:\/\/informelitoral.com.ar\/","name":"Informe Litoral","description":"&quot;Nos informamos&quot; ","publisher":{"@id":"https:\/\/informelitoral.com.ar\/#organization"},"potentialAction":[{"@type":"SearchAction","target":{"@type":"EntryPoint","urlTemplate":"https:\/\/informelitoral.com.ar\/?s={search_term_string}"},"query-input":{"@type":"PropertyValueSpecification","valueRequired":true,"valueName":"search_term_string"}}],"inLanguage":"es"},{"@type":"Organization","@id":"https:\/\/informelitoral.com.ar\/#organization","name":"Informe Litoral","url":"https:\/\/informelitoral.com.ar\/","logo":{"@type":"ImageObject","inLanguage":"es","@id":"https:\/\/informelitoral.com.ar\/#\/schema\/logo\/image\/","url":"https:\/\/informelitoral.com.ar\/%77%70%2d%63%6f%6e%74%65%6e%74\/uploads\/2021\/01\/circulo.png","contentUrl":"https:\/\/informelitoral.com.ar\/%77%70%2d%63%6f%6e%74%65%6e%74\/uploads\/2021\/01\/circulo.png","width":723,"height":731,"caption":"Informe Litoral"},"image":{"@id":"https:\/\/informelitoral.com.ar\/#\/schema\/logo\/image\/"},"sameAs":["https:\/\/www.facebook.com\/informelitoral\/","https:\/\/x.com\/InformeLitoral","https:\/\/www.instagram.com\/informelitoral\/","https:\/\/www.youtube.com\/channel\/UCua4Qvz8Icb6MYqhoq9xLXw"]},{"@type":"Person","@id":"https:\/\/informelitoral.com.ar\/#\/schema\/person\/b9d00407c836482871ef1d57bf8e3180","name":"Gonzalo Schmidt","image":{"@type":"ImageObject","inLanguage":"es","@id":"https:\/\/secure.gravatar.com\/avatar\/31a1a7b66ff2de83bd0e9fd79d026630d2d99e55e8bfe501287647b4fd9743de?s=96&d=mm&r=g","url":"https:\/\/secure.gravatar.com\/avatar\/31a1a7b66ff2de83bd0e9fd79d026630d2d99e55e8bfe501287647b4fd9743de?s=96&d=mm&r=g","contentUrl":"https:\/\/secure.gravatar.com\/avatar\/31a1a7b66ff2de83bd0e9fd79d026630d2d99e55e8bfe501287647b4fd9743de?s=96&d=mm&r=g","caption":"Gonzalo Schmidt"},"description":"Sitio web de noticias de la provincia de Entre R\u00edos, Argentina. Informaci\u00f3n y entretenimiento. Informe Litoral, nos informamos.","sameAs":["http:\/\/www.isletasnoticias.com.ar"],"url":"https:\/\/informelitoral.com.ar\/author\/gonzalo\/"}]}},"_links":{"self":[{"href":"https:\/\/informelitoral.com.ar\/%77%70%2d%6a%73%6f%6e\/wp\/v2\/posts\/259043","targetHints":{"allow":["GET"]}}],"collection":[{"href":"https:\/\/informelitoral.com.ar\/%77%70%2d%6a%73%6f%6e\/wp\/v2\/posts"}],"about":[{"href":"https:\/\/informelitoral.com.ar\/%77%70%2d%6a%73%6f%6e\/wp\/v2\/types\/post"}],"author":[{"embeddable":true,"href":"https:\/\/informelitoral.com.ar\/%77%70%2d%6a%73%6f%6e\/wp\/v2\/users\/2"}],"replies":[{"embeddable":true,"href":"https:\/\/informelitoral.com.ar\/%77%70%2d%6a%73%6f%6e\/wp\/v2\/comments?post=259043"}],"version-history":[{"count":1,"href":"https:\/\/informelitoral.com.ar\/%77%70%2d%6a%73%6f%6e\/wp\/v2\/posts\/259043\/revisions"}],"predecessor-version":[{"id":259044,"href":"https:\/\/informelitoral.com.ar\/%77%70%2d%6a%73%6f%6e\/wp\/v2\/posts\/259043\/revisions\/259044"}],"wp:featuredmedia":[{"embeddable":true,"href":"https:\/\/informelitoral.com.ar\/%77%70%2d%6a%73%6f%6e\/wp\/v2\/media\/217025"}],"wp:attachment":[{"href":"https:\/\/informelitoral.com.ar\/%77%70%2d%6a%73%6f%6e\/wp\/v2\/media?parent=259043"}],"wp:term":[{"taxonomy":"category","embeddable":true,"href":"https:\/\/informelitoral.com.ar\/%77%70%2d%6a%73%6f%6e\/wp\/v2\/categories?post=259043"},{"taxonomy":"post_tag","embeddable":true,"href":"https:\/\/informelitoral.com.ar\/%77%70%2d%6a%73%6f%6e\/wp\/v2\/tags?post=259043"}],"curies":[{"name":"wp","href":"https:\/\/api.w.org\/{rel}","templated":true}]}}