{"id":259039,"date":"2026-04-30T09:02:02","date_gmt":"2026-04-30T12:02:02","guid":{"rendered":"https:\/\/informelitoral.com.ar\/?p=259039"},"modified":"2026-04-30T09:14:26","modified_gmt":"2026-04-30T12:14:26","slug":"la-cgt-se-moviliza-a-plaza-de-mayo-en-el-marco-del-dia-del-trabajador","status":"publish","type":"post","link":"https:\/\/informelitoral.com.ar\/la-cgt-se-moviliza-a-plaza-de-mayo-en-el-marco-del-dia-del-trabajador\/","title":{"rendered":"La CGT se moviliza a Plaza de Mayo en el marco del D\u00eda del Trabajador"},"content":{"rendered":"<p>En la previa del <strong>1\u00b0 de mayo<\/strong>, la <strong>Confederaci\u00f3n General del Trabajo (CGT)<\/strong> llevar\u00e1 adelante una movilizaci\u00f3n hacia la <strong>Plaza de Mayo<\/strong> con el fin de exponer su visi\u00f3n sobre la actualidad econ\u00f3mica y laboral del pa\u00eds. La convocatoria principal est\u00e1 prevista para las 15, punto de encuentro donde confluir\u00e1n diversas organizaciones sindicales y agrupaciones en una jornada marcada por la actividad gremial y la participaci\u00f3n de distintos actores de la sociedad civil.<\/p>\n<p><a href=\"https:\/\/drive.google.com\/thumbnail?id=1dJXtBTt45xFSd6zQ_6xqzMnIyQPXvmsZ&amp;sz=w2048\"><img loading=\"lazy\" decoding=\"async\" class=\"aligncenter wp-image-250321 size-large\" src=\"https:\/\/drive.google.com\/thumbnail?id=1dJXtBTt45xFSd6zQ_6xqzMnIyQPXvmsZ&amp;sz=w2048-h2048\" alt=\"\" width=\"1024\" height=\"1024\" \/><\/a><\/p>\n<p>Durante el desarrollo del acto, las autoridades de la central obrera presentar\u00e1n un documento oficial en el que se analiza el impacto del programa econ\u00f3mico vigente en la industria, la construcci\u00f3n y el comercio. El texto pone especial \u00e9nfasis en la situaci\u00f3n de los puestos de trabajo y el nivel de informalidad laboral, se\u00f1alando adem\u00e1s la preocupaci\u00f3n del sector por la evoluci\u00f3n de los precios y la p\u00e9rdida del poder adquisitivo en las paritarias actuales.<\/p>\n<p>Otro de los puntos destacados de la jornada ser\u00e1 el posicionamiento sobre la reforma laboral. La dirigencia reafirmar\u00e1 su postura de resguardar los derechos colectivos e individuales vigentes, manifestando que mantendr\u00e1n sus presentaciones ante la Justicia para administrar las acciones directas. Se espera que la manifestaci\u00f3n se desarrolle de manera masiva, priorizando la visibilizaci\u00f3n de sus reclamos sectoriales en un escenario de alta exposici\u00f3n p\u00fablica.<\/p>\n<h6><em><strong>Del archivo:\u00a0<a href=\"https:\/\/informelitoral.com.ar\/entraran-en-vigencia-los-nuevos-aumentos-en-los-peajes-de-las-rutas-12-y-14-los-valores-se-duplicaran-para-el-pago-manual\/\" target=\"_blank\" rel=\"noopener\">Entrar\u00e1n en vigencia los nuevos aumentos en los peajes de las rutas 12 y 14: los valores se duplicar\u00e1n para el pago manual<\/a><\/strong><\/em><\/h6>\n<p>Esta movilizaci\u00f3n tiene tambi\u00e9n su r\u00e9plica en distintos puntos del pa\u00eds, como en la ciudad de Paran\u00e1, donde gremios locales y agrupaciones como la Multisectorial convocaron a sus propias actividades. Los representantes sindicales regionales hicieron hincapi\u00e9 en la falta de previsibilidad para los trabajadores y la dificultad de los salarios para cubrir el costo de vida b\u00e1sico, incluyendo servicios y alquileres, en el marco de las conmemoraciones por el D\u00eda del Trabajador.<\/p>\n","protected":false},"excerpt":{"rendered":"<p>Gremios y movimientos sociales se concentrar\u00e1n este mediod\u00eda para realizar un acto central y dar lectura a un documento conjunto.<\/p>\n","protected":false},"author":2,"featured_media":250134,"comment_status":"open","ping_status":"open","sticky":false,"template":"","format":"standard","meta":{"fifu_image_url":"","fifu_image_alt":"","footnotes":""},"categories":[16],"tags":[536,5817],"class_list":{"0":"post-259039","1":"post","2":"type-post","3":"status-publish","4":"format-standard","5":"has-post-thumbnail","7":"category-politi","8":"tag-cgt","9":"tag-movilizacion"},"yoast_head":"<title>La CGT se moviliza a Plaza de Mayo en el marco del D\u00eda del Trabajador - Informe Litoral<\/title>\n<meta name=\"robots\" content=\"index, follow, max-snippet:-1, max-image-preview:large, max-video-preview:-1\" \/>\n<link rel=\"canonical\" href=\"https:\/\/informelitoral.com.ar\/la-cgt-se-moviliza-a-plaza-de-mayo-en-el-marco-del-dia-del-trabajador\/\" \/>\n<meta property=\"og:locale\" content=\"es_ES\" \/>\n<meta property=\"og:type\" content=\"article\" \/>\n<meta property=\"og:title\" content=\"La CGT se moviliza a Plaza de Mayo en el marco del D\u00eda del Trabajador - Informe Litoral\" \/>\n<meta property=\"og:description\" content=\"Gremios y movimientos sociales se concentrar\u00e1n este mediod\u00eda para realizar un acto central y dar lectura a un documento conjunto.\" \/>\n<meta property=\"og:url\" content=\"https:\/\/informelitoral.com.ar\/la-cgt-se-moviliza-a-plaza-de-mayo-en-el-marco-del-dia-del-trabajador\/\" \/>\n<meta property=\"og:site_name\" content=\"Informe Litoral\" \/>\n<meta property=\"article:publisher\" content=\"https:\/\/www.facebook.com\/informelitoral\/\" \/>\n<meta property=\"article:published_time\" content=\"2026-04-30T12:02:02+00:00\" \/>\n<meta property=\"article:modified_time\" content=\"2026-04-30T12:14:26+00:00\" \/>\n<meta property=\"og:image\" content=\"https:\/\/drive.google.com\/thumbnail?id=1TZrDJj9uCcZI8XPx2auEFUXWpESce49X&sz=w2048\" \/>\n\t<meta property=\"og:image:width\" content=\"1200\" \/>\n\t<meta property=\"og:image:height\" content=\"580\" \/>\n\t<meta property=\"og:image:type\" content=\"image\/jpeg\" \/>\n<meta name=\"author\" content=\"Gonzalo Schmidt\" \/>\n<meta name=\"twitter:card\" content=\"summary_large_image\" \/>\n<meta name=\"twitter:creator\" content=\"@InformeLitoral\" \/>\n<meta name=\"twitter:site\" content=\"@InformeLitoral\" \/>\n<meta name=\"twitter:label1\" content=\"Escrito por\" \/>\n\t<meta name=\"twitter:data1\" content=\"Gonzalo Schmidt\" \/>\n\t<meta name=\"twitter:label2\" content=\"Tiempo de lectura\" \/>\n\t<meta name=\"twitter:data2\" content=\"2 minutos\" \/>\n<script type=\"application\/ld+json\" class=\"yoast-schema-graph\">{\"@context\":\"https:\\\/\\\/schema.org\",\"@graph\":[{\"@type\":\"Article\",\"@id\":\"https:\\\/\\\/informelitoral.com.ar\\\/la-cgt-se-moviliza-a-plaza-de-mayo-en-el-marco-del-dia-del-trabajador\\\/#article\",\"isPartOf\":{\"@id\":\"https:\\\/\\\/informelitoral.com.ar\\\/la-cgt-se-moviliza-a-plaza-de-mayo-en-el-marco-del-dia-del-trabajador\\\/\"},\"author\":{\"name\":\"Gonzalo Schmidt\",\"@id\":\"https:\\\/\\\/informelitoral.com.ar\\\/#\\\/schema\\\/person\\\/b9d00407c836482871ef1d57bf8e3180\"},\"headline\":\"La CGT se moviliza a Plaza de Mayo en el marco del D\u00eda del Trabajador\",\"datePublished\":\"2026-04-30T12:02:02+00:00\",\"dateModified\":\"2026-04-30T12:14:26+00:00\",\"mainEntityOfPage\":{\"@id\":\"https:\\\/\\\/informelitoral.com.ar\\\/la-cgt-se-moviliza-a-plaza-de-mayo-en-el-marco-del-dia-del-trabajador\\\/\"},\"wordCount\":351,\"commentCount\":0,\"publisher\":{\"@id\":\"https:\\\/\\\/informelitoral.com.ar\\\/#organization\"},\"image\":{\"@id\":\"https:\\\/\\\/informelitoral.com.ar\\\/la-cgt-se-moviliza-a-plaza-de-mayo-en-el-marco-del-dia-del-trabajador\\\/#primaryimage\"},\"thumbnailUrl\":\"https:\\\/\\\/drive.google.com\\\/thumbnail?id=1TZrDJj9uCcZI8XPx2auEFUXWpESce49X&sz=w2048\",\"keywords\":[\"CGT\",\"Movilizaci\u00f3n\"],\"articleSection\":[\"Politica\"],\"inLanguage\":\"es\",\"potentialAction\":[{\"@type\":\"CommentAction\",\"name\":\"Comment\",\"target\":[\"https:\\\/\\\/informelitoral.com.ar\\\/la-cgt-se-moviliza-a-plaza-de-mayo-en-el-marco-del-dia-del-trabajador\\\/#respond\"]}]},{\"@type\":\"WebPage\",\"@id\":\"https:\\\/\\\/informelitoral.com.ar\\\/la-cgt-se-moviliza-a-plaza-de-mayo-en-el-marco-del-dia-del-trabajador\\\/\",\"url\":\"https:\\\/\\\/informelitoral.com.ar\\\/la-cgt-se-moviliza-a-plaza-de-mayo-en-el-marco-del-dia-del-trabajador\\\/\",\"name\":\"La CGT se moviliza a Plaza de Mayo en el marco del D\u00eda del Trabajador - Informe Litoral\",\"isPartOf\":{\"@id\":\"https:\\\/\\\/informelitoral.com.ar\\\/#website\"},\"primaryImageOfPage\":{\"@id\":\"https:\\\/\\\/informelitoral.com.ar\\\/la-cgt-se-moviliza-a-plaza-de-mayo-en-el-marco-del-dia-del-trabajador\\\/#primaryimage\"},\"image\":{\"@id\":\"https:\\\/\\\/informelitoral.com.ar\\\/la-cgt-se-moviliza-a-plaza-de-mayo-en-el-marco-del-dia-del-trabajador\\\/#primaryimage\"},\"thumbnailUrl\":\"https:\\\/\\\/drive.google.com\\\/thumbnail?id=1TZrDJj9uCcZI8XPx2auEFUXWpESce49X&sz=w2048\",\"datePublished\":\"2026-04-30T12:02:02+00:00\",\"dateModified\":\"2026-04-30T12:14:26+00:00\",\"breadcrumb\":{\"@id\":\"https:\\\/\\\/informelitoral.com.ar\\\/la-cgt-se-moviliza-a-plaza-de-mayo-en-el-marco-del-dia-del-trabajador\\\/#breadcrumb\"},\"inLanguage\":\"es\",\"potentialAction\":[{\"@type\":\"ReadAction\",\"target\":[\"https:\\\/\\\/informelitoral.com.ar\\\/la-cgt-se-moviliza-a-plaza-de-mayo-en-el-marco-del-dia-del-trabajador\\\/\"]}]},{\"@type\":\"ImageObject\",\"inLanguage\":\"es\",\"@id\":\"https:\\\/\\\/informelitoral.com.ar\\\/la-cgt-se-moviliza-a-plaza-de-mayo-en-el-marco-del-dia-del-trabajador\\\/#primaryimage\",\"url\":\"https:\\\/\\\/drive.google.com\\\/thumbnail?id=1TZrDJj9uCcZI8XPx2auEFUXWpESce49X&sz=w2048\",\"contentUrl\":\"https:\\\/\\\/drive.google.com\\\/thumbnail?id=1TZrDJj9uCcZI8XPx2auEFUXWpESce49X&sz=w2048\",\"width\":1200,\"height\":580},{\"@type\":\"BreadcrumbList\",\"@id\":\"https:\\\/\\\/informelitoral.com.ar\\\/la-cgt-se-moviliza-a-plaza-de-mayo-en-el-marco-del-dia-del-trabajador\\\/#breadcrumb\",\"itemListElement\":[{\"@type\":\"ListItem\",\"position\":1,\"name\":\"Portada\",\"item\":\"https:\\\/\\\/informelitoral.com.ar\\\/\"},{\"@type\":\"ListItem\",\"position\":2,\"name\":\"La CGT se moviliza a Plaza de Mayo en el marco del D\u00eda del Trabajador\"}]},{\"@type\":\"WebSite\",\"@id\":\"https:\\\/\\\/informelitoral.com.ar\\\/#website\",\"url\":\"https:\\\/\\\/informelitoral.com.ar\\\/\",\"name\":\"Informe Litoral\",\"description\":\"&quot;Nos informamos&quot; \",\"publisher\":{\"@id\":\"https:\\\/\\\/informelitoral.com.ar\\\/#organization\"},\"potentialAction\":[{\"@type\":\"SearchAction\",\"target\":{\"@type\":\"EntryPoint\",\"urlTemplate\":\"https:\\\/\\\/informelitoral.com.ar\\\/?s={search_term_string}\"},\"query-input\":{\"@type\":\"PropertyValueSpecification\",\"valueRequired\":true,\"valueName\":\"search_term_string\"}}],\"inLanguage\":\"es\"},{\"@type\":\"Organization\",\"@id\":\"https:\\\/\\\/informelitoral.com.ar\\\/#organization\",\"name\":\"Informe Litoral\",\"url\":\"https:\\\/\\\/informelitoral.com.ar\\\/\",\"logo\":{\"@type\":\"ImageObject\",\"inLanguage\":\"es\",\"@id\":\"https:\\\/\\\/informelitoral.com.ar\\\/#\\\/schema\\\/logo\\\/image\\\/\",\"url\":\"https:\\\/\\\/informelitoral.com.ar\\\/%77%70%2d%63%6f%6e%74%65%6e%74\\\/uploads\\\/2021\\\/01\\\/circulo.png\",\"contentUrl\":\"https:\\\/\\\/informelitoral.com.ar\\\/%77%70%2d%63%6f%6e%74%65%6e%74\\\/uploads\\\/2021\\\/01\\\/circulo.png\",\"width\":723,\"height\":731,\"caption\":\"Informe Litoral\"},\"image\":{\"@id\":\"https:\\\/\\\/informelitoral.com.ar\\\/#\\\/schema\\\/logo\\\/image\\\/\"},\"sameAs\":[\"https:\\\/\\\/www.facebook.com\\\/informelitoral\\\/\",\"https:\\\/\\\/x.com\\\/InformeLitoral\",\"https:\\\/\\\/www.instagram.com\\\/informelitoral\\\/\",\"https:\\\/\\\/www.youtube.com\\\/channel\\\/UCua4Qvz8Icb6MYqhoq9xLXw\"]},{\"@type\":\"Person\",\"@id\":\"https:\\\/\\\/informelitoral.com.ar\\\/#\\\/schema\\\/person\\\/b9d00407c836482871ef1d57bf8e3180\",\"name\":\"Gonzalo Schmidt\",\"image\":{\"@type\":\"ImageObject\",\"inLanguage\":\"es\",\"@id\":\"https:\\\/\\\/secure.gravatar.com\\\/avatar\\\/31a1a7b66ff2de83bd0e9fd79d026630d2d99e55e8bfe501287647b4fd9743de?s=96&d=mm&r=g\",\"url\":\"https:\\\/\\\/secure.gravatar.com\\\/avatar\\\/31a1a7b66ff2de83bd0e9fd79d026630d2d99e55e8bfe501287647b4fd9743de?s=96&d=mm&r=g\",\"contentUrl\":\"https:\\\/\\\/secure.gravatar.com\\\/avatar\\\/31a1a7b66ff2de83bd0e9fd79d026630d2d99e55e8bfe501287647b4fd9743de?s=96&d=mm&r=g\",\"caption\":\"Gonzalo Schmidt\"},\"description\":\"Sitio web de noticias de la provincia de Entre R\u00edos, Argentina. Informaci\u00f3n y entretenimiento. Informe Litoral, nos informamos.\",\"sameAs\":[\"http:\\\/\\\/www.isletasnoticias.com.ar\"],\"url\":\"https:\\\/\\\/informelitoral.com.ar\\\/author\\\/gonzalo\\\/\"}]}<\/script>","yoast_head_json":{"title":"La CGT se moviliza a Plaza de Mayo en el marco del D\u00eda del Trabajador - Informe Litoral","robots":{"index":"index","follow":"follow","max-snippet":"max-snippet:-1","max-image-preview":"max-image-preview:large","max-video-preview":"max-video-preview:-1"},"canonical":"https:\/\/informelitoral.com.ar\/la-cgt-se-moviliza-a-plaza-de-mayo-en-el-marco-del-dia-del-trabajador\/","og_locale":"es_ES","og_type":"article","og_title":"La CGT se moviliza a Plaza de Mayo en el marco del D\u00eda del Trabajador - Informe Litoral","og_description":"Gremios y movimientos sociales se concentrar\u00e1n este mediod\u00eda para realizar un acto central y dar lectura a un documento conjunto.","og_url":"https:\/\/informelitoral.com.ar\/la-cgt-se-moviliza-a-plaza-de-mayo-en-el-marco-del-dia-del-trabajador\/","og_site_name":"Informe Litoral","article_publisher":"https:\/\/www.facebook.com\/informelitoral\/","article_published_time":"2026-04-30T12:02:02+00:00","article_modified_time":"2026-04-30T12:14:26+00:00","og_image":[{"width":1200,"height":580,"url":"https:\/\/drive.google.com\/thumbnail?id=1TZrDJj9uCcZI8XPx2auEFUXWpESce49X&sz=w2048","type":"image\/jpeg"}],"author":"Gonzalo Schmidt","twitter_card":"summary_large_image","twitter_creator":"@InformeLitoral","twitter_site":"@InformeLitoral","twitter_misc":{"Escrito por":"Gonzalo Schmidt","Tiempo de lectura":"2 minutos"},"schema":{"@context":"https:\/\/schema.org","@graph":[{"@type":"Article","@id":"https:\/\/informelitoral.com.ar\/la-cgt-se-moviliza-a-plaza-de-mayo-en-el-marco-del-dia-del-trabajador\/#article","isPartOf":{"@id":"https:\/\/informelitoral.com.ar\/la-cgt-se-moviliza-a-plaza-de-mayo-en-el-marco-del-dia-del-trabajador\/"},"author":{"name":"Gonzalo Schmidt","@id":"https:\/\/informelitoral.com.ar\/#\/schema\/person\/b9d00407c836482871ef1d57bf8e3180"},"headline":"La CGT se moviliza a Plaza de Mayo en el marco del D\u00eda del Trabajador","datePublished":"2026-04-30T12:02:02+00:00","dateModified":"2026-04-30T12:14:26+00:00","mainEntityOfPage":{"@id":"https:\/\/informelitoral.com.ar\/la-cgt-se-moviliza-a-plaza-de-mayo-en-el-marco-del-dia-del-trabajador\/"},"wordCount":351,"commentCount":0,"publisher":{"@id":"https:\/\/informelitoral.com.ar\/#organization"},"image":{"@id":"https:\/\/informelitoral.com.ar\/la-cgt-se-moviliza-a-plaza-de-mayo-en-el-marco-del-dia-del-trabajador\/#primaryimage"},"thumbnailUrl":"https:\/\/drive.google.com\/thumbnail?id=1TZrDJj9uCcZI8XPx2auEFUXWpESce49X&sz=w2048","keywords":["CGT","Movilizaci\u00f3n"],"articleSection":["Politica"],"inLanguage":"es","potentialAction":[{"@type":"CommentAction","name":"Comment","target":["https:\/\/informelitoral.com.ar\/la-cgt-se-moviliza-a-plaza-de-mayo-en-el-marco-del-dia-del-trabajador\/#respond"]}]},{"@type":"WebPage","@id":"https:\/\/informelitoral.com.ar\/la-cgt-se-moviliza-a-plaza-de-mayo-en-el-marco-del-dia-del-trabajador\/","url":"https:\/\/informelitoral.com.ar\/la-cgt-se-moviliza-a-plaza-de-mayo-en-el-marco-del-dia-del-trabajador\/","name":"La CGT se moviliza a Plaza de Mayo en el marco del D\u00eda del Trabajador - Informe Litoral","isPartOf":{"@id":"https:\/\/informelitoral.com.ar\/#website"},"primaryImageOfPage":{"@id":"https:\/\/informelitoral.com.ar\/la-cgt-se-moviliza-a-plaza-de-mayo-en-el-marco-del-dia-del-trabajador\/#primaryimage"},"image":{"@id":"https:\/\/informelitoral.com.ar\/la-cgt-se-moviliza-a-plaza-de-mayo-en-el-marco-del-dia-del-trabajador\/#primaryimage"},"thumbnailUrl":"https:\/\/drive.google.com\/thumbnail?id=1TZrDJj9uCcZI8XPx2auEFUXWpESce49X&sz=w2048","datePublished":"2026-04-30T12:02:02+00:00","dateModified":"2026-04-30T12:14:26+00:00","breadcrumb":{"@id":"https:\/\/informelitoral.com.ar\/la-cgt-se-moviliza-a-plaza-de-mayo-en-el-marco-del-dia-del-trabajador\/#breadcrumb"},"inLanguage":"es","potentialAction":[{"@type":"ReadAction","target":["https:\/\/informelitoral.com.ar\/la-cgt-se-moviliza-a-plaza-de-mayo-en-el-marco-del-dia-del-trabajador\/"]}]},{"@type":"ImageObject","inLanguage":"es","@id":"https:\/\/informelitoral.com.ar\/la-cgt-se-moviliza-a-plaza-de-mayo-en-el-marco-del-dia-del-trabajador\/#primaryimage","url":"https:\/\/drive.google.com\/thumbnail?id=1TZrDJj9uCcZI8XPx2auEFUXWpESce49X&sz=w2048","contentUrl":"https:\/\/drive.google.com\/thumbnail?id=1TZrDJj9uCcZI8XPx2auEFUXWpESce49X&sz=w2048","width":1200,"height":580},{"@type":"BreadcrumbList","@id":"https:\/\/informelitoral.com.ar\/la-cgt-se-moviliza-a-plaza-de-mayo-en-el-marco-del-dia-del-trabajador\/#breadcrumb","itemListElement":[{"@type":"ListItem","position":1,"name":"Portada","item":"https:\/\/informelitoral.com.ar\/"},{"@type":"ListItem","position":2,"name":"La CGT se moviliza a Plaza de Mayo en el marco del D\u00eda del Trabajador"}]},{"@type":"WebSite","@id":"https:\/\/informelitoral.com.ar\/#website","url":"https:\/\/informelitoral.com.ar\/","name":"Informe Litoral","description":"&quot;Nos informamos&quot; ","publisher":{"@id":"https:\/\/informelitoral.com.ar\/#organization"},"potentialAction":[{"@type":"SearchAction","target":{"@type":"EntryPoint","urlTemplate":"https:\/\/informelitoral.com.ar\/?s={search_term_string}"},"query-input":{"@type":"PropertyValueSpecification","valueRequired":true,"valueName":"search_term_string"}}],"inLanguage":"es"},{"@type":"Organization","@id":"https:\/\/informelitoral.com.ar\/#organization","name":"Informe Litoral","url":"https:\/\/informelitoral.com.ar\/","logo":{"@type":"ImageObject","inLanguage":"es","@id":"https:\/\/informelitoral.com.ar\/#\/schema\/logo\/image\/","url":"https:\/\/informelitoral.com.ar\/%77%70%2d%63%6f%6e%74%65%6e%74\/uploads\/2021\/01\/circulo.png","contentUrl":"https:\/\/informelitoral.com.ar\/%77%70%2d%63%6f%6e%74%65%6e%74\/uploads\/2021\/01\/circulo.png","width":723,"height":731,"caption":"Informe Litoral"},"image":{"@id":"https:\/\/informelitoral.com.ar\/#\/schema\/logo\/image\/"},"sameAs":["https:\/\/www.facebook.com\/informelitoral\/","https:\/\/x.com\/InformeLitoral","https:\/\/www.instagram.com\/informelitoral\/","https:\/\/www.youtube.com\/channel\/UCua4Qvz8Icb6MYqhoq9xLXw"]},{"@type":"Person","@id":"https:\/\/informelitoral.com.ar\/#\/schema\/person\/b9d00407c836482871ef1d57bf8e3180","name":"Gonzalo Schmidt","image":{"@type":"ImageObject","inLanguage":"es","@id":"https:\/\/secure.gravatar.com\/avatar\/31a1a7b66ff2de83bd0e9fd79d026630d2d99e55e8bfe501287647b4fd9743de?s=96&d=mm&r=g","url":"https:\/\/secure.gravatar.com\/avatar\/31a1a7b66ff2de83bd0e9fd79d026630d2d99e55e8bfe501287647b4fd9743de?s=96&d=mm&r=g","contentUrl":"https:\/\/secure.gravatar.com\/avatar\/31a1a7b66ff2de83bd0e9fd79d026630d2d99e55e8bfe501287647b4fd9743de?s=96&d=mm&r=g","caption":"Gonzalo Schmidt"},"description":"Sitio web de noticias de la provincia de Entre R\u00edos, Argentina. Informaci\u00f3n y entretenimiento. Informe Litoral, nos informamos.","sameAs":["http:\/\/www.isletasnoticias.com.ar"],"url":"https:\/\/informelitoral.com.ar\/author\/gonzalo\/"}]}},"_links":{"self":[{"href":"https:\/\/informelitoral.com.ar\/%77%70%2d%6a%73%6f%6e\/wp\/v2\/posts\/259039","targetHints":{"allow":["GET"]}}],"collection":[{"href":"https:\/\/informelitoral.com.ar\/%77%70%2d%6a%73%6f%6e\/wp\/v2\/posts"}],"about":[{"href":"https:\/\/informelitoral.com.ar\/%77%70%2d%6a%73%6f%6e\/wp\/v2\/types\/post"}],"author":[{"embeddable":true,"href":"https:\/\/informelitoral.com.ar\/%77%70%2d%6a%73%6f%6e\/wp\/v2\/users\/2"}],"replies":[{"embeddable":true,"href":"https:\/\/informelitoral.com.ar\/%77%70%2d%6a%73%6f%6e\/wp\/v2\/comments?post=259039"}],"version-history":[{"count":3,"href":"https:\/\/informelitoral.com.ar\/%77%70%2d%6a%73%6f%6e\/wp\/v2\/posts\/259039\/revisions"}],"predecessor-version":[{"id":259046,"href":"https:\/\/informelitoral.com.ar\/%77%70%2d%6a%73%6f%6e\/wp\/v2\/posts\/259039\/revisions\/259046"}],"wp:featuredmedia":[{"embeddable":true,"href":"https:\/\/informelitoral.com.ar\/%77%70%2d%6a%73%6f%6e\/wp\/v2\/media\/250134"}],"wp:attachment":[{"href":"https:\/\/informelitoral.com.ar\/%77%70%2d%6a%73%6f%6e\/wp\/v2\/media?parent=259039"}],"wp:term":[{"taxonomy":"category","embeddable":true,"href":"https:\/\/informelitoral.com.ar\/%77%70%2d%6a%73%6f%6e\/wp\/v2\/categories?post=259039"},{"taxonomy":"post_tag","embeddable":true,"href":"https:\/\/informelitoral.com.ar\/%77%70%2d%6a%73%6f%6e\/wp\/v2\/tags?post=259039"}],"curies":[{"name":"wp","href":"https:\/\/api.w.org\/{rel}","templated":true}]}}