{"id":259028,"date":"2026-04-30T07:59:09","date_gmt":"2026-04-30T10:59:09","guid":{"rendered":"https:\/\/informelitoral.com.ar\/?p=259028"},"modified":"2026-04-30T09:28:28","modified_gmt":"2026-04-30T12:28:28","slug":"choque-entre-una-camioneta-y-una-moto-en-nogoya-dejo-a-una-joven-con-heridas-graves","status":"publish","type":"post","link":"https:\/\/informelitoral.com.ar\/choque-entre-una-camioneta-y-una-moto-en-nogoya-dejo-a-una-joven-con-heridas-graves\/","title":{"rendered":"Choque entre una camioneta y una moto en Nogoy\u00e1 dej\u00f3 a una joven con heridas graves"},"content":{"rendered":"<p>Un grave<strong> accidente de tr\u00e1nsito<\/strong> se produjo en la ciudad de <strong>Nogoy\u00e1<\/strong> este mi\u00e9rcoles alrededor de las 12.50. El siniestro sucedi\u00f3 en<strong> bulevar Sarmiento y Maip\u00fa entre una Toyota Hilux, conducida por una mujer de 47 a\u00f1os y una moto marca Rouser NS 160 en la que se trasladaba una joven de 28 a\u00f1os.<\/strong><\/p>\n<p>Seg\u00fan el parte policial enviado a <em><strong>Informe Litoral,<\/strong> <\/em>la camioneta circulaba por el mencionado boulevard en direcci\u00f3n norte a sur, habr\u00eda intentado tomar calle Maip\u00fa cuando fue embestida en su parte frontal derecho por la moto que ven\u00eda en direcci\u00f3n sur a norte por la misma arteria (en sentido contrario a la camioneta).<\/p>\n<h6><em><strong>Leer tambi\u00e9n:\u00a0<a href=\"https:\/\/informelitoral.com.ar\/fue-detenido-en-nogoya-tras-ignorar-una-restriccion-judicial-de-acercamiento\/\" target=\"_blank\" rel=\"noopener\">Fue detenido en Nogoy\u00e1 tras ignorar una restricci\u00f3n judicial de acercamiento<\/a><\/strong><\/em><\/h6>\n<p><strong>La conductora del rodado de menor porte fue trasladada al hospital local (San Blas) donde se constataron lesiones en la pelvis, por lo que fue derivada al Hospital San Mart\u00edn de la ciudad de Paran\u00e1 para una atenci\u00f3n especializada.<\/strong><\/p>\n<p>Personal de la Divisi\u00f3n Polic\u00eda Cient\u00edfica, realiz\u00f3 diligencias de rigor en el lugar, mientras que se solicit\u00f3 colaboraci\u00f3n a personal del Puesto de Control Vial Nogoy\u00e1 para realizaci\u00f3n de test de <strong>alcoholemia a las conductoras, dando negativo en ambos casos.<\/strong><\/p>\n<h6><em><strong>Te puede interesar:\u00a0<a href=\"https:\/\/informelitoral.com.ar\/nogoya-robo-llaves-tubo-las-vendio-y-el-comprador-se-las-entrego-a-la-policia\/\" target=\"_blank\" rel=\"noopener\">Nogoy\u00e1: rob\u00f3 llaves tubo, las vendi\u00f3 y el comprador se las entreg\u00f3 a la Polic\u00eda<\/a><\/strong><\/em><\/h6>\n","protected":false},"excerpt":{"rendered":"<p>El siniestro vial se produjo en el bulevar Sarmiento y Maip\u00fa, donde colisionaron una Toyota Hilux, conducida por una mujer de 47 a\u00f1os y una Rouser NS 160 al mando de una joven de 28. La conductora de la moto sufri\u00f3 lesiones en las pelvis y tuvo que ser trasladada al Hospital San Mart\u00edn. <\/p>\n","protected":false},"author":2,"featured_media":259029,"comment_status":"open","ping_status":"open","sticky":false,"template":"","format":"standard","meta":{"fifu_image_url":"","fifu_image_alt":"","footnotes":""},"categories":[4592,14],"tags":[2978,74,75],"class_list":{"0":"post-259028","1":"post","2":"type-post","3":"status-publish","4":"format-standard","5":"has-post-thumbnail","7":"category-departamento-nogoya","8":"category-policiales","9":"tag-accidente-de-transito","10":"tag-nogoya","11":"tag-policial"},"yoast_head":"<title>Choque entre una camioneta y una moto en Nogoy\u00e1 dej\u00f3 a una joven con heridas graves - Informe Litoral<\/title>\n<meta name=\"robots\" content=\"index, follow, max-snippet:-1, max-image-preview:large, max-video-preview:-1\" \/>\n<link rel=\"canonical\" href=\"https:\/\/informelitoral.com.ar\/choque-entre-una-camioneta-y-una-moto-en-nogoya-dejo-a-una-joven-con-heridas-graves\/\" \/>\n<meta property=\"og:locale\" content=\"es_ES\" \/>\n<meta property=\"og:type\" content=\"article\" \/>\n<meta property=\"og:title\" content=\"Choque entre una camioneta y una moto en Nogoy\u00e1 dej\u00f3 a una joven con heridas graves - Informe Litoral\" \/>\n<meta property=\"og:description\" content=\"El siniestro vial se produjo en el bulevar Sarmiento y Maip\u00fa, donde colisionaron una Toyota Hilux, conducida por una mujer de 47 a\u00f1os y una Rouser NS 160 al mando de una joven de 28. La conductora de la moto sufri\u00f3 lesiones en las pelvis y tuvo que ser trasladada al Hospital San Mart\u00edn.\" \/>\n<meta property=\"og:url\" content=\"https:\/\/informelitoral.com.ar\/choque-entre-una-camioneta-y-una-moto-en-nogoya-dejo-a-una-joven-con-heridas-graves\/\" \/>\n<meta property=\"og:site_name\" content=\"Informe Litoral\" \/>\n<meta property=\"article:publisher\" content=\"https:\/\/www.facebook.com\/informelitoral\/\" \/>\n<meta property=\"article:published_time\" content=\"2026-04-30T10:59:09+00:00\" \/>\n<meta property=\"article:modified_time\" content=\"2026-04-30T12:28:28+00:00\" \/>\n<meta property=\"og:image\" content=\"https:\/\/drive.google.com\/thumbnail?id=1S5Tlre3dxognYu9vcCGWSCB1nESHH-T0&sz=w2048\" \/>\n\t<meta property=\"og:image:width\" content=\"1600\" \/>\n\t<meta property=\"og:image:height\" content=\"900\" \/>\n\t<meta property=\"og:image:type\" content=\"image\/jpeg\" \/>\n<meta name=\"author\" content=\"Gonzalo Schmidt\" \/>\n<meta name=\"twitter:card\" content=\"summary_large_image\" \/>\n<meta name=\"twitter:creator\" content=\"@InformeLitoral\" \/>\n<meta name=\"twitter:site\" content=\"@InformeLitoral\" \/>\n<meta name=\"twitter:label1\" content=\"Escrito por\" \/>\n\t<meta name=\"twitter:data1\" content=\"Gonzalo Schmidt\" \/>\n\t<meta name=\"twitter:label2\" content=\"Tiempo de lectura\" \/>\n\t<meta name=\"twitter:data2\" content=\"2 minutos\" \/>\n<script type=\"application\/ld+json\" class=\"yoast-schema-graph\">{\"@context\":\"https:\\\/\\\/schema.org\",\"@graph\":[{\"@type\":\"Article\",\"@id\":\"https:\\\/\\\/informelitoral.com.ar\\\/choque-entre-una-camioneta-y-una-moto-en-nogoya-dejo-a-una-joven-con-heridas-graves\\\/#article\",\"isPartOf\":{\"@id\":\"https:\\\/\\\/informelitoral.com.ar\\\/choque-entre-una-camioneta-y-una-moto-en-nogoya-dejo-a-una-joven-con-heridas-graves\\\/\"},\"author\":{\"name\":\"Gonzalo Schmidt\",\"@id\":\"https:\\\/\\\/informelitoral.com.ar\\\/#\\\/schema\\\/person\\\/b9d00407c836482871ef1d57bf8e3180\"},\"headline\":\"Choque entre una camioneta y una moto en Nogoy\u00e1 dej\u00f3 a una joven con heridas graves\",\"datePublished\":\"2026-04-30T10:59:09+00:00\",\"dateModified\":\"2026-04-30T12:28:28+00:00\",\"mainEntityOfPage\":{\"@id\":\"https:\\\/\\\/informelitoral.com.ar\\\/choque-entre-una-camioneta-y-una-moto-en-nogoya-dejo-a-una-joven-con-heridas-graves\\\/\"},\"wordCount\":248,\"commentCount\":0,\"publisher\":{\"@id\":\"https:\\\/\\\/informelitoral.com.ar\\\/#organization\"},\"image\":{\"@id\":\"https:\\\/\\\/informelitoral.com.ar\\\/choque-entre-una-camioneta-y-una-moto-en-nogoya-dejo-a-una-joven-con-heridas-graves\\\/#primaryimage\"},\"thumbnailUrl\":\"https:\\\/\\\/drive.google.com\\\/thumbnail?id=1S5Tlre3dxognYu9vcCGWSCB1nESHH-T0&sz=w2048\",\"keywords\":[\"Accidente de tr\u00e1nsito\",\"Nogoy\u00e1\",\"Policial\"],\"articleSection\":[\"Departamento Nogoy\u00e1\",\"Policiales\"],\"inLanguage\":\"es\",\"potentialAction\":[{\"@type\":\"CommentAction\",\"name\":\"Comment\",\"target\":[\"https:\\\/\\\/informelitoral.com.ar\\\/choque-entre-una-camioneta-y-una-moto-en-nogoya-dejo-a-una-joven-con-heridas-graves\\\/#respond\"]}]},{\"@type\":\"WebPage\",\"@id\":\"https:\\\/\\\/informelitoral.com.ar\\\/choque-entre-una-camioneta-y-una-moto-en-nogoya-dejo-a-una-joven-con-heridas-graves\\\/\",\"url\":\"https:\\\/\\\/informelitoral.com.ar\\\/choque-entre-una-camioneta-y-una-moto-en-nogoya-dejo-a-una-joven-con-heridas-graves\\\/\",\"name\":\"Choque entre una camioneta y una moto en Nogoy\u00e1 dej\u00f3 a una joven con heridas graves - Informe Litoral\",\"isPartOf\":{\"@id\":\"https:\\\/\\\/informelitoral.com.ar\\\/#website\"},\"primaryImageOfPage\":{\"@id\":\"https:\\\/\\\/informelitoral.com.ar\\\/choque-entre-una-camioneta-y-una-moto-en-nogoya-dejo-a-una-joven-con-heridas-graves\\\/#primaryimage\"},\"image\":{\"@id\":\"https:\\\/\\\/informelitoral.com.ar\\\/choque-entre-una-camioneta-y-una-moto-en-nogoya-dejo-a-una-joven-con-heridas-graves\\\/#primaryimage\"},\"thumbnailUrl\":\"https:\\\/\\\/drive.google.com\\\/thumbnail?id=1S5Tlre3dxognYu9vcCGWSCB1nESHH-T0&sz=w2048\",\"datePublished\":\"2026-04-30T10:59:09+00:00\",\"dateModified\":\"2026-04-30T12:28:28+00:00\",\"breadcrumb\":{\"@id\":\"https:\\\/\\\/informelitoral.com.ar\\\/choque-entre-una-camioneta-y-una-moto-en-nogoya-dejo-a-una-joven-con-heridas-graves\\\/#breadcrumb\"},\"inLanguage\":\"es\",\"potentialAction\":[{\"@type\":\"ReadAction\",\"target\":[\"https:\\\/\\\/informelitoral.com.ar\\\/choque-entre-una-camioneta-y-una-moto-en-nogoya-dejo-a-una-joven-con-heridas-graves\\\/\"]}]},{\"@type\":\"ImageObject\",\"inLanguage\":\"es\",\"@id\":\"https:\\\/\\\/informelitoral.com.ar\\\/choque-entre-una-camioneta-y-una-moto-en-nogoya-dejo-a-una-joven-con-heridas-graves\\\/#primaryimage\",\"url\":\"https:\\\/\\\/drive.google.com\\\/thumbnail?id=1S5Tlre3dxognYu9vcCGWSCB1nESHH-T0&sz=w2048\",\"contentUrl\":\"https:\\\/\\\/drive.google.com\\\/thumbnail?id=1S5Tlre3dxognYu9vcCGWSCB1nESHH-T0&sz=w2048\",\"width\":1600,\"height\":900},{\"@type\":\"BreadcrumbList\",\"@id\":\"https:\\\/\\\/informelitoral.com.ar\\\/choque-entre-una-camioneta-y-una-moto-en-nogoya-dejo-a-una-joven-con-heridas-graves\\\/#breadcrumb\",\"itemListElement\":[{\"@type\":\"ListItem\",\"position\":1,\"name\":\"Portada\",\"item\":\"https:\\\/\\\/informelitoral.com.ar\\\/\"},{\"@type\":\"ListItem\",\"position\":2,\"name\":\"Choque entre una camioneta y una moto en Nogoy\u00e1 dej\u00f3 a una joven con heridas graves\"}]},{\"@type\":\"WebSite\",\"@id\":\"https:\\\/\\\/informelitoral.com.ar\\\/#website\",\"url\":\"https:\\\/\\\/informelitoral.com.ar\\\/\",\"name\":\"Informe Litoral\",\"description\":\"&quot;Nos informamos&quot; \",\"publisher\":{\"@id\":\"https:\\\/\\\/informelitoral.com.ar\\\/#organization\"},\"potentialAction\":[{\"@type\":\"SearchAction\",\"target\":{\"@type\":\"EntryPoint\",\"urlTemplate\":\"https:\\\/\\\/informelitoral.com.ar\\\/?s={search_term_string}\"},\"query-input\":{\"@type\":\"PropertyValueSpecification\",\"valueRequired\":true,\"valueName\":\"search_term_string\"}}],\"inLanguage\":\"es\"},{\"@type\":\"Organization\",\"@id\":\"https:\\\/\\\/informelitoral.com.ar\\\/#organization\",\"name\":\"Informe Litoral\",\"url\":\"https:\\\/\\\/informelitoral.com.ar\\\/\",\"logo\":{\"@type\":\"ImageObject\",\"inLanguage\":\"es\",\"@id\":\"https:\\\/\\\/informelitoral.com.ar\\\/#\\\/schema\\\/logo\\\/image\\\/\",\"url\":\"https:\\\/\\\/informelitoral.com.ar\\\/%77%70%2d%63%6f%6e%74%65%6e%74\\\/uploads\\\/2021\\\/01\\\/circulo.png\",\"contentUrl\":\"https:\\\/\\\/informelitoral.com.ar\\\/%77%70%2d%63%6f%6e%74%65%6e%74\\\/uploads\\\/2021\\\/01\\\/circulo.png\",\"width\":723,\"height\":731,\"caption\":\"Informe Litoral\"},\"image\":{\"@id\":\"https:\\\/\\\/informelitoral.com.ar\\\/#\\\/schema\\\/logo\\\/image\\\/\"},\"sameAs\":[\"https:\\\/\\\/www.facebook.com\\\/informelitoral\\\/\",\"https:\\\/\\\/x.com\\\/InformeLitoral\",\"https:\\\/\\\/www.instagram.com\\\/informelitoral\\\/\",\"https:\\\/\\\/www.youtube.com\\\/channel\\\/UCua4Qvz8Icb6MYqhoq9xLXw\"]},{\"@type\":\"Person\",\"@id\":\"https:\\\/\\\/informelitoral.com.ar\\\/#\\\/schema\\\/person\\\/b9d00407c836482871ef1d57bf8e3180\",\"name\":\"Gonzalo Schmidt\",\"image\":{\"@type\":\"ImageObject\",\"inLanguage\":\"es\",\"@id\":\"https:\\\/\\\/secure.gravatar.com\\\/avatar\\\/31a1a7b66ff2de83bd0e9fd79d026630d2d99e55e8bfe501287647b4fd9743de?s=96&d=mm&r=g\",\"url\":\"https:\\\/\\\/secure.gravatar.com\\\/avatar\\\/31a1a7b66ff2de83bd0e9fd79d026630d2d99e55e8bfe501287647b4fd9743de?s=96&d=mm&r=g\",\"contentUrl\":\"https:\\\/\\\/secure.gravatar.com\\\/avatar\\\/31a1a7b66ff2de83bd0e9fd79d026630d2d99e55e8bfe501287647b4fd9743de?s=96&d=mm&r=g\",\"caption\":\"Gonzalo Schmidt\"},\"description\":\"Sitio web de noticias de la provincia de Entre R\u00edos, Argentina. Informaci\u00f3n y entretenimiento. Informe Litoral, nos informamos.\",\"sameAs\":[\"http:\\\/\\\/www.isletasnoticias.com.ar\"],\"url\":\"https:\\\/\\\/informelitoral.com.ar\\\/author\\\/gonzalo\\\/\"}]}<\/script>","yoast_head_json":{"title":"Choque entre una camioneta y una moto en Nogoy\u00e1 dej\u00f3 a una joven con heridas graves - Informe Litoral","robots":{"index":"index","follow":"follow","max-snippet":"max-snippet:-1","max-image-preview":"max-image-preview:large","max-video-preview":"max-video-preview:-1"},"canonical":"https:\/\/informelitoral.com.ar\/choque-entre-una-camioneta-y-una-moto-en-nogoya-dejo-a-una-joven-con-heridas-graves\/","og_locale":"es_ES","og_type":"article","og_title":"Choque entre una camioneta y una moto en Nogoy\u00e1 dej\u00f3 a una joven con heridas graves - Informe Litoral","og_description":"El siniestro vial se produjo en el bulevar Sarmiento y Maip\u00fa, donde colisionaron una Toyota Hilux, conducida por una mujer de 47 a\u00f1os y una Rouser NS 160 al mando de una joven de 28. La conductora de la moto sufri\u00f3 lesiones en las pelvis y tuvo que ser trasladada al Hospital San Mart\u00edn.","og_url":"https:\/\/informelitoral.com.ar\/choque-entre-una-camioneta-y-una-moto-en-nogoya-dejo-a-una-joven-con-heridas-graves\/","og_site_name":"Informe Litoral","article_publisher":"https:\/\/www.facebook.com\/informelitoral\/","article_published_time":"2026-04-30T10:59:09+00:00","article_modified_time":"2026-04-30T12:28:28+00:00","og_image":[{"width":1600,"height":900,"url":"https:\/\/drive.google.com\/thumbnail?id=1S5Tlre3dxognYu9vcCGWSCB1nESHH-T0&sz=w2048","type":"image\/jpeg"}],"author":"Gonzalo Schmidt","twitter_card":"summary_large_image","twitter_creator":"@InformeLitoral","twitter_site":"@InformeLitoral","twitter_misc":{"Escrito por":"Gonzalo Schmidt","Tiempo de lectura":"2 minutos"},"schema":{"@context":"https:\/\/schema.org","@graph":[{"@type":"Article","@id":"https:\/\/informelitoral.com.ar\/choque-entre-una-camioneta-y-una-moto-en-nogoya-dejo-a-una-joven-con-heridas-graves\/#article","isPartOf":{"@id":"https:\/\/informelitoral.com.ar\/choque-entre-una-camioneta-y-una-moto-en-nogoya-dejo-a-una-joven-con-heridas-graves\/"},"author":{"name":"Gonzalo Schmidt","@id":"https:\/\/informelitoral.com.ar\/#\/schema\/person\/b9d00407c836482871ef1d57bf8e3180"},"headline":"Choque entre una camioneta y una moto en Nogoy\u00e1 dej\u00f3 a una joven con heridas graves","datePublished":"2026-04-30T10:59:09+00:00","dateModified":"2026-04-30T12:28:28+00:00","mainEntityOfPage":{"@id":"https:\/\/informelitoral.com.ar\/choque-entre-una-camioneta-y-una-moto-en-nogoya-dejo-a-una-joven-con-heridas-graves\/"},"wordCount":248,"commentCount":0,"publisher":{"@id":"https:\/\/informelitoral.com.ar\/#organization"},"image":{"@id":"https:\/\/informelitoral.com.ar\/choque-entre-una-camioneta-y-una-moto-en-nogoya-dejo-a-una-joven-con-heridas-graves\/#primaryimage"},"thumbnailUrl":"https:\/\/drive.google.com\/thumbnail?id=1S5Tlre3dxognYu9vcCGWSCB1nESHH-T0&sz=w2048","keywords":["Accidente de tr\u00e1nsito","Nogoy\u00e1","Policial"],"articleSection":["Departamento Nogoy\u00e1","Policiales"],"inLanguage":"es","potentialAction":[{"@type":"CommentAction","name":"Comment","target":["https:\/\/informelitoral.com.ar\/choque-entre-una-camioneta-y-una-moto-en-nogoya-dejo-a-una-joven-con-heridas-graves\/#respond"]}]},{"@type":"WebPage","@id":"https:\/\/informelitoral.com.ar\/choque-entre-una-camioneta-y-una-moto-en-nogoya-dejo-a-una-joven-con-heridas-graves\/","url":"https:\/\/informelitoral.com.ar\/choque-entre-una-camioneta-y-una-moto-en-nogoya-dejo-a-una-joven-con-heridas-graves\/","name":"Choque entre una camioneta y una moto en Nogoy\u00e1 dej\u00f3 a una joven con heridas graves - Informe Litoral","isPartOf":{"@id":"https:\/\/informelitoral.com.ar\/#website"},"primaryImageOfPage":{"@id":"https:\/\/informelitoral.com.ar\/choque-entre-una-camioneta-y-una-moto-en-nogoya-dejo-a-una-joven-con-heridas-graves\/#primaryimage"},"image":{"@id":"https:\/\/informelitoral.com.ar\/choque-entre-una-camioneta-y-una-moto-en-nogoya-dejo-a-una-joven-con-heridas-graves\/#primaryimage"},"thumbnailUrl":"https:\/\/drive.google.com\/thumbnail?id=1S5Tlre3dxognYu9vcCGWSCB1nESHH-T0&sz=w2048","datePublished":"2026-04-30T10:59:09+00:00","dateModified":"2026-04-30T12:28:28+00:00","breadcrumb":{"@id":"https:\/\/informelitoral.com.ar\/choque-entre-una-camioneta-y-una-moto-en-nogoya-dejo-a-una-joven-con-heridas-graves\/#breadcrumb"},"inLanguage":"es","potentialAction":[{"@type":"ReadAction","target":["https:\/\/informelitoral.com.ar\/choque-entre-una-camioneta-y-una-moto-en-nogoya-dejo-a-una-joven-con-heridas-graves\/"]}]},{"@type":"ImageObject","inLanguage":"es","@id":"https:\/\/informelitoral.com.ar\/choque-entre-una-camioneta-y-una-moto-en-nogoya-dejo-a-una-joven-con-heridas-graves\/#primaryimage","url":"https:\/\/drive.google.com\/thumbnail?id=1S5Tlre3dxognYu9vcCGWSCB1nESHH-T0&sz=w2048","contentUrl":"https:\/\/drive.google.com\/thumbnail?id=1S5Tlre3dxognYu9vcCGWSCB1nESHH-T0&sz=w2048","width":1600,"height":900},{"@type":"BreadcrumbList","@id":"https:\/\/informelitoral.com.ar\/choque-entre-una-camioneta-y-una-moto-en-nogoya-dejo-a-una-joven-con-heridas-graves\/#breadcrumb","itemListElement":[{"@type":"ListItem","position":1,"name":"Portada","item":"https:\/\/informelitoral.com.ar\/"},{"@type":"ListItem","position":2,"name":"Choque entre una camioneta y una moto en Nogoy\u00e1 dej\u00f3 a una joven con heridas graves"}]},{"@type":"WebSite","@id":"https:\/\/informelitoral.com.ar\/#website","url":"https:\/\/informelitoral.com.ar\/","name":"Informe Litoral","description":"&quot;Nos informamos&quot; ","publisher":{"@id":"https:\/\/informelitoral.com.ar\/#organization"},"potentialAction":[{"@type":"SearchAction","target":{"@type":"EntryPoint","urlTemplate":"https:\/\/informelitoral.com.ar\/?s={search_term_string}"},"query-input":{"@type":"PropertyValueSpecification","valueRequired":true,"valueName":"search_term_string"}}],"inLanguage":"es"},{"@type":"Organization","@id":"https:\/\/informelitoral.com.ar\/#organization","name":"Informe Litoral","url":"https:\/\/informelitoral.com.ar\/","logo":{"@type":"ImageObject","inLanguage":"es","@id":"https:\/\/informelitoral.com.ar\/#\/schema\/logo\/image\/","url":"https:\/\/informelitoral.com.ar\/%77%70%2d%63%6f%6e%74%65%6e%74\/uploads\/2021\/01\/circulo.png","contentUrl":"https:\/\/informelitoral.com.ar\/%77%70%2d%63%6f%6e%74%65%6e%74\/uploads\/2021\/01\/circulo.png","width":723,"height":731,"caption":"Informe Litoral"},"image":{"@id":"https:\/\/informelitoral.com.ar\/#\/schema\/logo\/image\/"},"sameAs":["https:\/\/www.facebook.com\/informelitoral\/","https:\/\/x.com\/InformeLitoral","https:\/\/www.instagram.com\/informelitoral\/","https:\/\/www.youtube.com\/channel\/UCua4Qvz8Icb6MYqhoq9xLXw"]},{"@type":"Person","@id":"https:\/\/informelitoral.com.ar\/#\/schema\/person\/b9d00407c836482871ef1d57bf8e3180","name":"Gonzalo Schmidt","image":{"@type":"ImageObject","inLanguage":"es","@id":"https:\/\/secure.gravatar.com\/avatar\/31a1a7b66ff2de83bd0e9fd79d026630d2d99e55e8bfe501287647b4fd9743de?s=96&d=mm&r=g","url":"https:\/\/secure.gravatar.com\/avatar\/31a1a7b66ff2de83bd0e9fd79d026630d2d99e55e8bfe501287647b4fd9743de?s=96&d=mm&r=g","contentUrl":"https:\/\/secure.gravatar.com\/avatar\/31a1a7b66ff2de83bd0e9fd79d026630d2d99e55e8bfe501287647b4fd9743de?s=96&d=mm&r=g","caption":"Gonzalo Schmidt"},"description":"Sitio web de noticias de la provincia de Entre R\u00edos, Argentina. Informaci\u00f3n y entretenimiento. Informe Litoral, nos informamos.","sameAs":["http:\/\/www.isletasnoticias.com.ar"],"url":"https:\/\/informelitoral.com.ar\/author\/gonzalo\/"}]}},"_links":{"self":[{"href":"https:\/\/informelitoral.com.ar\/%77%70%2d%6a%73%6f%6e\/wp\/v2\/posts\/259028","targetHints":{"allow":["GET"]}}],"collection":[{"href":"https:\/\/informelitoral.com.ar\/%77%70%2d%6a%73%6f%6e\/wp\/v2\/posts"}],"about":[{"href":"https:\/\/informelitoral.com.ar\/%77%70%2d%6a%73%6f%6e\/wp\/v2\/types\/post"}],"author":[{"embeddable":true,"href":"https:\/\/informelitoral.com.ar\/%77%70%2d%6a%73%6f%6e\/wp\/v2\/users\/2"}],"replies":[{"embeddable":true,"href":"https:\/\/informelitoral.com.ar\/%77%70%2d%6a%73%6f%6e\/wp\/v2\/comments?post=259028"}],"version-history":[{"count":5,"href":"https:\/\/informelitoral.com.ar\/%77%70%2d%6a%73%6f%6e\/wp\/v2\/posts\/259028\/revisions"}],"predecessor-version":[{"id":259047,"href":"https:\/\/informelitoral.com.ar\/%77%70%2d%6a%73%6f%6e\/wp\/v2\/posts\/259028\/revisions\/259047"}],"wp:featuredmedia":[{"embeddable":true,"href":"https:\/\/informelitoral.com.ar\/%77%70%2d%6a%73%6f%6e\/wp\/v2\/media\/259029"}],"wp:attachment":[{"href":"https:\/\/informelitoral.com.ar\/%77%70%2d%6a%73%6f%6e\/wp\/v2\/media?parent=259028"}],"wp:term":[{"taxonomy":"category","embeddable":true,"href":"https:\/\/informelitoral.com.ar\/%77%70%2d%6a%73%6f%6e\/wp\/v2\/categories?post=259028"},{"taxonomy":"post_tag","embeddable":true,"href":"https:\/\/informelitoral.com.ar\/%77%70%2d%6a%73%6f%6e\/wp\/v2\/tags?post=259028"}],"curies":[{"name":"wp","href":"https:\/\/api.w.org\/{rel}","templated":true}]}}