{"id":259018,"date":"2026-04-28T07:18:26","date_gmt":"2026-04-28T10:18:26","guid":{"rendered":"https:\/\/informelitoral.com.ar\/?p=259018"},"modified":"2026-04-30T07:22:03","modified_gmt":"2026-04-30T10:22:03","slug":"el-senado-entrerriano-realizo-su-quinta-sesion-ordinaria-del-2026","status":"publish","type":"post","link":"https:\/\/informelitoral.com.ar\/el-senado-entrerriano-realizo-su-quinta-sesion-ordinaria-del-2026\/","title":{"rendered":"El Senado entrerriano realiz\u00f3 su quinta Sesi\u00f3n Ordinaria del 2026"},"content":{"rendered":"<p>En el recinto de la Honorable C\u00e1mara de Senadores, la vicegobernadora y presidente del cuerpo, Alicia Aluani, presidi\u00f3 la 5\u00aa Sesi\u00f3n Ordinaria correspondiente al 147\u00ba Per\u00edodo Legislativo, y estuvo asistida por el secretario de la C\u00e1mara, <strong>Sergio Avero,<\/strong> y la prosecretaria, <strong>Sara Foletto<\/strong>. La sesi\u00f3n cont\u00f3 con la presencia de 15 legisladores y quorum reglamentario.<\/p>\n<p>La bandera Nacional fue izada por la senadora<strong> Claudia Silva (<\/strong>Paran\u00e1 \u2013 M\u00e1s para Entre R\u00edos) y la de Entre R\u00edos por <strong>Jaime Benedetti<\/strong> (Gualeguaych\u00fa \u2013 Juntos por Entre R\u00edos).<\/p>\n<h2><strong>Proyectos sancionados<\/strong><\/h2>\n<p>Se sancionaron los proyectos de ley de autor\u00eda del Poder Ejecutivo en revisi\u00f3n por los que se declara de utilidad p\u00fablica y sujetos a expropiaci\u00f3n los inmuebles afectados por las obras \u201cPuente sobre arroyo El Sauce\u201d (expediente N\u00b0 28.799), \u201cPuente sobre arroyo El Desmochado\u201d (expediente N\u00b0 28.800), \u201cObra b\u00e1sica y reconstrucci\u00f3n del ingreso a Villa Paranacito\u201d (expediente N\u00b0 28.801) y \u201cPavimentaci\u00f3n de calzada Ruta Provincial A08 \u2013 Acceso a Villa Paranacito \u2013 Tramo II\u201d (expediente N\u00b0 28.856).<\/p>\n<p>Por su parte, el senador <strong>Rub\u00e9n Hern\u00e1n M\u00e9ndez<\/strong> (Islas \u2013 Juntos por Entre R\u00edos), expres\u00f3 que el tratamiento de dichos proyectos es \u201cuno de los ingresos m\u00e1s anhelados por los vecinos de Villa Paranacito, ya que como ustedes saben, el Departamento Islas es de tierras bajas y cuando las aguas suben hay muchas posibilidades que quedamos aislados en forma terrestre\u201d. En esa l\u00ednea, sostuvo que \u201cesto viene siendo promesa de muchos gobiernos anteriores y hoy se tom\u00f3 la decisi\u00f3n de empezar, como dice una de las partes del proyecto, por las obras b\u00e1sicas, que son la expropiaci\u00f3n de los terrenos, para que de una vez por todas, se comience la construcci\u00f3n de la ruta y el ingreso a dicha ciudad\u201d.<\/p>\n<p>Finalmente, los senadores sancionaron el proyecto de ley de autor\u00eda del Poder Ejecutivo en revisi\u00f3n por el cual se aprueba el Tratado de Integraci\u00f3n Regional, celebrado el 16 de octubre de 2024 entre las provincias de Santa Fe, Chaco, Corrientes, Entre R\u00edos y Misiones (expediente N\u00b0 28.403).<\/p>\n<h2><strong>Proyectos aprobados<\/strong><\/h2>\n<p>El cuerpo trat\u00f3 sobre tablas el ingreso del expediente N\u00ba 15.595, que es un proyecto de ley de autor\u00eda de la senadora <strong>Patricia D\u00edaz<\/strong> (La Paz \u2013 M\u00e1s para Entre R\u00edos) por el que se declara al Newcom como actividad f\u00edsica y deporte provincial, en todo el territorio de la Provincia de Entre R\u00edos, en sus modalidades recreativa, formativa y competitiva, para todas las edades y g\u00e9neros, con especial \u00e9nfasis en las personas adultas y adultas mayores. Al respecto, D\u00edaz indic\u00f3 que este proyecto tiene por objetivo \u201creconocer, visibilizar y acompa\u00f1ar una pr\u00e1ctica que ya se ha instalado con fuerza en la provincia de Entre R\u00edos\u201d. De esta manera, explic\u00f3 que el Newcom \u201cha crecido de manera sostenida en clubes, en el centro de jubilados, en espacios comunitarios, en los municipios, convirti\u00e9ndose en una herramienta concreta de inclusi\u00f3n, de integraci\u00f3n social y de promoci\u00f3n de la salud\u201d.<\/p>\n<p>El proyecto fue aprobado y remitido a la Honorable C\u00e1mara de Diputados.<\/p>\n<h2><strong>Proyectos de declaraci\u00f3n y comunicaci\u00f3n aprobados<\/strong><\/h2>\n<p>Se aprobaron cinco proyectos de declaraci\u00f3n, entre ellos:<\/p>\n<p>\u2013 Proyecto de Declaraci\u00f3n de autor\u00eda de la senadora D\u00edaz, por el que se declara de Inter\u00e9s Legislativo la conmemoraci\u00f3n del 134\u00b0 aniversario de la Escuela NINA NEP N\u00b0 9 \u201cJuan Bautista Azopardo\u201d, de la ciudad de Santa Elena. (Expediente N\u00b0 15.682)<\/p>\n<p>\u2013 Proyecto de Declaraci\u00f3n de autor\u00eda de la senadora D\u00edaz, por el que se declara de Inter\u00e9s Legislativo, Sanitario y Comunitario la realizaci\u00f3n de la \u201cJornada de Salud Bucal\u201d, que se desarrollar\u00e1 los d\u00edas 5 y 6 de mayo en la ciudad de Santa Elena, Departamento La Paz. (Expediente N\u00b0 15.683)<\/p>\n<p>\u2013 Proyecto de Declaraci\u00f3n de autor\u00eda de la senadora Nancy Miranda, por el que se declara de Inter\u00e9s de esta Honorable C\u00e1mara la \u201cPe\u00f1a del Trabajador\u201d, a celebrarse el d\u00eda 30 de abril del 2026, en la Escuela Privada N\u00b0 140 \u201cJos\u00e9 Manuel Estrada\u201d de la localidad de Aldea San Isidro, departamento Federal, provincia de Entre R\u00edos. (Expediente N\u00b0 15.684)<\/p>\n<p>\u2013 Proyecto de Declaraci\u00f3n de autor\u00eda del senador Marcelo Berthet, por el que se declara de Inter\u00e9s Cultural y Social la presentaci\u00f3n del libro \u201cVida cotidiana y dictadura. Narrativas, territorialidad y huellas de la memoria\u201d de Editorial UADER, a realizarse en San Salvador el 8 de mayo en el Instituto de Educaci\u00f3n Superior de la Ciudad de San Salvador en el marco de las actividades conmemorativas a 50 a\u00f1os del Golpe de Estado. (Expediente N\u00b0 15.685)<\/p>\n<p>\u2013 Proyecto de Declaraci\u00f3n de autor\u00eda del senador Rafael Cavagna, por el que se declara de Inter\u00e9s Legislativo de esta H. C\u00e1mara de Senadores la \u201c4\u00b0 Edici\u00f3n de la Fiesta Regional del Tambero y Quesero\u201d a realizarse en la Comuna de Don Crist\u00f3bal 1\u00b0 del Departamento Nogoy\u00e1, el d\u00eda 2 de Mayo del corriente. (Expediente N\u00b0 15.686).<\/p>\n<p>Adem\u00e1s, se aprob\u00f3 un proyecto de Comunicaci\u00f3n de autor\u00eda de la senadora D\u00edaz, en el cual se ve con profunda preocupaci\u00f3n la decisi\u00f3n adoptada por el Instituto de Ayuda Financiera a la Acci\u00f3n Social \u2014IAFAS\u2014 mediante Resoluci\u00f3n N.\u00ba 0253 DIR. IAFAS, de fecha 23 de abril de 2026, por la cual se dispone el cierre de la Unidad de Negocio de la ciudad de La Paz a partir del d\u00eda 1 de junio de 2026. (Expediente N\u00b0 15.687).<\/p>\n<h2><strong>Homenajes<\/strong><\/h2>\n<p>Al turno de los homenajes, el senador<strong> Marcelo Berthet<\/strong> (San Salvador- M\u00e1s para Entre R\u00edos) se refiri\u00f3 al 1 de Mayo, fecha que conmemora el D\u00eda Internacional de los Trabajadores, en honor a los \u201cM\u00e1rtires de Chicago\u201d de 1886, quienes lucharon por la jornada laboral de 8 horas. \u201cDesde entonces, esa lucha no ha cesado, ha cambiado de nombre, de latitudes y de adversarios, pero su esencia permanece intacta. La dignidad del trabajo es inseparable de la dignidad humana. En nuestra Argentina ese mandato, guste o no guste, cobr\u00f3 una forma propia e inconfundible en el peronismo. El 17 de 1945 no fue solamente el regreso de un hombre desde una prisi\u00f3n, fue la irrupci\u00f3n de millones de argentinos que hasta ese momento no exist\u00edan para la pol\u00edtica ni para el Estado\u201d, asever\u00f3 Berthet en su discurso. \u201cJuan Domingo Per\u00f3n comprendi\u00f3 con claridad lo que la historia confirm\u00f3, que el trabajo era el medio m\u00e1s digno de engrandecer al hombre\u201d, resalt\u00f3. En otro fragmento de su alocuci\u00f3n, el presidente del bloque del PJ.<\/p>\n<p>Por su parte, el senador <strong>Jaime Benedetti<\/strong> (Gualeguaych\u00fa- Juntos por Entre R\u00edos) adhiri\u00f3 \u201cparcialmente\u201d al homenaje por el D\u00eda de los Trabajadores. \u201cDigo parcialmente porque hay algunas cr\u00edticas que nuestro bloque no comparte, pero queremos rendir nuestro homenaje a todos los trabajadores\u201d, dijo el legislador tras aclarar que \u201clas conquistas de los trabajadores sociales no son patrimonio de un \u00fanico partido\u201d. Mencion\u00f3 por ejemplo una iniciativa previa al peronismo como es la Ley 11.544, que establece que las jornadas laborales no pueden durar m\u00e1s de 8 horas diarias o 48 horas semanales. Fue promulgada por Hip\u00f3lito Yrigoyen en 1929. Luego, reconoci\u00f3: \u201cEs bien cierto que los trabajadores no la est\u00e1n pasando bien y que esto no tiene que ver exclusivamente con las actuales legislaciones, sino que tambi\u00e9n hay una gran cantidad de leyes que, en lugar de proteger el trabajo, lo han desprotegido\u201d. Asimismo, Benedetti record\u00f3 que el 1 de mayo de 1851 el general Justo Jos\u00e9 de Urquiza emiti\u00f3 el hist\u00f3rico Pronunciamiento en Concepci\u00f3n del Uruguay frente a la hegemon\u00eda del general Rosas, que dio lugar a la institucionalizaci\u00f3n de nuestro pa\u00eds, que dio lugar a la obtenci\u00f3n de una Constituci\u00f3n.<\/p>\n<p>El senador por el departamento Gualeguaych\u00fa continu\u00f3 con los homenajes, y en este caso mencion\u00f3 el reciente fallecimiento de Luis Brandoni, reconocido actor e hist\u00f3rico militante de la Uni\u00f3n C\u00edvica Radical. \u201cSu humildad lo hizo grande y quiero dar fe de eso porque tuve la suerte, la enorme, el privilegio de conocerlo personalmente\u201d, coment\u00f3. Por \u00faltimo, Benedetti destac\u00f3 la presencia en Paran\u00e1 del Dr. Ricardo Gil Lavedra, quien recibi\u00f3 el T\u00edtulo Doctor Honoris Causa, otorgado por la Universidad Aut\u00f3noma de Entre R\u00edos (UADER). Su reconocimiento resalta su trayectoria en el \u00e1mbito jur\u00eddico y acad\u00e9mico y tambi\u00e9n su participaci\u00f3n como integrante del tribunal del hist\u00f3rico Juicio a las Juntas Militares.<\/p>\n<p>A su turno, el senador <strong>Mart\u00edn Oliva<\/strong> (Uruguay \u2013 M\u00e1s Para Entre R\u00edos) hizo referencia al pr\u00f3ximo 1\u00b0 de mayo como un nuevo aniversario de \u201cdos fechas de gran importancia hist\u00f3rica para Entre R\u00edos y la Argentina\u201d como el Pronunciamiento de Urquiza en 1851 y la sanci\u00f3n de la Constituci\u00f3n Nacional en 1853. El senador destac\u00f3 el rol clave de Entre R\u00edos y Urquiza en \u201cla organizaci\u00f3n nacional, la lucha por el federalismo y la soberan\u00eda provincial\u201d, remarc\u00f3 \u201cla necesidad de recordar estos or\u00edgenes para entender nuestro presente\u201d e hizo un llamado \u201ca la unidad y al respeto en el debate pol\u00edtico, inspir\u00e1ndonos en c\u00f3mo antiguos enemigos se unieron por el bien com\u00fan en momentos decisivos de nuestra historia\u201d.<\/p>\n<h6><em><strong>Del archivo:\u00a0<a href=\"https:\/\/informelitoral.com.ar\/isletas-inicia-su-camino-como-comuna-reunion-clave-con-frigerio-y-nuevos-desafios-administrativos\/\" target=\"_blank\" rel=\"noopener\">Isletas inicia su camino como Comuna: reuni\u00f3n clave con Frigerio y nuevos desaf\u00edos administrativos<\/a><\/strong><\/em><\/h6>\n","protected":false},"excerpt":{"rendered":"<p>La C\u00e1mara de Senadores de Entre R\u00edos celebr\u00f3 este martes su 5\u00aa Sesi\u00f3n Ordinaria correspondiente al 147\u00ba Periodo Legislativo. El cuerpo aprob\u00f3, entre otras iniciativas, proyectos de declaraci\u00f3n de utilidad p\u00fablica y expropiaci\u00f3n de inmuebles para obras en los departamentos de Tala, Islas y Nogoy\u00e1.<\/p>\n","protected":false},"author":2,"featured_media":259019,"comment_status":"open","ping_status":"open","sticky":false,"template":"","format":"standard","meta":{"fifu_image_url":"https:\/\/www.senadoer.gob.ar\/wp-content\/uploads\/2026\/04\/DSC_6101-4744.jpg-860x573.jpeg","fifu_image_alt":"","footnotes":""},"categories":[16],"tags":[2047,287,464],"class_list":{"0":"post-259018","1":"post","2":"type-post","3":"status-publish","4":"format-standard","5":"has-post-thumbnail","7":"category-politi","8":"tag-camara-de-senadores","9":"tag-legislativas","10":"tag-senado"},"yoast_head":"<title>El Senado entrerriano realiz\u00f3 su quinta Sesi\u00f3n Ordinaria del 2026 - Informe Litoral<\/title>\n<meta name=\"robots\" content=\"index, follow, max-snippet:-1, max-image-preview:large, max-video-preview:-1\" \/>\n<link rel=\"canonical\" href=\"https:\/\/informelitoral.com.ar\/el-senado-entrerriano-realizo-su-quinta-sesion-ordinaria-del-2026\/\" \/>\n<meta property=\"og:locale\" content=\"es_ES\" \/>\n<meta property=\"og:type\" content=\"article\" \/>\n<meta property=\"og:title\" content=\"El Senado entrerriano realiz\u00f3 su quinta Sesi\u00f3n Ordinaria del 2026 - Informe Litoral\" \/>\n<meta property=\"og:description\" content=\"La C\u00e1mara de Senadores de Entre R\u00edos celebr\u00f3 este martes su 5\u00aa Sesi\u00f3n Ordinaria correspondiente al 147\u00ba Periodo Legislativo. El cuerpo aprob\u00f3, entre otras iniciativas, proyectos de declaraci\u00f3n de utilidad p\u00fablica y expropiaci\u00f3n de inmuebles para obras en los departamentos de Tala, Islas y Nogoy\u00e1.\" \/>\n<meta property=\"og:url\" content=\"https:\/\/informelitoral.com.ar\/el-senado-entrerriano-realizo-su-quinta-sesion-ordinaria-del-2026\/\" \/>\n<meta property=\"og:site_name\" content=\"Informe Litoral\" \/>\n<meta property=\"article:publisher\" content=\"https:\/\/www.facebook.com\/informelitoral\/\" \/>\n<meta property=\"article:published_time\" content=\"2026-04-28T10:18:26+00:00\" \/>\n<meta property=\"article:modified_time\" content=\"2026-04-30T10:22:03+00:00\" \/>\n<meta property=\"og:image\" content=\"https:\/\/www.senadoer.gob.ar\/%77%70%2d%63%6f%6e%74%65%6e%74\/uploads\/2026\/04\/DSC_6101-4744.jpg-860x573.jpeg\" \/>\n<meta name=\"author\" content=\"Gonzalo Schmidt\" \/>\n<meta name=\"twitter:card\" content=\"summary_large_image\" \/>\n<meta name=\"twitter:image\" content=\"https:\/\/www.senadoer.gob.ar\/%77%70%2d%63%6f%6e%74%65%6e%74\/uploads\/2026\/04\/DSC_6101-4744.jpg-860x573.jpeg\" \/>\n<meta name=\"twitter:creator\" content=\"@InformeLitoral\" \/>\n<meta name=\"twitter:site\" content=\"@InformeLitoral\" \/>\n<meta name=\"twitter:label1\" content=\"Escrito por\" \/>\n\t<meta name=\"twitter:data1\" content=\"Gonzalo Schmidt\" \/>\n\t<meta name=\"twitter:label2\" content=\"Tiempo de lectura\" \/>\n\t<meta name=\"twitter:data2\" content=\"7 minutos\" \/>\n<script type=\"application\/ld+json\" class=\"yoast-schema-graph\">{\"@context\":\"https:\\\/\\\/schema.org\",\"@graph\":[{\"@type\":\"Article\",\"@id\":\"https:\\\/\\\/informelitoral.com.ar\\\/el-senado-entrerriano-realizo-su-quinta-sesion-ordinaria-del-2026\\\/#article\",\"isPartOf\":{\"@id\":\"https:\\\/\\\/informelitoral.com.ar\\\/el-senado-entrerriano-realizo-su-quinta-sesion-ordinaria-del-2026\\\/\"},\"author\":{\"name\":\"Gonzalo Schmidt\",\"@id\":\"https:\\\/\\\/informelitoral.com.ar\\\/#\\\/schema\\\/person\\\/b9d00407c836482871ef1d57bf8e3180\"},\"headline\":\"El Senado entrerriano realiz\u00f3 su quinta Sesi\u00f3n Ordinaria del 2026\",\"datePublished\":\"2026-04-28T10:18:26+00:00\",\"dateModified\":\"2026-04-30T10:22:03+00:00\",\"mainEntityOfPage\":{\"@id\":\"https:\\\/\\\/informelitoral.com.ar\\\/el-senado-entrerriano-realizo-su-quinta-sesion-ordinaria-del-2026\\\/\"},\"wordCount\":1574,\"commentCount\":0,\"publisher\":{\"@id\":\"https:\\\/\\\/informelitoral.com.ar\\\/#organization\"},\"image\":{\"@id\":\"https:\\\/\\\/informelitoral.com.ar\\\/el-senado-entrerriano-realizo-su-quinta-sesion-ordinaria-del-2026\\\/#primaryimage\"},\"thumbnailUrl\":\"https:\\\/\\\/www.senadoer.gob.ar\\\/%77%70%2d%63%6f%6e%74%65%6e%74\\\/uploads\\\/2026\\\/04\\\/DSC_6101-4744.jpg-860x573.jpeg\",\"keywords\":[\"Camara de Senadores\",\"Legislativas\",\"Senado\"],\"articleSection\":[\"Politica\"],\"inLanguage\":\"es\",\"potentialAction\":[{\"@type\":\"CommentAction\",\"name\":\"Comment\",\"target\":[\"https:\\\/\\\/informelitoral.com.ar\\\/el-senado-entrerriano-realizo-su-quinta-sesion-ordinaria-del-2026\\\/#respond\"]}]},{\"@type\":\"WebPage\",\"@id\":\"https:\\\/\\\/informelitoral.com.ar\\\/el-senado-entrerriano-realizo-su-quinta-sesion-ordinaria-del-2026\\\/\",\"url\":\"https:\\\/\\\/informelitoral.com.ar\\\/el-senado-entrerriano-realizo-su-quinta-sesion-ordinaria-del-2026\\\/\",\"name\":\"El Senado entrerriano realiz\u00f3 su quinta Sesi\u00f3n Ordinaria del 2026 - Informe Litoral\",\"isPartOf\":{\"@id\":\"https:\\\/\\\/informelitoral.com.ar\\\/#website\"},\"primaryImageOfPage\":{\"@id\":\"https:\\\/\\\/informelitoral.com.ar\\\/el-senado-entrerriano-realizo-su-quinta-sesion-ordinaria-del-2026\\\/#primaryimage\"},\"image\":{\"@id\":\"https:\\\/\\\/informelitoral.com.ar\\\/el-senado-entrerriano-realizo-su-quinta-sesion-ordinaria-del-2026\\\/#primaryimage\"},\"thumbnailUrl\":\"https:\\\/\\\/www.senadoer.gob.ar\\\/%77%70%2d%63%6f%6e%74%65%6e%74\\\/uploads\\\/2026\\\/04\\\/DSC_6101-4744.jpg-860x573.jpeg\",\"datePublished\":\"2026-04-28T10:18:26+00:00\",\"dateModified\":\"2026-04-30T10:22:03+00:00\",\"breadcrumb\":{\"@id\":\"https:\\\/\\\/informelitoral.com.ar\\\/el-senado-entrerriano-realizo-su-quinta-sesion-ordinaria-del-2026\\\/#breadcrumb\"},\"inLanguage\":\"es\",\"potentialAction\":[{\"@type\":\"ReadAction\",\"target\":[\"https:\\\/\\\/informelitoral.com.ar\\\/el-senado-entrerriano-realizo-su-quinta-sesion-ordinaria-del-2026\\\/\"]}]},{\"@type\":\"ImageObject\",\"inLanguage\":\"es\",\"@id\":\"https:\\\/\\\/informelitoral.com.ar\\\/el-senado-entrerriano-realizo-su-quinta-sesion-ordinaria-del-2026\\\/#primaryimage\",\"url\":\"https:\\\/\\\/www.senadoer.gob.ar\\\/%77%70%2d%63%6f%6e%74%65%6e%74\\\/uploads\\\/2026\\\/04\\\/DSC_6101-4744.jpg-860x573.jpeg\",\"contentUrl\":\"https:\\\/\\\/www.senadoer.gob.ar\\\/%77%70%2d%63%6f%6e%74%65%6e%74\\\/uploads\\\/2026\\\/04\\\/DSC_6101-4744.jpg-860x573.jpeg\",\"width\":\"860\",\"height\":\"573\"},{\"@type\":\"BreadcrumbList\",\"@id\":\"https:\\\/\\\/informelitoral.com.ar\\\/el-senado-entrerriano-realizo-su-quinta-sesion-ordinaria-del-2026\\\/#breadcrumb\",\"itemListElement\":[{\"@type\":\"ListItem\",\"position\":1,\"name\":\"Portada\",\"item\":\"https:\\\/\\\/informelitoral.com.ar\\\/\"},{\"@type\":\"ListItem\",\"position\":2,\"name\":\"El Senado entrerriano realiz\u00f3 su quinta Sesi\u00f3n Ordinaria del 2026\"}]},{\"@type\":\"WebSite\",\"@id\":\"https:\\\/\\\/informelitoral.com.ar\\\/#website\",\"url\":\"https:\\\/\\\/informelitoral.com.ar\\\/\",\"name\":\"Informe Litoral\",\"description\":\"&quot;Nos informamos&quot; \",\"publisher\":{\"@id\":\"https:\\\/\\\/informelitoral.com.ar\\\/#organization\"},\"potentialAction\":[{\"@type\":\"SearchAction\",\"target\":{\"@type\":\"EntryPoint\",\"urlTemplate\":\"https:\\\/\\\/informelitoral.com.ar\\\/?s={search_term_string}\"},\"query-input\":{\"@type\":\"PropertyValueSpecification\",\"valueRequired\":true,\"valueName\":\"search_term_string\"}}],\"inLanguage\":\"es\"},{\"@type\":\"Organization\",\"@id\":\"https:\\\/\\\/informelitoral.com.ar\\\/#organization\",\"name\":\"Informe Litoral\",\"url\":\"https:\\\/\\\/informelitoral.com.ar\\\/\",\"logo\":{\"@type\":\"ImageObject\",\"inLanguage\":\"es\",\"@id\":\"https:\\\/\\\/informelitoral.com.ar\\\/#\\\/schema\\\/logo\\\/image\\\/\",\"url\":\"https:\\\/\\\/informelitoral.com.ar\\\/%77%70%2d%63%6f%6e%74%65%6e%74\\\/uploads\\\/2021\\\/01\\\/circulo.png\",\"contentUrl\":\"https:\\\/\\\/informelitoral.com.ar\\\/%77%70%2d%63%6f%6e%74%65%6e%74\\\/uploads\\\/2021\\\/01\\\/circulo.png\",\"width\":723,\"height\":731,\"caption\":\"Informe Litoral\"},\"image\":{\"@id\":\"https:\\\/\\\/informelitoral.com.ar\\\/#\\\/schema\\\/logo\\\/image\\\/\"},\"sameAs\":[\"https:\\\/\\\/www.facebook.com\\\/informelitoral\\\/\",\"https:\\\/\\\/x.com\\\/InformeLitoral\",\"https:\\\/\\\/www.instagram.com\\\/informelitoral\\\/\",\"https:\\\/\\\/www.youtube.com\\\/channel\\\/UCua4Qvz8Icb6MYqhoq9xLXw\"]},{\"@type\":\"Person\",\"@id\":\"https:\\\/\\\/informelitoral.com.ar\\\/#\\\/schema\\\/person\\\/b9d00407c836482871ef1d57bf8e3180\",\"name\":\"Gonzalo Schmidt\",\"image\":{\"@type\":\"ImageObject\",\"inLanguage\":\"es\",\"@id\":\"https:\\\/\\\/secure.gravatar.com\\\/avatar\\\/31a1a7b66ff2de83bd0e9fd79d026630d2d99e55e8bfe501287647b4fd9743de?s=96&d=mm&r=g\",\"url\":\"https:\\\/\\\/secure.gravatar.com\\\/avatar\\\/31a1a7b66ff2de83bd0e9fd79d026630d2d99e55e8bfe501287647b4fd9743de?s=96&d=mm&r=g\",\"contentUrl\":\"https:\\\/\\\/secure.gravatar.com\\\/avatar\\\/31a1a7b66ff2de83bd0e9fd79d026630d2d99e55e8bfe501287647b4fd9743de?s=96&d=mm&r=g\",\"caption\":\"Gonzalo Schmidt\"},\"description\":\"Sitio web de noticias de la provincia de Entre R\u00edos, Argentina. Informaci\u00f3n y entretenimiento. Informe Litoral, nos informamos.\",\"sameAs\":[\"http:\\\/\\\/www.isletasnoticias.com.ar\"],\"url\":\"https:\\\/\\\/informelitoral.com.ar\\\/author\\\/gonzalo\\\/\"}]}<\/script>","yoast_head_json":{"title":"El Senado entrerriano realiz\u00f3 su quinta Sesi\u00f3n Ordinaria del 2026 - Informe Litoral","robots":{"index":"index","follow":"follow","max-snippet":"max-snippet:-1","max-image-preview":"max-image-preview:large","max-video-preview":"max-video-preview:-1"},"canonical":"https:\/\/informelitoral.com.ar\/el-senado-entrerriano-realizo-su-quinta-sesion-ordinaria-del-2026\/","og_locale":"es_ES","og_type":"article","og_title":"El Senado entrerriano realiz\u00f3 su quinta Sesi\u00f3n Ordinaria del 2026 - Informe Litoral","og_description":"La C\u00e1mara de Senadores de Entre R\u00edos celebr\u00f3 este martes su 5\u00aa Sesi\u00f3n Ordinaria correspondiente al 147\u00ba Periodo Legislativo. El cuerpo aprob\u00f3, entre otras iniciativas, proyectos de declaraci\u00f3n de utilidad p\u00fablica y expropiaci\u00f3n de inmuebles para obras en los departamentos de Tala, Islas y Nogoy\u00e1.","og_url":"https:\/\/informelitoral.com.ar\/el-senado-entrerriano-realizo-su-quinta-sesion-ordinaria-del-2026\/","og_site_name":"Informe Litoral","article_publisher":"https:\/\/www.facebook.com\/informelitoral\/","article_published_time":"2026-04-28T10:18:26+00:00","article_modified_time":"2026-04-30T10:22:03+00:00","og_image":[{"url":"https:\/\/www.senadoer.gob.ar\/wp-content\/uploads\/2026\/04\/DSC_6101-4744.jpg-860x573.jpeg","type":"","width":"","height":""}],"author":"Gonzalo Schmidt","twitter_card":"summary_large_image","twitter_image":"https:\/\/www.senadoer.gob.ar\/wp-content\/uploads\/2026\/04\/DSC_6101-4744.jpg-860x573.jpeg","twitter_creator":"@InformeLitoral","twitter_site":"@InformeLitoral","twitter_misc":{"Escrito por":"Gonzalo Schmidt","Tiempo de lectura":"7 minutos"},"schema":{"@context":"https:\/\/schema.org","@graph":[{"@type":"Article","@id":"https:\/\/informelitoral.com.ar\/el-senado-entrerriano-realizo-su-quinta-sesion-ordinaria-del-2026\/#article","isPartOf":{"@id":"https:\/\/informelitoral.com.ar\/el-senado-entrerriano-realizo-su-quinta-sesion-ordinaria-del-2026\/"},"author":{"name":"Gonzalo Schmidt","@id":"https:\/\/informelitoral.com.ar\/#\/schema\/person\/b9d00407c836482871ef1d57bf8e3180"},"headline":"El Senado entrerriano realiz\u00f3 su quinta Sesi\u00f3n Ordinaria del 2026","datePublished":"2026-04-28T10:18:26+00:00","dateModified":"2026-04-30T10:22:03+00:00","mainEntityOfPage":{"@id":"https:\/\/informelitoral.com.ar\/el-senado-entrerriano-realizo-su-quinta-sesion-ordinaria-del-2026\/"},"wordCount":1574,"commentCount":0,"publisher":{"@id":"https:\/\/informelitoral.com.ar\/#organization"},"image":{"@id":"https:\/\/informelitoral.com.ar\/el-senado-entrerriano-realizo-su-quinta-sesion-ordinaria-del-2026\/#primaryimage"},"thumbnailUrl":"https:\/\/www.senadoer.gob.ar\/%77%70%2d%63%6f%6e%74%65%6e%74\/uploads\/2026\/04\/DSC_6101-4744.jpg-860x573.jpeg","keywords":["Camara de Senadores","Legislativas","Senado"],"articleSection":["Politica"],"inLanguage":"es","potentialAction":[{"@type":"CommentAction","name":"Comment","target":["https:\/\/informelitoral.com.ar\/el-senado-entrerriano-realizo-su-quinta-sesion-ordinaria-del-2026\/#respond"]}]},{"@type":"WebPage","@id":"https:\/\/informelitoral.com.ar\/el-senado-entrerriano-realizo-su-quinta-sesion-ordinaria-del-2026\/","url":"https:\/\/informelitoral.com.ar\/el-senado-entrerriano-realizo-su-quinta-sesion-ordinaria-del-2026\/","name":"El Senado entrerriano realiz\u00f3 su quinta Sesi\u00f3n Ordinaria del 2026 - Informe Litoral","isPartOf":{"@id":"https:\/\/informelitoral.com.ar\/#website"},"primaryImageOfPage":{"@id":"https:\/\/informelitoral.com.ar\/el-senado-entrerriano-realizo-su-quinta-sesion-ordinaria-del-2026\/#primaryimage"},"image":{"@id":"https:\/\/informelitoral.com.ar\/el-senado-entrerriano-realizo-su-quinta-sesion-ordinaria-del-2026\/#primaryimage"},"thumbnailUrl":"https:\/\/www.senadoer.gob.ar\/%77%70%2d%63%6f%6e%74%65%6e%74\/uploads\/2026\/04\/DSC_6101-4744.jpg-860x573.jpeg","datePublished":"2026-04-28T10:18:26+00:00","dateModified":"2026-04-30T10:22:03+00:00","breadcrumb":{"@id":"https:\/\/informelitoral.com.ar\/el-senado-entrerriano-realizo-su-quinta-sesion-ordinaria-del-2026\/#breadcrumb"},"inLanguage":"es","potentialAction":[{"@type":"ReadAction","target":["https:\/\/informelitoral.com.ar\/el-senado-entrerriano-realizo-su-quinta-sesion-ordinaria-del-2026\/"]}]},{"@type":"ImageObject","inLanguage":"es","@id":"https:\/\/informelitoral.com.ar\/el-senado-entrerriano-realizo-su-quinta-sesion-ordinaria-del-2026\/#primaryimage","url":"https:\/\/www.senadoer.gob.ar\/%77%70%2d%63%6f%6e%74%65%6e%74\/uploads\/2026\/04\/DSC_6101-4744.jpg-860x573.jpeg","contentUrl":"https:\/\/www.senadoer.gob.ar\/%77%70%2d%63%6f%6e%74%65%6e%74\/uploads\/2026\/04\/DSC_6101-4744.jpg-860x573.jpeg","width":"860","height":"573"},{"@type":"BreadcrumbList","@id":"https:\/\/informelitoral.com.ar\/el-senado-entrerriano-realizo-su-quinta-sesion-ordinaria-del-2026\/#breadcrumb","itemListElement":[{"@type":"ListItem","position":1,"name":"Portada","item":"https:\/\/informelitoral.com.ar\/"},{"@type":"ListItem","position":2,"name":"El Senado entrerriano realiz\u00f3 su quinta Sesi\u00f3n Ordinaria del 2026"}]},{"@type":"WebSite","@id":"https:\/\/informelitoral.com.ar\/#website","url":"https:\/\/informelitoral.com.ar\/","name":"Informe Litoral","description":"&quot;Nos informamos&quot; ","publisher":{"@id":"https:\/\/informelitoral.com.ar\/#organization"},"potentialAction":[{"@type":"SearchAction","target":{"@type":"EntryPoint","urlTemplate":"https:\/\/informelitoral.com.ar\/?s={search_term_string}"},"query-input":{"@type":"PropertyValueSpecification","valueRequired":true,"valueName":"search_term_string"}}],"inLanguage":"es"},{"@type":"Organization","@id":"https:\/\/informelitoral.com.ar\/#organization","name":"Informe Litoral","url":"https:\/\/informelitoral.com.ar\/","logo":{"@type":"ImageObject","inLanguage":"es","@id":"https:\/\/informelitoral.com.ar\/#\/schema\/logo\/image\/","url":"https:\/\/informelitoral.com.ar\/%77%70%2d%63%6f%6e%74%65%6e%74\/uploads\/2021\/01\/circulo.png","contentUrl":"https:\/\/informelitoral.com.ar\/%77%70%2d%63%6f%6e%74%65%6e%74\/uploads\/2021\/01\/circulo.png","width":723,"height":731,"caption":"Informe Litoral"},"image":{"@id":"https:\/\/informelitoral.com.ar\/#\/schema\/logo\/image\/"},"sameAs":["https:\/\/www.facebook.com\/informelitoral\/","https:\/\/x.com\/InformeLitoral","https:\/\/www.instagram.com\/informelitoral\/","https:\/\/www.youtube.com\/channel\/UCua4Qvz8Icb6MYqhoq9xLXw"]},{"@type":"Person","@id":"https:\/\/informelitoral.com.ar\/#\/schema\/person\/b9d00407c836482871ef1d57bf8e3180","name":"Gonzalo Schmidt","image":{"@type":"ImageObject","inLanguage":"es","@id":"https:\/\/secure.gravatar.com\/avatar\/31a1a7b66ff2de83bd0e9fd79d026630d2d99e55e8bfe501287647b4fd9743de?s=96&d=mm&r=g","url":"https:\/\/secure.gravatar.com\/avatar\/31a1a7b66ff2de83bd0e9fd79d026630d2d99e55e8bfe501287647b4fd9743de?s=96&d=mm&r=g","contentUrl":"https:\/\/secure.gravatar.com\/avatar\/31a1a7b66ff2de83bd0e9fd79d026630d2d99e55e8bfe501287647b4fd9743de?s=96&d=mm&r=g","caption":"Gonzalo Schmidt"},"description":"Sitio web de noticias de la provincia de Entre R\u00edos, Argentina. Informaci\u00f3n y entretenimiento. Informe Litoral, nos informamos.","sameAs":["http:\/\/www.isletasnoticias.com.ar"],"url":"https:\/\/informelitoral.com.ar\/author\/gonzalo\/"}]}},"fifu_image_url":"https:\/\/www.senadoer.gob.ar\/wp-content\/uploads\/2026\/04\/DSC_6101-4744.jpg-860x573.jpeg","_links":{"self":[{"href":"https:\/\/informelitoral.com.ar\/%77%70%2d%6a%73%6f%6e\/wp\/v2\/posts\/259018","targetHints":{"allow":["GET"]}}],"collection":[{"href":"https:\/\/informelitoral.com.ar\/%77%70%2d%6a%73%6f%6e\/wp\/v2\/posts"}],"about":[{"href":"https:\/\/informelitoral.com.ar\/%77%70%2d%6a%73%6f%6e\/wp\/v2\/types\/post"}],"author":[{"embeddable":true,"href":"https:\/\/informelitoral.com.ar\/%77%70%2d%6a%73%6f%6e\/wp\/v2\/users\/2"}],"replies":[{"embeddable":true,"href":"https:\/\/informelitoral.com.ar\/%77%70%2d%6a%73%6f%6e\/wp\/v2\/comments?post=259018"}],"version-history":[{"count":1,"href":"https:\/\/informelitoral.com.ar\/%77%70%2d%6a%73%6f%6e\/wp\/v2\/posts\/259018\/revisions"}],"predecessor-version":[{"id":259020,"href":"https:\/\/informelitoral.com.ar\/%77%70%2d%6a%73%6f%6e\/wp\/v2\/posts\/259018\/revisions\/259020"}],"wp:featuredmedia":[{"embeddable":true,"href":"https:\/\/informelitoral.com.ar\/%77%70%2d%6a%73%6f%6e\/wp\/v2\/media\/259019"}],"wp:attachment":[{"href":"https:\/\/informelitoral.com.ar\/%77%70%2d%6a%73%6f%6e\/wp\/v2\/media?parent=259018"}],"wp:term":[{"taxonomy":"category","embeddable":true,"href":"https:\/\/informelitoral.com.ar\/%77%70%2d%6a%73%6f%6e\/wp\/v2\/categories?post=259018"},{"taxonomy":"post_tag","embeddable":true,"href":"https:\/\/informelitoral.com.ar\/%77%70%2d%6a%73%6f%6e\/wp\/v2\/tags?post=259018"}],"curies":[{"name":"wp","href":"https:\/\/api.w.org\/{rel}","templated":true}]}}