{"id":2590,"date":"2013-07-25T20:55:56","date_gmt":"2013-07-25T23:55:56","guid":{"rendered":"http:\/\/www.isletasnoticias.com.ar\/?p=2590"},"modified":"2013-07-25T20:55:56","modified_gmt":"2013-07-25T23:55:56","slug":"anunciaron-que-el-salario-minimo-sera-de-3-600","status":"publish","type":"post","link":"https:\/\/informelitoral.com.ar\/anunciaron-que-el-salario-minimo-sera-de-3-600\/","title":{"rendered":"Anunciaron que el salario m\u00ednimo ser\u00e1 de $3.600"},"content":{"rendered":"<div>\n<p><strong>Lo inform\u00f3<em>\u00a0Cristina Kirchner<\/em>\u00a0tras la reuni\u00f3n del Consejo del Salario. Adem\u00e1s, indic\u00f3 que se eliminar\u00e1 el Impuesto a las Ganacias de la primera cuota del aguinaldo del a\u00f1o pr\u00f3ximo.<\/strong><\/p>\n<\/div>\n<p><img decoding=\"async\" alt=\"Anunciaron que el salario m\u00ednimo ser\u00e1 de $3.600\" src=\"http:\/\/cdn01.ar.infobae.com\/adjuntos\/jpg\/2012\/08\/600x0_578545.jpg\" width=\"600\" \/><\/p>\n<div>\n<p>La presidente <strong>Cristina Kirchner<\/strong> anunci\u00f3 esta tarde que el nuevo salario m\u00ednimo vital y m\u00f3vil trepar\u00e1 a 3.600, lo que representa una suba superior al 25%.<\/p>\n<p>La mandataria oficializ\u00f3 la suba en el marco del Consejo del Salario, en donde empresarios y representantes del sindicalismo negociaron con la mediaci\u00f3n del Ministerio de Trabajo.<\/p>\n<p>\u00abQuiero destacar que el di\u00e1logo entre empresarios y trabajadores es un ejemplo, que se ha mantenido por el compromiso de los actores\u00bb, el titular de la cartera,\u00a0<strong>Carlos Tomada<\/strong>, al informar el acuerdo.<\/p>\n<p>En la misma l\u00ednea, la jefa de Estado dijo que \u00abno es poca cosa asistir a la d\u00e9cima reuni\u00f3n del Consejo, sobre todo teniendo en cuenta del lugar donde venimos\u00bb. Aludi\u00f3 as\u00ed al monto del salario m\u00ednimo que hab\u00eda al momento que comenz\u00f3 la gesti\u00f3n kirchnerista que, seg\u00fan asegur\u00f3, creci\u00f3 un 1.700% desde entonces a esta parte.<\/p>\n<p>Fuente: Infobae.<\/p>\n<\/div>\n","protected":false},"excerpt":{"rendered":"<p>Lo inform&oacute;&nbsp;Cristina Kirchner&nbsp;tras la reuni&oacute;n del Consejo del Salario. Adem&aacute;s, indic&oacute; que se eliminar&aacute; el Impuesto a las Ganacias de la primera cuota del aguinaldo del a&ntilde;o pr&oacute;ximo. La presidente Cristina Kirchner anunci&oacute; esta tarde que el nuevo salario m&iacute;nimo vital y m&oacute;vil trepar&aacute; a 3.600, lo que representa una suba superior al 25%. La [&hellip;]<\/p>\n","protected":false},"author":2,"featured_media":0,"comment_status":"open","ping_status":"open","sticky":false,"template":"","format":"standard","meta":{"fifu_image_url":"","fifu_image_alt":"","footnotes":""},"categories":[7],"tags":[],"class_list":{"0":"post-2590","1":"post","2":"type-post","3":"status-publish","4":"format-standard","6":"category-nacionales"},"yoast_head":"<title>Anunciaron que el salario m\u00ednimo ser\u00e1 de $3.600 - Informe Litoral<\/title>\n<meta name=\"robots\" content=\"index, follow, max-snippet:-1, max-image-preview:large, max-video-preview:-1\" \/>\n<link rel=\"canonical\" href=\"https:\/\/informelitoral.com.ar\/anunciaron-que-el-salario-minimo-sera-de-3-600\/\" \/>\n<meta property=\"og:locale\" content=\"es_ES\" \/>\n<meta property=\"og:type\" content=\"article\" \/>\n<meta property=\"og:title\" content=\"Anunciaron que el salario m\u00ednimo ser\u00e1 de $3.600 - Informe Litoral\" \/>\n<meta property=\"og:description\" content=\"Lo inform&oacute;&nbsp;Cristina Kirchner&nbsp;tras la reuni&oacute;n del Consejo del Salario. Adem&aacute;s, indic&oacute; que se eliminar&aacute; el Impuesto a las Ganacias de la primera cuota del aguinaldo del a&ntilde;o pr&oacute;ximo. La presidente Cristina Kirchner anunci&oacute; esta tarde que el nuevo salario m&iacute;nimo vital y m&oacute;vil trepar&aacute; a 3.600, lo que representa una suba superior al 25%. La [&hellip;]\" \/>\n<meta property=\"og:url\" content=\"https:\/\/informelitoral.com.ar\/anunciaron-que-el-salario-minimo-sera-de-3-600\/\" \/>\n<meta property=\"og:site_name\" content=\"Informe Litoral\" \/>\n<meta property=\"article:publisher\" content=\"https:\/\/www.facebook.com\/informelitoral\/\" \/>\n<meta property=\"article:published_time\" content=\"2013-07-25T23:55:56+00:00\" \/>\n<meta property=\"og:image\" content=\"http:\/\/cdn01.ar.infobae.com\/adjuntos\/jpg\/2012\/08\/600x0_578545.jpg\" \/>\n<meta name=\"author\" content=\"Gonzalo Schmidt\" \/>\n<meta name=\"twitter:card\" content=\"summary_large_image\" \/>\n<meta name=\"twitter:creator\" content=\"@InformeLitoral\" \/>\n<meta name=\"twitter:site\" content=\"@InformeLitoral\" \/>\n<meta name=\"twitter:label1\" content=\"Escrito por\" \/>\n\t<meta name=\"twitter:data1\" content=\"Gonzalo Schmidt\" \/>\n\t<meta name=\"twitter:label2\" content=\"Tiempo de lectura\" \/>\n\t<meta name=\"twitter:data2\" content=\"1 minuto\" \/>\n<script type=\"application\/ld+json\" class=\"yoast-schema-graph\">{\"@context\":\"https:\\\/\\\/schema.org\",\"@graph\":[{\"@type\":\"Article\",\"@id\":\"https:\\\/\\\/informelitoral.com.ar\\\/anunciaron-que-el-salario-minimo-sera-de-3-600\\\/#article\",\"isPartOf\":{\"@id\":\"https:\\\/\\\/informelitoral.com.ar\\\/anunciaron-que-el-salario-minimo-sera-de-3-600\\\/\"},\"author\":{\"name\":\"Gonzalo Schmidt\",\"@id\":\"https:\\\/\\\/informelitoral.com.ar\\\/#\\\/schema\\\/person\\\/b9d00407c836482871ef1d57bf8e3180\"},\"headline\":\"Anunciaron que el salario m\u00ednimo ser\u00e1 de $3.600\",\"datePublished\":\"2013-07-25T23:55:56+00:00\",\"mainEntityOfPage\":{\"@id\":\"https:\\\/\\\/informelitoral.com.ar\\\/anunciaron-que-el-salario-minimo-sera-de-3-600\\\/\"},\"wordCount\":195,\"commentCount\":0,\"publisher\":{\"@id\":\"https:\\\/\\\/informelitoral.com.ar\\\/#organization\"},\"image\":{\"@id\":\"https:\\\/\\\/informelitoral.com.ar\\\/anunciaron-que-el-salario-minimo-sera-de-3-600\\\/#primaryimage\"},\"thumbnailUrl\":\"http:\\\/\\\/cdn01.ar.infobae.com\\\/adjuntos\\\/jpg\\\/2012\\\/08\\\/600x0_578545.jpg\",\"articleSection\":[\"Nacionales\"],\"inLanguage\":\"es\",\"potentialAction\":[{\"@type\":\"CommentAction\",\"name\":\"Comment\",\"target\":[\"https:\\\/\\\/informelitoral.com.ar\\\/anunciaron-que-el-salario-minimo-sera-de-3-600\\\/#respond\"]}]},{\"@type\":\"WebPage\",\"@id\":\"https:\\\/\\\/informelitoral.com.ar\\\/anunciaron-que-el-salario-minimo-sera-de-3-600\\\/\",\"url\":\"https:\\\/\\\/informelitoral.com.ar\\\/anunciaron-que-el-salario-minimo-sera-de-3-600\\\/\",\"name\":\"Anunciaron que el salario m\u00ednimo ser\u00e1 de $3.600 - Informe Litoral\",\"isPartOf\":{\"@id\":\"https:\\\/\\\/informelitoral.com.ar\\\/#website\"},\"primaryImageOfPage\":{\"@id\":\"https:\\\/\\\/informelitoral.com.ar\\\/anunciaron-que-el-salario-minimo-sera-de-3-600\\\/#primaryimage\"},\"image\":{\"@id\":\"https:\\\/\\\/informelitoral.com.ar\\\/anunciaron-que-el-salario-minimo-sera-de-3-600\\\/#primaryimage\"},\"thumbnailUrl\":\"http:\\\/\\\/cdn01.ar.infobae.com\\\/adjuntos\\\/jpg\\\/2012\\\/08\\\/600x0_578545.jpg\",\"datePublished\":\"2013-07-25T23:55:56+00:00\",\"breadcrumb\":{\"@id\":\"https:\\\/\\\/informelitoral.com.ar\\\/anunciaron-que-el-salario-minimo-sera-de-3-600\\\/#breadcrumb\"},\"inLanguage\":\"es\",\"potentialAction\":[{\"@type\":\"ReadAction\",\"target\":[\"https:\\\/\\\/informelitoral.com.ar\\\/anunciaron-que-el-salario-minimo-sera-de-3-600\\\/\"]}]},{\"@type\":\"ImageObject\",\"inLanguage\":\"es\",\"@id\":\"https:\\\/\\\/informelitoral.com.ar\\\/anunciaron-que-el-salario-minimo-sera-de-3-600\\\/#primaryimage\",\"url\":\"http:\\\/\\\/cdn01.ar.infobae.com\\\/adjuntos\\\/jpg\\\/2012\\\/08\\\/600x0_578545.jpg\",\"contentUrl\":\"http:\\\/\\\/cdn01.ar.infobae.com\\\/adjuntos\\\/jpg\\\/2012\\\/08\\\/600x0_578545.jpg\"},{\"@type\":\"BreadcrumbList\",\"@id\":\"https:\\\/\\\/informelitoral.com.ar\\\/anunciaron-que-el-salario-minimo-sera-de-3-600\\\/#breadcrumb\",\"itemListElement\":[{\"@type\":\"ListItem\",\"position\":1,\"name\":\"Portada\",\"item\":\"https:\\\/\\\/informelitoral.com.ar\\\/\"},{\"@type\":\"ListItem\",\"position\":2,\"name\":\"Anunciaron que el salario m\u00ednimo ser\u00e1 de $3.600\"}]},{\"@type\":\"WebSite\",\"@id\":\"https:\\\/\\\/informelitoral.com.ar\\\/#website\",\"url\":\"https:\\\/\\\/informelitoral.com.ar\\\/\",\"name\":\"Informe Litoral\",\"description\":\"&quot;Nos informamos&quot; \",\"publisher\":{\"@id\":\"https:\\\/\\\/informelitoral.com.ar\\\/#organization\"},\"potentialAction\":[{\"@type\":\"SearchAction\",\"target\":{\"@type\":\"EntryPoint\",\"urlTemplate\":\"https:\\\/\\\/informelitoral.com.ar\\\/?s={search_term_string}\"},\"query-input\":{\"@type\":\"PropertyValueSpecification\",\"valueRequired\":true,\"valueName\":\"search_term_string\"}}],\"inLanguage\":\"es\"},{\"@type\":\"Organization\",\"@id\":\"https:\\\/\\\/informelitoral.com.ar\\\/#organization\",\"name\":\"Informe Litoral\",\"url\":\"https:\\\/\\\/informelitoral.com.ar\\\/\",\"logo\":{\"@type\":\"ImageObject\",\"inLanguage\":\"es\",\"@id\":\"https:\\\/\\\/informelitoral.com.ar\\\/#\\\/schema\\\/logo\\\/image\\\/\",\"url\":\"https:\\\/\\\/informelitoral.com.ar\\\/%77%70%2d%63%6f%6e%74%65%6e%74\\\/uploads\\\/2021\\\/01\\\/circulo.png\",\"contentUrl\":\"https:\\\/\\\/informelitoral.com.ar\\\/%77%70%2d%63%6f%6e%74%65%6e%74\\\/uploads\\\/2021\\\/01\\\/circulo.png\",\"width\":723,\"height\":731,\"caption\":\"Informe Litoral\"},\"image\":{\"@id\":\"https:\\\/\\\/informelitoral.com.ar\\\/#\\\/schema\\\/logo\\\/image\\\/\"},\"sameAs\":[\"https:\\\/\\\/www.facebook.com\\\/informelitoral\\\/\",\"https:\\\/\\\/x.com\\\/InformeLitoral\",\"https:\\\/\\\/www.instagram.com\\\/informelitoral\\\/\",\"https:\\\/\\\/www.youtube.com\\\/channel\\\/UCua4Qvz8Icb6MYqhoq9xLXw\"]},{\"@type\":\"Person\",\"@id\":\"https:\\\/\\\/informelitoral.com.ar\\\/#\\\/schema\\\/person\\\/b9d00407c836482871ef1d57bf8e3180\",\"name\":\"Gonzalo Schmidt\",\"image\":{\"@type\":\"ImageObject\",\"inLanguage\":\"es\",\"@id\":\"https:\\\/\\\/secure.gravatar.com\\\/avatar\\\/31a1a7b66ff2de83bd0e9fd79d026630d2d99e55e8bfe501287647b4fd9743de?s=96&d=mm&r=g\",\"url\":\"https:\\\/\\\/secure.gravatar.com\\\/avatar\\\/31a1a7b66ff2de83bd0e9fd79d026630d2d99e55e8bfe501287647b4fd9743de?s=96&d=mm&r=g\",\"contentUrl\":\"https:\\\/\\\/secure.gravatar.com\\\/avatar\\\/31a1a7b66ff2de83bd0e9fd79d026630d2d99e55e8bfe501287647b4fd9743de?s=96&d=mm&r=g\",\"caption\":\"Gonzalo Schmidt\"},\"description\":\"Sitio web de noticias de la provincia de Entre R\u00edos, Argentina. Informaci\u00f3n y entretenimiento. Informe Litoral, nos informamos.\",\"sameAs\":[\"http:\\\/\\\/www.isletasnoticias.com.ar\"],\"url\":\"https:\\\/\\\/informelitoral.com.ar\\\/author\\\/gonzalo\\\/\"}]}<\/script>","yoast_head_json":{"title":"Anunciaron que el salario m\u00ednimo ser\u00e1 de $3.600 - Informe Litoral","robots":{"index":"index","follow":"follow","max-snippet":"max-snippet:-1","max-image-preview":"max-image-preview:large","max-video-preview":"max-video-preview:-1"},"canonical":"https:\/\/informelitoral.com.ar\/anunciaron-que-el-salario-minimo-sera-de-3-600\/","og_locale":"es_ES","og_type":"article","og_title":"Anunciaron que el salario m\u00ednimo ser\u00e1 de $3.600 - Informe Litoral","og_description":"Lo inform&oacute;&nbsp;Cristina Kirchner&nbsp;tras la reuni&oacute;n del Consejo del Salario. Adem&aacute;s, indic&oacute; que se eliminar&aacute; el Impuesto a las Ganacias de la primera cuota del aguinaldo del a&ntilde;o pr&oacute;ximo. La presidente Cristina Kirchner anunci&oacute; esta tarde que el nuevo salario m&iacute;nimo vital y m&oacute;vil trepar&aacute; a 3.600, lo que representa una suba superior al 25%. La [&hellip;]","og_url":"https:\/\/informelitoral.com.ar\/anunciaron-que-el-salario-minimo-sera-de-3-600\/","og_site_name":"Informe Litoral","article_publisher":"https:\/\/www.facebook.com\/informelitoral\/","article_published_time":"2013-07-25T23:55:56+00:00","og_image":[{"url":"http:\/\/cdn01.ar.infobae.com\/adjuntos\/jpg\/2012\/08\/600x0_578545.jpg","type":"","width":"","height":""}],"author":"Gonzalo Schmidt","twitter_card":"summary_large_image","twitter_creator":"@InformeLitoral","twitter_site":"@InformeLitoral","twitter_misc":{"Escrito por":"Gonzalo Schmidt","Tiempo de lectura":"1 minuto"},"schema":{"@context":"https:\/\/schema.org","@graph":[{"@type":"Article","@id":"https:\/\/informelitoral.com.ar\/anunciaron-que-el-salario-minimo-sera-de-3-600\/#article","isPartOf":{"@id":"https:\/\/informelitoral.com.ar\/anunciaron-que-el-salario-minimo-sera-de-3-600\/"},"author":{"name":"Gonzalo Schmidt","@id":"https:\/\/informelitoral.com.ar\/#\/schema\/person\/b9d00407c836482871ef1d57bf8e3180"},"headline":"Anunciaron que el salario m\u00ednimo ser\u00e1 de $3.600","datePublished":"2013-07-25T23:55:56+00:00","mainEntityOfPage":{"@id":"https:\/\/informelitoral.com.ar\/anunciaron-que-el-salario-minimo-sera-de-3-600\/"},"wordCount":195,"commentCount":0,"publisher":{"@id":"https:\/\/informelitoral.com.ar\/#organization"},"image":{"@id":"https:\/\/informelitoral.com.ar\/anunciaron-que-el-salario-minimo-sera-de-3-600\/#primaryimage"},"thumbnailUrl":"http:\/\/cdn01.ar.infobae.com\/adjuntos\/jpg\/2012\/08\/600x0_578545.jpg","articleSection":["Nacionales"],"inLanguage":"es","potentialAction":[{"@type":"CommentAction","name":"Comment","target":["https:\/\/informelitoral.com.ar\/anunciaron-que-el-salario-minimo-sera-de-3-600\/#respond"]}]},{"@type":"WebPage","@id":"https:\/\/informelitoral.com.ar\/anunciaron-que-el-salario-minimo-sera-de-3-600\/","url":"https:\/\/informelitoral.com.ar\/anunciaron-que-el-salario-minimo-sera-de-3-600\/","name":"Anunciaron que el salario m\u00ednimo ser\u00e1 de $3.600 - Informe Litoral","isPartOf":{"@id":"https:\/\/informelitoral.com.ar\/#website"},"primaryImageOfPage":{"@id":"https:\/\/informelitoral.com.ar\/anunciaron-que-el-salario-minimo-sera-de-3-600\/#primaryimage"},"image":{"@id":"https:\/\/informelitoral.com.ar\/anunciaron-que-el-salario-minimo-sera-de-3-600\/#primaryimage"},"thumbnailUrl":"http:\/\/cdn01.ar.infobae.com\/adjuntos\/jpg\/2012\/08\/600x0_578545.jpg","datePublished":"2013-07-25T23:55:56+00:00","breadcrumb":{"@id":"https:\/\/informelitoral.com.ar\/anunciaron-que-el-salario-minimo-sera-de-3-600\/#breadcrumb"},"inLanguage":"es","potentialAction":[{"@type":"ReadAction","target":["https:\/\/informelitoral.com.ar\/anunciaron-que-el-salario-minimo-sera-de-3-600\/"]}]},{"@type":"ImageObject","inLanguage":"es","@id":"https:\/\/informelitoral.com.ar\/anunciaron-que-el-salario-minimo-sera-de-3-600\/#primaryimage","url":"http:\/\/cdn01.ar.infobae.com\/adjuntos\/jpg\/2012\/08\/600x0_578545.jpg","contentUrl":"http:\/\/cdn01.ar.infobae.com\/adjuntos\/jpg\/2012\/08\/600x0_578545.jpg"},{"@type":"BreadcrumbList","@id":"https:\/\/informelitoral.com.ar\/anunciaron-que-el-salario-minimo-sera-de-3-600\/#breadcrumb","itemListElement":[{"@type":"ListItem","position":1,"name":"Portada","item":"https:\/\/informelitoral.com.ar\/"},{"@type":"ListItem","position":2,"name":"Anunciaron que el salario m\u00ednimo ser\u00e1 de $3.600"}]},{"@type":"WebSite","@id":"https:\/\/informelitoral.com.ar\/#website","url":"https:\/\/informelitoral.com.ar\/","name":"Informe Litoral","description":"&quot;Nos informamos&quot; ","publisher":{"@id":"https:\/\/informelitoral.com.ar\/#organization"},"potentialAction":[{"@type":"SearchAction","target":{"@type":"EntryPoint","urlTemplate":"https:\/\/informelitoral.com.ar\/?s={search_term_string}"},"query-input":{"@type":"PropertyValueSpecification","valueRequired":true,"valueName":"search_term_string"}}],"inLanguage":"es"},{"@type":"Organization","@id":"https:\/\/informelitoral.com.ar\/#organization","name":"Informe Litoral","url":"https:\/\/informelitoral.com.ar\/","logo":{"@type":"ImageObject","inLanguage":"es","@id":"https:\/\/informelitoral.com.ar\/#\/schema\/logo\/image\/","url":"https:\/\/informelitoral.com.ar\/%77%70%2d%63%6f%6e%74%65%6e%74\/uploads\/2021\/01\/circulo.png","contentUrl":"https:\/\/informelitoral.com.ar\/%77%70%2d%63%6f%6e%74%65%6e%74\/uploads\/2021\/01\/circulo.png","width":723,"height":731,"caption":"Informe Litoral"},"image":{"@id":"https:\/\/informelitoral.com.ar\/#\/schema\/logo\/image\/"},"sameAs":["https:\/\/www.facebook.com\/informelitoral\/","https:\/\/x.com\/InformeLitoral","https:\/\/www.instagram.com\/informelitoral\/","https:\/\/www.youtube.com\/channel\/UCua4Qvz8Icb6MYqhoq9xLXw"]},{"@type":"Person","@id":"https:\/\/informelitoral.com.ar\/#\/schema\/person\/b9d00407c836482871ef1d57bf8e3180","name":"Gonzalo Schmidt","image":{"@type":"ImageObject","inLanguage":"es","@id":"https:\/\/secure.gravatar.com\/avatar\/31a1a7b66ff2de83bd0e9fd79d026630d2d99e55e8bfe501287647b4fd9743de?s=96&d=mm&r=g","url":"https:\/\/secure.gravatar.com\/avatar\/31a1a7b66ff2de83bd0e9fd79d026630d2d99e55e8bfe501287647b4fd9743de?s=96&d=mm&r=g","contentUrl":"https:\/\/secure.gravatar.com\/avatar\/31a1a7b66ff2de83bd0e9fd79d026630d2d99e55e8bfe501287647b4fd9743de?s=96&d=mm&r=g","caption":"Gonzalo Schmidt"},"description":"Sitio web de noticias de la provincia de Entre R\u00edos, Argentina. Informaci\u00f3n y entretenimiento. Informe Litoral, nos informamos.","sameAs":["http:\/\/www.isletasnoticias.com.ar"],"url":"https:\/\/informelitoral.com.ar\/author\/gonzalo\/"}]}},"_links":{"self":[{"href":"https:\/\/informelitoral.com.ar\/%77%70%2d%6a%73%6f%6e\/wp\/v2\/posts\/2590","targetHints":{"allow":["GET"]}}],"collection":[{"href":"https:\/\/informelitoral.com.ar\/%77%70%2d%6a%73%6f%6e\/wp\/v2\/posts"}],"about":[{"href":"https:\/\/informelitoral.com.ar\/%77%70%2d%6a%73%6f%6e\/wp\/v2\/types\/post"}],"author":[{"embeddable":true,"href":"https:\/\/informelitoral.com.ar\/%77%70%2d%6a%73%6f%6e\/wp\/v2\/users\/2"}],"replies":[{"embeddable":true,"href":"https:\/\/informelitoral.com.ar\/%77%70%2d%6a%73%6f%6e\/wp\/v2\/comments?post=2590"}],"version-history":[{"count":0,"href":"https:\/\/informelitoral.com.ar\/%77%70%2d%6a%73%6f%6e\/wp\/v2\/posts\/2590\/revisions"}],"wp:attachment":[{"href":"https:\/\/informelitoral.com.ar\/%77%70%2d%6a%73%6f%6e\/wp\/v2\/media?parent=2590"}],"wp:term":[{"taxonomy":"category","embeddable":true,"href":"https:\/\/informelitoral.com.ar\/%77%70%2d%6a%73%6f%6e\/wp\/v2\/categories?post=2590"},{"taxonomy":"post_tag","embeddable":true,"href":"https:\/\/informelitoral.com.ar\/%77%70%2d%6a%73%6f%6e\/wp\/v2\/tags?post=2590"}],"curies":[{"name":"wp","href":"https:\/\/api.w.org\/{rel}","templated":true}]}}