{"id":258924,"date":"2026-04-29T08:49:20","date_gmt":"2026-04-29T11:49:20","guid":{"rendered":"https:\/\/informelitoral.com.ar\/?p=258924"},"modified":"2026-04-29T08:49:20","modified_gmt":"2026-04-29T11:49:20","slug":"general-ramirez-sera-sede-del-lanzamiento-provincial-de-escuela-y-comunidad","status":"publish","type":"post","link":"https:\/\/informelitoral.com.ar\/general-ramirez-sera-sede-del-lanzamiento-provincial-de-escuela-y-comunidad\/","title":{"rendered":"General Ram\u00edrez ser\u00e1 sede del lanzamiento provincial de \u00abEscuela y Comunidad\u00bb"},"content":{"rendered":"<p data-path-to-node=\"3\">El Complejo Educativo Francisco Ram\u00edrez de la ciudad de <b data-path-to-node=\"3\" data-index-in-node=\"56\">General Ram\u00edrez<\/b> recibir\u00e1 este jueves 30 de abril el lanzamiento oficial de la nueva etapa del programa Escuela y Comunidad. El acto est\u00e1 programado para las 11 y se encuadra en las resoluciones N\u00ba 0492\/25 y N\u00ba 700\/25 del Consejo General de Educaci\u00f3n (CGE). Esta propuesta alcanza a un total de <b data-path-to-node=\"3\" data-index-in-node=\"356\">625 escuelas p\u00fablicas y privadas<\/b> de toda la provincia, con la participaci\u00f3n proyectada de <b data-path-to-node=\"3\" data-index-in-node=\"446\">2.250 docentes<\/b> y alrededor de <b data-path-to-node=\"3\" data-index-in-node=\"476\">30.000 estudiantes<\/b> que quedar\u00e1n en condiciones de realizar sus pasant\u00edas y pr\u00e1cticas formativas.<\/p>\n<h6 data-path-to-node=\"3\"><em><strong>Del archivo:\u00a0<a href=\"https:\/\/informelitoral.com.ar\/millonaria-inversion-en-la-ampliacion-del-hospital-de-general-ramirez\/\" target=\"_blank\" rel=\"noopener\">Millonaria inversi\u00f3n en la ampliaci\u00f3n del Hospital de General Ram\u00edrez<\/a><\/strong><\/em><\/h6>\n<p data-path-to-node=\"4\">La iniciativa busca formalizar los lazos que las instituciones educativas mantienen con su entorno y proporcionar una mirada integral del conocimiento. Seg\u00fan las autoridades educativas, el encuentro tiene el prop\u00f3sito de consolidar la tarea territorial y profundizar los v\u00ednculos con la comunidad mediante la incorporaci\u00f3n de <b data-path-to-node=\"4\" data-index-in-node=\"326\">socios estrat\u00e9gicos<\/b> del \u00e1mbito p\u00fablico y privado. Durante el a\u00f1o 2025, el programa logr\u00f3 una cobertura de 130.000 alumnos de nivel secundario, de los cuales m\u00e1s de 16.000 concretaron pr\u00e1cticas profesionalizantes, fortaleciendo la transici\u00f3n entre la escuela y el sector productivo.<\/p>\n<h6 data-path-to-node=\"4\"><strong><em>Del archivo:\u00a0<a href=\"https:\/\/informelitoral.com.ar\/isletas-inicia-su-camino-como-comuna-reunion-clave-con-frigerio-y-nuevos-desafios-administrativos\/\" target=\"_blank\" rel=\"noopener\">Isletas inicia su camino como Comuna: reuni\u00f3n clave con Frigerio y nuevos desaf\u00edos administrativos<\/a><\/em><\/strong><\/h6>\n<p data-path-to-node=\"5\">Actualmente, la red cuenta con <b data-path-to-node=\"5\" data-index-in-node=\"31\">811 convenios activos<\/b>, lo que demuestra un proceso sostenido de articulaci\u00f3n con diversos sectores. En esta etapa que inicia en General Ram\u00edrez, se har\u00e1 hincapi\u00e9 en la <b data-path-to-node=\"5\" data-index-in-node=\"199\">innovaci\u00f3n pedag\u00f3gica, curricular y organizacional<\/b>. El programa facilitar\u00e1 experiencias educativas progresivas desde el primer a\u00f1o de la secundaria, permitiendo que los estudiantes desarrollen competencias en entornos reales. Adem\u00e1s, se implementar\u00e1n nuevas l\u00edneas de acci\u00f3n para el acompa\u00f1amiento de las trayectorias estudiantiles y la mejora en los mecanismos de seguimiento y evaluaci\u00f3n de las pr\u00e1cticas.<\/p>\n","protected":false},"excerpt":{"rendered":"<p>El Complejo Educativo Francisco Ram\u00edrez recibir\u00e1 a autoridades del CGE para formalizar un programa que vincula a 30.000 estudiantes entrerrianos con el mundo laboral y socioproductivo.<\/p>\n","protected":false},"author":8,"featured_media":258925,"comment_status":"open","ping_status":"open","sticky":false,"template":"","format":"standard","meta":{"fifu_image_url":"","fifu_image_alt":"","footnotes":""},"categories":[4586],"tags":[1385,5952,6581,556],"class_list":{"0":"post-258924","1":"post","2":"type-post","3":"status-publish","4":"format-standard","5":"has-post-thumbnail","7":"category-general-ramirez","8":"tag-departamento-diamante","9":"tag-escuela-francisco-ramirez","10":"tag-escuela-y-comunidad","11":"tag-general-ramirez"},"yoast_head":"<title>General Ram\u00edrez ser\u00e1 sede del lanzamiento provincial de &quot;Escuela y Comunidad&quot; - Informe Litoral<\/title>\n<meta name=\"robots\" content=\"index, follow, max-snippet:-1, max-image-preview:large, max-video-preview:-1\" \/>\n<link rel=\"canonical\" href=\"https:\/\/informelitoral.com.ar\/general-ramirez-sera-sede-del-lanzamiento-provincial-de-escuela-y-comunidad\/\" \/>\n<meta property=\"og:locale\" content=\"es_ES\" \/>\n<meta property=\"og:type\" content=\"article\" \/>\n<meta property=\"og:title\" content=\"General Ram\u00edrez ser\u00e1 sede del lanzamiento provincial de &quot;Escuela y Comunidad&quot; - Informe Litoral\" \/>\n<meta property=\"og:description\" content=\"El Complejo Educativo Francisco Ram\u00edrez recibir\u00e1 a autoridades del CGE para formalizar un programa que vincula a 30.000 estudiantes entrerrianos con el mundo laboral y socioproductivo.\" \/>\n<meta property=\"og:url\" content=\"https:\/\/informelitoral.com.ar\/general-ramirez-sera-sede-del-lanzamiento-provincial-de-escuela-y-comunidad\/\" \/>\n<meta property=\"og:site_name\" content=\"Informe Litoral\" \/>\n<meta property=\"article:publisher\" content=\"https:\/\/www.facebook.com\/informelitoral\/\" \/>\n<meta property=\"article:published_time\" content=\"2026-04-29T11:49:20+00:00\" \/>\n<meta property=\"og:image\" content=\"https:\/\/drive.google.com\/thumbnail?id=1OJoOmG6WPjsx4m0JIpQhv1T_P-Bj8gpV&sz=w2048\" \/>\n\t<meta property=\"og:image:width\" content=\"1600\" \/>\n\t<meta property=\"og:image:height\" content=\"1067\" \/>\n\t<meta property=\"og:image:type\" content=\"image\/jpeg\" \/>\n<meta name=\"author\" content=\"Sebastian\" \/>\n<meta name=\"twitter:card\" content=\"summary_large_image\" \/>\n<meta name=\"twitter:creator\" content=\"@InformeLitoral\" \/>\n<meta name=\"twitter:site\" content=\"@InformeLitoral\" \/>\n<meta name=\"twitter:label1\" content=\"Escrito por\" \/>\n\t<meta name=\"twitter:data1\" content=\"Sebastian\" \/>\n\t<meta name=\"twitter:label2\" content=\"Tiempo de lectura\" \/>\n\t<meta name=\"twitter:data2\" content=\"2 minutos\" \/>\n<script type=\"application\/ld+json\" class=\"yoast-schema-graph\">{\"@context\":\"https:\\\/\\\/schema.org\",\"@graph\":[{\"@type\":\"Article\",\"@id\":\"https:\\\/\\\/informelitoral.com.ar\\\/general-ramirez-sera-sede-del-lanzamiento-provincial-de-escuela-y-comunidad\\\/#article\",\"isPartOf\":{\"@id\":\"https:\\\/\\\/informelitoral.com.ar\\\/general-ramirez-sera-sede-del-lanzamiento-provincial-de-escuela-y-comunidad\\\/\"},\"author\":{\"name\":\"Sebastian\",\"@id\":\"https:\\\/\\\/informelitoral.com.ar\\\/#\\\/schema\\\/person\\\/f05f9f461677119578717524b127d6d5\"},\"headline\":\"General Ram\u00edrez ser\u00e1 sede del lanzamiento provincial de \u00abEscuela y Comunidad\u00bb\",\"datePublished\":\"2026-04-29T11:49:20+00:00\",\"mainEntityOfPage\":{\"@id\":\"https:\\\/\\\/informelitoral.com.ar\\\/general-ramirez-sera-sede-del-lanzamiento-provincial-de-escuela-y-comunidad\\\/\"},\"wordCount\":329,\"commentCount\":0,\"publisher\":{\"@id\":\"https:\\\/\\\/informelitoral.com.ar\\\/#organization\"},\"image\":{\"@id\":\"https:\\\/\\\/informelitoral.com.ar\\\/general-ramirez-sera-sede-del-lanzamiento-provincial-de-escuela-y-comunidad\\\/#primaryimage\"},\"thumbnailUrl\":\"https:\\\/\\\/drive.google.com\\\/thumbnail?id=1OJoOmG6WPjsx4m0JIpQhv1T_P-Bj8gpV&sz=w2048\",\"keywords\":[\"Departamento Diamante\",\"Escuela Francisco Ram\u00edrez\",\"Escuela y Comunidad\",\"General Ram\u00edrez\"],\"articleSection\":[\"General Ram\u00edrez\"],\"inLanguage\":\"es\",\"potentialAction\":[{\"@type\":\"CommentAction\",\"name\":\"Comment\",\"target\":[\"https:\\\/\\\/informelitoral.com.ar\\\/general-ramirez-sera-sede-del-lanzamiento-provincial-de-escuela-y-comunidad\\\/#respond\"]}]},{\"@type\":\"WebPage\",\"@id\":\"https:\\\/\\\/informelitoral.com.ar\\\/general-ramirez-sera-sede-del-lanzamiento-provincial-de-escuela-y-comunidad\\\/\",\"url\":\"https:\\\/\\\/informelitoral.com.ar\\\/general-ramirez-sera-sede-del-lanzamiento-provincial-de-escuela-y-comunidad\\\/\",\"name\":\"General Ram\u00edrez ser\u00e1 sede del lanzamiento provincial de \\\"Escuela y Comunidad\\\" - Informe Litoral\",\"isPartOf\":{\"@id\":\"https:\\\/\\\/informelitoral.com.ar\\\/#website\"},\"primaryImageOfPage\":{\"@id\":\"https:\\\/\\\/informelitoral.com.ar\\\/general-ramirez-sera-sede-del-lanzamiento-provincial-de-escuela-y-comunidad\\\/#primaryimage\"},\"image\":{\"@id\":\"https:\\\/\\\/informelitoral.com.ar\\\/general-ramirez-sera-sede-del-lanzamiento-provincial-de-escuela-y-comunidad\\\/#primaryimage\"},\"thumbnailUrl\":\"https:\\\/\\\/drive.google.com\\\/thumbnail?id=1OJoOmG6WPjsx4m0JIpQhv1T_P-Bj8gpV&sz=w2048\",\"datePublished\":\"2026-04-29T11:49:20+00:00\",\"breadcrumb\":{\"@id\":\"https:\\\/\\\/informelitoral.com.ar\\\/general-ramirez-sera-sede-del-lanzamiento-provincial-de-escuela-y-comunidad\\\/#breadcrumb\"},\"inLanguage\":\"es\",\"potentialAction\":[{\"@type\":\"ReadAction\",\"target\":[\"https:\\\/\\\/informelitoral.com.ar\\\/general-ramirez-sera-sede-del-lanzamiento-provincial-de-escuela-y-comunidad\\\/\"]}]},{\"@type\":\"ImageObject\",\"inLanguage\":\"es\",\"@id\":\"https:\\\/\\\/informelitoral.com.ar\\\/general-ramirez-sera-sede-del-lanzamiento-provincial-de-escuela-y-comunidad\\\/#primaryimage\",\"url\":\"https:\\\/\\\/drive.google.com\\\/thumbnail?id=1OJoOmG6WPjsx4m0JIpQhv1T_P-Bj8gpV&sz=w2048\",\"contentUrl\":\"https:\\\/\\\/drive.google.com\\\/thumbnail?id=1OJoOmG6WPjsx4m0JIpQhv1T_P-Bj8gpV&sz=w2048\",\"width\":1600,\"height\":1067},{\"@type\":\"BreadcrumbList\",\"@id\":\"https:\\\/\\\/informelitoral.com.ar\\\/general-ramirez-sera-sede-del-lanzamiento-provincial-de-escuela-y-comunidad\\\/#breadcrumb\",\"itemListElement\":[{\"@type\":\"ListItem\",\"position\":1,\"name\":\"Portada\",\"item\":\"https:\\\/\\\/informelitoral.com.ar\\\/\"},{\"@type\":\"ListItem\",\"position\":2,\"name\":\"General Ram\u00edrez ser\u00e1 sede del lanzamiento provincial de \u00abEscuela y Comunidad\u00bb\"}]},{\"@type\":\"WebSite\",\"@id\":\"https:\\\/\\\/informelitoral.com.ar\\\/#website\",\"url\":\"https:\\\/\\\/informelitoral.com.ar\\\/\",\"name\":\"Informe Litoral\",\"description\":\"&quot;Nos informamos&quot; \",\"publisher\":{\"@id\":\"https:\\\/\\\/informelitoral.com.ar\\\/#organization\"},\"potentialAction\":[{\"@type\":\"SearchAction\",\"target\":{\"@type\":\"EntryPoint\",\"urlTemplate\":\"https:\\\/\\\/informelitoral.com.ar\\\/?s={search_term_string}\"},\"query-input\":{\"@type\":\"PropertyValueSpecification\",\"valueRequired\":true,\"valueName\":\"search_term_string\"}}],\"inLanguage\":\"es\"},{\"@type\":\"Organization\",\"@id\":\"https:\\\/\\\/informelitoral.com.ar\\\/#organization\",\"name\":\"Informe Litoral\",\"url\":\"https:\\\/\\\/informelitoral.com.ar\\\/\",\"logo\":{\"@type\":\"ImageObject\",\"inLanguage\":\"es\",\"@id\":\"https:\\\/\\\/informelitoral.com.ar\\\/#\\\/schema\\\/logo\\\/image\\\/\",\"url\":\"https:\\\/\\\/informelitoral.com.ar\\\/%77%70%2d%63%6f%6e%74%65%6e%74\\\/uploads\\\/2021\\\/01\\\/circulo.png\",\"contentUrl\":\"https:\\\/\\\/informelitoral.com.ar\\\/%77%70%2d%63%6f%6e%74%65%6e%74\\\/uploads\\\/2021\\\/01\\\/circulo.png\",\"width\":723,\"height\":731,\"caption\":\"Informe Litoral\"},\"image\":{\"@id\":\"https:\\\/\\\/informelitoral.com.ar\\\/#\\\/schema\\\/logo\\\/image\\\/\"},\"sameAs\":[\"https:\\\/\\\/www.facebook.com\\\/informelitoral\\\/\",\"https:\\\/\\\/x.com\\\/InformeLitoral\",\"https:\\\/\\\/www.instagram.com\\\/informelitoral\\\/\",\"https:\\\/\\\/www.youtube.com\\\/channel\\\/UCua4Qvz8Icb6MYqhoq9xLXw\"]},{\"@type\":\"Person\",\"@id\":\"https:\\\/\\\/informelitoral.com.ar\\\/#\\\/schema\\\/person\\\/f05f9f461677119578717524b127d6d5\",\"name\":\"Sebastian\",\"image\":{\"@type\":\"ImageObject\",\"inLanguage\":\"es\",\"@id\":\"https:\\\/\\\/secure.gravatar.com\\\/avatar\\\/b71bf7481d447dfb9583c7f2798e7cc64de6efb9067b74633ed8c31059a3bd82?s=96&d=mm&r=g\",\"url\":\"https:\\\/\\\/secure.gravatar.com\\\/avatar\\\/b71bf7481d447dfb9583c7f2798e7cc64de6efb9067b74633ed8c31059a3bd82?s=96&d=mm&r=g\",\"contentUrl\":\"https:\\\/\\\/secure.gravatar.com\\\/avatar\\\/b71bf7481d447dfb9583c7f2798e7cc64de6efb9067b74633ed8c31059a3bd82?s=96&d=mm&r=g\",\"caption\":\"Sebastian\"},\"url\":\"https:\\\/\\\/informelitoral.com.ar\\\/author\\\/sebastian\\\/\"}]}<\/script>","yoast_head_json":{"title":"General Ram\u00edrez ser\u00e1 sede del lanzamiento provincial de \"Escuela y Comunidad\" - Informe Litoral","robots":{"index":"index","follow":"follow","max-snippet":"max-snippet:-1","max-image-preview":"max-image-preview:large","max-video-preview":"max-video-preview:-1"},"canonical":"https:\/\/informelitoral.com.ar\/general-ramirez-sera-sede-del-lanzamiento-provincial-de-escuela-y-comunidad\/","og_locale":"es_ES","og_type":"article","og_title":"General Ram\u00edrez ser\u00e1 sede del lanzamiento provincial de \"Escuela y Comunidad\" - Informe Litoral","og_description":"El Complejo Educativo Francisco Ram\u00edrez recibir\u00e1 a autoridades del CGE para formalizar un programa que vincula a 30.000 estudiantes entrerrianos con el mundo laboral y socioproductivo.","og_url":"https:\/\/informelitoral.com.ar\/general-ramirez-sera-sede-del-lanzamiento-provincial-de-escuela-y-comunidad\/","og_site_name":"Informe Litoral","article_publisher":"https:\/\/www.facebook.com\/informelitoral\/","article_published_time":"2026-04-29T11:49:20+00:00","og_image":[{"width":1600,"height":1067,"url":"https:\/\/drive.google.com\/thumbnail?id=1OJoOmG6WPjsx4m0JIpQhv1T_P-Bj8gpV&sz=w2048","type":"image\/jpeg"}],"author":"Sebastian","twitter_card":"summary_large_image","twitter_creator":"@InformeLitoral","twitter_site":"@InformeLitoral","twitter_misc":{"Escrito por":"Sebastian","Tiempo de lectura":"2 minutos"},"schema":{"@context":"https:\/\/schema.org","@graph":[{"@type":"Article","@id":"https:\/\/informelitoral.com.ar\/general-ramirez-sera-sede-del-lanzamiento-provincial-de-escuela-y-comunidad\/#article","isPartOf":{"@id":"https:\/\/informelitoral.com.ar\/general-ramirez-sera-sede-del-lanzamiento-provincial-de-escuela-y-comunidad\/"},"author":{"name":"Sebastian","@id":"https:\/\/informelitoral.com.ar\/#\/schema\/person\/f05f9f461677119578717524b127d6d5"},"headline":"General Ram\u00edrez ser\u00e1 sede del lanzamiento provincial de \u00abEscuela y Comunidad\u00bb","datePublished":"2026-04-29T11:49:20+00:00","mainEntityOfPage":{"@id":"https:\/\/informelitoral.com.ar\/general-ramirez-sera-sede-del-lanzamiento-provincial-de-escuela-y-comunidad\/"},"wordCount":329,"commentCount":0,"publisher":{"@id":"https:\/\/informelitoral.com.ar\/#organization"},"image":{"@id":"https:\/\/informelitoral.com.ar\/general-ramirez-sera-sede-del-lanzamiento-provincial-de-escuela-y-comunidad\/#primaryimage"},"thumbnailUrl":"https:\/\/drive.google.com\/thumbnail?id=1OJoOmG6WPjsx4m0JIpQhv1T_P-Bj8gpV&sz=w2048","keywords":["Departamento Diamante","Escuela Francisco Ram\u00edrez","Escuela y Comunidad","General Ram\u00edrez"],"articleSection":["General Ram\u00edrez"],"inLanguage":"es","potentialAction":[{"@type":"CommentAction","name":"Comment","target":["https:\/\/informelitoral.com.ar\/general-ramirez-sera-sede-del-lanzamiento-provincial-de-escuela-y-comunidad\/#respond"]}]},{"@type":"WebPage","@id":"https:\/\/informelitoral.com.ar\/general-ramirez-sera-sede-del-lanzamiento-provincial-de-escuela-y-comunidad\/","url":"https:\/\/informelitoral.com.ar\/general-ramirez-sera-sede-del-lanzamiento-provincial-de-escuela-y-comunidad\/","name":"General Ram\u00edrez ser\u00e1 sede del lanzamiento provincial de \"Escuela y Comunidad\" - Informe Litoral","isPartOf":{"@id":"https:\/\/informelitoral.com.ar\/#website"},"primaryImageOfPage":{"@id":"https:\/\/informelitoral.com.ar\/general-ramirez-sera-sede-del-lanzamiento-provincial-de-escuela-y-comunidad\/#primaryimage"},"image":{"@id":"https:\/\/informelitoral.com.ar\/general-ramirez-sera-sede-del-lanzamiento-provincial-de-escuela-y-comunidad\/#primaryimage"},"thumbnailUrl":"https:\/\/drive.google.com\/thumbnail?id=1OJoOmG6WPjsx4m0JIpQhv1T_P-Bj8gpV&sz=w2048","datePublished":"2026-04-29T11:49:20+00:00","breadcrumb":{"@id":"https:\/\/informelitoral.com.ar\/general-ramirez-sera-sede-del-lanzamiento-provincial-de-escuela-y-comunidad\/#breadcrumb"},"inLanguage":"es","potentialAction":[{"@type":"ReadAction","target":["https:\/\/informelitoral.com.ar\/general-ramirez-sera-sede-del-lanzamiento-provincial-de-escuela-y-comunidad\/"]}]},{"@type":"ImageObject","inLanguage":"es","@id":"https:\/\/informelitoral.com.ar\/general-ramirez-sera-sede-del-lanzamiento-provincial-de-escuela-y-comunidad\/#primaryimage","url":"https:\/\/drive.google.com\/thumbnail?id=1OJoOmG6WPjsx4m0JIpQhv1T_P-Bj8gpV&sz=w2048","contentUrl":"https:\/\/drive.google.com\/thumbnail?id=1OJoOmG6WPjsx4m0JIpQhv1T_P-Bj8gpV&sz=w2048","width":1600,"height":1067},{"@type":"BreadcrumbList","@id":"https:\/\/informelitoral.com.ar\/general-ramirez-sera-sede-del-lanzamiento-provincial-de-escuela-y-comunidad\/#breadcrumb","itemListElement":[{"@type":"ListItem","position":1,"name":"Portada","item":"https:\/\/informelitoral.com.ar\/"},{"@type":"ListItem","position":2,"name":"General Ram\u00edrez ser\u00e1 sede del lanzamiento provincial de \u00abEscuela y Comunidad\u00bb"}]},{"@type":"WebSite","@id":"https:\/\/informelitoral.com.ar\/#website","url":"https:\/\/informelitoral.com.ar\/","name":"Informe Litoral","description":"&quot;Nos informamos&quot; ","publisher":{"@id":"https:\/\/informelitoral.com.ar\/#organization"},"potentialAction":[{"@type":"SearchAction","target":{"@type":"EntryPoint","urlTemplate":"https:\/\/informelitoral.com.ar\/?s={search_term_string}"},"query-input":{"@type":"PropertyValueSpecification","valueRequired":true,"valueName":"search_term_string"}}],"inLanguage":"es"},{"@type":"Organization","@id":"https:\/\/informelitoral.com.ar\/#organization","name":"Informe Litoral","url":"https:\/\/informelitoral.com.ar\/","logo":{"@type":"ImageObject","inLanguage":"es","@id":"https:\/\/informelitoral.com.ar\/#\/schema\/logo\/image\/","url":"https:\/\/informelitoral.com.ar\/%77%70%2d%63%6f%6e%74%65%6e%74\/uploads\/2021\/01\/circulo.png","contentUrl":"https:\/\/informelitoral.com.ar\/%77%70%2d%63%6f%6e%74%65%6e%74\/uploads\/2021\/01\/circulo.png","width":723,"height":731,"caption":"Informe Litoral"},"image":{"@id":"https:\/\/informelitoral.com.ar\/#\/schema\/logo\/image\/"},"sameAs":["https:\/\/www.facebook.com\/informelitoral\/","https:\/\/x.com\/InformeLitoral","https:\/\/www.instagram.com\/informelitoral\/","https:\/\/www.youtube.com\/channel\/UCua4Qvz8Icb6MYqhoq9xLXw"]},{"@type":"Person","@id":"https:\/\/informelitoral.com.ar\/#\/schema\/person\/f05f9f461677119578717524b127d6d5","name":"Sebastian","image":{"@type":"ImageObject","inLanguage":"es","@id":"https:\/\/secure.gravatar.com\/avatar\/b71bf7481d447dfb9583c7f2798e7cc64de6efb9067b74633ed8c31059a3bd82?s=96&d=mm&r=g","url":"https:\/\/secure.gravatar.com\/avatar\/b71bf7481d447dfb9583c7f2798e7cc64de6efb9067b74633ed8c31059a3bd82?s=96&d=mm&r=g","contentUrl":"https:\/\/secure.gravatar.com\/avatar\/b71bf7481d447dfb9583c7f2798e7cc64de6efb9067b74633ed8c31059a3bd82?s=96&d=mm&r=g","caption":"Sebastian"},"url":"https:\/\/informelitoral.com.ar\/author\/sebastian\/"}]}},"_links":{"self":[{"href":"https:\/\/informelitoral.com.ar\/%77%70%2d%6a%73%6f%6e\/wp\/v2\/posts\/258924","targetHints":{"allow":["GET"]}}],"collection":[{"href":"https:\/\/informelitoral.com.ar\/%77%70%2d%6a%73%6f%6e\/wp\/v2\/posts"}],"about":[{"href":"https:\/\/informelitoral.com.ar\/%77%70%2d%6a%73%6f%6e\/wp\/v2\/types\/post"}],"author":[{"embeddable":true,"href":"https:\/\/informelitoral.com.ar\/%77%70%2d%6a%73%6f%6e\/wp\/v2\/users\/8"}],"replies":[{"embeddable":true,"href":"https:\/\/informelitoral.com.ar\/%77%70%2d%6a%73%6f%6e\/wp\/v2\/comments?post=258924"}],"version-history":[{"count":1,"href":"https:\/\/informelitoral.com.ar\/%77%70%2d%6a%73%6f%6e\/wp\/v2\/posts\/258924\/revisions"}],"predecessor-version":[{"id":258926,"href":"https:\/\/informelitoral.com.ar\/%77%70%2d%6a%73%6f%6e\/wp\/v2\/posts\/258924\/revisions\/258926"}],"wp:featuredmedia":[{"embeddable":true,"href":"https:\/\/informelitoral.com.ar\/%77%70%2d%6a%73%6f%6e\/wp\/v2\/media\/258925"}],"wp:attachment":[{"href":"https:\/\/informelitoral.com.ar\/%77%70%2d%6a%73%6f%6e\/wp\/v2\/media?parent=258924"}],"wp:term":[{"taxonomy":"category","embeddable":true,"href":"https:\/\/informelitoral.com.ar\/%77%70%2d%6a%73%6f%6e\/wp\/v2\/categories?post=258924"},{"taxonomy":"post_tag","embeddable":true,"href":"https:\/\/informelitoral.com.ar\/%77%70%2d%6a%73%6f%6e\/wp\/v2\/tags?post=258924"}],"curies":[{"name":"wp","href":"https:\/\/api.w.org\/{rel}","templated":true}]}}