{"id":258911,"date":"2026-04-29T07:50:26","date_gmt":"2026-04-29T10:50:26","guid":{"rendered":"https:\/\/informelitoral.com.ar\/?p=258911"},"modified":"2026-04-29T07:50:26","modified_gmt":"2026-04-29T10:50:26","slug":"semana-de-la-miel-2026-entre-rios-busca-potenciar-el-consumo-interno-de-su-oro-liquido","status":"publish","type":"post","link":"https:\/\/informelitoral.com.ar\/semana-de-la-miel-2026-entre-rios-busca-potenciar-el-consumo-interno-de-su-oro-liquido\/","title":{"rendered":"Semana de la Miel 2026: Entre R\u00edos busca potenciar el consumo interno de su \u00aboro l\u00edquido\u00bb"},"content":{"rendered":"<p data-path-to-node=\"4\">Entre R\u00edos reafirma su posici\u00f3n estrat\u00e9gica en el mapa productivo nacional. En v\u00edsperas de la <b data-path-to-node=\"4\" data-index-in-node=\"94\">Semana de la Miel 2026<\/b>, <strong>Rodrigo Toledo<\/strong>, coordinador Provincial de Apicultura, destac\u00f3 la importancia de este sector que no solo posiciona a la provincia a nivel mundial, sino que tambi\u00e9n es un pilar de la biodiversidad local.<\/p>\n<h2 data-path-to-node=\"5\"><strong>M\u00e1s que un remedio para el resfr\u00edo<\/strong><\/h2>\n<p data-path-to-node=\"6\">A pesar de ser grandes productores, el consumo interno en Argentina sigue siendo un desaf\u00edo. En declaraciones al programa que conduce el director de <em>Informe Litoral<\/em> en <em>Canal 6 ERTV,<\/em> Toledo se\u00f1al\u00f3 que uno de los objetivos principales de las campa\u00f1as de promoci\u00f3n es cambiar el h\u00e1bito del consumidor: <b data-path-to-node=\"6\" data-index-in-node=\"210\">\u00abTratamos de que la miel no sea un producto de uso ocasional, sino que sea parte de la dieta diaria de todos los argentinos\u00bb<\/b>, afirm\u00f3, resaltando sus componentes nutricionales y \u00abcasi nutrac\u00e9uticos\u00bb.<\/p>\n<p data-path-to-node=\"7\">La pureza es el sello distintivo del producto entrerriano. Al ser consultado sobre los procesos de elaboraci\u00f3n, el coordinador fue tajante: <b data-path-to-node=\"7\" data-index-in-node=\"140\">\u00abEs totalmente natural, as\u00ed como lo produce la abeja. el apicultor lo \u00fanico que hace es quitar la miel de los panales a trav\u00e9s de un proceso mec\u00e1nico muy sencillo de centrifugado y envasarla directamente\u00bb<\/b>.<\/p>\n<h6 data-path-to-node=\"8\"><strong><a href=\"https:\/\/informelitoral.com.ar\/%77%70%2d%63%6f%6e%74%65%6e%74\/uploads\/2023\/11\/abejas-en-panal-828x548-1.jpg\"><img loading=\"lazy\" decoding=\"async\" class=\"aligncenter wp-image-174245 size-full\" src=\"https:\/\/informelitoral.com.ar\/%77%70%2d%63%6f%6e%74%65%6e%74\/uploads\/2023\/11\/abejas-en-panal-828x548-1.jpg\" alt=\"\" width=\"828\" height=\"548\" srcset=\"https:\/\/informelitoral.com.ar\/%77%70%2d%63%6f%6e%74%65%6e%74\/uploads\/2023\/11\/abejas-en-panal-828x548-1.jpg 828w, https:\/\/informelitoral.com.ar\/%77%70%2d%63%6f%6e%74%65%6e%74\/uploads\/2023\/11\/abejas-en-panal-828x548-1-300x199.jpg 300w, https:\/\/informelitoral.com.ar\/%77%70%2d%63%6f%6e%74%65%6e%74\/uploads\/2023\/11\/abejas-en-panal-828x548-1-768x508.jpg 768w, https:\/\/informelitoral.com.ar\/%77%70%2d%63%6f%6e%74%65%6e%74\/uploads\/2023\/11\/abejas-en-panal-828x548-1-696x461.jpg 696w, https:\/\/informelitoral.com.ar\/%77%70%2d%63%6f%6e%74%65%6e%74\/uploads\/2023\/11\/abejas-en-panal-828x548-1-635x420.jpg 635w\" sizes=\"auto, (max-width: 828px) 100vw, 828px\" \/><\/a><\/strong><\/h6>\n<h6 data-path-to-node=\"8\"><em><strong>Te puede interesar:\u00a0<a href=\"https:\/\/informelitoral.com.ar\/entre-rios-se-consolida-como-lider-nacional-en-la-exportacion-de-miel-organica\/\" target=\"_blank\" rel=\"noopener\">Entre R\u00edos se consolida como l\u00edder nacional en la exportaci\u00f3n de miel org\u00e1nica<\/a><\/strong><\/em><\/h6>\n<h2 data-path-to-node=\"8\"><strong>Tipificaci\u00f3n y diversidad: El nuevo mapa de la miel<\/strong><\/h2>\n<p data-path-to-node=\"9\">Uno de los avances m\u00e1s significativos para este a\u00f1o es el proyecto de tipificaci\u00f3n junto al CONICET. Seg\u00fan Rodrigo Toledo, la provincia cuenta con m\u00e1s de 10 variedades de miel, aunque comercialmente se destacan entre cinco y siete seg\u00fan su volumen. <b data-path-to-node=\"9\" data-index-in-node=\"241\">\u00abVamos a tener un mapeo de todas las mieles de la provincia logrando su caracterizaci\u00f3n y tipificaci\u00f3n para ofrecerle al consumidor el abanico de mieles que tenemos\u00bb<\/b>, explic\u00f3. Esto permitir\u00e1 que el vecino reconozca la identidad propia de cada zona, desde el Delta hasta el macizo citr\u00edcola.<\/p>\n<h2 data-path-to-node=\"10\"><strong>Un horizonte exportador favorable<\/strong><\/h2>\n<p data-path-to-node=\"11\">En cuanto al panorama econ\u00f3mico, Toledo trajo buenas noticias para el sector. Gracias a un reciente acuerdo entre la Uni\u00f3n Europea y el Mercosur, unas 40.000 toneladas de miel podr\u00e1n ingresar al mercado europeo con arancel cero. <b data-path-to-node=\"11\" data-index-in-node=\"229\">\u00abSomos los principales beneficiarios ya que, dentro de lo que es el Mercosur, somos el primer pa\u00eds en cuanto a volumen exportable\u00bb<\/b>, destac\u00f3 el funcionario.<\/p>\n<h6 data-path-to-node=\"11\"><em><strong>M\u00e1s sobre el tema:\u00a0<a href=\"https:\/\/informelitoral.com.ar\/comenzo-el-proyecto-de-diferenciacion-y-caracterizacion-de-mieles-entrerrianas\/\" target=\"_blank\" rel=\"noopener\">Comenz\u00f3 el proyecto de diferenciaci\u00f3n y caracterizaci\u00f3n de mieles entrerrianas<\/a><\/strong><\/em><\/h6>\n<h2 data-path-to-node=\"12\"><strong>Invitaci\u00f3n a la comunidad<\/strong><\/h2>\n<p data-path-to-node=\"13\">El evento central se llevar\u00e1 a cabo el <b data-path-to-node=\"13\" data-index-in-node=\"39\">jueves 14 de mayo<\/b>, desde las <b data-path-to-node=\"13\" data-index-in-node=\"68\">8:00 hasta las 14:00<\/b>, en la explanada de la Casa de Gobierno en Paran\u00e1. Ser\u00e1 una jornada abierta al p\u00fablico donde habr\u00e1 degustaci\u00f3n de diferentes variedades de mieles, exhibidores de abejas para conocer la vida en la colmena y presencia de productores e investigadores del sector.<\/p>\n<p data-path-to-node=\"15\">La invitaci\u00f3n queda abierta para escuelas, vecinos y turistas, con el fin de celebrar a la abeja como un insecto que es, en palabras de Toledo, <b data-path-to-node=\"15\" data-index-in-node=\"144\">\u00absin\u00f3nimo de salud, de bienestar y de protecci\u00f3n de la biodiversidad\u00bb<\/b>.<\/p>\n<h2 data-path-to-node=\"15\"><strong>Ver la nota completa con Rodrigo Toledo:\u00a0<\/strong><\/h2>\n<div class=\"youtube-embed\" data-video_id=\"eGsyZswuus0\"><iframe loading=\"lazy\" title=\"Rodrigo Toledo I Semana de la Miel 2026\" width=\"696\" height=\"392\" src=\"https:\/\/www.youtube.com\/embed\/eGsyZswuus0?start=65&#038;feature=oembed\" frameborder=\"0\" allow=\"accelerometer; autoplay; clipboard-write; encrypted-media; gyroscope; picture-in-picture; web-share\" referrerpolicy=\"strict-origin-when-cross-origin\" allowfullscreen><\/iframe><\/div>\n<h6><em><strong>Del archivo de Informe Litoral:\u00a0<a href=\"https:\/\/informelitoral.com.ar\/guillermo-bernaudo-estamos-en-el-peor-de-los-escenarios\/\" target=\"_blank\" rel=\"noopener\">Guillermo Bernaudo: \u00abEstamos en el peor de los escenarios\u00bb<\/a><\/strong><\/em><\/h6>\n<h6><em><strong><a href=\"https:\/\/informelitoral.com.ar\/martin-sieber-hablo-del-desafio-de-sostener-el-estatus-sanitario-frente-a-la-desregulacion\/\" target=\"_blank\" rel=\"noopener\">Mart\u00edn Sieber habl\u00f3 del desaf\u00edo de sostener el estatus sanitario frente a la desregulaci\u00f3n<\/a><\/strong><\/em><\/h6>\n","protected":false},"excerpt":{"rendered":"<p>Con un lanzamiento previsto para el pr\u00f3ximo 14 de mayo en la explanada de la Casa de Gobierno, la provincia -segundo polo ap\u00edcola del pa\u00eds-  se prepara para una jornada de visibilizaci\u00f3n y degustaci\u00f3n. El objetivo: que la miel deje de ser un remedio ocasional para integrarse a la dieta diaria.<\/p>\n","protected":false},"author":2,"featured_media":258912,"comment_status":"open","ping_status":"open","sticky":false,"template":"","format":"standard","meta":{"fifu_image_url":"","fifu_image_alt":"","footnotes":""},"categories":[10,6],"tags":[2261,206,81,654],"class_list":{"0":"post-258911","1":"post","2":"type-post","3":"status-publish","4":"format-standard","5":"has-post-thumbnail","7":"category-campo","8":"category-entre-rios","9":"tag-agroexportaciones","10":"tag-apicultura","11":"tag-entre-rios","12":"tag-miel"},"yoast_head":"<title>Semana de la Miel 2026: Entre R\u00edos busca potenciar el consumo interno de su &quot;oro l\u00edquido&quot; - Informe Litoral<\/title>\n<meta name=\"robots\" content=\"index, follow, max-snippet:-1, max-image-preview:large, max-video-preview:-1\" \/>\n<link rel=\"canonical\" href=\"https:\/\/informelitoral.com.ar\/semana-de-la-miel-2026-entre-rios-busca-potenciar-el-consumo-interno-de-su-oro-liquido\/\" \/>\n<meta property=\"og:locale\" content=\"es_ES\" \/>\n<meta property=\"og:type\" content=\"article\" \/>\n<meta property=\"og:title\" content=\"Semana de la Miel 2026: Entre R\u00edos busca potenciar el consumo interno de su &quot;oro l\u00edquido&quot; - Informe Litoral\" \/>\n<meta property=\"og:description\" content=\"Con un lanzamiento previsto para el pr\u00f3ximo 14 de mayo en la explanada de la Casa de Gobierno, la provincia -segundo polo ap\u00edcola del pa\u00eds- se prepara para una jornada de visibilizaci\u00f3n y degustaci\u00f3n. El objetivo: que la miel deje de ser un remedio ocasional para integrarse a la dieta diaria.\" \/>\n<meta property=\"og:url\" content=\"https:\/\/informelitoral.com.ar\/semana-de-la-miel-2026-entre-rios-busca-potenciar-el-consumo-interno-de-su-oro-liquido\/\" \/>\n<meta property=\"og:site_name\" content=\"Informe Litoral\" \/>\n<meta property=\"article:publisher\" content=\"https:\/\/www.facebook.com\/informelitoral\/\" \/>\n<meta property=\"article:published_time\" content=\"2026-04-29T10:50:26+00:00\" \/>\n<meta property=\"og:image\" content=\"https:\/\/drive.google.com\/thumbnail?id=1YhxuNQ2pqPBNLr5lt9AIijkNaj9uZk1_&sz=w2048\" \/>\n\t<meta property=\"og:image:width\" content=\"1600\" \/>\n\t<meta property=\"og:image:height\" content=\"900\" \/>\n\t<meta property=\"og:image:type\" content=\"image\/jpeg\" \/>\n<meta name=\"author\" content=\"Gonzalo Schmidt\" \/>\n<meta name=\"twitter:card\" content=\"summary_large_image\" \/>\n<meta name=\"twitter:creator\" content=\"@InformeLitoral\" \/>\n<meta name=\"twitter:site\" content=\"@InformeLitoral\" \/>\n<meta name=\"twitter:label1\" content=\"Escrito por\" \/>\n\t<meta name=\"twitter:data1\" content=\"Gonzalo Schmidt\" \/>\n\t<meta name=\"twitter:label2\" content=\"Tiempo de lectura\" \/>\n\t<meta name=\"twitter:data2\" content=\"3 minutos\" \/>\n<script type=\"application\/ld+json\" class=\"yoast-schema-graph\">{\"@context\":\"https:\\\/\\\/schema.org\",\"@graph\":[{\"@type\":\"Article\",\"@id\":\"https:\\\/\\\/informelitoral.com.ar\\\/semana-de-la-miel-2026-entre-rios-busca-potenciar-el-consumo-interno-de-su-oro-liquido\\\/#article\",\"isPartOf\":{\"@id\":\"https:\\\/\\\/informelitoral.com.ar\\\/semana-de-la-miel-2026-entre-rios-busca-potenciar-el-consumo-interno-de-su-oro-liquido\\\/\"},\"author\":{\"name\":\"Gonzalo Schmidt\",\"@id\":\"https:\\\/\\\/informelitoral.com.ar\\\/#\\\/schema\\\/person\\\/b9d00407c836482871ef1d57bf8e3180\"},\"headline\":\"Semana de la Miel 2026: Entre R\u00edos busca potenciar el consumo interno de su \u00aboro l\u00edquido\u00bb\",\"datePublished\":\"2026-04-29T10:50:26+00:00\",\"mainEntityOfPage\":{\"@id\":\"https:\\\/\\\/informelitoral.com.ar\\\/semana-de-la-miel-2026-entre-rios-busca-potenciar-el-consumo-interno-de-su-oro-liquido\\\/\"},\"wordCount\":591,\"commentCount\":0,\"publisher\":{\"@id\":\"https:\\\/\\\/informelitoral.com.ar\\\/#organization\"},\"image\":{\"@id\":\"https:\\\/\\\/informelitoral.com.ar\\\/semana-de-la-miel-2026-entre-rios-busca-potenciar-el-consumo-interno-de-su-oro-liquido\\\/#primaryimage\"},\"thumbnailUrl\":\"https:\\\/\\\/drive.google.com\\\/thumbnail?id=1YhxuNQ2pqPBNLr5lt9AIijkNaj9uZk1_&sz=w2048\",\"keywords\":[\"Agroexportaciones\",\"Apicultura\",\"Entre R\u00edos\",\"Miel\"],\"articleSection\":[\"Campo\",\"Entre R\u00edos\"],\"inLanguage\":\"es\",\"potentialAction\":[{\"@type\":\"CommentAction\",\"name\":\"Comment\",\"target\":[\"https:\\\/\\\/informelitoral.com.ar\\\/semana-de-la-miel-2026-entre-rios-busca-potenciar-el-consumo-interno-de-su-oro-liquido\\\/#respond\"]}]},{\"@type\":\"WebPage\",\"@id\":\"https:\\\/\\\/informelitoral.com.ar\\\/semana-de-la-miel-2026-entre-rios-busca-potenciar-el-consumo-interno-de-su-oro-liquido\\\/\",\"url\":\"https:\\\/\\\/informelitoral.com.ar\\\/semana-de-la-miel-2026-entre-rios-busca-potenciar-el-consumo-interno-de-su-oro-liquido\\\/\",\"name\":\"Semana de la Miel 2026: Entre R\u00edos busca potenciar el consumo interno de su \\\"oro l\u00edquido\\\" - Informe Litoral\",\"isPartOf\":{\"@id\":\"https:\\\/\\\/informelitoral.com.ar\\\/#website\"},\"primaryImageOfPage\":{\"@id\":\"https:\\\/\\\/informelitoral.com.ar\\\/semana-de-la-miel-2026-entre-rios-busca-potenciar-el-consumo-interno-de-su-oro-liquido\\\/#primaryimage\"},\"image\":{\"@id\":\"https:\\\/\\\/informelitoral.com.ar\\\/semana-de-la-miel-2026-entre-rios-busca-potenciar-el-consumo-interno-de-su-oro-liquido\\\/#primaryimage\"},\"thumbnailUrl\":\"https:\\\/\\\/drive.google.com\\\/thumbnail?id=1YhxuNQ2pqPBNLr5lt9AIijkNaj9uZk1_&sz=w2048\",\"datePublished\":\"2026-04-29T10:50:26+00:00\",\"breadcrumb\":{\"@id\":\"https:\\\/\\\/informelitoral.com.ar\\\/semana-de-la-miel-2026-entre-rios-busca-potenciar-el-consumo-interno-de-su-oro-liquido\\\/#breadcrumb\"},\"inLanguage\":\"es\",\"potentialAction\":[{\"@type\":\"ReadAction\",\"target\":[\"https:\\\/\\\/informelitoral.com.ar\\\/semana-de-la-miel-2026-entre-rios-busca-potenciar-el-consumo-interno-de-su-oro-liquido\\\/\"]}]},{\"@type\":\"ImageObject\",\"inLanguage\":\"es\",\"@id\":\"https:\\\/\\\/informelitoral.com.ar\\\/semana-de-la-miel-2026-entre-rios-busca-potenciar-el-consumo-interno-de-su-oro-liquido\\\/#primaryimage\",\"url\":\"https:\\\/\\\/drive.google.com\\\/thumbnail?id=1YhxuNQ2pqPBNLr5lt9AIijkNaj9uZk1_&sz=w2048\",\"contentUrl\":\"https:\\\/\\\/drive.google.com\\\/thumbnail?id=1YhxuNQ2pqPBNLr5lt9AIijkNaj9uZk1_&sz=w2048\",\"width\":1600,\"height\":900,\"caption\":\"Rodrigo Toledo destac\u00f3 los beneficios del consumo de miel.\"},{\"@type\":\"BreadcrumbList\",\"@id\":\"https:\\\/\\\/informelitoral.com.ar\\\/semana-de-la-miel-2026-entre-rios-busca-potenciar-el-consumo-interno-de-su-oro-liquido\\\/#breadcrumb\",\"itemListElement\":[{\"@type\":\"ListItem\",\"position\":1,\"name\":\"Portada\",\"item\":\"https:\\\/\\\/informelitoral.com.ar\\\/\"},{\"@type\":\"ListItem\",\"position\":2,\"name\":\"Semana de la Miel 2026: Entre R\u00edos busca potenciar el consumo interno de su \u00aboro l\u00edquido\u00bb\"}]},{\"@type\":\"WebSite\",\"@id\":\"https:\\\/\\\/informelitoral.com.ar\\\/#website\",\"url\":\"https:\\\/\\\/informelitoral.com.ar\\\/\",\"name\":\"Informe Litoral\",\"description\":\"&quot;Nos informamos&quot; \",\"publisher\":{\"@id\":\"https:\\\/\\\/informelitoral.com.ar\\\/#organization\"},\"potentialAction\":[{\"@type\":\"SearchAction\",\"target\":{\"@type\":\"EntryPoint\",\"urlTemplate\":\"https:\\\/\\\/informelitoral.com.ar\\\/?s={search_term_string}\"},\"query-input\":{\"@type\":\"PropertyValueSpecification\",\"valueRequired\":true,\"valueName\":\"search_term_string\"}}],\"inLanguage\":\"es\"},{\"@type\":\"Organization\",\"@id\":\"https:\\\/\\\/informelitoral.com.ar\\\/#organization\",\"name\":\"Informe Litoral\",\"url\":\"https:\\\/\\\/informelitoral.com.ar\\\/\",\"logo\":{\"@type\":\"ImageObject\",\"inLanguage\":\"es\",\"@id\":\"https:\\\/\\\/informelitoral.com.ar\\\/#\\\/schema\\\/logo\\\/image\\\/\",\"url\":\"https:\\\/\\\/informelitoral.com.ar\\\/%77%70%2d%63%6f%6e%74%65%6e%74\\\/uploads\\\/2021\\\/01\\\/circulo.png\",\"contentUrl\":\"https:\\\/\\\/informelitoral.com.ar\\\/%77%70%2d%63%6f%6e%74%65%6e%74\\\/uploads\\\/2021\\\/01\\\/circulo.png\",\"width\":723,\"height\":731,\"caption\":\"Informe Litoral\"},\"image\":{\"@id\":\"https:\\\/\\\/informelitoral.com.ar\\\/#\\\/schema\\\/logo\\\/image\\\/\"},\"sameAs\":[\"https:\\\/\\\/www.facebook.com\\\/informelitoral\\\/\",\"https:\\\/\\\/x.com\\\/InformeLitoral\",\"https:\\\/\\\/www.instagram.com\\\/informelitoral\\\/\",\"https:\\\/\\\/www.youtube.com\\\/channel\\\/UCua4Qvz8Icb6MYqhoq9xLXw\"]},{\"@type\":\"Person\",\"@id\":\"https:\\\/\\\/informelitoral.com.ar\\\/#\\\/schema\\\/person\\\/b9d00407c836482871ef1d57bf8e3180\",\"name\":\"Gonzalo Schmidt\",\"image\":{\"@type\":\"ImageObject\",\"inLanguage\":\"es\",\"@id\":\"https:\\\/\\\/secure.gravatar.com\\\/avatar\\\/31a1a7b66ff2de83bd0e9fd79d026630d2d99e55e8bfe501287647b4fd9743de?s=96&d=mm&r=g\",\"url\":\"https:\\\/\\\/secure.gravatar.com\\\/avatar\\\/31a1a7b66ff2de83bd0e9fd79d026630d2d99e55e8bfe501287647b4fd9743de?s=96&d=mm&r=g\",\"contentUrl\":\"https:\\\/\\\/secure.gravatar.com\\\/avatar\\\/31a1a7b66ff2de83bd0e9fd79d026630d2d99e55e8bfe501287647b4fd9743de?s=96&d=mm&r=g\",\"caption\":\"Gonzalo Schmidt\"},\"description\":\"Sitio web de noticias de la provincia de Entre R\u00edos, Argentina. Informaci\u00f3n y entretenimiento. Informe Litoral, nos informamos.\",\"sameAs\":[\"http:\\\/\\\/www.isletasnoticias.com.ar\"],\"url\":\"https:\\\/\\\/informelitoral.com.ar\\\/author\\\/gonzalo\\\/\"}]}<\/script>","yoast_head_json":{"title":"Semana de la Miel 2026: Entre R\u00edos busca potenciar el consumo interno de su \"oro l\u00edquido\" - Informe Litoral","robots":{"index":"index","follow":"follow","max-snippet":"max-snippet:-1","max-image-preview":"max-image-preview:large","max-video-preview":"max-video-preview:-1"},"canonical":"https:\/\/informelitoral.com.ar\/semana-de-la-miel-2026-entre-rios-busca-potenciar-el-consumo-interno-de-su-oro-liquido\/","og_locale":"es_ES","og_type":"article","og_title":"Semana de la Miel 2026: Entre R\u00edos busca potenciar el consumo interno de su \"oro l\u00edquido\" - Informe Litoral","og_description":"Con un lanzamiento previsto para el pr\u00f3ximo 14 de mayo en la explanada de la Casa de Gobierno, la provincia -segundo polo ap\u00edcola del pa\u00eds- se prepara para una jornada de visibilizaci\u00f3n y degustaci\u00f3n. El objetivo: que la miel deje de ser un remedio ocasional para integrarse a la dieta diaria.","og_url":"https:\/\/informelitoral.com.ar\/semana-de-la-miel-2026-entre-rios-busca-potenciar-el-consumo-interno-de-su-oro-liquido\/","og_site_name":"Informe Litoral","article_publisher":"https:\/\/www.facebook.com\/informelitoral\/","article_published_time":"2026-04-29T10:50:26+00:00","og_image":[{"width":1600,"height":900,"url":"https:\/\/drive.google.com\/thumbnail?id=1YhxuNQ2pqPBNLr5lt9AIijkNaj9uZk1_&sz=w2048","type":"image\/jpeg"}],"author":"Gonzalo Schmidt","twitter_card":"summary_large_image","twitter_creator":"@InformeLitoral","twitter_site":"@InformeLitoral","twitter_misc":{"Escrito por":"Gonzalo Schmidt","Tiempo de lectura":"3 minutos"},"schema":{"@context":"https:\/\/schema.org","@graph":[{"@type":"Article","@id":"https:\/\/informelitoral.com.ar\/semana-de-la-miel-2026-entre-rios-busca-potenciar-el-consumo-interno-de-su-oro-liquido\/#article","isPartOf":{"@id":"https:\/\/informelitoral.com.ar\/semana-de-la-miel-2026-entre-rios-busca-potenciar-el-consumo-interno-de-su-oro-liquido\/"},"author":{"name":"Gonzalo Schmidt","@id":"https:\/\/informelitoral.com.ar\/#\/schema\/person\/b9d00407c836482871ef1d57bf8e3180"},"headline":"Semana de la Miel 2026: Entre R\u00edos busca potenciar el consumo interno de su \u00aboro l\u00edquido\u00bb","datePublished":"2026-04-29T10:50:26+00:00","mainEntityOfPage":{"@id":"https:\/\/informelitoral.com.ar\/semana-de-la-miel-2026-entre-rios-busca-potenciar-el-consumo-interno-de-su-oro-liquido\/"},"wordCount":591,"commentCount":0,"publisher":{"@id":"https:\/\/informelitoral.com.ar\/#organization"},"image":{"@id":"https:\/\/informelitoral.com.ar\/semana-de-la-miel-2026-entre-rios-busca-potenciar-el-consumo-interno-de-su-oro-liquido\/#primaryimage"},"thumbnailUrl":"https:\/\/drive.google.com\/thumbnail?id=1YhxuNQ2pqPBNLr5lt9AIijkNaj9uZk1_&sz=w2048","keywords":["Agroexportaciones","Apicultura","Entre R\u00edos","Miel"],"articleSection":["Campo","Entre R\u00edos"],"inLanguage":"es","potentialAction":[{"@type":"CommentAction","name":"Comment","target":["https:\/\/informelitoral.com.ar\/semana-de-la-miel-2026-entre-rios-busca-potenciar-el-consumo-interno-de-su-oro-liquido\/#respond"]}]},{"@type":"WebPage","@id":"https:\/\/informelitoral.com.ar\/semana-de-la-miel-2026-entre-rios-busca-potenciar-el-consumo-interno-de-su-oro-liquido\/","url":"https:\/\/informelitoral.com.ar\/semana-de-la-miel-2026-entre-rios-busca-potenciar-el-consumo-interno-de-su-oro-liquido\/","name":"Semana de la Miel 2026: Entre R\u00edos busca potenciar el consumo interno de su \"oro l\u00edquido\" - Informe Litoral","isPartOf":{"@id":"https:\/\/informelitoral.com.ar\/#website"},"primaryImageOfPage":{"@id":"https:\/\/informelitoral.com.ar\/semana-de-la-miel-2026-entre-rios-busca-potenciar-el-consumo-interno-de-su-oro-liquido\/#primaryimage"},"image":{"@id":"https:\/\/informelitoral.com.ar\/semana-de-la-miel-2026-entre-rios-busca-potenciar-el-consumo-interno-de-su-oro-liquido\/#primaryimage"},"thumbnailUrl":"https:\/\/drive.google.com\/thumbnail?id=1YhxuNQ2pqPBNLr5lt9AIijkNaj9uZk1_&sz=w2048","datePublished":"2026-04-29T10:50:26+00:00","breadcrumb":{"@id":"https:\/\/informelitoral.com.ar\/semana-de-la-miel-2026-entre-rios-busca-potenciar-el-consumo-interno-de-su-oro-liquido\/#breadcrumb"},"inLanguage":"es","potentialAction":[{"@type":"ReadAction","target":["https:\/\/informelitoral.com.ar\/semana-de-la-miel-2026-entre-rios-busca-potenciar-el-consumo-interno-de-su-oro-liquido\/"]}]},{"@type":"ImageObject","inLanguage":"es","@id":"https:\/\/informelitoral.com.ar\/semana-de-la-miel-2026-entre-rios-busca-potenciar-el-consumo-interno-de-su-oro-liquido\/#primaryimage","url":"https:\/\/drive.google.com\/thumbnail?id=1YhxuNQ2pqPBNLr5lt9AIijkNaj9uZk1_&sz=w2048","contentUrl":"https:\/\/drive.google.com\/thumbnail?id=1YhxuNQ2pqPBNLr5lt9AIijkNaj9uZk1_&sz=w2048","width":1600,"height":900,"caption":"Rodrigo Toledo destac\u00f3 los beneficios del consumo de miel."},{"@type":"BreadcrumbList","@id":"https:\/\/informelitoral.com.ar\/semana-de-la-miel-2026-entre-rios-busca-potenciar-el-consumo-interno-de-su-oro-liquido\/#breadcrumb","itemListElement":[{"@type":"ListItem","position":1,"name":"Portada","item":"https:\/\/informelitoral.com.ar\/"},{"@type":"ListItem","position":2,"name":"Semana de la Miel 2026: Entre R\u00edos busca potenciar el consumo interno de su \u00aboro l\u00edquido\u00bb"}]},{"@type":"WebSite","@id":"https:\/\/informelitoral.com.ar\/#website","url":"https:\/\/informelitoral.com.ar\/","name":"Informe Litoral","description":"&quot;Nos informamos&quot; ","publisher":{"@id":"https:\/\/informelitoral.com.ar\/#organization"},"potentialAction":[{"@type":"SearchAction","target":{"@type":"EntryPoint","urlTemplate":"https:\/\/informelitoral.com.ar\/?s={search_term_string}"},"query-input":{"@type":"PropertyValueSpecification","valueRequired":true,"valueName":"search_term_string"}}],"inLanguage":"es"},{"@type":"Organization","@id":"https:\/\/informelitoral.com.ar\/#organization","name":"Informe Litoral","url":"https:\/\/informelitoral.com.ar\/","logo":{"@type":"ImageObject","inLanguage":"es","@id":"https:\/\/informelitoral.com.ar\/#\/schema\/logo\/image\/","url":"https:\/\/informelitoral.com.ar\/%77%70%2d%63%6f%6e%74%65%6e%74\/uploads\/2021\/01\/circulo.png","contentUrl":"https:\/\/informelitoral.com.ar\/%77%70%2d%63%6f%6e%74%65%6e%74\/uploads\/2021\/01\/circulo.png","width":723,"height":731,"caption":"Informe Litoral"},"image":{"@id":"https:\/\/informelitoral.com.ar\/#\/schema\/logo\/image\/"},"sameAs":["https:\/\/www.facebook.com\/informelitoral\/","https:\/\/x.com\/InformeLitoral","https:\/\/www.instagram.com\/informelitoral\/","https:\/\/www.youtube.com\/channel\/UCua4Qvz8Icb6MYqhoq9xLXw"]},{"@type":"Person","@id":"https:\/\/informelitoral.com.ar\/#\/schema\/person\/b9d00407c836482871ef1d57bf8e3180","name":"Gonzalo Schmidt","image":{"@type":"ImageObject","inLanguage":"es","@id":"https:\/\/secure.gravatar.com\/avatar\/31a1a7b66ff2de83bd0e9fd79d026630d2d99e55e8bfe501287647b4fd9743de?s=96&d=mm&r=g","url":"https:\/\/secure.gravatar.com\/avatar\/31a1a7b66ff2de83bd0e9fd79d026630d2d99e55e8bfe501287647b4fd9743de?s=96&d=mm&r=g","contentUrl":"https:\/\/secure.gravatar.com\/avatar\/31a1a7b66ff2de83bd0e9fd79d026630d2d99e55e8bfe501287647b4fd9743de?s=96&d=mm&r=g","caption":"Gonzalo Schmidt"},"description":"Sitio web de noticias de la provincia de Entre R\u00edos, Argentina. Informaci\u00f3n y entretenimiento. Informe Litoral, nos informamos.","sameAs":["http:\/\/www.isletasnoticias.com.ar"],"url":"https:\/\/informelitoral.com.ar\/author\/gonzalo\/"}]}},"_links":{"self":[{"href":"https:\/\/informelitoral.com.ar\/%77%70%2d%6a%73%6f%6e\/wp\/v2\/posts\/258911","targetHints":{"allow":["GET"]}}],"collection":[{"href":"https:\/\/informelitoral.com.ar\/%77%70%2d%6a%73%6f%6e\/wp\/v2\/posts"}],"about":[{"href":"https:\/\/informelitoral.com.ar\/%77%70%2d%6a%73%6f%6e\/wp\/v2\/types\/post"}],"author":[{"embeddable":true,"href":"https:\/\/informelitoral.com.ar\/%77%70%2d%6a%73%6f%6e\/wp\/v2\/users\/2"}],"replies":[{"embeddable":true,"href":"https:\/\/informelitoral.com.ar\/%77%70%2d%6a%73%6f%6e\/wp\/v2\/comments?post=258911"}],"version-history":[{"count":1,"href":"https:\/\/informelitoral.com.ar\/%77%70%2d%6a%73%6f%6e\/wp\/v2\/posts\/258911\/revisions"}],"predecessor-version":[{"id":258913,"href":"https:\/\/informelitoral.com.ar\/%77%70%2d%6a%73%6f%6e\/wp\/v2\/posts\/258911\/revisions\/258913"}],"wp:featuredmedia":[{"embeddable":true,"href":"https:\/\/informelitoral.com.ar\/%77%70%2d%6a%73%6f%6e\/wp\/v2\/media\/258912"}],"wp:attachment":[{"href":"https:\/\/informelitoral.com.ar\/%77%70%2d%6a%73%6f%6e\/wp\/v2\/media?parent=258911"}],"wp:term":[{"taxonomy":"category","embeddable":true,"href":"https:\/\/informelitoral.com.ar\/%77%70%2d%6a%73%6f%6e\/wp\/v2\/categories?post=258911"},{"taxonomy":"post_tag","embeddable":true,"href":"https:\/\/informelitoral.com.ar\/%77%70%2d%6a%73%6f%6e\/wp\/v2\/tags?post=258911"}],"curies":[{"name":"wp","href":"https:\/\/api.w.org\/{rel}","templated":true}]}}