{"id":258850,"date":"2026-04-28T19:43:31","date_gmt":"2026-04-28T22:43:31","guid":{"rendered":"https:\/\/informelitoral.com.ar\/?p=258850"},"modified":"2026-04-28T21:40:27","modified_gmt":"2026-04-29T00:40:27","slug":"agentes-de-la-jefatura-diamante-se-capacitaron-en-tecnicas-de-bioseguridad-y-emergencias","status":"publish","type":"post","link":"https:\/\/informelitoral.com.ar\/agentes-de-la-jefatura-diamante-se-capacitaron-en-tecnicas-de-bioseguridad-y-emergencias\/","title":{"rendered":"Agentes de la Jefatura Diamante se capacitaron en t\u00e9cnicas de bioseguridad y emergencias"},"content":{"rendered":"<p data-path-to-node=\"3\">En el marco de un ciclo de formaci\u00f3n continua, el personal policial de la <b data-path-to-node=\"3\" data-index-in-node=\"74\">Jefatura Departamental Diamante<\/b> particip\u00f3 de una jornada intensiva de capacitaci\u00f3n enfocada en mejorar la calidad de respuesta ante situaciones cr\u00edticas. La tem\u00e1tica, coordinada por la Divisi\u00f3n de Operaciones y Seguridad P\u00fablica, abord\u00f3 contenidos esenciales sobre <b data-path-to-node=\"3\" data-index-in-node=\"339\">bioseguridad, atenci\u00f3n primaria de heridos y accidentados<\/b>, anatom\u00eda, fisiolog\u00eda y el manejo de dispositivos electr\u00f3nicos para emergencias de salud. Seg\u00fan pudo acceder<em><b data-path-to-node=\"3\" data-index-in-node=\"493\"> Informe Litoral<\/b><\/em>, esta instrucci\u00f3n fue parte de un plan estrat\u00e9gico para reentrenar a los agentes que, habitualmente, se desempe\u00f1an como los <b data-path-to-node=\"3\" data-index-in-node=\"646\">primeros interventores<\/b> ante llamados por accidentes de tr\u00e1nsito o incidentes en la v\u00eda p\u00fablica.<\/p>\n<p data-path-to-node=\"4\">Los conocimientos fueron impartidos por Sonia Gim\u00e9nez y Osvaldo Flamenco, t\u00e9cnicos en Emergencias M\u00e9dicas con vasta trayectoria, quienes utilizaron <b data-path-to-node=\"4\" data-index-in-node=\"148\">simuladores y material audiovisual<\/b> para garantizar una comprensi\u00f3n pr\u00e1ctica y pedag\u00f3gica de las maniobras de auxilio. Esta metodolog\u00eda permiti\u00f3 que los efectivos incorporaran t\u00e9cnicas precisas para <b data-path-to-node=\"4\" data-index-in-node=\"346\">estabilizar a las v\u00edctimas y evitar que las lesiones empeoren<\/b> mientras se aguarda la llegada de las ambulancias. La capacitaci\u00f3n result\u00f3 vital, ya que una intervenci\u00f3n correcta en los primeros minutos tras un siniestro es determinante para salvar vidas antes de que el paciente sea derivado a los equipos de salud profesionales.<\/p>\n","protected":false},"excerpt":{"rendered":"<p>La formaci\u00f3n acad\u00e9mica para el personal policial incluy\u00f3 el uso de simuladores y capacitaci\u00f3n t\u00e9cnica para optimizar la respuesta ante accidentes y heridos en la v\u00eda p\u00fablica.<\/p>\n","protected":false},"author":8,"featured_media":258852,"comment_status":"open","ping_status":"open","sticky":false,"template":"","format":"standard","meta":{"fifu_image_url":"","fifu_image_alt":"","footnotes":""},"categories":[5],"tags":[54,1385,5227],"class_list":{"0":"post-258850","1":"post","2":"type-post","3":"status-publish","4":"format-standard","5":"has-post-thumbnail","7":"category-zonales","8":"tag-capacitacion","9":"tag-departamento-diamante","10":"tag-primeros-auxilios"},"yoast_head":"<title>Agentes de la Jefatura Diamante se capacitaron en t\u00e9cnicas de bioseguridad y emergencias - Informe Litoral<\/title>\n<meta name=\"robots\" content=\"index, follow, max-snippet:-1, max-image-preview:large, max-video-preview:-1\" \/>\n<link rel=\"canonical\" href=\"https:\/\/informelitoral.com.ar\/agentes-de-la-jefatura-diamante-se-capacitaron-en-tecnicas-de-bioseguridad-y-emergencias\/\" \/>\n<meta property=\"og:locale\" content=\"es_ES\" \/>\n<meta property=\"og:type\" content=\"article\" \/>\n<meta property=\"og:title\" content=\"Agentes de la Jefatura Diamante se capacitaron en t\u00e9cnicas de bioseguridad y emergencias - Informe Litoral\" \/>\n<meta property=\"og:description\" content=\"La formaci\u00f3n acad\u00e9mica para el personal policial incluy\u00f3 el uso de simuladores y capacitaci\u00f3n t\u00e9cnica para optimizar la respuesta ante accidentes y heridos en la v\u00eda p\u00fablica.\" \/>\n<meta property=\"og:url\" content=\"https:\/\/informelitoral.com.ar\/agentes-de-la-jefatura-diamante-se-capacitaron-en-tecnicas-de-bioseguridad-y-emergencias\/\" \/>\n<meta property=\"og:site_name\" content=\"Informe Litoral\" \/>\n<meta property=\"article:publisher\" content=\"https:\/\/www.facebook.com\/informelitoral\/\" \/>\n<meta property=\"article:published_time\" content=\"2026-04-28T22:43:31+00:00\" \/>\n<meta property=\"article:modified_time\" content=\"2026-04-29T00:40:27+00:00\" \/>\n<meta property=\"og:image\" content=\"https:\/\/drive.google.com\/thumbnail?id=1fLbJ0WmXDq2M0QGufhVb6m5eOFAx-8ZB&sz=w2048\" \/>\n\t<meta property=\"og:image:width\" content=\"940\" \/>\n\t<meta property=\"og:image:height\" content=\"788\" \/>\n\t<meta property=\"og:image:type\" content=\"image\/png\" \/>\n<meta name=\"author\" content=\"Sebastian\" \/>\n<meta name=\"twitter:card\" content=\"summary_large_image\" \/>\n<meta name=\"twitter:creator\" content=\"@InformeLitoral\" \/>\n<meta name=\"twitter:site\" content=\"@InformeLitoral\" \/>\n<meta name=\"twitter:label1\" content=\"Escrito por\" \/>\n\t<meta name=\"twitter:data1\" content=\"Sebastian\" \/>\n\t<meta name=\"twitter:label2\" content=\"Tiempo de lectura\" \/>\n\t<meta name=\"twitter:data2\" content=\"2 minutos\" \/>\n<script type=\"application\/ld+json\" class=\"yoast-schema-graph\">{\"@context\":\"https:\\\/\\\/schema.org\",\"@graph\":[{\"@type\":\"Article\",\"@id\":\"https:\\\/\\\/informelitoral.com.ar\\\/agentes-de-la-jefatura-diamante-se-capacitaron-en-tecnicas-de-bioseguridad-y-emergencias\\\/#article\",\"isPartOf\":{\"@id\":\"https:\\\/\\\/informelitoral.com.ar\\\/agentes-de-la-jefatura-diamante-se-capacitaron-en-tecnicas-de-bioseguridad-y-emergencias\\\/\"},\"author\":{\"name\":\"Sebastian\",\"@id\":\"https:\\\/\\\/informelitoral.com.ar\\\/#\\\/schema\\\/person\\\/f05f9f461677119578717524b127d6d5\"},\"headline\":\"Agentes de la Jefatura Diamante se capacitaron en t\u00e9cnicas de bioseguridad y emergencias\",\"datePublished\":\"2026-04-28T22:43:31+00:00\",\"dateModified\":\"2026-04-29T00:40:27+00:00\",\"mainEntityOfPage\":{\"@id\":\"https:\\\/\\\/informelitoral.com.ar\\\/agentes-de-la-jefatura-diamante-se-capacitaron-en-tecnicas-de-bioseguridad-y-emergencias\\\/\"},\"wordCount\":245,\"commentCount\":0,\"publisher\":{\"@id\":\"https:\\\/\\\/informelitoral.com.ar\\\/#organization\"},\"image\":{\"@id\":\"https:\\\/\\\/informelitoral.com.ar\\\/agentes-de-la-jefatura-diamante-se-capacitaron-en-tecnicas-de-bioseguridad-y-emergencias\\\/#primaryimage\"},\"thumbnailUrl\":\"https:\\\/\\\/drive.google.com\\\/thumbnail?id=1fLbJ0WmXDq2M0QGufhVb6m5eOFAx-8ZB&sz=w2048\",\"keywords\":[\"Capacitaci\u00f3n\",\"Departamento Diamante\",\"Primeros Auxilios\"],\"articleSection\":[\"Departamento Diamante\"],\"inLanguage\":\"es\",\"potentialAction\":[{\"@type\":\"CommentAction\",\"name\":\"Comment\",\"target\":[\"https:\\\/\\\/informelitoral.com.ar\\\/agentes-de-la-jefatura-diamante-se-capacitaron-en-tecnicas-de-bioseguridad-y-emergencias\\\/#respond\"]}]},{\"@type\":\"WebPage\",\"@id\":\"https:\\\/\\\/informelitoral.com.ar\\\/agentes-de-la-jefatura-diamante-se-capacitaron-en-tecnicas-de-bioseguridad-y-emergencias\\\/\",\"url\":\"https:\\\/\\\/informelitoral.com.ar\\\/agentes-de-la-jefatura-diamante-se-capacitaron-en-tecnicas-de-bioseguridad-y-emergencias\\\/\",\"name\":\"Agentes de la Jefatura Diamante se capacitaron en t\u00e9cnicas de bioseguridad y emergencias - Informe Litoral\",\"isPartOf\":{\"@id\":\"https:\\\/\\\/informelitoral.com.ar\\\/#website\"},\"primaryImageOfPage\":{\"@id\":\"https:\\\/\\\/informelitoral.com.ar\\\/agentes-de-la-jefatura-diamante-se-capacitaron-en-tecnicas-de-bioseguridad-y-emergencias\\\/#primaryimage\"},\"image\":{\"@id\":\"https:\\\/\\\/informelitoral.com.ar\\\/agentes-de-la-jefatura-diamante-se-capacitaron-en-tecnicas-de-bioseguridad-y-emergencias\\\/#primaryimage\"},\"thumbnailUrl\":\"https:\\\/\\\/drive.google.com\\\/thumbnail?id=1fLbJ0WmXDq2M0QGufhVb6m5eOFAx-8ZB&sz=w2048\",\"datePublished\":\"2026-04-28T22:43:31+00:00\",\"dateModified\":\"2026-04-29T00:40:27+00:00\",\"breadcrumb\":{\"@id\":\"https:\\\/\\\/informelitoral.com.ar\\\/agentes-de-la-jefatura-diamante-se-capacitaron-en-tecnicas-de-bioseguridad-y-emergencias\\\/#breadcrumb\"},\"inLanguage\":\"es\",\"potentialAction\":[{\"@type\":\"ReadAction\",\"target\":[\"https:\\\/\\\/informelitoral.com.ar\\\/agentes-de-la-jefatura-diamante-se-capacitaron-en-tecnicas-de-bioseguridad-y-emergencias\\\/\"]}]},{\"@type\":\"ImageObject\",\"inLanguage\":\"es\",\"@id\":\"https:\\\/\\\/informelitoral.com.ar\\\/agentes-de-la-jefatura-diamante-se-capacitaron-en-tecnicas-de-bioseguridad-y-emergencias\\\/#primaryimage\",\"url\":\"https:\\\/\\\/drive.google.com\\\/thumbnail?id=1fLbJ0WmXDq2M0QGufhVb6m5eOFAx-8ZB&sz=w2048\",\"contentUrl\":\"https:\\\/\\\/drive.google.com\\\/thumbnail?id=1fLbJ0WmXDq2M0QGufhVb6m5eOFAx-8ZB&sz=w2048\",\"width\":940,\"height\":788},{\"@type\":\"BreadcrumbList\",\"@id\":\"https:\\\/\\\/informelitoral.com.ar\\\/agentes-de-la-jefatura-diamante-se-capacitaron-en-tecnicas-de-bioseguridad-y-emergencias\\\/#breadcrumb\",\"itemListElement\":[{\"@type\":\"ListItem\",\"position\":1,\"name\":\"Portada\",\"item\":\"https:\\\/\\\/informelitoral.com.ar\\\/\"},{\"@type\":\"ListItem\",\"position\":2,\"name\":\"Agentes de la Jefatura Diamante se capacitaron en t\u00e9cnicas de bioseguridad y emergencias\"}]},{\"@type\":\"WebSite\",\"@id\":\"https:\\\/\\\/informelitoral.com.ar\\\/#website\",\"url\":\"https:\\\/\\\/informelitoral.com.ar\\\/\",\"name\":\"Informe Litoral\",\"description\":\"&quot;Nos informamos&quot; \",\"publisher\":{\"@id\":\"https:\\\/\\\/informelitoral.com.ar\\\/#organization\"},\"potentialAction\":[{\"@type\":\"SearchAction\",\"target\":{\"@type\":\"EntryPoint\",\"urlTemplate\":\"https:\\\/\\\/informelitoral.com.ar\\\/?s={search_term_string}\"},\"query-input\":{\"@type\":\"PropertyValueSpecification\",\"valueRequired\":true,\"valueName\":\"search_term_string\"}}],\"inLanguage\":\"es\"},{\"@type\":\"Organization\",\"@id\":\"https:\\\/\\\/informelitoral.com.ar\\\/#organization\",\"name\":\"Informe Litoral\",\"url\":\"https:\\\/\\\/informelitoral.com.ar\\\/\",\"logo\":{\"@type\":\"ImageObject\",\"inLanguage\":\"es\",\"@id\":\"https:\\\/\\\/informelitoral.com.ar\\\/#\\\/schema\\\/logo\\\/image\\\/\",\"url\":\"https:\\\/\\\/informelitoral.com.ar\\\/%77%70%2d%63%6f%6e%74%65%6e%74\\\/uploads\\\/2021\\\/01\\\/circulo.png\",\"contentUrl\":\"https:\\\/\\\/informelitoral.com.ar\\\/%77%70%2d%63%6f%6e%74%65%6e%74\\\/uploads\\\/2021\\\/01\\\/circulo.png\",\"width\":723,\"height\":731,\"caption\":\"Informe Litoral\"},\"image\":{\"@id\":\"https:\\\/\\\/informelitoral.com.ar\\\/#\\\/schema\\\/logo\\\/image\\\/\"},\"sameAs\":[\"https:\\\/\\\/www.facebook.com\\\/informelitoral\\\/\",\"https:\\\/\\\/x.com\\\/InformeLitoral\",\"https:\\\/\\\/www.instagram.com\\\/informelitoral\\\/\",\"https:\\\/\\\/www.youtube.com\\\/channel\\\/UCua4Qvz8Icb6MYqhoq9xLXw\"]},{\"@type\":\"Person\",\"@id\":\"https:\\\/\\\/informelitoral.com.ar\\\/#\\\/schema\\\/person\\\/f05f9f461677119578717524b127d6d5\",\"name\":\"Sebastian\",\"image\":{\"@type\":\"ImageObject\",\"inLanguage\":\"es\",\"@id\":\"https:\\\/\\\/secure.gravatar.com\\\/avatar\\\/b71bf7481d447dfb9583c7f2798e7cc64de6efb9067b74633ed8c31059a3bd82?s=96&d=mm&r=g\",\"url\":\"https:\\\/\\\/secure.gravatar.com\\\/avatar\\\/b71bf7481d447dfb9583c7f2798e7cc64de6efb9067b74633ed8c31059a3bd82?s=96&d=mm&r=g\",\"contentUrl\":\"https:\\\/\\\/secure.gravatar.com\\\/avatar\\\/b71bf7481d447dfb9583c7f2798e7cc64de6efb9067b74633ed8c31059a3bd82?s=96&d=mm&r=g\",\"caption\":\"Sebastian\"},\"url\":\"https:\\\/\\\/informelitoral.com.ar\\\/author\\\/sebastian\\\/\"}]}<\/script>","yoast_head_json":{"title":"Agentes de la Jefatura Diamante se capacitaron en t\u00e9cnicas de bioseguridad y emergencias - Informe Litoral","robots":{"index":"index","follow":"follow","max-snippet":"max-snippet:-1","max-image-preview":"max-image-preview:large","max-video-preview":"max-video-preview:-1"},"canonical":"https:\/\/informelitoral.com.ar\/agentes-de-la-jefatura-diamante-se-capacitaron-en-tecnicas-de-bioseguridad-y-emergencias\/","og_locale":"es_ES","og_type":"article","og_title":"Agentes de la Jefatura Diamante se capacitaron en t\u00e9cnicas de bioseguridad y emergencias - Informe Litoral","og_description":"La formaci\u00f3n acad\u00e9mica para el personal policial incluy\u00f3 el uso de simuladores y capacitaci\u00f3n t\u00e9cnica para optimizar la respuesta ante accidentes y heridos en la v\u00eda p\u00fablica.","og_url":"https:\/\/informelitoral.com.ar\/agentes-de-la-jefatura-diamante-se-capacitaron-en-tecnicas-de-bioseguridad-y-emergencias\/","og_site_name":"Informe Litoral","article_publisher":"https:\/\/www.facebook.com\/informelitoral\/","article_published_time":"2026-04-28T22:43:31+00:00","article_modified_time":"2026-04-29T00:40:27+00:00","og_image":[{"width":940,"height":788,"url":"https:\/\/drive.google.com\/thumbnail?id=1fLbJ0WmXDq2M0QGufhVb6m5eOFAx-8ZB&sz=w2048","type":"image\/png"}],"author":"Sebastian","twitter_card":"summary_large_image","twitter_creator":"@InformeLitoral","twitter_site":"@InformeLitoral","twitter_misc":{"Escrito por":"Sebastian","Tiempo de lectura":"2 minutos"},"schema":{"@context":"https:\/\/schema.org","@graph":[{"@type":"Article","@id":"https:\/\/informelitoral.com.ar\/agentes-de-la-jefatura-diamante-se-capacitaron-en-tecnicas-de-bioseguridad-y-emergencias\/#article","isPartOf":{"@id":"https:\/\/informelitoral.com.ar\/agentes-de-la-jefatura-diamante-se-capacitaron-en-tecnicas-de-bioseguridad-y-emergencias\/"},"author":{"name":"Sebastian","@id":"https:\/\/informelitoral.com.ar\/#\/schema\/person\/f05f9f461677119578717524b127d6d5"},"headline":"Agentes de la Jefatura Diamante se capacitaron en t\u00e9cnicas de bioseguridad y emergencias","datePublished":"2026-04-28T22:43:31+00:00","dateModified":"2026-04-29T00:40:27+00:00","mainEntityOfPage":{"@id":"https:\/\/informelitoral.com.ar\/agentes-de-la-jefatura-diamante-se-capacitaron-en-tecnicas-de-bioseguridad-y-emergencias\/"},"wordCount":245,"commentCount":0,"publisher":{"@id":"https:\/\/informelitoral.com.ar\/#organization"},"image":{"@id":"https:\/\/informelitoral.com.ar\/agentes-de-la-jefatura-diamante-se-capacitaron-en-tecnicas-de-bioseguridad-y-emergencias\/#primaryimage"},"thumbnailUrl":"https:\/\/drive.google.com\/thumbnail?id=1fLbJ0WmXDq2M0QGufhVb6m5eOFAx-8ZB&sz=w2048","keywords":["Capacitaci\u00f3n","Departamento Diamante","Primeros Auxilios"],"articleSection":["Departamento Diamante"],"inLanguage":"es","potentialAction":[{"@type":"CommentAction","name":"Comment","target":["https:\/\/informelitoral.com.ar\/agentes-de-la-jefatura-diamante-se-capacitaron-en-tecnicas-de-bioseguridad-y-emergencias\/#respond"]}]},{"@type":"WebPage","@id":"https:\/\/informelitoral.com.ar\/agentes-de-la-jefatura-diamante-se-capacitaron-en-tecnicas-de-bioseguridad-y-emergencias\/","url":"https:\/\/informelitoral.com.ar\/agentes-de-la-jefatura-diamante-se-capacitaron-en-tecnicas-de-bioseguridad-y-emergencias\/","name":"Agentes de la Jefatura Diamante se capacitaron en t\u00e9cnicas de bioseguridad y emergencias - Informe Litoral","isPartOf":{"@id":"https:\/\/informelitoral.com.ar\/#website"},"primaryImageOfPage":{"@id":"https:\/\/informelitoral.com.ar\/agentes-de-la-jefatura-diamante-se-capacitaron-en-tecnicas-de-bioseguridad-y-emergencias\/#primaryimage"},"image":{"@id":"https:\/\/informelitoral.com.ar\/agentes-de-la-jefatura-diamante-se-capacitaron-en-tecnicas-de-bioseguridad-y-emergencias\/#primaryimage"},"thumbnailUrl":"https:\/\/drive.google.com\/thumbnail?id=1fLbJ0WmXDq2M0QGufhVb6m5eOFAx-8ZB&sz=w2048","datePublished":"2026-04-28T22:43:31+00:00","dateModified":"2026-04-29T00:40:27+00:00","breadcrumb":{"@id":"https:\/\/informelitoral.com.ar\/agentes-de-la-jefatura-diamante-se-capacitaron-en-tecnicas-de-bioseguridad-y-emergencias\/#breadcrumb"},"inLanguage":"es","potentialAction":[{"@type":"ReadAction","target":["https:\/\/informelitoral.com.ar\/agentes-de-la-jefatura-diamante-se-capacitaron-en-tecnicas-de-bioseguridad-y-emergencias\/"]}]},{"@type":"ImageObject","inLanguage":"es","@id":"https:\/\/informelitoral.com.ar\/agentes-de-la-jefatura-diamante-se-capacitaron-en-tecnicas-de-bioseguridad-y-emergencias\/#primaryimage","url":"https:\/\/drive.google.com\/thumbnail?id=1fLbJ0WmXDq2M0QGufhVb6m5eOFAx-8ZB&sz=w2048","contentUrl":"https:\/\/drive.google.com\/thumbnail?id=1fLbJ0WmXDq2M0QGufhVb6m5eOFAx-8ZB&sz=w2048","width":940,"height":788},{"@type":"BreadcrumbList","@id":"https:\/\/informelitoral.com.ar\/agentes-de-la-jefatura-diamante-se-capacitaron-en-tecnicas-de-bioseguridad-y-emergencias\/#breadcrumb","itemListElement":[{"@type":"ListItem","position":1,"name":"Portada","item":"https:\/\/informelitoral.com.ar\/"},{"@type":"ListItem","position":2,"name":"Agentes de la Jefatura Diamante se capacitaron en t\u00e9cnicas de bioseguridad y emergencias"}]},{"@type":"WebSite","@id":"https:\/\/informelitoral.com.ar\/#website","url":"https:\/\/informelitoral.com.ar\/","name":"Informe Litoral","description":"&quot;Nos informamos&quot; ","publisher":{"@id":"https:\/\/informelitoral.com.ar\/#organization"},"potentialAction":[{"@type":"SearchAction","target":{"@type":"EntryPoint","urlTemplate":"https:\/\/informelitoral.com.ar\/?s={search_term_string}"},"query-input":{"@type":"PropertyValueSpecification","valueRequired":true,"valueName":"search_term_string"}}],"inLanguage":"es"},{"@type":"Organization","@id":"https:\/\/informelitoral.com.ar\/#organization","name":"Informe Litoral","url":"https:\/\/informelitoral.com.ar\/","logo":{"@type":"ImageObject","inLanguage":"es","@id":"https:\/\/informelitoral.com.ar\/#\/schema\/logo\/image\/","url":"https:\/\/informelitoral.com.ar\/%77%70%2d%63%6f%6e%74%65%6e%74\/uploads\/2021\/01\/circulo.png","contentUrl":"https:\/\/informelitoral.com.ar\/%77%70%2d%63%6f%6e%74%65%6e%74\/uploads\/2021\/01\/circulo.png","width":723,"height":731,"caption":"Informe Litoral"},"image":{"@id":"https:\/\/informelitoral.com.ar\/#\/schema\/logo\/image\/"},"sameAs":["https:\/\/www.facebook.com\/informelitoral\/","https:\/\/x.com\/InformeLitoral","https:\/\/www.instagram.com\/informelitoral\/","https:\/\/www.youtube.com\/channel\/UCua4Qvz8Icb6MYqhoq9xLXw"]},{"@type":"Person","@id":"https:\/\/informelitoral.com.ar\/#\/schema\/person\/f05f9f461677119578717524b127d6d5","name":"Sebastian","image":{"@type":"ImageObject","inLanguage":"es","@id":"https:\/\/secure.gravatar.com\/avatar\/b71bf7481d447dfb9583c7f2798e7cc64de6efb9067b74633ed8c31059a3bd82?s=96&d=mm&r=g","url":"https:\/\/secure.gravatar.com\/avatar\/b71bf7481d447dfb9583c7f2798e7cc64de6efb9067b74633ed8c31059a3bd82?s=96&d=mm&r=g","contentUrl":"https:\/\/secure.gravatar.com\/avatar\/b71bf7481d447dfb9583c7f2798e7cc64de6efb9067b74633ed8c31059a3bd82?s=96&d=mm&r=g","caption":"Sebastian"},"url":"https:\/\/informelitoral.com.ar\/author\/sebastian\/"}]}},"_links":{"self":[{"href":"https:\/\/informelitoral.com.ar\/%77%70%2d%6a%73%6f%6e\/wp\/v2\/posts\/258850","targetHints":{"allow":["GET"]}}],"collection":[{"href":"https:\/\/informelitoral.com.ar\/%77%70%2d%6a%73%6f%6e\/wp\/v2\/posts"}],"about":[{"href":"https:\/\/informelitoral.com.ar\/%77%70%2d%6a%73%6f%6e\/wp\/v2\/types\/post"}],"author":[{"embeddable":true,"href":"https:\/\/informelitoral.com.ar\/%77%70%2d%6a%73%6f%6e\/wp\/v2\/users\/8"}],"replies":[{"embeddable":true,"href":"https:\/\/informelitoral.com.ar\/%77%70%2d%6a%73%6f%6e\/wp\/v2\/comments?post=258850"}],"version-history":[{"count":3,"href":"https:\/\/informelitoral.com.ar\/%77%70%2d%6a%73%6f%6e\/wp\/v2\/posts\/258850\/revisions"}],"predecessor-version":[{"id":258889,"href":"https:\/\/informelitoral.com.ar\/%77%70%2d%6a%73%6f%6e\/wp\/v2\/posts\/258850\/revisions\/258889"}],"wp:featuredmedia":[{"embeddable":true,"href":"https:\/\/informelitoral.com.ar\/%77%70%2d%6a%73%6f%6e\/wp\/v2\/media\/258852"}],"wp:attachment":[{"href":"https:\/\/informelitoral.com.ar\/%77%70%2d%6a%73%6f%6e\/wp\/v2\/media?parent=258850"}],"wp:term":[{"taxonomy":"category","embeddable":true,"href":"https:\/\/informelitoral.com.ar\/%77%70%2d%6a%73%6f%6e\/wp\/v2\/categories?post=258850"},{"taxonomy":"post_tag","embeddable":true,"href":"https:\/\/informelitoral.com.ar\/%77%70%2d%6a%73%6f%6e\/wp\/v2\/tags?post=258850"}],"curies":[{"name":"wp","href":"https:\/\/api.w.org\/{rel}","templated":true}]}}