{"id":258842,"date":"2026-04-28T15:11:09","date_gmt":"2026-04-28T18:11:09","guid":{"rendered":"https:\/\/informelitoral.com.ar\/?p=258842"},"modified":"2026-04-28T15:16:07","modified_gmt":"2026-04-28T18:16:07","slug":"detuvieron-a-un-hombre-en-general-ramirez-por-violar-una-restriccion-de-acercamiento","status":"publish","type":"post","link":"https:\/\/informelitoral.com.ar\/detuvieron-a-un-hombre-en-general-ramirez-por-violar-una-restriccion-de-acercamiento\/","title":{"rendered":"Detuvieron a un hombre en General Ram\u00edrez por violar una restricci\u00f3n de acercamiento"},"content":{"rendered":"<p data-path-to-node=\"3\">En el marco de los operativos de prevenci\u00f3n que se realizan en distintos barrios y espacios p\u00fablicos de <b data-path-to-node=\"3\" data-index-in-node=\"104\">General Ram\u00edrez<\/b>, personal de la comisar\u00eda local concret\u00f3 la detenci\u00f3n de un hombre que se encontraba quebrantando una orden judicial. El hecho se produjo en las primeras horas de ayer, cuando los uniformados acudieron con celeridad a una vivienda ubicada sobre la calle Roque S\u00e1enz Pe\u00f1a. Seg\u00fan supo <strong><em>Informe Litoral,<\/em><\/strong> la intervenci\u00f3n se activ\u00f3 tras ser alertados sobre la presencia de un sujeto que no respetaba las medidas de restricci\u00f3n de acercamiento vigentes hacia una mujer, las cuales hab\u00edan sido dispuestas previamente por el Juzgado de Garant\u00edas.<\/p>\n<p data-path-to-node=\"4\">Ante la evidencia del incumplimiento, se dio aviso inmediato al Ministerio P\u00fablico Fiscal, autoridad que dispuso que el implicado, un <b data-path-to-node=\"4\" data-index-in-node=\"135\">joven de 29 a\u00f1os y vecino de la localidad<\/b>, fuera arrestado en el lugar. Tras el procedimiento, el detenido fue trasladado hacia la Alcaid\u00eda Policial en la ciudad de Diamante, donde qued\u00f3 alojado a disposici\u00f3n de la Justicia mientras se avanzan con las actuaciones procesales correspondientes por el delito de desobediencia judicial en un contexto de violencia de g\u00e9nero.<\/p>\n","protected":false},"excerpt":{"rendered":"<p>El procedimiento se realiz\u00f3 durante la madrugada tras una alerta que permiti\u00f3 a la polic\u00eda intervenir en un domicilio donde un vecino de 29 a\u00f1os incumpl\u00eda medidas judiciales por violencia de g\u00e9nero.<\/p>\n","protected":false},"author":8,"featured_media":258843,"comment_status":"open","ping_status":"open","sticky":false,"template":"","format":"standard","meta":{"fifu_image_url":"","fifu_image_alt":"","footnotes":""},"categories":[14],"tags":[307,556],"class_list":{"0":"post-258842","1":"post","2":"type-post","3":"status-publish","4":"format-standard","5":"has-post-thumbnail","7":"category-policiales","8":"tag-detenido","9":"tag-general-ramirez"},"yoast_head":"<title>Detuvieron a un hombre en General Ram\u00edrez por violar una restricci\u00f3n de acercamiento - Informe Litoral<\/title>\n<meta name=\"robots\" content=\"index, follow, max-snippet:-1, max-image-preview:large, max-video-preview:-1\" \/>\n<link rel=\"canonical\" href=\"https:\/\/informelitoral.com.ar\/detuvieron-a-un-hombre-en-general-ramirez-por-violar-una-restriccion-de-acercamiento\/\" \/>\n<meta property=\"og:locale\" content=\"es_ES\" \/>\n<meta property=\"og:type\" content=\"article\" \/>\n<meta property=\"og:title\" content=\"Detuvieron a un hombre en General Ram\u00edrez por violar una restricci\u00f3n de acercamiento - Informe Litoral\" \/>\n<meta property=\"og:description\" content=\"El procedimiento se realiz\u00f3 durante la madrugada tras una alerta que permiti\u00f3 a la polic\u00eda intervenir en un domicilio donde un vecino de 29 a\u00f1os incumpl\u00eda medidas judiciales por violencia de g\u00e9nero.\" \/>\n<meta property=\"og:url\" content=\"https:\/\/informelitoral.com.ar\/detuvieron-a-un-hombre-en-general-ramirez-por-violar-una-restriccion-de-acercamiento\/\" \/>\n<meta property=\"og:site_name\" content=\"Informe Litoral\" \/>\n<meta property=\"article:publisher\" content=\"https:\/\/www.facebook.com\/informelitoral\/\" \/>\n<meta property=\"article:published_time\" content=\"2026-04-28T18:11:09+00:00\" \/>\n<meta property=\"article:modified_time\" content=\"2026-04-28T18:16:07+00:00\" \/>\n<meta property=\"og:image\" content=\"https:\/\/drive.google.com\/thumbnail?id=1E1Ef3WLFcGjfkAvYBVIhTOKA5wk8AfG6&sz=w2048\" \/>\n\t<meta property=\"og:image:width\" content=\"1166\" \/>\n\t<meta property=\"og:image:height\" content=\"680\" \/>\n\t<meta property=\"og:image:type\" content=\"image\/jpeg\" \/>\n<meta name=\"author\" content=\"Sebastian\" \/>\n<meta name=\"twitter:card\" content=\"summary_large_image\" \/>\n<meta name=\"twitter:creator\" content=\"@InformeLitoral\" \/>\n<meta name=\"twitter:site\" content=\"@InformeLitoral\" \/>\n<meta name=\"twitter:label1\" content=\"Escrito por\" \/>\n\t<meta name=\"twitter:data1\" content=\"Sebastian\" \/>\n\t<meta name=\"twitter:label2\" content=\"Tiempo de lectura\" \/>\n\t<meta name=\"twitter:data2\" content=\"2 minutos\" \/>\n<script type=\"application\/ld+json\" class=\"yoast-schema-graph\">{\"@context\":\"https:\\\/\\\/schema.org\",\"@graph\":[{\"@type\":\"Article\",\"@id\":\"https:\\\/\\\/informelitoral.com.ar\\\/detuvieron-a-un-hombre-en-general-ramirez-por-violar-una-restriccion-de-acercamiento\\\/#article\",\"isPartOf\":{\"@id\":\"https:\\\/\\\/informelitoral.com.ar\\\/detuvieron-a-un-hombre-en-general-ramirez-por-violar-una-restriccion-de-acercamiento\\\/\"},\"author\":{\"name\":\"Sebastian\",\"@id\":\"https:\\\/\\\/informelitoral.com.ar\\\/#\\\/schema\\\/person\\\/f05f9f461677119578717524b127d6d5\"},\"headline\":\"Detuvieron a un hombre en General Ram\u00edrez por violar una restricci\u00f3n de acercamiento\",\"datePublished\":\"2026-04-28T18:11:09+00:00\",\"dateModified\":\"2026-04-28T18:16:07+00:00\",\"mainEntityOfPage\":{\"@id\":\"https:\\\/\\\/informelitoral.com.ar\\\/detuvieron-a-un-hombre-en-general-ramirez-por-violar-una-restriccion-de-acercamiento\\\/\"},\"wordCount\":215,\"commentCount\":0,\"publisher\":{\"@id\":\"https:\\\/\\\/informelitoral.com.ar\\\/#organization\"},\"image\":{\"@id\":\"https:\\\/\\\/informelitoral.com.ar\\\/detuvieron-a-un-hombre-en-general-ramirez-por-violar-una-restriccion-de-acercamiento\\\/#primaryimage\"},\"thumbnailUrl\":\"https:\\\/\\\/drive.google.com\\\/thumbnail?id=1E1Ef3WLFcGjfkAvYBVIhTOKA5wk8AfG6&sz=w2048\",\"keywords\":[\"Detenido\",\"General Ram\u00edrez\"],\"articleSection\":[\"Policiales\"],\"inLanguage\":\"es\",\"potentialAction\":[{\"@type\":\"CommentAction\",\"name\":\"Comment\",\"target\":[\"https:\\\/\\\/informelitoral.com.ar\\\/detuvieron-a-un-hombre-en-general-ramirez-por-violar-una-restriccion-de-acercamiento\\\/#respond\"]}]},{\"@type\":\"WebPage\",\"@id\":\"https:\\\/\\\/informelitoral.com.ar\\\/detuvieron-a-un-hombre-en-general-ramirez-por-violar-una-restriccion-de-acercamiento\\\/\",\"url\":\"https:\\\/\\\/informelitoral.com.ar\\\/detuvieron-a-un-hombre-en-general-ramirez-por-violar-una-restriccion-de-acercamiento\\\/\",\"name\":\"Detuvieron a un hombre en General Ram\u00edrez por violar una restricci\u00f3n de acercamiento - Informe Litoral\",\"isPartOf\":{\"@id\":\"https:\\\/\\\/informelitoral.com.ar\\\/#website\"},\"primaryImageOfPage\":{\"@id\":\"https:\\\/\\\/informelitoral.com.ar\\\/detuvieron-a-un-hombre-en-general-ramirez-por-violar-una-restriccion-de-acercamiento\\\/#primaryimage\"},\"image\":{\"@id\":\"https:\\\/\\\/informelitoral.com.ar\\\/detuvieron-a-un-hombre-en-general-ramirez-por-violar-una-restriccion-de-acercamiento\\\/#primaryimage\"},\"thumbnailUrl\":\"https:\\\/\\\/drive.google.com\\\/thumbnail?id=1E1Ef3WLFcGjfkAvYBVIhTOKA5wk8AfG6&sz=w2048\",\"datePublished\":\"2026-04-28T18:11:09+00:00\",\"dateModified\":\"2026-04-28T18:16:07+00:00\",\"breadcrumb\":{\"@id\":\"https:\\\/\\\/informelitoral.com.ar\\\/detuvieron-a-un-hombre-en-general-ramirez-por-violar-una-restriccion-de-acercamiento\\\/#breadcrumb\"},\"inLanguage\":\"es\",\"potentialAction\":[{\"@type\":\"ReadAction\",\"target\":[\"https:\\\/\\\/informelitoral.com.ar\\\/detuvieron-a-un-hombre-en-general-ramirez-por-violar-una-restriccion-de-acercamiento\\\/\"]}]},{\"@type\":\"ImageObject\",\"inLanguage\":\"es\",\"@id\":\"https:\\\/\\\/informelitoral.com.ar\\\/detuvieron-a-un-hombre-en-general-ramirez-por-violar-una-restriccion-de-acercamiento\\\/#primaryimage\",\"url\":\"https:\\\/\\\/drive.google.com\\\/thumbnail?id=1E1Ef3WLFcGjfkAvYBVIhTOKA5wk8AfG6&sz=w2048\",\"contentUrl\":\"https:\\\/\\\/drive.google.com\\\/thumbnail?id=1E1Ef3WLFcGjfkAvYBVIhTOKA5wk8AfG6&sz=w2048\",\"width\":1166,\"height\":680},{\"@type\":\"BreadcrumbList\",\"@id\":\"https:\\\/\\\/informelitoral.com.ar\\\/detuvieron-a-un-hombre-en-general-ramirez-por-violar-una-restriccion-de-acercamiento\\\/#breadcrumb\",\"itemListElement\":[{\"@type\":\"ListItem\",\"position\":1,\"name\":\"Portada\",\"item\":\"https:\\\/\\\/informelitoral.com.ar\\\/\"},{\"@type\":\"ListItem\",\"position\":2,\"name\":\"Detuvieron a un hombre en General Ram\u00edrez por violar una restricci\u00f3n de acercamiento\"}]},{\"@type\":\"WebSite\",\"@id\":\"https:\\\/\\\/informelitoral.com.ar\\\/#website\",\"url\":\"https:\\\/\\\/informelitoral.com.ar\\\/\",\"name\":\"Informe Litoral\",\"description\":\"&quot;Nos informamos&quot; \",\"publisher\":{\"@id\":\"https:\\\/\\\/informelitoral.com.ar\\\/#organization\"},\"potentialAction\":[{\"@type\":\"SearchAction\",\"target\":{\"@type\":\"EntryPoint\",\"urlTemplate\":\"https:\\\/\\\/informelitoral.com.ar\\\/?s={search_term_string}\"},\"query-input\":{\"@type\":\"PropertyValueSpecification\",\"valueRequired\":true,\"valueName\":\"search_term_string\"}}],\"inLanguage\":\"es\"},{\"@type\":\"Organization\",\"@id\":\"https:\\\/\\\/informelitoral.com.ar\\\/#organization\",\"name\":\"Informe Litoral\",\"url\":\"https:\\\/\\\/informelitoral.com.ar\\\/\",\"logo\":{\"@type\":\"ImageObject\",\"inLanguage\":\"es\",\"@id\":\"https:\\\/\\\/informelitoral.com.ar\\\/#\\\/schema\\\/logo\\\/image\\\/\",\"url\":\"https:\\\/\\\/informelitoral.com.ar\\\/%77%70%2d%63%6f%6e%74%65%6e%74\\\/uploads\\\/2021\\\/01\\\/circulo.png\",\"contentUrl\":\"https:\\\/\\\/informelitoral.com.ar\\\/%77%70%2d%63%6f%6e%74%65%6e%74\\\/uploads\\\/2021\\\/01\\\/circulo.png\",\"width\":723,\"height\":731,\"caption\":\"Informe Litoral\"},\"image\":{\"@id\":\"https:\\\/\\\/informelitoral.com.ar\\\/#\\\/schema\\\/logo\\\/image\\\/\"},\"sameAs\":[\"https:\\\/\\\/www.facebook.com\\\/informelitoral\\\/\",\"https:\\\/\\\/x.com\\\/InformeLitoral\",\"https:\\\/\\\/www.instagram.com\\\/informelitoral\\\/\",\"https:\\\/\\\/www.youtube.com\\\/channel\\\/UCua4Qvz8Icb6MYqhoq9xLXw\"]},{\"@type\":\"Person\",\"@id\":\"https:\\\/\\\/informelitoral.com.ar\\\/#\\\/schema\\\/person\\\/f05f9f461677119578717524b127d6d5\",\"name\":\"Sebastian\",\"image\":{\"@type\":\"ImageObject\",\"inLanguage\":\"es\",\"@id\":\"https:\\\/\\\/secure.gravatar.com\\\/avatar\\\/b71bf7481d447dfb9583c7f2798e7cc64de6efb9067b74633ed8c31059a3bd82?s=96&d=mm&r=g\",\"url\":\"https:\\\/\\\/secure.gravatar.com\\\/avatar\\\/b71bf7481d447dfb9583c7f2798e7cc64de6efb9067b74633ed8c31059a3bd82?s=96&d=mm&r=g\",\"contentUrl\":\"https:\\\/\\\/secure.gravatar.com\\\/avatar\\\/b71bf7481d447dfb9583c7f2798e7cc64de6efb9067b74633ed8c31059a3bd82?s=96&d=mm&r=g\",\"caption\":\"Sebastian\"},\"url\":\"https:\\\/\\\/informelitoral.com.ar\\\/author\\\/sebastian\\\/\"}]}<\/script>","yoast_head_json":{"title":"Detuvieron a un hombre en General Ram\u00edrez por violar una restricci\u00f3n de acercamiento - Informe Litoral","robots":{"index":"index","follow":"follow","max-snippet":"max-snippet:-1","max-image-preview":"max-image-preview:large","max-video-preview":"max-video-preview:-1"},"canonical":"https:\/\/informelitoral.com.ar\/detuvieron-a-un-hombre-en-general-ramirez-por-violar-una-restriccion-de-acercamiento\/","og_locale":"es_ES","og_type":"article","og_title":"Detuvieron a un hombre en General Ram\u00edrez por violar una restricci\u00f3n de acercamiento - Informe Litoral","og_description":"El procedimiento se realiz\u00f3 durante la madrugada tras una alerta que permiti\u00f3 a la polic\u00eda intervenir en un domicilio donde un vecino de 29 a\u00f1os incumpl\u00eda medidas judiciales por violencia de g\u00e9nero.","og_url":"https:\/\/informelitoral.com.ar\/detuvieron-a-un-hombre-en-general-ramirez-por-violar-una-restriccion-de-acercamiento\/","og_site_name":"Informe Litoral","article_publisher":"https:\/\/www.facebook.com\/informelitoral\/","article_published_time":"2026-04-28T18:11:09+00:00","article_modified_time":"2026-04-28T18:16:07+00:00","og_image":[{"width":1166,"height":680,"url":"https:\/\/drive.google.com\/thumbnail?id=1E1Ef3WLFcGjfkAvYBVIhTOKA5wk8AfG6&sz=w2048","type":"image\/jpeg"}],"author":"Sebastian","twitter_card":"summary_large_image","twitter_creator":"@InformeLitoral","twitter_site":"@InformeLitoral","twitter_misc":{"Escrito por":"Sebastian","Tiempo de lectura":"2 minutos"},"schema":{"@context":"https:\/\/schema.org","@graph":[{"@type":"Article","@id":"https:\/\/informelitoral.com.ar\/detuvieron-a-un-hombre-en-general-ramirez-por-violar-una-restriccion-de-acercamiento\/#article","isPartOf":{"@id":"https:\/\/informelitoral.com.ar\/detuvieron-a-un-hombre-en-general-ramirez-por-violar-una-restriccion-de-acercamiento\/"},"author":{"name":"Sebastian","@id":"https:\/\/informelitoral.com.ar\/#\/schema\/person\/f05f9f461677119578717524b127d6d5"},"headline":"Detuvieron a un hombre en General Ram\u00edrez por violar una restricci\u00f3n de acercamiento","datePublished":"2026-04-28T18:11:09+00:00","dateModified":"2026-04-28T18:16:07+00:00","mainEntityOfPage":{"@id":"https:\/\/informelitoral.com.ar\/detuvieron-a-un-hombre-en-general-ramirez-por-violar-una-restriccion-de-acercamiento\/"},"wordCount":215,"commentCount":0,"publisher":{"@id":"https:\/\/informelitoral.com.ar\/#organization"},"image":{"@id":"https:\/\/informelitoral.com.ar\/detuvieron-a-un-hombre-en-general-ramirez-por-violar-una-restriccion-de-acercamiento\/#primaryimage"},"thumbnailUrl":"https:\/\/drive.google.com\/thumbnail?id=1E1Ef3WLFcGjfkAvYBVIhTOKA5wk8AfG6&sz=w2048","keywords":["Detenido","General Ram\u00edrez"],"articleSection":["Policiales"],"inLanguage":"es","potentialAction":[{"@type":"CommentAction","name":"Comment","target":["https:\/\/informelitoral.com.ar\/detuvieron-a-un-hombre-en-general-ramirez-por-violar-una-restriccion-de-acercamiento\/#respond"]}]},{"@type":"WebPage","@id":"https:\/\/informelitoral.com.ar\/detuvieron-a-un-hombre-en-general-ramirez-por-violar-una-restriccion-de-acercamiento\/","url":"https:\/\/informelitoral.com.ar\/detuvieron-a-un-hombre-en-general-ramirez-por-violar-una-restriccion-de-acercamiento\/","name":"Detuvieron a un hombre en General Ram\u00edrez por violar una restricci\u00f3n de acercamiento - Informe Litoral","isPartOf":{"@id":"https:\/\/informelitoral.com.ar\/#website"},"primaryImageOfPage":{"@id":"https:\/\/informelitoral.com.ar\/detuvieron-a-un-hombre-en-general-ramirez-por-violar-una-restriccion-de-acercamiento\/#primaryimage"},"image":{"@id":"https:\/\/informelitoral.com.ar\/detuvieron-a-un-hombre-en-general-ramirez-por-violar-una-restriccion-de-acercamiento\/#primaryimage"},"thumbnailUrl":"https:\/\/drive.google.com\/thumbnail?id=1E1Ef3WLFcGjfkAvYBVIhTOKA5wk8AfG6&sz=w2048","datePublished":"2026-04-28T18:11:09+00:00","dateModified":"2026-04-28T18:16:07+00:00","breadcrumb":{"@id":"https:\/\/informelitoral.com.ar\/detuvieron-a-un-hombre-en-general-ramirez-por-violar-una-restriccion-de-acercamiento\/#breadcrumb"},"inLanguage":"es","potentialAction":[{"@type":"ReadAction","target":["https:\/\/informelitoral.com.ar\/detuvieron-a-un-hombre-en-general-ramirez-por-violar-una-restriccion-de-acercamiento\/"]}]},{"@type":"ImageObject","inLanguage":"es","@id":"https:\/\/informelitoral.com.ar\/detuvieron-a-un-hombre-en-general-ramirez-por-violar-una-restriccion-de-acercamiento\/#primaryimage","url":"https:\/\/drive.google.com\/thumbnail?id=1E1Ef3WLFcGjfkAvYBVIhTOKA5wk8AfG6&sz=w2048","contentUrl":"https:\/\/drive.google.com\/thumbnail?id=1E1Ef3WLFcGjfkAvYBVIhTOKA5wk8AfG6&sz=w2048","width":1166,"height":680},{"@type":"BreadcrumbList","@id":"https:\/\/informelitoral.com.ar\/detuvieron-a-un-hombre-en-general-ramirez-por-violar-una-restriccion-de-acercamiento\/#breadcrumb","itemListElement":[{"@type":"ListItem","position":1,"name":"Portada","item":"https:\/\/informelitoral.com.ar\/"},{"@type":"ListItem","position":2,"name":"Detuvieron a un hombre en General Ram\u00edrez por violar una restricci\u00f3n de acercamiento"}]},{"@type":"WebSite","@id":"https:\/\/informelitoral.com.ar\/#website","url":"https:\/\/informelitoral.com.ar\/","name":"Informe Litoral","description":"&quot;Nos informamos&quot; ","publisher":{"@id":"https:\/\/informelitoral.com.ar\/#organization"},"potentialAction":[{"@type":"SearchAction","target":{"@type":"EntryPoint","urlTemplate":"https:\/\/informelitoral.com.ar\/?s={search_term_string}"},"query-input":{"@type":"PropertyValueSpecification","valueRequired":true,"valueName":"search_term_string"}}],"inLanguage":"es"},{"@type":"Organization","@id":"https:\/\/informelitoral.com.ar\/#organization","name":"Informe Litoral","url":"https:\/\/informelitoral.com.ar\/","logo":{"@type":"ImageObject","inLanguage":"es","@id":"https:\/\/informelitoral.com.ar\/#\/schema\/logo\/image\/","url":"https:\/\/informelitoral.com.ar\/%77%70%2d%63%6f%6e%74%65%6e%74\/uploads\/2021\/01\/circulo.png","contentUrl":"https:\/\/informelitoral.com.ar\/%77%70%2d%63%6f%6e%74%65%6e%74\/uploads\/2021\/01\/circulo.png","width":723,"height":731,"caption":"Informe Litoral"},"image":{"@id":"https:\/\/informelitoral.com.ar\/#\/schema\/logo\/image\/"},"sameAs":["https:\/\/www.facebook.com\/informelitoral\/","https:\/\/x.com\/InformeLitoral","https:\/\/www.instagram.com\/informelitoral\/","https:\/\/www.youtube.com\/channel\/UCua4Qvz8Icb6MYqhoq9xLXw"]},{"@type":"Person","@id":"https:\/\/informelitoral.com.ar\/#\/schema\/person\/f05f9f461677119578717524b127d6d5","name":"Sebastian","image":{"@type":"ImageObject","inLanguage":"es","@id":"https:\/\/secure.gravatar.com\/avatar\/b71bf7481d447dfb9583c7f2798e7cc64de6efb9067b74633ed8c31059a3bd82?s=96&d=mm&r=g","url":"https:\/\/secure.gravatar.com\/avatar\/b71bf7481d447dfb9583c7f2798e7cc64de6efb9067b74633ed8c31059a3bd82?s=96&d=mm&r=g","contentUrl":"https:\/\/secure.gravatar.com\/avatar\/b71bf7481d447dfb9583c7f2798e7cc64de6efb9067b74633ed8c31059a3bd82?s=96&d=mm&r=g","caption":"Sebastian"},"url":"https:\/\/informelitoral.com.ar\/author\/sebastian\/"}]}},"_links":{"self":[{"href":"https:\/\/informelitoral.com.ar\/%77%70%2d%6a%73%6f%6e\/wp\/v2\/posts\/258842","targetHints":{"allow":["GET"]}}],"collection":[{"href":"https:\/\/informelitoral.com.ar\/%77%70%2d%6a%73%6f%6e\/wp\/v2\/posts"}],"about":[{"href":"https:\/\/informelitoral.com.ar\/%77%70%2d%6a%73%6f%6e\/wp\/v2\/types\/post"}],"author":[{"embeddable":true,"href":"https:\/\/informelitoral.com.ar\/%77%70%2d%6a%73%6f%6e\/wp\/v2\/users\/8"}],"replies":[{"embeddable":true,"href":"https:\/\/informelitoral.com.ar\/%77%70%2d%6a%73%6f%6e\/wp\/v2\/comments?post=258842"}],"version-history":[{"count":2,"href":"https:\/\/informelitoral.com.ar\/%77%70%2d%6a%73%6f%6e\/wp\/v2\/posts\/258842\/revisions"}],"predecessor-version":[{"id":258846,"href":"https:\/\/informelitoral.com.ar\/%77%70%2d%6a%73%6f%6e\/wp\/v2\/posts\/258842\/revisions\/258846"}],"wp:featuredmedia":[{"embeddable":true,"href":"https:\/\/informelitoral.com.ar\/%77%70%2d%6a%73%6f%6e\/wp\/v2\/media\/258843"}],"wp:attachment":[{"href":"https:\/\/informelitoral.com.ar\/%77%70%2d%6a%73%6f%6e\/wp\/v2\/media?parent=258842"}],"wp:term":[{"taxonomy":"category","embeddable":true,"href":"https:\/\/informelitoral.com.ar\/%77%70%2d%6a%73%6f%6e\/wp\/v2\/categories?post=258842"},{"taxonomy":"post_tag","embeddable":true,"href":"https:\/\/informelitoral.com.ar\/%77%70%2d%6a%73%6f%6e\/wp\/v2\/tags?post=258842"}],"curies":[{"name":"wp","href":"https:\/\/api.w.org\/{rel}","templated":true}]}}