{"id":258789,"date":"2026-04-28T10:46:32","date_gmt":"2026-04-28T13:46:32","guid":{"rendered":"https:\/\/informelitoral.com.ar\/?p=258789"},"modified":"2026-04-28T10:50:20","modified_gmt":"2026-04-28T13:50:20","slug":"identificaron-a-los-autores-del-robo-de-transformadores-en-la-zona-de-tabossi-y-las-tunas","status":"publish","type":"post","link":"https:\/\/informelitoral.com.ar\/identificaron-a-los-autores-del-robo-de-transformadores-en-la-zona-de-tabossi-y-las-tunas\/","title":{"rendered":"Identificaron a los autores del robo de transformadores en la zona de Tabossi y Las Tunas"},"content":{"rendered":"<p data-path-to-node=\"3\">Personal de la <b data-path-to-node=\"3\" data-index-in-node=\"15\">Comisar\u00eda de Viale<\/b> logr\u00f3 esclarecer un hecho delictivo perpetrado el pasado viernes en la zona rural de <b data-path-to-node=\"3\" data-index-in-node=\"119\">Tabossi y el Paraje Las Tunas<\/b>, donde autores desconocidos hab\u00edan sustra\u00eddo diversos transformadores el\u00e9ctricos. La investigaci\u00f3n se inici\u00f3 tras la denuncia del robo de los equipos y se centr\u00f3 en el seguimiento de registros f\u00edlmicos, lo que permiti\u00f3 a los uniformados identificar con precisi\u00f3n el veh\u00edculo en el que se trasladaban los <b data-path-to-node=\"3\" data-index-in-node=\"453\">tres delincuentes involucrados<\/b> en el il\u00edcito.<\/p>\n<p data-path-to-node=\"4\">Las tareas de inteligencia derivaron en un comercio de la ciudad de Viale, lugar donde los sospechosos hab\u00edan vendido el material sustra\u00eddo. En dicho local, los agentes policiales lograron <b data-path-to-node=\"4\" data-index-in-node=\"189\">incautar alrededor de 35 kilos de cobre<\/b>, material que hab\u00eda sido extra\u00eddo del interior de los transformadores da\u00f1ados. Este hallazgo fue clave para avanzar en la identificaci\u00f3n de los responsables y reconstruir la ruta del material robado.<\/p>\n<p data-path-to-node=\"5\">Finalmente, el d\u00eda s\u00e1bado se llev\u00f3 a cabo un <b data-path-to-node=\"5\" data-index-in-node=\"45\">allanamiento en la localidad de Tabossi<\/b>, ordenado por la justicia, donde se procedi\u00f3 a la identificaci\u00f3n formal de los autores del robo. Durante el operativo, la polic\u00eda logr\u00f3 secuestrar elementos adicionales de inter\u00e9s para la causa, consolidando las pruebas contra la banda que operaba en las zonas rurales del departamento Paran\u00e1.(<em>Desde Crespo<\/em>)<\/p>\n","protected":false},"excerpt":{"rendered":"<p>Tras una serie de investigaciones y registros f\u00edlmicos, el personal policial logr\u00f3 recuperar 35 kilos de cobre que hab\u00edan sido comercializados en un establecimiento de Viale.<\/p>\n","protected":false},"author":8,"featured_media":258794,"comment_status":"open","ping_status":"open","sticky":false,"template":"","format":"standard","meta":{"fifu_image_url":"","fifu_image_alt":"","footnotes":""},"categories":[14],"tags":[308,6579,217],"class_list":{"0":"post-258789","1":"post","2":"type-post","3":"status-publish","4":"format-standard","5":"has-post-thumbnail","7":"category-policiales","8":"tag-robo","9":"tag-transformadores","10":"tag-viale"},"yoast_head":"<title>Identificaron a los autores del robo de transformadores en la zona de Tabossi y Las Tunas - Informe Litoral<\/title>\n<meta name=\"robots\" content=\"index, follow, max-snippet:-1, max-image-preview:large, max-video-preview:-1\" \/>\n<link rel=\"canonical\" href=\"https:\/\/informelitoral.com.ar\/identificaron-a-los-autores-del-robo-de-transformadores-en-la-zona-de-tabossi-y-las-tunas\/\" \/>\n<meta property=\"og:locale\" content=\"es_ES\" \/>\n<meta property=\"og:type\" content=\"article\" \/>\n<meta property=\"og:title\" content=\"Identificaron a los autores del robo de transformadores en la zona de Tabossi y Las Tunas - Informe Litoral\" \/>\n<meta property=\"og:description\" content=\"Tras una serie de investigaciones y registros f\u00edlmicos, el personal policial logr\u00f3 recuperar 35 kilos de cobre que hab\u00edan sido comercializados en un establecimiento de Viale.\" \/>\n<meta property=\"og:url\" content=\"https:\/\/informelitoral.com.ar\/identificaron-a-los-autores-del-robo-de-transformadores-en-la-zona-de-tabossi-y-las-tunas\/\" \/>\n<meta property=\"og:site_name\" content=\"Informe Litoral\" \/>\n<meta property=\"article:publisher\" content=\"https:\/\/www.facebook.com\/informelitoral\/\" \/>\n<meta property=\"article:published_time\" content=\"2026-04-28T13:46:32+00:00\" \/>\n<meta property=\"article:modified_time\" content=\"2026-04-28T13:50:20+00:00\" \/>\n<meta property=\"og:image\" content=\"https:\/\/drive.google.com\/thumbnail?id=1zr3vcFjN-pxx2UfBWNf-4MBKeyTq0RES&sz=w2048\" \/>\n\t<meta property=\"og:image:width\" content=\"940\" \/>\n\t<meta property=\"og:image:height\" content=\"788\" \/>\n\t<meta property=\"og:image:type\" content=\"image\/png\" \/>\n<meta name=\"author\" content=\"Sebastian\" \/>\n<meta name=\"twitter:card\" content=\"summary_large_image\" \/>\n<meta name=\"twitter:creator\" content=\"@InformeLitoral\" \/>\n<meta name=\"twitter:site\" content=\"@InformeLitoral\" \/>\n<meta name=\"twitter:label1\" content=\"Escrito por\" \/>\n\t<meta name=\"twitter:data1\" content=\"Sebastian\" \/>\n\t<meta name=\"twitter:label2\" content=\"Tiempo de lectura\" \/>\n\t<meta name=\"twitter:data2\" content=\"2 minutos\" \/>\n<script type=\"application\/ld+json\" class=\"yoast-schema-graph\">{\"@context\":\"https:\\\/\\\/schema.org\",\"@graph\":[{\"@type\":\"Article\",\"@id\":\"https:\\\/\\\/informelitoral.com.ar\\\/identificaron-a-los-autores-del-robo-de-transformadores-en-la-zona-de-tabossi-y-las-tunas\\\/#article\",\"isPartOf\":{\"@id\":\"https:\\\/\\\/informelitoral.com.ar\\\/identificaron-a-los-autores-del-robo-de-transformadores-en-la-zona-de-tabossi-y-las-tunas\\\/\"},\"author\":{\"name\":\"Sebastian\",\"@id\":\"https:\\\/\\\/informelitoral.com.ar\\\/#\\\/schema\\\/person\\\/f05f9f461677119578717524b127d6d5\"},\"headline\":\"Identificaron a los autores del robo de transformadores en la zona de Tabossi y Las Tunas\",\"datePublished\":\"2026-04-28T13:46:32+00:00\",\"dateModified\":\"2026-04-28T13:50:20+00:00\",\"mainEntityOfPage\":{\"@id\":\"https:\\\/\\\/informelitoral.com.ar\\\/identificaron-a-los-autores-del-robo-de-transformadores-en-la-zona-de-tabossi-y-las-tunas\\\/\"},\"wordCount\":241,\"commentCount\":0,\"publisher\":{\"@id\":\"https:\\\/\\\/informelitoral.com.ar\\\/#organization\"},\"image\":{\"@id\":\"https:\\\/\\\/informelitoral.com.ar\\\/identificaron-a-los-autores-del-robo-de-transformadores-en-la-zona-de-tabossi-y-las-tunas\\\/#primaryimage\"},\"thumbnailUrl\":\"https:\\\/\\\/drive.google.com\\\/thumbnail?id=1zr3vcFjN-pxx2UfBWNf-4MBKeyTq0RES&sz=w2048\",\"keywords\":[\"Robo\",\"Transformadores\",\"Viale\"],\"articleSection\":[\"Policiales\"],\"inLanguage\":\"es\",\"potentialAction\":[{\"@type\":\"CommentAction\",\"name\":\"Comment\",\"target\":[\"https:\\\/\\\/informelitoral.com.ar\\\/identificaron-a-los-autores-del-robo-de-transformadores-en-la-zona-de-tabossi-y-las-tunas\\\/#respond\"]}]},{\"@type\":\"WebPage\",\"@id\":\"https:\\\/\\\/informelitoral.com.ar\\\/identificaron-a-los-autores-del-robo-de-transformadores-en-la-zona-de-tabossi-y-las-tunas\\\/\",\"url\":\"https:\\\/\\\/informelitoral.com.ar\\\/identificaron-a-los-autores-del-robo-de-transformadores-en-la-zona-de-tabossi-y-las-tunas\\\/\",\"name\":\"Identificaron a los autores del robo de transformadores en la zona de Tabossi y Las Tunas - Informe Litoral\",\"isPartOf\":{\"@id\":\"https:\\\/\\\/informelitoral.com.ar\\\/#website\"},\"primaryImageOfPage\":{\"@id\":\"https:\\\/\\\/informelitoral.com.ar\\\/identificaron-a-los-autores-del-robo-de-transformadores-en-la-zona-de-tabossi-y-las-tunas\\\/#primaryimage\"},\"image\":{\"@id\":\"https:\\\/\\\/informelitoral.com.ar\\\/identificaron-a-los-autores-del-robo-de-transformadores-en-la-zona-de-tabossi-y-las-tunas\\\/#primaryimage\"},\"thumbnailUrl\":\"https:\\\/\\\/drive.google.com\\\/thumbnail?id=1zr3vcFjN-pxx2UfBWNf-4MBKeyTq0RES&sz=w2048\",\"datePublished\":\"2026-04-28T13:46:32+00:00\",\"dateModified\":\"2026-04-28T13:50:20+00:00\",\"breadcrumb\":{\"@id\":\"https:\\\/\\\/informelitoral.com.ar\\\/identificaron-a-los-autores-del-robo-de-transformadores-en-la-zona-de-tabossi-y-las-tunas\\\/#breadcrumb\"},\"inLanguage\":\"es\",\"potentialAction\":[{\"@type\":\"ReadAction\",\"target\":[\"https:\\\/\\\/informelitoral.com.ar\\\/identificaron-a-los-autores-del-robo-de-transformadores-en-la-zona-de-tabossi-y-las-tunas\\\/\"]}]},{\"@type\":\"ImageObject\",\"inLanguage\":\"es\",\"@id\":\"https:\\\/\\\/informelitoral.com.ar\\\/identificaron-a-los-autores-del-robo-de-transformadores-en-la-zona-de-tabossi-y-las-tunas\\\/#primaryimage\",\"url\":\"https:\\\/\\\/drive.google.com\\\/thumbnail?id=1zr3vcFjN-pxx2UfBWNf-4MBKeyTq0RES&sz=w2048\",\"contentUrl\":\"https:\\\/\\\/drive.google.com\\\/thumbnail?id=1zr3vcFjN-pxx2UfBWNf-4MBKeyTq0RES&sz=w2048\",\"width\":940,\"height\":788},{\"@type\":\"BreadcrumbList\",\"@id\":\"https:\\\/\\\/informelitoral.com.ar\\\/identificaron-a-los-autores-del-robo-de-transformadores-en-la-zona-de-tabossi-y-las-tunas\\\/#breadcrumb\",\"itemListElement\":[{\"@type\":\"ListItem\",\"position\":1,\"name\":\"Portada\",\"item\":\"https:\\\/\\\/informelitoral.com.ar\\\/\"},{\"@type\":\"ListItem\",\"position\":2,\"name\":\"Identificaron a los autores del robo de transformadores en la zona de Tabossi y Las Tunas\"}]},{\"@type\":\"WebSite\",\"@id\":\"https:\\\/\\\/informelitoral.com.ar\\\/#website\",\"url\":\"https:\\\/\\\/informelitoral.com.ar\\\/\",\"name\":\"Informe Litoral\",\"description\":\"&quot;Nos informamos&quot; \",\"publisher\":{\"@id\":\"https:\\\/\\\/informelitoral.com.ar\\\/#organization\"},\"potentialAction\":[{\"@type\":\"SearchAction\",\"target\":{\"@type\":\"EntryPoint\",\"urlTemplate\":\"https:\\\/\\\/informelitoral.com.ar\\\/?s={search_term_string}\"},\"query-input\":{\"@type\":\"PropertyValueSpecification\",\"valueRequired\":true,\"valueName\":\"search_term_string\"}}],\"inLanguage\":\"es\"},{\"@type\":\"Organization\",\"@id\":\"https:\\\/\\\/informelitoral.com.ar\\\/#organization\",\"name\":\"Informe Litoral\",\"url\":\"https:\\\/\\\/informelitoral.com.ar\\\/\",\"logo\":{\"@type\":\"ImageObject\",\"inLanguage\":\"es\",\"@id\":\"https:\\\/\\\/informelitoral.com.ar\\\/#\\\/schema\\\/logo\\\/image\\\/\",\"url\":\"https:\\\/\\\/informelitoral.com.ar\\\/%77%70%2d%63%6f%6e%74%65%6e%74\\\/uploads\\\/2021\\\/01\\\/circulo.png\",\"contentUrl\":\"https:\\\/\\\/informelitoral.com.ar\\\/%77%70%2d%63%6f%6e%74%65%6e%74\\\/uploads\\\/2021\\\/01\\\/circulo.png\",\"width\":723,\"height\":731,\"caption\":\"Informe Litoral\"},\"image\":{\"@id\":\"https:\\\/\\\/informelitoral.com.ar\\\/#\\\/schema\\\/logo\\\/image\\\/\"},\"sameAs\":[\"https:\\\/\\\/www.facebook.com\\\/informelitoral\\\/\",\"https:\\\/\\\/x.com\\\/InformeLitoral\",\"https:\\\/\\\/www.instagram.com\\\/informelitoral\\\/\",\"https:\\\/\\\/www.youtube.com\\\/channel\\\/UCua4Qvz8Icb6MYqhoq9xLXw\"]},{\"@type\":\"Person\",\"@id\":\"https:\\\/\\\/informelitoral.com.ar\\\/#\\\/schema\\\/person\\\/f05f9f461677119578717524b127d6d5\",\"name\":\"Sebastian\",\"image\":{\"@type\":\"ImageObject\",\"inLanguage\":\"es\",\"@id\":\"https:\\\/\\\/secure.gravatar.com\\\/avatar\\\/b71bf7481d447dfb9583c7f2798e7cc64de6efb9067b74633ed8c31059a3bd82?s=96&d=mm&r=g\",\"url\":\"https:\\\/\\\/secure.gravatar.com\\\/avatar\\\/b71bf7481d447dfb9583c7f2798e7cc64de6efb9067b74633ed8c31059a3bd82?s=96&d=mm&r=g\",\"contentUrl\":\"https:\\\/\\\/secure.gravatar.com\\\/avatar\\\/b71bf7481d447dfb9583c7f2798e7cc64de6efb9067b74633ed8c31059a3bd82?s=96&d=mm&r=g\",\"caption\":\"Sebastian\"},\"url\":\"https:\\\/\\\/informelitoral.com.ar\\\/author\\\/sebastian\\\/\"}]}<\/script>","yoast_head_json":{"title":"Identificaron a los autores del robo de transformadores en la zona de Tabossi y Las Tunas - Informe Litoral","robots":{"index":"index","follow":"follow","max-snippet":"max-snippet:-1","max-image-preview":"max-image-preview:large","max-video-preview":"max-video-preview:-1"},"canonical":"https:\/\/informelitoral.com.ar\/identificaron-a-los-autores-del-robo-de-transformadores-en-la-zona-de-tabossi-y-las-tunas\/","og_locale":"es_ES","og_type":"article","og_title":"Identificaron a los autores del robo de transformadores en la zona de Tabossi y Las Tunas - Informe Litoral","og_description":"Tras una serie de investigaciones y registros f\u00edlmicos, el personal policial logr\u00f3 recuperar 35 kilos de cobre que hab\u00edan sido comercializados en un establecimiento de Viale.","og_url":"https:\/\/informelitoral.com.ar\/identificaron-a-los-autores-del-robo-de-transformadores-en-la-zona-de-tabossi-y-las-tunas\/","og_site_name":"Informe Litoral","article_publisher":"https:\/\/www.facebook.com\/informelitoral\/","article_published_time":"2026-04-28T13:46:32+00:00","article_modified_time":"2026-04-28T13:50:20+00:00","og_image":[{"width":940,"height":788,"url":"https:\/\/drive.google.com\/thumbnail?id=1zr3vcFjN-pxx2UfBWNf-4MBKeyTq0RES&sz=w2048","type":"image\/png"}],"author":"Sebastian","twitter_card":"summary_large_image","twitter_creator":"@InformeLitoral","twitter_site":"@InformeLitoral","twitter_misc":{"Escrito por":"Sebastian","Tiempo de lectura":"2 minutos"},"schema":{"@context":"https:\/\/schema.org","@graph":[{"@type":"Article","@id":"https:\/\/informelitoral.com.ar\/identificaron-a-los-autores-del-robo-de-transformadores-en-la-zona-de-tabossi-y-las-tunas\/#article","isPartOf":{"@id":"https:\/\/informelitoral.com.ar\/identificaron-a-los-autores-del-robo-de-transformadores-en-la-zona-de-tabossi-y-las-tunas\/"},"author":{"name":"Sebastian","@id":"https:\/\/informelitoral.com.ar\/#\/schema\/person\/f05f9f461677119578717524b127d6d5"},"headline":"Identificaron a los autores del robo de transformadores en la zona de Tabossi y Las Tunas","datePublished":"2026-04-28T13:46:32+00:00","dateModified":"2026-04-28T13:50:20+00:00","mainEntityOfPage":{"@id":"https:\/\/informelitoral.com.ar\/identificaron-a-los-autores-del-robo-de-transformadores-en-la-zona-de-tabossi-y-las-tunas\/"},"wordCount":241,"commentCount":0,"publisher":{"@id":"https:\/\/informelitoral.com.ar\/#organization"},"image":{"@id":"https:\/\/informelitoral.com.ar\/identificaron-a-los-autores-del-robo-de-transformadores-en-la-zona-de-tabossi-y-las-tunas\/#primaryimage"},"thumbnailUrl":"https:\/\/drive.google.com\/thumbnail?id=1zr3vcFjN-pxx2UfBWNf-4MBKeyTq0RES&sz=w2048","keywords":["Robo","Transformadores","Viale"],"articleSection":["Policiales"],"inLanguage":"es","potentialAction":[{"@type":"CommentAction","name":"Comment","target":["https:\/\/informelitoral.com.ar\/identificaron-a-los-autores-del-robo-de-transformadores-en-la-zona-de-tabossi-y-las-tunas\/#respond"]}]},{"@type":"WebPage","@id":"https:\/\/informelitoral.com.ar\/identificaron-a-los-autores-del-robo-de-transformadores-en-la-zona-de-tabossi-y-las-tunas\/","url":"https:\/\/informelitoral.com.ar\/identificaron-a-los-autores-del-robo-de-transformadores-en-la-zona-de-tabossi-y-las-tunas\/","name":"Identificaron a los autores del robo de transformadores en la zona de Tabossi y Las Tunas - Informe Litoral","isPartOf":{"@id":"https:\/\/informelitoral.com.ar\/#website"},"primaryImageOfPage":{"@id":"https:\/\/informelitoral.com.ar\/identificaron-a-los-autores-del-robo-de-transformadores-en-la-zona-de-tabossi-y-las-tunas\/#primaryimage"},"image":{"@id":"https:\/\/informelitoral.com.ar\/identificaron-a-los-autores-del-robo-de-transformadores-en-la-zona-de-tabossi-y-las-tunas\/#primaryimage"},"thumbnailUrl":"https:\/\/drive.google.com\/thumbnail?id=1zr3vcFjN-pxx2UfBWNf-4MBKeyTq0RES&sz=w2048","datePublished":"2026-04-28T13:46:32+00:00","dateModified":"2026-04-28T13:50:20+00:00","breadcrumb":{"@id":"https:\/\/informelitoral.com.ar\/identificaron-a-los-autores-del-robo-de-transformadores-en-la-zona-de-tabossi-y-las-tunas\/#breadcrumb"},"inLanguage":"es","potentialAction":[{"@type":"ReadAction","target":["https:\/\/informelitoral.com.ar\/identificaron-a-los-autores-del-robo-de-transformadores-en-la-zona-de-tabossi-y-las-tunas\/"]}]},{"@type":"ImageObject","inLanguage":"es","@id":"https:\/\/informelitoral.com.ar\/identificaron-a-los-autores-del-robo-de-transformadores-en-la-zona-de-tabossi-y-las-tunas\/#primaryimage","url":"https:\/\/drive.google.com\/thumbnail?id=1zr3vcFjN-pxx2UfBWNf-4MBKeyTq0RES&sz=w2048","contentUrl":"https:\/\/drive.google.com\/thumbnail?id=1zr3vcFjN-pxx2UfBWNf-4MBKeyTq0RES&sz=w2048","width":940,"height":788},{"@type":"BreadcrumbList","@id":"https:\/\/informelitoral.com.ar\/identificaron-a-los-autores-del-robo-de-transformadores-en-la-zona-de-tabossi-y-las-tunas\/#breadcrumb","itemListElement":[{"@type":"ListItem","position":1,"name":"Portada","item":"https:\/\/informelitoral.com.ar\/"},{"@type":"ListItem","position":2,"name":"Identificaron a los autores del robo de transformadores en la zona de Tabossi y Las Tunas"}]},{"@type":"WebSite","@id":"https:\/\/informelitoral.com.ar\/#website","url":"https:\/\/informelitoral.com.ar\/","name":"Informe Litoral","description":"&quot;Nos informamos&quot; ","publisher":{"@id":"https:\/\/informelitoral.com.ar\/#organization"},"potentialAction":[{"@type":"SearchAction","target":{"@type":"EntryPoint","urlTemplate":"https:\/\/informelitoral.com.ar\/?s={search_term_string}"},"query-input":{"@type":"PropertyValueSpecification","valueRequired":true,"valueName":"search_term_string"}}],"inLanguage":"es"},{"@type":"Organization","@id":"https:\/\/informelitoral.com.ar\/#organization","name":"Informe Litoral","url":"https:\/\/informelitoral.com.ar\/","logo":{"@type":"ImageObject","inLanguage":"es","@id":"https:\/\/informelitoral.com.ar\/#\/schema\/logo\/image\/","url":"https:\/\/informelitoral.com.ar\/%77%70%2d%63%6f%6e%74%65%6e%74\/uploads\/2021\/01\/circulo.png","contentUrl":"https:\/\/informelitoral.com.ar\/%77%70%2d%63%6f%6e%74%65%6e%74\/uploads\/2021\/01\/circulo.png","width":723,"height":731,"caption":"Informe Litoral"},"image":{"@id":"https:\/\/informelitoral.com.ar\/#\/schema\/logo\/image\/"},"sameAs":["https:\/\/www.facebook.com\/informelitoral\/","https:\/\/x.com\/InformeLitoral","https:\/\/www.instagram.com\/informelitoral\/","https:\/\/www.youtube.com\/channel\/UCua4Qvz8Icb6MYqhoq9xLXw"]},{"@type":"Person","@id":"https:\/\/informelitoral.com.ar\/#\/schema\/person\/f05f9f461677119578717524b127d6d5","name":"Sebastian","image":{"@type":"ImageObject","inLanguage":"es","@id":"https:\/\/secure.gravatar.com\/avatar\/b71bf7481d447dfb9583c7f2798e7cc64de6efb9067b74633ed8c31059a3bd82?s=96&d=mm&r=g","url":"https:\/\/secure.gravatar.com\/avatar\/b71bf7481d447dfb9583c7f2798e7cc64de6efb9067b74633ed8c31059a3bd82?s=96&d=mm&r=g","contentUrl":"https:\/\/secure.gravatar.com\/avatar\/b71bf7481d447dfb9583c7f2798e7cc64de6efb9067b74633ed8c31059a3bd82?s=96&d=mm&r=g","caption":"Sebastian"},"url":"https:\/\/informelitoral.com.ar\/author\/sebastian\/"}]}},"_links":{"self":[{"href":"https:\/\/informelitoral.com.ar\/%77%70%2d%6a%73%6f%6e\/wp\/v2\/posts\/258789","targetHints":{"allow":["GET"]}}],"collection":[{"href":"https:\/\/informelitoral.com.ar\/%77%70%2d%6a%73%6f%6e\/wp\/v2\/posts"}],"about":[{"href":"https:\/\/informelitoral.com.ar\/%77%70%2d%6a%73%6f%6e\/wp\/v2\/types\/post"}],"author":[{"embeddable":true,"href":"https:\/\/informelitoral.com.ar\/%77%70%2d%6a%73%6f%6e\/wp\/v2\/users\/8"}],"replies":[{"embeddable":true,"href":"https:\/\/informelitoral.com.ar\/%77%70%2d%6a%73%6f%6e\/wp\/v2\/comments?post=258789"}],"version-history":[{"count":3,"href":"https:\/\/informelitoral.com.ar\/%77%70%2d%6a%73%6f%6e\/wp\/v2\/posts\/258789\/revisions"}],"predecessor-version":[{"id":258795,"href":"https:\/\/informelitoral.com.ar\/%77%70%2d%6a%73%6f%6e\/wp\/v2\/posts\/258789\/revisions\/258795"}],"wp:featuredmedia":[{"embeddable":true,"href":"https:\/\/informelitoral.com.ar\/%77%70%2d%6a%73%6f%6e\/wp\/v2\/media\/258794"}],"wp:attachment":[{"href":"https:\/\/informelitoral.com.ar\/%77%70%2d%6a%73%6f%6e\/wp\/v2\/media?parent=258789"}],"wp:term":[{"taxonomy":"category","embeddable":true,"href":"https:\/\/informelitoral.com.ar\/%77%70%2d%6a%73%6f%6e\/wp\/v2\/categories?post=258789"},{"taxonomy":"post_tag","embeddable":true,"href":"https:\/\/informelitoral.com.ar\/%77%70%2d%6a%73%6f%6e\/wp\/v2\/tags?post=258789"}],"curies":[{"name":"wp","href":"https:\/\/api.w.org\/{rel}","templated":true}]}}