{"id":258777,"date":"2026-04-28T09:39:31","date_gmt":"2026-04-28T12:39:31","guid":{"rendered":"https:\/\/informelitoral.com.ar\/?p=258777"},"modified":"2026-04-28T09:39:31","modified_gmt":"2026-04-28T12:39:31","slug":"entre-rios-fue-sede-del-2-seminario-internacional-de-avicultura","status":"publish","type":"post","link":"https:\/\/informelitoral.com.ar\/entre-rios-fue-sede-del-2-seminario-internacional-de-avicultura\/","title":{"rendered":"Entre R\u00edos fue sede del 2\u00b0 Seminario Internacional de Avicultura"},"content":{"rendered":"<p data-path-to-node=\"3\">El <b data-path-to-node=\"3\" data-index-in-node=\"3\">Servicio Nacional de Sanidad y Calidad Agroalimentaria (SENASA)<\/b> particip\u00f3 activamente del <b data-path-to-node=\"3\" data-index-in-node=\"93\">2\u00b0 Seminario Internacional de Avicultura<\/b>, donde expertos y empresarios del sector analizaron los desaf\u00edos sanitarios actuales. En este marco, el organismo oficial resalt\u00f3 que el estricto cumplimiento de los protocolos de bioseguridad y la <b data-path-to-node=\"3\" data-index-in-node=\"332\">detecci\u00f3n temprana<\/b> han sido claves para minimizar el impacto de la influenza aviar en las granjas. La articulaci\u00f3n entre el Estado y el sector privado se posicion\u00f3 como el eje fundamental para resguardar el estatus sanitario de la regi\u00f3n y garantizar la competitividad de las exportaciones.<\/p>\n<p data-path-to-node=\"4\">Adem\u00e1s de los aspectos t\u00e9cnicos, en las jornadas se abord\u00f3 el crecimiento sostenido de la actividad, destacando que el <b data-path-to-node=\"4\" data-index-in-node=\"119\">consumo interno en Argentina alcanza los 50 kg por persona al a\u00f1o<\/b>. Las disertaciones en las sedes de Paran\u00e1 y Crespo tambi\u00e9n pusieron el foco en la sustentabilidad, el uso de nuevas tecnolog\u00edas y el fuerte impacto de la avicultura en la generaci\u00f3n de empleo regional, consolidando a la provincia como un polo estrat\u00e9gico para la producci\u00f3n de alimentos a escala global.<\/p>\n","protected":false},"excerpt":{"rendered":"<p>Durante el encuentro realizado en Paran\u00e1 y Crespo, el SENASA destac\u00f3 la importancia de la bioseguridad y la vigilancia epidemiol\u00f3gica para proteger la producci\u00f3n nacional.<\/p>\n","protected":false},"author":8,"featured_media":258778,"comment_status":"open","ping_status":"open","sticky":false,"template":"","format":"standard","meta":{"fifu_image_url":"https:\/\/www.argentina.gob.ar\/sites\/default\/files\/26-04-27_er_avicultura_1.jpeg","fifu_image_alt":"","footnotes":""},"categories":[10],"tags":[6578,208,45,204],"class_list":{"0":"post-258777","1":"post","2":"type-post","3":"status-publish","4":"format-standard","5":"has-post-thumbnail","7":"category-campo","8":"tag-2-seminario-internacional-de-avicultura","9":"tag-crespo","10":"tag-parana","11":"tag-senasa"},"yoast_head":"<title>Entre R\u00edos fue sede del 2\u00b0 Seminario Internacional de Avicultura - Informe Litoral<\/title>\n<meta name=\"robots\" content=\"index, follow, max-snippet:-1, max-image-preview:large, max-video-preview:-1\" \/>\n<link rel=\"canonical\" href=\"https:\/\/informelitoral.com.ar\/entre-rios-fue-sede-del-2-seminario-internacional-de-avicultura\/\" \/>\n<meta property=\"og:locale\" content=\"es_ES\" \/>\n<meta property=\"og:type\" content=\"article\" \/>\n<meta property=\"og:title\" content=\"Entre R\u00edos fue sede del 2\u00b0 Seminario Internacional de Avicultura - Informe Litoral\" \/>\n<meta property=\"og:description\" content=\"Durante el encuentro realizado en Paran\u00e1 y Crespo, el SENASA destac\u00f3 la importancia de la bioseguridad y la vigilancia epidemiol\u00f3gica para proteger la producci\u00f3n nacional.\" \/>\n<meta property=\"og:url\" content=\"https:\/\/informelitoral.com.ar\/entre-rios-fue-sede-del-2-seminario-internacional-de-avicultura\/\" \/>\n<meta property=\"og:site_name\" content=\"Informe Litoral\" \/>\n<meta property=\"article:publisher\" content=\"https:\/\/www.facebook.com\/informelitoral\/\" \/>\n<meta property=\"article:published_time\" content=\"2026-04-28T12:39:31+00:00\" \/>\n<meta property=\"og:image\" content=\"https:\/\/www.argentina.gob.ar\/sites\/default\/files\/26-04-27_er_avicultura_1.jpeg\" \/>\n<meta name=\"author\" content=\"Sebastian\" \/>\n<meta name=\"twitter:card\" content=\"summary_large_image\" \/>\n<meta name=\"twitter:image\" content=\"https:\/\/www.argentina.gob.ar\/sites\/default\/files\/26-04-27_er_avicultura_1.jpeg\" \/>\n<meta name=\"twitter:creator\" content=\"@InformeLitoral\" \/>\n<meta name=\"twitter:site\" content=\"@InformeLitoral\" \/>\n<meta name=\"twitter:label1\" content=\"Escrito por\" \/>\n\t<meta name=\"twitter:data1\" content=\"Sebastian\" \/>\n\t<meta name=\"twitter:label2\" content=\"Tiempo de lectura\" \/>\n\t<meta name=\"twitter:data2\" content=\"1 minuto\" \/>\n<script type=\"application\/ld+json\" class=\"yoast-schema-graph\">{\"@context\":\"https:\\\/\\\/schema.org\",\"@graph\":[{\"@type\":\"Article\",\"@id\":\"https:\\\/\\\/informelitoral.com.ar\\\/entre-rios-fue-sede-del-2-seminario-internacional-de-avicultura\\\/#article\",\"isPartOf\":{\"@id\":\"https:\\\/\\\/informelitoral.com.ar\\\/entre-rios-fue-sede-del-2-seminario-internacional-de-avicultura\\\/\"},\"author\":{\"name\":\"Sebastian\",\"@id\":\"https:\\\/\\\/informelitoral.com.ar\\\/#\\\/schema\\\/person\\\/f05f9f461677119578717524b127d6d5\"},\"headline\":\"Entre R\u00edos fue sede del 2\u00b0 Seminario Internacional de Avicultura\",\"datePublished\":\"2026-04-28T12:39:31+00:00\",\"mainEntityOfPage\":{\"@id\":\"https:\\\/\\\/informelitoral.com.ar\\\/entre-rios-fue-sede-del-2-seminario-internacional-de-avicultura\\\/\"},\"wordCount\":193,\"commentCount\":0,\"publisher\":{\"@id\":\"https:\\\/\\\/informelitoral.com.ar\\\/#organization\"},\"image\":{\"@id\":\"https:\\\/\\\/informelitoral.com.ar\\\/entre-rios-fue-sede-del-2-seminario-internacional-de-avicultura\\\/#primaryimage\"},\"thumbnailUrl\":\"https:\\\/\\\/www.argentina.gob.ar\\\/sites\\\/default\\\/files\\\/26-04-27_er_avicultura_1.jpeg\",\"keywords\":[\"2\u00b0 Seminario Internacional de Avicultura\",\"Crespo\",\"Paran\u00e1\",\"Senasa\"],\"articleSection\":[\"Campo\"],\"inLanguage\":\"es\",\"potentialAction\":[{\"@type\":\"CommentAction\",\"name\":\"Comment\",\"target\":[\"https:\\\/\\\/informelitoral.com.ar\\\/entre-rios-fue-sede-del-2-seminario-internacional-de-avicultura\\\/#respond\"]}]},{\"@type\":\"WebPage\",\"@id\":\"https:\\\/\\\/informelitoral.com.ar\\\/entre-rios-fue-sede-del-2-seminario-internacional-de-avicultura\\\/\",\"url\":\"https:\\\/\\\/informelitoral.com.ar\\\/entre-rios-fue-sede-del-2-seminario-internacional-de-avicultura\\\/\",\"name\":\"Entre R\u00edos fue sede del 2\u00b0 Seminario Internacional de Avicultura - Informe Litoral\",\"isPartOf\":{\"@id\":\"https:\\\/\\\/informelitoral.com.ar\\\/#website\"},\"primaryImageOfPage\":{\"@id\":\"https:\\\/\\\/informelitoral.com.ar\\\/entre-rios-fue-sede-del-2-seminario-internacional-de-avicultura\\\/#primaryimage\"},\"image\":{\"@id\":\"https:\\\/\\\/informelitoral.com.ar\\\/entre-rios-fue-sede-del-2-seminario-internacional-de-avicultura\\\/#primaryimage\"},\"thumbnailUrl\":\"https:\\\/\\\/www.argentina.gob.ar\\\/sites\\\/default\\\/files\\\/26-04-27_er_avicultura_1.jpeg\",\"datePublished\":\"2026-04-28T12:39:31+00:00\",\"breadcrumb\":{\"@id\":\"https:\\\/\\\/informelitoral.com.ar\\\/entre-rios-fue-sede-del-2-seminario-internacional-de-avicultura\\\/#breadcrumb\"},\"inLanguage\":\"es\",\"potentialAction\":[{\"@type\":\"ReadAction\",\"target\":[\"https:\\\/\\\/informelitoral.com.ar\\\/entre-rios-fue-sede-del-2-seminario-internacional-de-avicultura\\\/\"]}]},{\"@type\":\"ImageObject\",\"inLanguage\":\"es\",\"@id\":\"https:\\\/\\\/informelitoral.com.ar\\\/entre-rios-fue-sede-del-2-seminario-internacional-de-avicultura\\\/#primaryimage\",\"url\":\"https:\\\/\\\/www.argentina.gob.ar\\\/sites\\\/default\\\/files\\\/26-04-27_er_avicultura_1.jpeg\",\"contentUrl\":\"https:\\\/\\\/www.argentina.gob.ar\\\/sites\\\/default\\\/files\\\/26-04-27_er_avicultura_1.jpeg\",\"width\":\"1600\",\"height\":\"1066\"},{\"@type\":\"BreadcrumbList\",\"@id\":\"https:\\\/\\\/informelitoral.com.ar\\\/entre-rios-fue-sede-del-2-seminario-internacional-de-avicultura\\\/#breadcrumb\",\"itemListElement\":[{\"@type\":\"ListItem\",\"position\":1,\"name\":\"Portada\",\"item\":\"https:\\\/\\\/informelitoral.com.ar\\\/\"},{\"@type\":\"ListItem\",\"position\":2,\"name\":\"Entre R\u00edos fue sede del 2\u00b0 Seminario Internacional de Avicultura\"}]},{\"@type\":\"WebSite\",\"@id\":\"https:\\\/\\\/informelitoral.com.ar\\\/#website\",\"url\":\"https:\\\/\\\/informelitoral.com.ar\\\/\",\"name\":\"Informe Litoral\",\"description\":\"&quot;Nos informamos&quot; \",\"publisher\":{\"@id\":\"https:\\\/\\\/informelitoral.com.ar\\\/#organization\"},\"potentialAction\":[{\"@type\":\"SearchAction\",\"target\":{\"@type\":\"EntryPoint\",\"urlTemplate\":\"https:\\\/\\\/informelitoral.com.ar\\\/?s={search_term_string}\"},\"query-input\":{\"@type\":\"PropertyValueSpecification\",\"valueRequired\":true,\"valueName\":\"search_term_string\"}}],\"inLanguage\":\"es\"},{\"@type\":\"Organization\",\"@id\":\"https:\\\/\\\/informelitoral.com.ar\\\/#organization\",\"name\":\"Informe Litoral\",\"url\":\"https:\\\/\\\/informelitoral.com.ar\\\/\",\"logo\":{\"@type\":\"ImageObject\",\"inLanguage\":\"es\",\"@id\":\"https:\\\/\\\/informelitoral.com.ar\\\/#\\\/schema\\\/logo\\\/image\\\/\",\"url\":\"https:\\\/\\\/informelitoral.com.ar\\\/%77%70%2d%63%6f%6e%74%65%6e%74\\\/uploads\\\/2021\\\/01\\\/circulo.png\",\"contentUrl\":\"https:\\\/\\\/informelitoral.com.ar\\\/%77%70%2d%63%6f%6e%74%65%6e%74\\\/uploads\\\/2021\\\/01\\\/circulo.png\",\"width\":723,\"height\":731,\"caption\":\"Informe Litoral\"},\"image\":{\"@id\":\"https:\\\/\\\/informelitoral.com.ar\\\/#\\\/schema\\\/logo\\\/image\\\/\"},\"sameAs\":[\"https:\\\/\\\/www.facebook.com\\\/informelitoral\\\/\",\"https:\\\/\\\/x.com\\\/InformeLitoral\",\"https:\\\/\\\/www.instagram.com\\\/informelitoral\\\/\",\"https:\\\/\\\/www.youtube.com\\\/channel\\\/UCua4Qvz8Icb6MYqhoq9xLXw\"]},{\"@type\":\"Person\",\"@id\":\"https:\\\/\\\/informelitoral.com.ar\\\/#\\\/schema\\\/person\\\/f05f9f461677119578717524b127d6d5\",\"name\":\"Sebastian\",\"image\":{\"@type\":\"ImageObject\",\"inLanguage\":\"es\",\"@id\":\"https:\\\/\\\/secure.gravatar.com\\\/avatar\\\/b71bf7481d447dfb9583c7f2798e7cc64de6efb9067b74633ed8c31059a3bd82?s=96&d=mm&r=g\",\"url\":\"https:\\\/\\\/secure.gravatar.com\\\/avatar\\\/b71bf7481d447dfb9583c7f2798e7cc64de6efb9067b74633ed8c31059a3bd82?s=96&d=mm&r=g\",\"contentUrl\":\"https:\\\/\\\/secure.gravatar.com\\\/avatar\\\/b71bf7481d447dfb9583c7f2798e7cc64de6efb9067b74633ed8c31059a3bd82?s=96&d=mm&r=g\",\"caption\":\"Sebastian\"},\"url\":\"https:\\\/\\\/informelitoral.com.ar\\\/author\\\/sebastian\\\/\"}]}<\/script>","yoast_head_json":{"title":"Entre R\u00edos fue sede del 2\u00b0 Seminario Internacional de Avicultura - Informe Litoral","robots":{"index":"index","follow":"follow","max-snippet":"max-snippet:-1","max-image-preview":"max-image-preview:large","max-video-preview":"max-video-preview:-1"},"canonical":"https:\/\/informelitoral.com.ar\/entre-rios-fue-sede-del-2-seminario-internacional-de-avicultura\/","og_locale":"es_ES","og_type":"article","og_title":"Entre R\u00edos fue sede del 2\u00b0 Seminario Internacional de Avicultura - Informe Litoral","og_description":"Durante el encuentro realizado en Paran\u00e1 y Crespo, el SENASA destac\u00f3 la importancia de la bioseguridad y la vigilancia epidemiol\u00f3gica para proteger la producci\u00f3n nacional.","og_url":"https:\/\/informelitoral.com.ar\/entre-rios-fue-sede-del-2-seminario-internacional-de-avicultura\/","og_site_name":"Informe Litoral","article_publisher":"https:\/\/www.facebook.com\/informelitoral\/","article_published_time":"2026-04-28T12:39:31+00:00","og_image":[{"url":"https:\/\/www.argentina.gob.ar\/sites\/default\/files\/26-04-27_er_avicultura_1.jpeg","type":"","width":"","height":""}],"author":"Sebastian","twitter_card":"summary_large_image","twitter_image":"https:\/\/www.argentina.gob.ar\/sites\/default\/files\/26-04-27_er_avicultura_1.jpeg","twitter_creator":"@InformeLitoral","twitter_site":"@InformeLitoral","twitter_misc":{"Escrito por":"Sebastian","Tiempo de lectura":"1 minuto"},"schema":{"@context":"https:\/\/schema.org","@graph":[{"@type":"Article","@id":"https:\/\/informelitoral.com.ar\/entre-rios-fue-sede-del-2-seminario-internacional-de-avicultura\/#article","isPartOf":{"@id":"https:\/\/informelitoral.com.ar\/entre-rios-fue-sede-del-2-seminario-internacional-de-avicultura\/"},"author":{"name":"Sebastian","@id":"https:\/\/informelitoral.com.ar\/#\/schema\/person\/f05f9f461677119578717524b127d6d5"},"headline":"Entre R\u00edos fue sede del 2\u00b0 Seminario Internacional de Avicultura","datePublished":"2026-04-28T12:39:31+00:00","mainEntityOfPage":{"@id":"https:\/\/informelitoral.com.ar\/entre-rios-fue-sede-del-2-seminario-internacional-de-avicultura\/"},"wordCount":193,"commentCount":0,"publisher":{"@id":"https:\/\/informelitoral.com.ar\/#organization"},"image":{"@id":"https:\/\/informelitoral.com.ar\/entre-rios-fue-sede-del-2-seminario-internacional-de-avicultura\/#primaryimage"},"thumbnailUrl":"https:\/\/www.argentina.gob.ar\/sites\/default\/files\/26-04-27_er_avicultura_1.jpeg","keywords":["2\u00b0 Seminario Internacional de Avicultura","Crespo","Paran\u00e1","Senasa"],"articleSection":["Campo"],"inLanguage":"es","potentialAction":[{"@type":"CommentAction","name":"Comment","target":["https:\/\/informelitoral.com.ar\/entre-rios-fue-sede-del-2-seminario-internacional-de-avicultura\/#respond"]}]},{"@type":"WebPage","@id":"https:\/\/informelitoral.com.ar\/entre-rios-fue-sede-del-2-seminario-internacional-de-avicultura\/","url":"https:\/\/informelitoral.com.ar\/entre-rios-fue-sede-del-2-seminario-internacional-de-avicultura\/","name":"Entre R\u00edos fue sede del 2\u00b0 Seminario Internacional de Avicultura - Informe Litoral","isPartOf":{"@id":"https:\/\/informelitoral.com.ar\/#website"},"primaryImageOfPage":{"@id":"https:\/\/informelitoral.com.ar\/entre-rios-fue-sede-del-2-seminario-internacional-de-avicultura\/#primaryimage"},"image":{"@id":"https:\/\/informelitoral.com.ar\/entre-rios-fue-sede-del-2-seminario-internacional-de-avicultura\/#primaryimage"},"thumbnailUrl":"https:\/\/www.argentina.gob.ar\/sites\/default\/files\/26-04-27_er_avicultura_1.jpeg","datePublished":"2026-04-28T12:39:31+00:00","breadcrumb":{"@id":"https:\/\/informelitoral.com.ar\/entre-rios-fue-sede-del-2-seminario-internacional-de-avicultura\/#breadcrumb"},"inLanguage":"es","potentialAction":[{"@type":"ReadAction","target":["https:\/\/informelitoral.com.ar\/entre-rios-fue-sede-del-2-seminario-internacional-de-avicultura\/"]}]},{"@type":"ImageObject","inLanguage":"es","@id":"https:\/\/informelitoral.com.ar\/entre-rios-fue-sede-del-2-seminario-internacional-de-avicultura\/#primaryimage","url":"https:\/\/www.argentina.gob.ar\/sites\/default\/files\/26-04-27_er_avicultura_1.jpeg","contentUrl":"https:\/\/www.argentina.gob.ar\/sites\/default\/files\/26-04-27_er_avicultura_1.jpeg","width":"1600","height":"1066"},{"@type":"BreadcrumbList","@id":"https:\/\/informelitoral.com.ar\/entre-rios-fue-sede-del-2-seminario-internacional-de-avicultura\/#breadcrumb","itemListElement":[{"@type":"ListItem","position":1,"name":"Portada","item":"https:\/\/informelitoral.com.ar\/"},{"@type":"ListItem","position":2,"name":"Entre R\u00edos fue sede del 2\u00b0 Seminario Internacional de Avicultura"}]},{"@type":"WebSite","@id":"https:\/\/informelitoral.com.ar\/#website","url":"https:\/\/informelitoral.com.ar\/","name":"Informe Litoral","description":"&quot;Nos informamos&quot; ","publisher":{"@id":"https:\/\/informelitoral.com.ar\/#organization"},"potentialAction":[{"@type":"SearchAction","target":{"@type":"EntryPoint","urlTemplate":"https:\/\/informelitoral.com.ar\/?s={search_term_string}"},"query-input":{"@type":"PropertyValueSpecification","valueRequired":true,"valueName":"search_term_string"}}],"inLanguage":"es"},{"@type":"Organization","@id":"https:\/\/informelitoral.com.ar\/#organization","name":"Informe Litoral","url":"https:\/\/informelitoral.com.ar\/","logo":{"@type":"ImageObject","inLanguage":"es","@id":"https:\/\/informelitoral.com.ar\/#\/schema\/logo\/image\/","url":"https:\/\/informelitoral.com.ar\/%77%70%2d%63%6f%6e%74%65%6e%74\/uploads\/2021\/01\/circulo.png","contentUrl":"https:\/\/informelitoral.com.ar\/%77%70%2d%63%6f%6e%74%65%6e%74\/uploads\/2021\/01\/circulo.png","width":723,"height":731,"caption":"Informe Litoral"},"image":{"@id":"https:\/\/informelitoral.com.ar\/#\/schema\/logo\/image\/"},"sameAs":["https:\/\/www.facebook.com\/informelitoral\/","https:\/\/x.com\/InformeLitoral","https:\/\/www.instagram.com\/informelitoral\/","https:\/\/www.youtube.com\/channel\/UCua4Qvz8Icb6MYqhoq9xLXw"]},{"@type":"Person","@id":"https:\/\/informelitoral.com.ar\/#\/schema\/person\/f05f9f461677119578717524b127d6d5","name":"Sebastian","image":{"@type":"ImageObject","inLanguage":"es","@id":"https:\/\/secure.gravatar.com\/avatar\/b71bf7481d447dfb9583c7f2798e7cc64de6efb9067b74633ed8c31059a3bd82?s=96&d=mm&r=g","url":"https:\/\/secure.gravatar.com\/avatar\/b71bf7481d447dfb9583c7f2798e7cc64de6efb9067b74633ed8c31059a3bd82?s=96&d=mm&r=g","contentUrl":"https:\/\/secure.gravatar.com\/avatar\/b71bf7481d447dfb9583c7f2798e7cc64de6efb9067b74633ed8c31059a3bd82?s=96&d=mm&r=g","caption":"Sebastian"},"url":"https:\/\/informelitoral.com.ar\/author\/sebastian\/"}]}},"fifu_image_url":"https:\/\/www.argentina.gob.ar\/sites\/default\/files\/26-04-27_er_avicultura_1.jpeg","_links":{"self":[{"href":"https:\/\/informelitoral.com.ar\/%77%70%2d%6a%73%6f%6e\/wp\/v2\/posts\/258777","targetHints":{"allow":["GET"]}}],"collection":[{"href":"https:\/\/informelitoral.com.ar\/%77%70%2d%6a%73%6f%6e\/wp\/v2\/posts"}],"about":[{"href":"https:\/\/informelitoral.com.ar\/%77%70%2d%6a%73%6f%6e\/wp\/v2\/types\/post"}],"author":[{"embeddable":true,"href":"https:\/\/informelitoral.com.ar\/%77%70%2d%6a%73%6f%6e\/wp\/v2\/users\/8"}],"replies":[{"embeddable":true,"href":"https:\/\/informelitoral.com.ar\/%77%70%2d%6a%73%6f%6e\/wp\/v2\/comments?post=258777"}],"version-history":[{"count":1,"href":"https:\/\/informelitoral.com.ar\/%77%70%2d%6a%73%6f%6e\/wp\/v2\/posts\/258777\/revisions"}],"predecessor-version":[{"id":258779,"href":"https:\/\/informelitoral.com.ar\/%77%70%2d%6a%73%6f%6e\/wp\/v2\/posts\/258777\/revisions\/258779"}],"wp:featuredmedia":[{"embeddable":true,"href":"https:\/\/informelitoral.com.ar\/%77%70%2d%6a%73%6f%6e\/wp\/v2\/media\/258778"}],"wp:attachment":[{"href":"https:\/\/informelitoral.com.ar\/%77%70%2d%6a%73%6f%6e\/wp\/v2\/media?parent=258777"}],"wp:term":[{"taxonomy":"category","embeddable":true,"href":"https:\/\/informelitoral.com.ar\/%77%70%2d%6a%73%6f%6e\/wp\/v2\/categories?post=258777"},{"taxonomy":"post_tag","embeddable":true,"href":"https:\/\/informelitoral.com.ar\/%77%70%2d%6a%73%6f%6e\/wp\/v2\/tags?post=258777"}],"curies":[{"name":"wp","href":"https:\/\/api.w.org\/{rel}","templated":true}]}}