{"id":258735,"date":"2026-04-28T08:56:20","date_gmt":"2026-04-28T11:56:20","guid":{"rendered":"https:\/\/informelitoral.com.ar\/?p=258735"},"modified":"2026-04-28T08:56:20","modified_gmt":"2026-04-28T11:56:20","slug":"se-normalizo-el-servicio-de-agua-en-parana-tras-un-desperfecto-electrico-en-la-toma-nueva","status":"publish","type":"post","link":"https:\/\/informelitoral.com.ar\/se-normalizo-el-servicio-de-agua-en-parana-tras-un-desperfecto-electrico-en-la-toma-nueva\/","title":{"rendered":"Se normaliz\u00f3 el servicio de agua en Paran\u00e1 tras un desperfecto el\u00e9ctrico en la Toma Nueva"},"content":{"rendered":"<p data-path-to-node=\"3\">Un desperfecto el\u00e9ctrico en un transformador de la planta <b data-path-to-node=\"3\" data-index-in-node=\"58\">Toma Nueva<\/b> afect\u00f3 gravemente la captaci\u00f3n de agua cruda en la capital entrerriana durante la tarde del lunes. El inconveniente, detectado cerca de las 18 horas, oblig\u00f3 a reducir el proceso de potabilizaci\u00f3n en la <b data-path-to-node=\"3\" data-index-in-node=\"271\">Planta Echeverr\u00eda<\/b> a casi la mitad de su capacidad habitual, ya que solo pudieron mantenerse operativas dos de las cinco bombas de extracci\u00f3n. Esta situaci\u00f3n gener\u00f3 de inmediato problemas de <b data-path-to-node=\"3\" data-index-in-node=\"461\">baja presi\u00f3n y falta de suministro<\/b> en diversos sectores de la ciudad conectados a los centros de distribuci\u00f3n Ej\u00e9rcito, Ram\u00edrez, Lola Mora y Parque del Lago.<\/p>\n<h6 data-path-to-node=\"3\"><em><strong>Del archivo:<a href=\"https:\/\/informelitoral.com.ar\/abrieron-las-inscripciones-para-club-tech-ninos-y-adolescentes-podran-aprender-programacion-y-robotica-en-parana\/\" target=\"_blank\" rel=\"noopener\">Se extendi\u00f3 el plazo de inscripci\u00f3n para Club Tech: programaci\u00f3n y rob\u00f3tica para chicos en Paran\u00e1<\/a>\u00a0<\/strong><\/em><\/h6>\n<p data-path-to-node=\"4\">Ante la emergencia, el personal t\u00e9cnico inici\u00f3 tareas de adaptaci\u00f3n y restauraci\u00f3n de los sistemas de gesti\u00f3n para subsanar la falla. Seg\u00fan confirmaron desde la Municipalidad de Paran\u00e1, las maniobras de reparaci\u00f3n permitieron que el servicio comenzara a estabilizarse durante la madrugada. <b data-path-to-node=\"4\" data-index-in-node=\"290\">A partir de la 1 de este martes se normaliz\u00f3 la captaci\u00f3n en la Toma<\/b> y el env\u00edo hacia los centros de distribuci\u00f3n, logrando que para las <b data-path-to-node=\"4\" data-index-in-node=\"427\">4:20 la distribuci\u00f3n de agua fuera completa en toda la ciudad<\/b>. Se espera que, con el correr de la ma\u00f1ana, la presi\u00f3n en las redes domiciliarias termine de estabilizarse en las zonas que fueron m\u00e1s afectadas por la interrupci\u00f3n.<\/p>\n","protected":false},"excerpt":{"rendered":"<p>Luego de una reducci\u00f3n dr\u00e1stica en la captaci\u00f3n durante la tarde del lunes, el sistema de bombeo recuper\u00f3 su operatividad plena en las primeras horas de este martes.<\/p>\n","protected":false},"author":8,"featured_media":258736,"comment_status":"open","ping_status":"open","sticky":false,"template":"","format":"standard","meta":{"fifu_image_url":"https:\/\/www.parana.gob.ar\/writable\/uploads\/922e4bc56ec62037af62f48ea63a93bb.jpg","fifu_image_alt":"","footnotes":""},"categories":[1597],"tags":[497,45,6575],"class_list":{"0":"post-258735","1":"post","2":"type-post","3":"status-publish","4":"format-standard","5":"has-post-thumbnail","7":"category-parana","8":"tag-agua-potable","9":"tag-parana","10":"tag-toma-nueva"},"yoast_head":"<title>Se normaliz\u00f3 el servicio de agua en Paran\u00e1 tras un desperfecto el\u00e9ctrico en la Toma Nueva - Informe Litoral<\/title>\n<meta name=\"robots\" content=\"index, follow, max-snippet:-1, max-image-preview:large, max-video-preview:-1\" \/>\n<link rel=\"canonical\" href=\"https:\/\/informelitoral.com.ar\/se-normalizo-el-servicio-de-agua-en-parana-tras-un-desperfecto-electrico-en-la-toma-nueva\/\" \/>\n<meta property=\"og:locale\" content=\"es_ES\" \/>\n<meta property=\"og:type\" content=\"article\" \/>\n<meta property=\"og:title\" content=\"Se normaliz\u00f3 el servicio de agua en Paran\u00e1 tras un desperfecto el\u00e9ctrico en la Toma Nueva - Informe Litoral\" \/>\n<meta property=\"og:description\" content=\"Luego de una reducci\u00f3n dr\u00e1stica en la captaci\u00f3n durante la tarde del lunes, el sistema de bombeo recuper\u00f3 su operatividad plena en las primeras horas de este martes.\" \/>\n<meta property=\"og:url\" content=\"https:\/\/informelitoral.com.ar\/se-normalizo-el-servicio-de-agua-en-parana-tras-un-desperfecto-electrico-en-la-toma-nueva\/\" \/>\n<meta property=\"og:site_name\" content=\"Informe Litoral\" \/>\n<meta property=\"article:publisher\" content=\"https:\/\/www.facebook.com\/informelitoral\/\" \/>\n<meta property=\"article:published_time\" content=\"2026-04-28T11:56:20+00:00\" \/>\n<meta property=\"og:image\" content=\"https:\/\/www.parana.gob.ar\/writable\/uploads\/922e4bc56ec62037af62f48ea63a93bb.jpg\" \/>\n<meta name=\"author\" content=\"Sebastian\" \/>\n<meta name=\"twitter:card\" content=\"summary_large_image\" \/>\n<meta name=\"twitter:image\" content=\"https:\/\/www.parana.gob.ar\/writable\/uploads\/922e4bc56ec62037af62f48ea63a93bb.jpg\" \/>\n<meta name=\"twitter:creator\" content=\"@InformeLitoral\" \/>\n<meta name=\"twitter:site\" content=\"@InformeLitoral\" \/>\n<meta name=\"twitter:label1\" content=\"Escrito por\" \/>\n\t<meta name=\"twitter:data1\" content=\"Sebastian\" \/>\n\t<meta name=\"twitter:label2\" content=\"Tiempo de lectura\" \/>\n\t<meta name=\"twitter:data2\" content=\"2 minutos\" \/>\n<script type=\"application\/ld+json\" class=\"yoast-schema-graph\">{\"@context\":\"https:\\\/\\\/schema.org\",\"@graph\":[{\"@type\":\"Article\",\"@id\":\"https:\\\/\\\/informelitoral.com.ar\\\/se-normalizo-el-servicio-de-agua-en-parana-tras-un-desperfecto-electrico-en-la-toma-nueva\\\/#article\",\"isPartOf\":{\"@id\":\"https:\\\/\\\/informelitoral.com.ar\\\/se-normalizo-el-servicio-de-agua-en-parana-tras-un-desperfecto-electrico-en-la-toma-nueva\\\/\"},\"author\":{\"name\":\"Sebastian\",\"@id\":\"https:\\\/\\\/informelitoral.com.ar\\\/#\\\/schema\\\/person\\\/f05f9f461677119578717524b127d6d5\"},\"headline\":\"Se normaliz\u00f3 el servicio de agua en Paran\u00e1 tras un desperfecto el\u00e9ctrico en la Toma Nueva\",\"datePublished\":\"2026-04-28T11:56:20+00:00\",\"mainEntityOfPage\":{\"@id\":\"https:\\\/\\\/informelitoral.com.ar\\\/se-normalizo-el-servicio-de-agua-en-parana-tras-un-desperfecto-electrico-en-la-toma-nueva\\\/\"},\"wordCount\":267,\"commentCount\":0,\"publisher\":{\"@id\":\"https:\\\/\\\/informelitoral.com.ar\\\/#organization\"},\"image\":{\"@id\":\"https:\\\/\\\/informelitoral.com.ar\\\/se-normalizo-el-servicio-de-agua-en-parana-tras-un-desperfecto-electrico-en-la-toma-nueva\\\/#primaryimage\"},\"thumbnailUrl\":\"https:\\\/\\\/www.parana.gob.ar\\\/writable\\\/uploads\\\/922e4bc56ec62037af62f48ea63a93bb.jpg\",\"keywords\":[\"Agua potable\",\"Paran\u00e1\",\"Toma Nueva\"],\"articleSection\":[\"Paran\u00e1\"],\"inLanguage\":\"es\",\"potentialAction\":[{\"@type\":\"CommentAction\",\"name\":\"Comment\",\"target\":[\"https:\\\/\\\/informelitoral.com.ar\\\/se-normalizo-el-servicio-de-agua-en-parana-tras-un-desperfecto-electrico-en-la-toma-nueva\\\/#respond\"]}]},{\"@type\":\"WebPage\",\"@id\":\"https:\\\/\\\/informelitoral.com.ar\\\/se-normalizo-el-servicio-de-agua-en-parana-tras-un-desperfecto-electrico-en-la-toma-nueva\\\/\",\"url\":\"https:\\\/\\\/informelitoral.com.ar\\\/se-normalizo-el-servicio-de-agua-en-parana-tras-un-desperfecto-electrico-en-la-toma-nueva\\\/\",\"name\":\"Se normaliz\u00f3 el servicio de agua en Paran\u00e1 tras un desperfecto el\u00e9ctrico en la Toma Nueva - Informe Litoral\",\"isPartOf\":{\"@id\":\"https:\\\/\\\/informelitoral.com.ar\\\/#website\"},\"primaryImageOfPage\":{\"@id\":\"https:\\\/\\\/informelitoral.com.ar\\\/se-normalizo-el-servicio-de-agua-en-parana-tras-un-desperfecto-electrico-en-la-toma-nueva\\\/#primaryimage\"},\"image\":{\"@id\":\"https:\\\/\\\/informelitoral.com.ar\\\/se-normalizo-el-servicio-de-agua-en-parana-tras-un-desperfecto-electrico-en-la-toma-nueva\\\/#primaryimage\"},\"thumbnailUrl\":\"https:\\\/\\\/www.parana.gob.ar\\\/writable\\\/uploads\\\/922e4bc56ec62037af62f48ea63a93bb.jpg\",\"datePublished\":\"2026-04-28T11:56:20+00:00\",\"breadcrumb\":{\"@id\":\"https:\\\/\\\/informelitoral.com.ar\\\/se-normalizo-el-servicio-de-agua-en-parana-tras-un-desperfecto-electrico-en-la-toma-nueva\\\/#breadcrumb\"},\"inLanguage\":\"es\",\"potentialAction\":[{\"@type\":\"ReadAction\",\"target\":[\"https:\\\/\\\/informelitoral.com.ar\\\/se-normalizo-el-servicio-de-agua-en-parana-tras-un-desperfecto-electrico-en-la-toma-nueva\\\/\"]}]},{\"@type\":\"ImageObject\",\"inLanguage\":\"es\",\"@id\":\"https:\\\/\\\/informelitoral.com.ar\\\/se-normalizo-el-servicio-de-agua-en-parana-tras-un-desperfecto-electrico-en-la-toma-nueva\\\/#primaryimage\",\"url\":\"https:\\\/\\\/www.parana.gob.ar\\\/writable\\\/uploads\\\/922e4bc56ec62037af62f48ea63a93bb.jpg\",\"contentUrl\":\"https:\\\/\\\/www.parana.gob.ar\\\/writable\\\/uploads\\\/922e4bc56ec62037af62f48ea63a93bb.jpg\",\"width\":\"1280\",\"height\":\"853\"},{\"@type\":\"BreadcrumbList\",\"@id\":\"https:\\\/\\\/informelitoral.com.ar\\\/se-normalizo-el-servicio-de-agua-en-parana-tras-un-desperfecto-electrico-en-la-toma-nueva\\\/#breadcrumb\",\"itemListElement\":[{\"@type\":\"ListItem\",\"position\":1,\"name\":\"Portada\",\"item\":\"https:\\\/\\\/informelitoral.com.ar\\\/\"},{\"@type\":\"ListItem\",\"position\":2,\"name\":\"Se normaliz\u00f3 el servicio de agua en Paran\u00e1 tras un desperfecto el\u00e9ctrico en la Toma Nueva\"}]},{\"@type\":\"WebSite\",\"@id\":\"https:\\\/\\\/informelitoral.com.ar\\\/#website\",\"url\":\"https:\\\/\\\/informelitoral.com.ar\\\/\",\"name\":\"Informe Litoral\",\"description\":\"&quot;Nos informamos&quot; \",\"publisher\":{\"@id\":\"https:\\\/\\\/informelitoral.com.ar\\\/#organization\"},\"potentialAction\":[{\"@type\":\"SearchAction\",\"target\":{\"@type\":\"EntryPoint\",\"urlTemplate\":\"https:\\\/\\\/informelitoral.com.ar\\\/?s={search_term_string}\"},\"query-input\":{\"@type\":\"PropertyValueSpecification\",\"valueRequired\":true,\"valueName\":\"search_term_string\"}}],\"inLanguage\":\"es\"},{\"@type\":\"Organization\",\"@id\":\"https:\\\/\\\/informelitoral.com.ar\\\/#organization\",\"name\":\"Informe Litoral\",\"url\":\"https:\\\/\\\/informelitoral.com.ar\\\/\",\"logo\":{\"@type\":\"ImageObject\",\"inLanguage\":\"es\",\"@id\":\"https:\\\/\\\/informelitoral.com.ar\\\/#\\\/schema\\\/logo\\\/image\\\/\",\"url\":\"https:\\\/\\\/informelitoral.com.ar\\\/%77%70%2d%63%6f%6e%74%65%6e%74\\\/uploads\\\/2021\\\/01\\\/circulo.png\",\"contentUrl\":\"https:\\\/\\\/informelitoral.com.ar\\\/%77%70%2d%63%6f%6e%74%65%6e%74\\\/uploads\\\/2021\\\/01\\\/circulo.png\",\"width\":723,\"height\":731,\"caption\":\"Informe Litoral\"},\"image\":{\"@id\":\"https:\\\/\\\/informelitoral.com.ar\\\/#\\\/schema\\\/logo\\\/image\\\/\"},\"sameAs\":[\"https:\\\/\\\/www.facebook.com\\\/informelitoral\\\/\",\"https:\\\/\\\/x.com\\\/InformeLitoral\",\"https:\\\/\\\/www.instagram.com\\\/informelitoral\\\/\",\"https:\\\/\\\/www.youtube.com\\\/channel\\\/UCua4Qvz8Icb6MYqhoq9xLXw\"]},{\"@type\":\"Person\",\"@id\":\"https:\\\/\\\/informelitoral.com.ar\\\/#\\\/schema\\\/person\\\/f05f9f461677119578717524b127d6d5\",\"name\":\"Sebastian\",\"image\":{\"@type\":\"ImageObject\",\"inLanguage\":\"es\",\"@id\":\"https:\\\/\\\/secure.gravatar.com\\\/avatar\\\/b71bf7481d447dfb9583c7f2798e7cc64de6efb9067b74633ed8c31059a3bd82?s=96&d=mm&r=g\",\"url\":\"https:\\\/\\\/secure.gravatar.com\\\/avatar\\\/b71bf7481d447dfb9583c7f2798e7cc64de6efb9067b74633ed8c31059a3bd82?s=96&d=mm&r=g\",\"contentUrl\":\"https:\\\/\\\/secure.gravatar.com\\\/avatar\\\/b71bf7481d447dfb9583c7f2798e7cc64de6efb9067b74633ed8c31059a3bd82?s=96&d=mm&r=g\",\"caption\":\"Sebastian\"},\"url\":\"https:\\\/\\\/informelitoral.com.ar\\\/author\\\/sebastian\\\/\"}]}<\/script>","yoast_head_json":{"title":"Se normaliz\u00f3 el servicio de agua en Paran\u00e1 tras un desperfecto el\u00e9ctrico en la Toma Nueva - Informe Litoral","robots":{"index":"index","follow":"follow","max-snippet":"max-snippet:-1","max-image-preview":"max-image-preview:large","max-video-preview":"max-video-preview:-1"},"canonical":"https:\/\/informelitoral.com.ar\/se-normalizo-el-servicio-de-agua-en-parana-tras-un-desperfecto-electrico-en-la-toma-nueva\/","og_locale":"es_ES","og_type":"article","og_title":"Se normaliz\u00f3 el servicio de agua en Paran\u00e1 tras un desperfecto el\u00e9ctrico en la Toma Nueva - Informe Litoral","og_description":"Luego de una reducci\u00f3n dr\u00e1stica en la captaci\u00f3n durante la tarde del lunes, el sistema de bombeo recuper\u00f3 su operatividad plena en las primeras horas de este martes.","og_url":"https:\/\/informelitoral.com.ar\/se-normalizo-el-servicio-de-agua-en-parana-tras-un-desperfecto-electrico-en-la-toma-nueva\/","og_site_name":"Informe Litoral","article_publisher":"https:\/\/www.facebook.com\/informelitoral\/","article_published_time":"2026-04-28T11:56:20+00:00","og_image":[{"url":"https:\/\/www.parana.gob.ar\/writable\/uploads\/922e4bc56ec62037af62f48ea63a93bb.jpg","type":"","width":"","height":""}],"author":"Sebastian","twitter_card":"summary_large_image","twitter_image":"https:\/\/www.parana.gob.ar\/writable\/uploads\/922e4bc56ec62037af62f48ea63a93bb.jpg","twitter_creator":"@InformeLitoral","twitter_site":"@InformeLitoral","twitter_misc":{"Escrito por":"Sebastian","Tiempo de lectura":"2 minutos"},"schema":{"@context":"https:\/\/schema.org","@graph":[{"@type":"Article","@id":"https:\/\/informelitoral.com.ar\/se-normalizo-el-servicio-de-agua-en-parana-tras-un-desperfecto-electrico-en-la-toma-nueva\/#article","isPartOf":{"@id":"https:\/\/informelitoral.com.ar\/se-normalizo-el-servicio-de-agua-en-parana-tras-un-desperfecto-electrico-en-la-toma-nueva\/"},"author":{"name":"Sebastian","@id":"https:\/\/informelitoral.com.ar\/#\/schema\/person\/f05f9f461677119578717524b127d6d5"},"headline":"Se normaliz\u00f3 el servicio de agua en Paran\u00e1 tras un desperfecto el\u00e9ctrico en la Toma Nueva","datePublished":"2026-04-28T11:56:20+00:00","mainEntityOfPage":{"@id":"https:\/\/informelitoral.com.ar\/se-normalizo-el-servicio-de-agua-en-parana-tras-un-desperfecto-electrico-en-la-toma-nueva\/"},"wordCount":267,"commentCount":0,"publisher":{"@id":"https:\/\/informelitoral.com.ar\/#organization"},"image":{"@id":"https:\/\/informelitoral.com.ar\/se-normalizo-el-servicio-de-agua-en-parana-tras-un-desperfecto-electrico-en-la-toma-nueva\/#primaryimage"},"thumbnailUrl":"https:\/\/www.parana.gob.ar\/writable\/uploads\/922e4bc56ec62037af62f48ea63a93bb.jpg","keywords":["Agua potable","Paran\u00e1","Toma Nueva"],"articleSection":["Paran\u00e1"],"inLanguage":"es","potentialAction":[{"@type":"CommentAction","name":"Comment","target":["https:\/\/informelitoral.com.ar\/se-normalizo-el-servicio-de-agua-en-parana-tras-un-desperfecto-electrico-en-la-toma-nueva\/#respond"]}]},{"@type":"WebPage","@id":"https:\/\/informelitoral.com.ar\/se-normalizo-el-servicio-de-agua-en-parana-tras-un-desperfecto-electrico-en-la-toma-nueva\/","url":"https:\/\/informelitoral.com.ar\/se-normalizo-el-servicio-de-agua-en-parana-tras-un-desperfecto-electrico-en-la-toma-nueva\/","name":"Se normaliz\u00f3 el servicio de agua en Paran\u00e1 tras un desperfecto el\u00e9ctrico en la Toma Nueva - Informe Litoral","isPartOf":{"@id":"https:\/\/informelitoral.com.ar\/#website"},"primaryImageOfPage":{"@id":"https:\/\/informelitoral.com.ar\/se-normalizo-el-servicio-de-agua-en-parana-tras-un-desperfecto-electrico-en-la-toma-nueva\/#primaryimage"},"image":{"@id":"https:\/\/informelitoral.com.ar\/se-normalizo-el-servicio-de-agua-en-parana-tras-un-desperfecto-electrico-en-la-toma-nueva\/#primaryimage"},"thumbnailUrl":"https:\/\/www.parana.gob.ar\/writable\/uploads\/922e4bc56ec62037af62f48ea63a93bb.jpg","datePublished":"2026-04-28T11:56:20+00:00","breadcrumb":{"@id":"https:\/\/informelitoral.com.ar\/se-normalizo-el-servicio-de-agua-en-parana-tras-un-desperfecto-electrico-en-la-toma-nueva\/#breadcrumb"},"inLanguage":"es","potentialAction":[{"@type":"ReadAction","target":["https:\/\/informelitoral.com.ar\/se-normalizo-el-servicio-de-agua-en-parana-tras-un-desperfecto-electrico-en-la-toma-nueva\/"]}]},{"@type":"ImageObject","inLanguage":"es","@id":"https:\/\/informelitoral.com.ar\/se-normalizo-el-servicio-de-agua-en-parana-tras-un-desperfecto-electrico-en-la-toma-nueva\/#primaryimage","url":"https:\/\/www.parana.gob.ar\/writable\/uploads\/922e4bc56ec62037af62f48ea63a93bb.jpg","contentUrl":"https:\/\/www.parana.gob.ar\/writable\/uploads\/922e4bc56ec62037af62f48ea63a93bb.jpg","width":"1280","height":"853"},{"@type":"BreadcrumbList","@id":"https:\/\/informelitoral.com.ar\/se-normalizo-el-servicio-de-agua-en-parana-tras-un-desperfecto-electrico-en-la-toma-nueva\/#breadcrumb","itemListElement":[{"@type":"ListItem","position":1,"name":"Portada","item":"https:\/\/informelitoral.com.ar\/"},{"@type":"ListItem","position":2,"name":"Se normaliz\u00f3 el servicio de agua en Paran\u00e1 tras un desperfecto el\u00e9ctrico en la Toma Nueva"}]},{"@type":"WebSite","@id":"https:\/\/informelitoral.com.ar\/#website","url":"https:\/\/informelitoral.com.ar\/","name":"Informe Litoral","description":"&quot;Nos informamos&quot; ","publisher":{"@id":"https:\/\/informelitoral.com.ar\/#organization"},"potentialAction":[{"@type":"SearchAction","target":{"@type":"EntryPoint","urlTemplate":"https:\/\/informelitoral.com.ar\/?s={search_term_string}"},"query-input":{"@type":"PropertyValueSpecification","valueRequired":true,"valueName":"search_term_string"}}],"inLanguage":"es"},{"@type":"Organization","@id":"https:\/\/informelitoral.com.ar\/#organization","name":"Informe Litoral","url":"https:\/\/informelitoral.com.ar\/","logo":{"@type":"ImageObject","inLanguage":"es","@id":"https:\/\/informelitoral.com.ar\/#\/schema\/logo\/image\/","url":"https:\/\/informelitoral.com.ar\/%77%70%2d%63%6f%6e%74%65%6e%74\/uploads\/2021\/01\/circulo.png","contentUrl":"https:\/\/informelitoral.com.ar\/%77%70%2d%63%6f%6e%74%65%6e%74\/uploads\/2021\/01\/circulo.png","width":723,"height":731,"caption":"Informe Litoral"},"image":{"@id":"https:\/\/informelitoral.com.ar\/#\/schema\/logo\/image\/"},"sameAs":["https:\/\/www.facebook.com\/informelitoral\/","https:\/\/x.com\/InformeLitoral","https:\/\/www.instagram.com\/informelitoral\/","https:\/\/www.youtube.com\/channel\/UCua4Qvz8Icb6MYqhoq9xLXw"]},{"@type":"Person","@id":"https:\/\/informelitoral.com.ar\/#\/schema\/person\/f05f9f461677119578717524b127d6d5","name":"Sebastian","image":{"@type":"ImageObject","inLanguage":"es","@id":"https:\/\/secure.gravatar.com\/avatar\/b71bf7481d447dfb9583c7f2798e7cc64de6efb9067b74633ed8c31059a3bd82?s=96&d=mm&r=g","url":"https:\/\/secure.gravatar.com\/avatar\/b71bf7481d447dfb9583c7f2798e7cc64de6efb9067b74633ed8c31059a3bd82?s=96&d=mm&r=g","contentUrl":"https:\/\/secure.gravatar.com\/avatar\/b71bf7481d447dfb9583c7f2798e7cc64de6efb9067b74633ed8c31059a3bd82?s=96&d=mm&r=g","caption":"Sebastian"},"url":"https:\/\/informelitoral.com.ar\/author\/sebastian\/"}]}},"fifu_image_url":"https:\/\/www.parana.gob.ar\/writable\/uploads\/922e4bc56ec62037af62f48ea63a93bb.jpg","_links":{"self":[{"href":"https:\/\/informelitoral.com.ar\/%77%70%2d%6a%73%6f%6e\/wp\/v2\/posts\/258735","targetHints":{"allow":["GET"]}}],"collection":[{"href":"https:\/\/informelitoral.com.ar\/%77%70%2d%6a%73%6f%6e\/wp\/v2\/posts"}],"about":[{"href":"https:\/\/informelitoral.com.ar\/%77%70%2d%6a%73%6f%6e\/wp\/v2\/types\/post"}],"author":[{"embeddable":true,"href":"https:\/\/informelitoral.com.ar\/%77%70%2d%6a%73%6f%6e\/wp\/v2\/users\/8"}],"replies":[{"embeddable":true,"href":"https:\/\/informelitoral.com.ar\/%77%70%2d%6a%73%6f%6e\/wp\/v2\/comments?post=258735"}],"version-history":[{"count":1,"href":"https:\/\/informelitoral.com.ar\/%77%70%2d%6a%73%6f%6e\/wp\/v2\/posts\/258735\/revisions"}],"predecessor-version":[{"id":258737,"href":"https:\/\/informelitoral.com.ar\/%77%70%2d%6a%73%6f%6e\/wp\/v2\/posts\/258735\/revisions\/258737"}],"wp:featuredmedia":[{"embeddable":true,"href":"https:\/\/informelitoral.com.ar\/%77%70%2d%6a%73%6f%6e\/wp\/v2\/media\/258736"}],"wp:attachment":[{"href":"https:\/\/informelitoral.com.ar\/%77%70%2d%6a%73%6f%6e\/wp\/v2\/media?parent=258735"}],"wp:term":[{"taxonomy":"category","embeddable":true,"href":"https:\/\/informelitoral.com.ar\/%77%70%2d%6a%73%6f%6e\/wp\/v2\/categories?post=258735"},{"taxonomy":"post_tag","embeddable":true,"href":"https:\/\/informelitoral.com.ar\/%77%70%2d%6a%73%6f%6e\/wp\/v2\/tags?post=258735"}],"curies":[{"name":"wp","href":"https:\/\/api.w.org\/{rel}","templated":true}]}}