{"id":258720,"date":"2026-04-28T08:40:45","date_gmt":"2026-04-28T11:40:45","guid":{"rendered":"https:\/\/informelitoral.com.ar\/?p=258720"},"modified":"2026-04-28T08:40:45","modified_gmt":"2026-04-28T11:40:45","slug":"llego-el-pasaporte-termal-a-colon-con-descuentos-para-la-temporada-baja","status":"publish","type":"post","link":"https:\/\/informelitoral.com.ar\/llego-el-pasaporte-termal-a-colon-con-descuentos-para-la-temporada-baja\/","title":{"rendered":"Lleg\u00f3 el Pasaporte Termal a Col\u00f3n con descuentos para la temporada baja"},"content":{"rendered":"<p data-path-to-node=\"4\">Durante la jornada de promoci\u00f3n impulsada por el Emturer, se oficializ\u00f3 la cuarta edici\u00f3n del <b data-path-to-node=\"4\" data-index-in-node=\"94\">Pasaporte Termal<\/b>, una herramienta clave que tendr\u00e1 vigencia desde el <b data-path-to-node=\"4\" data-index-in-node=\"163\">4 de mayo hasta el 30 de junio<\/b>. Este sistema permite a los turistas acceder a un <b data-path-to-node=\"4\" data-index-in-node=\"244\">50 por ciento de descuento en el ingreso al segundo y tercer parque visitado<\/b> dentro del circuito que integran Col\u00f3n, San Jos\u00e9 y Villa Elisa. Adem\u00e1s, el programa incorpora un <b data-path-to-node=\"4\" data-index-in-node=\"418\">10 por ciento de ahorro en servicios internos<\/b> y beneficios adicionales para aquellos que inicien su recorrido validad\u00e1ndolo en las oficinas de turismo locales.<\/p>\n<p data-path-to-node=\"4\"><em><strong>Del archivo:\u00a0<a href=\"https:\/\/informelitoral.com.ar\/colon-exitoso-cierre-de-la-5a-feria-binacional-de-la-industria\/\" target=\"_blank\" rel=\"noopener\">Col\u00f3n: exitoso cierre de la 5\u00aa Feria Binacional de la Industria<\/a><\/strong><\/em><\/p>\n<p data-path-to-node=\"5\">Desde el sector destacaron que esta alianza estrat\u00e9gica busca aumentar la permanencia de los visitantes y fortalecer el posicionamiento de la regi\u00f3n como uno de los polos termales m\u00e1s importantes del pa\u00eds. La propuesta se complementa con una agenda de eventos que incluye el <b data-path-to-node=\"5\" data-index-in-node=\"275\">II Foro de Termalismo y Enoturismo<\/b> y el encuentro solidario <b data-path-to-node=\"5\" data-index-in-node=\"335\">Distinguished Gentleman&#8217;s Ride<\/b>, consolidando una oferta diversa para los diferentes perfiles de p\u00fablico que eligen Entre R\u00edos durante la temporada baja.<\/p>\n","protected":false},"excerpt":{"rendered":"<p>La Microrregi\u00f3n Tierra de Palmares present\u00f3 en la capital provincial su estrategia tur\u00edstica para los meses de mayo y junio, centrada en incentivar el turismo de bienestar a trav\u00e9s de beneficios econ\u00f3micos en los complejos de la zona.<\/p>\n","protected":false},"author":8,"featured_media":258721,"comment_status":"open","ping_status":"open","sticky":false,"template":"","format":"standard","meta":{"fifu_image_url":"","fifu_image_alt":"","footnotes":""},"categories":[6],"tags":[1341,856,6574],"class_list":{"0":"post-258720","1":"post","2":"type-post","3":"status-publish","4":"format-standard","5":"has-post-thumbnail","7":"category-entre-rios","8":"tag-colon","9":"tag-descuentos","10":"tag-pasaporte-termal"},"yoast_head":"<title>Lleg\u00f3 el Pasaporte Termal a Col\u00f3n con descuentos para la temporada baja - Informe Litoral<\/title>\n<meta name=\"robots\" content=\"index, follow, max-snippet:-1, max-image-preview:large, max-video-preview:-1\" \/>\n<link rel=\"canonical\" href=\"https:\/\/informelitoral.com.ar\/llego-el-pasaporte-termal-a-colon-con-descuentos-para-la-temporada-baja\/\" \/>\n<meta property=\"og:locale\" content=\"es_ES\" \/>\n<meta property=\"og:type\" content=\"article\" \/>\n<meta property=\"og:title\" content=\"Lleg\u00f3 el Pasaporte Termal a Col\u00f3n con descuentos para la temporada baja - Informe Litoral\" \/>\n<meta property=\"og:description\" content=\"La Microrregi\u00f3n Tierra de Palmares present\u00f3 en la capital provincial su estrategia tur\u00edstica para los meses de mayo y junio, centrada en incentivar el turismo de bienestar a trav\u00e9s de beneficios econ\u00f3micos en los complejos de la zona.\" \/>\n<meta property=\"og:url\" content=\"https:\/\/informelitoral.com.ar\/llego-el-pasaporte-termal-a-colon-con-descuentos-para-la-temporada-baja\/\" \/>\n<meta property=\"og:site_name\" content=\"Informe Litoral\" \/>\n<meta property=\"article:publisher\" content=\"https:\/\/www.facebook.com\/informelitoral\/\" \/>\n<meta property=\"article:published_time\" content=\"2026-04-28T11:40:45+00:00\" \/>\n<meta property=\"og:image\" content=\"https:\/\/drive.google.com\/thumbnail?id=1yMjJMxMOjacoO3a_3qNiONA7YJsSwHyc&sz=w2048\" \/>\n\t<meta property=\"og:image:width\" content=\"1600\" \/>\n\t<meta property=\"og:image:height\" content=\"1067\" \/>\n\t<meta property=\"og:image:type\" content=\"image\/jpeg\" \/>\n<meta name=\"author\" content=\"Sebastian\" \/>\n<meta name=\"twitter:card\" content=\"summary_large_image\" \/>\n<meta name=\"twitter:creator\" content=\"@InformeLitoral\" \/>\n<meta name=\"twitter:site\" content=\"@InformeLitoral\" \/>\n<meta name=\"twitter:label1\" content=\"Escrito por\" \/>\n\t<meta name=\"twitter:data1\" content=\"Sebastian\" \/>\n\t<meta name=\"twitter:label2\" content=\"Tiempo de lectura\" \/>\n\t<meta name=\"twitter:data2\" content=\"2 minutos\" \/>\n<script type=\"application\/ld+json\" class=\"yoast-schema-graph\">{\"@context\":\"https:\\\/\\\/schema.org\",\"@graph\":[{\"@type\":\"Article\",\"@id\":\"https:\\\/\\\/informelitoral.com.ar\\\/llego-el-pasaporte-termal-a-colon-con-descuentos-para-la-temporada-baja\\\/#article\",\"isPartOf\":{\"@id\":\"https:\\\/\\\/informelitoral.com.ar\\\/llego-el-pasaporte-termal-a-colon-con-descuentos-para-la-temporada-baja\\\/\"},\"author\":{\"name\":\"Sebastian\",\"@id\":\"https:\\\/\\\/informelitoral.com.ar\\\/#\\\/schema\\\/person\\\/f05f9f461677119578717524b127d6d5\"},\"headline\":\"Lleg\u00f3 el Pasaporte Termal a Col\u00f3n con descuentos para la temporada baja\",\"datePublished\":\"2026-04-28T11:40:45+00:00\",\"mainEntityOfPage\":{\"@id\":\"https:\\\/\\\/informelitoral.com.ar\\\/llego-el-pasaporte-termal-a-colon-con-descuentos-para-la-temporada-baja\\\/\"},\"wordCount\":205,\"commentCount\":0,\"publisher\":{\"@id\":\"https:\\\/\\\/informelitoral.com.ar\\\/#organization\"},\"image\":{\"@id\":\"https:\\\/\\\/informelitoral.com.ar\\\/llego-el-pasaporte-termal-a-colon-con-descuentos-para-la-temporada-baja\\\/#primaryimage\"},\"thumbnailUrl\":\"https:\\\/\\\/drive.google.com\\\/thumbnail?id=1yMjJMxMOjacoO3a_3qNiONA7YJsSwHyc&sz=w2048\",\"keywords\":[\"Col\u00f3n\",\"Descuentos\",\"Pasaporte Termal\"],\"articleSection\":[\"Entre R\u00edos\"],\"inLanguage\":\"es\",\"potentialAction\":[{\"@type\":\"CommentAction\",\"name\":\"Comment\",\"target\":[\"https:\\\/\\\/informelitoral.com.ar\\\/llego-el-pasaporte-termal-a-colon-con-descuentos-para-la-temporada-baja\\\/#respond\"]}]},{\"@type\":\"WebPage\",\"@id\":\"https:\\\/\\\/informelitoral.com.ar\\\/llego-el-pasaporte-termal-a-colon-con-descuentos-para-la-temporada-baja\\\/\",\"url\":\"https:\\\/\\\/informelitoral.com.ar\\\/llego-el-pasaporte-termal-a-colon-con-descuentos-para-la-temporada-baja\\\/\",\"name\":\"Lleg\u00f3 el Pasaporte Termal a Col\u00f3n con descuentos para la temporada baja - Informe Litoral\",\"isPartOf\":{\"@id\":\"https:\\\/\\\/informelitoral.com.ar\\\/#website\"},\"primaryImageOfPage\":{\"@id\":\"https:\\\/\\\/informelitoral.com.ar\\\/llego-el-pasaporte-termal-a-colon-con-descuentos-para-la-temporada-baja\\\/#primaryimage\"},\"image\":{\"@id\":\"https:\\\/\\\/informelitoral.com.ar\\\/llego-el-pasaporte-termal-a-colon-con-descuentos-para-la-temporada-baja\\\/#primaryimage\"},\"thumbnailUrl\":\"https:\\\/\\\/drive.google.com\\\/thumbnail?id=1yMjJMxMOjacoO3a_3qNiONA7YJsSwHyc&sz=w2048\",\"datePublished\":\"2026-04-28T11:40:45+00:00\",\"breadcrumb\":{\"@id\":\"https:\\\/\\\/informelitoral.com.ar\\\/llego-el-pasaporte-termal-a-colon-con-descuentos-para-la-temporada-baja\\\/#breadcrumb\"},\"inLanguage\":\"es\",\"potentialAction\":[{\"@type\":\"ReadAction\",\"target\":[\"https:\\\/\\\/informelitoral.com.ar\\\/llego-el-pasaporte-termal-a-colon-con-descuentos-para-la-temporada-baja\\\/\"]}]},{\"@type\":\"ImageObject\",\"inLanguage\":\"es\",\"@id\":\"https:\\\/\\\/informelitoral.com.ar\\\/llego-el-pasaporte-termal-a-colon-con-descuentos-para-la-temporada-baja\\\/#primaryimage\",\"url\":\"https:\\\/\\\/drive.google.com\\\/thumbnail?id=1yMjJMxMOjacoO3a_3qNiONA7YJsSwHyc&sz=w2048\",\"contentUrl\":\"https:\\\/\\\/drive.google.com\\\/thumbnail?id=1yMjJMxMOjacoO3a_3qNiONA7YJsSwHyc&sz=w2048\",\"width\":1600,\"height\":1067},{\"@type\":\"BreadcrumbList\",\"@id\":\"https:\\\/\\\/informelitoral.com.ar\\\/llego-el-pasaporte-termal-a-colon-con-descuentos-para-la-temporada-baja\\\/#breadcrumb\",\"itemListElement\":[{\"@type\":\"ListItem\",\"position\":1,\"name\":\"Portada\",\"item\":\"https:\\\/\\\/informelitoral.com.ar\\\/\"},{\"@type\":\"ListItem\",\"position\":2,\"name\":\"Lleg\u00f3 el Pasaporte Termal a Col\u00f3n con descuentos para la temporada baja\"}]},{\"@type\":\"WebSite\",\"@id\":\"https:\\\/\\\/informelitoral.com.ar\\\/#website\",\"url\":\"https:\\\/\\\/informelitoral.com.ar\\\/\",\"name\":\"Informe Litoral\",\"description\":\"&quot;Nos informamos&quot; \",\"publisher\":{\"@id\":\"https:\\\/\\\/informelitoral.com.ar\\\/#organization\"},\"potentialAction\":[{\"@type\":\"SearchAction\",\"target\":{\"@type\":\"EntryPoint\",\"urlTemplate\":\"https:\\\/\\\/informelitoral.com.ar\\\/?s={search_term_string}\"},\"query-input\":{\"@type\":\"PropertyValueSpecification\",\"valueRequired\":true,\"valueName\":\"search_term_string\"}}],\"inLanguage\":\"es\"},{\"@type\":\"Organization\",\"@id\":\"https:\\\/\\\/informelitoral.com.ar\\\/#organization\",\"name\":\"Informe Litoral\",\"url\":\"https:\\\/\\\/informelitoral.com.ar\\\/\",\"logo\":{\"@type\":\"ImageObject\",\"inLanguage\":\"es\",\"@id\":\"https:\\\/\\\/informelitoral.com.ar\\\/#\\\/schema\\\/logo\\\/image\\\/\",\"url\":\"https:\\\/\\\/informelitoral.com.ar\\\/%77%70%2d%63%6f%6e%74%65%6e%74\\\/uploads\\\/2021\\\/01\\\/circulo.png\",\"contentUrl\":\"https:\\\/\\\/informelitoral.com.ar\\\/%77%70%2d%63%6f%6e%74%65%6e%74\\\/uploads\\\/2021\\\/01\\\/circulo.png\",\"width\":723,\"height\":731,\"caption\":\"Informe Litoral\"},\"image\":{\"@id\":\"https:\\\/\\\/informelitoral.com.ar\\\/#\\\/schema\\\/logo\\\/image\\\/\"},\"sameAs\":[\"https:\\\/\\\/www.facebook.com\\\/informelitoral\\\/\",\"https:\\\/\\\/x.com\\\/InformeLitoral\",\"https:\\\/\\\/www.instagram.com\\\/informelitoral\\\/\",\"https:\\\/\\\/www.youtube.com\\\/channel\\\/UCua4Qvz8Icb6MYqhoq9xLXw\"]},{\"@type\":\"Person\",\"@id\":\"https:\\\/\\\/informelitoral.com.ar\\\/#\\\/schema\\\/person\\\/f05f9f461677119578717524b127d6d5\",\"name\":\"Sebastian\",\"image\":{\"@type\":\"ImageObject\",\"inLanguage\":\"es\",\"@id\":\"https:\\\/\\\/secure.gravatar.com\\\/avatar\\\/b71bf7481d447dfb9583c7f2798e7cc64de6efb9067b74633ed8c31059a3bd82?s=96&d=mm&r=g\",\"url\":\"https:\\\/\\\/secure.gravatar.com\\\/avatar\\\/b71bf7481d447dfb9583c7f2798e7cc64de6efb9067b74633ed8c31059a3bd82?s=96&d=mm&r=g\",\"contentUrl\":\"https:\\\/\\\/secure.gravatar.com\\\/avatar\\\/b71bf7481d447dfb9583c7f2798e7cc64de6efb9067b74633ed8c31059a3bd82?s=96&d=mm&r=g\",\"caption\":\"Sebastian\"},\"url\":\"https:\\\/\\\/informelitoral.com.ar\\\/author\\\/sebastian\\\/\"}]}<\/script>","yoast_head_json":{"title":"Lleg\u00f3 el Pasaporte Termal a Col\u00f3n con descuentos para la temporada baja - Informe Litoral","robots":{"index":"index","follow":"follow","max-snippet":"max-snippet:-1","max-image-preview":"max-image-preview:large","max-video-preview":"max-video-preview:-1"},"canonical":"https:\/\/informelitoral.com.ar\/llego-el-pasaporte-termal-a-colon-con-descuentos-para-la-temporada-baja\/","og_locale":"es_ES","og_type":"article","og_title":"Lleg\u00f3 el Pasaporte Termal a Col\u00f3n con descuentos para la temporada baja - Informe Litoral","og_description":"La Microrregi\u00f3n Tierra de Palmares present\u00f3 en la capital provincial su estrategia tur\u00edstica para los meses de mayo y junio, centrada en incentivar el turismo de bienestar a trav\u00e9s de beneficios econ\u00f3micos en los complejos de la zona.","og_url":"https:\/\/informelitoral.com.ar\/llego-el-pasaporte-termal-a-colon-con-descuentos-para-la-temporada-baja\/","og_site_name":"Informe Litoral","article_publisher":"https:\/\/www.facebook.com\/informelitoral\/","article_published_time":"2026-04-28T11:40:45+00:00","og_image":[{"width":1600,"height":1067,"url":"https:\/\/drive.google.com\/thumbnail?id=1yMjJMxMOjacoO3a_3qNiONA7YJsSwHyc&sz=w2048","type":"image\/jpeg"}],"author":"Sebastian","twitter_card":"summary_large_image","twitter_creator":"@InformeLitoral","twitter_site":"@InformeLitoral","twitter_misc":{"Escrito por":"Sebastian","Tiempo de lectura":"2 minutos"},"schema":{"@context":"https:\/\/schema.org","@graph":[{"@type":"Article","@id":"https:\/\/informelitoral.com.ar\/llego-el-pasaporte-termal-a-colon-con-descuentos-para-la-temporada-baja\/#article","isPartOf":{"@id":"https:\/\/informelitoral.com.ar\/llego-el-pasaporte-termal-a-colon-con-descuentos-para-la-temporada-baja\/"},"author":{"name":"Sebastian","@id":"https:\/\/informelitoral.com.ar\/#\/schema\/person\/f05f9f461677119578717524b127d6d5"},"headline":"Lleg\u00f3 el Pasaporte Termal a Col\u00f3n con descuentos para la temporada baja","datePublished":"2026-04-28T11:40:45+00:00","mainEntityOfPage":{"@id":"https:\/\/informelitoral.com.ar\/llego-el-pasaporte-termal-a-colon-con-descuentos-para-la-temporada-baja\/"},"wordCount":205,"commentCount":0,"publisher":{"@id":"https:\/\/informelitoral.com.ar\/#organization"},"image":{"@id":"https:\/\/informelitoral.com.ar\/llego-el-pasaporte-termal-a-colon-con-descuentos-para-la-temporada-baja\/#primaryimage"},"thumbnailUrl":"https:\/\/drive.google.com\/thumbnail?id=1yMjJMxMOjacoO3a_3qNiONA7YJsSwHyc&sz=w2048","keywords":["Col\u00f3n","Descuentos","Pasaporte Termal"],"articleSection":["Entre R\u00edos"],"inLanguage":"es","potentialAction":[{"@type":"CommentAction","name":"Comment","target":["https:\/\/informelitoral.com.ar\/llego-el-pasaporte-termal-a-colon-con-descuentos-para-la-temporada-baja\/#respond"]}]},{"@type":"WebPage","@id":"https:\/\/informelitoral.com.ar\/llego-el-pasaporte-termal-a-colon-con-descuentos-para-la-temporada-baja\/","url":"https:\/\/informelitoral.com.ar\/llego-el-pasaporte-termal-a-colon-con-descuentos-para-la-temporada-baja\/","name":"Lleg\u00f3 el Pasaporte Termal a Col\u00f3n con descuentos para la temporada baja - Informe Litoral","isPartOf":{"@id":"https:\/\/informelitoral.com.ar\/#website"},"primaryImageOfPage":{"@id":"https:\/\/informelitoral.com.ar\/llego-el-pasaporte-termal-a-colon-con-descuentos-para-la-temporada-baja\/#primaryimage"},"image":{"@id":"https:\/\/informelitoral.com.ar\/llego-el-pasaporte-termal-a-colon-con-descuentos-para-la-temporada-baja\/#primaryimage"},"thumbnailUrl":"https:\/\/drive.google.com\/thumbnail?id=1yMjJMxMOjacoO3a_3qNiONA7YJsSwHyc&sz=w2048","datePublished":"2026-04-28T11:40:45+00:00","breadcrumb":{"@id":"https:\/\/informelitoral.com.ar\/llego-el-pasaporte-termal-a-colon-con-descuentos-para-la-temporada-baja\/#breadcrumb"},"inLanguage":"es","potentialAction":[{"@type":"ReadAction","target":["https:\/\/informelitoral.com.ar\/llego-el-pasaporte-termal-a-colon-con-descuentos-para-la-temporada-baja\/"]}]},{"@type":"ImageObject","inLanguage":"es","@id":"https:\/\/informelitoral.com.ar\/llego-el-pasaporte-termal-a-colon-con-descuentos-para-la-temporada-baja\/#primaryimage","url":"https:\/\/drive.google.com\/thumbnail?id=1yMjJMxMOjacoO3a_3qNiONA7YJsSwHyc&sz=w2048","contentUrl":"https:\/\/drive.google.com\/thumbnail?id=1yMjJMxMOjacoO3a_3qNiONA7YJsSwHyc&sz=w2048","width":1600,"height":1067},{"@type":"BreadcrumbList","@id":"https:\/\/informelitoral.com.ar\/llego-el-pasaporte-termal-a-colon-con-descuentos-para-la-temporada-baja\/#breadcrumb","itemListElement":[{"@type":"ListItem","position":1,"name":"Portada","item":"https:\/\/informelitoral.com.ar\/"},{"@type":"ListItem","position":2,"name":"Lleg\u00f3 el Pasaporte Termal a Col\u00f3n con descuentos para la temporada baja"}]},{"@type":"WebSite","@id":"https:\/\/informelitoral.com.ar\/#website","url":"https:\/\/informelitoral.com.ar\/","name":"Informe Litoral","description":"&quot;Nos informamos&quot; ","publisher":{"@id":"https:\/\/informelitoral.com.ar\/#organization"},"potentialAction":[{"@type":"SearchAction","target":{"@type":"EntryPoint","urlTemplate":"https:\/\/informelitoral.com.ar\/?s={search_term_string}"},"query-input":{"@type":"PropertyValueSpecification","valueRequired":true,"valueName":"search_term_string"}}],"inLanguage":"es"},{"@type":"Organization","@id":"https:\/\/informelitoral.com.ar\/#organization","name":"Informe Litoral","url":"https:\/\/informelitoral.com.ar\/","logo":{"@type":"ImageObject","inLanguage":"es","@id":"https:\/\/informelitoral.com.ar\/#\/schema\/logo\/image\/","url":"https:\/\/informelitoral.com.ar\/%77%70%2d%63%6f%6e%74%65%6e%74\/uploads\/2021\/01\/circulo.png","contentUrl":"https:\/\/informelitoral.com.ar\/%77%70%2d%63%6f%6e%74%65%6e%74\/uploads\/2021\/01\/circulo.png","width":723,"height":731,"caption":"Informe Litoral"},"image":{"@id":"https:\/\/informelitoral.com.ar\/#\/schema\/logo\/image\/"},"sameAs":["https:\/\/www.facebook.com\/informelitoral\/","https:\/\/x.com\/InformeLitoral","https:\/\/www.instagram.com\/informelitoral\/","https:\/\/www.youtube.com\/channel\/UCua4Qvz8Icb6MYqhoq9xLXw"]},{"@type":"Person","@id":"https:\/\/informelitoral.com.ar\/#\/schema\/person\/f05f9f461677119578717524b127d6d5","name":"Sebastian","image":{"@type":"ImageObject","inLanguage":"es","@id":"https:\/\/secure.gravatar.com\/avatar\/b71bf7481d447dfb9583c7f2798e7cc64de6efb9067b74633ed8c31059a3bd82?s=96&d=mm&r=g","url":"https:\/\/secure.gravatar.com\/avatar\/b71bf7481d447dfb9583c7f2798e7cc64de6efb9067b74633ed8c31059a3bd82?s=96&d=mm&r=g","contentUrl":"https:\/\/secure.gravatar.com\/avatar\/b71bf7481d447dfb9583c7f2798e7cc64de6efb9067b74633ed8c31059a3bd82?s=96&d=mm&r=g","caption":"Sebastian"},"url":"https:\/\/informelitoral.com.ar\/author\/sebastian\/"}]}},"_links":{"self":[{"href":"https:\/\/informelitoral.com.ar\/%77%70%2d%6a%73%6f%6e\/wp\/v2\/posts\/258720","targetHints":{"allow":["GET"]}}],"collection":[{"href":"https:\/\/informelitoral.com.ar\/%77%70%2d%6a%73%6f%6e\/wp\/v2\/posts"}],"about":[{"href":"https:\/\/informelitoral.com.ar\/%77%70%2d%6a%73%6f%6e\/wp\/v2\/types\/post"}],"author":[{"embeddable":true,"href":"https:\/\/informelitoral.com.ar\/%77%70%2d%6a%73%6f%6e\/wp\/v2\/users\/8"}],"replies":[{"embeddable":true,"href":"https:\/\/informelitoral.com.ar\/%77%70%2d%6a%73%6f%6e\/wp\/v2\/comments?post=258720"}],"version-history":[{"count":1,"href":"https:\/\/informelitoral.com.ar\/%77%70%2d%6a%73%6f%6e\/wp\/v2\/posts\/258720\/revisions"}],"predecessor-version":[{"id":258722,"href":"https:\/\/informelitoral.com.ar\/%77%70%2d%6a%73%6f%6e\/wp\/v2\/posts\/258720\/revisions\/258722"}],"wp:featuredmedia":[{"embeddable":true,"href":"https:\/\/informelitoral.com.ar\/%77%70%2d%6a%73%6f%6e\/wp\/v2\/media\/258721"}],"wp:attachment":[{"href":"https:\/\/informelitoral.com.ar\/%77%70%2d%6a%73%6f%6e\/wp\/v2\/media?parent=258720"}],"wp:term":[{"taxonomy":"category","embeddable":true,"href":"https:\/\/informelitoral.com.ar\/%77%70%2d%6a%73%6f%6e\/wp\/v2\/categories?post=258720"},{"taxonomy":"post_tag","embeddable":true,"href":"https:\/\/informelitoral.com.ar\/%77%70%2d%6a%73%6f%6e\/wp\/v2\/tags?post=258720"}],"curies":[{"name":"wp","href":"https:\/\/api.w.org\/{rel}","templated":true}]}}