{"id":258710,"date":"2026-04-28T08:19:08","date_gmt":"2026-04-28T11:19:08","guid":{"rendered":"https:\/\/informelitoral.com.ar\/?p=258710"},"modified":"2026-04-28T08:19:08","modified_gmt":"2026-04-28T11:19:08","slug":"marcos-pereda-desafia-la-continuidad-de-nicolas-pino-en-la-sociedad-rural-la-alternancia-y-la-renovacion-son-valores-fundamentales","status":"publish","type":"post","link":"https:\/\/informelitoral.com.ar\/marcos-pereda-desafia-la-continuidad-de-nicolas-pino-en-la-sociedad-rural-la-alternancia-y-la-renovacion-son-valores-fundamentales\/","title":{"rendered":"Marcos Pereda desaf\u00eda la continuidad de Nicol\u00e1s Pino en la Sociedad Rural: \u00abLa alternancia y la renovaci\u00f3n son valores fundamentales\u00bb"},"content":{"rendered":"<p data-path-to-node=\"4\"><strong>Marcos Pereda<\/strong>, quien encabeza la lista opositora para las pr\u00f3ximas elecciones de la Sociedad Rural Argentina el 9 de septiembre, fij\u00f3 su postura sobre la actualidad econ\u00f3mica del sector y la interna institucional de la entidad.<\/p>\n<h2 data-path-to-node=\"5\"><strong>Un panorama cr\u00edtico para el trigo<\/strong><\/h2>\n<p data-path-to-node=\"6\">En declaraciones al programa que conduce el director de<em> Informe Litoral<\/em> en<em> Canal 6 ERTV,<\/em> Pereda advirti\u00f3 sobre la dif\u00edcil situaci\u00f3n que enfrentan los productores para la pr\u00f3xima campa\u00f1a de granos finos, se\u00f1alando que los m\u00e1rgenes est\u00e1n \u00abneutros o por debajo\u00bb debido al aumento de los costos log\u00edsticos y de los fertilizantes. En este sentido, fue tajante respecto a la necesidad de se\u00f1ales por parte del Estado: <b data-path-to-node=\"6\" data-index-in-node=\"323\">\u00abLo que tendr\u00eda que suceder es que por lo menos toda la parte que s\u00ed se puede manejar, que son el tema de los impuestos distorsivos, den una se\u00f1al de inmediato\u00bb<\/b>, expres\u00f3 Pereda.<\/p>\n<p data-path-to-node=\"7\">El dirigente destac\u00f3 que las retenciones siguen siendo el principal obst\u00e1culo: <b data-path-to-node=\"7\" data-index-in-node=\"79\">\u00abEs lo principal porque es lo que m\u00e1s impacta&#8230; es como un ingreso bruto sobredimensionado\u00bb<\/b>, sostuvo.\u00a0Seg\u00fan Pereda, sin cambios en las pol\u00edticas impositivas, una ca\u00edda en la siembra de trigo es \u00abinevitable\u00bb.<\/p>\n<h2 data-path-to-node=\"8\"><strong>La interna en la SRA: Cr\u00edticas a la gesti\u00f3n de Nicol\u00e1s Pino<\/strong><\/h2>\n<p data-path-to-node=\"9\">El punto m\u00e1s \u00e1lgido de la charla fue la confirmaci\u00f3n de su candidatura a presidente, motivada por lo que considera un intento del actual presidente, Nicol\u00e1s Pino, de forzar el estatuto para permanecer en el cargo.<\/p>\n<p data-path-to-node=\"10\">Pereda compar\u00f3 la actitud de Pino con vicios de la pol\u00edtica tradicional: <b data-path-to-node=\"10\" data-index-in-node=\"73\">\u00abEsas actitudes son m\u00e1s bien de provincias como la de Gildo Insfr\u00e1n o incluso la de Menem en su momento. Estos vicios de la pol\u00edtica los tenemos que desterrar\u00bb, afirm\u00f3<\/b>. Para el candidato de la lista \u00abRenovaci\u00f3n con Unidad\u00bb, la entidad necesita nuevas ideas: <b data-path-to-node=\"10\" data-index-in-node=\"331\">\u00abLa alternancia y la renovaci\u00f3n son valores fundamentales para una instituci\u00f3n para que fluyan las nuevas ideas\u00bb.<\/b><\/p>\n<h2 data-path-to-node=\"11\"><strong>Relaci\u00f3n con el Gobierno y propuestas<\/strong><\/h2>\n<p data-path-to-node=\"12\">Si bien Pereda afirm\u00f3 que acompa\u00f1an la \u00abtransformaci\u00f3n cultural\u00bb propuesta por el gobierno de Javier Milei, reclam\u00f3 una hoja de ruta clara para la eliminaci\u00f3n de los derechos de exportaci\u00f3n. <b data-path-to-node=\"12\" data-index-in-node=\"191\">\u00abLo que s\u00ed les pedimos es que nos den previsibilidad, que nos digan c\u00f3mo va a ser el camino hacia la baja completa de cero retenciones\u00bb<\/b>, indic\u00f3.<\/p>\n<p data-path-to-node=\"13\">Entre sus propuestas principales, Pereda enfatiz\u00f3 la necesidad de que el agro hable con una sola voz:<\/p>\n<ul data-path-to-node=\"14\">\n<li>\n<p data-path-to-node=\"14,0,0\"><b data-path-to-node=\"14,0,0\" data-index-in-node=\"0\">Unidad del sector:<\/b> Trabajar con la Mesa de Enlace y organismos tecnol\u00f3gicos (INTA, SENASA) para consolidar pol\u00edticas de estado en el Congreso.<\/p>\n<\/li>\n<li>\n<p data-path-to-node=\"14,1,0\"><b data-path-to-node=\"14,1,0\" data-index-in-node=\"0\">Competitividad log\u00edstica:<\/b> Mejorar la infraestructura de caminos rurales y reducir costos portuarios.<\/p>\n<\/li>\n<li>\n<p data-path-to-node=\"14,2,0\"><b data-path-to-node=\"14,2,0\" data-index-in-node=\"0\">Crecimiento:<\/b> Asegur\u00f3 que con las condiciones adecuadas, el pa\u00eds podr\u00eda pasar de las 140 millones de toneladas actuales a 200 millones f\u00e1cilmente.<\/p>\n<\/li>\n<\/ul>\n<p data-path-to-node=\"15\">Las elecciones del 9 de septiembre marcar\u00e1n un punto de inflexi\u00f3n en la Sociedad Rural, en lo que promete ser una contienda marcada por el debate sobre la renovaci\u00f3n institucional y la firmeza ante el poder pol\u00edtico.<\/p>\n<h2 data-path-to-node=\"15\"><strong>Ver la entrevista completa con Marcos Pereda:\u00a0<\/strong><\/h2>\n<div class=\"youtube-embed\" data-video_id=\"eKCmdyhB01s\"><iframe loading=\"lazy\" title=\"Marcos Pereda I Disputa con Nicol\u00e1s Pino por la presidencia de la SRA\" width=\"696\" height=\"392\" src=\"https:\/\/www.youtube.com\/embed\/eKCmdyhB01s?start=4&#038;feature=oembed\" frameborder=\"0\" allow=\"accelerometer; autoplay; clipboard-write; encrypted-media; gyroscope; picture-in-picture; web-share\" referrerpolicy=\"strict-origin-when-cross-origin\" allowfullscreen><\/iframe><\/div>\n<h6><em><strong>Del archivo:\u00a0<a href=\"https:\/\/informelitoral.com.ar\/guillermo-bernaudo-estamos-en-el-peor-de-los-escenarios\/\" target=\"_blank\" rel=\"noopener\">Guillermo Bernaudo: \u00abEstamos en el peor de los escenarios\u00bb<\/a><\/strong><\/em><\/h6>\n<h6><em><strong><a href=\"https:\/\/informelitoral.com.ar\/martin-sieber-hablo-del-desafio-de-sostener-el-estatus-sanitario-frente-a-la-desregulacion\/\" target=\"_blank\" rel=\"noopener\">Mart\u00edn Sieber habl\u00f3 del desaf\u00edo de sostener el estatus sanitario frente a la desregulaci\u00f3n<\/a><\/strong><\/em><\/h6>\n","protected":false},"excerpt":{"rendered":"<p>El actual vicepresidente de la Sociedad Rural Argentina (SRA) y candidato a la presidencia, Marcos Pereda, analiz\u00f3 la compleja situaci\u00f3n del agro de cara a la campa\u00f1a de trigo y lanz\u00f3 duras cr\u00edticas a la intenci\u00f3n de reelecci\u00f3n del actual mandatario, Nicol\u00e1s Pino.<\/p>\n","protected":false},"author":2,"featured_media":258711,"comment_status":"open","ping_status":"open","sticky":false,"template":"","format":"standard","meta":{"fifu_image_url":"","fifu_image_alt":"","footnotes":""},"categories":[10],"tags":[3476,865,3193],"class_list":{"0":"post-258710","1":"post","2":"type-post","3":"status-publish","4":"format-standard","5":"has-post-thumbnail","7":"category-campo","8":"tag-canal-6-ertv","9":"tag-sociedad-rural","10":"tag-sociedad-rural-argentina"},"yoast_head":"<title>Marcos Pereda desaf\u00eda la continuidad de Nicol\u00e1s Pino en la Sociedad Rural: &quot;La alternancia y la renovaci\u00f3n son valores fundamentales&quot; - Informe Litoral<\/title>\n<meta name=\"robots\" content=\"index, follow, max-snippet:-1, max-image-preview:large, max-video-preview:-1\" \/>\n<link rel=\"canonical\" href=\"https:\/\/informelitoral.com.ar\/marcos-pereda-desafia-la-continuidad-de-nicolas-pino-en-la-sociedad-rural-la-alternancia-y-la-renovacion-son-valores-fundamentales\/\" \/>\n<meta property=\"og:locale\" content=\"es_ES\" \/>\n<meta property=\"og:type\" content=\"article\" \/>\n<meta property=\"og:title\" content=\"Marcos Pereda desaf\u00eda la continuidad de Nicol\u00e1s Pino en la Sociedad Rural: &quot;La alternancia y la renovaci\u00f3n son valores fundamentales&quot; - Informe Litoral\" \/>\n<meta property=\"og:description\" content=\"El actual vicepresidente de la Sociedad Rural Argentina (SRA) y candidato a la presidencia, Marcos Pereda, analiz\u00f3 la compleja situaci\u00f3n del agro de cara a la campa\u00f1a de trigo y lanz\u00f3 duras cr\u00edticas a la intenci\u00f3n de reelecci\u00f3n del actual mandatario, Nicol\u00e1s Pino.\" \/>\n<meta property=\"og:url\" content=\"https:\/\/informelitoral.com.ar\/marcos-pereda-desafia-la-continuidad-de-nicolas-pino-en-la-sociedad-rural-la-alternancia-y-la-renovacion-son-valores-fundamentales\/\" \/>\n<meta property=\"og:site_name\" content=\"Informe Litoral\" \/>\n<meta property=\"article:publisher\" content=\"https:\/\/www.facebook.com\/informelitoral\/\" \/>\n<meta property=\"article:published_time\" content=\"2026-04-28T11:19:08+00:00\" \/>\n<meta property=\"og:image\" content=\"https:\/\/drive.google.com\/thumbnail?id=18bc7no18k7Chl3v43Okkpk4YVKEvUPHA&sz=w2048\" \/>\n\t<meta property=\"og:image:width\" content=\"1600\" \/>\n\t<meta property=\"og:image:height\" content=\"907\" \/>\n\t<meta property=\"og:image:type\" content=\"image\/jpeg\" \/>\n<meta name=\"author\" content=\"Gonzalo Schmidt\" \/>\n<meta name=\"twitter:card\" content=\"summary_large_image\" \/>\n<meta name=\"twitter:creator\" content=\"@InformeLitoral\" \/>\n<meta name=\"twitter:site\" content=\"@InformeLitoral\" \/>\n<meta name=\"twitter:label1\" content=\"Escrito por\" \/>\n\t<meta name=\"twitter:data1\" content=\"Gonzalo Schmidt\" \/>\n\t<meta name=\"twitter:label2\" content=\"Tiempo de lectura\" \/>\n\t<meta name=\"twitter:data2\" content=\"3 minutos\" \/>\n<script type=\"application\/ld+json\" class=\"yoast-schema-graph\">{\"@context\":\"https:\\\/\\\/schema.org\",\"@graph\":[{\"@type\":\"Article\",\"@id\":\"https:\\\/\\\/informelitoral.com.ar\\\/marcos-pereda-desafia-la-continuidad-de-nicolas-pino-en-la-sociedad-rural-la-alternancia-y-la-renovacion-son-valores-fundamentales\\\/#article\",\"isPartOf\":{\"@id\":\"https:\\\/\\\/informelitoral.com.ar\\\/marcos-pereda-desafia-la-continuidad-de-nicolas-pino-en-la-sociedad-rural-la-alternancia-y-la-renovacion-son-valores-fundamentales\\\/\"},\"author\":{\"name\":\"Gonzalo Schmidt\",\"@id\":\"https:\\\/\\\/informelitoral.com.ar\\\/#\\\/schema\\\/person\\\/b9d00407c836482871ef1d57bf8e3180\"},\"headline\":\"Marcos Pereda desaf\u00eda la continuidad de Nicol\u00e1s Pino en la Sociedad Rural: \u00abLa alternancia y la renovaci\u00f3n son valores fundamentales\u00bb\",\"datePublished\":\"2026-04-28T11:19:08+00:00\",\"mainEntityOfPage\":{\"@id\":\"https:\\\/\\\/informelitoral.com.ar\\\/marcos-pereda-desafia-la-continuidad-de-nicolas-pino-en-la-sociedad-rural-la-alternancia-y-la-renovacion-son-valores-fundamentales\\\/\"},\"wordCount\":592,\"commentCount\":0,\"publisher\":{\"@id\":\"https:\\\/\\\/informelitoral.com.ar\\\/#organization\"},\"image\":{\"@id\":\"https:\\\/\\\/informelitoral.com.ar\\\/marcos-pereda-desafia-la-continuidad-de-nicolas-pino-en-la-sociedad-rural-la-alternancia-y-la-renovacion-son-valores-fundamentales\\\/#primaryimage\"},\"thumbnailUrl\":\"https:\\\/\\\/drive.google.com\\\/thumbnail?id=18bc7no18k7Chl3v43Okkpk4YVKEvUPHA&sz=w2048\",\"keywords\":[\"Canal 6 ERTV\",\"Sociedad Rural\",\"Sociedad Rural Argentina\"],\"articleSection\":[\"Campo\"],\"inLanguage\":\"es\",\"potentialAction\":[{\"@type\":\"CommentAction\",\"name\":\"Comment\",\"target\":[\"https:\\\/\\\/informelitoral.com.ar\\\/marcos-pereda-desafia-la-continuidad-de-nicolas-pino-en-la-sociedad-rural-la-alternancia-y-la-renovacion-son-valores-fundamentales\\\/#respond\"]}]},{\"@type\":\"WebPage\",\"@id\":\"https:\\\/\\\/informelitoral.com.ar\\\/marcos-pereda-desafia-la-continuidad-de-nicolas-pino-en-la-sociedad-rural-la-alternancia-y-la-renovacion-son-valores-fundamentales\\\/\",\"url\":\"https:\\\/\\\/informelitoral.com.ar\\\/marcos-pereda-desafia-la-continuidad-de-nicolas-pino-en-la-sociedad-rural-la-alternancia-y-la-renovacion-son-valores-fundamentales\\\/\",\"name\":\"Marcos Pereda desaf\u00eda la continuidad de Nicol\u00e1s Pino en la Sociedad Rural: \\\"La alternancia y la renovaci\u00f3n son valores fundamentales\\\" - Informe Litoral\",\"isPartOf\":{\"@id\":\"https:\\\/\\\/informelitoral.com.ar\\\/#website\"},\"primaryImageOfPage\":{\"@id\":\"https:\\\/\\\/informelitoral.com.ar\\\/marcos-pereda-desafia-la-continuidad-de-nicolas-pino-en-la-sociedad-rural-la-alternancia-y-la-renovacion-son-valores-fundamentales\\\/#primaryimage\"},\"image\":{\"@id\":\"https:\\\/\\\/informelitoral.com.ar\\\/marcos-pereda-desafia-la-continuidad-de-nicolas-pino-en-la-sociedad-rural-la-alternancia-y-la-renovacion-son-valores-fundamentales\\\/#primaryimage\"},\"thumbnailUrl\":\"https:\\\/\\\/drive.google.com\\\/thumbnail?id=18bc7no18k7Chl3v43Okkpk4YVKEvUPHA&sz=w2048\",\"datePublished\":\"2026-04-28T11:19:08+00:00\",\"breadcrumb\":{\"@id\":\"https:\\\/\\\/informelitoral.com.ar\\\/marcos-pereda-desafia-la-continuidad-de-nicolas-pino-en-la-sociedad-rural-la-alternancia-y-la-renovacion-son-valores-fundamentales\\\/#breadcrumb\"},\"inLanguage\":\"es\",\"potentialAction\":[{\"@type\":\"ReadAction\",\"target\":[\"https:\\\/\\\/informelitoral.com.ar\\\/marcos-pereda-desafia-la-continuidad-de-nicolas-pino-en-la-sociedad-rural-la-alternancia-y-la-renovacion-son-valores-fundamentales\\\/\"]}]},{\"@type\":\"ImageObject\",\"inLanguage\":\"es\",\"@id\":\"https:\\\/\\\/informelitoral.com.ar\\\/marcos-pereda-desafia-la-continuidad-de-nicolas-pino-en-la-sociedad-rural-la-alternancia-y-la-renovacion-son-valores-fundamentales\\\/#primaryimage\",\"url\":\"https:\\\/\\\/drive.google.com\\\/thumbnail?id=18bc7no18k7Chl3v43Okkpk4YVKEvUPHA&sz=w2048\",\"contentUrl\":\"https:\\\/\\\/drive.google.com\\\/thumbnail?id=18bc7no18k7Chl3v43Okkpk4YVKEvUPHA&sz=w2048\",\"width\":1600,\"height\":907,\"caption\":\"Marcos Pereda habl\u00f3 de la actualidad del agro y la necesidad de renovaci\u00f3n en la SRA.\"},{\"@type\":\"BreadcrumbList\",\"@id\":\"https:\\\/\\\/informelitoral.com.ar\\\/marcos-pereda-desafia-la-continuidad-de-nicolas-pino-en-la-sociedad-rural-la-alternancia-y-la-renovacion-son-valores-fundamentales\\\/#breadcrumb\",\"itemListElement\":[{\"@type\":\"ListItem\",\"position\":1,\"name\":\"Portada\",\"item\":\"https:\\\/\\\/informelitoral.com.ar\\\/\"},{\"@type\":\"ListItem\",\"position\":2,\"name\":\"Marcos Pereda desaf\u00eda la continuidad de Nicol\u00e1s Pino en la Sociedad Rural: \u00abLa alternancia y la renovaci\u00f3n son valores fundamentales\u00bb\"}]},{\"@type\":\"WebSite\",\"@id\":\"https:\\\/\\\/informelitoral.com.ar\\\/#website\",\"url\":\"https:\\\/\\\/informelitoral.com.ar\\\/\",\"name\":\"Informe Litoral\",\"description\":\"&quot;Nos informamos&quot; \",\"publisher\":{\"@id\":\"https:\\\/\\\/informelitoral.com.ar\\\/#organization\"},\"potentialAction\":[{\"@type\":\"SearchAction\",\"target\":{\"@type\":\"EntryPoint\",\"urlTemplate\":\"https:\\\/\\\/informelitoral.com.ar\\\/?s={search_term_string}\"},\"query-input\":{\"@type\":\"PropertyValueSpecification\",\"valueRequired\":true,\"valueName\":\"search_term_string\"}}],\"inLanguage\":\"es\"},{\"@type\":\"Organization\",\"@id\":\"https:\\\/\\\/informelitoral.com.ar\\\/#organization\",\"name\":\"Informe Litoral\",\"url\":\"https:\\\/\\\/informelitoral.com.ar\\\/\",\"logo\":{\"@type\":\"ImageObject\",\"inLanguage\":\"es\",\"@id\":\"https:\\\/\\\/informelitoral.com.ar\\\/#\\\/schema\\\/logo\\\/image\\\/\",\"url\":\"https:\\\/\\\/informelitoral.com.ar\\\/%77%70%2d%63%6f%6e%74%65%6e%74\\\/uploads\\\/2021\\\/01\\\/circulo.png\",\"contentUrl\":\"https:\\\/\\\/informelitoral.com.ar\\\/%77%70%2d%63%6f%6e%74%65%6e%74\\\/uploads\\\/2021\\\/01\\\/circulo.png\",\"width\":723,\"height\":731,\"caption\":\"Informe Litoral\"},\"image\":{\"@id\":\"https:\\\/\\\/informelitoral.com.ar\\\/#\\\/schema\\\/logo\\\/image\\\/\"},\"sameAs\":[\"https:\\\/\\\/www.facebook.com\\\/informelitoral\\\/\",\"https:\\\/\\\/x.com\\\/InformeLitoral\",\"https:\\\/\\\/www.instagram.com\\\/informelitoral\\\/\",\"https:\\\/\\\/www.youtube.com\\\/channel\\\/UCua4Qvz8Icb6MYqhoq9xLXw\"]},{\"@type\":\"Person\",\"@id\":\"https:\\\/\\\/informelitoral.com.ar\\\/#\\\/schema\\\/person\\\/b9d00407c836482871ef1d57bf8e3180\",\"name\":\"Gonzalo Schmidt\",\"image\":{\"@type\":\"ImageObject\",\"inLanguage\":\"es\",\"@id\":\"https:\\\/\\\/secure.gravatar.com\\\/avatar\\\/31a1a7b66ff2de83bd0e9fd79d026630d2d99e55e8bfe501287647b4fd9743de?s=96&d=mm&r=g\",\"url\":\"https:\\\/\\\/secure.gravatar.com\\\/avatar\\\/31a1a7b66ff2de83bd0e9fd79d026630d2d99e55e8bfe501287647b4fd9743de?s=96&d=mm&r=g\",\"contentUrl\":\"https:\\\/\\\/secure.gravatar.com\\\/avatar\\\/31a1a7b66ff2de83bd0e9fd79d026630d2d99e55e8bfe501287647b4fd9743de?s=96&d=mm&r=g\",\"caption\":\"Gonzalo Schmidt\"},\"description\":\"Sitio web de noticias de la provincia de Entre R\u00edos, Argentina. Informaci\u00f3n y entretenimiento. Informe Litoral, nos informamos.\",\"sameAs\":[\"http:\\\/\\\/www.isletasnoticias.com.ar\"],\"url\":\"https:\\\/\\\/informelitoral.com.ar\\\/author\\\/gonzalo\\\/\"}]}<\/script>","yoast_head_json":{"title":"Marcos Pereda desaf\u00eda la continuidad de Nicol\u00e1s Pino en la Sociedad Rural: \"La alternancia y la renovaci\u00f3n son valores fundamentales\" - Informe Litoral","robots":{"index":"index","follow":"follow","max-snippet":"max-snippet:-1","max-image-preview":"max-image-preview:large","max-video-preview":"max-video-preview:-1"},"canonical":"https:\/\/informelitoral.com.ar\/marcos-pereda-desafia-la-continuidad-de-nicolas-pino-en-la-sociedad-rural-la-alternancia-y-la-renovacion-son-valores-fundamentales\/","og_locale":"es_ES","og_type":"article","og_title":"Marcos Pereda desaf\u00eda la continuidad de Nicol\u00e1s Pino en la Sociedad Rural: \"La alternancia y la renovaci\u00f3n son valores fundamentales\" - Informe Litoral","og_description":"El actual vicepresidente de la Sociedad Rural Argentina (SRA) y candidato a la presidencia, Marcos Pereda, analiz\u00f3 la compleja situaci\u00f3n del agro de cara a la campa\u00f1a de trigo y lanz\u00f3 duras cr\u00edticas a la intenci\u00f3n de reelecci\u00f3n del actual mandatario, Nicol\u00e1s Pino.","og_url":"https:\/\/informelitoral.com.ar\/marcos-pereda-desafia-la-continuidad-de-nicolas-pino-en-la-sociedad-rural-la-alternancia-y-la-renovacion-son-valores-fundamentales\/","og_site_name":"Informe Litoral","article_publisher":"https:\/\/www.facebook.com\/informelitoral\/","article_published_time":"2026-04-28T11:19:08+00:00","og_image":[{"width":1600,"height":907,"url":"https:\/\/drive.google.com\/thumbnail?id=18bc7no18k7Chl3v43Okkpk4YVKEvUPHA&sz=w2048","type":"image\/jpeg"}],"author":"Gonzalo Schmidt","twitter_card":"summary_large_image","twitter_creator":"@InformeLitoral","twitter_site":"@InformeLitoral","twitter_misc":{"Escrito por":"Gonzalo Schmidt","Tiempo de lectura":"3 minutos"},"schema":{"@context":"https:\/\/schema.org","@graph":[{"@type":"Article","@id":"https:\/\/informelitoral.com.ar\/marcos-pereda-desafia-la-continuidad-de-nicolas-pino-en-la-sociedad-rural-la-alternancia-y-la-renovacion-son-valores-fundamentales\/#article","isPartOf":{"@id":"https:\/\/informelitoral.com.ar\/marcos-pereda-desafia-la-continuidad-de-nicolas-pino-en-la-sociedad-rural-la-alternancia-y-la-renovacion-son-valores-fundamentales\/"},"author":{"name":"Gonzalo Schmidt","@id":"https:\/\/informelitoral.com.ar\/#\/schema\/person\/b9d00407c836482871ef1d57bf8e3180"},"headline":"Marcos Pereda desaf\u00eda la continuidad de Nicol\u00e1s Pino en la Sociedad Rural: \u00abLa alternancia y la renovaci\u00f3n son valores fundamentales\u00bb","datePublished":"2026-04-28T11:19:08+00:00","mainEntityOfPage":{"@id":"https:\/\/informelitoral.com.ar\/marcos-pereda-desafia-la-continuidad-de-nicolas-pino-en-la-sociedad-rural-la-alternancia-y-la-renovacion-son-valores-fundamentales\/"},"wordCount":592,"commentCount":0,"publisher":{"@id":"https:\/\/informelitoral.com.ar\/#organization"},"image":{"@id":"https:\/\/informelitoral.com.ar\/marcos-pereda-desafia-la-continuidad-de-nicolas-pino-en-la-sociedad-rural-la-alternancia-y-la-renovacion-son-valores-fundamentales\/#primaryimage"},"thumbnailUrl":"https:\/\/drive.google.com\/thumbnail?id=18bc7no18k7Chl3v43Okkpk4YVKEvUPHA&sz=w2048","keywords":["Canal 6 ERTV","Sociedad Rural","Sociedad Rural Argentina"],"articleSection":["Campo"],"inLanguage":"es","potentialAction":[{"@type":"CommentAction","name":"Comment","target":["https:\/\/informelitoral.com.ar\/marcos-pereda-desafia-la-continuidad-de-nicolas-pino-en-la-sociedad-rural-la-alternancia-y-la-renovacion-son-valores-fundamentales\/#respond"]}]},{"@type":"WebPage","@id":"https:\/\/informelitoral.com.ar\/marcos-pereda-desafia-la-continuidad-de-nicolas-pino-en-la-sociedad-rural-la-alternancia-y-la-renovacion-son-valores-fundamentales\/","url":"https:\/\/informelitoral.com.ar\/marcos-pereda-desafia-la-continuidad-de-nicolas-pino-en-la-sociedad-rural-la-alternancia-y-la-renovacion-son-valores-fundamentales\/","name":"Marcos Pereda desaf\u00eda la continuidad de Nicol\u00e1s Pino en la Sociedad Rural: \"La alternancia y la renovaci\u00f3n son valores fundamentales\" - Informe Litoral","isPartOf":{"@id":"https:\/\/informelitoral.com.ar\/#website"},"primaryImageOfPage":{"@id":"https:\/\/informelitoral.com.ar\/marcos-pereda-desafia-la-continuidad-de-nicolas-pino-en-la-sociedad-rural-la-alternancia-y-la-renovacion-son-valores-fundamentales\/#primaryimage"},"image":{"@id":"https:\/\/informelitoral.com.ar\/marcos-pereda-desafia-la-continuidad-de-nicolas-pino-en-la-sociedad-rural-la-alternancia-y-la-renovacion-son-valores-fundamentales\/#primaryimage"},"thumbnailUrl":"https:\/\/drive.google.com\/thumbnail?id=18bc7no18k7Chl3v43Okkpk4YVKEvUPHA&sz=w2048","datePublished":"2026-04-28T11:19:08+00:00","breadcrumb":{"@id":"https:\/\/informelitoral.com.ar\/marcos-pereda-desafia-la-continuidad-de-nicolas-pino-en-la-sociedad-rural-la-alternancia-y-la-renovacion-son-valores-fundamentales\/#breadcrumb"},"inLanguage":"es","potentialAction":[{"@type":"ReadAction","target":["https:\/\/informelitoral.com.ar\/marcos-pereda-desafia-la-continuidad-de-nicolas-pino-en-la-sociedad-rural-la-alternancia-y-la-renovacion-son-valores-fundamentales\/"]}]},{"@type":"ImageObject","inLanguage":"es","@id":"https:\/\/informelitoral.com.ar\/marcos-pereda-desafia-la-continuidad-de-nicolas-pino-en-la-sociedad-rural-la-alternancia-y-la-renovacion-son-valores-fundamentales\/#primaryimage","url":"https:\/\/drive.google.com\/thumbnail?id=18bc7no18k7Chl3v43Okkpk4YVKEvUPHA&sz=w2048","contentUrl":"https:\/\/drive.google.com\/thumbnail?id=18bc7no18k7Chl3v43Okkpk4YVKEvUPHA&sz=w2048","width":1600,"height":907,"caption":"Marcos Pereda habl\u00f3 de la actualidad del agro y la necesidad de renovaci\u00f3n en la SRA."},{"@type":"BreadcrumbList","@id":"https:\/\/informelitoral.com.ar\/marcos-pereda-desafia-la-continuidad-de-nicolas-pino-en-la-sociedad-rural-la-alternancia-y-la-renovacion-son-valores-fundamentales\/#breadcrumb","itemListElement":[{"@type":"ListItem","position":1,"name":"Portada","item":"https:\/\/informelitoral.com.ar\/"},{"@type":"ListItem","position":2,"name":"Marcos Pereda desaf\u00eda la continuidad de Nicol\u00e1s Pino en la Sociedad Rural: \u00abLa alternancia y la renovaci\u00f3n son valores fundamentales\u00bb"}]},{"@type":"WebSite","@id":"https:\/\/informelitoral.com.ar\/#website","url":"https:\/\/informelitoral.com.ar\/","name":"Informe Litoral","description":"&quot;Nos informamos&quot; ","publisher":{"@id":"https:\/\/informelitoral.com.ar\/#organization"},"potentialAction":[{"@type":"SearchAction","target":{"@type":"EntryPoint","urlTemplate":"https:\/\/informelitoral.com.ar\/?s={search_term_string}"},"query-input":{"@type":"PropertyValueSpecification","valueRequired":true,"valueName":"search_term_string"}}],"inLanguage":"es"},{"@type":"Organization","@id":"https:\/\/informelitoral.com.ar\/#organization","name":"Informe Litoral","url":"https:\/\/informelitoral.com.ar\/","logo":{"@type":"ImageObject","inLanguage":"es","@id":"https:\/\/informelitoral.com.ar\/#\/schema\/logo\/image\/","url":"https:\/\/informelitoral.com.ar\/%77%70%2d%63%6f%6e%74%65%6e%74\/uploads\/2021\/01\/circulo.png","contentUrl":"https:\/\/informelitoral.com.ar\/%77%70%2d%63%6f%6e%74%65%6e%74\/uploads\/2021\/01\/circulo.png","width":723,"height":731,"caption":"Informe Litoral"},"image":{"@id":"https:\/\/informelitoral.com.ar\/#\/schema\/logo\/image\/"},"sameAs":["https:\/\/www.facebook.com\/informelitoral\/","https:\/\/x.com\/InformeLitoral","https:\/\/www.instagram.com\/informelitoral\/","https:\/\/www.youtube.com\/channel\/UCua4Qvz8Icb6MYqhoq9xLXw"]},{"@type":"Person","@id":"https:\/\/informelitoral.com.ar\/#\/schema\/person\/b9d00407c836482871ef1d57bf8e3180","name":"Gonzalo Schmidt","image":{"@type":"ImageObject","inLanguage":"es","@id":"https:\/\/secure.gravatar.com\/avatar\/31a1a7b66ff2de83bd0e9fd79d026630d2d99e55e8bfe501287647b4fd9743de?s=96&d=mm&r=g","url":"https:\/\/secure.gravatar.com\/avatar\/31a1a7b66ff2de83bd0e9fd79d026630d2d99e55e8bfe501287647b4fd9743de?s=96&d=mm&r=g","contentUrl":"https:\/\/secure.gravatar.com\/avatar\/31a1a7b66ff2de83bd0e9fd79d026630d2d99e55e8bfe501287647b4fd9743de?s=96&d=mm&r=g","caption":"Gonzalo Schmidt"},"description":"Sitio web de noticias de la provincia de Entre R\u00edos, Argentina. Informaci\u00f3n y entretenimiento. Informe Litoral, nos informamos.","sameAs":["http:\/\/www.isletasnoticias.com.ar"],"url":"https:\/\/informelitoral.com.ar\/author\/gonzalo\/"}]}},"_links":{"self":[{"href":"https:\/\/informelitoral.com.ar\/%77%70%2d%6a%73%6f%6e\/wp\/v2\/posts\/258710","targetHints":{"allow":["GET"]}}],"collection":[{"href":"https:\/\/informelitoral.com.ar\/%77%70%2d%6a%73%6f%6e\/wp\/v2\/posts"}],"about":[{"href":"https:\/\/informelitoral.com.ar\/%77%70%2d%6a%73%6f%6e\/wp\/v2\/types\/post"}],"author":[{"embeddable":true,"href":"https:\/\/informelitoral.com.ar\/%77%70%2d%6a%73%6f%6e\/wp\/v2\/users\/2"}],"replies":[{"embeddable":true,"href":"https:\/\/informelitoral.com.ar\/%77%70%2d%6a%73%6f%6e\/wp\/v2\/comments?post=258710"}],"version-history":[{"count":2,"href":"https:\/\/informelitoral.com.ar\/%77%70%2d%6a%73%6f%6e\/wp\/v2\/posts\/258710\/revisions"}],"predecessor-version":[{"id":258713,"href":"https:\/\/informelitoral.com.ar\/%77%70%2d%6a%73%6f%6e\/wp\/v2\/posts\/258710\/revisions\/258713"}],"wp:featuredmedia":[{"embeddable":true,"href":"https:\/\/informelitoral.com.ar\/%77%70%2d%6a%73%6f%6e\/wp\/v2\/media\/258711"}],"wp:attachment":[{"href":"https:\/\/informelitoral.com.ar\/%77%70%2d%6a%73%6f%6e\/wp\/v2\/media?parent=258710"}],"wp:term":[{"taxonomy":"category","embeddable":true,"href":"https:\/\/informelitoral.com.ar\/%77%70%2d%6a%73%6f%6e\/wp\/v2\/categories?post=258710"},{"taxonomy":"post_tag","embeddable":true,"href":"https:\/\/informelitoral.com.ar\/%77%70%2d%6a%73%6f%6e\/wp\/v2\/tags?post=258710"}],"curies":[{"name":"wp","href":"https:\/\/api.w.org\/{rel}","templated":true}]}}