{"id":258704,"date":"2026-04-27T07:24:25","date_gmt":"2026-04-27T10:24:25","guid":{"rendered":"https:\/\/informelitoral.com.ar\/?p=258704"},"modified":"2026-04-28T07:27:20","modified_gmt":"2026-04-28T10:27:20","slug":"diputados-destaco-el-honoris-causa-que-uader-otorgara-a-ricardo-gil-lavedra","status":"publish","type":"post","link":"https:\/\/informelitoral.com.ar\/diputados-destaco-el-honoris-causa-que-uader-otorgara-a-ricardo-gil-lavedra\/","title":{"rendered":"Diputados destac\u00f3 el Honoris Causa que UADER otorgar\u00e1 a Ricardo Gil Lavedra"},"content":{"rendered":"<p>La Universidad Aut\u00f3noma de Entre R\u00edos (UADER) otorgar\u00e1 este lunes 27, a las 18.30, el t\u00edtulo Doctor Honoris Causa al abogado<strong> Ricardo Gil Lavedra<\/strong>, en un acto que se realizar\u00e1 en el Auditorio \u201cAmanda Mayor\u201d del Rectorado de la instituci\u00f3n acad\u00e9mica, en Paran\u00e1.<\/p>\n<p>La distinci\u00f3n, que ratific\u00f3 el Consejo Superior tras la propuesta de la Facultad de Ciencia y Tecnolog\u00eda (FCyT), reconoce su destacada trayectoria como jurista y su aporte a la construcci\u00f3n de las instituciones p\u00fablicas y al fortalecimiento de la democracia en el pa\u00eds.<\/p>\n<p>El presidente de la C\u00e1mara de Diputados de Entre R\u00edos, Gustavo Hein, participar\u00e1 de la ceremonia que cuenta con la Declaraci\u00f3n de Inter\u00e9s de la C\u00e1mara Baja, una iniciativa promovida por el diputado Silvio Gallay que entre sus fundamentos centrales resalta \u201clos m\u00e9ritos acad\u00e9micos, cient\u00edficos, profesionales y \u00e9ticos del jurista como verdadero part\u00edcipe indispensable de la vida institucional, jur\u00eddica y democr\u00e1tica del pa\u00eds\u201d.<\/p>\n<p>En una entrevista con Radio Diputados, el decano de la unidad acad\u00e9mica, Juan Pablo Filipuzzi, resalt\u00f3 la dimensi\u00f3n hist\u00f3rica que tiene la figura del Gil Lavedra: \u00abEs una de las personalidades m\u00e1s importantes que tiene el derecho en la Argentina y su presencia jerarquiza a nuestra universidad p\u00fablica\u00bb.<\/p>\n<h2><strong>Clase magistral\u00a0<\/strong><\/h2>\n<p>En la misma jornada, Gil Lavedra dictar\u00e1 una conferencia titulada \u00abEl Juicio a las Juntas y la transici\u00f3n democr\u00e1tica\u00bb. Filipuzzi subray\u00f3 que la disertaci\u00f3n permitir\u00e1 reflexionar acerca de un hist\u00f3rico: \u00abGil Lavedra fue protagonista de un proceso judicial que es ejemplo en el mundo y su testimonio resulta fundamental para las nuevas generaciones de profesionales\u00bb, asegur\u00f3.<\/p>\n<p>En la misma jornada, Gil Lavedra dictar\u00e1 una conferencia titulada \u00abEl Juicio a las Juntas y la transici\u00f3n democr\u00e1tica\u00bb. Filipuzzi subray\u00f3 que la disertaci\u00f3n permitir\u00e1 reflexionar acerca de un hist\u00f3rico: \u00abGil Lavedra fue protagonista de un proceso judicial que es ejemplo en el mundo y su testimonio resulta fundamental para las nuevas generaciones de profesionales\u00bb, asegur\u00f3.<\/p>\n<h6><em><strong>Del archivo:\u00a0<a href=\"https:\/\/informelitoral.com.ar\/anses-reprogramo-el-pago-de-las-becas-progresar-conoce-la-nueva-fecha-de-cobro\/\" target=\"_blank\" rel=\"noopener\">ANSES reprogram\u00f3 el pago de las Becas Progresar: conoc\u00e9 la nueva fecha de cobro<\/a><\/strong><\/em><\/h6>\n","protected":false},"excerpt":{"rendered":"<p>El acto de entrega del t\u00edtulo honor\u00edfico que se realizar\u00e1 este lunes 27, contar\u00e1 con la presencia del presidente de la C\u00e1mara Baja, Gustavo Hein. El cuerpo promovi\u00f3 la Declaraci\u00f3n de Inter\u00e9s de la actividad, a trav\u00e9s de una propuesta del legislador Silvio Gallay. El decano de la Facultad de Ciencia y Tecnolog\u00eda, Juan Pablo Filipuzzi, destac\u00f3 la relevancia hist\u00f3rica del jurista.<\/p>\n","protected":false},"author":2,"featured_media":258705,"comment_status":"open","ping_status":"open","sticky":false,"template":"","format":"standard","meta":{"fifu_image_url":"https:\/\/fotos.perfil.com\/2025\/05\/05\/trim\/987\/555\/ricardo-gil-lavedra-2016514.jpg?webp","fifu_image_alt":"","footnotes":""},"categories":[16],"tags":[3627,196,1299],"class_list":{"0":"post-258704","1":"post","2":"type-post","3":"status-publish","4":"format-standard","5":"has-post-thumbnail","7":"category-politi","8":"tag-camara-de-diputados","9":"tag-diputados","10":"tag-uader"},"yoast_head":"<title>Diputados destac\u00f3 el Honoris Causa que UADER otorgar\u00e1 a Ricardo Gil Lavedra - Informe Litoral<\/title>\n<meta name=\"robots\" content=\"index, follow, max-snippet:-1, max-image-preview:large, max-video-preview:-1\" \/>\n<link rel=\"canonical\" href=\"https:\/\/informelitoral.com.ar\/diputados-destaco-el-honoris-causa-que-uader-otorgara-a-ricardo-gil-lavedra\/\" \/>\n<meta property=\"og:locale\" content=\"es_ES\" \/>\n<meta property=\"og:type\" content=\"article\" \/>\n<meta property=\"og:title\" content=\"Diputados destac\u00f3 el Honoris Causa que UADER otorgar\u00e1 a Ricardo Gil Lavedra - Informe Litoral\" \/>\n<meta property=\"og:description\" content=\"El acto de entrega del t\u00edtulo honor\u00edfico que se realizar\u00e1 este lunes 27, contar\u00e1 con la presencia del presidente de la C\u00e1mara Baja, Gustavo Hein. El cuerpo promovi\u00f3 la Declaraci\u00f3n de Inter\u00e9s de la actividad, a trav\u00e9s de una propuesta del legislador Silvio Gallay. El decano de la Facultad de Ciencia y Tecnolog\u00eda, Juan Pablo Filipuzzi, destac\u00f3 la relevancia hist\u00f3rica del jurista.\" \/>\n<meta property=\"og:url\" content=\"https:\/\/informelitoral.com.ar\/diputados-destaco-el-honoris-causa-que-uader-otorgara-a-ricardo-gil-lavedra\/\" \/>\n<meta property=\"og:site_name\" content=\"Informe Litoral\" \/>\n<meta property=\"article:publisher\" content=\"https:\/\/www.facebook.com\/informelitoral\/\" \/>\n<meta property=\"article:published_time\" content=\"2026-04-27T10:24:25+00:00\" \/>\n<meta property=\"article:modified_time\" content=\"2026-04-28T10:27:20+00:00\" \/>\n<meta property=\"og:image\" content=\"https:\/\/fotos.perfil.com\/2025\/05\/05\/trim\/987\/555\/ricardo-gil-lavedra-2016514.jpg?webp\" \/>\n<meta name=\"author\" content=\"Gonzalo Schmidt\" \/>\n<meta name=\"twitter:card\" content=\"summary_large_image\" \/>\n<meta name=\"twitter:image\" content=\"https:\/\/fotos.perfil.com\/2025\/05\/05\/trim\/987\/555\/ricardo-gil-lavedra-2016514.jpg?webp\" \/>\n<meta name=\"twitter:creator\" content=\"@InformeLitoral\" \/>\n<meta name=\"twitter:site\" content=\"@InformeLitoral\" \/>\n<meta name=\"twitter:label1\" content=\"Escrito por\" \/>\n\t<meta name=\"twitter:data1\" content=\"Gonzalo Schmidt\" \/>\n\t<meta name=\"twitter:label2\" content=\"Tiempo de lectura\" \/>\n\t<meta name=\"twitter:data2\" content=\"2 minutos\" \/>\n<script type=\"application\/ld+json\" class=\"yoast-schema-graph\">{\"@context\":\"https:\\\/\\\/schema.org\",\"@graph\":[{\"@type\":\"Article\",\"@id\":\"https:\\\/\\\/informelitoral.com.ar\\\/diputados-destaco-el-honoris-causa-que-uader-otorgara-a-ricardo-gil-lavedra\\\/#article\",\"isPartOf\":{\"@id\":\"https:\\\/\\\/informelitoral.com.ar\\\/diputados-destaco-el-honoris-causa-que-uader-otorgara-a-ricardo-gil-lavedra\\\/\"},\"author\":{\"name\":\"Gonzalo Schmidt\",\"@id\":\"https:\\\/\\\/informelitoral.com.ar\\\/#\\\/schema\\\/person\\\/b9d00407c836482871ef1d57bf8e3180\"},\"headline\":\"Diputados destac\u00f3 el Honoris Causa que UADER otorgar\u00e1 a Ricardo Gil Lavedra\",\"datePublished\":\"2026-04-27T10:24:25+00:00\",\"dateModified\":\"2026-04-28T10:27:20+00:00\",\"mainEntityOfPage\":{\"@id\":\"https:\\\/\\\/informelitoral.com.ar\\\/diputados-destaco-el-honoris-causa-que-uader-otorgara-a-ricardo-gil-lavedra\\\/\"},\"wordCount\":372,\"commentCount\":0,\"publisher\":{\"@id\":\"https:\\\/\\\/informelitoral.com.ar\\\/#organization\"},\"image\":{\"@id\":\"https:\\\/\\\/informelitoral.com.ar\\\/diputados-destaco-el-honoris-causa-que-uader-otorgara-a-ricardo-gil-lavedra\\\/#primaryimage\"},\"thumbnailUrl\":\"https:\\\/\\\/fotos.perfil.com\\\/2025\\\/05\\\/05\\\/trim\\\/987\\\/555\\\/ricardo-gil-lavedra-2016514.jpg?webp\",\"keywords\":[\"C\u00e1mara de Diputados\",\"Diputados\",\"Uader\"],\"articleSection\":[\"Politica\"],\"inLanguage\":\"es\",\"potentialAction\":[{\"@type\":\"CommentAction\",\"name\":\"Comment\",\"target\":[\"https:\\\/\\\/informelitoral.com.ar\\\/diputados-destaco-el-honoris-causa-que-uader-otorgara-a-ricardo-gil-lavedra\\\/#respond\"]}]},{\"@type\":\"WebPage\",\"@id\":\"https:\\\/\\\/informelitoral.com.ar\\\/diputados-destaco-el-honoris-causa-que-uader-otorgara-a-ricardo-gil-lavedra\\\/\",\"url\":\"https:\\\/\\\/informelitoral.com.ar\\\/diputados-destaco-el-honoris-causa-que-uader-otorgara-a-ricardo-gil-lavedra\\\/\",\"name\":\"Diputados destac\u00f3 el Honoris Causa que UADER otorgar\u00e1 a Ricardo Gil Lavedra - Informe Litoral\",\"isPartOf\":{\"@id\":\"https:\\\/\\\/informelitoral.com.ar\\\/#website\"},\"primaryImageOfPage\":{\"@id\":\"https:\\\/\\\/informelitoral.com.ar\\\/diputados-destaco-el-honoris-causa-que-uader-otorgara-a-ricardo-gil-lavedra\\\/#primaryimage\"},\"image\":{\"@id\":\"https:\\\/\\\/informelitoral.com.ar\\\/diputados-destaco-el-honoris-causa-que-uader-otorgara-a-ricardo-gil-lavedra\\\/#primaryimage\"},\"thumbnailUrl\":\"https:\\\/\\\/fotos.perfil.com\\\/2025\\\/05\\\/05\\\/trim\\\/987\\\/555\\\/ricardo-gil-lavedra-2016514.jpg?webp\",\"datePublished\":\"2026-04-27T10:24:25+00:00\",\"dateModified\":\"2026-04-28T10:27:20+00:00\",\"breadcrumb\":{\"@id\":\"https:\\\/\\\/informelitoral.com.ar\\\/diputados-destaco-el-honoris-causa-que-uader-otorgara-a-ricardo-gil-lavedra\\\/#breadcrumb\"},\"inLanguage\":\"es\",\"potentialAction\":[{\"@type\":\"ReadAction\",\"target\":[\"https:\\\/\\\/informelitoral.com.ar\\\/diputados-destaco-el-honoris-causa-que-uader-otorgara-a-ricardo-gil-lavedra\\\/\"]}]},{\"@type\":\"ImageObject\",\"inLanguage\":\"es\",\"@id\":\"https:\\\/\\\/informelitoral.com.ar\\\/diputados-destaco-el-honoris-causa-que-uader-otorgara-a-ricardo-gil-lavedra\\\/#primaryimage\",\"url\":\"https:\\\/\\\/fotos.perfil.com\\\/2025\\\/05\\\/05\\\/trim\\\/987\\\/555\\\/ricardo-gil-lavedra-2016514.jpg?webp\",\"contentUrl\":\"https:\\\/\\\/fotos.perfil.com\\\/2025\\\/05\\\/05\\\/trim\\\/987\\\/555\\\/ricardo-gil-lavedra-2016514.jpg?webp\",\"width\":\"987\",\"height\":\"555\"},{\"@type\":\"BreadcrumbList\",\"@id\":\"https:\\\/\\\/informelitoral.com.ar\\\/diputados-destaco-el-honoris-causa-que-uader-otorgara-a-ricardo-gil-lavedra\\\/#breadcrumb\",\"itemListElement\":[{\"@type\":\"ListItem\",\"position\":1,\"name\":\"Portada\",\"item\":\"https:\\\/\\\/informelitoral.com.ar\\\/\"},{\"@type\":\"ListItem\",\"position\":2,\"name\":\"Diputados destac\u00f3 el Honoris Causa que UADER otorgar\u00e1 a Ricardo Gil Lavedra\"}]},{\"@type\":\"WebSite\",\"@id\":\"https:\\\/\\\/informelitoral.com.ar\\\/#website\",\"url\":\"https:\\\/\\\/informelitoral.com.ar\\\/\",\"name\":\"Informe Litoral\",\"description\":\"&quot;Nos informamos&quot; \",\"publisher\":{\"@id\":\"https:\\\/\\\/informelitoral.com.ar\\\/#organization\"},\"potentialAction\":[{\"@type\":\"SearchAction\",\"target\":{\"@type\":\"EntryPoint\",\"urlTemplate\":\"https:\\\/\\\/informelitoral.com.ar\\\/?s={search_term_string}\"},\"query-input\":{\"@type\":\"PropertyValueSpecification\",\"valueRequired\":true,\"valueName\":\"search_term_string\"}}],\"inLanguage\":\"es\"},{\"@type\":\"Organization\",\"@id\":\"https:\\\/\\\/informelitoral.com.ar\\\/#organization\",\"name\":\"Informe Litoral\",\"url\":\"https:\\\/\\\/informelitoral.com.ar\\\/\",\"logo\":{\"@type\":\"ImageObject\",\"inLanguage\":\"es\",\"@id\":\"https:\\\/\\\/informelitoral.com.ar\\\/#\\\/schema\\\/logo\\\/image\\\/\",\"url\":\"https:\\\/\\\/informelitoral.com.ar\\\/%77%70%2d%63%6f%6e%74%65%6e%74\\\/uploads\\\/2021\\\/01\\\/circulo.png\",\"contentUrl\":\"https:\\\/\\\/informelitoral.com.ar\\\/%77%70%2d%63%6f%6e%74%65%6e%74\\\/uploads\\\/2021\\\/01\\\/circulo.png\",\"width\":723,\"height\":731,\"caption\":\"Informe Litoral\"},\"image\":{\"@id\":\"https:\\\/\\\/informelitoral.com.ar\\\/#\\\/schema\\\/logo\\\/image\\\/\"},\"sameAs\":[\"https:\\\/\\\/www.facebook.com\\\/informelitoral\\\/\",\"https:\\\/\\\/x.com\\\/InformeLitoral\",\"https:\\\/\\\/www.instagram.com\\\/informelitoral\\\/\",\"https:\\\/\\\/www.youtube.com\\\/channel\\\/UCua4Qvz8Icb6MYqhoq9xLXw\"]},{\"@type\":\"Person\",\"@id\":\"https:\\\/\\\/informelitoral.com.ar\\\/#\\\/schema\\\/person\\\/b9d00407c836482871ef1d57bf8e3180\",\"name\":\"Gonzalo Schmidt\",\"image\":{\"@type\":\"ImageObject\",\"inLanguage\":\"es\",\"@id\":\"https:\\\/\\\/secure.gravatar.com\\\/avatar\\\/31a1a7b66ff2de83bd0e9fd79d026630d2d99e55e8bfe501287647b4fd9743de?s=96&d=mm&r=g\",\"url\":\"https:\\\/\\\/secure.gravatar.com\\\/avatar\\\/31a1a7b66ff2de83bd0e9fd79d026630d2d99e55e8bfe501287647b4fd9743de?s=96&d=mm&r=g\",\"contentUrl\":\"https:\\\/\\\/secure.gravatar.com\\\/avatar\\\/31a1a7b66ff2de83bd0e9fd79d026630d2d99e55e8bfe501287647b4fd9743de?s=96&d=mm&r=g\",\"caption\":\"Gonzalo Schmidt\"},\"description\":\"Sitio web de noticias de la provincia de Entre R\u00edos, Argentina. Informaci\u00f3n y entretenimiento. Informe Litoral, nos informamos.\",\"sameAs\":[\"http:\\\/\\\/www.isletasnoticias.com.ar\"],\"url\":\"https:\\\/\\\/informelitoral.com.ar\\\/author\\\/gonzalo\\\/\"}]}<\/script>","yoast_head_json":{"title":"Diputados destac\u00f3 el Honoris Causa que UADER otorgar\u00e1 a Ricardo Gil Lavedra - Informe Litoral","robots":{"index":"index","follow":"follow","max-snippet":"max-snippet:-1","max-image-preview":"max-image-preview:large","max-video-preview":"max-video-preview:-1"},"canonical":"https:\/\/informelitoral.com.ar\/diputados-destaco-el-honoris-causa-que-uader-otorgara-a-ricardo-gil-lavedra\/","og_locale":"es_ES","og_type":"article","og_title":"Diputados destac\u00f3 el Honoris Causa que UADER otorgar\u00e1 a Ricardo Gil Lavedra - Informe Litoral","og_description":"El acto de entrega del t\u00edtulo honor\u00edfico que se realizar\u00e1 este lunes 27, contar\u00e1 con la presencia del presidente de la C\u00e1mara Baja, Gustavo Hein. El cuerpo promovi\u00f3 la Declaraci\u00f3n de Inter\u00e9s de la actividad, a trav\u00e9s de una propuesta del legislador Silvio Gallay. El decano de la Facultad de Ciencia y Tecnolog\u00eda, Juan Pablo Filipuzzi, destac\u00f3 la relevancia hist\u00f3rica del jurista.","og_url":"https:\/\/informelitoral.com.ar\/diputados-destaco-el-honoris-causa-que-uader-otorgara-a-ricardo-gil-lavedra\/","og_site_name":"Informe Litoral","article_publisher":"https:\/\/www.facebook.com\/informelitoral\/","article_published_time":"2026-04-27T10:24:25+00:00","article_modified_time":"2026-04-28T10:27:20+00:00","og_image":[{"url":"https:\/\/fotos.perfil.com\/2025\/05\/05\/trim\/987\/555\/ricardo-gil-lavedra-2016514.jpg?webp","type":"","width":"","height":""}],"author":"Gonzalo Schmidt","twitter_card":"summary_large_image","twitter_image":"https:\/\/fotos.perfil.com\/2025\/05\/05\/trim\/987\/555\/ricardo-gil-lavedra-2016514.jpg?webp","twitter_creator":"@InformeLitoral","twitter_site":"@InformeLitoral","twitter_misc":{"Escrito por":"Gonzalo Schmidt","Tiempo de lectura":"2 minutos"},"schema":{"@context":"https:\/\/schema.org","@graph":[{"@type":"Article","@id":"https:\/\/informelitoral.com.ar\/diputados-destaco-el-honoris-causa-que-uader-otorgara-a-ricardo-gil-lavedra\/#article","isPartOf":{"@id":"https:\/\/informelitoral.com.ar\/diputados-destaco-el-honoris-causa-que-uader-otorgara-a-ricardo-gil-lavedra\/"},"author":{"name":"Gonzalo Schmidt","@id":"https:\/\/informelitoral.com.ar\/#\/schema\/person\/b9d00407c836482871ef1d57bf8e3180"},"headline":"Diputados destac\u00f3 el Honoris Causa que UADER otorgar\u00e1 a Ricardo Gil Lavedra","datePublished":"2026-04-27T10:24:25+00:00","dateModified":"2026-04-28T10:27:20+00:00","mainEntityOfPage":{"@id":"https:\/\/informelitoral.com.ar\/diputados-destaco-el-honoris-causa-que-uader-otorgara-a-ricardo-gil-lavedra\/"},"wordCount":372,"commentCount":0,"publisher":{"@id":"https:\/\/informelitoral.com.ar\/#organization"},"image":{"@id":"https:\/\/informelitoral.com.ar\/diputados-destaco-el-honoris-causa-que-uader-otorgara-a-ricardo-gil-lavedra\/#primaryimage"},"thumbnailUrl":"https:\/\/fotos.perfil.com\/2025\/05\/05\/trim\/987\/555\/ricardo-gil-lavedra-2016514.jpg?webp","keywords":["C\u00e1mara de Diputados","Diputados","Uader"],"articleSection":["Politica"],"inLanguage":"es","potentialAction":[{"@type":"CommentAction","name":"Comment","target":["https:\/\/informelitoral.com.ar\/diputados-destaco-el-honoris-causa-que-uader-otorgara-a-ricardo-gil-lavedra\/#respond"]}]},{"@type":"WebPage","@id":"https:\/\/informelitoral.com.ar\/diputados-destaco-el-honoris-causa-que-uader-otorgara-a-ricardo-gil-lavedra\/","url":"https:\/\/informelitoral.com.ar\/diputados-destaco-el-honoris-causa-que-uader-otorgara-a-ricardo-gil-lavedra\/","name":"Diputados destac\u00f3 el Honoris Causa que UADER otorgar\u00e1 a Ricardo Gil Lavedra - Informe Litoral","isPartOf":{"@id":"https:\/\/informelitoral.com.ar\/#website"},"primaryImageOfPage":{"@id":"https:\/\/informelitoral.com.ar\/diputados-destaco-el-honoris-causa-que-uader-otorgara-a-ricardo-gil-lavedra\/#primaryimage"},"image":{"@id":"https:\/\/informelitoral.com.ar\/diputados-destaco-el-honoris-causa-que-uader-otorgara-a-ricardo-gil-lavedra\/#primaryimage"},"thumbnailUrl":"https:\/\/fotos.perfil.com\/2025\/05\/05\/trim\/987\/555\/ricardo-gil-lavedra-2016514.jpg?webp","datePublished":"2026-04-27T10:24:25+00:00","dateModified":"2026-04-28T10:27:20+00:00","breadcrumb":{"@id":"https:\/\/informelitoral.com.ar\/diputados-destaco-el-honoris-causa-que-uader-otorgara-a-ricardo-gil-lavedra\/#breadcrumb"},"inLanguage":"es","potentialAction":[{"@type":"ReadAction","target":["https:\/\/informelitoral.com.ar\/diputados-destaco-el-honoris-causa-que-uader-otorgara-a-ricardo-gil-lavedra\/"]}]},{"@type":"ImageObject","inLanguage":"es","@id":"https:\/\/informelitoral.com.ar\/diputados-destaco-el-honoris-causa-que-uader-otorgara-a-ricardo-gil-lavedra\/#primaryimage","url":"https:\/\/fotos.perfil.com\/2025\/05\/05\/trim\/987\/555\/ricardo-gil-lavedra-2016514.jpg?webp","contentUrl":"https:\/\/fotos.perfil.com\/2025\/05\/05\/trim\/987\/555\/ricardo-gil-lavedra-2016514.jpg?webp","width":"987","height":"555"},{"@type":"BreadcrumbList","@id":"https:\/\/informelitoral.com.ar\/diputados-destaco-el-honoris-causa-que-uader-otorgara-a-ricardo-gil-lavedra\/#breadcrumb","itemListElement":[{"@type":"ListItem","position":1,"name":"Portada","item":"https:\/\/informelitoral.com.ar\/"},{"@type":"ListItem","position":2,"name":"Diputados destac\u00f3 el Honoris Causa que UADER otorgar\u00e1 a Ricardo Gil Lavedra"}]},{"@type":"WebSite","@id":"https:\/\/informelitoral.com.ar\/#website","url":"https:\/\/informelitoral.com.ar\/","name":"Informe Litoral","description":"&quot;Nos informamos&quot; ","publisher":{"@id":"https:\/\/informelitoral.com.ar\/#organization"},"potentialAction":[{"@type":"SearchAction","target":{"@type":"EntryPoint","urlTemplate":"https:\/\/informelitoral.com.ar\/?s={search_term_string}"},"query-input":{"@type":"PropertyValueSpecification","valueRequired":true,"valueName":"search_term_string"}}],"inLanguage":"es"},{"@type":"Organization","@id":"https:\/\/informelitoral.com.ar\/#organization","name":"Informe Litoral","url":"https:\/\/informelitoral.com.ar\/","logo":{"@type":"ImageObject","inLanguage":"es","@id":"https:\/\/informelitoral.com.ar\/#\/schema\/logo\/image\/","url":"https:\/\/informelitoral.com.ar\/%77%70%2d%63%6f%6e%74%65%6e%74\/uploads\/2021\/01\/circulo.png","contentUrl":"https:\/\/informelitoral.com.ar\/%77%70%2d%63%6f%6e%74%65%6e%74\/uploads\/2021\/01\/circulo.png","width":723,"height":731,"caption":"Informe Litoral"},"image":{"@id":"https:\/\/informelitoral.com.ar\/#\/schema\/logo\/image\/"},"sameAs":["https:\/\/www.facebook.com\/informelitoral\/","https:\/\/x.com\/InformeLitoral","https:\/\/www.instagram.com\/informelitoral\/","https:\/\/www.youtube.com\/channel\/UCua4Qvz8Icb6MYqhoq9xLXw"]},{"@type":"Person","@id":"https:\/\/informelitoral.com.ar\/#\/schema\/person\/b9d00407c836482871ef1d57bf8e3180","name":"Gonzalo Schmidt","image":{"@type":"ImageObject","inLanguage":"es","@id":"https:\/\/secure.gravatar.com\/avatar\/31a1a7b66ff2de83bd0e9fd79d026630d2d99e55e8bfe501287647b4fd9743de?s=96&d=mm&r=g","url":"https:\/\/secure.gravatar.com\/avatar\/31a1a7b66ff2de83bd0e9fd79d026630d2d99e55e8bfe501287647b4fd9743de?s=96&d=mm&r=g","contentUrl":"https:\/\/secure.gravatar.com\/avatar\/31a1a7b66ff2de83bd0e9fd79d026630d2d99e55e8bfe501287647b4fd9743de?s=96&d=mm&r=g","caption":"Gonzalo Schmidt"},"description":"Sitio web de noticias de la provincia de Entre R\u00edos, Argentina. Informaci\u00f3n y entretenimiento. Informe Litoral, nos informamos.","sameAs":["http:\/\/www.isletasnoticias.com.ar"],"url":"https:\/\/informelitoral.com.ar\/author\/gonzalo\/"}]}},"fifu_image_url":"https:\/\/fotos.perfil.com\/2025\/05\/05\/trim\/987\/555\/ricardo-gil-lavedra-2016514.jpg?webp","_links":{"self":[{"href":"https:\/\/informelitoral.com.ar\/%77%70%2d%6a%73%6f%6e\/wp\/v2\/posts\/258704","targetHints":{"allow":["GET"]}}],"collection":[{"href":"https:\/\/informelitoral.com.ar\/%77%70%2d%6a%73%6f%6e\/wp\/v2\/posts"}],"about":[{"href":"https:\/\/informelitoral.com.ar\/%77%70%2d%6a%73%6f%6e\/wp\/v2\/types\/post"}],"author":[{"embeddable":true,"href":"https:\/\/informelitoral.com.ar\/%77%70%2d%6a%73%6f%6e\/wp\/v2\/users\/2"}],"replies":[{"embeddable":true,"href":"https:\/\/informelitoral.com.ar\/%77%70%2d%6a%73%6f%6e\/wp\/v2\/comments?post=258704"}],"version-history":[{"count":1,"href":"https:\/\/informelitoral.com.ar\/%77%70%2d%6a%73%6f%6e\/wp\/v2\/posts\/258704\/revisions"}],"predecessor-version":[{"id":258706,"href":"https:\/\/informelitoral.com.ar\/%77%70%2d%6a%73%6f%6e\/wp\/v2\/posts\/258704\/revisions\/258706"}],"wp:featuredmedia":[{"embeddable":true,"href":"https:\/\/informelitoral.com.ar\/%77%70%2d%6a%73%6f%6e\/wp\/v2\/media\/258705"}],"wp:attachment":[{"href":"https:\/\/informelitoral.com.ar\/%77%70%2d%6a%73%6f%6e\/wp\/v2\/media?parent=258704"}],"wp:term":[{"taxonomy":"category","embeddable":true,"href":"https:\/\/informelitoral.com.ar\/%77%70%2d%6a%73%6f%6e\/wp\/v2\/categories?post=258704"},{"taxonomy":"post_tag","embeddable":true,"href":"https:\/\/informelitoral.com.ar\/%77%70%2d%6a%73%6f%6e\/wp\/v2\/tags?post=258704"}],"curies":[{"name":"wp","href":"https:\/\/api.w.org\/{rel}","templated":true}]}}