{"id":258701,"date":"2026-04-28T07:20:42","date_gmt":"2026-04-28T10:20:42","guid":{"rendered":"https:\/\/informelitoral.com.ar\/?p=258701"},"modified":"2026-04-28T07:20:42","modified_gmt":"2026-04-28T10:20:42","slug":"frigerio-y-parte-del-gabinete-recibieron-a-los-jefes-comunales","status":"publish","type":"post","link":"https:\/\/informelitoral.com.ar\/frigerio-y-parte-del-gabinete-recibieron-a-los-jefes-comunales\/","title":{"rendered":"Frigerio y parte del gabinete recibieron a los jefes comunales"},"content":{"rendered":"<p>\u00abElevar la categor\u00eda de una localidad representa una transformaci\u00f3n institucional profunda y un crecimiento significativo para toda la comunidad\u00bb, afirm\u00f3 Frigerio quien acompa\u00f1ado por el ministro de Gobierno y Trabajo, <strong>Manuel Troncoso<\/strong>, remarc\u00f3 que este proceso inaugura una etapa de mayor exigencia en la gesti\u00f3n local. \u00abContar con m\u00e1s facultades, atribuciones y herramientas conlleva una gran responsabilidad. Esta nueva etapa exige compromiso, madurez y conciencia\u00bb, sostuvo.<\/p>\n<p>La jornada desarrollada en el Sal\u00f3n de los Gobernadores de Casa de Gobierno tuvo un fuerte eje operativo, orientado a traducir el nuevo estatus en capacidad real de gobierno. A partir de la vigencia de la Ley N\u00ba 11.248, las comunas comenzaron a ejercer funciones que antes no ten\u00edan alcance directo, como la administraci\u00f3n de recursos propios, el acceso a la coparticipaci\u00f3n, la regulaci\u00f3n local y la organizaci\u00f3n de servicios p\u00fablicos.<\/p>\n<p>En ese marco, Troncoso destac\u00f3 que la creaci\u00f3n de las nuevas comunas implica \u00abun salto de calidad institucional que brinda a cada comunidad herramientas reales para gestionar su presente y planificar su futuro\u00bb. Se\u00f1al\u00f3 adem\u00e1s que no se trata de un cambio meramente administrativo, sino de una transformaci\u00f3n que otorga capacidad efectiva de decisi\u00f3n sobre el desarrollo local, y subray\u00f3 el trabajo articulado con la Legislatura para cumplir cada etapa legal del proceso.<\/p>\n<p>Por su parte, el secretario de Gobiernos Locales, <strong>Ricardo Vales<\/strong>, valor\u00f3 la participaci\u00f3n de las 22 comunas y destac\u00f3 que el gobernador explic\u00f3 el proceso de federalizaci\u00f3n de los fondos provinciales para garantizar su llegada efectiva a cada territorio. \u00abNo se trata de 22 nuevos jefes comunales, sino de 22 comunidades que han cumplimentado con la Constituci\u00f3n y que hoy pueden elegir a sus representantes y proyectar su desarrollo\u00bb, afirm\u00f3.<\/p>\n<p>Durante la reuni\u00f3n se defini\u00f3 adem\u00e1s una agenda de seguimiento para acompa\u00f1ar la transici\u00f3n, que contempla asistencia t\u00e9cnica y una coordinaci\u00f3n permanente entre la provincia y las comunas.<\/p>\n<div class=\"youtube-embed\" data-video_id=\"-UxW4nFXjzU\"><iframe loading=\"lazy\" title=\"El gobierno provincial fortalece la gesti\u00f3n de las nuevas comunas con una agenda de trabajo conjunta\" width=\"696\" height=\"392\" src=\"https:\/\/www.youtube.com\/embed\/-UxW4nFXjzU?feature=oembed&#038;enablejsapi=1\" frameborder=\"0\" allow=\"accelerometer; autoplay; clipboard-write; encrypted-media; gyroscope; picture-in-picture; web-share\" referrerpolicy=\"strict-origin-when-cross-origin\" allowfullscreen><\/iframe><\/div>\n<p>En representaci\u00f3n de las autoridades locales, el presidente comunal de Yeso Oeste,<strong> Javier Vera,<\/strong> se\u00f1al\u00f3 que el encuentro fue \u00abmuy importante\u00bb porque permiti\u00f3 fortalecer el v\u00ednculo con el gobierno provincial y avanzar en el proceso de transformaci\u00f3n institucional. En la misma l\u00ednea,<strong> Andrea Redroella<\/strong>, de la comuna Lucas Primera, destac\u00f3 la importancia de estos espacios de acompa\u00f1amiento, especialmente para quienes inician su gesti\u00f3n. Finalmente, el presidente comunal de Isletas, departamento Diamante, <strong>Lucas Eichmann<\/strong>, valor\u00f3 el car\u00e1cter articulado de la reuni\u00f3n y el acompa\u00f1amiento del gobierno provincial en esta etapa inicial.<\/p>\n<p>Participaron tambi\u00e9n los presidentes comunales de La Providencia, Lucas Sud 2\u00ba, Mojones Sud\/Paraje Los Algarrobos, Mar\u00eda Grande Segunda, Costa Grande, Crucesitas, Colonia Alemana, Santa Mar\u00eda, Las Margaritas, Laguna Ben\u00edtez, San Miguel, Paso Duarte, Santa Luc\u00eda, Lucas Sud 1\u00ba, Mojones Norte, Estaci\u00f3n Lazo y La Esmeralda. La creaci\u00f3n de estas comunas se traduce en una estructura institucional m\u00e1s cercana, con mayor capacidad de respuesta y un esquema de gesti\u00f3n que ordena el crecimiento de cada comunidad.<\/p>\n<h6><em><strong>Del archivo:\u00a0<a href=\"https:\/\/informelitoral.com.ar\/entre-rios-suman-125-las-empresas-que-presentaron-proyectos-para-sumarse-al-regimen-rini\/\" target=\"_blank\" rel=\"noopener\">Entre R\u00edos: suman 125 las empresas que presentaron proyectos para sumarse al r\u00e9gimen RINI<\/a><\/strong><\/em><\/h6>\n","protected":false},"excerpt":{"rendered":"<p>La provincia avanz\u00f3 en la implementaci\u00f3n efectiva de 22 nuevas comunas en una reuni\u00f3n encabezada por el gobernador Rogelio Frigerio, con el objetivo de ordenar prioridades, clarificar competencias y poner en marcha herramientas concretas de gesti\u00f3n en esta nueva etapa institucional.<\/p>\n","protected":false},"author":2,"featured_media":258702,"comment_status":"open","ping_status":"open","sticky":false,"template":"","format":"standard","meta":{"fifu_image_url":"","fifu_image_alt":"","footnotes":""},"categories":[16],"tags":[230,427,949],"class_list":{"0":"post-258701","1":"post","2":"type-post","3":"status-publish","4":"format-standard","5":"has-post-thumbnail","7":"category-politi","8":"tag-comunas","9":"tag-ley-de-comunas","10":"tag-rogelio-frigerio"},"yoast_head":"<title>Frigerio y parte del gabinete recibieron a los jefes comunales - Informe Litoral<\/title>\n<meta name=\"robots\" content=\"index, follow, max-snippet:-1, max-image-preview:large, max-video-preview:-1\" \/>\n<link rel=\"canonical\" href=\"https:\/\/informelitoral.com.ar\/frigerio-y-parte-del-gabinete-recibieron-a-los-jefes-comunales\/\" \/>\n<meta property=\"og:locale\" content=\"es_ES\" \/>\n<meta property=\"og:type\" content=\"article\" \/>\n<meta property=\"og:title\" content=\"Frigerio y parte del gabinete recibieron a los jefes comunales - Informe Litoral\" \/>\n<meta property=\"og:description\" content=\"La provincia avanz\u00f3 en la implementaci\u00f3n efectiva de 22 nuevas comunas en una reuni\u00f3n encabezada por el gobernador Rogelio Frigerio, con el objetivo de ordenar prioridades, clarificar competencias y poner en marcha herramientas concretas de gesti\u00f3n en esta nueva etapa institucional.\" \/>\n<meta property=\"og:url\" content=\"https:\/\/informelitoral.com.ar\/frigerio-y-parte-del-gabinete-recibieron-a-los-jefes-comunales\/\" \/>\n<meta property=\"og:site_name\" content=\"Informe Litoral\" \/>\n<meta property=\"article:publisher\" content=\"https:\/\/www.facebook.com\/informelitoral\/\" \/>\n<meta property=\"article:published_time\" content=\"2026-04-28T10:20:42+00:00\" \/>\n<meta property=\"og:image\" content=\"https:\/\/drive.google.com\/thumbnail?id=1jFRfvXu1cOMr6kmA8PNLqeSjrce5FD7o&sz=w2048\" \/>\n\t<meta property=\"og:image:width\" content=\"1600\" \/>\n\t<meta property=\"og:image:height\" content=\"1068\" \/>\n\t<meta property=\"og:image:type\" content=\"image\/jpeg\" \/>\n<meta name=\"author\" content=\"Gonzalo Schmidt\" \/>\n<meta name=\"twitter:card\" content=\"summary_large_image\" \/>\n<meta name=\"twitter:creator\" content=\"@InformeLitoral\" \/>\n<meta name=\"twitter:site\" content=\"@InformeLitoral\" \/>\n<meta name=\"twitter:label1\" content=\"Escrito por\" \/>\n\t<meta name=\"twitter:data1\" content=\"Gonzalo Schmidt\" \/>\n\t<meta name=\"twitter:label2\" content=\"Tiempo de lectura\" \/>\n\t<meta name=\"twitter:data2\" content=\"3 minutos\" \/>\n<script type=\"application\/ld+json\" class=\"yoast-schema-graph\">{\"@context\":\"https:\\\/\\\/schema.org\",\"@graph\":[{\"@type\":\"Article\",\"@id\":\"https:\\\/\\\/informelitoral.com.ar\\\/frigerio-y-parte-del-gabinete-recibieron-a-los-jefes-comunales\\\/#article\",\"isPartOf\":{\"@id\":\"https:\\\/\\\/informelitoral.com.ar\\\/frigerio-y-parte-del-gabinete-recibieron-a-los-jefes-comunales\\\/\"},\"author\":{\"name\":\"Gonzalo Schmidt\",\"@id\":\"https:\\\/\\\/informelitoral.com.ar\\\/#\\\/schema\\\/person\\\/b9d00407c836482871ef1d57bf8e3180\"},\"headline\":\"Frigerio y parte del gabinete recibieron a los jefes comunales\",\"datePublished\":\"2026-04-28T10:20:42+00:00\",\"mainEntityOfPage\":{\"@id\":\"https:\\\/\\\/informelitoral.com.ar\\\/frigerio-y-parte-del-gabinete-recibieron-a-los-jefes-comunales\\\/\"},\"wordCount\":548,\"commentCount\":0,\"publisher\":{\"@id\":\"https:\\\/\\\/informelitoral.com.ar\\\/#organization\"},\"image\":{\"@id\":\"https:\\\/\\\/informelitoral.com.ar\\\/frigerio-y-parte-del-gabinete-recibieron-a-los-jefes-comunales\\\/#primaryimage\"},\"thumbnailUrl\":\"https:\\\/\\\/drive.google.com\\\/thumbnail?id=1jFRfvXu1cOMr6kmA8PNLqeSjrce5FD7o&sz=w2048\",\"keywords\":[\"Comunas\",\"Ley de Comunas\",\"Rogelio Frigerio\"],\"articleSection\":[\"Politica\"],\"inLanguage\":\"es\",\"potentialAction\":[{\"@type\":\"CommentAction\",\"name\":\"Comment\",\"target\":[\"https:\\\/\\\/informelitoral.com.ar\\\/frigerio-y-parte-del-gabinete-recibieron-a-los-jefes-comunales\\\/#respond\"]}]},{\"@type\":\"WebPage\",\"@id\":\"https:\\\/\\\/informelitoral.com.ar\\\/frigerio-y-parte-del-gabinete-recibieron-a-los-jefes-comunales\\\/\",\"url\":\"https:\\\/\\\/informelitoral.com.ar\\\/frigerio-y-parte-del-gabinete-recibieron-a-los-jefes-comunales\\\/\",\"name\":\"Frigerio y parte del gabinete recibieron a los jefes comunales - Informe Litoral\",\"isPartOf\":{\"@id\":\"https:\\\/\\\/informelitoral.com.ar\\\/#website\"},\"primaryImageOfPage\":{\"@id\":\"https:\\\/\\\/informelitoral.com.ar\\\/frigerio-y-parte-del-gabinete-recibieron-a-los-jefes-comunales\\\/#primaryimage\"},\"image\":{\"@id\":\"https:\\\/\\\/informelitoral.com.ar\\\/frigerio-y-parte-del-gabinete-recibieron-a-los-jefes-comunales\\\/#primaryimage\"},\"thumbnailUrl\":\"https:\\\/\\\/drive.google.com\\\/thumbnail?id=1jFRfvXu1cOMr6kmA8PNLqeSjrce5FD7o&sz=w2048\",\"datePublished\":\"2026-04-28T10:20:42+00:00\",\"breadcrumb\":{\"@id\":\"https:\\\/\\\/informelitoral.com.ar\\\/frigerio-y-parte-del-gabinete-recibieron-a-los-jefes-comunales\\\/#breadcrumb\"},\"inLanguage\":\"es\",\"potentialAction\":[{\"@type\":\"ReadAction\",\"target\":[\"https:\\\/\\\/informelitoral.com.ar\\\/frigerio-y-parte-del-gabinete-recibieron-a-los-jefes-comunales\\\/\"]}]},{\"@type\":\"ImageObject\",\"inLanguage\":\"es\",\"@id\":\"https:\\\/\\\/informelitoral.com.ar\\\/frigerio-y-parte-del-gabinete-recibieron-a-los-jefes-comunales\\\/#primaryimage\",\"url\":\"https:\\\/\\\/drive.google.com\\\/thumbnail?id=1jFRfvXu1cOMr6kmA8PNLqeSjrce5FD7o&sz=w2048\",\"contentUrl\":\"https:\\\/\\\/drive.google.com\\\/thumbnail?id=1jFRfvXu1cOMr6kmA8PNLqeSjrce5FD7o&sz=w2048\",\"width\":1600,\"height\":1068},{\"@type\":\"BreadcrumbList\",\"@id\":\"https:\\\/\\\/informelitoral.com.ar\\\/frigerio-y-parte-del-gabinete-recibieron-a-los-jefes-comunales\\\/#breadcrumb\",\"itemListElement\":[{\"@type\":\"ListItem\",\"position\":1,\"name\":\"Portada\",\"item\":\"https:\\\/\\\/informelitoral.com.ar\\\/\"},{\"@type\":\"ListItem\",\"position\":2,\"name\":\"Frigerio y parte del gabinete recibieron a los jefes comunales\"}]},{\"@type\":\"WebSite\",\"@id\":\"https:\\\/\\\/informelitoral.com.ar\\\/#website\",\"url\":\"https:\\\/\\\/informelitoral.com.ar\\\/\",\"name\":\"Informe Litoral\",\"description\":\"&quot;Nos informamos&quot; \",\"publisher\":{\"@id\":\"https:\\\/\\\/informelitoral.com.ar\\\/#organization\"},\"potentialAction\":[{\"@type\":\"SearchAction\",\"target\":{\"@type\":\"EntryPoint\",\"urlTemplate\":\"https:\\\/\\\/informelitoral.com.ar\\\/?s={search_term_string}\"},\"query-input\":{\"@type\":\"PropertyValueSpecification\",\"valueRequired\":true,\"valueName\":\"search_term_string\"}}],\"inLanguage\":\"es\"},{\"@type\":\"Organization\",\"@id\":\"https:\\\/\\\/informelitoral.com.ar\\\/#organization\",\"name\":\"Informe Litoral\",\"url\":\"https:\\\/\\\/informelitoral.com.ar\\\/\",\"logo\":{\"@type\":\"ImageObject\",\"inLanguage\":\"es\",\"@id\":\"https:\\\/\\\/informelitoral.com.ar\\\/#\\\/schema\\\/logo\\\/image\\\/\",\"url\":\"https:\\\/\\\/informelitoral.com.ar\\\/%77%70%2d%63%6f%6e%74%65%6e%74\\\/uploads\\\/2021\\\/01\\\/circulo.png\",\"contentUrl\":\"https:\\\/\\\/informelitoral.com.ar\\\/%77%70%2d%63%6f%6e%74%65%6e%74\\\/uploads\\\/2021\\\/01\\\/circulo.png\",\"width\":723,\"height\":731,\"caption\":\"Informe Litoral\"},\"image\":{\"@id\":\"https:\\\/\\\/informelitoral.com.ar\\\/#\\\/schema\\\/logo\\\/image\\\/\"},\"sameAs\":[\"https:\\\/\\\/www.facebook.com\\\/informelitoral\\\/\",\"https:\\\/\\\/x.com\\\/InformeLitoral\",\"https:\\\/\\\/www.instagram.com\\\/informelitoral\\\/\",\"https:\\\/\\\/www.youtube.com\\\/channel\\\/UCua4Qvz8Icb6MYqhoq9xLXw\"]},{\"@type\":\"Person\",\"@id\":\"https:\\\/\\\/informelitoral.com.ar\\\/#\\\/schema\\\/person\\\/b9d00407c836482871ef1d57bf8e3180\",\"name\":\"Gonzalo Schmidt\",\"image\":{\"@type\":\"ImageObject\",\"inLanguage\":\"es\",\"@id\":\"https:\\\/\\\/secure.gravatar.com\\\/avatar\\\/31a1a7b66ff2de83bd0e9fd79d026630d2d99e55e8bfe501287647b4fd9743de?s=96&d=mm&r=g\",\"url\":\"https:\\\/\\\/secure.gravatar.com\\\/avatar\\\/31a1a7b66ff2de83bd0e9fd79d026630d2d99e55e8bfe501287647b4fd9743de?s=96&d=mm&r=g\",\"contentUrl\":\"https:\\\/\\\/secure.gravatar.com\\\/avatar\\\/31a1a7b66ff2de83bd0e9fd79d026630d2d99e55e8bfe501287647b4fd9743de?s=96&d=mm&r=g\",\"caption\":\"Gonzalo Schmidt\"},\"description\":\"Sitio web de noticias de la provincia de Entre R\u00edos, Argentina. Informaci\u00f3n y entretenimiento. Informe Litoral, nos informamos.\",\"sameAs\":[\"http:\\\/\\\/www.isletasnoticias.com.ar\"],\"url\":\"https:\\\/\\\/informelitoral.com.ar\\\/author\\\/gonzalo\\\/\"}]}<\/script>","yoast_head_json":{"title":"Frigerio y parte del gabinete recibieron a los jefes comunales - Informe Litoral","robots":{"index":"index","follow":"follow","max-snippet":"max-snippet:-1","max-image-preview":"max-image-preview:large","max-video-preview":"max-video-preview:-1"},"canonical":"https:\/\/informelitoral.com.ar\/frigerio-y-parte-del-gabinete-recibieron-a-los-jefes-comunales\/","og_locale":"es_ES","og_type":"article","og_title":"Frigerio y parte del gabinete recibieron a los jefes comunales - Informe Litoral","og_description":"La provincia avanz\u00f3 en la implementaci\u00f3n efectiva de 22 nuevas comunas en una reuni\u00f3n encabezada por el gobernador Rogelio Frigerio, con el objetivo de ordenar prioridades, clarificar competencias y poner en marcha herramientas concretas de gesti\u00f3n en esta nueva etapa institucional.","og_url":"https:\/\/informelitoral.com.ar\/frigerio-y-parte-del-gabinete-recibieron-a-los-jefes-comunales\/","og_site_name":"Informe Litoral","article_publisher":"https:\/\/www.facebook.com\/informelitoral\/","article_published_time":"2026-04-28T10:20:42+00:00","og_image":[{"width":1600,"height":1068,"url":"https:\/\/drive.google.com\/thumbnail?id=1jFRfvXu1cOMr6kmA8PNLqeSjrce5FD7o&sz=w2048","type":"image\/jpeg"}],"author":"Gonzalo Schmidt","twitter_card":"summary_large_image","twitter_creator":"@InformeLitoral","twitter_site":"@InformeLitoral","twitter_misc":{"Escrito por":"Gonzalo Schmidt","Tiempo de lectura":"3 minutos"},"schema":{"@context":"https:\/\/schema.org","@graph":[{"@type":"Article","@id":"https:\/\/informelitoral.com.ar\/frigerio-y-parte-del-gabinete-recibieron-a-los-jefes-comunales\/#article","isPartOf":{"@id":"https:\/\/informelitoral.com.ar\/frigerio-y-parte-del-gabinete-recibieron-a-los-jefes-comunales\/"},"author":{"name":"Gonzalo Schmidt","@id":"https:\/\/informelitoral.com.ar\/#\/schema\/person\/b9d00407c836482871ef1d57bf8e3180"},"headline":"Frigerio y parte del gabinete recibieron a los jefes comunales","datePublished":"2026-04-28T10:20:42+00:00","mainEntityOfPage":{"@id":"https:\/\/informelitoral.com.ar\/frigerio-y-parte-del-gabinete-recibieron-a-los-jefes-comunales\/"},"wordCount":548,"commentCount":0,"publisher":{"@id":"https:\/\/informelitoral.com.ar\/#organization"},"image":{"@id":"https:\/\/informelitoral.com.ar\/frigerio-y-parte-del-gabinete-recibieron-a-los-jefes-comunales\/#primaryimage"},"thumbnailUrl":"https:\/\/drive.google.com\/thumbnail?id=1jFRfvXu1cOMr6kmA8PNLqeSjrce5FD7o&sz=w2048","keywords":["Comunas","Ley de Comunas","Rogelio Frigerio"],"articleSection":["Politica"],"inLanguage":"es","potentialAction":[{"@type":"CommentAction","name":"Comment","target":["https:\/\/informelitoral.com.ar\/frigerio-y-parte-del-gabinete-recibieron-a-los-jefes-comunales\/#respond"]}]},{"@type":"WebPage","@id":"https:\/\/informelitoral.com.ar\/frigerio-y-parte-del-gabinete-recibieron-a-los-jefes-comunales\/","url":"https:\/\/informelitoral.com.ar\/frigerio-y-parte-del-gabinete-recibieron-a-los-jefes-comunales\/","name":"Frigerio y parte del gabinete recibieron a los jefes comunales - Informe Litoral","isPartOf":{"@id":"https:\/\/informelitoral.com.ar\/#website"},"primaryImageOfPage":{"@id":"https:\/\/informelitoral.com.ar\/frigerio-y-parte-del-gabinete-recibieron-a-los-jefes-comunales\/#primaryimage"},"image":{"@id":"https:\/\/informelitoral.com.ar\/frigerio-y-parte-del-gabinete-recibieron-a-los-jefes-comunales\/#primaryimage"},"thumbnailUrl":"https:\/\/drive.google.com\/thumbnail?id=1jFRfvXu1cOMr6kmA8PNLqeSjrce5FD7o&sz=w2048","datePublished":"2026-04-28T10:20:42+00:00","breadcrumb":{"@id":"https:\/\/informelitoral.com.ar\/frigerio-y-parte-del-gabinete-recibieron-a-los-jefes-comunales\/#breadcrumb"},"inLanguage":"es","potentialAction":[{"@type":"ReadAction","target":["https:\/\/informelitoral.com.ar\/frigerio-y-parte-del-gabinete-recibieron-a-los-jefes-comunales\/"]}]},{"@type":"ImageObject","inLanguage":"es","@id":"https:\/\/informelitoral.com.ar\/frigerio-y-parte-del-gabinete-recibieron-a-los-jefes-comunales\/#primaryimage","url":"https:\/\/drive.google.com\/thumbnail?id=1jFRfvXu1cOMr6kmA8PNLqeSjrce5FD7o&sz=w2048","contentUrl":"https:\/\/drive.google.com\/thumbnail?id=1jFRfvXu1cOMr6kmA8PNLqeSjrce5FD7o&sz=w2048","width":1600,"height":1068},{"@type":"BreadcrumbList","@id":"https:\/\/informelitoral.com.ar\/frigerio-y-parte-del-gabinete-recibieron-a-los-jefes-comunales\/#breadcrumb","itemListElement":[{"@type":"ListItem","position":1,"name":"Portada","item":"https:\/\/informelitoral.com.ar\/"},{"@type":"ListItem","position":2,"name":"Frigerio y parte del gabinete recibieron a los jefes comunales"}]},{"@type":"WebSite","@id":"https:\/\/informelitoral.com.ar\/#website","url":"https:\/\/informelitoral.com.ar\/","name":"Informe Litoral","description":"&quot;Nos informamos&quot; ","publisher":{"@id":"https:\/\/informelitoral.com.ar\/#organization"},"potentialAction":[{"@type":"SearchAction","target":{"@type":"EntryPoint","urlTemplate":"https:\/\/informelitoral.com.ar\/?s={search_term_string}"},"query-input":{"@type":"PropertyValueSpecification","valueRequired":true,"valueName":"search_term_string"}}],"inLanguage":"es"},{"@type":"Organization","@id":"https:\/\/informelitoral.com.ar\/#organization","name":"Informe Litoral","url":"https:\/\/informelitoral.com.ar\/","logo":{"@type":"ImageObject","inLanguage":"es","@id":"https:\/\/informelitoral.com.ar\/#\/schema\/logo\/image\/","url":"https:\/\/informelitoral.com.ar\/%77%70%2d%63%6f%6e%74%65%6e%74\/uploads\/2021\/01\/circulo.png","contentUrl":"https:\/\/informelitoral.com.ar\/%77%70%2d%63%6f%6e%74%65%6e%74\/uploads\/2021\/01\/circulo.png","width":723,"height":731,"caption":"Informe Litoral"},"image":{"@id":"https:\/\/informelitoral.com.ar\/#\/schema\/logo\/image\/"},"sameAs":["https:\/\/www.facebook.com\/informelitoral\/","https:\/\/x.com\/InformeLitoral","https:\/\/www.instagram.com\/informelitoral\/","https:\/\/www.youtube.com\/channel\/UCua4Qvz8Icb6MYqhoq9xLXw"]},{"@type":"Person","@id":"https:\/\/informelitoral.com.ar\/#\/schema\/person\/b9d00407c836482871ef1d57bf8e3180","name":"Gonzalo Schmidt","image":{"@type":"ImageObject","inLanguage":"es","@id":"https:\/\/secure.gravatar.com\/avatar\/31a1a7b66ff2de83bd0e9fd79d026630d2d99e55e8bfe501287647b4fd9743de?s=96&d=mm&r=g","url":"https:\/\/secure.gravatar.com\/avatar\/31a1a7b66ff2de83bd0e9fd79d026630d2d99e55e8bfe501287647b4fd9743de?s=96&d=mm&r=g","contentUrl":"https:\/\/secure.gravatar.com\/avatar\/31a1a7b66ff2de83bd0e9fd79d026630d2d99e55e8bfe501287647b4fd9743de?s=96&d=mm&r=g","caption":"Gonzalo Schmidt"},"description":"Sitio web de noticias de la provincia de Entre R\u00edos, Argentina. Informaci\u00f3n y entretenimiento. Informe Litoral, nos informamos.","sameAs":["http:\/\/www.isletasnoticias.com.ar"],"url":"https:\/\/informelitoral.com.ar\/author\/gonzalo\/"}]}},"_links":{"self":[{"href":"https:\/\/informelitoral.com.ar\/%77%70%2d%6a%73%6f%6e\/wp\/v2\/posts\/258701","targetHints":{"allow":["GET"]}}],"collection":[{"href":"https:\/\/informelitoral.com.ar\/%77%70%2d%6a%73%6f%6e\/wp\/v2\/posts"}],"about":[{"href":"https:\/\/informelitoral.com.ar\/%77%70%2d%6a%73%6f%6e\/wp\/v2\/types\/post"}],"author":[{"embeddable":true,"href":"https:\/\/informelitoral.com.ar\/%77%70%2d%6a%73%6f%6e\/wp\/v2\/users\/2"}],"replies":[{"embeddable":true,"href":"https:\/\/informelitoral.com.ar\/%77%70%2d%6a%73%6f%6e\/wp\/v2\/comments?post=258701"}],"version-history":[{"count":1,"href":"https:\/\/informelitoral.com.ar\/%77%70%2d%6a%73%6f%6e\/wp\/v2\/posts\/258701\/revisions"}],"predecessor-version":[{"id":258703,"href":"https:\/\/informelitoral.com.ar\/%77%70%2d%6a%73%6f%6e\/wp\/v2\/posts\/258701\/revisions\/258703"}],"wp:featuredmedia":[{"embeddable":true,"href":"https:\/\/informelitoral.com.ar\/%77%70%2d%6a%73%6f%6e\/wp\/v2\/media\/258702"}],"wp:attachment":[{"href":"https:\/\/informelitoral.com.ar\/%77%70%2d%6a%73%6f%6e\/wp\/v2\/media?parent=258701"}],"wp:term":[{"taxonomy":"category","embeddable":true,"href":"https:\/\/informelitoral.com.ar\/%77%70%2d%6a%73%6f%6e\/wp\/v2\/categories?post=258701"},{"taxonomy":"post_tag","embeddable":true,"href":"https:\/\/informelitoral.com.ar\/%77%70%2d%6a%73%6f%6e\/wp\/v2\/tags?post=258701"}],"curies":[{"name":"wp","href":"https:\/\/api.w.org\/{rel}","templated":true}]}}