{"id":258698,"date":"2026-04-27T20:11:15","date_gmt":"2026-04-27T23:11:15","guid":{"rendered":"https:\/\/informelitoral.com.ar\/?p=258698"},"modified":"2026-04-28T07:13:29","modified_gmt":"2026-04-28T10:13:29","slug":"frigerio-y-aluani-acompanaron-el-acto-de-entrega-del-titulo-doctor-honoris-causa-a-ricardo-gil-lavedra","status":"publish","type":"post","link":"https:\/\/informelitoral.com.ar\/frigerio-y-aluani-acompanaron-el-acto-de-entrega-del-titulo-doctor-honoris-causa-a-ricardo-gil-lavedra\/","title":{"rendered":"Frigerio y Aluani acompa\u00f1aron el acto de entrega del t\u00edtulo Doctor Honoris Causa a Ricardo Gil Lavedra"},"content":{"rendered":"<p data-start=\"427\" data-end=\"743\">Por la tarde, en la ciudad de Paran\u00e1, Gil Lavedra recibi\u00f3 la 19\u00aa distinci\u00f3n acad\u00e9mica de m\u00e1ximo rango que otorga la Universidad. El acto se llev\u00f3 a cabo en el Auditorio \u201cAmanda Mayor\u201d del Rectorado de la Uader y fue presidido por el rector, Luciano Filipuzzi, junto al acompa\u00f1amiento de las autoridades provinciales.<\/p>\n<p data-start=\"745\" data-end=\"1161\">El reconocimiento, aprobado por el Consejo Superior de la Universidad a propuesta de la Facultad de Ciencia y Tecnolog\u00eda, destaca la trayectoria de Gil Lavedra en el \u00e1mbito del derecho, su compromiso con la justicia y la democracia, as\u00ed como su rol clave en el hist\u00f3rico Juicio a las Juntas Militares. Asimismo, resalta su desempe\u00f1o en la funci\u00f3n p\u00fablica y su reconocida labor en los \u00e1mbitos profesional y acad\u00e9mico.<\/p>\n<p data-start=\"1163\" data-end=\"1392\">Durante la jornada, Gil Lavedra brind\u00f3 la conferencia magistral \u201cEl Juicio a las Juntas y la Transici\u00f3n Democr\u00e1tica\u201d y recibi\u00f3 plaquetas de la Honorable C\u00e1mara de Senadores, de la C\u00e1mara de Diputados y del Gobierno de Entre R\u00edos.<\/p>\n<h2 data-start=\"1394\" data-end=\"1445\"><strong data-start=\"1394\" data-end=\"1445\">Defensa de la democracia y la institucionalidad<\/strong><\/h2>\n<p data-start=\"1447\" data-end=\"2083\">Al hacer uso de la palabra, Frigerio expres\u00f3 que la presencia de Ricardo \u201ces un est\u00edmulo\u201d y sostuvo: \u201cUn est\u00edmulo para la lucha que estamos dando en nuestra provincia. Ricardo es un protagonista de nuestra historia, no solo por haber integrado el tribunal que juzg\u00f3 los cr\u00edmenes de lesa humanidad, sino tambi\u00e9n por su defensa irrestricta de la democracia y de la institucionalidad\u201d. En esa l\u00ednea, remarc\u00f3: \u201cAquel momento de la historia argentina no fue un hecho m\u00e1s, sino una decisi\u00f3n colectiva de enfrentar el pasado con verdad y justicia. All\u00ed hubo hombres y mujeres que estuvieron a la altura, y Ricardo claramente fue uno de ellos\u201d.<\/p>\n<p data-start=\"2085\" data-end=\"2476\">Por su parte, Aluani indic\u00f3: \u201cM\u00e1s all\u00e1 de su trayectoria, que habla por s\u00ed misma, destacamos su claridad, su coherencia y su compromiso con los valores republicanos. No solo nos gu\u00eda, sino que tambi\u00e9n nos inspira a seguir trabajando en un contexto dif\u00edcil, donde la pol\u00edtica ha sido, por momentos, devaluada, pero que nos desaf\u00eda a sostener ese estandarte para construir una sociedad mejor\u201d.<\/p>\n<p data-start=\"2478\" data-end=\"2733\">A su turno, Filipuzzi expres\u00f3: \u201cUno puede estar en un tiempo y en un lugar determinados, pero eso no implica necesariamente hacer lo que ese tiempo y ese lugar requieren. Ustedes, en cambio, lo hicieron. Vos lo hiciste (Ricardo), y por eso muchas gracias\u201d.<\/p>\n<h2 data-start=\"2735\" data-end=\"2764\"><strong data-start=\"2735\" data-end=\"2764\">Sobre Ricardo Gil Lavedra<\/strong><\/h2>\n<p data-start=\"2766\" data-end=\"3115\"><strong>Ricardo Rodolfo Gil Lavedra<\/strong> se gradu\u00f3 como abogado en la Universidad de Buenos Aires (UBA) e inici\u00f3 tempranamente su carrera en el Poder Judicial de la Naci\u00f3n. Su nombre adquiri\u00f3 dimensi\u00f3n hist\u00f3rica en 1985, cuando integr\u00f3 la C\u00e1mara Federal en lo Criminal y Correccional de la Capital Federal, tribunal encargado de llevar adelante el Juicio a las Juntas Militares.<\/p>\n<p data-start=\"2766\" data-end=\"3115\">Su actuaci\u00f3n en ese proceso fue reconocida por su solvencia t\u00e9cnica y por su contribuci\u00f3n a la consolidaci\u00f3n de est\u00e1ndares jur\u00eddicos perdurables en materia de verdad, justicia y derechos humanos.<\/p>\n<p data-start=\"2766\" data-end=\"3115\">Adem\u00e1s, se desempe\u00f1\u00f3 en funciones de alta responsabilidad en el \u00e1mbito p\u00fablico, entre ellas, como integrante de la Corte Suprema de Justicia de la Naci\u00f3n, ministro de Justicia y Derechos Humanos de la Naci\u00f3n y diputado nacional, adem\u00e1s de su destacada labor como profesional y docente universitario.<\/p>\n<h2 data-start=\"3616\" data-end=\"3630\"><strong data-start=\"3616\" data-end=\"3630\">Presencias<\/strong><\/h2>\n<p data-start=\"3632\" data-end=\"4190\">Estuvieron presentes el presidente de la C\u00e1mara de Diputados de Entre R\u00edos, <strong>Gustavo Hein<\/strong>; el secretario de la C\u00e1mara de Senadores, <strong>Sergio Avero<\/strong>; el ministro de Econom\u00eda y Servicios P\u00fablicos, <strong>Fabi\u00e1n Boleas<\/strong>; el ministro de Desarrollo Econ\u00f3mico, <strong>Guillermo Bernaudo<\/strong>; legisladores nacionales y provinciales; vocales del Superior Tribunal de Justicia; decanos de las facultades de la Uader; funcionarios provinciales; autoridades universitarias; representantes de otras universidades con sede en la provincia; asociaciones de derechos humanos y p\u00fablico en general.<\/p>\n<h6 data-start=\"3632\" data-end=\"4190\"><em><strong>Del archivo:\u00a0<a href=\"https:\/\/informelitoral.com.ar\/frigerio-recibio-al-intendente-de-aranguren-para-avanzar-en-proyectos-productivos-y-viales\/\" target=\"_blank\" rel=\"noopener\">Frigerio recibi\u00f3 al intendente de Aranguren para avanzar en proyectos productivos y viales<\/a><\/strong><\/em><\/h6>\n","protected":false},"excerpt":{"rendered":"<p>Este lunes la Universidad Aut\u00f3noma de Entre R\u00edos (Uader) otorg\u00f3 el t\u00edtulo de Doctor Honoris Causa al Dr. Ricardo Gil Lavedra. La ceremonia cont\u00f3 con la presencia del gobernador Rogelio Frigerio y de la vicegobernadora Alicia Aluani.<\/p>\n","protected":false},"author":2,"featured_media":258699,"comment_status":"open","ping_status":"open","sticky":false,"template":"","format":"standard","meta":{"fifu_image_url":"https:\/\/www.senadoer.gob.ar\/wp-content\/uploads\/2026\/04\/DSC_5770-4702.jpg-860x573.jpeg","fifu_image_alt":"","footnotes":""},"categories":[16],"tags":[4462,949,1654],"class_list":{"0":"post-258698","1":"post","2":"type-post","3":"status-publish","4":"format-standard","5":"has-post-thumbnail","7":"category-politi","8":"tag-alicia-aluani","9":"tag-rogelio-frigerio","10":"tag-vicegobernacion"},"yoast_head":"<title>Frigerio y Aluani acompa\u00f1aron el acto de entrega del t\u00edtulo Doctor Honoris Causa a Ricardo Gil Lavedra - Informe Litoral<\/title>\n<meta name=\"robots\" content=\"index, follow, max-snippet:-1, max-image-preview:large, max-video-preview:-1\" \/>\n<link rel=\"canonical\" href=\"https:\/\/informelitoral.com.ar\/frigerio-y-aluani-acompanaron-el-acto-de-entrega-del-titulo-doctor-honoris-causa-a-ricardo-gil-lavedra\/\" \/>\n<meta property=\"og:locale\" content=\"es_ES\" \/>\n<meta property=\"og:type\" content=\"article\" \/>\n<meta property=\"og:title\" content=\"Frigerio y Aluani acompa\u00f1aron el acto de entrega del t\u00edtulo Doctor Honoris Causa a Ricardo Gil Lavedra - Informe Litoral\" \/>\n<meta property=\"og:description\" content=\"Este lunes la Universidad Aut\u00f3noma de Entre R\u00edos (Uader) otorg\u00f3 el t\u00edtulo de Doctor Honoris Causa al Dr. Ricardo Gil Lavedra. La ceremonia cont\u00f3 con la presencia del gobernador Rogelio Frigerio y de la vicegobernadora Alicia Aluani.\" \/>\n<meta property=\"og:url\" content=\"https:\/\/informelitoral.com.ar\/frigerio-y-aluani-acompanaron-el-acto-de-entrega-del-titulo-doctor-honoris-causa-a-ricardo-gil-lavedra\/\" \/>\n<meta property=\"og:site_name\" content=\"Informe Litoral\" \/>\n<meta property=\"article:publisher\" content=\"https:\/\/www.facebook.com\/informelitoral\/\" \/>\n<meta property=\"article:published_time\" content=\"2026-04-27T23:11:15+00:00\" \/>\n<meta property=\"article:modified_time\" content=\"2026-04-28T10:13:29+00:00\" \/>\n<meta property=\"og:image\" content=\"https:\/\/www.senadoer.gob.ar\/%77%70%2d%63%6f%6e%74%65%6e%74\/uploads\/2026\/04\/DSC_5770-4702.jpg-860x573.jpeg\" \/>\n<meta name=\"author\" content=\"Gonzalo Schmidt\" \/>\n<meta name=\"twitter:card\" content=\"summary_large_image\" \/>\n<meta name=\"twitter:image\" content=\"https:\/\/www.senadoer.gob.ar\/%77%70%2d%63%6f%6e%74%65%6e%74\/uploads\/2026\/04\/DSC_5770-4702.jpg-860x573.jpeg\" \/>\n<meta name=\"twitter:creator\" content=\"@InformeLitoral\" \/>\n<meta name=\"twitter:site\" content=\"@InformeLitoral\" \/>\n<meta name=\"twitter:label1\" content=\"Escrito por\" \/>\n\t<meta name=\"twitter:data1\" content=\"Gonzalo Schmidt\" \/>\n\t<meta name=\"twitter:label2\" content=\"Tiempo de lectura\" \/>\n\t<meta name=\"twitter:data2\" content=\"3 minutos\" \/>\n<script type=\"application\/ld+json\" class=\"yoast-schema-graph\">{\"@context\":\"https:\\\/\\\/schema.org\",\"@graph\":[{\"@type\":\"Article\",\"@id\":\"https:\\\/\\\/informelitoral.com.ar\\\/frigerio-y-aluani-acompanaron-el-acto-de-entrega-del-titulo-doctor-honoris-causa-a-ricardo-gil-lavedra\\\/#article\",\"isPartOf\":{\"@id\":\"https:\\\/\\\/informelitoral.com.ar\\\/frigerio-y-aluani-acompanaron-el-acto-de-entrega-del-titulo-doctor-honoris-causa-a-ricardo-gil-lavedra\\\/\"},\"author\":{\"name\":\"Gonzalo Schmidt\",\"@id\":\"https:\\\/\\\/informelitoral.com.ar\\\/#\\\/schema\\\/person\\\/b9d00407c836482871ef1d57bf8e3180\"},\"headline\":\"Frigerio y Aluani acompa\u00f1aron el acto de entrega del t\u00edtulo Doctor Honoris Causa a Ricardo Gil Lavedra\",\"datePublished\":\"2026-04-27T23:11:15+00:00\",\"dateModified\":\"2026-04-28T10:13:29+00:00\",\"mainEntityOfPage\":{\"@id\":\"https:\\\/\\\/informelitoral.com.ar\\\/frigerio-y-aluani-acompanaron-el-acto-de-entrega-del-titulo-doctor-honoris-causa-a-ricardo-gil-lavedra\\\/\"},\"wordCount\":683,\"commentCount\":0,\"publisher\":{\"@id\":\"https:\\\/\\\/informelitoral.com.ar\\\/#organization\"},\"image\":{\"@id\":\"https:\\\/\\\/informelitoral.com.ar\\\/frigerio-y-aluani-acompanaron-el-acto-de-entrega-del-titulo-doctor-honoris-causa-a-ricardo-gil-lavedra\\\/#primaryimage\"},\"thumbnailUrl\":\"https:\\\/\\\/www.senadoer.gob.ar\\\/%77%70%2d%63%6f%6e%74%65%6e%74\\\/uploads\\\/2026\\\/04\\\/DSC_5770-4702.jpg-860x573.jpeg\",\"keywords\":[\"Alicia Aluani\",\"Rogelio Frigerio\",\"Vicegobernacion\"],\"articleSection\":[\"Politica\"],\"inLanguage\":\"es\",\"potentialAction\":[{\"@type\":\"CommentAction\",\"name\":\"Comment\",\"target\":[\"https:\\\/\\\/informelitoral.com.ar\\\/frigerio-y-aluani-acompanaron-el-acto-de-entrega-del-titulo-doctor-honoris-causa-a-ricardo-gil-lavedra\\\/#respond\"]}]},{\"@type\":\"WebPage\",\"@id\":\"https:\\\/\\\/informelitoral.com.ar\\\/frigerio-y-aluani-acompanaron-el-acto-de-entrega-del-titulo-doctor-honoris-causa-a-ricardo-gil-lavedra\\\/\",\"url\":\"https:\\\/\\\/informelitoral.com.ar\\\/frigerio-y-aluani-acompanaron-el-acto-de-entrega-del-titulo-doctor-honoris-causa-a-ricardo-gil-lavedra\\\/\",\"name\":\"Frigerio y Aluani acompa\u00f1aron el acto de entrega del t\u00edtulo Doctor Honoris Causa a Ricardo Gil Lavedra - Informe Litoral\",\"isPartOf\":{\"@id\":\"https:\\\/\\\/informelitoral.com.ar\\\/#website\"},\"primaryImageOfPage\":{\"@id\":\"https:\\\/\\\/informelitoral.com.ar\\\/frigerio-y-aluani-acompanaron-el-acto-de-entrega-del-titulo-doctor-honoris-causa-a-ricardo-gil-lavedra\\\/#primaryimage\"},\"image\":{\"@id\":\"https:\\\/\\\/informelitoral.com.ar\\\/frigerio-y-aluani-acompanaron-el-acto-de-entrega-del-titulo-doctor-honoris-causa-a-ricardo-gil-lavedra\\\/#primaryimage\"},\"thumbnailUrl\":\"https:\\\/\\\/www.senadoer.gob.ar\\\/%77%70%2d%63%6f%6e%74%65%6e%74\\\/uploads\\\/2026\\\/04\\\/DSC_5770-4702.jpg-860x573.jpeg\",\"datePublished\":\"2026-04-27T23:11:15+00:00\",\"dateModified\":\"2026-04-28T10:13:29+00:00\",\"breadcrumb\":{\"@id\":\"https:\\\/\\\/informelitoral.com.ar\\\/frigerio-y-aluani-acompanaron-el-acto-de-entrega-del-titulo-doctor-honoris-causa-a-ricardo-gil-lavedra\\\/#breadcrumb\"},\"inLanguage\":\"es\",\"potentialAction\":[{\"@type\":\"ReadAction\",\"target\":[\"https:\\\/\\\/informelitoral.com.ar\\\/frigerio-y-aluani-acompanaron-el-acto-de-entrega-del-titulo-doctor-honoris-causa-a-ricardo-gil-lavedra\\\/\"]}]},{\"@type\":\"ImageObject\",\"inLanguage\":\"es\",\"@id\":\"https:\\\/\\\/informelitoral.com.ar\\\/frigerio-y-aluani-acompanaron-el-acto-de-entrega-del-titulo-doctor-honoris-causa-a-ricardo-gil-lavedra\\\/#primaryimage\",\"url\":\"https:\\\/\\\/www.senadoer.gob.ar\\\/%77%70%2d%63%6f%6e%74%65%6e%74\\\/uploads\\\/2026\\\/04\\\/DSC_5770-4702.jpg-860x573.jpeg\",\"contentUrl\":\"https:\\\/\\\/www.senadoer.gob.ar\\\/%77%70%2d%63%6f%6e%74%65%6e%74\\\/uploads\\\/2026\\\/04\\\/DSC_5770-4702.jpg-860x573.jpeg\",\"width\":\"860\",\"height\":\"573\"},{\"@type\":\"BreadcrumbList\",\"@id\":\"https:\\\/\\\/informelitoral.com.ar\\\/frigerio-y-aluani-acompanaron-el-acto-de-entrega-del-titulo-doctor-honoris-causa-a-ricardo-gil-lavedra\\\/#breadcrumb\",\"itemListElement\":[{\"@type\":\"ListItem\",\"position\":1,\"name\":\"Portada\",\"item\":\"https:\\\/\\\/informelitoral.com.ar\\\/\"},{\"@type\":\"ListItem\",\"position\":2,\"name\":\"Frigerio y Aluani acompa\u00f1aron el acto de entrega del t\u00edtulo Doctor Honoris Causa a Ricardo Gil Lavedra\"}]},{\"@type\":\"WebSite\",\"@id\":\"https:\\\/\\\/informelitoral.com.ar\\\/#website\",\"url\":\"https:\\\/\\\/informelitoral.com.ar\\\/\",\"name\":\"Informe Litoral\",\"description\":\"&quot;Nos informamos&quot; \",\"publisher\":{\"@id\":\"https:\\\/\\\/informelitoral.com.ar\\\/#organization\"},\"potentialAction\":[{\"@type\":\"SearchAction\",\"target\":{\"@type\":\"EntryPoint\",\"urlTemplate\":\"https:\\\/\\\/informelitoral.com.ar\\\/?s={search_term_string}\"},\"query-input\":{\"@type\":\"PropertyValueSpecification\",\"valueRequired\":true,\"valueName\":\"search_term_string\"}}],\"inLanguage\":\"es\"},{\"@type\":\"Organization\",\"@id\":\"https:\\\/\\\/informelitoral.com.ar\\\/#organization\",\"name\":\"Informe Litoral\",\"url\":\"https:\\\/\\\/informelitoral.com.ar\\\/\",\"logo\":{\"@type\":\"ImageObject\",\"inLanguage\":\"es\",\"@id\":\"https:\\\/\\\/informelitoral.com.ar\\\/#\\\/schema\\\/logo\\\/image\\\/\",\"url\":\"https:\\\/\\\/informelitoral.com.ar\\\/%77%70%2d%63%6f%6e%74%65%6e%74\\\/uploads\\\/2021\\\/01\\\/circulo.png\",\"contentUrl\":\"https:\\\/\\\/informelitoral.com.ar\\\/%77%70%2d%63%6f%6e%74%65%6e%74\\\/uploads\\\/2021\\\/01\\\/circulo.png\",\"width\":723,\"height\":731,\"caption\":\"Informe Litoral\"},\"image\":{\"@id\":\"https:\\\/\\\/informelitoral.com.ar\\\/#\\\/schema\\\/logo\\\/image\\\/\"},\"sameAs\":[\"https:\\\/\\\/www.facebook.com\\\/informelitoral\\\/\",\"https:\\\/\\\/x.com\\\/InformeLitoral\",\"https:\\\/\\\/www.instagram.com\\\/informelitoral\\\/\",\"https:\\\/\\\/www.youtube.com\\\/channel\\\/UCua4Qvz8Icb6MYqhoq9xLXw\"]},{\"@type\":\"Person\",\"@id\":\"https:\\\/\\\/informelitoral.com.ar\\\/#\\\/schema\\\/person\\\/b9d00407c836482871ef1d57bf8e3180\",\"name\":\"Gonzalo Schmidt\",\"image\":{\"@type\":\"ImageObject\",\"inLanguage\":\"es\",\"@id\":\"https:\\\/\\\/secure.gravatar.com\\\/avatar\\\/31a1a7b66ff2de83bd0e9fd79d026630d2d99e55e8bfe501287647b4fd9743de?s=96&d=mm&r=g\",\"url\":\"https:\\\/\\\/secure.gravatar.com\\\/avatar\\\/31a1a7b66ff2de83bd0e9fd79d026630d2d99e55e8bfe501287647b4fd9743de?s=96&d=mm&r=g\",\"contentUrl\":\"https:\\\/\\\/secure.gravatar.com\\\/avatar\\\/31a1a7b66ff2de83bd0e9fd79d026630d2d99e55e8bfe501287647b4fd9743de?s=96&d=mm&r=g\",\"caption\":\"Gonzalo Schmidt\"},\"description\":\"Sitio web de noticias de la provincia de Entre R\u00edos, Argentina. Informaci\u00f3n y entretenimiento. Informe Litoral, nos informamos.\",\"sameAs\":[\"http:\\\/\\\/www.isletasnoticias.com.ar\"],\"url\":\"https:\\\/\\\/informelitoral.com.ar\\\/author\\\/gonzalo\\\/\"}]}<\/script>","yoast_head_json":{"title":"Frigerio y Aluani acompa\u00f1aron el acto de entrega del t\u00edtulo Doctor Honoris Causa a Ricardo Gil Lavedra - Informe Litoral","robots":{"index":"index","follow":"follow","max-snippet":"max-snippet:-1","max-image-preview":"max-image-preview:large","max-video-preview":"max-video-preview:-1"},"canonical":"https:\/\/informelitoral.com.ar\/frigerio-y-aluani-acompanaron-el-acto-de-entrega-del-titulo-doctor-honoris-causa-a-ricardo-gil-lavedra\/","og_locale":"es_ES","og_type":"article","og_title":"Frigerio y Aluani acompa\u00f1aron el acto de entrega del t\u00edtulo Doctor Honoris Causa a Ricardo Gil Lavedra - Informe Litoral","og_description":"Este lunes la Universidad Aut\u00f3noma de Entre R\u00edos (Uader) otorg\u00f3 el t\u00edtulo de Doctor Honoris Causa al Dr. Ricardo Gil Lavedra. La ceremonia cont\u00f3 con la presencia del gobernador Rogelio Frigerio y de la vicegobernadora Alicia Aluani.","og_url":"https:\/\/informelitoral.com.ar\/frigerio-y-aluani-acompanaron-el-acto-de-entrega-del-titulo-doctor-honoris-causa-a-ricardo-gil-lavedra\/","og_site_name":"Informe Litoral","article_publisher":"https:\/\/www.facebook.com\/informelitoral\/","article_published_time":"2026-04-27T23:11:15+00:00","article_modified_time":"2026-04-28T10:13:29+00:00","og_image":[{"url":"https:\/\/www.senadoer.gob.ar\/wp-content\/uploads\/2026\/04\/DSC_5770-4702.jpg-860x573.jpeg","type":"","width":"","height":""}],"author":"Gonzalo Schmidt","twitter_card":"summary_large_image","twitter_image":"https:\/\/www.senadoer.gob.ar\/wp-content\/uploads\/2026\/04\/DSC_5770-4702.jpg-860x573.jpeg","twitter_creator":"@InformeLitoral","twitter_site":"@InformeLitoral","twitter_misc":{"Escrito por":"Gonzalo Schmidt","Tiempo de lectura":"3 minutos"},"schema":{"@context":"https:\/\/schema.org","@graph":[{"@type":"Article","@id":"https:\/\/informelitoral.com.ar\/frigerio-y-aluani-acompanaron-el-acto-de-entrega-del-titulo-doctor-honoris-causa-a-ricardo-gil-lavedra\/#article","isPartOf":{"@id":"https:\/\/informelitoral.com.ar\/frigerio-y-aluani-acompanaron-el-acto-de-entrega-del-titulo-doctor-honoris-causa-a-ricardo-gil-lavedra\/"},"author":{"name":"Gonzalo Schmidt","@id":"https:\/\/informelitoral.com.ar\/#\/schema\/person\/b9d00407c836482871ef1d57bf8e3180"},"headline":"Frigerio y Aluani acompa\u00f1aron el acto de entrega del t\u00edtulo Doctor Honoris Causa a Ricardo Gil Lavedra","datePublished":"2026-04-27T23:11:15+00:00","dateModified":"2026-04-28T10:13:29+00:00","mainEntityOfPage":{"@id":"https:\/\/informelitoral.com.ar\/frigerio-y-aluani-acompanaron-el-acto-de-entrega-del-titulo-doctor-honoris-causa-a-ricardo-gil-lavedra\/"},"wordCount":683,"commentCount":0,"publisher":{"@id":"https:\/\/informelitoral.com.ar\/#organization"},"image":{"@id":"https:\/\/informelitoral.com.ar\/frigerio-y-aluani-acompanaron-el-acto-de-entrega-del-titulo-doctor-honoris-causa-a-ricardo-gil-lavedra\/#primaryimage"},"thumbnailUrl":"https:\/\/www.senadoer.gob.ar\/%77%70%2d%63%6f%6e%74%65%6e%74\/uploads\/2026\/04\/DSC_5770-4702.jpg-860x573.jpeg","keywords":["Alicia Aluani","Rogelio Frigerio","Vicegobernacion"],"articleSection":["Politica"],"inLanguage":"es","potentialAction":[{"@type":"CommentAction","name":"Comment","target":["https:\/\/informelitoral.com.ar\/frigerio-y-aluani-acompanaron-el-acto-de-entrega-del-titulo-doctor-honoris-causa-a-ricardo-gil-lavedra\/#respond"]}]},{"@type":"WebPage","@id":"https:\/\/informelitoral.com.ar\/frigerio-y-aluani-acompanaron-el-acto-de-entrega-del-titulo-doctor-honoris-causa-a-ricardo-gil-lavedra\/","url":"https:\/\/informelitoral.com.ar\/frigerio-y-aluani-acompanaron-el-acto-de-entrega-del-titulo-doctor-honoris-causa-a-ricardo-gil-lavedra\/","name":"Frigerio y Aluani acompa\u00f1aron el acto de entrega del t\u00edtulo Doctor Honoris Causa a Ricardo Gil Lavedra - Informe Litoral","isPartOf":{"@id":"https:\/\/informelitoral.com.ar\/#website"},"primaryImageOfPage":{"@id":"https:\/\/informelitoral.com.ar\/frigerio-y-aluani-acompanaron-el-acto-de-entrega-del-titulo-doctor-honoris-causa-a-ricardo-gil-lavedra\/#primaryimage"},"image":{"@id":"https:\/\/informelitoral.com.ar\/frigerio-y-aluani-acompanaron-el-acto-de-entrega-del-titulo-doctor-honoris-causa-a-ricardo-gil-lavedra\/#primaryimage"},"thumbnailUrl":"https:\/\/www.senadoer.gob.ar\/%77%70%2d%63%6f%6e%74%65%6e%74\/uploads\/2026\/04\/DSC_5770-4702.jpg-860x573.jpeg","datePublished":"2026-04-27T23:11:15+00:00","dateModified":"2026-04-28T10:13:29+00:00","breadcrumb":{"@id":"https:\/\/informelitoral.com.ar\/frigerio-y-aluani-acompanaron-el-acto-de-entrega-del-titulo-doctor-honoris-causa-a-ricardo-gil-lavedra\/#breadcrumb"},"inLanguage":"es","potentialAction":[{"@type":"ReadAction","target":["https:\/\/informelitoral.com.ar\/frigerio-y-aluani-acompanaron-el-acto-de-entrega-del-titulo-doctor-honoris-causa-a-ricardo-gil-lavedra\/"]}]},{"@type":"ImageObject","inLanguage":"es","@id":"https:\/\/informelitoral.com.ar\/frigerio-y-aluani-acompanaron-el-acto-de-entrega-del-titulo-doctor-honoris-causa-a-ricardo-gil-lavedra\/#primaryimage","url":"https:\/\/www.senadoer.gob.ar\/%77%70%2d%63%6f%6e%74%65%6e%74\/uploads\/2026\/04\/DSC_5770-4702.jpg-860x573.jpeg","contentUrl":"https:\/\/www.senadoer.gob.ar\/%77%70%2d%63%6f%6e%74%65%6e%74\/uploads\/2026\/04\/DSC_5770-4702.jpg-860x573.jpeg","width":"860","height":"573"},{"@type":"BreadcrumbList","@id":"https:\/\/informelitoral.com.ar\/frigerio-y-aluani-acompanaron-el-acto-de-entrega-del-titulo-doctor-honoris-causa-a-ricardo-gil-lavedra\/#breadcrumb","itemListElement":[{"@type":"ListItem","position":1,"name":"Portada","item":"https:\/\/informelitoral.com.ar\/"},{"@type":"ListItem","position":2,"name":"Frigerio y Aluani acompa\u00f1aron el acto de entrega del t\u00edtulo Doctor Honoris Causa a Ricardo Gil Lavedra"}]},{"@type":"WebSite","@id":"https:\/\/informelitoral.com.ar\/#website","url":"https:\/\/informelitoral.com.ar\/","name":"Informe Litoral","description":"&quot;Nos informamos&quot; ","publisher":{"@id":"https:\/\/informelitoral.com.ar\/#organization"},"potentialAction":[{"@type":"SearchAction","target":{"@type":"EntryPoint","urlTemplate":"https:\/\/informelitoral.com.ar\/?s={search_term_string}"},"query-input":{"@type":"PropertyValueSpecification","valueRequired":true,"valueName":"search_term_string"}}],"inLanguage":"es"},{"@type":"Organization","@id":"https:\/\/informelitoral.com.ar\/#organization","name":"Informe Litoral","url":"https:\/\/informelitoral.com.ar\/","logo":{"@type":"ImageObject","inLanguage":"es","@id":"https:\/\/informelitoral.com.ar\/#\/schema\/logo\/image\/","url":"https:\/\/informelitoral.com.ar\/%77%70%2d%63%6f%6e%74%65%6e%74\/uploads\/2021\/01\/circulo.png","contentUrl":"https:\/\/informelitoral.com.ar\/%77%70%2d%63%6f%6e%74%65%6e%74\/uploads\/2021\/01\/circulo.png","width":723,"height":731,"caption":"Informe Litoral"},"image":{"@id":"https:\/\/informelitoral.com.ar\/#\/schema\/logo\/image\/"},"sameAs":["https:\/\/www.facebook.com\/informelitoral\/","https:\/\/x.com\/InformeLitoral","https:\/\/www.instagram.com\/informelitoral\/","https:\/\/www.youtube.com\/channel\/UCua4Qvz8Icb6MYqhoq9xLXw"]},{"@type":"Person","@id":"https:\/\/informelitoral.com.ar\/#\/schema\/person\/b9d00407c836482871ef1d57bf8e3180","name":"Gonzalo Schmidt","image":{"@type":"ImageObject","inLanguage":"es","@id":"https:\/\/secure.gravatar.com\/avatar\/31a1a7b66ff2de83bd0e9fd79d026630d2d99e55e8bfe501287647b4fd9743de?s=96&d=mm&r=g","url":"https:\/\/secure.gravatar.com\/avatar\/31a1a7b66ff2de83bd0e9fd79d026630d2d99e55e8bfe501287647b4fd9743de?s=96&d=mm&r=g","contentUrl":"https:\/\/secure.gravatar.com\/avatar\/31a1a7b66ff2de83bd0e9fd79d026630d2d99e55e8bfe501287647b4fd9743de?s=96&d=mm&r=g","caption":"Gonzalo Schmidt"},"description":"Sitio web de noticias de la provincia de Entre R\u00edos, Argentina. Informaci\u00f3n y entretenimiento. Informe Litoral, nos informamos.","sameAs":["http:\/\/www.isletasnoticias.com.ar"],"url":"https:\/\/informelitoral.com.ar\/author\/gonzalo\/"}]}},"fifu_image_url":"https:\/\/www.senadoer.gob.ar\/wp-content\/uploads\/2026\/04\/DSC_5770-4702.jpg-860x573.jpeg","_links":{"self":[{"href":"https:\/\/informelitoral.com.ar\/%77%70%2d%6a%73%6f%6e\/wp\/v2\/posts\/258698","targetHints":{"allow":["GET"]}}],"collection":[{"href":"https:\/\/informelitoral.com.ar\/%77%70%2d%6a%73%6f%6e\/wp\/v2\/posts"}],"about":[{"href":"https:\/\/informelitoral.com.ar\/%77%70%2d%6a%73%6f%6e\/wp\/v2\/types\/post"}],"author":[{"embeddable":true,"href":"https:\/\/informelitoral.com.ar\/%77%70%2d%6a%73%6f%6e\/wp\/v2\/users\/2"}],"replies":[{"embeddable":true,"href":"https:\/\/informelitoral.com.ar\/%77%70%2d%6a%73%6f%6e\/wp\/v2\/comments?post=258698"}],"version-history":[{"count":1,"href":"https:\/\/informelitoral.com.ar\/%77%70%2d%6a%73%6f%6e\/wp\/v2\/posts\/258698\/revisions"}],"predecessor-version":[{"id":258700,"href":"https:\/\/informelitoral.com.ar\/%77%70%2d%6a%73%6f%6e\/wp\/v2\/posts\/258698\/revisions\/258700"}],"wp:featuredmedia":[{"embeddable":true,"href":"https:\/\/informelitoral.com.ar\/%77%70%2d%6a%73%6f%6e\/wp\/v2\/media\/258699"}],"wp:attachment":[{"href":"https:\/\/informelitoral.com.ar\/%77%70%2d%6a%73%6f%6e\/wp\/v2\/media?parent=258698"}],"wp:term":[{"taxonomy":"category","embeddable":true,"href":"https:\/\/informelitoral.com.ar\/%77%70%2d%6a%73%6f%6e\/wp\/v2\/categories?post=258698"},{"taxonomy":"post_tag","embeddable":true,"href":"https:\/\/informelitoral.com.ar\/%77%70%2d%6a%73%6f%6e\/wp\/v2\/tags?post=258698"}],"curies":[{"name":"wp","href":"https:\/\/api.w.org\/{rel}","templated":true}]}}