{"id":258685,"date":"2026-04-27T21:48:36","date_gmt":"2026-04-28T00:48:36","guid":{"rendered":"https:\/\/informelitoral.com.ar\/?p=258685"},"modified":"2026-04-27T23:23:17","modified_gmt":"2026-04-28T02:23:17","slug":"parana-cayo-el-hombre-que-baleo-a-otro-frente-a-ninos-en-un-partido-de-futbol","status":"publish","type":"post","link":"https:\/\/informelitoral.com.ar\/parana-cayo-el-hombre-que-baleo-a-otro-frente-a-ninos-en-un-partido-de-futbol\/","title":{"rendered":"Paran\u00e1: detuvieron al hombre que bale\u00f3 a otro frente a ni\u00f1os en un partido de f\u00fatbol"},"content":{"rendered":"<p data-path-to-node=\"4\">Seg\u00fan se expres\u00f3 a<b data-path-to-node=\"4\" data-index-in-node=\"154\"><em> Informe Litoral<\/em><\/b>, la Divisi\u00f3n Homicidios de la Polic\u00eda de Entre R\u00edos concret\u00f3 este lunes la <b data-path-to-node=\"4\" data-index-in-node=\"258\">detenci\u00f3n de un hombre de 37 a\u00f1os<\/b> en calle Tacuar\u00ed, luego de una investigaci\u00f3n que incluy\u00f3 el an\u00e1lisis de videos clave y tareas de inteligencia coordinadas con la Comisar\u00eda Tercera y el sistema 911.<\/p>\n<p data-path-to-node=\"5\">El hecho, que roz\u00f3 la tragedia, ocurri\u00f3 el pasado viernes cerca de las 19:20, en una de las canchas del <b data-path-to-node=\"5\" data-index-in-node=\"110\">Parque Gazzano<\/b> donde se desarrollaba un partido de f\u00fatbol infantil con ni\u00f1os de entre 10 y 11 a\u00f1os. De acuerdo al relato de la v\u00edctima, identificada como Mauricio, el atacante se present\u00f3 con una remera amarilla y una actitud sumamente hostil, increp\u00e1ndolo por una supuesta agresi\u00f3n previa hacia su hijo. Tras un breve intercambio de palabras y un intento de agresi\u00f3n f\u00edsica, el sospechoso extrajo un rev\u00f3lver y <b data-path-to-node=\"5\" data-index-in-node=\"522\">le efectu\u00f3 un disparo que impact\u00f3 en el muslo izquierdo<\/b> del hombre, para luego darse a la fuga amenazando a los presentes.<\/p>\n<p data-path-to-node=\"7\">Durante el operativo de captura realizado hoy, las autoridades procedieron adem\u00e1s al <b data-path-to-node=\"7\" data-index-in-node=\"85\">secuestro de telefon\u00eda celular y prendas de vestir<\/b> que coinciden con las captadas en las grabaciones del momento del disparo. El detenido ya se encuentra a disposici\u00f3n de la Justicia, enfrentando cargos por el uso de arma de fuego y amenazas, en una causa que ha generado una indignaci\u00f3n social por la vulneraci\u00f3n de un \u00e1mbito destinado exclusivamente al deporte y la recreaci\u00f3n infantil.<\/p>\n","protected":false},"excerpt":{"rendered":"<p>El violento episodio ocurri\u00f3 tras una disputa entre menores. La Divisi\u00f3n Homicidios detuvo este lunes al agresor en barrio Consejo, luego de que el ataque quedara registrado en video.<\/p>\n","protected":false},"author":8,"featured_media":258687,"comment_status":"open","ping_status":"open","sticky":false,"template":"","format":"standard","meta":{"fifu_image_url":"","fifu_image_alt":"","footnotes":""},"categories":[14],"tags":[3027,307,3163,45],"class_list":{"0":"post-258685","1":"post","2":"type-post","3":"status-publish","4":"format-standard","5":"has-post-thumbnail","7":"category-policiales","8":"tag-baleado","9":"tag-detenido","10":"tag-herido","11":"tag-parana"},"yoast_head":"<title>Paran\u00e1: detuvieron al hombre que bale\u00f3 a otro frente a ni\u00f1os en un partido de f\u00fatbol - Informe Litoral<\/title>\n<meta name=\"robots\" content=\"index, follow, max-snippet:-1, max-image-preview:large, max-video-preview:-1\" \/>\n<link rel=\"canonical\" href=\"https:\/\/informelitoral.com.ar\/parana-cayo-el-hombre-que-baleo-a-otro-frente-a-ninos-en-un-partido-de-futbol\/\" \/>\n<meta property=\"og:locale\" content=\"es_ES\" \/>\n<meta property=\"og:type\" content=\"article\" \/>\n<meta property=\"og:title\" content=\"Paran\u00e1: detuvieron al hombre que bale\u00f3 a otro frente a ni\u00f1os en un partido de f\u00fatbol - Informe Litoral\" \/>\n<meta property=\"og:description\" content=\"El violento episodio ocurri\u00f3 tras una disputa entre menores. La Divisi\u00f3n Homicidios detuvo este lunes al agresor en barrio Consejo, luego de que el ataque quedara registrado en video.\" \/>\n<meta property=\"og:url\" content=\"https:\/\/informelitoral.com.ar\/parana-cayo-el-hombre-que-baleo-a-otro-frente-a-ninos-en-un-partido-de-futbol\/\" \/>\n<meta property=\"og:site_name\" content=\"Informe Litoral\" \/>\n<meta property=\"article:publisher\" content=\"https:\/\/www.facebook.com\/informelitoral\/\" \/>\n<meta property=\"article:published_time\" content=\"2026-04-28T00:48:36+00:00\" \/>\n<meta property=\"article:modified_time\" content=\"2026-04-28T02:23:17+00:00\" \/>\n<meta property=\"og:image\" content=\"https:\/\/drive.google.com\/thumbnail?id=16sFgIflMoZSBSYbv8-vpev46xk2G4rMP&sz=w2048\" \/>\n\t<meta property=\"og:image:width\" content=\"940\" \/>\n\t<meta property=\"og:image:height\" content=\"788\" \/>\n\t<meta property=\"og:image:type\" content=\"image\/jpeg\" \/>\n<meta name=\"author\" content=\"Sebastian\" \/>\n<meta name=\"twitter:card\" content=\"summary_large_image\" \/>\n<meta name=\"twitter:creator\" content=\"@InformeLitoral\" \/>\n<meta name=\"twitter:site\" content=\"@InformeLitoral\" \/>\n<meta name=\"twitter:label1\" content=\"Escrito por\" \/>\n\t<meta name=\"twitter:data1\" content=\"Sebastian\" \/>\n\t<meta name=\"twitter:label2\" content=\"Tiempo de lectura\" \/>\n\t<meta name=\"twitter:data2\" content=\"2 minutos\" \/>\n<script type=\"application\/ld+json\" class=\"yoast-schema-graph\">{\"@context\":\"https:\\\/\\\/schema.org\",\"@graph\":[{\"@type\":\"Article\",\"@id\":\"https:\\\/\\\/informelitoral.com.ar\\\/parana-cayo-el-hombre-que-baleo-a-otro-frente-a-ninos-en-un-partido-de-futbol\\\/#article\",\"isPartOf\":{\"@id\":\"https:\\\/\\\/informelitoral.com.ar\\\/parana-cayo-el-hombre-que-baleo-a-otro-frente-a-ninos-en-un-partido-de-futbol\\\/\"},\"author\":{\"name\":\"Sebastian\",\"@id\":\"https:\\\/\\\/informelitoral.com.ar\\\/#\\\/schema\\\/person\\\/f05f9f461677119578717524b127d6d5\"},\"headline\":\"Paran\u00e1: detuvieron al hombre que bale\u00f3 a otro frente a ni\u00f1os en un partido de f\u00fatbol\",\"datePublished\":\"2026-04-28T00:48:36+00:00\",\"dateModified\":\"2026-04-28T02:23:17+00:00\",\"mainEntityOfPage\":{\"@id\":\"https:\\\/\\\/informelitoral.com.ar\\\/parana-cayo-el-hombre-que-baleo-a-otro-frente-a-ninos-en-un-partido-de-futbol\\\/\"},\"wordCount\":276,\"commentCount\":0,\"publisher\":{\"@id\":\"https:\\\/\\\/informelitoral.com.ar\\\/#organization\"},\"image\":{\"@id\":\"https:\\\/\\\/informelitoral.com.ar\\\/parana-cayo-el-hombre-que-baleo-a-otro-frente-a-ninos-en-un-partido-de-futbol\\\/#primaryimage\"},\"thumbnailUrl\":\"https:\\\/\\\/drive.google.com\\\/thumbnail?id=16sFgIflMoZSBSYbv8-vpev46xk2G4rMP&sz=w2048\",\"keywords\":[\"Baleado\",\"Detenido\",\"Herido\",\"Paran\u00e1\"],\"articleSection\":[\"Policiales\"],\"inLanguage\":\"es\",\"potentialAction\":[{\"@type\":\"CommentAction\",\"name\":\"Comment\",\"target\":[\"https:\\\/\\\/informelitoral.com.ar\\\/parana-cayo-el-hombre-que-baleo-a-otro-frente-a-ninos-en-un-partido-de-futbol\\\/#respond\"]}]},{\"@type\":\"WebPage\",\"@id\":\"https:\\\/\\\/informelitoral.com.ar\\\/parana-cayo-el-hombre-que-baleo-a-otro-frente-a-ninos-en-un-partido-de-futbol\\\/\",\"url\":\"https:\\\/\\\/informelitoral.com.ar\\\/parana-cayo-el-hombre-que-baleo-a-otro-frente-a-ninos-en-un-partido-de-futbol\\\/\",\"name\":\"Paran\u00e1: detuvieron al hombre que bale\u00f3 a otro frente a ni\u00f1os en un partido de f\u00fatbol - Informe Litoral\",\"isPartOf\":{\"@id\":\"https:\\\/\\\/informelitoral.com.ar\\\/#website\"},\"primaryImageOfPage\":{\"@id\":\"https:\\\/\\\/informelitoral.com.ar\\\/parana-cayo-el-hombre-que-baleo-a-otro-frente-a-ninos-en-un-partido-de-futbol\\\/#primaryimage\"},\"image\":{\"@id\":\"https:\\\/\\\/informelitoral.com.ar\\\/parana-cayo-el-hombre-que-baleo-a-otro-frente-a-ninos-en-un-partido-de-futbol\\\/#primaryimage\"},\"thumbnailUrl\":\"https:\\\/\\\/drive.google.com\\\/thumbnail?id=16sFgIflMoZSBSYbv8-vpev46xk2G4rMP&sz=w2048\",\"datePublished\":\"2026-04-28T00:48:36+00:00\",\"dateModified\":\"2026-04-28T02:23:17+00:00\",\"breadcrumb\":{\"@id\":\"https:\\\/\\\/informelitoral.com.ar\\\/parana-cayo-el-hombre-que-baleo-a-otro-frente-a-ninos-en-un-partido-de-futbol\\\/#breadcrumb\"},\"inLanguage\":\"es\",\"potentialAction\":[{\"@type\":\"ReadAction\",\"target\":[\"https:\\\/\\\/informelitoral.com.ar\\\/parana-cayo-el-hombre-que-baleo-a-otro-frente-a-ninos-en-un-partido-de-futbol\\\/\"]}]},{\"@type\":\"ImageObject\",\"inLanguage\":\"es\",\"@id\":\"https:\\\/\\\/informelitoral.com.ar\\\/parana-cayo-el-hombre-que-baleo-a-otro-frente-a-ninos-en-un-partido-de-futbol\\\/#primaryimage\",\"url\":\"https:\\\/\\\/drive.google.com\\\/thumbnail?id=16sFgIflMoZSBSYbv8-vpev46xk2G4rMP&sz=w2048\",\"contentUrl\":\"https:\\\/\\\/drive.google.com\\\/thumbnail?id=16sFgIflMoZSBSYbv8-vpev46xk2G4rMP&sz=w2048\",\"width\":940,\"height\":788},{\"@type\":\"BreadcrumbList\",\"@id\":\"https:\\\/\\\/informelitoral.com.ar\\\/parana-cayo-el-hombre-que-baleo-a-otro-frente-a-ninos-en-un-partido-de-futbol\\\/#breadcrumb\",\"itemListElement\":[{\"@type\":\"ListItem\",\"position\":1,\"name\":\"Portada\",\"item\":\"https:\\\/\\\/informelitoral.com.ar\\\/\"},{\"@type\":\"ListItem\",\"position\":2,\"name\":\"Paran\u00e1: detuvieron al hombre que bale\u00f3 a otro frente a ni\u00f1os en un partido de f\u00fatbol\"}]},{\"@type\":\"WebSite\",\"@id\":\"https:\\\/\\\/informelitoral.com.ar\\\/#website\",\"url\":\"https:\\\/\\\/informelitoral.com.ar\\\/\",\"name\":\"Informe Litoral\",\"description\":\"&quot;Nos informamos&quot; \",\"publisher\":{\"@id\":\"https:\\\/\\\/informelitoral.com.ar\\\/#organization\"},\"potentialAction\":[{\"@type\":\"SearchAction\",\"target\":{\"@type\":\"EntryPoint\",\"urlTemplate\":\"https:\\\/\\\/informelitoral.com.ar\\\/?s={search_term_string}\"},\"query-input\":{\"@type\":\"PropertyValueSpecification\",\"valueRequired\":true,\"valueName\":\"search_term_string\"}}],\"inLanguage\":\"es\"},{\"@type\":\"Organization\",\"@id\":\"https:\\\/\\\/informelitoral.com.ar\\\/#organization\",\"name\":\"Informe Litoral\",\"url\":\"https:\\\/\\\/informelitoral.com.ar\\\/\",\"logo\":{\"@type\":\"ImageObject\",\"inLanguage\":\"es\",\"@id\":\"https:\\\/\\\/informelitoral.com.ar\\\/#\\\/schema\\\/logo\\\/image\\\/\",\"url\":\"https:\\\/\\\/informelitoral.com.ar\\\/%77%70%2d%63%6f%6e%74%65%6e%74\\\/uploads\\\/2021\\\/01\\\/circulo.png\",\"contentUrl\":\"https:\\\/\\\/informelitoral.com.ar\\\/%77%70%2d%63%6f%6e%74%65%6e%74\\\/uploads\\\/2021\\\/01\\\/circulo.png\",\"width\":723,\"height\":731,\"caption\":\"Informe Litoral\"},\"image\":{\"@id\":\"https:\\\/\\\/informelitoral.com.ar\\\/#\\\/schema\\\/logo\\\/image\\\/\"},\"sameAs\":[\"https:\\\/\\\/www.facebook.com\\\/informelitoral\\\/\",\"https:\\\/\\\/x.com\\\/InformeLitoral\",\"https:\\\/\\\/www.instagram.com\\\/informelitoral\\\/\",\"https:\\\/\\\/www.youtube.com\\\/channel\\\/UCua4Qvz8Icb6MYqhoq9xLXw\"]},{\"@type\":\"Person\",\"@id\":\"https:\\\/\\\/informelitoral.com.ar\\\/#\\\/schema\\\/person\\\/f05f9f461677119578717524b127d6d5\",\"name\":\"Sebastian\",\"image\":{\"@type\":\"ImageObject\",\"inLanguage\":\"es\",\"@id\":\"https:\\\/\\\/secure.gravatar.com\\\/avatar\\\/b71bf7481d447dfb9583c7f2798e7cc64de6efb9067b74633ed8c31059a3bd82?s=96&d=mm&r=g\",\"url\":\"https:\\\/\\\/secure.gravatar.com\\\/avatar\\\/b71bf7481d447dfb9583c7f2798e7cc64de6efb9067b74633ed8c31059a3bd82?s=96&d=mm&r=g\",\"contentUrl\":\"https:\\\/\\\/secure.gravatar.com\\\/avatar\\\/b71bf7481d447dfb9583c7f2798e7cc64de6efb9067b74633ed8c31059a3bd82?s=96&d=mm&r=g\",\"caption\":\"Sebastian\"},\"url\":\"https:\\\/\\\/informelitoral.com.ar\\\/author\\\/sebastian\\\/\"}]}<\/script>","yoast_head_json":{"title":"Paran\u00e1: detuvieron al hombre que bale\u00f3 a otro frente a ni\u00f1os en un partido de f\u00fatbol - Informe Litoral","robots":{"index":"index","follow":"follow","max-snippet":"max-snippet:-1","max-image-preview":"max-image-preview:large","max-video-preview":"max-video-preview:-1"},"canonical":"https:\/\/informelitoral.com.ar\/parana-cayo-el-hombre-que-baleo-a-otro-frente-a-ninos-en-un-partido-de-futbol\/","og_locale":"es_ES","og_type":"article","og_title":"Paran\u00e1: detuvieron al hombre que bale\u00f3 a otro frente a ni\u00f1os en un partido de f\u00fatbol - Informe Litoral","og_description":"El violento episodio ocurri\u00f3 tras una disputa entre menores. La Divisi\u00f3n Homicidios detuvo este lunes al agresor en barrio Consejo, luego de que el ataque quedara registrado en video.","og_url":"https:\/\/informelitoral.com.ar\/parana-cayo-el-hombre-que-baleo-a-otro-frente-a-ninos-en-un-partido-de-futbol\/","og_site_name":"Informe Litoral","article_publisher":"https:\/\/www.facebook.com\/informelitoral\/","article_published_time":"2026-04-28T00:48:36+00:00","article_modified_time":"2026-04-28T02:23:17+00:00","og_image":[{"width":940,"height":788,"url":"https:\/\/drive.google.com\/thumbnail?id=16sFgIflMoZSBSYbv8-vpev46xk2G4rMP&sz=w2048","type":"image\/jpeg"}],"author":"Sebastian","twitter_card":"summary_large_image","twitter_creator":"@InformeLitoral","twitter_site":"@InformeLitoral","twitter_misc":{"Escrito por":"Sebastian","Tiempo de lectura":"2 minutos"},"schema":{"@context":"https:\/\/schema.org","@graph":[{"@type":"Article","@id":"https:\/\/informelitoral.com.ar\/parana-cayo-el-hombre-que-baleo-a-otro-frente-a-ninos-en-un-partido-de-futbol\/#article","isPartOf":{"@id":"https:\/\/informelitoral.com.ar\/parana-cayo-el-hombre-que-baleo-a-otro-frente-a-ninos-en-un-partido-de-futbol\/"},"author":{"name":"Sebastian","@id":"https:\/\/informelitoral.com.ar\/#\/schema\/person\/f05f9f461677119578717524b127d6d5"},"headline":"Paran\u00e1: detuvieron al hombre que bale\u00f3 a otro frente a ni\u00f1os en un partido de f\u00fatbol","datePublished":"2026-04-28T00:48:36+00:00","dateModified":"2026-04-28T02:23:17+00:00","mainEntityOfPage":{"@id":"https:\/\/informelitoral.com.ar\/parana-cayo-el-hombre-que-baleo-a-otro-frente-a-ninos-en-un-partido-de-futbol\/"},"wordCount":276,"commentCount":0,"publisher":{"@id":"https:\/\/informelitoral.com.ar\/#organization"},"image":{"@id":"https:\/\/informelitoral.com.ar\/parana-cayo-el-hombre-que-baleo-a-otro-frente-a-ninos-en-un-partido-de-futbol\/#primaryimage"},"thumbnailUrl":"https:\/\/drive.google.com\/thumbnail?id=16sFgIflMoZSBSYbv8-vpev46xk2G4rMP&sz=w2048","keywords":["Baleado","Detenido","Herido","Paran\u00e1"],"articleSection":["Policiales"],"inLanguage":"es","potentialAction":[{"@type":"CommentAction","name":"Comment","target":["https:\/\/informelitoral.com.ar\/parana-cayo-el-hombre-que-baleo-a-otro-frente-a-ninos-en-un-partido-de-futbol\/#respond"]}]},{"@type":"WebPage","@id":"https:\/\/informelitoral.com.ar\/parana-cayo-el-hombre-que-baleo-a-otro-frente-a-ninos-en-un-partido-de-futbol\/","url":"https:\/\/informelitoral.com.ar\/parana-cayo-el-hombre-que-baleo-a-otro-frente-a-ninos-en-un-partido-de-futbol\/","name":"Paran\u00e1: detuvieron al hombre que bale\u00f3 a otro frente a ni\u00f1os en un partido de f\u00fatbol - Informe Litoral","isPartOf":{"@id":"https:\/\/informelitoral.com.ar\/#website"},"primaryImageOfPage":{"@id":"https:\/\/informelitoral.com.ar\/parana-cayo-el-hombre-que-baleo-a-otro-frente-a-ninos-en-un-partido-de-futbol\/#primaryimage"},"image":{"@id":"https:\/\/informelitoral.com.ar\/parana-cayo-el-hombre-que-baleo-a-otro-frente-a-ninos-en-un-partido-de-futbol\/#primaryimage"},"thumbnailUrl":"https:\/\/drive.google.com\/thumbnail?id=16sFgIflMoZSBSYbv8-vpev46xk2G4rMP&sz=w2048","datePublished":"2026-04-28T00:48:36+00:00","dateModified":"2026-04-28T02:23:17+00:00","breadcrumb":{"@id":"https:\/\/informelitoral.com.ar\/parana-cayo-el-hombre-que-baleo-a-otro-frente-a-ninos-en-un-partido-de-futbol\/#breadcrumb"},"inLanguage":"es","potentialAction":[{"@type":"ReadAction","target":["https:\/\/informelitoral.com.ar\/parana-cayo-el-hombre-que-baleo-a-otro-frente-a-ninos-en-un-partido-de-futbol\/"]}]},{"@type":"ImageObject","inLanguage":"es","@id":"https:\/\/informelitoral.com.ar\/parana-cayo-el-hombre-que-baleo-a-otro-frente-a-ninos-en-un-partido-de-futbol\/#primaryimage","url":"https:\/\/drive.google.com\/thumbnail?id=16sFgIflMoZSBSYbv8-vpev46xk2G4rMP&sz=w2048","contentUrl":"https:\/\/drive.google.com\/thumbnail?id=16sFgIflMoZSBSYbv8-vpev46xk2G4rMP&sz=w2048","width":940,"height":788},{"@type":"BreadcrumbList","@id":"https:\/\/informelitoral.com.ar\/parana-cayo-el-hombre-que-baleo-a-otro-frente-a-ninos-en-un-partido-de-futbol\/#breadcrumb","itemListElement":[{"@type":"ListItem","position":1,"name":"Portada","item":"https:\/\/informelitoral.com.ar\/"},{"@type":"ListItem","position":2,"name":"Paran\u00e1: detuvieron al hombre que bale\u00f3 a otro frente a ni\u00f1os en un partido de f\u00fatbol"}]},{"@type":"WebSite","@id":"https:\/\/informelitoral.com.ar\/#website","url":"https:\/\/informelitoral.com.ar\/","name":"Informe Litoral","description":"&quot;Nos informamos&quot; ","publisher":{"@id":"https:\/\/informelitoral.com.ar\/#organization"},"potentialAction":[{"@type":"SearchAction","target":{"@type":"EntryPoint","urlTemplate":"https:\/\/informelitoral.com.ar\/?s={search_term_string}"},"query-input":{"@type":"PropertyValueSpecification","valueRequired":true,"valueName":"search_term_string"}}],"inLanguage":"es"},{"@type":"Organization","@id":"https:\/\/informelitoral.com.ar\/#organization","name":"Informe Litoral","url":"https:\/\/informelitoral.com.ar\/","logo":{"@type":"ImageObject","inLanguage":"es","@id":"https:\/\/informelitoral.com.ar\/#\/schema\/logo\/image\/","url":"https:\/\/informelitoral.com.ar\/%77%70%2d%63%6f%6e%74%65%6e%74\/uploads\/2021\/01\/circulo.png","contentUrl":"https:\/\/informelitoral.com.ar\/%77%70%2d%63%6f%6e%74%65%6e%74\/uploads\/2021\/01\/circulo.png","width":723,"height":731,"caption":"Informe Litoral"},"image":{"@id":"https:\/\/informelitoral.com.ar\/#\/schema\/logo\/image\/"},"sameAs":["https:\/\/www.facebook.com\/informelitoral\/","https:\/\/x.com\/InformeLitoral","https:\/\/www.instagram.com\/informelitoral\/","https:\/\/www.youtube.com\/channel\/UCua4Qvz8Icb6MYqhoq9xLXw"]},{"@type":"Person","@id":"https:\/\/informelitoral.com.ar\/#\/schema\/person\/f05f9f461677119578717524b127d6d5","name":"Sebastian","image":{"@type":"ImageObject","inLanguage":"es","@id":"https:\/\/secure.gravatar.com\/avatar\/b71bf7481d447dfb9583c7f2798e7cc64de6efb9067b74633ed8c31059a3bd82?s=96&d=mm&r=g","url":"https:\/\/secure.gravatar.com\/avatar\/b71bf7481d447dfb9583c7f2798e7cc64de6efb9067b74633ed8c31059a3bd82?s=96&d=mm&r=g","contentUrl":"https:\/\/secure.gravatar.com\/avatar\/b71bf7481d447dfb9583c7f2798e7cc64de6efb9067b74633ed8c31059a3bd82?s=96&d=mm&r=g","caption":"Sebastian"},"url":"https:\/\/informelitoral.com.ar\/author\/sebastian\/"}]}},"_links":{"self":[{"href":"https:\/\/informelitoral.com.ar\/%77%70%2d%6a%73%6f%6e\/wp\/v2\/posts\/258685","targetHints":{"allow":["GET"]}}],"collection":[{"href":"https:\/\/informelitoral.com.ar\/%77%70%2d%6a%73%6f%6e\/wp\/v2\/posts"}],"about":[{"href":"https:\/\/informelitoral.com.ar\/%77%70%2d%6a%73%6f%6e\/wp\/v2\/types\/post"}],"author":[{"embeddable":true,"href":"https:\/\/informelitoral.com.ar\/%77%70%2d%6a%73%6f%6e\/wp\/v2\/users\/8"}],"replies":[{"embeddable":true,"href":"https:\/\/informelitoral.com.ar\/%77%70%2d%6a%73%6f%6e\/wp\/v2\/comments?post=258685"}],"version-history":[{"count":5,"href":"https:\/\/informelitoral.com.ar\/%77%70%2d%6a%73%6f%6e\/wp\/v2\/posts\/258685\/revisions"}],"predecessor-version":[{"id":258693,"href":"https:\/\/informelitoral.com.ar\/%77%70%2d%6a%73%6f%6e\/wp\/v2\/posts\/258685\/revisions\/258693"}],"wp:featuredmedia":[{"embeddable":true,"href":"https:\/\/informelitoral.com.ar\/%77%70%2d%6a%73%6f%6e\/wp\/v2\/media\/258687"}],"wp:attachment":[{"href":"https:\/\/informelitoral.com.ar\/%77%70%2d%6a%73%6f%6e\/wp\/v2\/media?parent=258685"}],"wp:term":[{"taxonomy":"category","embeddable":true,"href":"https:\/\/informelitoral.com.ar\/%77%70%2d%6a%73%6f%6e\/wp\/v2\/categories?post=258685"},{"taxonomy":"post_tag","embeddable":true,"href":"https:\/\/informelitoral.com.ar\/%77%70%2d%6a%73%6f%6e\/wp\/v2\/tags?post=258685"}],"curies":[{"name":"wp","href":"https:\/\/api.w.org\/{rel}","templated":true}]}}