{"id":258651,"date":"2026-04-20T18:54:07","date_gmt":"2026-04-20T21:54:07","guid":{"rendered":"https:\/\/informelitoral.com.ar\/?p=258651"},"modified":"2026-04-27T18:59:39","modified_gmt":"2026-04-27T21:59:39","slug":"aranguren-en-marcha-impulso-al-desarrollo-local-acceso-a-la-vivienda-y-solidaridad-comunitaria","status":"publish","type":"post","link":"https:\/\/informelitoral.com.ar\/aranguren-en-marcha-impulso-al-desarrollo-local-acceso-a-la-vivienda-y-solidaridad-comunitaria\/","title":{"rendered":"Aranguren en marcha: Impulso al desarrollo local, acceso a la vivienda y solidaridad comunitaria"},"content":{"rendered":"<p>Entre las iniciativas m\u00e1s destacadas de la semana, se llev\u00f3 adelante una nueva entrega de semillas destinada a vecinos y vecinas, con el firme prop\u00f3sito de fomentar la producci\u00f3n de huertas familiares. Esta herramienta no solo incentiva h\u00e1bitos de vida saludables y pr\u00e1cticas sustentables vinculadas al autoconsumo, sino que se consolida como un apoyo estrat\u00e9gico para la econom\u00eda dom\u00e9stica y el arraigo en la localidad.<\/p>\n<p>En sinton\u00eda con este acompa\u00f1amiento integral, el espacio NIDO Punto Digital reafirma su rol como eje central para la inclusi\u00f3n educativa y tecnol\u00f3gica. A trav\u00e9s de este dispositivo, la comunidad accede de manera constante a informaci\u00f3n sobre becas, capacitaciones y programas de formaci\u00f3n, utilizando herramientas digitales que potencian el desarrollo personal y profesional de los ciudadanos.<\/p>\n<p>Por otro lado, el municipio avanza en su plan de ordenamiento urbano con el anuncio de una nueva subasta p\u00fablica de terrenos en el Barrio Sur, programada para el pr\u00f3ximo jueves 7 de mayo a las 9:30 horas en la Casa del Bicentenario. En esta ocasi\u00f3n, se pondr\u00e1n a disposici\u00f3n 32 lotes totalmente urbanizados con una superficie de 200m <sup>2 <\/sup>y dotados de todos los servicios b\u00e1sicos para la construcci\u00f3n de viviendas familiares, con un precio base de 10.000 d\u00f3lares.<\/p>\n<p>El compromiso social tambi\u00e9n se manifest\u00f3 recientemente en el encuentro solidario \u201cUniendo Pasiones\u201d, realizado el pasado s\u00e1bado 18 de abril en la sede del C.D. y C.A. La jornada, que cont\u00f3 con una masiva participaci\u00f3n, incluy\u00f3 competencias de bochas, torneos de truco, bingo popular y un torneo de chamba organizado por Pelota Paleta Aranguren. Lo recaudado fue destinado a la adquisici\u00f3n de insumos para el Centro de Salud, Eduardo Laurencena.<\/p>\n<h6><em><strong>Del archivo:\u00a0<a href=\"https:\/\/informelitoral.com.ar\/aranguren-luis-siebenlist-firmo-un-convenio-para-fortalecer-la-planificacion-territorial\/\" target=\"_blank\" rel=\"noopener\">Aranguren: Luis Siebenlist firm\u00f3 un convenio para fortalecer la planificaci\u00f3n territorial<\/a><\/strong><\/em><\/h6>\n","protected":false},"excerpt":{"rendered":"<p>Desde el municipio dieron cuenta de las acciones desarrolladas durante la semana. Los detalles en esta nota. <\/p>\n","protected":false},"author":2,"featured_media":189836,"comment_status":"open","ping_status":"open","sticky":false,"template":"","format":"standard","meta":{"fifu_image_url":"","fifu_image_alt":"","footnotes":""},"categories":[4592],"tags":[143,1554,1580,201],"class_list":{"0":"post-258651","1":"post","2":"type-post","3":"status-publish","4":"format-standard","5":"has-post-thumbnail","7":"category-departamento-nogoya","8":"tag-aranguren","9":"tag-departamento-nogoya","10":"tag-municipalidad-de-aranguren","11":"tag-municipios"},"yoast_head":"<title>Aranguren en marcha: Impulso al desarrollo local, acceso a la vivienda y solidaridad comunitaria - Informe Litoral<\/title>\n<meta name=\"robots\" content=\"index, follow, max-snippet:-1, max-image-preview:large, max-video-preview:-1\" \/>\n<link rel=\"canonical\" href=\"https:\/\/informelitoral.com.ar\/aranguren-en-marcha-impulso-al-desarrollo-local-acceso-a-la-vivienda-y-solidaridad-comunitaria\/\" \/>\n<meta property=\"og:locale\" content=\"es_ES\" \/>\n<meta property=\"og:type\" content=\"article\" \/>\n<meta property=\"og:title\" content=\"Aranguren en marcha: Impulso al desarrollo local, acceso a la vivienda y solidaridad comunitaria - Informe Litoral\" \/>\n<meta property=\"og:description\" content=\"Desde el municipio dieron cuenta de las acciones desarrolladas durante la semana. Los detalles en esta nota.\" \/>\n<meta property=\"og:url\" content=\"https:\/\/informelitoral.com.ar\/aranguren-en-marcha-impulso-al-desarrollo-local-acceso-a-la-vivienda-y-solidaridad-comunitaria\/\" \/>\n<meta property=\"og:site_name\" content=\"Informe Litoral\" \/>\n<meta property=\"article:publisher\" content=\"https:\/\/www.facebook.com\/informelitoral\/\" \/>\n<meta property=\"article:published_time\" content=\"2026-04-20T21:54:07+00:00\" \/>\n<meta property=\"article:modified_time\" content=\"2026-04-27T21:59:39+00:00\" \/>\n<meta property=\"og:image\" content=\"https:\/\/informelitoral.com.ar\/%77%70%2d%63%6f%6e%74%65%6e%74\/uploads\/2024\/06\/Frente-Municipalidad.jpg\" \/>\n\t<meta property=\"og:image:width\" content=\"1600\" \/>\n\t<meta property=\"og:image:height\" content=\"1066\" \/>\n\t<meta property=\"og:image:type\" content=\"image\/jpeg\" \/>\n<meta name=\"author\" content=\"Gonzalo Schmidt\" \/>\n<meta name=\"twitter:card\" content=\"summary_large_image\" \/>\n<meta name=\"twitter:creator\" content=\"@InformeLitoral\" \/>\n<meta name=\"twitter:site\" content=\"@InformeLitoral\" \/>\n<meta name=\"twitter:label1\" content=\"Escrito por\" \/>\n\t<meta name=\"twitter:data1\" content=\"Gonzalo Schmidt\" \/>\n\t<meta name=\"twitter:label2\" content=\"Tiempo de lectura\" \/>\n\t<meta name=\"twitter:data2\" content=\"2 minutos\" \/>\n<script type=\"application\/ld+json\" class=\"yoast-schema-graph\">{\"@context\":\"https:\\\/\\\/schema.org\",\"@graph\":[{\"@type\":\"Article\",\"@id\":\"https:\\\/\\\/informelitoral.com.ar\\\/aranguren-en-marcha-impulso-al-desarrollo-local-acceso-a-la-vivienda-y-solidaridad-comunitaria\\\/#article\",\"isPartOf\":{\"@id\":\"https:\\\/\\\/informelitoral.com.ar\\\/aranguren-en-marcha-impulso-al-desarrollo-local-acceso-a-la-vivienda-y-solidaridad-comunitaria\\\/\"},\"author\":{\"name\":\"Gonzalo Schmidt\",\"@id\":\"https:\\\/\\\/informelitoral.com.ar\\\/#\\\/schema\\\/person\\\/b9d00407c836482871ef1d57bf8e3180\"},\"headline\":\"Aranguren en marcha: Impulso al desarrollo local, acceso a la vivienda y solidaridad comunitaria\",\"datePublished\":\"2026-04-20T21:54:07+00:00\",\"dateModified\":\"2026-04-27T21:59:39+00:00\",\"mainEntityOfPage\":{\"@id\":\"https:\\\/\\\/informelitoral.com.ar\\\/aranguren-en-marcha-impulso-al-desarrollo-local-acceso-a-la-vivienda-y-solidaridad-comunitaria\\\/\"},\"wordCount\":322,\"commentCount\":0,\"publisher\":{\"@id\":\"https:\\\/\\\/informelitoral.com.ar\\\/#organization\"},\"image\":{\"@id\":\"https:\\\/\\\/informelitoral.com.ar\\\/aranguren-en-marcha-impulso-al-desarrollo-local-acceso-a-la-vivienda-y-solidaridad-comunitaria\\\/#primaryimage\"},\"thumbnailUrl\":\"https:\\\/\\\/informelitoral.com.ar\\\/%77%70%2d%63%6f%6e%74%65%6e%74\\\/uploads\\\/2024\\\/06\\\/Frente-Municipalidad.jpg\",\"keywords\":[\"Aranguren\",\"Departamento Nogoy\u00e1\",\"Municipalidad de Aranguren\",\"Municipios\"],\"articleSection\":[\"Departamento Nogoy\u00e1\"],\"inLanguage\":\"es\",\"potentialAction\":[{\"@type\":\"CommentAction\",\"name\":\"Comment\",\"target\":[\"https:\\\/\\\/informelitoral.com.ar\\\/aranguren-en-marcha-impulso-al-desarrollo-local-acceso-a-la-vivienda-y-solidaridad-comunitaria\\\/#respond\"]}]},{\"@type\":\"WebPage\",\"@id\":\"https:\\\/\\\/informelitoral.com.ar\\\/aranguren-en-marcha-impulso-al-desarrollo-local-acceso-a-la-vivienda-y-solidaridad-comunitaria\\\/\",\"url\":\"https:\\\/\\\/informelitoral.com.ar\\\/aranguren-en-marcha-impulso-al-desarrollo-local-acceso-a-la-vivienda-y-solidaridad-comunitaria\\\/\",\"name\":\"Aranguren en marcha: Impulso al desarrollo local, acceso a la vivienda y solidaridad comunitaria - Informe Litoral\",\"isPartOf\":{\"@id\":\"https:\\\/\\\/informelitoral.com.ar\\\/#website\"},\"primaryImageOfPage\":{\"@id\":\"https:\\\/\\\/informelitoral.com.ar\\\/aranguren-en-marcha-impulso-al-desarrollo-local-acceso-a-la-vivienda-y-solidaridad-comunitaria\\\/#primaryimage\"},\"image\":{\"@id\":\"https:\\\/\\\/informelitoral.com.ar\\\/aranguren-en-marcha-impulso-al-desarrollo-local-acceso-a-la-vivienda-y-solidaridad-comunitaria\\\/#primaryimage\"},\"thumbnailUrl\":\"https:\\\/\\\/informelitoral.com.ar\\\/%77%70%2d%63%6f%6e%74%65%6e%74\\\/uploads\\\/2024\\\/06\\\/Frente-Municipalidad.jpg\",\"datePublished\":\"2026-04-20T21:54:07+00:00\",\"dateModified\":\"2026-04-27T21:59:39+00:00\",\"breadcrumb\":{\"@id\":\"https:\\\/\\\/informelitoral.com.ar\\\/aranguren-en-marcha-impulso-al-desarrollo-local-acceso-a-la-vivienda-y-solidaridad-comunitaria\\\/#breadcrumb\"},\"inLanguage\":\"es\",\"potentialAction\":[{\"@type\":\"ReadAction\",\"target\":[\"https:\\\/\\\/informelitoral.com.ar\\\/aranguren-en-marcha-impulso-al-desarrollo-local-acceso-a-la-vivienda-y-solidaridad-comunitaria\\\/\"]}]},{\"@type\":\"ImageObject\",\"inLanguage\":\"es\",\"@id\":\"https:\\\/\\\/informelitoral.com.ar\\\/aranguren-en-marcha-impulso-al-desarrollo-local-acceso-a-la-vivienda-y-solidaridad-comunitaria\\\/#primaryimage\",\"url\":\"https:\\\/\\\/informelitoral.com.ar\\\/%77%70%2d%63%6f%6e%74%65%6e%74\\\/uploads\\\/2024\\\/06\\\/Frente-Municipalidad.jpg\",\"contentUrl\":\"https:\\\/\\\/informelitoral.com.ar\\\/%77%70%2d%63%6f%6e%74%65%6e%74\\\/uploads\\\/2024\\\/06\\\/Frente-Municipalidad.jpg\",\"width\":1600,\"height\":1066},{\"@type\":\"BreadcrumbList\",\"@id\":\"https:\\\/\\\/informelitoral.com.ar\\\/aranguren-en-marcha-impulso-al-desarrollo-local-acceso-a-la-vivienda-y-solidaridad-comunitaria\\\/#breadcrumb\",\"itemListElement\":[{\"@type\":\"ListItem\",\"position\":1,\"name\":\"Portada\",\"item\":\"https:\\\/\\\/informelitoral.com.ar\\\/\"},{\"@type\":\"ListItem\",\"position\":2,\"name\":\"Aranguren en marcha: Impulso al desarrollo local, acceso a la vivienda y solidaridad comunitaria\"}]},{\"@type\":\"WebSite\",\"@id\":\"https:\\\/\\\/informelitoral.com.ar\\\/#website\",\"url\":\"https:\\\/\\\/informelitoral.com.ar\\\/\",\"name\":\"Informe Litoral\",\"description\":\"&quot;Nos informamos&quot; \",\"publisher\":{\"@id\":\"https:\\\/\\\/informelitoral.com.ar\\\/#organization\"},\"potentialAction\":[{\"@type\":\"SearchAction\",\"target\":{\"@type\":\"EntryPoint\",\"urlTemplate\":\"https:\\\/\\\/informelitoral.com.ar\\\/?s={search_term_string}\"},\"query-input\":{\"@type\":\"PropertyValueSpecification\",\"valueRequired\":true,\"valueName\":\"search_term_string\"}}],\"inLanguage\":\"es\"},{\"@type\":\"Organization\",\"@id\":\"https:\\\/\\\/informelitoral.com.ar\\\/#organization\",\"name\":\"Informe Litoral\",\"url\":\"https:\\\/\\\/informelitoral.com.ar\\\/\",\"logo\":{\"@type\":\"ImageObject\",\"inLanguage\":\"es\",\"@id\":\"https:\\\/\\\/informelitoral.com.ar\\\/#\\\/schema\\\/logo\\\/image\\\/\",\"url\":\"https:\\\/\\\/informelitoral.com.ar\\\/%77%70%2d%63%6f%6e%74%65%6e%74\\\/uploads\\\/2021\\\/01\\\/circulo.png\",\"contentUrl\":\"https:\\\/\\\/informelitoral.com.ar\\\/%77%70%2d%63%6f%6e%74%65%6e%74\\\/uploads\\\/2021\\\/01\\\/circulo.png\",\"width\":723,\"height\":731,\"caption\":\"Informe Litoral\"},\"image\":{\"@id\":\"https:\\\/\\\/informelitoral.com.ar\\\/#\\\/schema\\\/logo\\\/image\\\/\"},\"sameAs\":[\"https:\\\/\\\/www.facebook.com\\\/informelitoral\\\/\",\"https:\\\/\\\/x.com\\\/InformeLitoral\",\"https:\\\/\\\/www.instagram.com\\\/informelitoral\\\/\",\"https:\\\/\\\/www.youtube.com\\\/channel\\\/UCua4Qvz8Icb6MYqhoq9xLXw\"]},{\"@type\":\"Person\",\"@id\":\"https:\\\/\\\/informelitoral.com.ar\\\/#\\\/schema\\\/person\\\/b9d00407c836482871ef1d57bf8e3180\",\"name\":\"Gonzalo Schmidt\",\"image\":{\"@type\":\"ImageObject\",\"inLanguage\":\"es\",\"@id\":\"https:\\\/\\\/secure.gravatar.com\\\/avatar\\\/31a1a7b66ff2de83bd0e9fd79d026630d2d99e55e8bfe501287647b4fd9743de?s=96&d=mm&r=g\",\"url\":\"https:\\\/\\\/secure.gravatar.com\\\/avatar\\\/31a1a7b66ff2de83bd0e9fd79d026630d2d99e55e8bfe501287647b4fd9743de?s=96&d=mm&r=g\",\"contentUrl\":\"https:\\\/\\\/secure.gravatar.com\\\/avatar\\\/31a1a7b66ff2de83bd0e9fd79d026630d2d99e55e8bfe501287647b4fd9743de?s=96&d=mm&r=g\",\"caption\":\"Gonzalo Schmidt\"},\"description\":\"Sitio web de noticias de la provincia de Entre R\u00edos, Argentina. Informaci\u00f3n y entretenimiento. Informe Litoral, nos informamos.\",\"sameAs\":[\"http:\\\/\\\/www.isletasnoticias.com.ar\"],\"url\":\"https:\\\/\\\/informelitoral.com.ar\\\/author\\\/gonzalo\\\/\"}]}<\/script>","yoast_head_json":{"title":"Aranguren en marcha: Impulso al desarrollo local, acceso a la vivienda y solidaridad comunitaria - Informe Litoral","robots":{"index":"index","follow":"follow","max-snippet":"max-snippet:-1","max-image-preview":"max-image-preview:large","max-video-preview":"max-video-preview:-1"},"canonical":"https:\/\/informelitoral.com.ar\/aranguren-en-marcha-impulso-al-desarrollo-local-acceso-a-la-vivienda-y-solidaridad-comunitaria\/","og_locale":"es_ES","og_type":"article","og_title":"Aranguren en marcha: Impulso al desarrollo local, acceso a la vivienda y solidaridad comunitaria - Informe Litoral","og_description":"Desde el municipio dieron cuenta de las acciones desarrolladas durante la semana. Los detalles en esta nota.","og_url":"https:\/\/informelitoral.com.ar\/aranguren-en-marcha-impulso-al-desarrollo-local-acceso-a-la-vivienda-y-solidaridad-comunitaria\/","og_site_name":"Informe Litoral","article_publisher":"https:\/\/www.facebook.com\/informelitoral\/","article_published_time":"2026-04-20T21:54:07+00:00","article_modified_time":"2026-04-27T21:59:39+00:00","og_image":[{"width":1600,"height":1066,"url":"https:\/\/informelitoral.com.ar\/%77%70%2d%63%6f%6e%74%65%6e%74\/uploads\/2024\/06\/Frente-Municipalidad.jpg","type":"image\/jpeg"}],"author":"Gonzalo Schmidt","twitter_card":"summary_large_image","twitter_creator":"@InformeLitoral","twitter_site":"@InformeLitoral","twitter_misc":{"Escrito por":"Gonzalo Schmidt","Tiempo de lectura":"2 minutos"},"schema":{"@context":"https:\/\/schema.org","@graph":[{"@type":"Article","@id":"https:\/\/informelitoral.com.ar\/aranguren-en-marcha-impulso-al-desarrollo-local-acceso-a-la-vivienda-y-solidaridad-comunitaria\/#article","isPartOf":{"@id":"https:\/\/informelitoral.com.ar\/aranguren-en-marcha-impulso-al-desarrollo-local-acceso-a-la-vivienda-y-solidaridad-comunitaria\/"},"author":{"name":"Gonzalo Schmidt","@id":"https:\/\/informelitoral.com.ar\/#\/schema\/person\/b9d00407c836482871ef1d57bf8e3180"},"headline":"Aranguren en marcha: Impulso al desarrollo local, acceso a la vivienda y solidaridad comunitaria","datePublished":"2026-04-20T21:54:07+00:00","dateModified":"2026-04-27T21:59:39+00:00","mainEntityOfPage":{"@id":"https:\/\/informelitoral.com.ar\/aranguren-en-marcha-impulso-al-desarrollo-local-acceso-a-la-vivienda-y-solidaridad-comunitaria\/"},"wordCount":322,"commentCount":0,"publisher":{"@id":"https:\/\/informelitoral.com.ar\/#organization"},"image":{"@id":"https:\/\/informelitoral.com.ar\/aranguren-en-marcha-impulso-al-desarrollo-local-acceso-a-la-vivienda-y-solidaridad-comunitaria\/#primaryimage"},"thumbnailUrl":"https:\/\/informelitoral.com.ar\/%77%70%2d%63%6f%6e%74%65%6e%74\/uploads\/2024\/06\/Frente-Municipalidad.jpg","keywords":["Aranguren","Departamento Nogoy\u00e1","Municipalidad de Aranguren","Municipios"],"articleSection":["Departamento Nogoy\u00e1"],"inLanguage":"es","potentialAction":[{"@type":"CommentAction","name":"Comment","target":["https:\/\/informelitoral.com.ar\/aranguren-en-marcha-impulso-al-desarrollo-local-acceso-a-la-vivienda-y-solidaridad-comunitaria\/#respond"]}]},{"@type":"WebPage","@id":"https:\/\/informelitoral.com.ar\/aranguren-en-marcha-impulso-al-desarrollo-local-acceso-a-la-vivienda-y-solidaridad-comunitaria\/","url":"https:\/\/informelitoral.com.ar\/aranguren-en-marcha-impulso-al-desarrollo-local-acceso-a-la-vivienda-y-solidaridad-comunitaria\/","name":"Aranguren en marcha: Impulso al desarrollo local, acceso a la vivienda y solidaridad comunitaria - Informe Litoral","isPartOf":{"@id":"https:\/\/informelitoral.com.ar\/#website"},"primaryImageOfPage":{"@id":"https:\/\/informelitoral.com.ar\/aranguren-en-marcha-impulso-al-desarrollo-local-acceso-a-la-vivienda-y-solidaridad-comunitaria\/#primaryimage"},"image":{"@id":"https:\/\/informelitoral.com.ar\/aranguren-en-marcha-impulso-al-desarrollo-local-acceso-a-la-vivienda-y-solidaridad-comunitaria\/#primaryimage"},"thumbnailUrl":"https:\/\/informelitoral.com.ar\/%77%70%2d%63%6f%6e%74%65%6e%74\/uploads\/2024\/06\/Frente-Municipalidad.jpg","datePublished":"2026-04-20T21:54:07+00:00","dateModified":"2026-04-27T21:59:39+00:00","breadcrumb":{"@id":"https:\/\/informelitoral.com.ar\/aranguren-en-marcha-impulso-al-desarrollo-local-acceso-a-la-vivienda-y-solidaridad-comunitaria\/#breadcrumb"},"inLanguage":"es","potentialAction":[{"@type":"ReadAction","target":["https:\/\/informelitoral.com.ar\/aranguren-en-marcha-impulso-al-desarrollo-local-acceso-a-la-vivienda-y-solidaridad-comunitaria\/"]}]},{"@type":"ImageObject","inLanguage":"es","@id":"https:\/\/informelitoral.com.ar\/aranguren-en-marcha-impulso-al-desarrollo-local-acceso-a-la-vivienda-y-solidaridad-comunitaria\/#primaryimage","url":"https:\/\/informelitoral.com.ar\/%77%70%2d%63%6f%6e%74%65%6e%74\/uploads\/2024\/06\/Frente-Municipalidad.jpg","contentUrl":"https:\/\/informelitoral.com.ar\/%77%70%2d%63%6f%6e%74%65%6e%74\/uploads\/2024\/06\/Frente-Municipalidad.jpg","width":1600,"height":1066},{"@type":"BreadcrumbList","@id":"https:\/\/informelitoral.com.ar\/aranguren-en-marcha-impulso-al-desarrollo-local-acceso-a-la-vivienda-y-solidaridad-comunitaria\/#breadcrumb","itemListElement":[{"@type":"ListItem","position":1,"name":"Portada","item":"https:\/\/informelitoral.com.ar\/"},{"@type":"ListItem","position":2,"name":"Aranguren en marcha: Impulso al desarrollo local, acceso a la vivienda y solidaridad comunitaria"}]},{"@type":"WebSite","@id":"https:\/\/informelitoral.com.ar\/#website","url":"https:\/\/informelitoral.com.ar\/","name":"Informe Litoral","description":"&quot;Nos informamos&quot; ","publisher":{"@id":"https:\/\/informelitoral.com.ar\/#organization"},"potentialAction":[{"@type":"SearchAction","target":{"@type":"EntryPoint","urlTemplate":"https:\/\/informelitoral.com.ar\/?s={search_term_string}"},"query-input":{"@type":"PropertyValueSpecification","valueRequired":true,"valueName":"search_term_string"}}],"inLanguage":"es"},{"@type":"Organization","@id":"https:\/\/informelitoral.com.ar\/#organization","name":"Informe Litoral","url":"https:\/\/informelitoral.com.ar\/","logo":{"@type":"ImageObject","inLanguage":"es","@id":"https:\/\/informelitoral.com.ar\/#\/schema\/logo\/image\/","url":"https:\/\/informelitoral.com.ar\/%77%70%2d%63%6f%6e%74%65%6e%74\/uploads\/2021\/01\/circulo.png","contentUrl":"https:\/\/informelitoral.com.ar\/%77%70%2d%63%6f%6e%74%65%6e%74\/uploads\/2021\/01\/circulo.png","width":723,"height":731,"caption":"Informe Litoral"},"image":{"@id":"https:\/\/informelitoral.com.ar\/#\/schema\/logo\/image\/"},"sameAs":["https:\/\/www.facebook.com\/informelitoral\/","https:\/\/x.com\/InformeLitoral","https:\/\/www.instagram.com\/informelitoral\/","https:\/\/www.youtube.com\/channel\/UCua4Qvz8Icb6MYqhoq9xLXw"]},{"@type":"Person","@id":"https:\/\/informelitoral.com.ar\/#\/schema\/person\/b9d00407c836482871ef1d57bf8e3180","name":"Gonzalo Schmidt","image":{"@type":"ImageObject","inLanguage":"es","@id":"https:\/\/secure.gravatar.com\/avatar\/31a1a7b66ff2de83bd0e9fd79d026630d2d99e55e8bfe501287647b4fd9743de?s=96&d=mm&r=g","url":"https:\/\/secure.gravatar.com\/avatar\/31a1a7b66ff2de83bd0e9fd79d026630d2d99e55e8bfe501287647b4fd9743de?s=96&d=mm&r=g","contentUrl":"https:\/\/secure.gravatar.com\/avatar\/31a1a7b66ff2de83bd0e9fd79d026630d2d99e55e8bfe501287647b4fd9743de?s=96&d=mm&r=g","caption":"Gonzalo Schmidt"},"description":"Sitio web de noticias de la provincia de Entre R\u00edos, Argentina. Informaci\u00f3n y entretenimiento. Informe Litoral, nos informamos.","sameAs":["http:\/\/www.isletasnoticias.com.ar"],"url":"https:\/\/informelitoral.com.ar\/author\/gonzalo\/"}]}},"_links":{"self":[{"href":"https:\/\/informelitoral.com.ar\/%77%70%2d%6a%73%6f%6e\/wp\/v2\/posts\/258651","targetHints":{"allow":["GET"]}}],"collection":[{"href":"https:\/\/informelitoral.com.ar\/%77%70%2d%6a%73%6f%6e\/wp\/v2\/posts"}],"about":[{"href":"https:\/\/informelitoral.com.ar\/%77%70%2d%6a%73%6f%6e\/wp\/v2\/types\/post"}],"author":[{"embeddable":true,"href":"https:\/\/informelitoral.com.ar\/%77%70%2d%6a%73%6f%6e\/wp\/v2\/users\/2"}],"replies":[{"embeddable":true,"href":"https:\/\/informelitoral.com.ar\/%77%70%2d%6a%73%6f%6e\/wp\/v2\/comments?post=258651"}],"version-history":[{"count":2,"href":"https:\/\/informelitoral.com.ar\/%77%70%2d%6a%73%6f%6e\/wp\/v2\/posts\/258651\/revisions"}],"predecessor-version":[{"id":258653,"href":"https:\/\/informelitoral.com.ar\/%77%70%2d%6a%73%6f%6e\/wp\/v2\/posts\/258651\/revisions\/258653"}],"wp:featuredmedia":[{"embeddable":true,"href":"https:\/\/informelitoral.com.ar\/%77%70%2d%6a%73%6f%6e\/wp\/v2\/media\/189836"}],"wp:attachment":[{"href":"https:\/\/informelitoral.com.ar\/%77%70%2d%6a%73%6f%6e\/wp\/v2\/media?parent=258651"}],"wp:term":[{"taxonomy":"category","embeddable":true,"href":"https:\/\/informelitoral.com.ar\/%77%70%2d%6a%73%6f%6e\/wp\/v2\/categories?post=258651"},{"taxonomy":"post_tag","embeddable":true,"href":"https:\/\/informelitoral.com.ar\/%77%70%2d%6a%73%6f%6e\/wp\/v2\/tags?post=258651"}],"curies":[{"name":"wp","href":"https:\/\/api.w.org\/{rel}","templated":true}]}}