{"id":258647,"date":"2026-04-27T18:53:38","date_gmt":"2026-04-27T21:53:38","guid":{"rendered":"https:\/\/informelitoral.com.ar\/?p=258647"},"modified":"2026-04-27T22:01:34","modified_gmt":"2026-04-28T01:01:34","slug":"frigerio-recibio-al-intendente-de-aranguren-para-avanzar-en-proyectos-productivos-y-viales","status":"publish","type":"post","link":"https:\/\/informelitoral.com.ar\/frigerio-recibio-al-intendente-de-aranguren-para-avanzar-en-proyectos-productivos-y-viales\/","title":{"rendered":"Frigerio recibi\u00f3 al intendente de Aranguren para avanzar en proyectos productivos y viales"},"content":{"rendered":"<p data-path-to-node=\"4\">Este lunes, el gobernador <b data-path-to-node=\"4\" data-index-in-node=\"26\">Rogelio Frigerio mantuvo una reuni\u00f3n con el intendente Luis Siebenlist<\/b>, quien present\u00f3 una agenda de trabajo enfocada en potenciar la econom\u00eda de Aranguren. El tema central del encuentro fue el impulso a la <b data-path-to-node=\"4\" data-index-in-node=\"233\">producci\u00f3n porcina<\/b>, para lo cual el municipio proyecta organizar una exposici\u00f3n sectorial. Con el fin de asegurar el \u00e9xito de la muestra, el intendente solicit\u00f3 formalmente <b data-path-to-node=\"4\" data-index-in-node=\"406\">financiamiento a la provincia<\/b>, destacando la importancia de este evento para los productores locales.<\/p>\n<p data-path-to-node=\"5\">Otro eje fundamental de la charla fue la gesti\u00f3n para la <b data-path-to-node=\"5\" data-index-in-node=\"57\">transferencia de un frigor\u00edfico provincial<\/b> que actualmente est\u00e1 inactivo. El objetivo planteado por Siebenlist es recuperar la maquinaria y las instalaciones para ponerlas al servicio de la producci\u00f3n local, logrando as\u00ed un <b data-path-to-node=\"5\" data-index-in-node=\"281\">beneficio directo para los trabajadores del sector<\/b> y reactivando una infraestructura clave que hoy se encuentra sin uso.<\/p>\n<h6 data-path-to-node=\"5\"><em><strong>Del archivo:\u00a0<a href=\"https:\/\/informelitoral.com.ar\/siniestro-vial-en-ruta-35-un-motociclista-resulto-lesionado-en-general-ramirez\/\" target=\"_blank\" rel=\"noopener\">Siniestro vial en Ruta 35: un motociclista result\u00f3 lesionado en General Ram\u00edrez<\/a><\/strong><\/em><\/h6>\n<p data-path-to-node=\"6\">Finalmente, en materia de infraestructura, el intendente manifest\u00f3 la <b data-path-to-node=\"6\" data-index-in-node=\"70\">urgencia de realizar tareas de mantenimiento vial<\/b> en la ruta que une Aranguren con Ram\u00edrez. La intenci\u00f3n es intervenir la calzada de forma inmediata para <b data-path-to-node=\"6\" data-index-in-node=\"224\">evitar el deterioro profundo de la traza<\/b> y garantizar la seguridad vial. Tras el c\u00f3nclave, Siebenlist destac\u00f3 la receptividad de Frigerio y afirm\u00f3 que se retira con <b data-path-to-node=\"6\" data-index-in-node=\"389\">enormes expectativas<\/b> por las respuestas favorables obtenidas para su localidad.<\/p>\n<p>\u00a0 \u00a0 \u00a0 \u00a0 \u00a0 \u00a0 \u00a0 \u00a0 \u00a0 \u00a0 \u00a0 \u00a0 \u00a0 \u00a0 \u00a0 \u00a0 \u00a0 \u00a0 \u00a0 \u00a0 \u00a0 \u00a0 \u00a0 \u00a0 \u00a0 \u00a0 \u00a0 \u00a0 \u00a0 \u00a0 \u00a0 \u00a0 \u00a0 \u00a0 \u00a0 \u00a0 \u00a0 \u00a0 \u00a0 \u00a0 \u00a0 \u00a0 \u00a0 \u00a0 \u00a0 \u00a0<iframe loading=\"lazy\" style=\"border: none; overflow: hidden;\" src=\"https:\/\/www.facebook.com\/plugins\/video.php?height=476&amp;href=https%3A%2F%2Fwww.facebook.com%2Freel%2F1584148749352961%2F&amp;show_text=false&amp;width=267&amp;t=0\" width=\"267\" height=\"476\" frameborder=\"0\" scrolling=\"no\" allowfullscreen=\"allowfullscreen\"><\/iframe><\/p>\n","protected":false},"excerpt":{"rendered":"<p>Durante la reuni\u00f3n, los funcionarios abordaron la creaci\u00f3n de una expo porcina, la recuperaci\u00f3n de un frigor\u00edfico provincial y el mantenimiento urgente de la ruta hacia Ram\u00edrez.<\/p>\n","protected":false},"author":8,"featured_media":258648,"comment_status":"open","ping_status":"open","sticky":false,"template":"","format":"standard","meta":{"fifu_image_url":"","fifu_image_alt":"","footnotes":""},"categories":[4592],"tags":[143,642,949],"class_list":{"0":"post-258647","1":"post","2":"type-post","3":"status-publish","4":"format-standard","5":"has-post-thumbnail","7":"category-departamento-nogoya","8":"tag-aranguren","9":"tag-reunion","10":"tag-rogelio-frigerio"},"yoast_head":"<title>Frigerio recibi\u00f3 al intendente de Aranguren para avanzar en proyectos productivos y viales - Informe Litoral<\/title>\n<meta name=\"robots\" content=\"index, follow, max-snippet:-1, max-image-preview:large, max-video-preview:-1\" \/>\n<link rel=\"canonical\" href=\"https:\/\/informelitoral.com.ar\/frigerio-recibio-al-intendente-de-aranguren-para-avanzar-en-proyectos-productivos-y-viales\/\" \/>\n<meta property=\"og:locale\" content=\"es_ES\" \/>\n<meta property=\"og:type\" content=\"article\" \/>\n<meta property=\"og:title\" content=\"Frigerio recibi\u00f3 al intendente de Aranguren para avanzar en proyectos productivos y viales - Informe Litoral\" \/>\n<meta property=\"og:description\" content=\"Durante la reuni\u00f3n, los funcionarios abordaron la creaci\u00f3n de una expo porcina, la recuperaci\u00f3n de un frigor\u00edfico provincial y el mantenimiento urgente de la ruta hacia Ram\u00edrez.\" \/>\n<meta property=\"og:url\" content=\"https:\/\/informelitoral.com.ar\/frigerio-recibio-al-intendente-de-aranguren-para-avanzar-en-proyectos-productivos-y-viales\/\" \/>\n<meta property=\"og:site_name\" content=\"Informe Litoral\" \/>\n<meta property=\"article:publisher\" content=\"https:\/\/www.facebook.com\/informelitoral\/\" \/>\n<meta property=\"article:published_time\" content=\"2026-04-27T21:53:38+00:00\" \/>\n<meta property=\"article:modified_time\" content=\"2026-04-28T01:01:34+00:00\" \/>\n<meta property=\"og:image\" content=\"https:\/\/drive.google.com\/https:\/\/lh3.googleusercontent.com\/drive-storage\/AJQWtBOplKakoA1rlragGD2tQlnCGTvEfY_SrxJ2FIsHf-QrBmwvltuYDrsA9PCMyYnVMmQQRnQYFyn8zus3pTYsJBCtQNVhmc_EhpcgFTXueH8XzvBlOw=2048-h2048\" \/>\n\t<meta property=\"og:image:width\" content=\"1024\" \/>\n\t<meta property=\"og:image:height\" content=\"1024\" \/>\n\t<meta property=\"og:image:type\" content=\"image\/jpeg\" \/>\n<meta name=\"author\" content=\"Sebastian\" \/>\n<meta name=\"twitter:card\" content=\"summary_large_image\" \/>\n<meta name=\"twitter:creator\" content=\"@InformeLitoral\" \/>\n<meta name=\"twitter:site\" content=\"@InformeLitoral\" \/>\n<meta name=\"twitter:label1\" content=\"Escrito por\" \/>\n\t<meta name=\"twitter:data1\" content=\"Sebastian\" \/>\n\t<meta name=\"twitter:label2\" content=\"Tiempo de lectura\" \/>\n\t<meta name=\"twitter:data2\" content=\"2 minutos\" \/>\n<script type=\"application\/ld+json\" class=\"yoast-schema-graph\">{\"@context\":\"https:\\\/\\\/schema.org\",\"@graph\":[{\"@type\":\"Article\",\"@id\":\"https:\\\/\\\/informelitoral.com.ar\\\/frigerio-recibio-al-intendente-de-aranguren-para-avanzar-en-proyectos-productivos-y-viales\\\/#article\",\"isPartOf\":{\"@id\":\"https:\\\/\\\/informelitoral.com.ar\\\/frigerio-recibio-al-intendente-de-aranguren-para-avanzar-en-proyectos-productivos-y-viales\\\/\"},\"author\":{\"name\":\"Sebastian\",\"@id\":\"https:\\\/\\\/informelitoral.com.ar\\\/#\\\/schema\\\/person\\\/f05f9f461677119578717524b127d6d5\"},\"headline\":\"Frigerio recibi\u00f3 al intendente de Aranguren para avanzar en proyectos productivos y viales\",\"datePublished\":\"2026-04-27T21:53:38+00:00\",\"dateModified\":\"2026-04-28T01:01:34+00:00\",\"mainEntityOfPage\":{\"@id\":\"https:\\\/\\\/informelitoral.com.ar\\\/frigerio-recibio-al-intendente-de-aranguren-para-avanzar-en-proyectos-productivos-y-viales\\\/\"},\"wordCount\":246,\"commentCount\":0,\"publisher\":{\"@id\":\"https:\\\/\\\/informelitoral.com.ar\\\/#organization\"},\"image\":{\"@id\":\"https:\\\/\\\/informelitoral.com.ar\\\/frigerio-recibio-al-intendente-de-aranguren-para-avanzar-en-proyectos-productivos-y-viales\\\/#primaryimage\"},\"thumbnailUrl\":\"https:\\\/\\\/drive.google.com\\\/thumbnail?id=1zZJhkjR6F9wt5_f6ntQTdn2ww2Us1mgC&sz=w2048\",\"keywords\":[\"Aranguren\",\"Reuni\u00f3n\",\"Rogelio Frigerio\"],\"articleSection\":[\"Departamento Nogoy\u00e1\"],\"inLanguage\":\"es\",\"potentialAction\":[{\"@type\":\"CommentAction\",\"name\":\"Comment\",\"target\":[\"https:\\\/\\\/informelitoral.com.ar\\\/frigerio-recibio-al-intendente-de-aranguren-para-avanzar-en-proyectos-productivos-y-viales\\\/#respond\"]}]},{\"@type\":\"WebPage\",\"@id\":\"https:\\\/\\\/informelitoral.com.ar\\\/frigerio-recibio-al-intendente-de-aranguren-para-avanzar-en-proyectos-productivos-y-viales\\\/\",\"url\":\"https:\\\/\\\/informelitoral.com.ar\\\/frigerio-recibio-al-intendente-de-aranguren-para-avanzar-en-proyectos-productivos-y-viales\\\/\",\"name\":\"Frigerio recibi\u00f3 al intendente de Aranguren para avanzar en proyectos productivos y viales - Informe Litoral\",\"isPartOf\":{\"@id\":\"https:\\\/\\\/informelitoral.com.ar\\\/#website\"},\"primaryImageOfPage\":{\"@id\":\"https:\\\/\\\/informelitoral.com.ar\\\/frigerio-recibio-al-intendente-de-aranguren-para-avanzar-en-proyectos-productivos-y-viales\\\/#primaryimage\"},\"image\":{\"@id\":\"https:\\\/\\\/informelitoral.com.ar\\\/frigerio-recibio-al-intendente-de-aranguren-para-avanzar-en-proyectos-productivos-y-viales\\\/#primaryimage\"},\"thumbnailUrl\":\"https:\\\/\\\/drive.google.com\\\/thumbnail?id=1zZJhkjR6F9wt5_f6ntQTdn2ww2Us1mgC&sz=w2048\",\"datePublished\":\"2026-04-27T21:53:38+00:00\",\"dateModified\":\"2026-04-28T01:01:34+00:00\",\"breadcrumb\":{\"@id\":\"https:\\\/\\\/informelitoral.com.ar\\\/frigerio-recibio-al-intendente-de-aranguren-para-avanzar-en-proyectos-productivos-y-viales\\\/#breadcrumb\"},\"inLanguage\":\"es\",\"potentialAction\":[{\"@type\":\"ReadAction\",\"target\":[\"https:\\\/\\\/informelitoral.com.ar\\\/frigerio-recibio-al-intendente-de-aranguren-para-avanzar-en-proyectos-productivos-y-viales\\\/\"]}]},{\"@type\":\"ImageObject\",\"inLanguage\":\"es\",\"@id\":\"https:\\\/\\\/informelitoral.com.ar\\\/frigerio-recibio-al-intendente-de-aranguren-para-avanzar-en-proyectos-productivos-y-viales\\\/#primaryimage\",\"url\":\"https:\\\/\\\/drive.google.com\\\/thumbnail?id=1zZJhkjR6F9wt5_f6ntQTdn2ww2Us1mgC&sz=w2048\",\"contentUrl\":\"https:\\\/\\\/drive.google.com\\\/thumbnail?id=1zZJhkjR6F9wt5_f6ntQTdn2ww2Us1mgC&sz=w2048\",\"width\":1600,\"height\":1065},{\"@type\":\"BreadcrumbList\",\"@id\":\"https:\\\/\\\/informelitoral.com.ar\\\/frigerio-recibio-al-intendente-de-aranguren-para-avanzar-en-proyectos-productivos-y-viales\\\/#breadcrumb\",\"itemListElement\":[{\"@type\":\"ListItem\",\"position\":1,\"name\":\"Portada\",\"item\":\"https:\\\/\\\/informelitoral.com.ar\\\/\"},{\"@type\":\"ListItem\",\"position\":2,\"name\":\"Frigerio recibi\u00f3 al intendente de Aranguren para avanzar en proyectos productivos y viales\"}]},{\"@type\":\"WebSite\",\"@id\":\"https:\\\/\\\/informelitoral.com.ar\\\/#website\",\"url\":\"https:\\\/\\\/informelitoral.com.ar\\\/\",\"name\":\"Informe Litoral\",\"description\":\"&quot;Nos informamos&quot; \",\"publisher\":{\"@id\":\"https:\\\/\\\/informelitoral.com.ar\\\/#organization\"},\"potentialAction\":[{\"@type\":\"SearchAction\",\"target\":{\"@type\":\"EntryPoint\",\"urlTemplate\":\"https:\\\/\\\/informelitoral.com.ar\\\/?s={search_term_string}\"},\"query-input\":{\"@type\":\"PropertyValueSpecification\",\"valueRequired\":true,\"valueName\":\"search_term_string\"}}],\"inLanguage\":\"es\"},{\"@type\":\"Organization\",\"@id\":\"https:\\\/\\\/informelitoral.com.ar\\\/#organization\",\"name\":\"Informe Litoral\",\"url\":\"https:\\\/\\\/informelitoral.com.ar\\\/\",\"logo\":{\"@type\":\"ImageObject\",\"inLanguage\":\"es\",\"@id\":\"https:\\\/\\\/informelitoral.com.ar\\\/#\\\/schema\\\/logo\\\/image\\\/\",\"url\":\"https:\\\/\\\/informelitoral.com.ar\\\/%77%70%2d%63%6f%6e%74%65%6e%74\\\/uploads\\\/2021\\\/01\\\/circulo.png\",\"contentUrl\":\"https:\\\/\\\/informelitoral.com.ar\\\/%77%70%2d%63%6f%6e%74%65%6e%74\\\/uploads\\\/2021\\\/01\\\/circulo.png\",\"width\":723,\"height\":731,\"caption\":\"Informe Litoral\"},\"image\":{\"@id\":\"https:\\\/\\\/informelitoral.com.ar\\\/#\\\/schema\\\/logo\\\/image\\\/\"},\"sameAs\":[\"https:\\\/\\\/www.facebook.com\\\/informelitoral\\\/\",\"https:\\\/\\\/x.com\\\/InformeLitoral\",\"https:\\\/\\\/www.instagram.com\\\/informelitoral\\\/\",\"https:\\\/\\\/www.youtube.com\\\/channel\\\/UCua4Qvz8Icb6MYqhoq9xLXw\"]},{\"@type\":\"Person\",\"@id\":\"https:\\\/\\\/informelitoral.com.ar\\\/#\\\/schema\\\/person\\\/f05f9f461677119578717524b127d6d5\",\"name\":\"Sebastian\",\"image\":{\"@type\":\"ImageObject\",\"inLanguage\":\"es\",\"@id\":\"https:\\\/\\\/secure.gravatar.com\\\/avatar\\\/b71bf7481d447dfb9583c7f2798e7cc64de6efb9067b74633ed8c31059a3bd82?s=96&d=mm&r=g\",\"url\":\"https:\\\/\\\/secure.gravatar.com\\\/avatar\\\/b71bf7481d447dfb9583c7f2798e7cc64de6efb9067b74633ed8c31059a3bd82?s=96&d=mm&r=g\",\"contentUrl\":\"https:\\\/\\\/secure.gravatar.com\\\/avatar\\\/b71bf7481d447dfb9583c7f2798e7cc64de6efb9067b74633ed8c31059a3bd82?s=96&d=mm&r=g\",\"caption\":\"Sebastian\"},\"url\":\"https:\\\/\\\/informelitoral.com.ar\\\/author\\\/sebastian\\\/\"}]}<\/script>","yoast_head_json":{"title":"Frigerio recibi\u00f3 al intendente de Aranguren para avanzar en proyectos productivos y viales - Informe Litoral","robots":{"index":"index","follow":"follow","max-snippet":"max-snippet:-1","max-image-preview":"max-image-preview:large","max-video-preview":"max-video-preview:-1"},"canonical":"https:\/\/informelitoral.com.ar\/frigerio-recibio-al-intendente-de-aranguren-para-avanzar-en-proyectos-productivos-y-viales\/","og_locale":"es_ES","og_type":"article","og_title":"Frigerio recibi\u00f3 al intendente de Aranguren para avanzar en proyectos productivos y viales - Informe Litoral","og_description":"Durante la reuni\u00f3n, los funcionarios abordaron la creaci\u00f3n de una expo porcina, la recuperaci\u00f3n de un frigor\u00edfico provincial y el mantenimiento urgente de la ruta hacia Ram\u00edrez.","og_url":"https:\/\/informelitoral.com.ar\/frigerio-recibio-al-intendente-de-aranguren-para-avanzar-en-proyectos-productivos-y-viales\/","og_site_name":"Informe Litoral","article_publisher":"https:\/\/www.facebook.com\/informelitoral\/","article_published_time":"2026-04-27T21:53:38+00:00","article_modified_time":"2026-04-28T01:01:34+00:00","og_image":[{"width":1024,"height":1024,"url":"https:\/\/drive.google.com\/https:\/\/lh3.googleusercontent.com\/drive-storage\/AJQWtBOplKakoA1rlragGD2tQlnCGTvEfY_SrxJ2FIsHf-QrBmwvltuYDrsA9PCMyYnVMmQQRnQYFyn8zus3pTYsJBCtQNVhmc_EhpcgFTXueH8XzvBlOw=2048-h2048","type":"image\/jpeg"}],"author":"Sebastian","twitter_card":"summary_large_image","twitter_creator":"@InformeLitoral","twitter_site":"@InformeLitoral","twitter_misc":{"Escrito por":"Sebastian","Tiempo de lectura":"2 minutos"},"schema":{"@context":"https:\/\/schema.org","@graph":[{"@type":"Article","@id":"https:\/\/informelitoral.com.ar\/frigerio-recibio-al-intendente-de-aranguren-para-avanzar-en-proyectos-productivos-y-viales\/#article","isPartOf":{"@id":"https:\/\/informelitoral.com.ar\/frigerio-recibio-al-intendente-de-aranguren-para-avanzar-en-proyectos-productivos-y-viales\/"},"author":{"name":"Sebastian","@id":"https:\/\/informelitoral.com.ar\/#\/schema\/person\/f05f9f461677119578717524b127d6d5"},"headline":"Frigerio recibi\u00f3 al intendente de Aranguren para avanzar en proyectos productivos y viales","datePublished":"2026-04-27T21:53:38+00:00","dateModified":"2026-04-28T01:01:34+00:00","mainEntityOfPage":{"@id":"https:\/\/informelitoral.com.ar\/frigerio-recibio-al-intendente-de-aranguren-para-avanzar-en-proyectos-productivos-y-viales\/"},"wordCount":246,"commentCount":0,"publisher":{"@id":"https:\/\/informelitoral.com.ar\/#organization"},"image":{"@id":"https:\/\/informelitoral.com.ar\/frigerio-recibio-al-intendente-de-aranguren-para-avanzar-en-proyectos-productivos-y-viales\/#primaryimage"},"thumbnailUrl":"https:\/\/drive.google.com\/thumbnail?id=1zZJhkjR6F9wt5_f6ntQTdn2ww2Us1mgC&sz=w2048","keywords":["Aranguren","Reuni\u00f3n","Rogelio Frigerio"],"articleSection":["Departamento Nogoy\u00e1"],"inLanguage":"es","potentialAction":[{"@type":"CommentAction","name":"Comment","target":["https:\/\/informelitoral.com.ar\/frigerio-recibio-al-intendente-de-aranguren-para-avanzar-en-proyectos-productivos-y-viales\/#respond"]}]},{"@type":"WebPage","@id":"https:\/\/informelitoral.com.ar\/frigerio-recibio-al-intendente-de-aranguren-para-avanzar-en-proyectos-productivos-y-viales\/","url":"https:\/\/informelitoral.com.ar\/frigerio-recibio-al-intendente-de-aranguren-para-avanzar-en-proyectos-productivos-y-viales\/","name":"Frigerio recibi\u00f3 al intendente de Aranguren para avanzar en proyectos productivos y viales - Informe Litoral","isPartOf":{"@id":"https:\/\/informelitoral.com.ar\/#website"},"primaryImageOfPage":{"@id":"https:\/\/informelitoral.com.ar\/frigerio-recibio-al-intendente-de-aranguren-para-avanzar-en-proyectos-productivos-y-viales\/#primaryimage"},"image":{"@id":"https:\/\/informelitoral.com.ar\/frigerio-recibio-al-intendente-de-aranguren-para-avanzar-en-proyectos-productivos-y-viales\/#primaryimage"},"thumbnailUrl":"https:\/\/drive.google.com\/thumbnail?id=1zZJhkjR6F9wt5_f6ntQTdn2ww2Us1mgC&sz=w2048","datePublished":"2026-04-27T21:53:38+00:00","dateModified":"2026-04-28T01:01:34+00:00","breadcrumb":{"@id":"https:\/\/informelitoral.com.ar\/frigerio-recibio-al-intendente-de-aranguren-para-avanzar-en-proyectos-productivos-y-viales\/#breadcrumb"},"inLanguage":"es","potentialAction":[{"@type":"ReadAction","target":["https:\/\/informelitoral.com.ar\/frigerio-recibio-al-intendente-de-aranguren-para-avanzar-en-proyectos-productivos-y-viales\/"]}]},{"@type":"ImageObject","inLanguage":"es","@id":"https:\/\/informelitoral.com.ar\/frigerio-recibio-al-intendente-de-aranguren-para-avanzar-en-proyectos-productivos-y-viales\/#primaryimage","url":"https:\/\/drive.google.com\/thumbnail?id=1zZJhkjR6F9wt5_f6ntQTdn2ww2Us1mgC&sz=w2048","contentUrl":"https:\/\/drive.google.com\/thumbnail?id=1zZJhkjR6F9wt5_f6ntQTdn2ww2Us1mgC&sz=w2048","width":1600,"height":1065},{"@type":"BreadcrumbList","@id":"https:\/\/informelitoral.com.ar\/frigerio-recibio-al-intendente-de-aranguren-para-avanzar-en-proyectos-productivos-y-viales\/#breadcrumb","itemListElement":[{"@type":"ListItem","position":1,"name":"Portada","item":"https:\/\/informelitoral.com.ar\/"},{"@type":"ListItem","position":2,"name":"Frigerio recibi\u00f3 al intendente de Aranguren para avanzar en proyectos productivos y viales"}]},{"@type":"WebSite","@id":"https:\/\/informelitoral.com.ar\/#website","url":"https:\/\/informelitoral.com.ar\/","name":"Informe Litoral","description":"&quot;Nos informamos&quot; ","publisher":{"@id":"https:\/\/informelitoral.com.ar\/#organization"},"potentialAction":[{"@type":"SearchAction","target":{"@type":"EntryPoint","urlTemplate":"https:\/\/informelitoral.com.ar\/?s={search_term_string}"},"query-input":{"@type":"PropertyValueSpecification","valueRequired":true,"valueName":"search_term_string"}}],"inLanguage":"es"},{"@type":"Organization","@id":"https:\/\/informelitoral.com.ar\/#organization","name":"Informe Litoral","url":"https:\/\/informelitoral.com.ar\/","logo":{"@type":"ImageObject","inLanguage":"es","@id":"https:\/\/informelitoral.com.ar\/#\/schema\/logo\/image\/","url":"https:\/\/informelitoral.com.ar\/%77%70%2d%63%6f%6e%74%65%6e%74\/uploads\/2021\/01\/circulo.png","contentUrl":"https:\/\/informelitoral.com.ar\/%77%70%2d%63%6f%6e%74%65%6e%74\/uploads\/2021\/01\/circulo.png","width":723,"height":731,"caption":"Informe Litoral"},"image":{"@id":"https:\/\/informelitoral.com.ar\/#\/schema\/logo\/image\/"},"sameAs":["https:\/\/www.facebook.com\/informelitoral\/","https:\/\/x.com\/InformeLitoral","https:\/\/www.instagram.com\/informelitoral\/","https:\/\/www.youtube.com\/channel\/UCua4Qvz8Icb6MYqhoq9xLXw"]},{"@type":"Person","@id":"https:\/\/informelitoral.com.ar\/#\/schema\/person\/f05f9f461677119578717524b127d6d5","name":"Sebastian","image":{"@type":"ImageObject","inLanguage":"es","@id":"https:\/\/secure.gravatar.com\/avatar\/b71bf7481d447dfb9583c7f2798e7cc64de6efb9067b74633ed8c31059a3bd82?s=96&d=mm&r=g","url":"https:\/\/secure.gravatar.com\/avatar\/b71bf7481d447dfb9583c7f2798e7cc64de6efb9067b74633ed8c31059a3bd82?s=96&d=mm&r=g","contentUrl":"https:\/\/secure.gravatar.com\/avatar\/b71bf7481d447dfb9583c7f2798e7cc64de6efb9067b74633ed8c31059a3bd82?s=96&d=mm&r=g","caption":"Sebastian"},"url":"https:\/\/informelitoral.com.ar\/author\/sebastian\/"}]}},"_links":{"self":[{"href":"https:\/\/informelitoral.com.ar\/%77%70%2d%6a%73%6f%6e\/wp\/v2\/posts\/258647","targetHints":{"allow":["GET"]}}],"collection":[{"href":"https:\/\/informelitoral.com.ar\/%77%70%2d%6a%73%6f%6e\/wp\/v2\/posts"}],"about":[{"href":"https:\/\/informelitoral.com.ar\/%77%70%2d%6a%73%6f%6e\/wp\/v2\/types\/post"}],"author":[{"embeddable":true,"href":"https:\/\/informelitoral.com.ar\/%77%70%2d%6a%73%6f%6e\/wp\/v2\/users\/8"}],"replies":[{"embeddable":true,"href":"https:\/\/informelitoral.com.ar\/%77%70%2d%6a%73%6f%6e\/wp\/v2\/comments?post=258647"}],"version-history":[{"count":3,"href":"https:\/\/informelitoral.com.ar\/%77%70%2d%6a%73%6f%6e\/wp\/v2\/posts\/258647\/revisions"}],"predecessor-version":[{"id":258692,"href":"https:\/\/informelitoral.com.ar\/%77%70%2d%6a%73%6f%6e\/wp\/v2\/posts\/258647\/revisions\/258692"}],"wp:featuredmedia":[{"embeddable":true,"href":"https:\/\/informelitoral.com.ar\/%77%70%2d%6a%73%6f%6e\/wp\/v2\/media\/258648"}],"wp:attachment":[{"href":"https:\/\/informelitoral.com.ar\/%77%70%2d%6a%73%6f%6e\/wp\/v2\/media?parent=258647"}],"wp:term":[{"taxonomy":"category","embeddable":true,"href":"https:\/\/informelitoral.com.ar\/%77%70%2d%6a%73%6f%6e\/wp\/v2\/categories?post=258647"},{"taxonomy":"post_tag","embeddable":true,"href":"https:\/\/informelitoral.com.ar\/%77%70%2d%6a%73%6f%6e\/wp\/v2\/tags?post=258647"}],"curies":[{"name":"wp","href":"https:\/\/api.w.org\/{rel}","templated":true}]}}