{"id":2586,"date":"2013-07-25T14:16:53","date_gmt":"2013-07-25T17:16:53","guid":{"rendered":"http:\/\/www.isletasnoticias.com.ar\/?p=2586"},"modified":"2013-07-25T14:16:53","modified_gmt":"2013-07-25T17:16:53","slug":"impuesto-inmobiliario-rural-urribarri-recibio-a-los-representantes-de-la-faa","status":"publish","type":"post","link":"https:\/\/informelitoral.com.ar\/impuesto-inmobiliario-rural-urribarri-recibio-a-los-representantes-de-la-faa\/","title":{"rendered":"Impuesto Inmobiliario Rural: Urribarri recibi\u00f3 a los representantes de la FAA"},"content":{"rendered":"<div><strong>Los dirigentes agropecuarios llevaron sus reclamos. Acordaron trabajar en un r\u00e9gimen especial para peque\u00f1os productores que tienen dificultades para pagar el Impuesto Inmobiliario Rural.<\/strong><\/div>\n<div><a href=\"http:\/\/www.isletasnoticias.com.ar\/%77%70%2d%63%6f%6e%74%65%6e%74\/uploads\/2013\/07\/urri.jpg\"><img loading=\"lazy\" decoding=\"async\" class=\"size-medium wp-image-2587 aligncenter\" alt=\"urri\" src=\"http:\/\/www.isletasnoticias.com.ar\/%77%70%2d%63%6f%6e%74%65%6e%74\/uploads\/2013\/07\/urri-300x116.jpg\" width=\"300\" height=\"116\" srcset=\"https:\/\/informelitoral.com.ar\/%77%70%2d%63%6f%6e%74%65%6e%74\/uploads\/2013\/07\/urri-300x116.jpg 300w, https:\/\/informelitoral.com.ar\/%77%70%2d%63%6f%6e%74%65%6e%74\/uploads\/2013\/07\/urri.jpg 620w\" sizes=\"auto, (max-width: 300px) 100vw, 300px\" \/><\/a><\/div>\n<div>El gobernador <strong>Sergio Urribarri<\/strong> acord\u00f3 con referentes de la Federaci\u00f3n Agraria Argentina (FAA) trabajar en un r\u00e9gimen especial, para aquellos peque\u00f1os productores que tienen dificultades para pagar el Impuesto Inmobiliario Rural (IIR).<\/div>\n<div>\n\u00abEstamos dispuestos a revisar lo que sea necesario\u00bb, dijo el mandatario. Se formar\u00e1 a la brevedad una mesa t\u00e9cnica que definir\u00e1 un m\u00e9todo para casos puntuales; de igual modo el gobierno aclar\u00f3 que no inici\u00f3 ninguna ejecuci\u00f3n.<\/p>\n<p>Los productores, en tanto, manifestaron su respaldo al esquema de progresividad impositiva, seg\u00fan inform\u00f3 el gobierno.<\/p>\n<p>Casi dos horas dur\u00f3 el encuentro con los referentes de los peque\u00f1os y medianos productores, y se desarroll\u00f3 en \u201cun marco de absoluto respeto\u201d, destacaron desde Prensa de Gobernaci\u00f3n. Urribarri estuvo acompa\u00f1ado por los ministros de Gobierno,<strong> Adan Bahl,<\/strong> y de Econom\u00eda,<strong> Diego Valiero<\/strong>, adem\u00e1s del fiscal de Estado, <strong>Julio Rodr\u00edguez Signes<\/strong> y el titular de ATER, <strong>Marcelo Casaretto.\u00a0<\/strong><\/p>\n<p>Durante el encuentro el gobernador expres\u00f3 que no es pol\u00edtica de su gobierno dejar que un peque\u00f1o productor se descapitalice para pagar un impuesto. Se acord\u00f3 no avanzar en tr\u00e1mites que puedan terminar en embargos, como as\u00ed tambi\u00e9n en revisar caso por caso estas situaciones cuando se trate de peque\u00f1os productores. Se trabajar\u00e1 en un r\u00e9gimen destinado al an\u00e1lisis y la revisi\u00f3n de situaciones puntuales que no comprender\u00e1 a aquellos propietarios de grandes extensiones, que tienen la capacidad contributiva necesaria para pagar los tributos que corresponden.<\/p>\n<p>\u00abNadie en esta mesa puede decir que no me puse al frente de cada gesti\u00f3n para evitar que rematen a peque\u00f1os productores. Es una decisi\u00f3n pol\u00edtica que no voy a cambiar. Del mismo modo que cada medida que contribuya a desarrollar el sector productivo de la provincia. Y hemos dado acabadas muestras de esto\u00bb, dijo el mandatario.<\/p>\n<p>Los productores le hicieron una serie de pedidos que tienen que ver con el pago del impuesto inmobiliario, el costo del gasoil sobre el sector arrocero y cr\u00e9ditos ante el Banco Naci\u00f3n para cooperativas. El gobernador comprometi\u00f3 su apoyo a los requerimientos.<\/p>\n<p>La delegaci\u00f3n de la Federaci\u00f3n Agraria Argentina (FAA) de Entre R\u00edos, estuvo conformada por su presidente <strong>Elbio Gu\u00eda<\/strong>, junto a <strong>Alfredo Bel, Jorge Ruiz, Enzo Cardozo, Dar\u00edo Gieco, Miguel Botto y Abel Lauck,;<\/strong> quienes plantearon al gobernador una serie de \u00edtems que tienen que ver con la situaci\u00f3n de peque\u00f1os productores.<\/p>\n<p>Entre ellos la forma de pago o refinanciaci\u00f3n del impuesto inmobiliario y las multas que han corrido por mora, tambi\u00e9n el tema de la deuda del gasoil (sobre todo por parte de productores en la zona de Viale) y la necesidad de completar la obra para el camino que une la ciudad de Bovril con la Escuela Agrot\u00e9cnica Antequeda , cuya conexi\u00f3n fluida es clave para el sector productivo.<\/p><\/div>\n","protected":false},"excerpt":{"rendered":"<p>Los dirigentes agropecuarios llevaron sus reclamos. Acordaron trabajar en un r&eacute;gimen especial para peque&ntilde;os productores que tienen dificultades para pagar el Impuesto Inmobiliario Rural. El gobernador Sergio Urribarri acord&oacute; con referentes de la Federaci&oacute;n Agraria Argentina (FAA) trabajar en un r&eacute;gimen especial, para aquellos peque&ntilde;os productores que tienen dificultades para pagar el Impuesto Inmobiliario Rural [&hellip;]<\/p>\n","protected":false},"author":2,"featured_media":0,"comment_status":"open","ping_status":"open","sticky":false,"template":"","format":"standard","meta":{"fifu_image_url":"","fifu_image_alt":"","footnotes":""},"categories":[10,6],"tags":[],"class_list":{"0":"post-2586","1":"post","2":"type-post","3":"status-publish","4":"format-standard","6":"category-campo","7":"category-entre-rios"},"yoast_head":"<title>Impuesto Inmobiliario Rural: Urribarri recibi\u00f3 a los representantes de la FAA - Informe Litoral<\/title>\n<meta name=\"robots\" content=\"index, follow, max-snippet:-1, max-image-preview:large, max-video-preview:-1\" \/>\n<link rel=\"canonical\" href=\"https:\/\/informelitoral.com.ar\/impuesto-inmobiliario-rural-urribarri-recibio-a-los-representantes-de-la-faa\/\" \/>\n<meta property=\"og:locale\" content=\"es_ES\" \/>\n<meta property=\"og:type\" content=\"article\" \/>\n<meta property=\"og:title\" content=\"Impuesto Inmobiliario Rural: Urribarri recibi\u00f3 a los representantes de la FAA - Informe Litoral\" \/>\n<meta property=\"og:description\" content=\"Los dirigentes agropecuarios llevaron sus reclamos. Acordaron trabajar en un r&eacute;gimen especial para peque&ntilde;os productores que tienen dificultades para pagar el Impuesto Inmobiliario Rural. El gobernador Sergio Urribarri acord&oacute; con referentes de la Federaci&oacute;n Agraria Argentina (FAA) trabajar en un r&eacute;gimen especial, para aquellos peque&ntilde;os productores que tienen dificultades para pagar el Impuesto Inmobiliario Rural [&hellip;]\" \/>\n<meta property=\"og:url\" content=\"https:\/\/informelitoral.com.ar\/impuesto-inmobiliario-rural-urribarri-recibio-a-los-representantes-de-la-faa\/\" \/>\n<meta property=\"og:site_name\" content=\"Informe Litoral\" \/>\n<meta property=\"article:publisher\" content=\"https:\/\/www.facebook.com\/informelitoral\/\" \/>\n<meta property=\"article:published_time\" content=\"2013-07-25T17:16:53+00:00\" \/>\n<meta property=\"og:image\" content=\"https:\/\/informelitoral.com.ar\/%77%70%2d%63%6f%6e%74%65%6e%74\/uploads\/2013\/07\/urri.jpg\" \/>\n\t<meta property=\"og:image:width\" content=\"620\" \/>\n\t<meta property=\"og:image:height\" content=\"240\" \/>\n\t<meta property=\"og:image:type\" content=\"image\/jpeg\" \/>\n<meta name=\"author\" content=\"Gonzalo Schmidt\" \/>\n<meta name=\"twitter:card\" content=\"summary_large_image\" \/>\n<meta name=\"twitter:creator\" content=\"@InformeLitoral\" \/>\n<meta name=\"twitter:site\" content=\"@InformeLitoral\" \/>\n<meta name=\"twitter:label1\" content=\"Escrito por\" \/>\n\t<meta name=\"twitter:data1\" content=\"Gonzalo Schmidt\" \/>\n\t<meta name=\"twitter:label2\" content=\"Tiempo de lectura\" \/>\n\t<meta name=\"twitter:data2\" content=\"3 minutos\" \/>\n<script type=\"application\/ld+json\" class=\"yoast-schema-graph\">{\"@context\":\"https:\\\/\\\/schema.org\",\"@graph\":[{\"@type\":\"Article\",\"@id\":\"https:\\\/\\\/informelitoral.com.ar\\\/impuesto-inmobiliario-rural-urribarri-recibio-a-los-representantes-de-la-faa\\\/#article\",\"isPartOf\":{\"@id\":\"https:\\\/\\\/informelitoral.com.ar\\\/impuesto-inmobiliario-rural-urribarri-recibio-a-los-representantes-de-la-faa\\\/\"},\"author\":{\"name\":\"Gonzalo Schmidt\",\"@id\":\"https:\\\/\\\/informelitoral.com.ar\\\/#\\\/schema\\\/person\\\/b9d00407c836482871ef1d57bf8e3180\"},\"headline\":\"Impuesto Inmobiliario Rural: Urribarri recibi\u00f3 a los representantes de la FAA\",\"datePublished\":\"2013-07-25T17:16:53+00:00\",\"mainEntityOfPage\":{\"@id\":\"https:\\\/\\\/informelitoral.com.ar\\\/impuesto-inmobiliario-rural-urribarri-recibio-a-los-representantes-de-la-faa\\\/\"},\"wordCount\":523,\"commentCount\":0,\"publisher\":{\"@id\":\"https:\\\/\\\/informelitoral.com.ar\\\/#organization\"},\"image\":{\"@id\":\"https:\\\/\\\/informelitoral.com.ar\\\/impuesto-inmobiliario-rural-urribarri-recibio-a-los-representantes-de-la-faa\\\/#primaryimage\"},\"thumbnailUrl\":\"http:\\\/\\\/www.isletasnoticias.com.ar\\\/%77%70%2d%63%6f%6e%74%65%6e%74\\\/uploads\\\/2013\\\/07\\\/urri-300x116.jpg\",\"articleSection\":[\"Campo\",\"Entre R\u00edos\"],\"inLanguage\":\"es\",\"potentialAction\":[{\"@type\":\"CommentAction\",\"name\":\"Comment\",\"target\":[\"https:\\\/\\\/informelitoral.com.ar\\\/impuesto-inmobiliario-rural-urribarri-recibio-a-los-representantes-de-la-faa\\\/#respond\"]}]},{\"@type\":\"WebPage\",\"@id\":\"https:\\\/\\\/informelitoral.com.ar\\\/impuesto-inmobiliario-rural-urribarri-recibio-a-los-representantes-de-la-faa\\\/\",\"url\":\"https:\\\/\\\/informelitoral.com.ar\\\/impuesto-inmobiliario-rural-urribarri-recibio-a-los-representantes-de-la-faa\\\/\",\"name\":\"Impuesto Inmobiliario Rural: Urribarri recibi\u00f3 a los representantes de la FAA - Informe Litoral\",\"isPartOf\":{\"@id\":\"https:\\\/\\\/informelitoral.com.ar\\\/#website\"},\"primaryImageOfPage\":{\"@id\":\"https:\\\/\\\/informelitoral.com.ar\\\/impuesto-inmobiliario-rural-urribarri-recibio-a-los-representantes-de-la-faa\\\/#primaryimage\"},\"image\":{\"@id\":\"https:\\\/\\\/informelitoral.com.ar\\\/impuesto-inmobiliario-rural-urribarri-recibio-a-los-representantes-de-la-faa\\\/#primaryimage\"},\"thumbnailUrl\":\"http:\\\/\\\/www.isletasnoticias.com.ar\\\/%77%70%2d%63%6f%6e%74%65%6e%74\\\/uploads\\\/2013\\\/07\\\/urri-300x116.jpg\",\"datePublished\":\"2013-07-25T17:16:53+00:00\",\"breadcrumb\":{\"@id\":\"https:\\\/\\\/informelitoral.com.ar\\\/impuesto-inmobiliario-rural-urribarri-recibio-a-los-representantes-de-la-faa\\\/#breadcrumb\"},\"inLanguage\":\"es\",\"potentialAction\":[{\"@type\":\"ReadAction\",\"target\":[\"https:\\\/\\\/informelitoral.com.ar\\\/impuesto-inmobiliario-rural-urribarri-recibio-a-los-representantes-de-la-faa\\\/\"]}]},{\"@type\":\"ImageObject\",\"inLanguage\":\"es\",\"@id\":\"https:\\\/\\\/informelitoral.com.ar\\\/impuesto-inmobiliario-rural-urribarri-recibio-a-los-representantes-de-la-faa\\\/#primaryimage\",\"url\":\"http:\\\/\\\/www.isletasnoticias.com.ar\\\/%77%70%2d%63%6f%6e%74%65%6e%74\\\/uploads\\\/2013\\\/07\\\/urri-300x116.jpg\",\"contentUrl\":\"http:\\\/\\\/www.isletasnoticias.com.ar\\\/%77%70%2d%63%6f%6e%74%65%6e%74\\\/uploads\\\/2013\\\/07\\\/urri-300x116.jpg\"},{\"@type\":\"BreadcrumbList\",\"@id\":\"https:\\\/\\\/informelitoral.com.ar\\\/impuesto-inmobiliario-rural-urribarri-recibio-a-los-representantes-de-la-faa\\\/#breadcrumb\",\"itemListElement\":[{\"@type\":\"ListItem\",\"position\":1,\"name\":\"Portada\",\"item\":\"https:\\\/\\\/informelitoral.com.ar\\\/\"},{\"@type\":\"ListItem\",\"position\":2,\"name\":\"Impuesto Inmobiliario Rural: Urribarri recibi\u00f3 a los representantes de la FAA\"}]},{\"@type\":\"WebSite\",\"@id\":\"https:\\\/\\\/informelitoral.com.ar\\\/#website\",\"url\":\"https:\\\/\\\/informelitoral.com.ar\\\/\",\"name\":\"Informe Litoral\",\"description\":\"&quot;Nos informamos&quot; \",\"publisher\":{\"@id\":\"https:\\\/\\\/informelitoral.com.ar\\\/#organization\"},\"potentialAction\":[{\"@type\":\"SearchAction\",\"target\":{\"@type\":\"EntryPoint\",\"urlTemplate\":\"https:\\\/\\\/informelitoral.com.ar\\\/?s={search_term_string}\"},\"query-input\":{\"@type\":\"PropertyValueSpecification\",\"valueRequired\":true,\"valueName\":\"search_term_string\"}}],\"inLanguage\":\"es\"},{\"@type\":\"Organization\",\"@id\":\"https:\\\/\\\/informelitoral.com.ar\\\/#organization\",\"name\":\"Informe Litoral\",\"url\":\"https:\\\/\\\/informelitoral.com.ar\\\/\",\"logo\":{\"@type\":\"ImageObject\",\"inLanguage\":\"es\",\"@id\":\"https:\\\/\\\/informelitoral.com.ar\\\/#\\\/schema\\\/logo\\\/image\\\/\",\"url\":\"https:\\\/\\\/informelitoral.com.ar\\\/%77%70%2d%63%6f%6e%74%65%6e%74\\\/uploads\\\/2021\\\/01\\\/circulo.png\",\"contentUrl\":\"https:\\\/\\\/informelitoral.com.ar\\\/%77%70%2d%63%6f%6e%74%65%6e%74\\\/uploads\\\/2021\\\/01\\\/circulo.png\",\"width\":723,\"height\":731,\"caption\":\"Informe Litoral\"},\"image\":{\"@id\":\"https:\\\/\\\/informelitoral.com.ar\\\/#\\\/schema\\\/logo\\\/image\\\/\"},\"sameAs\":[\"https:\\\/\\\/www.facebook.com\\\/informelitoral\\\/\",\"https:\\\/\\\/x.com\\\/InformeLitoral\",\"https:\\\/\\\/www.instagram.com\\\/informelitoral\\\/\",\"https:\\\/\\\/www.youtube.com\\\/channel\\\/UCua4Qvz8Icb6MYqhoq9xLXw\"]},{\"@type\":\"Person\",\"@id\":\"https:\\\/\\\/informelitoral.com.ar\\\/#\\\/schema\\\/person\\\/b9d00407c836482871ef1d57bf8e3180\",\"name\":\"Gonzalo Schmidt\",\"image\":{\"@type\":\"ImageObject\",\"inLanguage\":\"es\",\"@id\":\"https:\\\/\\\/secure.gravatar.com\\\/avatar\\\/31a1a7b66ff2de83bd0e9fd79d026630d2d99e55e8bfe501287647b4fd9743de?s=96&d=mm&r=g\",\"url\":\"https:\\\/\\\/secure.gravatar.com\\\/avatar\\\/31a1a7b66ff2de83bd0e9fd79d026630d2d99e55e8bfe501287647b4fd9743de?s=96&d=mm&r=g\",\"contentUrl\":\"https:\\\/\\\/secure.gravatar.com\\\/avatar\\\/31a1a7b66ff2de83bd0e9fd79d026630d2d99e55e8bfe501287647b4fd9743de?s=96&d=mm&r=g\",\"caption\":\"Gonzalo Schmidt\"},\"description\":\"Sitio web de noticias de la provincia de Entre R\u00edos, Argentina. Informaci\u00f3n y entretenimiento. Informe Litoral, nos informamos.\",\"sameAs\":[\"http:\\\/\\\/www.isletasnoticias.com.ar\"],\"url\":\"https:\\\/\\\/informelitoral.com.ar\\\/author\\\/gonzalo\\\/\"}]}<\/script>","yoast_head_json":{"title":"Impuesto Inmobiliario Rural: Urribarri recibi\u00f3 a los representantes de la FAA - Informe Litoral","robots":{"index":"index","follow":"follow","max-snippet":"max-snippet:-1","max-image-preview":"max-image-preview:large","max-video-preview":"max-video-preview:-1"},"canonical":"https:\/\/informelitoral.com.ar\/impuesto-inmobiliario-rural-urribarri-recibio-a-los-representantes-de-la-faa\/","og_locale":"es_ES","og_type":"article","og_title":"Impuesto Inmobiliario Rural: Urribarri recibi\u00f3 a los representantes de la FAA - Informe Litoral","og_description":"Los dirigentes agropecuarios llevaron sus reclamos. Acordaron trabajar en un r&eacute;gimen especial para peque&ntilde;os productores que tienen dificultades para pagar el Impuesto Inmobiliario Rural. El gobernador Sergio Urribarri acord&oacute; con referentes de la Federaci&oacute;n Agraria Argentina (FAA) trabajar en un r&eacute;gimen especial, para aquellos peque&ntilde;os productores que tienen dificultades para pagar el Impuesto Inmobiliario Rural [&hellip;]","og_url":"https:\/\/informelitoral.com.ar\/impuesto-inmobiliario-rural-urribarri-recibio-a-los-representantes-de-la-faa\/","og_site_name":"Informe Litoral","article_publisher":"https:\/\/www.facebook.com\/informelitoral\/","article_published_time":"2013-07-25T17:16:53+00:00","og_image":[{"width":620,"height":240,"url":"https:\/\/informelitoral.com.ar\/%77%70%2d%63%6f%6e%74%65%6e%74\/uploads\/2013\/07\/urri.jpg","type":"image\/jpeg"}],"author":"Gonzalo Schmidt","twitter_card":"summary_large_image","twitter_creator":"@InformeLitoral","twitter_site":"@InformeLitoral","twitter_misc":{"Escrito por":"Gonzalo Schmidt","Tiempo de lectura":"3 minutos"},"schema":{"@context":"https:\/\/schema.org","@graph":[{"@type":"Article","@id":"https:\/\/informelitoral.com.ar\/impuesto-inmobiliario-rural-urribarri-recibio-a-los-representantes-de-la-faa\/#article","isPartOf":{"@id":"https:\/\/informelitoral.com.ar\/impuesto-inmobiliario-rural-urribarri-recibio-a-los-representantes-de-la-faa\/"},"author":{"name":"Gonzalo Schmidt","@id":"https:\/\/informelitoral.com.ar\/#\/schema\/person\/b9d00407c836482871ef1d57bf8e3180"},"headline":"Impuesto Inmobiliario Rural: Urribarri recibi\u00f3 a los representantes de la FAA","datePublished":"2013-07-25T17:16:53+00:00","mainEntityOfPage":{"@id":"https:\/\/informelitoral.com.ar\/impuesto-inmobiliario-rural-urribarri-recibio-a-los-representantes-de-la-faa\/"},"wordCount":523,"commentCount":0,"publisher":{"@id":"https:\/\/informelitoral.com.ar\/#organization"},"image":{"@id":"https:\/\/informelitoral.com.ar\/impuesto-inmobiliario-rural-urribarri-recibio-a-los-representantes-de-la-faa\/#primaryimage"},"thumbnailUrl":"http:\/\/www.isletasnoticias.com.ar\/%77%70%2d%63%6f%6e%74%65%6e%74\/uploads\/2013\/07\/urri-300x116.jpg","articleSection":["Campo","Entre R\u00edos"],"inLanguage":"es","potentialAction":[{"@type":"CommentAction","name":"Comment","target":["https:\/\/informelitoral.com.ar\/impuesto-inmobiliario-rural-urribarri-recibio-a-los-representantes-de-la-faa\/#respond"]}]},{"@type":"WebPage","@id":"https:\/\/informelitoral.com.ar\/impuesto-inmobiliario-rural-urribarri-recibio-a-los-representantes-de-la-faa\/","url":"https:\/\/informelitoral.com.ar\/impuesto-inmobiliario-rural-urribarri-recibio-a-los-representantes-de-la-faa\/","name":"Impuesto Inmobiliario Rural: Urribarri recibi\u00f3 a los representantes de la FAA - Informe Litoral","isPartOf":{"@id":"https:\/\/informelitoral.com.ar\/#website"},"primaryImageOfPage":{"@id":"https:\/\/informelitoral.com.ar\/impuesto-inmobiliario-rural-urribarri-recibio-a-los-representantes-de-la-faa\/#primaryimage"},"image":{"@id":"https:\/\/informelitoral.com.ar\/impuesto-inmobiliario-rural-urribarri-recibio-a-los-representantes-de-la-faa\/#primaryimage"},"thumbnailUrl":"http:\/\/www.isletasnoticias.com.ar\/%77%70%2d%63%6f%6e%74%65%6e%74\/uploads\/2013\/07\/urri-300x116.jpg","datePublished":"2013-07-25T17:16:53+00:00","breadcrumb":{"@id":"https:\/\/informelitoral.com.ar\/impuesto-inmobiliario-rural-urribarri-recibio-a-los-representantes-de-la-faa\/#breadcrumb"},"inLanguage":"es","potentialAction":[{"@type":"ReadAction","target":["https:\/\/informelitoral.com.ar\/impuesto-inmobiliario-rural-urribarri-recibio-a-los-representantes-de-la-faa\/"]}]},{"@type":"ImageObject","inLanguage":"es","@id":"https:\/\/informelitoral.com.ar\/impuesto-inmobiliario-rural-urribarri-recibio-a-los-representantes-de-la-faa\/#primaryimage","url":"http:\/\/www.isletasnoticias.com.ar\/%77%70%2d%63%6f%6e%74%65%6e%74\/uploads\/2013\/07\/urri-300x116.jpg","contentUrl":"http:\/\/www.isletasnoticias.com.ar\/%77%70%2d%63%6f%6e%74%65%6e%74\/uploads\/2013\/07\/urri-300x116.jpg"},{"@type":"BreadcrumbList","@id":"https:\/\/informelitoral.com.ar\/impuesto-inmobiliario-rural-urribarri-recibio-a-los-representantes-de-la-faa\/#breadcrumb","itemListElement":[{"@type":"ListItem","position":1,"name":"Portada","item":"https:\/\/informelitoral.com.ar\/"},{"@type":"ListItem","position":2,"name":"Impuesto Inmobiliario Rural: Urribarri recibi\u00f3 a los representantes de la FAA"}]},{"@type":"WebSite","@id":"https:\/\/informelitoral.com.ar\/#website","url":"https:\/\/informelitoral.com.ar\/","name":"Informe Litoral","description":"&quot;Nos informamos&quot; ","publisher":{"@id":"https:\/\/informelitoral.com.ar\/#organization"},"potentialAction":[{"@type":"SearchAction","target":{"@type":"EntryPoint","urlTemplate":"https:\/\/informelitoral.com.ar\/?s={search_term_string}"},"query-input":{"@type":"PropertyValueSpecification","valueRequired":true,"valueName":"search_term_string"}}],"inLanguage":"es"},{"@type":"Organization","@id":"https:\/\/informelitoral.com.ar\/#organization","name":"Informe Litoral","url":"https:\/\/informelitoral.com.ar\/","logo":{"@type":"ImageObject","inLanguage":"es","@id":"https:\/\/informelitoral.com.ar\/#\/schema\/logo\/image\/","url":"https:\/\/informelitoral.com.ar\/%77%70%2d%63%6f%6e%74%65%6e%74\/uploads\/2021\/01\/circulo.png","contentUrl":"https:\/\/informelitoral.com.ar\/%77%70%2d%63%6f%6e%74%65%6e%74\/uploads\/2021\/01\/circulo.png","width":723,"height":731,"caption":"Informe Litoral"},"image":{"@id":"https:\/\/informelitoral.com.ar\/#\/schema\/logo\/image\/"},"sameAs":["https:\/\/www.facebook.com\/informelitoral\/","https:\/\/x.com\/InformeLitoral","https:\/\/www.instagram.com\/informelitoral\/","https:\/\/www.youtube.com\/channel\/UCua4Qvz8Icb6MYqhoq9xLXw"]},{"@type":"Person","@id":"https:\/\/informelitoral.com.ar\/#\/schema\/person\/b9d00407c836482871ef1d57bf8e3180","name":"Gonzalo Schmidt","image":{"@type":"ImageObject","inLanguage":"es","@id":"https:\/\/secure.gravatar.com\/avatar\/31a1a7b66ff2de83bd0e9fd79d026630d2d99e55e8bfe501287647b4fd9743de?s=96&d=mm&r=g","url":"https:\/\/secure.gravatar.com\/avatar\/31a1a7b66ff2de83bd0e9fd79d026630d2d99e55e8bfe501287647b4fd9743de?s=96&d=mm&r=g","contentUrl":"https:\/\/secure.gravatar.com\/avatar\/31a1a7b66ff2de83bd0e9fd79d026630d2d99e55e8bfe501287647b4fd9743de?s=96&d=mm&r=g","caption":"Gonzalo Schmidt"},"description":"Sitio web de noticias de la provincia de Entre R\u00edos, Argentina. Informaci\u00f3n y entretenimiento. Informe Litoral, nos informamos.","sameAs":["http:\/\/www.isletasnoticias.com.ar"],"url":"https:\/\/informelitoral.com.ar\/author\/gonzalo\/"}]}},"_links":{"self":[{"href":"https:\/\/informelitoral.com.ar\/%77%70%2d%6a%73%6f%6e\/wp\/v2\/posts\/2586","targetHints":{"allow":["GET"]}}],"collection":[{"href":"https:\/\/informelitoral.com.ar\/%77%70%2d%6a%73%6f%6e\/wp\/v2\/posts"}],"about":[{"href":"https:\/\/informelitoral.com.ar\/%77%70%2d%6a%73%6f%6e\/wp\/v2\/types\/post"}],"author":[{"embeddable":true,"href":"https:\/\/informelitoral.com.ar\/%77%70%2d%6a%73%6f%6e\/wp\/v2\/users\/2"}],"replies":[{"embeddable":true,"href":"https:\/\/informelitoral.com.ar\/%77%70%2d%6a%73%6f%6e\/wp\/v2\/comments?post=2586"}],"version-history":[{"count":0,"href":"https:\/\/informelitoral.com.ar\/%77%70%2d%6a%73%6f%6e\/wp\/v2\/posts\/2586\/revisions"}],"wp:attachment":[{"href":"https:\/\/informelitoral.com.ar\/%77%70%2d%6a%73%6f%6e\/wp\/v2\/media?parent=2586"}],"wp:term":[{"taxonomy":"category","embeddable":true,"href":"https:\/\/informelitoral.com.ar\/%77%70%2d%6a%73%6f%6e\/wp\/v2\/categories?post=2586"},{"taxonomy":"post_tag","embeddable":true,"href":"https:\/\/informelitoral.com.ar\/%77%70%2d%6a%73%6f%6e\/wp\/v2\/tags?post=2586"}],"curies":[{"name":"wp","href":"https:\/\/api.w.org\/{rel}","templated":true}]}}