{"id":258540,"date":"2026-04-27T09:11:03","date_gmt":"2026-04-27T12:11:03","guid":{"rendered":"https:\/\/informelitoral.com.ar\/?p=258540"},"modified":"2026-04-27T09:11:03","modified_gmt":"2026-04-27T12:11:03","slug":"anses-reprogramo-el-pago-de-las-becas-progresar-conoce-la-nueva-fecha-de-cobro","status":"publish","type":"post","link":"https:\/\/informelitoral.com.ar\/anses-reprogramo-el-pago-de-las-becas-progresar-conoce-la-nueva-fecha-de-cobro\/","title":{"rendered":"ANSES reprogram\u00f3 el pago de las Becas Progresar: conoc\u00e9 la nueva fecha de cobro"},"content":{"rendered":"<div class=\"container\">\n<div id=\"model-response-message-contentr_8016cb0b12cc53f7\" class=\"markdown markdown-main-panel enable-updated-hr-color\" dir=\"ltr\" aria-live=\"polite\" aria-busy=\"false\">\n<p data-path-to-node=\"2\">La Administraci\u00f3n Nacional de la Seguridad Social (ANSES) oficializ\u00f3 una modificaci\u00f3n de \u00faltimo momento en el cronograma de pagos destinado a los beneficiarios de las Becas Progresar. Tras una reprogramaci\u00f3n de las fechas inicialmente previstas para esta semana, las autoridades confirmaron que <b data-path-to-node=\"2\" data-index-in-node=\"295\">el dep\u00f3sito de los importes adeudados se realizar\u00e1 de forma efectiva el pr\u00f3ximo mi\u00e9rcoles 29 de abril<\/b>. Esta medida busca regularizar la situaci\u00f3n financiera de miles de estudiantes que aguardaban la acreditaci\u00f3n de fondos correspondientes al periodo lectivo anterior.<\/p>\n<p data-path-to-node=\"2\"><a href=\"https:\/\/informelitoral.com.ar\/%77%70%2d%63%6f%6e%74%65%6e%74\/uploads\/2024\/10\/becas-progresar-foto2jpg.webp\"><img loading=\"lazy\" decoding=\"async\" class=\"size-full wp-image-200074 aligncenter\" src=\"https:\/\/informelitoral.com.ar\/%77%70%2d%63%6f%6e%74%65%6e%74\/uploads\/2024\/10\/becas-progresar-foto2jpg.webp\" alt=\"\" width=\"1200\" height=\"675\" srcset=\"https:\/\/informelitoral.com.ar\/%77%70%2d%63%6f%6e%74%65%6e%74\/uploads\/2024\/10\/becas-progresar-foto2jpg.webp 1200w, https:\/\/informelitoral.com.ar\/%77%70%2d%63%6f%6e%74%65%6e%74\/uploads\/2024\/10\/becas-progresar-foto2jpg-300x169.webp 300w, https:\/\/informelitoral.com.ar\/%77%70%2d%63%6f%6e%74%65%6e%74\/uploads\/2024\/10\/becas-progresar-foto2jpg-1024x576.webp 1024w, https:\/\/informelitoral.com.ar\/%77%70%2d%63%6f%6e%74%65%6e%74\/uploads\/2024\/10\/becas-progresar-foto2jpg-768x432.webp 768w, https:\/\/informelitoral.com.ar\/%77%70%2d%63%6f%6e%74%65%6e%74\/uploads\/2024\/10\/becas-progresar-foto2jpg-747x420.webp 747w, https:\/\/informelitoral.com.ar\/%77%70%2d%63%6f%6e%74%65%6e%74\/uploads\/2024\/10\/becas-progresar-foto2jpg-696x392.webp 696w, https:\/\/informelitoral.com.ar\/%77%70%2d%63%6f%6e%74%65%6e%74\/uploads\/2024\/10\/becas-progresar-foto2jpg-1068x601.webp 1068w\" sizes=\"auto, (max-width: 1200px) 100vw, 1200px\" \/><\/a><\/p>\n<p data-path-to-node=\"3\">La liquidaci\u00f3n de esta jornada especial incluye diversos conceptos que se encontraban en proceso administrativo. Entre los montos m\u00e1s relevantes que se acreditar\u00e1n figura <b data-path-to-node=\"3\" data-index-in-node=\"171\">el 20 por ciento retenido mensualmente durante el 2025<\/b>, beneficio que percibir\u00e1n aquellos alumnos que ya hayan cumplido con la presentaci\u00f3n de los certificados de alumno regular exigidos por la normativa vigente. Asimismo, el pago del mi\u00e9rcoles contemplar\u00e1 la cancelaci\u00f3n de <b data-path-to-node=\"3\" data-index-in-node=\"446\">cuotas retroactivas pendientes y bonos est\u00edmulo<\/b> otorgados a estudiantes con rendimientos acad\u00e9micos destacados.<\/p>\n<h6 data-path-to-node=\"3\"><strong><em>Del archivo:\u00a0<a href=\"https:\/\/informelitoral.com.ar\/el-municipio-de-aranguren-brinda-asistencia-para-la-inscripcion-a-las-becas-progresar\/\" target=\"_blank\" rel=\"noopener\">El municipio de Aranguren brinda asistencia para la inscripci\u00f3n a las Becas Progresar<\/a><\/em><\/strong><\/h6>\n<p data-path-to-node=\"4\">En paralelo a la regularizaci\u00f3n de estos pagos, el Ministerio de Capital Humano record\u00f3 que el sistema de becas mantiene su objetivo central de acompa\u00f1ar las trayectorias educativas en niveles obligatorios, superiores y de enfermer\u00eda. Es fundamental que los interesados tengan en cuenta que <b data-path-to-node=\"4\" data-index-in-node=\"291\">el 30 de abril vence el plazo de inscripci\u00f3n para las l\u00edneas Progresar Superior y Enfermer\u00eda del ciclo 2026<\/b>. Los beneficiarios actuales y nuevos aspirantes deben verificar su situaci\u00f3n en los canales digitales oficiales para asegurar la continuidad de la asistencia econ\u00f3mica mensual y el cumplimiento de los requisitos de regularidad acad\u00e9mica.<\/p>\n<\/div>\n<\/div>\n","protected":false},"excerpt":{"rendered":"<p>El organismo previsional unific\u00f3 el calendario para liquidar cuotas pendientes, montos retenidos y pagos retroactivos del ciclo 2025.<\/p>\n","protected":false},"author":8,"featured_media":190521,"comment_status":"open","ping_status":"open","sticky":false,"template":"","format":"standard","meta":{"fifu_image_url":"","fifu_image_alt":"","footnotes":""},"categories":[1594],"tags":[2419,2767,1130],"class_list":{"0":"post-258540","1":"post","2":"type-post","3":"status-publish","4":"format-standard","5":"has-post-thumbnail","7":"category-economia","8":"tag-becas-progresar","9":"tag-cobros","10":"tag-pagos"},"yoast_head":"<title>ANSES reprogram\u00f3 el pago de las Becas Progresar: conoc\u00e9 la nueva fecha de cobro - Informe Litoral<\/title>\n<meta name=\"robots\" content=\"index, follow, max-snippet:-1, max-image-preview:large, max-video-preview:-1\" \/>\n<link rel=\"canonical\" href=\"https:\/\/informelitoral.com.ar\/anses-reprogramo-el-pago-de-las-becas-progresar-conoce-la-nueva-fecha-de-cobro\/\" \/>\n<meta property=\"og:locale\" content=\"es_ES\" \/>\n<meta property=\"og:type\" content=\"article\" \/>\n<meta property=\"og:title\" content=\"ANSES reprogram\u00f3 el pago de las Becas Progresar: conoc\u00e9 la nueva fecha de cobro - Informe Litoral\" \/>\n<meta property=\"og:description\" content=\"El organismo previsional unific\u00f3 el calendario para liquidar cuotas pendientes, montos retenidos y pagos retroactivos del ciclo 2025.\" \/>\n<meta property=\"og:url\" content=\"https:\/\/informelitoral.com.ar\/anses-reprogramo-el-pago-de-las-becas-progresar-conoce-la-nueva-fecha-de-cobro\/\" \/>\n<meta property=\"og:site_name\" content=\"Informe Litoral\" \/>\n<meta property=\"article:publisher\" content=\"https:\/\/www.facebook.com\/informelitoral\/\" \/>\n<meta property=\"article:published_time\" content=\"2026-04-27T12:11:03+00:00\" \/>\n<meta property=\"og:image\" content=\"https:\/\/informelitoral.com.ar\/%77%70%2d%63%6f%6e%74%65%6e%74\/uploads\/2024\/07\/becas-progresarjpg.webp\" \/>\n\t<meta property=\"og:image:width\" content=\"540\" \/>\n\t<meta property=\"og:image:height\" content=\"405\" \/>\n\t<meta property=\"og:image:type\" content=\"image\/webp\" \/>\n<meta name=\"author\" content=\"Sebastian\" \/>\n<meta name=\"twitter:card\" content=\"summary_large_image\" \/>\n<meta name=\"twitter:creator\" content=\"@InformeLitoral\" \/>\n<meta name=\"twitter:site\" content=\"@InformeLitoral\" \/>\n<meta name=\"twitter:label1\" content=\"Escrito por\" \/>\n\t<meta name=\"twitter:data1\" content=\"Sebastian\" \/>\n\t<meta name=\"twitter:label2\" content=\"Tiempo de lectura\" \/>\n\t<meta name=\"twitter:data2\" content=\"2 minutos\" \/>\n<script type=\"application\/ld+json\" class=\"yoast-schema-graph\">{\"@context\":\"https:\\\/\\\/schema.org\",\"@graph\":[{\"@type\":\"Article\",\"@id\":\"https:\\\/\\\/informelitoral.com.ar\\\/anses-reprogramo-el-pago-de-las-becas-progresar-conoce-la-nueva-fecha-de-cobro\\\/#article\",\"isPartOf\":{\"@id\":\"https:\\\/\\\/informelitoral.com.ar\\\/anses-reprogramo-el-pago-de-las-becas-progresar-conoce-la-nueva-fecha-de-cobro\\\/\"},\"author\":{\"name\":\"Sebastian\",\"@id\":\"https:\\\/\\\/informelitoral.com.ar\\\/#\\\/schema\\\/person\\\/f05f9f461677119578717524b127d6d5\"},\"headline\":\"ANSES reprogram\u00f3 el pago de las Becas Progresar: conoc\u00e9 la nueva fecha de cobro\",\"datePublished\":\"2026-04-27T12:11:03+00:00\",\"mainEntityOfPage\":{\"@id\":\"https:\\\/\\\/informelitoral.com.ar\\\/anses-reprogramo-el-pago-de-las-becas-progresar-conoce-la-nueva-fecha-de-cobro\\\/\"},\"wordCount\":306,\"commentCount\":0,\"publisher\":{\"@id\":\"https:\\\/\\\/informelitoral.com.ar\\\/#organization\"},\"image\":{\"@id\":\"https:\\\/\\\/informelitoral.com.ar\\\/anses-reprogramo-el-pago-de-las-becas-progresar-conoce-la-nueva-fecha-de-cobro\\\/#primaryimage\"},\"thumbnailUrl\":\"https:\\\/\\\/informelitoral.com.ar\\\/%77%70%2d%63%6f%6e%74%65%6e%74\\\/uploads\\\/2024\\\/07\\\/becas-progresarjpg.webp\",\"keywords\":[\"Becas progresar\",\"Cobros\",\"Pagos\"],\"articleSection\":[\"Econom\u00eda\"],\"inLanguage\":\"es\",\"potentialAction\":[{\"@type\":\"CommentAction\",\"name\":\"Comment\",\"target\":[\"https:\\\/\\\/informelitoral.com.ar\\\/anses-reprogramo-el-pago-de-las-becas-progresar-conoce-la-nueva-fecha-de-cobro\\\/#respond\"]}]},{\"@type\":\"WebPage\",\"@id\":\"https:\\\/\\\/informelitoral.com.ar\\\/anses-reprogramo-el-pago-de-las-becas-progresar-conoce-la-nueva-fecha-de-cobro\\\/\",\"url\":\"https:\\\/\\\/informelitoral.com.ar\\\/anses-reprogramo-el-pago-de-las-becas-progresar-conoce-la-nueva-fecha-de-cobro\\\/\",\"name\":\"ANSES reprogram\u00f3 el pago de las Becas Progresar: conoc\u00e9 la nueva fecha de cobro - Informe Litoral\",\"isPartOf\":{\"@id\":\"https:\\\/\\\/informelitoral.com.ar\\\/#website\"},\"primaryImageOfPage\":{\"@id\":\"https:\\\/\\\/informelitoral.com.ar\\\/anses-reprogramo-el-pago-de-las-becas-progresar-conoce-la-nueva-fecha-de-cobro\\\/#primaryimage\"},\"image\":{\"@id\":\"https:\\\/\\\/informelitoral.com.ar\\\/anses-reprogramo-el-pago-de-las-becas-progresar-conoce-la-nueva-fecha-de-cobro\\\/#primaryimage\"},\"thumbnailUrl\":\"https:\\\/\\\/informelitoral.com.ar\\\/%77%70%2d%63%6f%6e%74%65%6e%74\\\/uploads\\\/2024\\\/07\\\/becas-progresarjpg.webp\",\"datePublished\":\"2026-04-27T12:11:03+00:00\",\"breadcrumb\":{\"@id\":\"https:\\\/\\\/informelitoral.com.ar\\\/anses-reprogramo-el-pago-de-las-becas-progresar-conoce-la-nueva-fecha-de-cobro\\\/#breadcrumb\"},\"inLanguage\":\"es\",\"potentialAction\":[{\"@type\":\"ReadAction\",\"target\":[\"https:\\\/\\\/informelitoral.com.ar\\\/anses-reprogramo-el-pago-de-las-becas-progresar-conoce-la-nueva-fecha-de-cobro\\\/\"]}]},{\"@type\":\"ImageObject\",\"inLanguage\":\"es\",\"@id\":\"https:\\\/\\\/informelitoral.com.ar\\\/anses-reprogramo-el-pago-de-las-becas-progresar-conoce-la-nueva-fecha-de-cobro\\\/#primaryimage\",\"url\":\"https:\\\/\\\/informelitoral.com.ar\\\/%77%70%2d%63%6f%6e%74%65%6e%74\\\/uploads\\\/2024\\\/07\\\/becas-progresarjpg.webp\",\"contentUrl\":\"https:\\\/\\\/informelitoral.com.ar\\\/%77%70%2d%63%6f%6e%74%65%6e%74\\\/uploads\\\/2024\\\/07\\\/becas-progresarjpg.webp\",\"width\":540,\"height\":405},{\"@type\":\"BreadcrumbList\",\"@id\":\"https:\\\/\\\/informelitoral.com.ar\\\/anses-reprogramo-el-pago-de-las-becas-progresar-conoce-la-nueva-fecha-de-cobro\\\/#breadcrumb\",\"itemListElement\":[{\"@type\":\"ListItem\",\"position\":1,\"name\":\"Portada\",\"item\":\"https:\\\/\\\/informelitoral.com.ar\\\/\"},{\"@type\":\"ListItem\",\"position\":2,\"name\":\"ANSES reprogram\u00f3 el pago de las Becas Progresar: conoc\u00e9 la nueva fecha de cobro\"}]},{\"@type\":\"WebSite\",\"@id\":\"https:\\\/\\\/informelitoral.com.ar\\\/#website\",\"url\":\"https:\\\/\\\/informelitoral.com.ar\\\/\",\"name\":\"Informe Litoral\",\"description\":\"&quot;Nos informamos&quot; \",\"publisher\":{\"@id\":\"https:\\\/\\\/informelitoral.com.ar\\\/#organization\"},\"potentialAction\":[{\"@type\":\"SearchAction\",\"target\":{\"@type\":\"EntryPoint\",\"urlTemplate\":\"https:\\\/\\\/informelitoral.com.ar\\\/?s={search_term_string}\"},\"query-input\":{\"@type\":\"PropertyValueSpecification\",\"valueRequired\":true,\"valueName\":\"search_term_string\"}}],\"inLanguage\":\"es\"},{\"@type\":\"Organization\",\"@id\":\"https:\\\/\\\/informelitoral.com.ar\\\/#organization\",\"name\":\"Informe Litoral\",\"url\":\"https:\\\/\\\/informelitoral.com.ar\\\/\",\"logo\":{\"@type\":\"ImageObject\",\"inLanguage\":\"es\",\"@id\":\"https:\\\/\\\/informelitoral.com.ar\\\/#\\\/schema\\\/logo\\\/image\\\/\",\"url\":\"https:\\\/\\\/informelitoral.com.ar\\\/%77%70%2d%63%6f%6e%74%65%6e%74\\\/uploads\\\/2021\\\/01\\\/circulo.png\",\"contentUrl\":\"https:\\\/\\\/informelitoral.com.ar\\\/%77%70%2d%63%6f%6e%74%65%6e%74\\\/uploads\\\/2021\\\/01\\\/circulo.png\",\"width\":723,\"height\":731,\"caption\":\"Informe Litoral\"},\"image\":{\"@id\":\"https:\\\/\\\/informelitoral.com.ar\\\/#\\\/schema\\\/logo\\\/image\\\/\"},\"sameAs\":[\"https:\\\/\\\/www.facebook.com\\\/informelitoral\\\/\",\"https:\\\/\\\/x.com\\\/InformeLitoral\",\"https:\\\/\\\/www.instagram.com\\\/informelitoral\\\/\",\"https:\\\/\\\/www.youtube.com\\\/channel\\\/UCua4Qvz8Icb6MYqhoq9xLXw\"]},{\"@type\":\"Person\",\"@id\":\"https:\\\/\\\/informelitoral.com.ar\\\/#\\\/schema\\\/person\\\/f05f9f461677119578717524b127d6d5\",\"name\":\"Sebastian\",\"image\":{\"@type\":\"ImageObject\",\"inLanguage\":\"es\",\"@id\":\"https:\\\/\\\/secure.gravatar.com\\\/avatar\\\/b71bf7481d447dfb9583c7f2798e7cc64de6efb9067b74633ed8c31059a3bd82?s=96&d=mm&r=g\",\"url\":\"https:\\\/\\\/secure.gravatar.com\\\/avatar\\\/b71bf7481d447dfb9583c7f2798e7cc64de6efb9067b74633ed8c31059a3bd82?s=96&d=mm&r=g\",\"contentUrl\":\"https:\\\/\\\/secure.gravatar.com\\\/avatar\\\/b71bf7481d447dfb9583c7f2798e7cc64de6efb9067b74633ed8c31059a3bd82?s=96&d=mm&r=g\",\"caption\":\"Sebastian\"},\"url\":\"https:\\\/\\\/informelitoral.com.ar\\\/author\\\/sebastian\\\/\"}]}<\/script>","yoast_head_json":{"title":"ANSES reprogram\u00f3 el pago de las Becas Progresar: conoc\u00e9 la nueva fecha de cobro - Informe Litoral","robots":{"index":"index","follow":"follow","max-snippet":"max-snippet:-1","max-image-preview":"max-image-preview:large","max-video-preview":"max-video-preview:-1"},"canonical":"https:\/\/informelitoral.com.ar\/anses-reprogramo-el-pago-de-las-becas-progresar-conoce-la-nueva-fecha-de-cobro\/","og_locale":"es_ES","og_type":"article","og_title":"ANSES reprogram\u00f3 el pago de las Becas Progresar: conoc\u00e9 la nueva fecha de cobro - Informe Litoral","og_description":"El organismo previsional unific\u00f3 el calendario para liquidar cuotas pendientes, montos retenidos y pagos retroactivos del ciclo 2025.","og_url":"https:\/\/informelitoral.com.ar\/anses-reprogramo-el-pago-de-las-becas-progresar-conoce-la-nueva-fecha-de-cobro\/","og_site_name":"Informe Litoral","article_publisher":"https:\/\/www.facebook.com\/informelitoral\/","article_published_time":"2026-04-27T12:11:03+00:00","og_image":[{"width":540,"height":405,"url":"https:\/\/informelitoral.com.ar\/%77%70%2d%63%6f%6e%74%65%6e%74\/uploads\/2024\/07\/becas-progresarjpg.webp","type":"image\/webp"}],"author":"Sebastian","twitter_card":"summary_large_image","twitter_creator":"@InformeLitoral","twitter_site":"@InformeLitoral","twitter_misc":{"Escrito por":"Sebastian","Tiempo de lectura":"2 minutos"},"schema":{"@context":"https:\/\/schema.org","@graph":[{"@type":"Article","@id":"https:\/\/informelitoral.com.ar\/anses-reprogramo-el-pago-de-las-becas-progresar-conoce-la-nueva-fecha-de-cobro\/#article","isPartOf":{"@id":"https:\/\/informelitoral.com.ar\/anses-reprogramo-el-pago-de-las-becas-progresar-conoce-la-nueva-fecha-de-cobro\/"},"author":{"name":"Sebastian","@id":"https:\/\/informelitoral.com.ar\/#\/schema\/person\/f05f9f461677119578717524b127d6d5"},"headline":"ANSES reprogram\u00f3 el pago de las Becas Progresar: conoc\u00e9 la nueva fecha de cobro","datePublished":"2026-04-27T12:11:03+00:00","mainEntityOfPage":{"@id":"https:\/\/informelitoral.com.ar\/anses-reprogramo-el-pago-de-las-becas-progresar-conoce-la-nueva-fecha-de-cobro\/"},"wordCount":306,"commentCount":0,"publisher":{"@id":"https:\/\/informelitoral.com.ar\/#organization"},"image":{"@id":"https:\/\/informelitoral.com.ar\/anses-reprogramo-el-pago-de-las-becas-progresar-conoce-la-nueva-fecha-de-cobro\/#primaryimage"},"thumbnailUrl":"https:\/\/informelitoral.com.ar\/%77%70%2d%63%6f%6e%74%65%6e%74\/uploads\/2024\/07\/becas-progresarjpg.webp","keywords":["Becas progresar","Cobros","Pagos"],"articleSection":["Econom\u00eda"],"inLanguage":"es","potentialAction":[{"@type":"CommentAction","name":"Comment","target":["https:\/\/informelitoral.com.ar\/anses-reprogramo-el-pago-de-las-becas-progresar-conoce-la-nueva-fecha-de-cobro\/#respond"]}]},{"@type":"WebPage","@id":"https:\/\/informelitoral.com.ar\/anses-reprogramo-el-pago-de-las-becas-progresar-conoce-la-nueva-fecha-de-cobro\/","url":"https:\/\/informelitoral.com.ar\/anses-reprogramo-el-pago-de-las-becas-progresar-conoce-la-nueva-fecha-de-cobro\/","name":"ANSES reprogram\u00f3 el pago de las Becas Progresar: conoc\u00e9 la nueva fecha de cobro - Informe Litoral","isPartOf":{"@id":"https:\/\/informelitoral.com.ar\/#website"},"primaryImageOfPage":{"@id":"https:\/\/informelitoral.com.ar\/anses-reprogramo-el-pago-de-las-becas-progresar-conoce-la-nueva-fecha-de-cobro\/#primaryimage"},"image":{"@id":"https:\/\/informelitoral.com.ar\/anses-reprogramo-el-pago-de-las-becas-progresar-conoce-la-nueva-fecha-de-cobro\/#primaryimage"},"thumbnailUrl":"https:\/\/informelitoral.com.ar\/%77%70%2d%63%6f%6e%74%65%6e%74\/uploads\/2024\/07\/becas-progresarjpg.webp","datePublished":"2026-04-27T12:11:03+00:00","breadcrumb":{"@id":"https:\/\/informelitoral.com.ar\/anses-reprogramo-el-pago-de-las-becas-progresar-conoce-la-nueva-fecha-de-cobro\/#breadcrumb"},"inLanguage":"es","potentialAction":[{"@type":"ReadAction","target":["https:\/\/informelitoral.com.ar\/anses-reprogramo-el-pago-de-las-becas-progresar-conoce-la-nueva-fecha-de-cobro\/"]}]},{"@type":"ImageObject","inLanguage":"es","@id":"https:\/\/informelitoral.com.ar\/anses-reprogramo-el-pago-de-las-becas-progresar-conoce-la-nueva-fecha-de-cobro\/#primaryimage","url":"https:\/\/informelitoral.com.ar\/%77%70%2d%63%6f%6e%74%65%6e%74\/uploads\/2024\/07\/becas-progresarjpg.webp","contentUrl":"https:\/\/informelitoral.com.ar\/%77%70%2d%63%6f%6e%74%65%6e%74\/uploads\/2024\/07\/becas-progresarjpg.webp","width":540,"height":405},{"@type":"BreadcrumbList","@id":"https:\/\/informelitoral.com.ar\/anses-reprogramo-el-pago-de-las-becas-progresar-conoce-la-nueva-fecha-de-cobro\/#breadcrumb","itemListElement":[{"@type":"ListItem","position":1,"name":"Portada","item":"https:\/\/informelitoral.com.ar\/"},{"@type":"ListItem","position":2,"name":"ANSES reprogram\u00f3 el pago de las Becas Progresar: conoc\u00e9 la nueva fecha de cobro"}]},{"@type":"WebSite","@id":"https:\/\/informelitoral.com.ar\/#website","url":"https:\/\/informelitoral.com.ar\/","name":"Informe Litoral","description":"&quot;Nos informamos&quot; ","publisher":{"@id":"https:\/\/informelitoral.com.ar\/#organization"},"potentialAction":[{"@type":"SearchAction","target":{"@type":"EntryPoint","urlTemplate":"https:\/\/informelitoral.com.ar\/?s={search_term_string}"},"query-input":{"@type":"PropertyValueSpecification","valueRequired":true,"valueName":"search_term_string"}}],"inLanguage":"es"},{"@type":"Organization","@id":"https:\/\/informelitoral.com.ar\/#organization","name":"Informe Litoral","url":"https:\/\/informelitoral.com.ar\/","logo":{"@type":"ImageObject","inLanguage":"es","@id":"https:\/\/informelitoral.com.ar\/#\/schema\/logo\/image\/","url":"https:\/\/informelitoral.com.ar\/%77%70%2d%63%6f%6e%74%65%6e%74\/uploads\/2021\/01\/circulo.png","contentUrl":"https:\/\/informelitoral.com.ar\/%77%70%2d%63%6f%6e%74%65%6e%74\/uploads\/2021\/01\/circulo.png","width":723,"height":731,"caption":"Informe Litoral"},"image":{"@id":"https:\/\/informelitoral.com.ar\/#\/schema\/logo\/image\/"},"sameAs":["https:\/\/www.facebook.com\/informelitoral\/","https:\/\/x.com\/InformeLitoral","https:\/\/www.instagram.com\/informelitoral\/","https:\/\/www.youtube.com\/channel\/UCua4Qvz8Icb6MYqhoq9xLXw"]},{"@type":"Person","@id":"https:\/\/informelitoral.com.ar\/#\/schema\/person\/f05f9f461677119578717524b127d6d5","name":"Sebastian","image":{"@type":"ImageObject","inLanguage":"es","@id":"https:\/\/secure.gravatar.com\/avatar\/b71bf7481d447dfb9583c7f2798e7cc64de6efb9067b74633ed8c31059a3bd82?s=96&d=mm&r=g","url":"https:\/\/secure.gravatar.com\/avatar\/b71bf7481d447dfb9583c7f2798e7cc64de6efb9067b74633ed8c31059a3bd82?s=96&d=mm&r=g","contentUrl":"https:\/\/secure.gravatar.com\/avatar\/b71bf7481d447dfb9583c7f2798e7cc64de6efb9067b74633ed8c31059a3bd82?s=96&d=mm&r=g","caption":"Sebastian"},"url":"https:\/\/informelitoral.com.ar\/author\/sebastian\/"}]}},"_links":{"self":[{"href":"https:\/\/informelitoral.com.ar\/%77%70%2d%6a%73%6f%6e\/wp\/v2\/posts\/258540","targetHints":{"allow":["GET"]}}],"collection":[{"href":"https:\/\/informelitoral.com.ar\/%77%70%2d%6a%73%6f%6e\/wp\/v2\/posts"}],"about":[{"href":"https:\/\/informelitoral.com.ar\/%77%70%2d%6a%73%6f%6e\/wp\/v2\/types\/post"}],"author":[{"embeddable":true,"href":"https:\/\/informelitoral.com.ar\/%77%70%2d%6a%73%6f%6e\/wp\/v2\/users\/8"}],"replies":[{"embeddable":true,"href":"https:\/\/informelitoral.com.ar\/%77%70%2d%6a%73%6f%6e\/wp\/v2\/comments?post=258540"}],"version-history":[{"count":1,"href":"https:\/\/informelitoral.com.ar\/%77%70%2d%6a%73%6f%6e\/wp\/v2\/posts\/258540\/revisions"}],"predecessor-version":[{"id":258541,"href":"https:\/\/informelitoral.com.ar\/%77%70%2d%6a%73%6f%6e\/wp\/v2\/posts\/258540\/revisions\/258541"}],"wp:featuredmedia":[{"embeddable":true,"href":"https:\/\/informelitoral.com.ar\/%77%70%2d%6a%73%6f%6e\/wp\/v2\/media\/190521"}],"wp:attachment":[{"href":"https:\/\/informelitoral.com.ar\/%77%70%2d%6a%73%6f%6e\/wp\/v2\/media?parent=258540"}],"wp:term":[{"taxonomy":"category","embeddable":true,"href":"https:\/\/informelitoral.com.ar\/%77%70%2d%6a%73%6f%6e\/wp\/v2\/categories?post=258540"},{"taxonomy":"post_tag","embeddable":true,"href":"https:\/\/informelitoral.com.ar\/%77%70%2d%6a%73%6f%6e\/wp\/v2\/tags?post=258540"}],"curies":[{"name":"wp","href":"https:\/\/api.w.org\/{rel}","templated":true}]}}