{"id":258534,"date":"2026-04-27T08:16:33","date_gmt":"2026-04-27T11:16:33","guid":{"rendered":"https:\/\/informelitoral.com.ar\/?p=258534"},"modified":"2026-04-27T08:16:33","modified_gmt":"2026-04-27T11:16:33","slug":"siniestro-vial-en-ruta-35-un-motociclista-resulto-lesionado-en-general-ramirez","status":"publish","type":"post","link":"https:\/\/informelitoral.com.ar\/siniestro-vial-en-ruta-35-un-motociclista-resulto-lesionado-en-general-ramirez\/","title":{"rendered":"Siniestro vial en Ruta 35: un motociclista result\u00f3 lesionado en General Ram\u00edrez"},"content":{"rendered":"<div class=\"x14z9mp xat24cr x1lziwak x1vvkbs xtlvy1s x126k92a\">\n<div dir=\"auto\">\n<p>Durante la madrugada de este domingo, se registr\u00f3 un accidente de tr\u00e1nsito en las inmediaciones de la localidad de General Ram\u00edrez, que requiri\u00f3 la intervenci\u00f3n inmediata del personal de la comisar\u00eda local. Seg\u00fan pudo confirmar<em><strong> Informe Litoral<\/strong><\/em>, los efectivos policiales se encontraban realizando un operativo de control cuando fueron alertados sobre un despiste en la Ruta 35. Al llegar al lugar, los uniformados hallaron sobre la banquina a un hombre mayor de edad tendido junto a su motoveh\u00edculo, quien momentos antes hab\u00eda protagonizado una ca\u00edda tras perder el control del rodado.<\/p>\n<p>De acuerdo con el reporte oficial de la Jefatura Departamental Diamante, el conductor manifest\u00f3 que transitaba por la mencionada arteria cuando, por razones que a\u00fan no han sido precisadas, perdi\u00f3 el dominio de la moto y cay\u00f3 hacia la acera. Ante la situaci\u00f3n, se solicit\u00f3 la presencia urgencia del personal de salud del Hospital Nuestra Se\u00f1ora del Luj\u00e1n de Ram\u00edrez, quienes asistieron al accidentado en el lugar. Tras una evaluaci\u00f3n m\u00e9dica, se determin\u00f3 que el hombre presentaba lesiones que no revest\u00edan gravedad.<\/p>\n<h6><em><strong>Del archivo:\u00a0<a href=\"https:\/\/informelitoral.com.ar\/una-centella-mato-a-33-terneros-y-provoco-perdidas-millonarias\/\" target=\"_blank\" rel=\"noopener\">Una centella mat\u00f3 a 33 terneros y provoc\u00f3 p\u00e9rdidas millonarias<\/a><\/strong><\/em><\/h6>\n<\/div>\n<\/div>\n","protected":false},"excerpt":{"rendered":"<p>El conductor manifest\u00f3 que transitaba por la mencionada arteria cuando, por razones que a\u00fan no han sido precisadas, perdi\u00f3 el dominio de la moto y cay\u00f3 hacia la acera.<\/p>\n","protected":false},"author":2,"featured_media":258535,"comment_status":"open","ping_status":"open","sticky":false,"template":"","format":"standard","meta":{"fifu_image_url":"","fifu_image_alt":"","footnotes":""},"categories":[14],"tags":[801,556,27,5905],"class_list":{"0":"post-258534","1":"post","2":"type-post","3":"status-publish","4":"format-standard","5":"has-post-thumbnail","7":"category-policiales","8":"tag-accidente","9":"tag-general-ramirez","10":"tag-ramirez","11":"tag-ruta-35"},"yoast_head":"<title>Siniestro vial en Ruta 35: un motociclista result\u00f3 lesionado en General Ram\u00edrez - Informe Litoral<\/title>\n<meta name=\"robots\" content=\"index, follow, max-snippet:-1, max-image-preview:large, max-video-preview:-1\" \/>\n<link rel=\"canonical\" href=\"https:\/\/informelitoral.com.ar\/siniestro-vial-en-ruta-35-un-motociclista-resulto-lesionado-en-general-ramirez\/\" \/>\n<meta property=\"og:locale\" content=\"es_ES\" \/>\n<meta property=\"og:type\" content=\"article\" \/>\n<meta property=\"og:title\" content=\"Siniestro vial en Ruta 35: un motociclista result\u00f3 lesionado en General Ram\u00edrez - Informe Litoral\" \/>\n<meta property=\"og:description\" content=\"El conductor manifest\u00f3 que transitaba por la mencionada arteria cuando, por razones que a\u00fan no han sido precisadas, perdi\u00f3 el dominio de la moto y cay\u00f3 hacia la acera.\" \/>\n<meta property=\"og:url\" content=\"https:\/\/informelitoral.com.ar\/siniestro-vial-en-ruta-35-un-motociclista-resulto-lesionado-en-general-ramirez\/\" \/>\n<meta property=\"og:site_name\" content=\"Informe Litoral\" \/>\n<meta property=\"article:publisher\" content=\"https:\/\/www.facebook.com\/informelitoral\/\" \/>\n<meta property=\"article:published_time\" content=\"2026-04-27T11:16:33+00:00\" \/>\n<meta property=\"og:image\" content=\"https:\/\/drive.google.com\/thumbnail?id=1paigyTSTokthLbkxDRjSOs7e4P5teNJ6&sz=w2048\" \/>\n\t<meta property=\"og:image:width\" content=\"720\" \/>\n\t<meta property=\"og:image:height\" content=\"640\" \/>\n\t<meta property=\"og:image:type\" content=\"image\/jpeg\" \/>\n<meta name=\"author\" content=\"Gonzalo Schmidt\" \/>\n<meta name=\"twitter:card\" content=\"summary_large_image\" \/>\n<meta name=\"twitter:creator\" content=\"@InformeLitoral\" \/>\n<meta name=\"twitter:site\" content=\"@InformeLitoral\" \/>\n<meta name=\"twitter:label1\" content=\"Escrito por\" \/>\n\t<meta name=\"twitter:data1\" content=\"Gonzalo Schmidt\" \/>\n\t<meta name=\"twitter:label2\" content=\"Tiempo de lectura\" \/>\n\t<meta name=\"twitter:data2\" content=\"2 minutos\" \/>\n<script type=\"application\/ld+json\" class=\"yoast-schema-graph\">{\"@context\":\"https:\\\/\\\/schema.org\",\"@graph\":[{\"@type\":\"Article\",\"@id\":\"https:\\\/\\\/informelitoral.com.ar\\\/siniestro-vial-en-ruta-35-un-motociclista-resulto-lesionado-en-general-ramirez\\\/#article\",\"isPartOf\":{\"@id\":\"https:\\\/\\\/informelitoral.com.ar\\\/siniestro-vial-en-ruta-35-un-motociclista-resulto-lesionado-en-general-ramirez\\\/\"},\"author\":{\"name\":\"Gonzalo Schmidt\",\"@id\":\"https:\\\/\\\/informelitoral.com.ar\\\/#\\\/schema\\\/person\\\/b9d00407c836482871ef1d57bf8e3180\"},\"headline\":\"Siniestro vial en Ruta 35: un motociclista result\u00f3 lesionado en General Ram\u00edrez\",\"datePublished\":\"2026-04-27T11:16:33+00:00\",\"mainEntityOfPage\":{\"@id\":\"https:\\\/\\\/informelitoral.com.ar\\\/siniestro-vial-en-ruta-35-un-motociclista-resulto-lesionado-en-general-ramirez\\\/\"},\"wordCount\":212,\"commentCount\":0,\"publisher\":{\"@id\":\"https:\\\/\\\/informelitoral.com.ar\\\/#organization\"},\"image\":{\"@id\":\"https:\\\/\\\/informelitoral.com.ar\\\/siniestro-vial-en-ruta-35-un-motociclista-resulto-lesionado-en-general-ramirez\\\/#primaryimage\"},\"thumbnailUrl\":\"https:\\\/\\\/drive.google.com\\\/thumbnail?id=1paigyTSTokthLbkxDRjSOs7e4P5teNJ6&sz=w2048\",\"keywords\":[\"Accidente\",\"General Ram\u00edrez\",\"Ram\u00edrez\",\"Ruta 35\"],\"articleSection\":[\"Policiales\"],\"inLanguage\":\"es\",\"potentialAction\":[{\"@type\":\"CommentAction\",\"name\":\"Comment\",\"target\":[\"https:\\\/\\\/informelitoral.com.ar\\\/siniestro-vial-en-ruta-35-un-motociclista-resulto-lesionado-en-general-ramirez\\\/#respond\"]}]},{\"@type\":\"WebPage\",\"@id\":\"https:\\\/\\\/informelitoral.com.ar\\\/siniestro-vial-en-ruta-35-un-motociclista-resulto-lesionado-en-general-ramirez\\\/\",\"url\":\"https:\\\/\\\/informelitoral.com.ar\\\/siniestro-vial-en-ruta-35-un-motociclista-resulto-lesionado-en-general-ramirez\\\/\",\"name\":\"Siniestro vial en Ruta 35: un motociclista result\u00f3 lesionado en General Ram\u00edrez - Informe Litoral\",\"isPartOf\":{\"@id\":\"https:\\\/\\\/informelitoral.com.ar\\\/#website\"},\"primaryImageOfPage\":{\"@id\":\"https:\\\/\\\/informelitoral.com.ar\\\/siniestro-vial-en-ruta-35-un-motociclista-resulto-lesionado-en-general-ramirez\\\/#primaryimage\"},\"image\":{\"@id\":\"https:\\\/\\\/informelitoral.com.ar\\\/siniestro-vial-en-ruta-35-un-motociclista-resulto-lesionado-en-general-ramirez\\\/#primaryimage\"},\"thumbnailUrl\":\"https:\\\/\\\/drive.google.com\\\/thumbnail?id=1paigyTSTokthLbkxDRjSOs7e4P5teNJ6&sz=w2048\",\"datePublished\":\"2026-04-27T11:16:33+00:00\",\"breadcrumb\":{\"@id\":\"https:\\\/\\\/informelitoral.com.ar\\\/siniestro-vial-en-ruta-35-un-motociclista-resulto-lesionado-en-general-ramirez\\\/#breadcrumb\"},\"inLanguage\":\"es\",\"potentialAction\":[{\"@type\":\"ReadAction\",\"target\":[\"https:\\\/\\\/informelitoral.com.ar\\\/siniestro-vial-en-ruta-35-un-motociclista-resulto-lesionado-en-general-ramirez\\\/\"]}]},{\"@type\":\"ImageObject\",\"inLanguage\":\"es\",\"@id\":\"https:\\\/\\\/informelitoral.com.ar\\\/siniestro-vial-en-ruta-35-un-motociclista-resulto-lesionado-en-general-ramirez\\\/#primaryimage\",\"url\":\"https:\\\/\\\/drive.google.com\\\/thumbnail?id=1paigyTSTokthLbkxDRjSOs7e4P5teNJ6&sz=w2048\",\"contentUrl\":\"https:\\\/\\\/drive.google.com\\\/thumbnail?id=1paigyTSTokthLbkxDRjSOs7e4P5teNJ6&sz=w2048\",\"width\":720,\"height\":640},{\"@type\":\"BreadcrumbList\",\"@id\":\"https:\\\/\\\/informelitoral.com.ar\\\/siniestro-vial-en-ruta-35-un-motociclista-resulto-lesionado-en-general-ramirez\\\/#breadcrumb\",\"itemListElement\":[{\"@type\":\"ListItem\",\"position\":1,\"name\":\"Portada\",\"item\":\"https:\\\/\\\/informelitoral.com.ar\\\/\"},{\"@type\":\"ListItem\",\"position\":2,\"name\":\"Siniestro vial en Ruta 35: un motociclista result\u00f3 lesionado en General Ram\u00edrez\"}]},{\"@type\":\"WebSite\",\"@id\":\"https:\\\/\\\/informelitoral.com.ar\\\/#website\",\"url\":\"https:\\\/\\\/informelitoral.com.ar\\\/\",\"name\":\"Informe Litoral\",\"description\":\"&quot;Nos informamos&quot; \",\"publisher\":{\"@id\":\"https:\\\/\\\/informelitoral.com.ar\\\/#organization\"},\"potentialAction\":[{\"@type\":\"SearchAction\",\"target\":{\"@type\":\"EntryPoint\",\"urlTemplate\":\"https:\\\/\\\/informelitoral.com.ar\\\/?s={search_term_string}\"},\"query-input\":{\"@type\":\"PropertyValueSpecification\",\"valueRequired\":true,\"valueName\":\"search_term_string\"}}],\"inLanguage\":\"es\"},{\"@type\":\"Organization\",\"@id\":\"https:\\\/\\\/informelitoral.com.ar\\\/#organization\",\"name\":\"Informe Litoral\",\"url\":\"https:\\\/\\\/informelitoral.com.ar\\\/\",\"logo\":{\"@type\":\"ImageObject\",\"inLanguage\":\"es\",\"@id\":\"https:\\\/\\\/informelitoral.com.ar\\\/#\\\/schema\\\/logo\\\/image\\\/\",\"url\":\"https:\\\/\\\/informelitoral.com.ar\\\/%77%70%2d%63%6f%6e%74%65%6e%74\\\/uploads\\\/2021\\\/01\\\/circulo.png\",\"contentUrl\":\"https:\\\/\\\/informelitoral.com.ar\\\/%77%70%2d%63%6f%6e%74%65%6e%74\\\/uploads\\\/2021\\\/01\\\/circulo.png\",\"width\":723,\"height\":731,\"caption\":\"Informe Litoral\"},\"image\":{\"@id\":\"https:\\\/\\\/informelitoral.com.ar\\\/#\\\/schema\\\/logo\\\/image\\\/\"},\"sameAs\":[\"https:\\\/\\\/www.facebook.com\\\/informelitoral\\\/\",\"https:\\\/\\\/x.com\\\/InformeLitoral\",\"https:\\\/\\\/www.instagram.com\\\/informelitoral\\\/\",\"https:\\\/\\\/www.youtube.com\\\/channel\\\/UCua4Qvz8Icb6MYqhoq9xLXw\"]},{\"@type\":\"Person\",\"@id\":\"https:\\\/\\\/informelitoral.com.ar\\\/#\\\/schema\\\/person\\\/b9d00407c836482871ef1d57bf8e3180\",\"name\":\"Gonzalo Schmidt\",\"image\":{\"@type\":\"ImageObject\",\"inLanguage\":\"es\",\"@id\":\"https:\\\/\\\/secure.gravatar.com\\\/avatar\\\/31a1a7b66ff2de83bd0e9fd79d026630d2d99e55e8bfe501287647b4fd9743de?s=96&d=mm&r=g\",\"url\":\"https:\\\/\\\/secure.gravatar.com\\\/avatar\\\/31a1a7b66ff2de83bd0e9fd79d026630d2d99e55e8bfe501287647b4fd9743de?s=96&d=mm&r=g\",\"contentUrl\":\"https:\\\/\\\/secure.gravatar.com\\\/avatar\\\/31a1a7b66ff2de83bd0e9fd79d026630d2d99e55e8bfe501287647b4fd9743de?s=96&d=mm&r=g\",\"caption\":\"Gonzalo Schmidt\"},\"description\":\"Sitio web de noticias de la provincia de Entre R\u00edos, Argentina. Informaci\u00f3n y entretenimiento. Informe Litoral, nos informamos.\",\"sameAs\":[\"http:\\\/\\\/www.isletasnoticias.com.ar\"],\"url\":\"https:\\\/\\\/informelitoral.com.ar\\\/author\\\/gonzalo\\\/\"}]}<\/script>","yoast_head_json":{"title":"Siniestro vial en Ruta 35: un motociclista result\u00f3 lesionado en General Ram\u00edrez - Informe Litoral","robots":{"index":"index","follow":"follow","max-snippet":"max-snippet:-1","max-image-preview":"max-image-preview:large","max-video-preview":"max-video-preview:-1"},"canonical":"https:\/\/informelitoral.com.ar\/siniestro-vial-en-ruta-35-un-motociclista-resulto-lesionado-en-general-ramirez\/","og_locale":"es_ES","og_type":"article","og_title":"Siniestro vial en Ruta 35: un motociclista result\u00f3 lesionado en General Ram\u00edrez - Informe Litoral","og_description":"El conductor manifest\u00f3 que transitaba por la mencionada arteria cuando, por razones que a\u00fan no han sido precisadas, perdi\u00f3 el dominio de la moto y cay\u00f3 hacia la acera.","og_url":"https:\/\/informelitoral.com.ar\/siniestro-vial-en-ruta-35-un-motociclista-resulto-lesionado-en-general-ramirez\/","og_site_name":"Informe Litoral","article_publisher":"https:\/\/www.facebook.com\/informelitoral\/","article_published_time":"2026-04-27T11:16:33+00:00","og_image":[{"width":720,"height":640,"url":"https:\/\/drive.google.com\/thumbnail?id=1paigyTSTokthLbkxDRjSOs7e4P5teNJ6&sz=w2048","type":"image\/jpeg"}],"author":"Gonzalo Schmidt","twitter_card":"summary_large_image","twitter_creator":"@InformeLitoral","twitter_site":"@InformeLitoral","twitter_misc":{"Escrito por":"Gonzalo Schmidt","Tiempo de lectura":"2 minutos"},"schema":{"@context":"https:\/\/schema.org","@graph":[{"@type":"Article","@id":"https:\/\/informelitoral.com.ar\/siniestro-vial-en-ruta-35-un-motociclista-resulto-lesionado-en-general-ramirez\/#article","isPartOf":{"@id":"https:\/\/informelitoral.com.ar\/siniestro-vial-en-ruta-35-un-motociclista-resulto-lesionado-en-general-ramirez\/"},"author":{"name":"Gonzalo Schmidt","@id":"https:\/\/informelitoral.com.ar\/#\/schema\/person\/b9d00407c836482871ef1d57bf8e3180"},"headline":"Siniestro vial en Ruta 35: un motociclista result\u00f3 lesionado en General Ram\u00edrez","datePublished":"2026-04-27T11:16:33+00:00","mainEntityOfPage":{"@id":"https:\/\/informelitoral.com.ar\/siniestro-vial-en-ruta-35-un-motociclista-resulto-lesionado-en-general-ramirez\/"},"wordCount":212,"commentCount":0,"publisher":{"@id":"https:\/\/informelitoral.com.ar\/#organization"},"image":{"@id":"https:\/\/informelitoral.com.ar\/siniestro-vial-en-ruta-35-un-motociclista-resulto-lesionado-en-general-ramirez\/#primaryimage"},"thumbnailUrl":"https:\/\/drive.google.com\/thumbnail?id=1paigyTSTokthLbkxDRjSOs7e4P5teNJ6&sz=w2048","keywords":["Accidente","General Ram\u00edrez","Ram\u00edrez","Ruta 35"],"articleSection":["Policiales"],"inLanguage":"es","potentialAction":[{"@type":"CommentAction","name":"Comment","target":["https:\/\/informelitoral.com.ar\/siniestro-vial-en-ruta-35-un-motociclista-resulto-lesionado-en-general-ramirez\/#respond"]}]},{"@type":"WebPage","@id":"https:\/\/informelitoral.com.ar\/siniestro-vial-en-ruta-35-un-motociclista-resulto-lesionado-en-general-ramirez\/","url":"https:\/\/informelitoral.com.ar\/siniestro-vial-en-ruta-35-un-motociclista-resulto-lesionado-en-general-ramirez\/","name":"Siniestro vial en Ruta 35: un motociclista result\u00f3 lesionado en General Ram\u00edrez - Informe Litoral","isPartOf":{"@id":"https:\/\/informelitoral.com.ar\/#website"},"primaryImageOfPage":{"@id":"https:\/\/informelitoral.com.ar\/siniestro-vial-en-ruta-35-un-motociclista-resulto-lesionado-en-general-ramirez\/#primaryimage"},"image":{"@id":"https:\/\/informelitoral.com.ar\/siniestro-vial-en-ruta-35-un-motociclista-resulto-lesionado-en-general-ramirez\/#primaryimage"},"thumbnailUrl":"https:\/\/drive.google.com\/thumbnail?id=1paigyTSTokthLbkxDRjSOs7e4P5teNJ6&sz=w2048","datePublished":"2026-04-27T11:16:33+00:00","breadcrumb":{"@id":"https:\/\/informelitoral.com.ar\/siniestro-vial-en-ruta-35-un-motociclista-resulto-lesionado-en-general-ramirez\/#breadcrumb"},"inLanguage":"es","potentialAction":[{"@type":"ReadAction","target":["https:\/\/informelitoral.com.ar\/siniestro-vial-en-ruta-35-un-motociclista-resulto-lesionado-en-general-ramirez\/"]}]},{"@type":"ImageObject","inLanguage":"es","@id":"https:\/\/informelitoral.com.ar\/siniestro-vial-en-ruta-35-un-motociclista-resulto-lesionado-en-general-ramirez\/#primaryimage","url":"https:\/\/drive.google.com\/thumbnail?id=1paigyTSTokthLbkxDRjSOs7e4P5teNJ6&sz=w2048","contentUrl":"https:\/\/drive.google.com\/thumbnail?id=1paigyTSTokthLbkxDRjSOs7e4P5teNJ6&sz=w2048","width":720,"height":640},{"@type":"BreadcrumbList","@id":"https:\/\/informelitoral.com.ar\/siniestro-vial-en-ruta-35-un-motociclista-resulto-lesionado-en-general-ramirez\/#breadcrumb","itemListElement":[{"@type":"ListItem","position":1,"name":"Portada","item":"https:\/\/informelitoral.com.ar\/"},{"@type":"ListItem","position":2,"name":"Siniestro vial en Ruta 35: un motociclista result\u00f3 lesionado en General Ram\u00edrez"}]},{"@type":"WebSite","@id":"https:\/\/informelitoral.com.ar\/#website","url":"https:\/\/informelitoral.com.ar\/","name":"Informe Litoral","description":"&quot;Nos informamos&quot; ","publisher":{"@id":"https:\/\/informelitoral.com.ar\/#organization"},"potentialAction":[{"@type":"SearchAction","target":{"@type":"EntryPoint","urlTemplate":"https:\/\/informelitoral.com.ar\/?s={search_term_string}"},"query-input":{"@type":"PropertyValueSpecification","valueRequired":true,"valueName":"search_term_string"}}],"inLanguage":"es"},{"@type":"Organization","@id":"https:\/\/informelitoral.com.ar\/#organization","name":"Informe Litoral","url":"https:\/\/informelitoral.com.ar\/","logo":{"@type":"ImageObject","inLanguage":"es","@id":"https:\/\/informelitoral.com.ar\/#\/schema\/logo\/image\/","url":"https:\/\/informelitoral.com.ar\/%77%70%2d%63%6f%6e%74%65%6e%74\/uploads\/2021\/01\/circulo.png","contentUrl":"https:\/\/informelitoral.com.ar\/%77%70%2d%63%6f%6e%74%65%6e%74\/uploads\/2021\/01\/circulo.png","width":723,"height":731,"caption":"Informe Litoral"},"image":{"@id":"https:\/\/informelitoral.com.ar\/#\/schema\/logo\/image\/"},"sameAs":["https:\/\/www.facebook.com\/informelitoral\/","https:\/\/x.com\/InformeLitoral","https:\/\/www.instagram.com\/informelitoral\/","https:\/\/www.youtube.com\/channel\/UCua4Qvz8Icb6MYqhoq9xLXw"]},{"@type":"Person","@id":"https:\/\/informelitoral.com.ar\/#\/schema\/person\/b9d00407c836482871ef1d57bf8e3180","name":"Gonzalo Schmidt","image":{"@type":"ImageObject","inLanguage":"es","@id":"https:\/\/secure.gravatar.com\/avatar\/31a1a7b66ff2de83bd0e9fd79d026630d2d99e55e8bfe501287647b4fd9743de?s=96&d=mm&r=g","url":"https:\/\/secure.gravatar.com\/avatar\/31a1a7b66ff2de83bd0e9fd79d026630d2d99e55e8bfe501287647b4fd9743de?s=96&d=mm&r=g","contentUrl":"https:\/\/secure.gravatar.com\/avatar\/31a1a7b66ff2de83bd0e9fd79d026630d2d99e55e8bfe501287647b4fd9743de?s=96&d=mm&r=g","caption":"Gonzalo Schmidt"},"description":"Sitio web de noticias de la provincia de Entre R\u00edos, Argentina. Informaci\u00f3n y entretenimiento. Informe Litoral, nos informamos.","sameAs":["http:\/\/www.isletasnoticias.com.ar"],"url":"https:\/\/informelitoral.com.ar\/author\/gonzalo\/"}]}},"_links":{"self":[{"href":"https:\/\/informelitoral.com.ar\/%77%70%2d%6a%73%6f%6e\/wp\/v2\/posts\/258534","targetHints":{"allow":["GET"]}}],"collection":[{"href":"https:\/\/informelitoral.com.ar\/%77%70%2d%6a%73%6f%6e\/wp\/v2\/posts"}],"about":[{"href":"https:\/\/informelitoral.com.ar\/%77%70%2d%6a%73%6f%6e\/wp\/v2\/types\/post"}],"author":[{"embeddable":true,"href":"https:\/\/informelitoral.com.ar\/%77%70%2d%6a%73%6f%6e\/wp\/v2\/users\/2"}],"replies":[{"embeddable":true,"href":"https:\/\/informelitoral.com.ar\/%77%70%2d%6a%73%6f%6e\/wp\/v2\/comments?post=258534"}],"version-history":[{"count":1,"href":"https:\/\/informelitoral.com.ar\/%77%70%2d%6a%73%6f%6e\/wp\/v2\/posts\/258534\/revisions"}],"predecessor-version":[{"id":258536,"href":"https:\/\/informelitoral.com.ar\/%77%70%2d%6a%73%6f%6e\/wp\/v2\/posts\/258534\/revisions\/258536"}],"wp:featuredmedia":[{"embeddable":true,"href":"https:\/\/informelitoral.com.ar\/%77%70%2d%6a%73%6f%6e\/wp\/v2\/media\/258535"}],"wp:attachment":[{"href":"https:\/\/informelitoral.com.ar\/%77%70%2d%6a%73%6f%6e\/wp\/v2\/media?parent=258534"}],"wp:term":[{"taxonomy":"category","embeddable":true,"href":"https:\/\/informelitoral.com.ar\/%77%70%2d%6a%73%6f%6e\/wp\/v2\/categories?post=258534"},{"taxonomy":"post_tag","embeddable":true,"href":"https:\/\/informelitoral.com.ar\/%77%70%2d%6a%73%6f%6e\/wp\/v2\/tags?post=258534"}],"curies":[{"name":"wp","href":"https:\/\/api.w.org\/{rel}","templated":true}]}}