{"id":258522,"date":"2026-04-24T22:44:50","date_gmt":"2026-04-25T01:44:50","guid":{"rendered":"https:\/\/informelitoral.com.ar\/?p=258522"},"modified":"2026-04-24T22:48:51","modified_gmt":"2026-04-25T01:48:51","slug":"santa-elena-oficializo-su-cronograma-de-servicios-y-atractivos-para-la-temporada","status":"publish","type":"post","link":"https:\/\/informelitoral.com.ar\/santa-elena-oficializo-su-cronograma-de-servicios-y-atractivos-para-la-temporada\/","title":{"rendered":"Santa Elena: gu\u00eda de actividades y servicios para disfrutar en la ciudad"},"content":{"rendered":"<p data-path-to-node=\"4\">A trav\u00e9s de su \u00e1rea de Turismo, la ciudad de<strong> Santa Elena<\/strong> dio a conocer la estructura de actividades y servicios disponibles para ciudadanos y visitantes.<\/p>\n<h2 data-path-to-node=\"4\"><strong>Cultura, ferias y letras<\/strong><\/h2>\n<p data-path-to-node=\"6\">La actividad ferial tendr\u00e1 dos focos principales. La <b data-path-to-node=\"6\" data-index-in-node=\"53\">Feria Manos Santaelenenses<\/b> funcionar\u00e1 viernes y s\u00e1bado, a partir de las 17 en Plaza Centenario, y el domingo a partir de las 16 en el Camping Municipal. Por otro lado, la <b data-path-to-node=\"6\" data-index-in-node=\"224\">Feria El Saucedal<\/b> se establecer\u00e1 s\u00e1bado y domingo, a partir de las 16:30 en Plazoleta Malvinas.<\/p>\n<p data-path-to-node=\"7\">En el \u00e1mbito cultural, el <b data-path-to-node=\"7\" data-index-in-node=\"26\">Museo y Archivo Hist\u00f3rico<\/b> de Av. Pte Per\u00f3n (Consultas: 3437 451001) mantiene su horario de jueves a martes de 17 a 19. Este espacio ser\u00e1 sede el s\u00e1bado, 18, de la presentaci\u00f3n del libro <i data-path-to-node=\"7\" data-index-in-node=\"212\">\u00abDimpnha, el libro de la luna prestada\u00bb<\/i>. Tambi\u00e9n se ofrecen los recorridos de <b data-path-to-node=\"7\" data-index-in-node=\"290\">Stelna Hist\u00f3rico<\/b> (Reservas: 3437410061) y de <b data-path-to-node=\"7\" data-index-in-node=\"335\">Turismo Hist\u00f3rico Religioso<\/b> (Reservas: 3437 510349).<\/p>\n<h2 data-path-to-node=\"8\"><strong>Cronograma deportivo y social<\/strong><\/h2>\n<p data-path-to-node=\"9\">La agenda de fin de semana incluye los siguientes eventos destacados:<\/p>\n<ul data-path-to-node=\"10\">\n<li>\n<p data-path-to-node=\"10,0,0\"><b data-path-to-node=\"10,0,0\" data-index-in-node=\"0\">B\u00e1squet Liga FBER:<\/b> Viernes, 21 en el Club Urquiza Santa Elena.<\/p>\n<\/li>\n<li>\n<p data-path-to-node=\"10,1,0\"><b data-path-to-node=\"10,1,0\" data-index-in-node=\"0\">Rural Bike:<\/b> Domingo, 11 en el Polideportivo Municipal \u00abEl Aguar\u00e1\u00bb (abierto lunes a domingo, de 6 a 00).<\/p>\n<\/li>\n<li>\n<p data-path-to-node=\"10,2,0\"><b data-path-to-node=\"10,2,0\" data-index-in-node=\"0\">Mate Bingo:<\/b> Domingo, 15 en Club Santa Marta y domingo, 16 en Club Villa Urquiza.<\/p>\n<\/li>\n<li>\n<p data-path-to-node=\"10,3,0\"><b data-path-to-node=\"10,3,0\" data-index-in-node=\"0\">Santa Elena Fest:<\/b> Show de Horacio Gait\u00e1n y bandas locales el s\u00e1bado en el Sindicato de la Carne.<\/p>\n<\/li>\n<li>\n<p data-path-to-node=\"10,4,0\"><b data-path-to-node=\"10,4,0\" data-index-in-node=\"0\">Club Stelna:<\/b> Actividades el s\u00e1bado en Stelna Golf Club.<\/p>\n<\/li>\n<\/ul>\n<h2 data-path-to-node=\"11\"><strong>Servicios tur\u00edsticos y recreativos<\/strong><\/h2>\n<p data-path-to-node=\"12\">Para las actividades de esparcimiento y contacto con la naturaleza, se detallan los siguientes horarios y canales de reserva:<\/p>\n<ul data-path-to-node=\"13\">\n<li>\n<p data-path-to-node=\"13,0,0\"><b data-path-to-node=\"13,0,0\" data-index-in-node=\"0\">Paseos N\u00e1uticos y cruces a Isla:<\/b> Todos los d\u00edas con rva previa al 11 25909639.<\/p>\n<\/li>\n<li>\n<p data-path-to-node=\"13,1,0\"><b data-path-to-node=\"13,1,0\" data-index-in-node=\"0\">Pesca Deportiva:<\/b> Jornada media o completa al 343 4567235.<\/p>\n<\/li>\n<li>\n<p data-path-to-node=\"13,2,0\"><b data-path-to-node=\"13,2,0\" data-index-in-node=\"0\">Eco experiencia (Bicis):<\/b> Lunes a jueves de 7 a 21; viernes, s\u00e1bado y domingo de 7 a 22 (Solicitar en Oficina de Turismo con DNI).<\/p>\n<\/li>\n<li>\n<p data-path-to-node=\"13,3,0\"><b data-path-to-node=\"13,3,0\" data-index-in-node=\"0\">Cabalgatas El Trebol:<\/b> Con reserva previa al 3437 516299 en Colonia Oficial 12.<\/p>\n<\/li>\n<li>\n<p data-path-to-node=\"13,4,0\"><b data-path-to-node=\"13,4,0\" data-index-in-node=\"0\">Granja Las Totoras:<\/b> Jueves a domingo, de 17 a 19 (Reservas: 3437 492474).<\/p>\n<\/li>\n<li>\n<p data-path-to-node=\"13,5,0\"><b data-path-to-node=\"13,5,0\" data-index-in-node=\"0\">Sal\u00f3n de juegos Santa Elena:<\/b> Lunes a jueves, de 20 a 3; viernes a domingo de 14 a 3 (Eva Per\u00f3n y 9 de julio).<\/p>\n<\/li>\n<li>\n<p data-path-to-node=\"13,6,0\"><b data-path-to-node=\"13,6,0\" data-index-in-node=\"0\">Alfarer\u00eda y Cer\u00e1mica:<\/b> Lunes a s\u00e1bado de 9 a 12 (3437527449).<\/p>\n<\/li>\n<li>\n<p data-path-to-node=\"13,7,0\"><b data-path-to-node=\"13,7,0\" data-index-in-node=\"0\">Jard\u00edn Bromelias:<\/b> Visitas en Pasaje Soloaga con reserva previa al 3437 459546.<\/p>\n<\/li>\n<\/ul>\n","protected":false},"excerpt":{"rendered":"<p>La municipalidad difundi\u00f3 la gu\u00eda completa de actividades que incluye recorridos hist\u00f3ricos, competencias deportivas, ferias y recreaci\u00f3n n\u00e1utica.<\/p>\n","protected":false},"author":8,"featured_media":258523,"comment_status":"open","ping_status":"open","sticky":false,"template":"","format":"standard","meta":{"fifu_image_url":"https:\/\/lasexta.com.ar\/images\/TURISMO_DEPORTE_SANTA_EOENA_AGOSTO_2022_PORTADA.jpg","fifu_image_alt":"","footnotes":""},"categories":[1378],"tags":[1363,104],"class_list":{"0":"post-258522","1":"post","2":"type-post","3":"status-publish","4":"format-standard","5":"has-post-thumbnail","7":"category-turismo","8":"tag-santa-elena","9":"tag-turismo"},"yoast_head":"<title>Santa Elena: gu\u00eda de actividades y servicios para disfrutar en la ciudad - Informe Litoral<\/title>\n<meta name=\"robots\" content=\"index, follow, max-snippet:-1, max-image-preview:large, max-video-preview:-1\" \/>\n<link rel=\"canonical\" href=\"https:\/\/informelitoral.com.ar\/santa-elena-oficializo-su-cronograma-de-servicios-y-atractivos-para-la-temporada\/\" \/>\n<meta property=\"og:locale\" content=\"es_ES\" \/>\n<meta property=\"og:type\" content=\"article\" \/>\n<meta property=\"og:title\" content=\"Santa Elena: gu\u00eda de actividades y servicios para disfrutar en la ciudad - Informe Litoral\" \/>\n<meta property=\"og:description\" content=\"La municipalidad difundi\u00f3 la gu\u00eda completa de actividades que incluye recorridos hist\u00f3ricos, competencias deportivas, ferias y recreaci\u00f3n n\u00e1utica.\" \/>\n<meta property=\"og:url\" content=\"https:\/\/informelitoral.com.ar\/santa-elena-oficializo-su-cronograma-de-servicios-y-atractivos-para-la-temporada\/\" \/>\n<meta property=\"og:site_name\" content=\"Informe Litoral\" \/>\n<meta property=\"article:publisher\" content=\"https:\/\/www.facebook.com\/informelitoral\/\" \/>\n<meta property=\"article:published_time\" content=\"2026-04-25T01:44:50+00:00\" \/>\n<meta property=\"article:modified_time\" content=\"2026-04-25T01:48:51+00:00\" \/>\n<meta property=\"og:image\" content=\"https:\/\/lasexta.com.ar\/images\/TURISMO_DEPORTE_SANTA_EOENA_AGOSTO_2022_PORTADA.jpg\" \/>\n<meta name=\"author\" content=\"Sebastian\" \/>\n<meta name=\"twitter:card\" content=\"summary_large_image\" \/>\n<meta name=\"twitter:image\" content=\"https:\/\/lasexta.com.ar\/images\/TURISMO_DEPORTE_SANTA_EOENA_AGOSTO_2022_PORTADA.jpg\" \/>\n<meta name=\"twitter:creator\" content=\"@InformeLitoral\" \/>\n<meta name=\"twitter:site\" content=\"@InformeLitoral\" \/>\n<meta name=\"twitter:label1\" content=\"Escrito por\" \/>\n\t<meta name=\"twitter:data1\" content=\"Sebastian\" \/>\n\t<meta name=\"twitter:label2\" content=\"Tiempo de lectura\" \/>\n\t<meta name=\"twitter:data2\" content=\"2 minutos\" \/>\n<script type=\"application\/ld+json\" class=\"yoast-schema-graph\">{\"@context\":\"https:\\\/\\\/schema.org\",\"@graph\":[{\"@type\":\"Article\",\"@id\":\"https:\\\/\\\/informelitoral.com.ar\\\/santa-elena-oficializo-su-cronograma-de-servicios-y-atractivos-para-la-temporada\\\/#article\",\"isPartOf\":{\"@id\":\"https:\\\/\\\/informelitoral.com.ar\\\/santa-elena-oficializo-su-cronograma-de-servicios-y-atractivos-para-la-temporada\\\/\"},\"author\":{\"name\":\"Sebastian\",\"@id\":\"https:\\\/\\\/informelitoral.com.ar\\\/#\\\/schema\\\/person\\\/f05f9f461677119578717524b127d6d5\"},\"headline\":\"Santa Elena: gu\u00eda de actividades y servicios para disfrutar en la ciudad\",\"datePublished\":\"2026-04-25T01:44:50+00:00\",\"dateModified\":\"2026-04-25T01:48:51+00:00\",\"mainEntityOfPage\":{\"@id\":\"https:\\\/\\\/informelitoral.com.ar\\\/santa-elena-oficializo-su-cronograma-de-servicios-y-atractivos-para-la-temporada\\\/\"},\"wordCount\":376,\"commentCount\":0,\"publisher\":{\"@id\":\"https:\\\/\\\/informelitoral.com.ar\\\/#organization\"},\"image\":{\"@id\":\"https:\\\/\\\/informelitoral.com.ar\\\/santa-elena-oficializo-su-cronograma-de-servicios-y-atractivos-para-la-temporada\\\/#primaryimage\"},\"thumbnailUrl\":\"https:\\\/\\\/lasexta.com.ar\\\/images\\\/TURISMO_DEPORTE_SANTA_EOENA_AGOSTO_2022_PORTADA.jpg\",\"keywords\":[\"Santa Elena\",\"Turismo\"],\"articleSection\":[\"Turismo\"],\"inLanguage\":\"es\",\"potentialAction\":[{\"@type\":\"CommentAction\",\"name\":\"Comment\",\"target\":[\"https:\\\/\\\/informelitoral.com.ar\\\/santa-elena-oficializo-su-cronograma-de-servicios-y-atractivos-para-la-temporada\\\/#respond\"]}]},{\"@type\":\"WebPage\",\"@id\":\"https:\\\/\\\/informelitoral.com.ar\\\/santa-elena-oficializo-su-cronograma-de-servicios-y-atractivos-para-la-temporada\\\/\",\"url\":\"https:\\\/\\\/informelitoral.com.ar\\\/santa-elena-oficializo-su-cronograma-de-servicios-y-atractivos-para-la-temporada\\\/\",\"name\":\"Santa Elena: gu\u00eda de actividades y servicios para disfrutar en la ciudad - Informe Litoral\",\"isPartOf\":{\"@id\":\"https:\\\/\\\/informelitoral.com.ar\\\/#website\"},\"primaryImageOfPage\":{\"@id\":\"https:\\\/\\\/informelitoral.com.ar\\\/santa-elena-oficializo-su-cronograma-de-servicios-y-atractivos-para-la-temporada\\\/#primaryimage\"},\"image\":{\"@id\":\"https:\\\/\\\/informelitoral.com.ar\\\/santa-elena-oficializo-su-cronograma-de-servicios-y-atractivos-para-la-temporada\\\/#primaryimage\"},\"thumbnailUrl\":\"https:\\\/\\\/lasexta.com.ar\\\/images\\\/TURISMO_DEPORTE_SANTA_EOENA_AGOSTO_2022_PORTADA.jpg\",\"datePublished\":\"2026-04-25T01:44:50+00:00\",\"dateModified\":\"2026-04-25T01:48:51+00:00\",\"breadcrumb\":{\"@id\":\"https:\\\/\\\/informelitoral.com.ar\\\/santa-elena-oficializo-su-cronograma-de-servicios-y-atractivos-para-la-temporada\\\/#breadcrumb\"},\"inLanguage\":\"es\",\"potentialAction\":[{\"@type\":\"ReadAction\",\"target\":[\"https:\\\/\\\/informelitoral.com.ar\\\/santa-elena-oficializo-su-cronograma-de-servicios-y-atractivos-para-la-temporada\\\/\"]}]},{\"@type\":\"ImageObject\",\"inLanguage\":\"es\",\"@id\":\"https:\\\/\\\/informelitoral.com.ar\\\/santa-elena-oficializo-su-cronograma-de-servicios-y-atractivos-para-la-temporada\\\/#primaryimage\",\"url\":\"https:\\\/\\\/lasexta.com.ar\\\/images\\\/TURISMO_DEPORTE_SANTA_EOENA_AGOSTO_2022_PORTADA.jpg\",\"contentUrl\":\"https:\\\/\\\/lasexta.com.ar\\\/images\\\/TURISMO_DEPORTE_SANTA_EOENA_AGOSTO_2022_PORTADA.jpg\",\"width\":\"1600\",\"height\":\"900\"},{\"@type\":\"BreadcrumbList\",\"@id\":\"https:\\\/\\\/informelitoral.com.ar\\\/santa-elena-oficializo-su-cronograma-de-servicios-y-atractivos-para-la-temporada\\\/#breadcrumb\",\"itemListElement\":[{\"@type\":\"ListItem\",\"position\":1,\"name\":\"Portada\",\"item\":\"https:\\\/\\\/informelitoral.com.ar\\\/\"},{\"@type\":\"ListItem\",\"position\":2,\"name\":\"Santa Elena: gu\u00eda de actividades y servicios para disfrutar en la ciudad\"}]},{\"@type\":\"WebSite\",\"@id\":\"https:\\\/\\\/informelitoral.com.ar\\\/#website\",\"url\":\"https:\\\/\\\/informelitoral.com.ar\\\/\",\"name\":\"Informe Litoral\",\"description\":\"&quot;Nos informamos&quot; \",\"publisher\":{\"@id\":\"https:\\\/\\\/informelitoral.com.ar\\\/#organization\"},\"potentialAction\":[{\"@type\":\"SearchAction\",\"target\":{\"@type\":\"EntryPoint\",\"urlTemplate\":\"https:\\\/\\\/informelitoral.com.ar\\\/?s={search_term_string}\"},\"query-input\":{\"@type\":\"PropertyValueSpecification\",\"valueRequired\":true,\"valueName\":\"search_term_string\"}}],\"inLanguage\":\"es\"},{\"@type\":\"Organization\",\"@id\":\"https:\\\/\\\/informelitoral.com.ar\\\/#organization\",\"name\":\"Informe Litoral\",\"url\":\"https:\\\/\\\/informelitoral.com.ar\\\/\",\"logo\":{\"@type\":\"ImageObject\",\"inLanguage\":\"es\",\"@id\":\"https:\\\/\\\/informelitoral.com.ar\\\/#\\\/schema\\\/logo\\\/image\\\/\",\"url\":\"https:\\\/\\\/informelitoral.com.ar\\\/%77%70%2d%63%6f%6e%74%65%6e%74\\\/uploads\\\/2021\\\/01\\\/circulo.png\",\"contentUrl\":\"https:\\\/\\\/informelitoral.com.ar\\\/%77%70%2d%63%6f%6e%74%65%6e%74\\\/uploads\\\/2021\\\/01\\\/circulo.png\",\"width\":723,\"height\":731,\"caption\":\"Informe Litoral\"},\"image\":{\"@id\":\"https:\\\/\\\/informelitoral.com.ar\\\/#\\\/schema\\\/logo\\\/image\\\/\"},\"sameAs\":[\"https:\\\/\\\/www.facebook.com\\\/informelitoral\\\/\",\"https:\\\/\\\/x.com\\\/InformeLitoral\",\"https:\\\/\\\/www.instagram.com\\\/informelitoral\\\/\",\"https:\\\/\\\/www.youtube.com\\\/channel\\\/UCua4Qvz8Icb6MYqhoq9xLXw\"]},{\"@type\":\"Person\",\"@id\":\"https:\\\/\\\/informelitoral.com.ar\\\/#\\\/schema\\\/person\\\/f05f9f461677119578717524b127d6d5\",\"name\":\"Sebastian\",\"image\":{\"@type\":\"ImageObject\",\"inLanguage\":\"es\",\"@id\":\"https:\\\/\\\/secure.gravatar.com\\\/avatar\\\/b71bf7481d447dfb9583c7f2798e7cc64de6efb9067b74633ed8c31059a3bd82?s=96&d=mm&r=g\",\"url\":\"https:\\\/\\\/secure.gravatar.com\\\/avatar\\\/b71bf7481d447dfb9583c7f2798e7cc64de6efb9067b74633ed8c31059a3bd82?s=96&d=mm&r=g\",\"contentUrl\":\"https:\\\/\\\/secure.gravatar.com\\\/avatar\\\/b71bf7481d447dfb9583c7f2798e7cc64de6efb9067b74633ed8c31059a3bd82?s=96&d=mm&r=g\",\"caption\":\"Sebastian\"},\"url\":\"https:\\\/\\\/informelitoral.com.ar\\\/author\\\/sebastian\\\/\"}]}<\/script>","yoast_head_json":{"title":"Santa Elena: gu\u00eda de actividades y servicios para disfrutar en la ciudad - Informe Litoral","robots":{"index":"index","follow":"follow","max-snippet":"max-snippet:-1","max-image-preview":"max-image-preview:large","max-video-preview":"max-video-preview:-1"},"canonical":"https:\/\/informelitoral.com.ar\/santa-elena-oficializo-su-cronograma-de-servicios-y-atractivos-para-la-temporada\/","og_locale":"es_ES","og_type":"article","og_title":"Santa Elena: gu\u00eda de actividades y servicios para disfrutar en la ciudad - Informe Litoral","og_description":"La municipalidad difundi\u00f3 la gu\u00eda completa de actividades que incluye recorridos hist\u00f3ricos, competencias deportivas, ferias y recreaci\u00f3n n\u00e1utica.","og_url":"https:\/\/informelitoral.com.ar\/santa-elena-oficializo-su-cronograma-de-servicios-y-atractivos-para-la-temporada\/","og_site_name":"Informe Litoral","article_publisher":"https:\/\/www.facebook.com\/informelitoral\/","article_published_time":"2026-04-25T01:44:50+00:00","article_modified_time":"2026-04-25T01:48:51+00:00","og_image":[{"url":"https:\/\/lasexta.com.ar\/images\/TURISMO_DEPORTE_SANTA_EOENA_AGOSTO_2022_PORTADA.jpg","type":"","width":"","height":""}],"author":"Sebastian","twitter_card":"summary_large_image","twitter_image":"https:\/\/lasexta.com.ar\/images\/TURISMO_DEPORTE_SANTA_EOENA_AGOSTO_2022_PORTADA.jpg","twitter_creator":"@InformeLitoral","twitter_site":"@InformeLitoral","twitter_misc":{"Escrito por":"Sebastian","Tiempo de lectura":"2 minutos"},"schema":{"@context":"https:\/\/schema.org","@graph":[{"@type":"Article","@id":"https:\/\/informelitoral.com.ar\/santa-elena-oficializo-su-cronograma-de-servicios-y-atractivos-para-la-temporada\/#article","isPartOf":{"@id":"https:\/\/informelitoral.com.ar\/santa-elena-oficializo-su-cronograma-de-servicios-y-atractivos-para-la-temporada\/"},"author":{"name":"Sebastian","@id":"https:\/\/informelitoral.com.ar\/#\/schema\/person\/f05f9f461677119578717524b127d6d5"},"headline":"Santa Elena: gu\u00eda de actividades y servicios para disfrutar en la ciudad","datePublished":"2026-04-25T01:44:50+00:00","dateModified":"2026-04-25T01:48:51+00:00","mainEntityOfPage":{"@id":"https:\/\/informelitoral.com.ar\/santa-elena-oficializo-su-cronograma-de-servicios-y-atractivos-para-la-temporada\/"},"wordCount":376,"commentCount":0,"publisher":{"@id":"https:\/\/informelitoral.com.ar\/#organization"},"image":{"@id":"https:\/\/informelitoral.com.ar\/santa-elena-oficializo-su-cronograma-de-servicios-y-atractivos-para-la-temporada\/#primaryimage"},"thumbnailUrl":"https:\/\/lasexta.com.ar\/images\/TURISMO_DEPORTE_SANTA_EOENA_AGOSTO_2022_PORTADA.jpg","keywords":["Santa Elena","Turismo"],"articleSection":["Turismo"],"inLanguage":"es","potentialAction":[{"@type":"CommentAction","name":"Comment","target":["https:\/\/informelitoral.com.ar\/santa-elena-oficializo-su-cronograma-de-servicios-y-atractivos-para-la-temporada\/#respond"]}]},{"@type":"WebPage","@id":"https:\/\/informelitoral.com.ar\/santa-elena-oficializo-su-cronograma-de-servicios-y-atractivos-para-la-temporada\/","url":"https:\/\/informelitoral.com.ar\/santa-elena-oficializo-su-cronograma-de-servicios-y-atractivos-para-la-temporada\/","name":"Santa Elena: gu\u00eda de actividades y servicios para disfrutar en la ciudad - Informe Litoral","isPartOf":{"@id":"https:\/\/informelitoral.com.ar\/#website"},"primaryImageOfPage":{"@id":"https:\/\/informelitoral.com.ar\/santa-elena-oficializo-su-cronograma-de-servicios-y-atractivos-para-la-temporada\/#primaryimage"},"image":{"@id":"https:\/\/informelitoral.com.ar\/santa-elena-oficializo-su-cronograma-de-servicios-y-atractivos-para-la-temporada\/#primaryimage"},"thumbnailUrl":"https:\/\/lasexta.com.ar\/images\/TURISMO_DEPORTE_SANTA_EOENA_AGOSTO_2022_PORTADA.jpg","datePublished":"2026-04-25T01:44:50+00:00","dateModified":"2026-04-25T01:48:51+00:00","breadcrumb":{"@id":"https:\/\/informelitoral.com.ar\/santa-elena-oficializo-su-cronograma-de-servicios-y-atractivos-para-la-temporada\/#breadcrumb"},"inLanguage":"es","potentialAction":[{"@type":"ReadAction","target":["https:\/\/informelitoral.com.ar\/santa-elena-oficializo-su-cronograma-de-servicios-y-atractivos-para-la-temporada\/"]}]},{"@type":"ImageObject","inLanguage":"es","@id":"https:\/\/informelitoral.com.ar\/santa-elena-oficializo-su-cronograma-de-servicios-y-atractivos-para-la-temporada\/#primaryimage","url":"https:\/\/lasexta.com.ar\/images\/TURISMO_DEPORTE_SANTA_EOENA_AGOSTO_2022_PORTADA.jpg","contentUrl":"https:\/\/lasexta.com.ar\/images\/TURISMO_DEPORTE_SANTA_EOENA_AGOSTO_2022_PORTADA.jpg","width":"1600","height":"900"},{"@type":"BreadcrumbList","@id":"https:\/\/informelitoral.com.ar\/santa-elena-oficializo-su-cronograma-de-servicios-y-atractivos-para-la-temporada\/#breadcrumb","itemListElement":[{"@type":"ListItem","position":1,"name":"Portada","item":"https:\/\/informelitoral.com.ar\/"},{"@type":"ListItem","position":2,"name":"Santa Elena: gu\u00eda de actividades y servicios para disfrutar en la ciudad"}]},{"@type":"WebSite","@id":"https:\/\/informelitoral.com.ar\/#website","url":"https:\/\/informelitoral.com.ar\/","name":"Informe Litoral","description":"&quot;Nos informamos&quot; ","publisher":{"@id":"https:\/\/informelitoral.com.ar\/#organization"},"potentialAction":[{"@type":"SearchAction","target":{"@type":"EntryPoint","urlTemplate":"https:\/\/informelitoral.com.ar\/?s={search_term_string}"},"query-input":{"@type":"PropertyValueSpecification","valueRequired":true,"valueName":"search_term_string"}}],"inLanguage":"es"},{"@type":"Organization","@id":"https:\/\/informelitoral.com.ar\/#organization","name":"Informe Litoral","url":"https:\/\/informelitoral.com.ar\/","logo":{"@type":"ImageObject","inLanguage":"es","@id":"https:\/\/informelitoral.com.ar\/#\/schema\/logo\/image\/","url":"https:\/\/informelitoral.com.ar\/%77%70%2d%63%6f%6e%74%65%6e%74\/uploads\/2021\/01\/circulo.png","contentUrl":"https:\/\/informelitoral.com.ar\/%77%70%2d%63%6f%6e%74%65%6e%74\/uploads\/2021\/01\/circulo.png","width":723,"height":731,"caption":"Informe Litoral"},"image":{"@id":"https:\/\/informelitoral.com.ar\/#\/schema\/logo\/image\/"},"sameAs":["https:\/\/www.facebook.com\/informelitoral\/","https:\/\/x.com\/InformeLitoral","https:\/\/www.instagram.com\/informelitoral\/","https:\/\/www.youtube.com\/channel\/UCua4Qvz8Icb6MYqhoq9xLXw"]},{"@type":"Person","@id":"https:\/\/informelitoral.com.ar\/#\/schema\/person\/f05f9f461677119578717524b127d6d5","name":"Sebastian","image":{"@type":"ImageObject","inLanguage":"es","@id":"https:\/\/secure.gravatar.com\/avatar\/b71bf7481d447dfb9583c7f2798e7cc64de6efb9067b74633ed8c31059a3bd82?s=96&d=mm&r=g","url":"https:\/\/secure.gravatar.com\/avatar\/b71bf7481d447dfb9583c7f2798e7cc64de6efb9067b74633ed8c31059a3bd82?s=96&d=mm&r=g","contentUrl":"https:\/\/secure.gravatar.com\/avatar\/b71bf7481d447dfb9583c7f2798e7cc64de6efb9067b74633ed8c31059a3bd82?s=96&d=mm&r=g","caption":"Sebastian"},"url":"https:\/\/informelitoral.com.ar\/author\/sebastian\/"}]}},"fifu_image_url":"https:\/\/lasexta.com.ar\/images\/TURISMO_DEPORTE_SANTA_EOENA_AGOSTO_2022_PORTADA.jpg","_links":{"self":[{"href":"https:\/\/informelitoral.com.ar\/%77%70%2d%6a%73%6f%6e\/wp\/v2\/posts\/258522","targetHints":{"allow":["GET"]}}],"collection":[{"href":"https:\/\/informelitoral.com.ar\/%77%70%2d%6a%73%6f%6e\/wp\/v2\/posts"}],"about":[{"href":"https:\/\/informelitoral.com.ar\/%77%70%2d%6a%73%6f%6e\/wp\/v2\/types\/post"}],"author":[{"embeddable":true,"href":"https:\/\/informelitoral.com.ar\/%77%70%2d%6a%73%6f%6e\/wp\/v2\/users\/8"}],"replies":[{"embeddable":true,"href":"https:\/\/informelitoral.com.ar\/%77%70%2d%6a%73%6f%6e\/wp\/v2\/comments?post=258522"}],"version-history":[{"count":3,"href":"https:\/\/informelitoral.com.ar\/%77%70%2d%6a%73%6f%6e\/wp\/v2\/posts\/258522\/revisions"}],"predecessor-version":[{"id":258526,"href":"https:\/\/informelitoral.com.ar\/%77%70%2d%6a%73%6f%6e\/wp\/v2\/posts\/258522\/revisions\/258526"}],"wp:featuredmedia":[{"embeddable":true,"href":"https:\/\/informelitoral.com.ar\/%77%70%2d%6a%73%6f%6e\/wp\/v2\/media\/258523"}],"wp:attachment":[{"href":"https:\/\/informelitoral.com.ar\/%77%70%2d%6a%73%6f%6e\/wp\/v2\/media?parent=258522"}],"wp:term":[{"taxonomy":"category","embeddable":true,"href":"https:\/\/informelitoral.com.ar\/%77%70%2d%6a%73%6f%6e\/wp\/v2\/categories?post=258522"},{"taxonomy":"post_tag","embeddable":true,"href":"https:\/\/informelitoral.com.ar\/%77%70%2d%6a%73%6f%6e\/wp\/v2\/tags?post=258522"}],"curies":[{"name":"wp","href":"https:\/\/api.w.org\/{rel}","templated":true}]}}