{"id":25835,"date":"2018-03-27T07:43:06","date_gmt":"2018-03-27T10:43:06","guid":{"rendered":"https:\/\/www.isletasnoticias.com.ar\/?p=25835"},"modified":"2018-03-27T07:45:35","modified_gmt":"2018-03-27T10:45:35","slug":"entre-rios-trabaja-en-el-intercambio-con-alemania","status":"publish","type":"post","link":"https:\/\/informelitoral.com.ar\/entre-rios-trabaja-en-el-intercambio-con-alemania\/","title":{"rendered":"Entre R\u00edos trabaja en el intercambio con Alemania"},"content":{"rendered":"<p>El intercambio estudiantil y tur\u00edstico fue lo abordado por el gobernador Gustavo Bordet, y los intendentes de Santa Anita, Horacio Amavet, y de Hosenfeld, Peter Malolepszy, en el marco del convenio de amistad y hermandad entre ambas jurisdicciones y que prev\u00e9n hacer extensiva a otras localidades.<\/p>\n<p>\u00abEl gobernador Bordet tuvo la deferencia de darnos una audiencia en la que hemos dialogado sobre el intercambio entre Alemania y Argentina a partir del convenio de colaboraci\u00f3n y amistad firmado entre las localidades de Santa Anita y Hosenfeld. Es una puerta que se abre y lo est\u00e1 al intercambio de j\u00f3venes para estudiar, al turismo y a alguna inversi\u00f3n productiva que se d\u00e9\u00bb, detall\u00f3 Amavet al finalizar el encuentro que se celebr\u00f3 este lunes en Casa de Gobierno.<\/p>\n<p>En ese marco, el presidente municipal manifest\u00f3 que \u00abel mandatario est\u00e1 impulsando esta hermandad entre distintas ciudades. Cuando \u00e9l fue intendente, estableci\u00f3 relaciones con lugares de Francia. Estuvo hace muy poco en Alemania y ve con muy buenos ojos que se produzcan estos convenios de colaboraci\u00f3n y amistad entre los municipios\u00bb, remarc\u00f3.<\/p>\n<p>El intendente de Santa Anita coment\u00f3 que estar\u00e1 durante cinco meses en Santa Anita una estudiante de Turismo de la localidad alemana. \u00abEstamos abriendo puertas. Este martes avanzaremos en la planificaci\u00f3n e intercambio de ideas de c\u00f3mo se puede incrementar el intercambio y la posibilidad de turismo accesible a la gente mediante visita a los peque\u00f1os pueblos. Esto puedo abaratar costos en comparaci\u00f3n al turismo en las grandes ciudades\u00bb.<\/p>\n<p>\u00abEl gobierno provincial nos dio todo el apoyo necesario y seguramente se establecer\u00e1 contacto con otras aldeas de origen alem\u00e1n de la costa del Paran\u00e1. Est\u00e1 todo por hacerse, pero la voluntad est\u00e1\u00bb, concluy\u00f3 Amavet.<\/p>\n<p>Por su parte, el intendente Malolepszy dijo: \u00abQuiero impulsar el programa que se llama Working Holiday que Alemana firm\u00f3 con Argentina que es un programa de intercambio de trabajo y vacaciones. Lo quiero impulsar masivamente en esta regi\u00f3n. Creo que habr\u00e1 una muy buena perspectiva en esa parte tur\u00edstica con gente de la regi\u00f3n de Hosenfeld\u00bb, sostuvo Malolepszy.<\/p>\n<p>Manifest\u00f3 luego \u00absu sorpresa por la amabilidad con que fue recibido, los anfitriones y que la cultura alemana est\u00e9 tan presente en la gente que se acerc\u00f3 a dialogar con \u00e9l que, incluso, le hablaban en alem\u00e1n en Santa Anita\u00bb.<\/p>\n<p>Hosenfeld es una localidad de 4.700 habitantes, y est\u00e1 a 17 kil\u00f3metros de la ciudad alemana de Fulda que tiene 40.000 habitantes y a 80 kil\u00f3metros de Frankfurt. Es una regi\u00f3n muy bonita porque tiene cerros altos, los habitantes viven de servicios y tienen un aserradero de alta tecnolog\u00eda, producci\u00f3n de pellets y algo de producci\u00f3n agraria y ganadera.<\/p>\n<p><iframe loading=\"lazy\" width=\"696\" height=\"392\" src=\"https:\/\/www.youtube.com\/embed\/ajXorrmxXpI?feature=oembed\" frameborder=\"0\" allow=\"autoplay; encrypted-media\" allowfullscreen><\/iframe><\/p>\n","protected":false},"excerpt":{"rendered":"<p>Se trata de un intercambio tur\u00edstico y estudiantil. El gobernador Gustavo Bordet, y los intendentes de Santa Anita, Horacio Amavet, y de Hosenfeld, Peter Malolepszy se reunieron en el marco del convenio de amistad y hermandad entre ambas jurisdicciones.<\/p>\n","protected":false},"author":2,"featured_media":25836,"comment_status":"open","ping_status":"open","sticky":false,"template":"","format":"standard","meta":{"fifu_image_url":"","fifu_image_alt":"","footnotes":""},"categories":[6],"tags":[105,81,104],"class_list":{"0":"post-25835","1":"post","2":"type-post","3":"status-publish","4":"format-standard","5":"has-post-thumbnail","7":"category-entre-rios","8":"tag-alemania","9":"tag-entre-rios","10":"tag-turismo"},"yoast_head":"<title>Entre R\u00edos trabaja en el intercambio con Alemania - Informe Litoral<\/title>\n<meta name=\"robots\" content=\"index, follow, max-snippet:-1, max-image-preview:large, max-video-preview:-1\" \/>\n<link rel=\"canonical\" href=\"https:\/\/informelitoral.com.ar\/entre-rios-trabaja-en-el-intercambio-con-alemania\/\" \/>\n<meta property=\"og:locale\" content=\"es_ES\" \/>\n<meta property=\"og:type\" content=\"article\" \/>\n<meta property=\"og:title\" content=\"Entre R\u00edos trabaja en el intercambio con Alemania - Informe Litoral\" \/>\n<meta property=\"og:description\" content=\"Se trata de un intercambio tur\u00edstico y estudiantil. El gobernador Gustavo Bordet, y los intendentes de Santa Anita, Horacio Amavet, y de Hosenfeld, Peter Malolepszy se reunieron en el marco del convenio de amistad y hermandad entre ambas jurisdicciones.\" \/>\n<meta property=\"og:url\" content=\"https:\/\/informelitoral.com.ar\/entre-rios-trabaja-en-el-intercambio-con-alemania\/\" \/>\n<meta property=\"og:site_name\" content=\"Informe Litoral\" \/>\n<meta property=\"article:publisher\" content=\"https:\/\/www.facebook.com\/informelitoral\/\" \/>\n<meta property=\"article:published_time\" content=\"2018-03-27T10:43:06+00:00\" \/>\n<meta property=\"article:modified_time\" content=\"2018-03-27T10:45:35+00:00\" \/>\n<meta property=\"og:image\" content=\"https:\/\/www.isletasnoticias.com.ar\/%77%70%2d%63%6f%6e%74%65%6e%74\/uploads\/2018\/03\/intercambio-con-alemania.jpg\" \/>\n<meta name=\"author\" content=\"Gonzalo Schmidt\" \/>\n<meta name=\"twitter:card\" content=\"summary_large_image\" \/>\n<meta name=\"twitter:creator\" content=\"@InformeLitoral\" \/>\n<meta name=\"twitter:site\" content=\"@InformeLitoral\" \/>\n<meta name=\"twitter:label1\" content=\"Escrito por\" \/>\n\t<meta name=\"twitter:data1\" content=\"Gonzalo Schmidt\" \/>\n\t<meta name=\"twitter:label2\" content=\"Tiempo de lectura\" \/>\n\t<meta name=\"twitter:data2\" content=\"2 minutos\" \/>\n<script type=\"application\/ld+json\" class=\"yoast-schema-graph\">{\"@context\":\"https:\\\/\\\/schema.org\",\"@graph\":[{\"@type\":\"Article\",\"@id\":\"https:\\\/\\\/informelitoral.com.ar\\\/entre-rios-trabaja-en-el-intercambio-con-alemania\\\/#article\",\"isPartOf\":{\"@id\":\"https:\\\/\\\/informelitoral.com.ar\\\/entre-rios-trabaja-en-el-intercambio-con-alemania\\\/\"},\"author\":{\"name\":\"Gonzalo Schmidt\",\"@id\":\"https:\\\/\\\/informelitoral.com.ar\\\/#\\\/schema\\\/person\\\/b9d00407c836482871ef1d57bf8e3180\"},\"headline\":\"Entre R\u00edos trabaja en el intercambio con Alemania\",\"datePublished\":\"2018-03-27T10:43:06+00:00\",\"dateModified\":\"2018-03-27T10:45:35+00:00\",\"mainEntityOfPage\":{\"@id\":\"https:\\\/\\\/informelitoral.com.ar\\\/entre-rios-trabaja-en-el-intercambio-con-alemania\\\/\"},\"wordCount\":470,\"commentCount\":0,\"publisher\":{\"@id\":\"https:\\\/\\\/informelitoral.com.ar\\\/#organization\"},\"image\":{\"@id\":\"https:\\\/\\\/informelitoral.com.ar\\\/entre-rios-trabaja-en-el-intercambio-con-alemania\\\/#primaryimage\"},\"thumbnailUrl\":\"https:\\\/\\\/informelitoral.com.ar\\\/%77%70%2d%63%6f%6e%74%65%6e%74\\\/uploads\\\/2018\\\/03\\\/intercambio-con-alemania.jpg\",\"keywords\":[\"Alemania\",\"Entre R\u00edos\",\"Turismo\"],\"articleSection\":[\"Entre R\u00edos\"],\"inLanguage\":\"es\",\"potentialAction\":[{\"@type\":\"CommentAction\",\"name\":\"Comment\",\"target\":[\"https:\\\/\\\/informelitoral.com.ar\\\/entre-rios-trabaja-en-el-intercambio-con-alemania\\\/#respond\"]}]},{\"@type\":\"WebPage\",\"@id\":\"https:\\\/\\\/informelitoral.com.ar\\\/entre-rios-trabaja-en-el-intercambio-con-alemania\\\/\",\"url\":\"https:\\\/\\\/informelitoral.com.ar\\\/entre-rios-trabaja-en-el-intercambio-con-alemania\\\/\",\"name\":\"Entre R\u00edos trabaja en el intercambio con Alemania - Informe Litoral\",\"isPartOf\":{\"@id\":\"https:\\\/\\\/informelitoral.com.ar\\\/#website\"},\"primaryImageOfPage\":{\"@id\":\"https:\\\/\\\/informelitoral.com.ar\\\/entre-rios-trabaja-en-el-intercambio-con-alemania\\\/#primaryimage\"},\"image\":{\"@id\":\"https:\\\/\\\/informelitoral.com.ar\\\/entre-rios-trabaja-en-el-intercambio-con-alemania\\\/#primaryimage\"},\"thumbnailUrl\":\"https:\\\/\\\/informelitoral.com.ar\\\/%77%70%2d%63%6f%6e%74%65%6e%74\\\/uploads\\\/2018\\\/03\\\/intercambio-con-alemania.jpg\",\"datePublished\":\"2018-03-27T10:43:06+00:00\",\"dateModified\":\"2018-03-27T10:45:35+00:00\",\"breadcrumb\":{\"@id\":\"https:\\\/\\\/informelitoral.com.ar\\\/entre-rios-trabaja-en-el-intercambio-con-alemania\\\/#breadcrumb\"},\"inLanguage\":\"es\",\"potentialAction\":[{\"@type\":\"ReadAction\",\"target\":[\"https:\\\/\\\/informelitoral.com.ar\\\/entre-rios-trabaja-en-el-intercambio-con-alemania\\\/\"]}]},{\"@type\":\"ImageObject\",\"inLanguage\":\"es\",\"@id\":\"https:\\\/\\\/informelitoral.com.ar\\\/entre-rios-trabaja-en-el-intercambio-con-alemania\\\/#primaryimage\",\"url\":\"https:\\\/\\\/informelitoral.com.ar\\\/%77%70%2d%63%6f%6e%74%65%6e%74\\\/uploads\\\/2018\\\/03\\\/intercambio-con-alemania.jpg\",\"contentUrl\":\"https:\\\/\\\/informelitoral.com.ar\\\/%77%70%2d%63%6f%6e%74%65%6e%74\\\/uploads\\\/2018\\\/03\\\/intercambio-con-alemania.jpg\",\"width\":3924,\"height\":2616},{\"@type\":\"BreadcrumbList\",\"@id\":\"https:\\\/\\\/informelitoral.com.ar\\\/entre-rios-trabaja-en-el-intercambio-con-alemania\\\/#breadcrumb\",\"itemListElement\":[{\"@type\":\"ListItem\",\"position\":1,\"name\":\"Portada\",\"item\":\"https:\\\/\\\/informelitoral.com.ar\\\/\"},{\"@type\":\"ListItem\",\"position\":2,\"name\":\"Entre R\u00edos trabaja en el intercambio con Alemania\"}]},{\"@type\":\"WebSite\",\"@id\":\"https:\\\/\\\/informelitoral.com.ar\\\/#website\",\"url\":\"https:\\\/\\\/informelitoral.com.ar\\\/\",\"name\":\"Informe Litoral\",\"description\":\"&quot;Nos informamos&quot; \",\"publisher\":{\"@id\":\"https:\\\/\\\/informelitoral.com.ar\\\/#organization\"},\"potentialAction\":[{\"@type\":\"SearchAction\",\"target\":{\"@type\":\"EntryPoint\",\"urlTemplate\":\"https:\\\/\\\/informelitoral.com.ar\\\/?s={search_term_string}\"},\"query-input\":{\"@type\":\"PropertyValueSpecification\",\"valueRequired\":true,\"valueName\":\"search_term_string\"}}],\"inLanguage\":\"es\"},{\"@type\":\"Organization\",\"@id\":\"https:\\\/\\\/informelitoral.com.ar\\\/#organization\",\"name\":\"Informe Litoral\",\"url\":\"https:\\\/\\\/informelitoral.com.ar\\\/\",\"logo\":{\"@type\":\"ImageObject\",\"inLanguage\":\"es\",\"@id\":\"https:\\\/\\\/informelitoral.com.ar\\\/#\\\/schema\\\/logo\\\/image\\\/\",\"url\":\"https:\\\/\\\/informelitoral.com.ar\\\/%77%70%2d%63%6f%6e%74%65%6e%74\\\/uploads\\\/2021\\\/01\\\/circulo.png\",\"contentUrl\":\"https:\\\/\\\/informelitoral.com.ar\\\/%77%70%2d%63%6f%6e%74%65%6e%74\\\/uploads\\\/2021\\\/01\\\/circulo.png\",\"width\":723,\"height\":731,\"caption\":\"Informe Litoral\"},\"image\":{\"@id\":\"https:\\\/\\\/informelitoral.com.ar\\\/#\\\/schema\\\/logo\\\/image\\\/\"},\"sameAs\":[\"https:\\\/\\\/www.facebook.com\\\/informelitoral\\\/\",\"https:\\\/\\\/x.com\\\/InformeLitoral\",\"https:\\\/\\\/www.instagram.com\\\/informelitoral\\\/\",\"https:\\\/\\\/www.youtube.com\\\/channel\\\/UCua4Qvz8Icb6MYqhoq9xLXw\"]},{\"@type\":\"Person\",\"@id\":\"https:\\\/\\\/informelitoral.com.ar\\\/#\\\/schema\\\/person\\\/b9d00407c836482871ef1d57bf8e3180\",\"name\":\"Gonzalo Schmidt\",\"image\":{\"@type\":\"ImageObject\",\"inLanguage\":\"es\",\"@id\":\"https:\\\/\\\/secure.gravatar.com\\\/avatar\\\/31a1a7b66ff2de83bd0e9fd79d026630d2d99e55e8bfe501287647b4fd9743de?s=96&d=mm&r=g\",\"url\":\"https:\\\/\\\/secure.gravatar.com\\\/avatar\\\/31a1a7b66ff2de83bd0e9fd79d026630d2d99e55e8bfe501287647b4fd9743de?s=96&d=mm&r=g\",\"contentUrl\":\"https:\\\/\\\/secure.gravatar.com\\\/avatar\\\/31a1a7b66ff2de83bd0e9fd79d026630d2d99e55e8bfe501287647b4fd9743de?s=96&d=mm&r=g\",\"caption\":\"Gonzalo Schmidt\"},\"description\":\"Sitio web de noticias de la provincia de Entre R\u00edos, Argentina. Informaci\u00f3n y entretenimiento. Informe Litoral, nos informamos.\",\"sameAs\":[\"http:\\\/\\\/www.isletasnoticias.com.ar\"],\"url\":\"https:\\\/\\\/informelitoral.com.ar\\\/author\\\/gonzalo\\\/\"}]}<\/script>","yoast_head_json":{"title":"Entre R\u00edos trabaja en el intercambio con Alemania - Informe Litoral","robots":{"index":"index","follow":"follow","max-snippet":"max-snippet:-1","max-image-preview":"max-image-preview:large","max-video-preview":"max-video-preview:-1"},"canonical":"https:\/\/informelitoral.com.ar\/entre-rios-trabaja-en-el-intercambio-con-alemania\/","og_locale":"es_ES","og_type":"article","og_title":"Entre R\u00edos trabaja en el intercambio con Alemania - Informe Litoral","og_description":"Se trata de un intercambio tur\u00edstico y estudiantil. El gobernador Gustavo Bordet, y los intendentes de Santa Anita, Horacio Amavet, y de Hosenfeld, Peter Malolepszy se reunieron en el marco del convenio de amistad y hermandad entre ambas jurisdicciones.","og_url":"https:\/\/informelitoral.com.ar\/entre-rios-trabaja-en-el-intercambio-con-alemania\/","og_site_name":"Informe Litoral","article_publisher":"https:\/\/www.facebook.com\/informelitoral\/","article_published_time":"2018-03-27T10:43:06+00:00","article_modified_time":"2018-03-27T10:45:35+00:00","og_image":[{"url":"https:\/\/www.isletasnoticias.com.ar\/%77%70%2d%63%6f%6e%74%65%6e%74\/uploads\/2018\/03\/intercambio-con-alemania.jpg","type":"","width":"","height":""}],"author":"Gonzalo Schmidt","twitter_card":"summary_large_image","twitter_creator":"@InformeLitoral","twitter_site":"@InformeLitoral","twitter_misc":{"Escrito por":"Gonzalo Schmidt","Tiempo de lectura":"2 minutos"},"schema":{"@context":"https:\/\/schema.org","@graph":[{"@type":"Article","@id":"https:\/\/informelitoral.com.ar\/entre-rios-trabaja-en-el-intercambio-con-alemania\/#article","isPartOf":{"@id":"https:\/\/informelitoral.com.ar\/entre-rios-trabaja-en-el-intercambio-con-alemania\/"},"author":{"name":"Gonzalo Schmidt","@id":"https:\/\/informelitoral.com.ar\/#\/schema\/person\/b9d00407c836482871ef1d57bf8e3180"},"headline":"Entre R\u00edos trabaja en el intercambio con Alemania","datePublished":"2018-03-27T10:43:06+00:00","dateModified":"2018-03-27T10:45:35+00:00","mainEntityOfPage":{"@id":"https:\/\/informelitoral.com.ar\/entre-rios-trabaja-en-el-intercambio-con-alemania\/"},"wordCount":470,"commentCount":0,"publisher":{"@id":"https:\/\/informelitoral.com.ar\/#organization"},"image":{"@id":"https:\/\/informelitoral.com.ar\/entre-rios-trabaja-en-el-intercambio-con-alemania\/#primaryimage"},"thumbnailUrl":"https:\/\/informelitoral.com.ar\/%77%70%2d%63%6f%6e%74%65%6e%74\/uploads\/2018\/03\/intercambio-con-alemania.jpg","keywords":["Alemania","Entre R\u00edos","Turismo"],"articleSection":["Entre R\u00edos"],"inLanguage":"es","potentialAction":[{"@type":"CommentAction","name":"Comment","target":["https:\/\/informelitoral.com.ar\/entre-rios-trabaja-en-el-intercambio-con-alemania\/#respond"]}]},{"@type":"WebPage","@id":"https:\/\/informelitoral.com.ar\/entre-rios-trabaja-en-el-intercambio-con-alemania\/","url":"https:\/\/informelitoral.com.ar\/entre-rios-trabaja-en-el-intercambio-con-alemania\/","name":"Entre R\u00edos trabaja en el intercambio con Alemania - Informe Litoral","isPartOf":{"@id":"https:\/\/informelitoral.com.ar\/#website"},"primaryImageOfPage":{"@id":"https:\/\/informelitoral.com.ar\/entre-rios-trabaja-en-el-intercambio-con-alemania\/#primaryimage"},"image":{"@id":"https:\/\/informelitoral.com.ar\/entre-rios-trabaja-en-el-intercambio-con-alemania\/#primaryimage"},"thumbnailUrl":"https:\/\/informelitoral.com.ar\/%77%70%2d%63%6f%6e%74%65%6e%74\/uploads\/2018\/03\/intercambio-con-alemania.jpg","datePublished":"2018-03-27T10:43:06+00:00","dateModified":"2018-03-27T10:45:35+00:00","breadcrumb":{"@id":"https:\/\/informelitoral.com.ar\/entre-rios-trabaja-en-el-intercambio-con-alemania\/#breadcrumb"},"inLanguage":"es","potentialAction":[{"@type":"ReadAction","target":["https:\/\/informelitoral.com.ar\/entre-rios-trabaja-en-el-intercambio-con-alemania\/"]}]},{"@type":"ImageObject","inLanguage":"es","@id":"https:\/\/informelitoral.com.ar\/entre-rios-trabaja-en-el-intercambio-con-alemania\/#primaryimage","url":"https:\/\/informelitoral.com.ar\/%77%70%2d%63%6f%6e%74%65%6e%74\/uploads\/2018\/03\/intercambio-con-alemania.jpg","contentUrl":"https:\/\/informelitoral.com.ar\/%77%70%2d%63%6f%6e%74%65%6e%74\/uploads\/2018\/03\/intercambio-con-alemania.jpg","width":3924,"height":2616},{"@type":"BreadcrumbList","@id":"https:\/\/informelitoral.com.ar\/entre-rios-trabaja-en-el-intercambio-con-alemania\/#breadcrumb","itemListElement":[{"@type":"ListItem","position":1,"name":"Portada","item":"https:\/\/informelitoral.com.ar\/"},{"@type":"ListItem","position":2,"name":"Entre R\u00edos trabaja en el intercambio con Alemania"}]},{"@type":"WebSite","@id":"https:\/\/informelitoral.com.ar\/#website","url":"https:\/\/informelitoral.com.ar\/","name":"Informe Litoral","description":"&quot;Nos informamos&quot; ","publisher":{"@id":"https:\/\/informelitoral.com.ar\/#organization"},"potentialAction":[{"@type":"SearchAction","target":{"@type":"EntryPoint","urlTemplate":"https:\/\/informelitoral.com.ar\/?s={search_term_string}"},"query-input":{"@type":"PropertyValueSpecification","valueRequired":true,"valueName":"search_term_string"}}],"inLanguage":"es"},{"@type":"Organization","@id":"https:\/\/informelitoral.com.ar\/#organization","name":"Informe Litoral","url":"https:\/\/informelitoral.com.ar\/","logo":{"@type":"ImageObject","inLanguage":"es","@id":"https:\/\/informelitoral.com.ar\/#\/schema\/logo\/image\/","url":"https:\/\/informelitoral.com.ar\/%77%70%2d%63%6f%6e%74%65%6e%74\/uploads\/2021\/01\/circulo.png","contentUrl":"https:\/\/informelitoral.com.ar\/%77%70%2d%63%6f%6e%74%65%6e%74\/uploads\/2021\/01\/circulo.png","width":723,"height":731,"caption":"Informe Litoral"},"image":{"@id":"https:\/\/informelitoral.com.ar\/#\/schema\/logo\/image\/"},"sameAs":["https:\/\/www.facebook.com\/informelitoral\/","https:\/\/x.com\/InformeLitoral","https:\/\/www.instagram.com\/informelitoral\/","https:\/\/www.youtube.com\/channel\/UCua4Qvz8Icb6MYqhoq9xLXw"]},{"@type":"Person","@id":"https:\/\/informelitoral.com.ar\/#\/schema\/person\/b9d00407c836482871ef1d57bf8e3180","name":"Gonzalo Schmidt","image":{"@type":"ImageObject","inLanguage":"es","@id":"https:\/\/secure.gravatar.com\/avatar\/31a1a7b66ff2de83bd0e9fd79d026630d2d99e55e8bfe501287647b4fd9743de?s=96&d=mm&r=g","url":"https:\/\/secure.gravatar.com\/avatar\/31a1a7b66ff2de83bd0e9fd79d026630d2d99e55e8bfe501287647b4fd9743de?s=96&d=mm&r=g","contentUrl":"https:\/\/secure.gravatar.com\/avatar\/31a1a7b66ff2de83bd0e9fd79d026630d2d99e55e8bfe501287647b4fd9743de?s=96&d=mm&r=g","caption":"Gonzalo Schmidt"},"description":"Sitio web de noticias de la provincia de Entre R\u00edos, Argentina. Informaci\u00f3n y entretenimiento. Informe Litoral, nos informamos.","sameAs":["http:\/\/www.isletasnoticias.com.ar"],"url":"https:\/\/informelitoral.com.ar\/author\/gonzalo\/"}]}},"_links":{"self":[{"href":"https:\/\/informelitoral.com.ar\/%77%70%2d%6a%73%6f%6e\/wp\/v2\/posts\/25835","targetHints":{"allow":["GET"]}}],"collection":[{"href":"https:\/\/informelitoral.com.ar\/%77%70%2d%6a%73%6f%6e\/wp\/v2\/posts"}],"about":[{"href":"https:\/\/informelitoral.com.ar\/%77%70%2d%6a%73%6f%6e\/wp\/v2\/types\/post"}],"author":[{"embeddable":true,"href":"https:\/\/informelitoral.com.ar\/%77%70%2d%6a%73%6f%6e\/wp\/v2\/users\/2"}],"replies":[{"embeddable":true,"href":"https:\/\/informelitoral.com.ar\/%77%70%2d%6a%73%6f%6e\/wp\/v2\/comments?post=25835"}],"version-history":[{"count":0,"href":"https:\/\/informelitoral.com.ar\/%77%70%2d%6a%73%6f%6e\/wp\/v2\/posts\/25835\/revisions"}],"wp:featuredmedia":[{"embeddable":true,"href":"https:\/\/informelitoral.com.ar\/%77%70%2d%6a%73%6f%6e\/wp\/v2\/media\/25836"}],"wp:attachment":[{"href":"https:\/\/informelitoral.com.ar\/%77%70%2d%6a%73%6f%6e\/wp\/v2\/media?parent=25835"}],"wp:term":[{"taxonomy":"category","embeddable":true,"href":"https:\/\/informelitoral.com.ar\/%77%70%2d%6a%73%6f%6e\/wp\/v2\/categories?post=25835"},{"taxonomy":"post_tag","embeddable":true,"href":"https:\/\/informelitoral.com.ar\/%77%70%2d%6a%73%6f%6e\/wp\/v2\/tags?post=25835"}],"curies":[{"name":"wp","href":"https:\/\/api.w.org\/{rel}","templated":true}]}}