{"id":25830,"date":"2018-03-27T07:29:36","date_gmt":"2018-03-27T10:29:36","guid":{"rendered":"https:\/\/www.isletasnoticias.com.ar\/?p=25830"},"modified":"2018-03-27T07:30:10","modified_gmt":"2018-03-27T10:30:10","slug":"declararan-la-emergencia-agropecuaria-nacional-para-entre-rios","status":"publish","type":"post","link":"https:\/\/informelitoral.com.ar\/declararan-la-emergencia-agropecuaria-nacional-para-entre-rios\/","title":{"rendered":"Declarar\u00e1n la Emergencia Agropecuaria Nacional para Entre R\u00edos"},"content":{"rendered":"<p>El ministro de Agroindustria de la Naci\u00f3n,\u00a0<strong>Luis Miguel Etchevehere<\/strong>, recibi\u00f3 a los dirigentes de la\u00a0<strong>Mesa de Enlace de Entre R\u00edos\u00a0<\/strong>para analizar la actualidad del sector productivo provincial, con el foco en la\u00a0<strong>sequ\u00eda<\/strong>.<\/p>\n<p>Durante el encuentro, Etchevehere adelant\u00f3 que \u201c<strong>la declaraci\u00f3n nacional de Emergencia Agropecuaria para la provincia saldr\u00e1 en los pr\u00f3ximos d\u00edas<\/strong>\u201c, y asegur\u00f3 que con la medida los productores \u201cpueden acceder a distintos beneficios tales como\u00a0<strong>diferir impuestos<\/strong>\u00a0a las\u00a0<strong>Ganancias<\/strong>, impuestos de\u00a0<strong>Bienes Personales<\/strong>, entre otros beneficios impositivos\u201d.<\/p>\n<p>Asimismo, remarc\u00f3 los anuncios realizados por el presidente<strong>\u00a0Mauricio Macri<\/strong>\u00a0durante Expoagro, que tienen por objeto \u201cbeneficiar al sector agropecuario para afrontar la emergencia por la sequ\u00eda, as\u00ed como la eliminaci\u00f3n y<strong>\u00a0reducci\u00f3n de tr\u00e1mites administrativos\u00a0<\/strong>que perjudicaban la actividad\u201d.<\/p>\n<p>En ese sentido, el ministro destac\u00f3 la\u00a0<strong>integraci\u00f3n de los registros Fiscal de Operaciones de Granos (RFOG), de Tierras Rurales Explotadas (TIRE), Nacional Sanitario de Productores Agropecuarios (RENSPA) y de Usuarios de Semillas (RUS) en un \u00fanico registro para el productor<\/strong>. Y afirm\u00f3 que, del mismo modo, solo tendr\u00e1n que presentar\u00a0<strong>una declaraci\u00f3n jurada por a\u00f1o<\/strong>, en lugar de las siete que deb\u00edan entregar hasta ahora.<\/p>\n<p>Tambi\u00e9n hizo hincapi\u00e9 en la extensi\u00f3n por parte del<strong>\u00a0Banco Central<\/strong>\u00a0de 45 d\u00edas de la situaci\u00f3n crediticia de los productores para evitar que caigan en mora, y\u00a0resalt\u00f3 el anuncio del\u00a0<strong>Banco Naci\u00f3n Argentina<\/strong>\u00a0sobre la serie de\u00a0<strong>cr\u00e9ditos con plazos de gracia <\/strong>importantes como as\u00ed tambi\u00e9n las l\u00edneas disponibles para productores y actores de la cadena en general. Adem\u00e1s, indic\u00f3 que se est\u00e1 trabajando en<strong>\u00a0l\u00edneas subsidiadas<\/strong>\u00a0para productores en emergencia.<\/p>\n<p>Por otro lado, Etchevehere se\u00f1al\u00f3 la importancia de los acuerdos comerciales alcanzados con<strong>\u00a0Estados Unidos y China<\/strong>, y asegur\u00f3 que \u201cimplican un beneficio directo para nuestras econom\u00edas regionales, al posicionar los productos argentinos en las g\u00f3ndolas del mundo\u201d.<\/p>\n<p>Seg\u00fan public\u00f3 <em>Infocampo,<\/em> del encuentro participaron el secretario de Agricultura, Ganader\u00eda y Pesca, Guillermo Bernaudo; el subsecretario de Coordinaci\u00f3n Pol\u00edtica, Hugo Rossi; representantes de Banco Naci\u00f3n y de la Administraci\u00f3n Federal de Ingresos P\u00fablicos (AFIP).<\/p>\n<p>Por parte de las entidades, se hicieron presentes representantes de Federaci\u00f3n Entrerriana de Cooperativas (FEDECO), Federaci\u00f3n Agraria de Entre R\u00edos, Sociedad Rural Argentina (SRA), Federaci\u00f3n de Asociaciones rurales de Entre R\u00edos (FARER) y Confederaciones Rurales Argentinas (CRA).<\/p>\n","protected":false},"excerpt":{"rendered":"<p>El ministro de Agroindustria recibi\u00f3 a la Mesa de Enlace provincial para analizar la situaci\u00f3n del campo, con el foco puesto en la sequ\u00eda. Una vez en vigencia la medida, los productores podr\u00e1n acceder a distintos beneficios, principalmente impositivos. <\/p>\n","protected":false},"author":2,"featured_media":25831,"comment_status":"open","ping_status":"open","sticky":false,"template":"","format":"standard","meta":{"fifu_image_url":"","fifu_image_alt":"","footnotes":""},"categories":[10],"tags":[71,60,81,59],"class_list":{"0":"post-25830","1":"post","2":"type-post","3":"status-publish","4":"format-standard","5":"has-post-thumbnail","7":"category-campo","8":"tag-campo","9":"tag-emergencia-agropecuaria","10":"tag-entre-rios","11":"tag-sequia"},"yoast_head":"<title>Declarar\u00e1n la Emergencia Agropecuaria Nacional para Entre R\u00edos - Informe Litoral<\/title>\n<meta name=\"robots\" content=\"index, follow, max-snippet:-1, max-image-preview:large, max-video-preview:-1\" \/>\n<link rel=\"canonical\" href=\"https:\/\/informelitoral.com.ar\/declararan-la-emergencia-agropecuaria-nacional-para-entre-rios\/\" \/>\n<meta property=\"og:locale\" content=\"es_ES\" \/>\n<meta property=\"og:type\" content=\"article\" \/>\n<meta property=\"og:title\" content=\"Declarar\u00e1n la Emergencia Agropecuaria Nacional para Entre R\u00edos - Informe Litoral\" \/>\n<meta property=\"og:description\" content=\"El ministro de Agroindustria recibi\u00f3 a la Mesa de Enlace provincial para analizar la situaci\u00f3n del campo, con el foco puesto en la sequ\u00eda. Una vez en vigencia la medida, los productores podr\u00e1n acceder a distintos beneficios, principalmente impositivos.\" \/>\n<meta property=\"og:url\" content=\"https:\/\/informelitoral.com.ar\/declararan-la-emergencia-agropecuaria-nacional-para-entre-rios\/\" \/>\n<meta property=\"og:site_name\" content=\"Informe Litoral\" \/>\n<meta property=\"article:publisher\" content=\"https:\/\/www.facebook.com\/informelitoral\/\" \/>\n<meta property=\"article:published_time\" content=\"2018-03-27T10:29:36+00:00\" \/>\n<meta property=\"article:modified_time\" content=\"2018-03-27T10:30:10+00:00\" \/>\n<meta property=\"og:image\" content=\"https:\/\/www.isletasnoticias.com.ar\/%77%70%2d%63%6f%6e%74%65%6e%74\/uploads\/2018\/03\/etchevehere-mesa-enlace-entre-rios.jpg\" \/>\n<meta name=\"author\" content=\"Gonzalo Schmidt\" \/>\n<meta name=\"twitter:card\" content=\"summary_large_image\" \/>\n<meta name=\"twitter:creator\" content=\"@InformeLitoral\" \/>\n<meta name=\"twitter:site\" content=\"@InformeLitoral\" \/>\n<meta name=\"twitter:label1\" content=\"Escrito por\" \/>\n\t<meta name=\"twitter:data1\" content=\"Gonzalo Schmidt\" \/>\n\t<meta name=\"twitter:label2\" content=\"Tiempo de lectura\" \/>\n\t<meta name=\"twitter:data2\" content=\"2 minutos\" \/>\n<script type=\"application\/ld+json\" class=\"yoast-schema-graph\">{\"@context\":\"https:\\\/\\\/schema.org\",\"@graph\":[{\"@type\":\"Article\",\"@id\":\"https:\\\/\\\/informelitoral.com.ar\\\/declararan-la-emergencia-agropecuaria-nacional-para-entre-rios\\\/#article\",\"isPartOf\":{\"@id\":\"https:\\\/\\\/informelitoral.com.ar\\\/declararan-la-emergencia-agropecuaria-nacional-para-entre-rios\\\/\"},\"author\":{\"name\":\"Gonzalo Schmidt\",\"@id\":\"https:\\\/\\\/informelitoral.com.ar\\\/#\\\/schema\\\/person\\\/b9d00407c836482871ef1d57bf8e3180\"},\"headline\":\"Declarar\u00e1n la Emergencia Agropecuaria Nacional para Entre R\u00edos\",\"datePublished\":\"2018-03-27T10:29:36+00:00\",\"dateModified\":\"2018-03-27T10:30:10+00:00\",\"mainEntityOfPage\":{\"@id\":\"https:\\\/\\\/informelitoral.com.ar\\\/declararan-la-emergencia-agropecuaria-nacional-para-entre-rios\\\/\"},\"wordCount\":422,\"commentCount\":0,\"publisher\":{\"@id\":\"https:\\\/\\\/informelitoral.com.ar\\\/#organization\"},\"image\":{\"@id\":\"https:\\\/\\\/informelitoral.com.ar\\\/declararan-la-emergencia-agropecuaria-nacional-para-entre-rios\\\/#primaryimage\"},\"thumbnailUrl\":\"https:\\\/\\\/informelitoral.com.ar\\\/%77%70%2d%63%6f%6e%74%65%6e%74\\\/uploads\\\/2018\\\/03\\\/etchevehere-mesa-enlace-entre-rios.jpg\",\"keywords\":[\"Campo\",\"Emergencia agropecuaria\",\"Entre R\u00edos\",\"Sequ\u00eda\"],\"articleSection\":[\"Campo\"],\"inLanguage\":\"es\",\"potentialAction\":[{\"@type\":\"CommentAction\",\"name\":\"Comment\",\"target\":[\"https:\\\/\\\/informelitoral.com.ar\\\/declararan-la-emergencia-agropecuaria-nacional-para-entre-rios\\\/#respond\"]}]},{\"@type\":\"WebPage\",\"@id\":\"https:\\\/\\\/informelitoral.com.ar\\\/declararan-la-emergencia-agropecuaria-nacional-para-entre-rios\\\/\",\"url\":\"https:\\\/\\\/informelitoral.com.ar\\\/declararan-la-emergencia-agropecuaria-nacional-para-entre-rios\\\/\",\"name\":\"Declarar\u00e1n la Emergencia Agropecuaria Nacional para Entre R\u00edos - Informe Litoral\",\"isPartOf\":{\"@id\":\"https:\\\/\\\/informelitoral.com.ar\\\/#website\"},\"primaryImageOfPage\":{\"@id\":\"https:\\\/\\\/informelitoral.com.ar\\\/declararan-la-emergencia-agropecuaria-nacional-para-entre-rios\\\/#primaryimage\"},\"image\":{\"@id\":\"https:\\\/\\\/informelitoral.com.ar\\\/declararan-la-emergencia-agropecuaria-nacional-para-entre-rios\\\/#primaryimage\"},\"thumbnailUrl\":\"https:\\\/\\\/informelitoral.com.ar\\\/%77%70%2d%63%6f%6e%74%65%6e%74\\\/uploads\\\/2018\\\/03\\\/etchevehere-mesa-enlace-entre-rios.jpg\",\"datePublished\":\"2018-03-27T10:29:36+00:00\",\"dateModified\":\"2018-03-27T10:30:10+00:00\",\"breadcrumb\":{\"@id\":\"https:\\\/\\\/informelitoral.com.ar\\\/declararan-la-emergencia-agropecuaria-nacional-para-entre-rios\\\/#breadcrumb\"},\"inLanguage\":\"es\",\"potentialAction\":[{\"@type\":\"ReadAction\",\"target\":[\"https:\\\/\\\/informelitoral.com.ar\\\/declararan-la-emergencia-agropecuaria-nacional-para-entre-rios\\\/\"]}]},{\"@type\":\"ImageObject\",\"inLanguage\":\"es\",\"@id\":\"https:\\\/\\\/informelitoral.com.ar\\\/declararan-la-emergencia-agropecuaria-nacional-para-entre-rios\\\/#primaryimage\",\"url\":\"https:\\\/\\\/informelitoral.com.ar\\\/%77%70%2d%63%6f%6e%74%65%6e%74\\\/uploads\\\/2018\\\/03\\\/etchevehere-mesa-enlace-entre-rios.jpg\",\"contentUrl\":\"https:\\\/\\\/informelitoral.com.ar\\\/%77%70%2d%63%6f%6e%74%65%6e%74\\\/uploads\\\/2018\\\/03\\\/etchevehere-mesa-enlace-entre-rios.jpg\",\"width\":1000,\"height\":570},{\"@type\":\"BreadcrumbList\",\"@id\":\"https:\\\/\\\/informelitoral.com.ar\\\/declararan-la-emergencia-agropecuaria-nacional-para-entre-rios\\\/#breadcrumb\",\"itemListElement\":[{\"@type\":\"ListItem\",\"position\":1,\"name\":\"Portada\",\"item\":\"https:\\\/\\\/informelitoral.com.ar\\\/\"},{\"@type\":\"ListItem\",\"position\":2,\"name\":\"Declarar\u00e1n la Emergencia Agropecuaria Nacional para Entre R\u00edos\"}]},{\"@type\":\"WebSite\",\"@id\":\"https:\\\/\\\/informelitoral.com.ar\\\/#website\",\"url\":\"https:\\\/\\\/informelitoral.com.ar\\\/\",\"name\":\"Informe Litoral\",\"description\":\"&quot;Nos informamos&quot; \",\"publisher\":{\"@id\":\"https:\\\/\\\/informelitoral.com.ar\\\/#organization\"},\"potentialAction\":[{\"@type\":\"SearchAction\",\"target\":{\"@type\":\"EntryPoint\",\"urlTemplate\":\"https:\\\/\\\/informelitoral.com.ar\\\/?s={search_term_string}\"},\"query-input\":{\"@type\":\"PropertyValueSpecification\",\"valueRequired\":true,\"valueName\":\"search_term_string\"}}],\"inLanguage\":\"es\"},{\"@type\":\"Organization\",\"@id\":\"https:\\\/\\\/informelitoral.com.ar\\\/#organization\",\"name\":\"Informe Litoral\",\"url\":\"https:\\\/\\\/informelitoral.com.ar\\\/\",\"logo\":{\"@type\":\"ImageObject\",\"inLanguage\":\"es\",\"@id\":\"https:\\\/\\\/informelitoral.com.ar\\\/#\\\/schema\\\/logo\\\/image\\\/\",\"url\":\"https:\\\/\\\/informelitoral.com.ar\\\/%77%70%2d%63%6f%6e%74%65%6e%74\\\/uploads\\\/2021\\\/01\\\/circulo.png\",\"contentUrl\":\"https:\\\/\\\/informelitoral.com.ar\\\/%77%70%2d%63%6f%6e%74%65%6e%74\\\/uploads\\\/2021\\\/01\\\/circulo.png\",\"width\":723,\"height\":731,\"caption\":\"Informe Litoral\"},\"image\":{\"@id\":\"https:\\\/\\\/informelitoral.com.ar\\\/#\\\/schema\\\/logo\\\/image\\\/\"},\"sameAs\":[\"https:\\\/\\\/www.facebook.com\\\/informelitoral\\\/\",\"https:\\\/\\\/x.com\\\/InformeLitoral\",\"https:\\\/\\\/www.instagram.com\\\/informelitoral\\\/\",\"https:\\\/\\\/www.youtube.com\\\/channel\\\/UCua4Qvz8Icb6MYqhoq9xLXw\"]},{\"@type\":\"Person\",\"@id\":\"https:\\\/\\\/informelitoral.com.ar\\\/#\\\/schema\\\/person\\\/b9d00407c836482871ef1d57bf8e3180\",\"name\":\"Gonzalo Schmidt\",\"image\":{\"@type\":\"ImageObject\",\"inLanguage\":\"es\",\"@id\":\"https:\\\/\\\/secure.gravatar.com\\\/avatar\\\/31a1a7b66ff2de83bd0e9fd79d026630d2d99e55e8bfe501287647b4fd9743de?s=96&d=mm&r=g\",\"url\":\"https:\\\/\\\/secure.gravatar.com\\\/avatar\\\/31a1a7b66ff2de83bd0e9fd79d026630d2d99e55e8bfe501287647b4fd9743de?s=96&d=mm&r=g\",\"contentUrl\":\"https:\\\/\\\/secure.gravatar.com\\\/avatar\\\/31a1a7b66ff2de83bd0e9fd79d026630d2d99e55e8bfe501287647b4fd9743de?s=96&d=mm&r=g\",\"caption\":\"Gonzalo Schmidt\"},\"description\":\"Sitio web de noticias de la provincia de Entre R\u00edos, Argentina. Informaci\u00f3n y entretenimiento. Informe Litoral, nos informamos.\",\"sameAs\":[\"http:\\\/\\\/www.isletasnoticias.com.ar\"],\"url\":\"https:\\\/\\\/informelitoral.com.ar\\\/author\\\/gonzalo\\\/\"}]}<\/script>","yoast_head_json":{"title":"Declarar\u00e1n la Emergencia Agropecuaria Nacional para Entre R\u00edos - Informe Litoral","robots":{"index":"index","follow":"follow","max-snippet":"max-snippet:-1","max-image-preview":"max-image-preview:large","max-video-preview":"max-video-preview:-1"},"canonical":"https:\/\/informelitoral.com.ar\/declararan-la-emergencia-agropecuaria-nacional-para-entre-rios\/","og_locale":"es_ES","og_type":"article","og_title":"Declarar\u00e1n la Emergencia Agropecuaria Nacional para Entre R\u00edos - Informe Litoral","og_description":"El ministro de Agroindustria recibi\u00f3 a la Mesa de Enlace provincial para analizar la situaci\u00f3n del campo, con el foco puesto en la sequ\u00eda. Una vez en vigencia la medida, los productores podr\u00e1n acceder a distintos beneficios, principalmente impositivos.","og_url":"https:\/\/informelitoral.com.ar\/declararan-la-emergencia-agropecuaria-nacional-para-entre-rios\/","og_site_name":"Informe Litoral","article_publisher":"https:\/\/www.facebook.com\/informelitoral\/","article_published_time":"2018-03-27T10:29:36+00:00","article_modified_time":"2018-03-27T10:30:10+00:00","og_image":[{"url":"https:\/\/www.isletasnoticias.com.ar\/%77%70%2d%63%6f%6e%74%65%6e%74\/uploads\/2018\/03\/etchevehere-mesa-enlace-entre-rios.jpg","type":"","width":"","height":""}],"author":"Gonzalo Schmidt","twitter_card":"summary_large_image","twitter_creator":"@InformeLitoral","twitter_site":"@InformeLitoral","twitter_misc":{"Escrito por":"Gonzalo Schmidt","Tiempo de lectura":"2 minutos"},"schema":{"@context":"https:\/\/schema.org","@graph":[{"@type":"Article","@id":"https:\/\/informelitoral.com.ar\/declararan-la-emergencia-agropecuaria-nacional-para-entre-rios\/#article","isPartOf":{"@id":"https:\/\/informelitoral.com.ar\/declararan-la-emergencia-agropecuaria-nacional-para-entre-rios\/"},"author":{"name":"Gonzalo Schmidt","@id":"https:\/\/informelitoral.com.ar\/#\/schema\/person\/b9d00407c836482871ef1d57bf8e3180"},"headline":"Declarar\u00e1n la Emergencia Agropecuaria Nacional para Entre R\u00edos","datePublished":"2018-03-27T10:29:36+00:00","dateModified":"2018-03-27T10:30:10+00:00","mainEntityOfPage":{"@id":"https:\/\/informelitoral.com.ar\/declararan-la-emergencia-agropecuaria-nacional-para-entre-rios\/"},"wordCount":422,"commentCount":0,"publisher":{"@id":"https:\/\/informelitoral.com.ar\/#organization"},"image":{"@id":"https:\/\/informelitoral.com.ar\/declararan-la-emergencia-agropecuaria-nacional-para-entre-rios\/#primaryimage"},"thumbnailUrl":"https:\/\/informelitoral.com.ar\/%77%70%2d%63%6f%6e%74%65%6e%74\/uploads\/2018\/03\/etchevehere-mesa-enlace-entre-rios.jpg","keywords":["Campo","Emergencia agropecuaria","Entre R\u00edos","Sequ\u00eda"],"articleSection":["Campo"],"inLanguage":"es","potentialAction":[{"@type":"CommentAction","name":"Comment","target":["https:\/\/informelitoral.com.ar\/declararan-la-emergencia-agropecuaria-nacional-para-entre-rios\/#respond"]}]},{"@type":"WebPage","@id":"https:\/\/informelitoral.com.ar\/declararan-la-emergencia-agropecuaria-nacional-para-entre-rios\/","url":"https:\/\/informelitoral.com.ar\/declararan-la-emergencia-agropecuaria-nacional-para-entre-rios\/","name":"Declarar\u00e1n la Emergencia Agropecuaria Nacional para Entre R\u00edos - Informe Litoral","isPartOf":{"@id":"https:\/\/informelitoral.com.ar\/#website"},"primaryImageOfPage":{"@id":"https:\/\/informelitoral.com.ar\/declararan-la-emergencia-agropecuaria-nacional-para-entre-rios\/#primaryimage"},"image":{"@id":"https:\/\/informelitoral.com.ar\/declararan-la-emergencia-agropecuaria-nacional-para-entre-rios\/#primaryimage"},"thumbnailUrl":"https:\/\/informelitoral.com.ar\/%77%70%2d%63%6f%6e%74%65%6e%74\/uploads\/2018\/03\/etchevehere-mesa-enlace-entre-rios.jpg","datePublished":"2018-03-27T10:29:36+00:00","dateModified":"2018-03-27T10:30:10+00:00","breadcrumb":{"@id":"https:\/\/informelitoral.com.ar\/declararan-la-emergencia-agropecuaria-nacional-para-entre-rios\/#breadcrumb"},"inLanguage":"es","potentialAction":[{"@type":"ReadAction","target":["https:\/\/informelitoral.com.ar\/declararan-la-emergencia-agropecuaria-nacional-para-entre-rios\/"]}]},{"@type":"ImageObject","inLanguage":"es","@id":"https:\/\/informelitoral.com.ar\/declararan-la-emergencia-agropecuaria-nacional-para-entre-rios\/#primaryimage","url":"https:\/\/informelitoral.com.ar\/%77%70%2d%63%6f%6e%74%65%6e%74\/uploads\/2018\/03\/etchevehere-mesa-enlace-entre-rios.jpg","contentUrl":"https:\/\/informelitoral.com.ar\/%77%70%2d%63%6f%6e%74%65%6e%74\/uploads\/2018\/03\/etchevehere-mesa-enlace-entre-rios.jpg","width":1000,"height":570},{"@type":"BreadcrumbList","@id":"https:\/\/informelitoral.com.ar\/declararan-la-emergencia-agropecuaria-nacional-para-entre-rios\/#breadcrumb","itemListElement":[{"@type":"ListItem","position":1,"name":"Portada","item":"https:\/\/informelitoral.com.ar\/"},{"@type":"ListItem","position":2,"name":"Declarar\u00e1n la Emergencia Agropecuaria Nacional para Entre R\u00edos"}]},{"@type":"WebSite","@id":"https:\/\/informelitoral.com.ar\/#website","url":"https:\/\/informelitoral.com.ar\/","name":"Informe Litoral","description":"&quot;Nos informamos&quot; ","publisher":{"@id":"https:\/\/informelitoral.com.ar\/#organization"},"potentialAction":[{"@type":"SearchAction","target":{"@type":"EntryPoint","urlTemplate":"https:\/\/informelitoral.com.ar\/?s={search_term_string}"},"query-input":{"@type":"PropertyValueSpecification","valueRequired":true,"valueName":"search_term_string"}}],"inLanguage":"es"},{"@type":"Organization","@id":"https:\/\/informelitoral.com.ar\/#organization","name":"Informe Litoral","url":"https:\/\/informelitoral.com.ar\/","logo":{"@type":"ImageObject","inLanguage":"es","@id":"https:\/\/informelitoral.com.ar\/#\/schema\/logo\/image\/","url":"https:\/\/informelitoral.com.ar\/%77%70%2d%63%6f%6e%74%65%6e%74\/uploads\/2021\/01\/circulo.png","contentUrl":"https:\/\/informelitoral.com.ar\/%77%70%2d%63%6f%6e%74%65%6e%74\/uploads\/2021\/01\/circulo.png","width":723,"height":731,"caption":"Informe Litoral"},"image":{"@id":"https:\/\/informelitoral.com.ar\/#\/schema\/logo\/image\/"},"sameAs":["https:\/\/www.facebook.com\/informelitoral\/","https:\/\/x.com\/InformeLitoral","https:\/\/www.instagram.com\/informelitoral\/","https:\/\/www.youtube.com\/channel\/UCua4Qvz8Icb6MYqhoq9xLXw"]},{"@type":"Person","@id":"https:\/\/informelitoral.com.ar\/#\/schema\/person\/b9d00407c836482871ef1d57bf8e3180","name":"Gonzalo Schmidt","image":{"@type":"ImageObject","inLanguage":"es","@id":"https:\/\/secure.gravatar.com\/avatar\/31a1a7b66ff2de83bd0e9fd79d026630d2d99e55e8bfe501287647b4fd9743de?s=96&d=mm&r=g","url":"https:\/\/secure.gravatar.com\/avatar\/31a1a7b66ff2de83bd0e9fd79d026630d2d99e55e8bfe501287647b4fd9743de?s=96&d=mm&r=g","contentUrl":"https:\/\/secure.gravatar.com\/avatar\/31a1a7b66ff2de83bd0e9fd79d026630d2d99e55e8bfe501287647b4fd9743de?s=96&d=mm&r=g","caption":"Gonzalo Schmidt"},"description":"Sitio web de noticias de la provincia de Entre R\u00edos, Argentina. Informaci\u00f3n y entretenimiento. Informe Litoral, nos informamos.","sameAs":["http:\/\/www.isletasnoticias.com.ar"],"url":"https:\/\/informelitoral.com.ar\/author\/gonzalo\/"}]}},"_links":{"self":[{"href":"https:\/\/informelitoral.com.ar\/%77%70%2d%6a%73%6f%6e\/wp\/v2\/posts\/25830","targetHints":{"allow":["GET"]}}],"collection":[{"href":"https:\/\/informelitoral.com.ar\/%77%70%2d%6a%73%6f%6e\/wp\/v2\/posts"}],"about":[{"href":"https:\/\/informelitoral.com.ar\/%77%70%2d%6a%73%6f%6e\/wp\/v2\/types\/post"}],"author":[{"embeddable":true,"href":"https:\/\/informelitoral.com.ar\/%77%70%2d%6a%73%6f%6e\/wp\/v2\/users\/2"}],"replies":[{"embeddable":true,"href":"https:\/\/informelitoral.com.ar\/%77%70%2d%6a%73%6f%6e\/wp\/v2\/comments?post=25830"}],"version-history":[{"count":0,"href":"https:\/\/informelitoral.com.ar\/%77%70%2d%6a%73%6f%6e\/wp\/v2\/posts\/25830\/revisions"}],"wp:featuredmedia":[{"embeddable":true,"href":"https:\/\/informelitoral.com.ar\/%77%70%2d%6a%73%6f%6e\/wp\/v2\/media\/25831"}],"wp:attachment":[{"href":"https:\/\/informelitoral.com.ar\/%77%70%2d%6a%73%6f%6e\/wp\/v2\/media?parent=25830"}],"wp:term":[{"taxonomy":"category","embeddable":true,"href":"https:\/\/informelitoral.com.ar\/%77%70%2d%6a%73%6f%6e\/wp\/v2\/categories?post=25830"},{"taxonomy":"post_tag","embeddable":true,"href":"https:\/\/informelitoral.com.ar\/%77%70%2d%6a%73%6f%6e\/wp\/v2\/tags?post=25830"}],"curies":[{"name":"wp","href":"https:\/\/api.w.org\/{rel}","templated":true}]}}