{"id":25773,"date":"2018-03-23T07:53:57","date_gmt":"2018-03-23T10:53:57","guid":{"rendered":"https:\/\/www.isletasnoticias.com.ar\/?p=25773"},"modified":"2018-03-23T07:56:53","modified_gmt":"2018-03-23T10:56:53","slug":"bajo-el-desempleo-pero-crece-la-precarizacion-laboral","status":"publish","type":"post","link":"https:\/\/informelitoral.com.ar\/bajo-el-desempleo-pero-crece-la-precarizacion-laboral\/","title":{"rendered":"Baj\u00f3 el desempleo pero crece la precarizaci\u00f3n laboral"},"content":{"rendered":"<div class=\"detail-body\">\n<article id=\"note-body\" class=\"note-body first\" data-twitter-link=\"https:\/\/twitter.com\/intent\/tweet?url=https:\/\/www.minutouno.com\/c3066313&amp;v\u00eda=minutounocom&amp;related=MinutoUno&amp;text=\">\n<div class=\"row\">\n<div class=\"inside-note col-xs-12\">\n<p>El gobierno de<strong>\u00a0Mauricio Macri<\/strong>\u00a0anunci\u00f3 como una victoria el descenso en el \u00edndice de\u00a0desempleo\u00a0registrado en el cuarto trimestre de 2017 seg\u00fan el \u00faltimo informe difundido por el\u00a0INDEC. Sin embargo, a la hora de revisar m\u00e1s de cerca la \u00abalentadora\u00bb estad\u00edstica, esos<span id=\"saysCMSEmphasish1sim0uhcw\" class=\"saysCMSEmphasis\">\u00a0n\u00fameros que generan entusiasmo en el oficialismo esconden una dura realidad: el <strong>aumento de la precarizaci\u00f3n laboral<\/strong><\/span>.<\/p>\n<\/div>\n<\/div>\n<\/article>\n<\/div>\n<div class=\"detail-body \">\n<article id=\"note-body\" class=\"note-body\" data-twitter-link=\"https:\/\/twitter.com\/intent\/tweet?url=https:\/\/www.minutouno.com\/c3066313&amp;v\u00eda=minutounocom&amp;related=MinutoUno&amp;text=\">\n<div class=\"row\">\n<div class=\"inside-note col-xs-12\">\n<p>El Observatorio de Empleo, Producci\u00f3n y Comercio Exterior (ODEP) de la Universidad Metropolitana para la Educaci\u00f3n y el Trabajo (Umet) alert\u00f3 acerca de esta tendencia en su informe \u00abS\u00edntomas de Precarizaci\u00f3n del Mercado Laboral\u00bb.<\/p>\n<p>All\u00ed, y sobre la base de los datos del INDEC, el ODEP advirti\u00f3 que la baja en la tasa de desocupaci\u00f3n no es estad\u00edsticamente significativa. \u00abAl comparar la tasa de desempleo de 2017 con el mismo trimestre del a\u00f1o anterior, se observa que el dato de 2016 (7,6%) est\u00e1 dentro del &#8216;intervalo de confianza&#8217; del dato de 2017 (6,7% a 7,7%) que calcula el propio INDEC. Por lo tanto, dado el error muestral, <strong>la baja no es significativa en t\u00e9rminos estad\u00edsticos<\/strong>\u00bb indica.<\/p>\n<p>Sin embargo el dato m\u00e1s relevante sobre el que llama la atenci\u00f3n el ODEP es que\u00a0<strong><span id=\"saysCMSEmphasisr0y4mioyo1\" class=\"saysCMSEmphasis\">el aumento del empleo privado est\u00e1 motorizado por los monotribustistas<\/span><\/strong>. El aumento del empleo registrado privado est\u00e1 respaldado por el monotributo (+7,4%) y asalariados de casas particulares (+4,3%).\u00a0<span id=\"saysCMSEmphasis6iukm7hfnu4\" class=\"saysCMSEmphasis\">Los asalariados registrados privados son los que menos crecen (+1,3%)<\/span>, por lo que pierden participaci\u00f3n en el total y reci\u00e9n recuperan los niveles de hace dos a\u00f1os.<\/p>\n<p>Adem\u00e1s<span id=\"saysCMSEmphasisbmd6oeykt9e\" class=\"saysCMSEmphasis\">\u00a0<strong>la creaci\u00f3n de empleo privado se concentr\u00f3 en los sectores de menores salarios relativos<\/strong><\/span>\u00a0(+10,9% construcci\u00f3n, +1,1% comercio y reparaciones, +2% hoteler\u00eda y gastronom\u00eda). Por otro lado<span id=\"saysCMSEmphasisrcjkrcf93sn\" class=\"saysCMSEmphasis\">\u00a0<strong>se destruyeron empleos en sectores cuyos salarios est\u00e1n por encima de la media\u00a0<\/strong><\/span><span id=\"saysCMSEmphasisv60emff37pf\"><\/span>(-1,6% Industria y -3,4% explotaci\u00f3n de minas y canteras).<\/p>\n<p>Entre sus conclusiones el informe advierte que\u00a0<span id=\"saysCMSEmphasis3sihb6z4eu8\" class=\"saysCMSEmphasis\">hay una tendencia al <strong>crecimiento de la informalidad y una ca\u00edda en la tasa de asalarizaci\u00f3n<\/strong><\/span><strong>.<\/strong><\/p>\n<p>Los datos proyectan una\u00a0<span id=\"saysCMSEmphasis44o0a76wjf8\"><\/span><span id=\"saysCMSEmphasisze52ah0uysc\" class=\"saysCMSEmphasis\">suba en el trabajo informal (+3,8%) que supera al del total de empleos registrados privados (+2,2%)\u00a0<\/span>y al de los asalariados p\u00fablicos y privados (+1,4%) en el cuarto trimestre de 2017.<\/p>\n<p>En ese sentido la coordinadora del ODEP,\u00a0<strong>Paula Espa\u00f1ol<\/strong>, advirti\u00f3 que \u00ab<span id=\"saysCMSEmphasis20qhns8x7vvi\" class=\"saysCMSEmphasis\">lo importante es analizar no s\u00f3lo el dato de desocupaci\u00f3n, sino la calidad del empleo<\/span>. La mayor parte de los nuevos puestos de trabajo del cuarto trimestre corresponden al sector informal o a reg\u00edmenes como el monotributo, lo que es un s\u00edntoma de precarizaci\u00f3n del mercado laboral\u00bb. <em>(Minutouno)<\/em><\/p>\n<\/div>\n<\/div>\n<\/article>\n<\/div>\n","protected":false},"excerpt":{"rendered":"<p>La creaci\u00f3n de empleo estuvo motorizado por el monotributo y monotributo social principalmente. Adem\u00e1s cayeron los trabajos en los sectores mejores pagos y creci\u00f3 en aquellos con salarios m\u00e1s bajos. M\u00e1s empleo pero de peor calidad.<\/p>\n","protected":false},"author":2,"featured_media":25774,"comment_status":"open","ping_status":"open","sticky":false,"template":"","format":"standard","meta":{"fifu_image_url":"","fifu_image_alt":"","footnotes":""},"categories":[7],"tags":[77,78,80,79],"class_list":{"0":"post-25773","1":"post","2":"type-post","3":"status-publish","4":"format-standard","5":"has-post-thumbnail","7":"category-nacionales","8":"tag-desempleo","9":"tag-indec","10":"tag-mauricio-macri","11":"tag-precarizacion-laboral"},"yoast_head":"<title>Baj\u00f3 el desempleo pero crece la precarizaci\u00f3n laboral - Informe Litoral<\/title>\n<meta name=\"robots\" content=\"index, follow, max-snippet:-1, max-image-preview:large, max-video-preview:-1\" \/>\n<link rel=\"canonical\" href=\"https:\/\/informelitoral.com.ar\/bajo-el-desempleo-pero-crece-la-precarizacion-laboral\/\" \/>\n<meta property=\"og:locale\" content=\"es_ES\" \/>\n<meta property=\"og:type\" content=\"article\" \/>\n<meta property=\"og:title\" content=\"Baj\u00f3 el desempleo pero crece la precarizaci\u00f3n laboral - Informe Litoral\" \/>\n<meta property=\"og:description\" content=\"La creaci\u00f3n de empleo estuvo motorizado por el monotributo y monotributo social principalmente. Adem\u00e1s cayeron los trabajos en los sectores mejores pagos y creci\u00f3 en aquellos con salarios m\u00e1s bajos. M\u00e1s empleo pero de peor calidad.\" \/>\n<meta property=\"og:url\" content=\"https:\/\/informelitoral.com.ar\/bajo-el-desempleo-pero-crece-la-precarizacion-laboral\/\" \/>\n<meta property=\"og:site_name\" content=\"Informe Litoral\" \/>\n<meta property=\"article:publisher\" content=\"https:\/\/www.facebook.com\/informelitoral\/\" \/>\n<meta property=\"article:published_time\" content=\"2018-03-23T10:53:57+00:00\" \/>\n<meta property=\"article:modified_time\" content=\"2018-03-23T10:56:53+00:00\" \/>\n<meta property=\"og:image\" content=\"https:\/\/www.isletasnoticias.com.ar\/%77%70%2d%63%6f%6e%74%65%6e%74\/uploads\/2018\/03\/precarizacion-laboral.jpg\" \/>\n<meta name=\"author\" content=\"Gonzalo Schmidt\" \/>\n<meta name=\"twitter:card\" content=\"summary_large_image\" \/>\n<meta name=\"twitter:creator\" content=\"@InformeLitoral\" \/>\n<meta name=\"twitter:site\" content=\"@InformeLitoral\" \/>\n<meta name=\"twitter:label1\" content=\"Escrito por\" \/>\n\t<meta name=\"twitter:data1\" content=\"Gonzalo Schmidt\" \/>\n\t<meta name=\"twitter:label2\" content=\"Tiempo de lectura\" \/>\n\t<meta name=\"twitter:data2\" content=\"2 minutos\" \/>\n<script type=\"application\/ld+json\" class=\"yoast-schema-graph\">{\"@context\":\"https:\\\/\\\/schema.org\",\"@graph\":[{\"@type\":\"Article\",\"@id\":\"https:\\\/\\\/informelitoral.com.ar\\\/bajo-el-desempleo-pero-crece-la-precarizacion-laboral\\\/#article\",\"isPartOf\":{\"@id\":\"https:\\\/\\\/informelitoral.com.ar\\\/bajo-el-desempleo-pero-crece-la-precarizacion-laboral\\\/\"},\"author\":{\"name\":\"Gonzalo Schmidt\",\"@id\":\"https:\\\/\\\/informelitoral.com.ar\\\/#\\\/schema\\\/person\\\/b9d00407c836482871ef1d57bf8e3180\"},\"headline\":\"Baj\u00f3 el desempleo pero crece la precarizaci\u00f3n laboral\",\"datePublished\":\"2018-03-23T10:53:57+00:00\",\"dateModified\":\"2018-03-23T10:56:53+00:00\",\"mainEntityOfPage\":{\"@id\":\"https:\\\/\\\/informelitoral.com.ar\\\/bajo-el-desempleo-pero-crece-la-precarizacion-laboral\\\/\"},\"wordCount\":443,\"commentCount\":0,\"publisher\":{\"@id\":\"https:\\\/\\\/informelitoral.com.ar\\\/#organization\"},\"image\":{\"@id\":\"https:\\\/\\\/informelitoral.com.ar\\\/bajo-el-desempleo-pero-crece-la-precarizacion-laboral\\\/#primaryimage\"},\"thumbnailUrl\":\"https:\\\/\\\/informelitoral.com.ar\\\/%77%70%2d%63%6f%6e%74%65%6e%74\\\/uploads\\\/2018\\\/03\\\/precarizacion-laboral.jpg\",\"keywords\":[\"Desempleo\",\"Indec\",\"Mauricio Macri\",\"Precarizaci\u00f3n laboral\"],\"articleSection\":[\"Nacionales\"],\"inLanguage\":\"es\",\"potentialAction\":[{\"@type\":\"CommentAction\",\"name\":\"Comment\",\"target\":[\"https:\\\/\\\/informelitoral.com.ar\\\/bajo-el-desempleo-pero-crece-la-precarizacion-laboral\\\/#respond\"]}]},{\"@type\":\"WebPage\",\"@id\":\"https:\\\/\\\/informelitoral.com.ar\\\/bajo-el-desempleo-pero-crece-la-precarizacion-laboral\\\/\",\"url\":\"https:\\\/\\\/informelitoral.com.ar\\\/bajo-el-desempleo-pero-crece-la-precarizacion-laboral\\\/\",\"name\":\"Baj\u00f3 el desempleo pero crece la precarizaci\u00f3n laboral - Informe Litoral\",\"isPartOf\":{\"@id\":\"https:\\\/\\\/informelitoral.com.ar\\\/#website\"},\"primaryImageOfPage\":{\"@id\":\"https:\\\/\\\/informelitoral.com.ar\\\/bajo-el-desempleo-pero-crece-la-precarizacion-laboral\\\/#primaryimage\"},\"image\":{\"@id\":\"https:\\\/\\\/informelitoral.com.ar\\\/bajo-el-desempleo-pero-crece-la-precarizacion-laboral\\\/#primaryimage\"},\"thumbnailUrl\":\"https:\\\/\\\/informelitoral.com.ar\\\/%77%70%2d%63%6f%6e%74%65%6e%74\\\/uploads\\\/2018\\\/03\\\/precarizacion-laboral.jpg\",\"datePublished\":\"2018-03-23T10:53:57+00:00\",\"dateModified\":\"2018-03-23T10:56:53+00:00\",\"breadcrumb\":{\"@id\":\"https:\\\/\\\/informelitoral.com.ar\\\/bajo-el-desempleo-pero-crece-la-precarizacion-laboral\\\/#breadcrumb\"},\"inLanguage\":\"es\",\"potentialAction\":[{\"@type\":\"ReadAction\",\"target\":[\"https:\\\/\\\/informelitoral.com.ar\\\/bajo-el-desempleo-pero-crece-la-precarizacion-laboral\\\/\"]}]},{\"@type\":\"ImageObject\",\"inLanguage\":\"es\",\"@id\":\"https:\\\/\\\/informelitoral.com.ar\\\/bajo-el-desempleo-pero-crece-la-precarizacion-laboral\\\/#primaryimage\",\"url\":\"https:\\\/\\\/informelitoral.com.ar\\\/%77%70%2d%63%6f%6e%74%65%6e%74\\\/uploads\\\/2018\\\/03\\\/precarizacion-laboral.jpg\",\"contentUrl\":\"https:\\\/\\\/informelitoral.com.ar\\\/%77%70%2d%63%6f%6e%74%65%6e%74\\\/uploads\\\/2018\\\/03\\\/precarizacion-laboral.jpg\",\"width\":770,\"height\":433},{\"@type\":\"BreadcrumbList\",\"@id\":\"https:\\\/\\\/informelitoral.com.ar\\\/bajo-el-desempleo-pero-crece-la-precarizacion-laboral\\\/#breadcrumb\",\"itemListElement\":[{\"@type\":\"ListItem\",\"position\":1,\"name\":\"Portada\",\"item\":\"https:\\\/\\\/informelitoral.com.ar\\\/\"},{\"@type\":\"ListItem\",\"position\":2,\"name\":\"Baj\u00f3 el desempleo pero crece la precarizaci\u00f3n laboral\"}]},{\"@type\":\"WebSite\",\"@id\":\"https:\\\/\\\/informelitoral.com.ar\\\/#website\",\"url\":\"https:\\\/\\\/informelitoral.com.ar\\\/\",\"name\":\"Informe Litoral\",\"description\":\"&quot;Nos informamos&quot; \",\"publisher\":{\"@id\":\"https:\\\/\\\/informelitoral.com.ar\\\/#organization\"},\"potentialAction\":[{\"@type\":\"SearchAction\",\"target\":{\"@type\":\"EntryPoint\",\"urlTemplate\":\"https:\\\/\\\/informelitoral.com.ar\\\/?s={search_term_string}\"},\"query-input\":{\"@type\":\"PropertyValueSpecification\",\"valueRequired\":true,\"valueName\":\"search_term_string\"}}],\"inLanguage\":\"es\"},{\"@type\":\"Organization\",\"@id\":\"https:\\\/\\\/informelitoral.com.ar\\\/#organization\",\"name\":\"Informe Litoral\",\"url\":\"https:\\\/\\\/informelitoral.com.ar\\\/\",\"logo\":{\"@type\":\"ImageObject\",\"inLanguage\":\"es\",\"@id\":\"https:\\\/\\\/informelitoral.com.ar\\\/#\\\/schema\\\/logo\\\/image\\\/\",\"url\":\"https:\\\/\\\/informelitoral.com.ar\\\/%77%70%2d%63%6f%6e%74%65%6e%74\\\/uploads\\\/2021\\\/01\\\/circulo.png\",\"contentUrl\":\"https:\\\/\\\/informelitoral.com.ar\\\/%77%70%2d%63%6f%6e%74%65%6e%74\\\/uploads\\\/2021\\\/01\\\/circulo.png\",\"width\":723,\"height\":731,\"caption\":\"Informe Litoral\"},\"image\":{\"@id\":\"https:\\\/\\\/informelitoral.com.ar\\\/#\\\/schema\\\/logo\\\/image\\\/\"},\"sameAs\":[\"https:\\\/\\\/www.facebook.com\\\/informelitoral\\\/\",\"https:\\\/\\\/x.com\\\/InformeLitoral\",\"https:\\\/\\\/www.instagram.com\\\/informelitoral\\\/\",\"https:\\\/\\\/www.youtube.com\\\/channel\\\/UCua4Qvz8Icb6MYqhoq9xLXw\"]},{\"@type\":\"Person\",\"@id\":\"https:\\\/\\\/informelitoral.com.ar\\\/#\\\/schema\\\/person\\\/b9d00407c836482871ef1d57bf8e3180\",\"name\":\"Gonzalo Schmidt\",\"image\":{\"@type\":\"ImageObject\",\"inLanguage\":\"es\",\"@id\":\"https:\\\/\\\/secure.gravatar.com\\\/avatar\\\/31a1a7b66ff2de83bd0e9fd79d026630d2d99e55e8bfe501287647b4fd9743de?s=96&d=mm&r=g\",\"url\":\"https:\\\/\\\/secure.gravatar.com\\\/avatar\\\/31a1a7b66ff2de83bd0e9fd79d026630d2d99e55e8bfe501287647b4fd9743de?s=96&d=mm&r=g\",\"contentUrl\":\"https:\\\/\\\/secure.gravatar.com\\\/avatar\\\/31a1a7b66ff2de83bd0e9fd79d026630d2d99e55e8bfe501287647b4fd9743de?s=96&d=mm&r=g\",\"caption\":\"Gonzalo Schmidt\"},\"description\":\"Sitio web de noticias de la provincia de Entre R\u00edos, Argentina. Informaci\u00f3n y entretenimiento. Informe Litoral, nos informamos.\",\"sameAs\":[\"http:\\\/\\\/www.isletasnoticias.com.ar\"],\"url\":\"https:\\\/\\\/informelitoral.com.ar\\\/author\\\/gonzalo\\\/\"}]}<\/script>","yoast_head_json":{"title":"Baj\u00f3 el desempleo pero crece la precarizaci\u00f3n laboral - Informe Litoral","robots":{"index":"index","follow":"follow","max-snippet":"max-snippet:-1","max-image-preview":"max-image-preview:large","max-video-preview":"max-video-preview:-1"},"canonical":"https:\/\/informelitoral.com.ar\/bajo-el-desempleo-pero-crece-la-precarizacion-laboral\/","og_locale":"es_ES","og_type":"article","og_title":"Baj\u00f3 el desempleo pero crece la precarizaci\u00f3n laboral - Informe Litoral","og_description":"La creaci\u00f3n de empleo estuvo motorizado por el monotributo y monotributo social principalmente. Adem\u00e1s cayeron los trabajos en los sectores mejores pagos y creci\u00f3 en aquellos con salarios m\u00e1s bajos. M\u00e1s empleo pero de peor calidad.","og_url":"https:\/\/informelitoral.com.ar\/bajo-el-desempleo-pero-crece-la-precarizacion-laboral\/","og_site_name":"Informe Litoral","article_publisher":"https:\/\/www.facebook.com\/informelitoral\/","article_published_time":"2018-03-23T10:53:57+00:00","article_modified_time":"2018-03-23T10:56:53+00:00","og_image":[{"url":"https:\/\/www.isletasnoticias.com.ar\/%77%70%2d%63%6f%6e%74%65%6e%74\/uploads\/2018\/03\/precarizacion-laboral.jpg","type":"","width":"","height":""}],"author":"Gonzalo Schmidt","twitter_card":"summary_large_image","twitter_creator":"@InformeLitoral","twitter_site":"@InformeLitoral","twitter_misc":{"Escrito por":"Gonzalo Schmidt","Tiempo de lectura":"2 minutos"},"schema":{"@context":"https:\/\/schema.org","@graph":[{"@type":"Article","@id":"https:\/\/informelitoral.com.ar\/bajo-el-desempleo-pero-crece-la-precarizacion-laboral\/#article","isPartOf":{"@id":"https:\/\/informelitoral.com.ar\/bajo-el-desempleo-pero-crece-la-precarizacion-laboral\/"},"author":{"name":"Gonzalo Schmidt","@id":"https:\/\/informelitoral.com.ar\/#\/schema\/person\/b9d00407c836482871ef1d57bf8e3180"},"headline":"Baj\u00f3 el desempleo pero crece la precarizaci\u00f3n laboral","datePublished":"2018-03-23T10:53:57+00:00","dateModified":"2018-03-23T10:56:53+00:00","mainEntityOfPage":{"@id":"https:\/\/informelitoral.com.ar\/bajo-el-desempleo-pero-crece-la-precarizacion-laboral\/"},"wordCount":443,"commentCount":0,"publisher":{"@id":"https:\/\/informelitoral.com.ar\/#organization"},"image":{"@id":"https:\/\/informelitoral.com.ar\/bajo-el-desempleo-pero-crece-la-precarizacion-laboral\/#primaryimage"},"thumbnailUrl":"https:\/\/informelitoral.com.ar\/%77%70%2d%63%6f%6e%74%65%6e%74\/uploads\/2018\/03\/precarizacion-laboral.jpg","keywords":["Desempleo","Indec","Mauricio Macri","Precarizaci\u00f3n laboral"],"articleSection":["Nacionales"],"inLanguage":"es","potentialAction":[{"@type":"CommentAction","name":"Comment","target":["https:\/\/informelitoral.com.ar\/bajo-el-desempleo-pero-crece-la-precarizacion-laboral\/#respond"]}]},{"@type":"WebPage","@id":"https:\/\/informelitoral.com.ar\/bajo-el-desempleo-pero-crece-la-precarizacion-laboral\/","url":"https:\/\/informelitoral.com.ar\/bajo-el-desempleo-pero-crece-la-precarizacion-laboral\/","name":"Baj\u00f3 el desempleo pero crece la precarizaci\u00f3n laboral - Informe Litoral","isPartOf":{"@id":"https:\/\/informelitoral.com.ar\/#website"},"primaryImageOfPage":{"@id":"https:\/\/informelitoral.com.ar\/bajo-el-desempleo-pero-crece-la-precarizacion-laboral\/#primaryimage"},"image":{"@id":"https:\/\/informelitoral.com.ar\/bajo-el-desempleo-pero-crece-la-precarizacion-laboral\/#primaryimage"},"thumbnailUrl":"https:\/\/informelitoral.com.ar\/%77%70%2d%63%6f%6e%74%65%6e%74\/uploads\/2018\/03\/precarizacion-laboral.jpg","datePublished":"2018-03-23T10:53:57+00:00","dateModified":"2018-03-23T10:56:53+00:00","breadcrumb":{"@id":"https:\/\/informelitoral.com.ar\/bajo-el-desempleo-pero-crece-la-precarizacion-laboral\/#breadcrumb"},"inLanguage":"es","potentialAction":[{"@type":"ReadAction","target":["https:\/\/informelitoral.com.ar\/bajo-el-desempleo-pero-crece-la-precarizacion-laboral\/"]}]},{"@type":"ImageObject","inLanguage":"es","@id":"https:\/\/informelitoral.com.ar\/bajo-el-desempleo-pero-crece-la-precarizacion-laboral\/#primaryimage","url":"https:\/\/informelitoral.com.ar\/%77%70%2d%63%6f%6e%74%65%6e%74\/uploads\/2018\/03\/precarizacion-laboral.jpg","contentUrl":"https:\/\/informelitoral.com.ar\/%77%70%2d%63%6f%6e%74%65%6e%74\/uploads\/2018\/03\/precarizacion-laboral.jpg","width":770,"height":433},{"@type":"BreadcrumbList","@id":"https:\/\/informelitoral.com.ar\/bajo-el-desempleo-pero-crece-la-precarizacion-laboral\/#breadcrumb","itemListElement":[{"@type":"ListItem","position":1,"name":"Portada","item":"https:\/\/informelitoral.com.ar\/"},{"@type":"ListItem","position":2,"name":"Baj\u00f3 el desempleo pero crece la precarizaci\u00f3n laboral"}]},{"@type":"WebSite","@id":"https:\/\/informelitoral.com.ar\/#website","url":"https:\/\/informelitoral.com.ar\/","name":"Informe Litoral","description":"&quot;Nos informamos&quot; ","publisher":{"@id":"https:\/\/informelitoral.com.ar\/#organization"},"potentialAction":[{"@type":"SearchAction","target":{"@type":"EntryPoint","urlTemplate":"https:\/\/informelitoral.com.ar\/?s={search_term_string}"},"query-input":{"@type":"PropertyValueSpecification","valueRequired":true,"valueName":"search_term_string"}}],"inLanguage":"es"},{"@type":"Organization","@id":"https:\/\/informelitoral.com.ar\/#organization","name":"Informe Litoral","url":"https:\/\/informelitoral.com.ar\/","logo":{"@type":"ImageObject","inLanguage":"es","@id":"https:\/\/informelitoral.com.ar\/#\/schema\/logo\/image\/","url":"https:\/\/informelitoral.com.ar\/%77%70%2d%63%6f%6e%74%65%6e%74\/uploads\/2021\/01\/circulo.png","contentUrl":"https:\/\/informelitoral.com.ar\/%77%70%2d%63%6f%6e%74%65%6e%74\/uploads\/2021\/01\/circulo.png","width":723,"height":731,"caption":"Informe Litoral"},"image":{"@id":"https:\/\/informelitoral.com.ar\/#\/schema\/logo\/image\/"},"sameAs":["https:\/\/www.facebook.com\/informelitoral\/","https:\/\/x.com\/InformeLitoral","https:\/\/www.instagram.com\/informelitoral\/","https:\/\/www.youtube.com\/channel\/UCua4Qvz8Icb6MYqhoq9xLXw"]},{"@type":"Person","@id":"https:\/\/informelitoral.com.ar\/#\/schema\/person\/b9d00407c836482871ef1d57bf8e3180","name":"Gonzalo Schmidt","image":{"@type":"ImageObject","inLanguage":"es","@id":"https:\/\/secure.gravatar.com\/avatar\/31a1a7b66ff2de83bd0e9fd79d026630d2d99e55e8bfe501287647b4fd9743de?s=96&d=mm&r=g","url":"https:\/\/secure.gravatar.com\/avatar\/31a1a7b66ff2de83bd0e9fd79d026630d2d99e55e8bfe501287647b4fd9743de?s=96&d=mm&r=g","contentUrl":"https:\/\/secure.gravatar.com\/avatar\/31a1a7b66ff2de83bd0e9fd79d026630d2d99e55e8bfe501287647b4fd9743de?s=96&d=mm&r=g","caption":"Gonzalo Schmidt"},"description":"Sitio web de noticias de la provincia de Entre R\u00edos, Argentina. Informaci\u00f3n y entretenimiento. Informe Litoral, nos informamos.","sameAs":["http:\/\/www.isletasnoticias.com.ar"],"url":"https:\/\/informelitoral.com.ar\/author\/gonzalo\/"}]}},"_links":{"self":[{"href":"https:\/\/informelitoral.com.ar\/%77%70%2d%6a%73%6f%6e\/wp\/v2\/posts\/25773","targetHints":{"allow":["GET"]}}],"collection":[{"href":"https:\/\/informelitoral.com.ar\/%77%70%2d%6a%73%6f%6e\/wp\/v2\/posts"}],"about":[{"href":"https:\/\/informelitoral.com.ar\/%77%70%2d%6a%73%6f%6e\/wp\/v2\/types\/post"}],"author":[{"embeddable":true,"href":"https:\/\/informelitoral.com.ar\/%77%70%2d%6a%73%6f%6e\/wp\/v2\/users\/2"}],"replies":[{"embeddable":true,"href":"https:\/\/informelitoral.com.ar\/%77%70%2d%6a%73%6f%6e\/wp\/v2\/comments?post=25773"}],"version-history":[{"count":0,"href":"https:\/\/informelitoral.com.ar\/%77%70%2d%6a%73%6f%6e\/wp\/v2\/posts\/25773\/revisions"}],"wp:featuredmedia":[{"embeddable":true,"href":"https:\/\/informelitoral.com.ar\/%77%70%2d%6a%73%6f%6e\/wp\/v2\/media\/25774"}],"wp:attachment":[{"href":"https:\/\/informelitoral.com.ar\/%77%70%2d%6a%73%6f%6e\/wp\/v2\/media?parent=25773"}],"wp:term":[{"taxonomy":"category","embeddable":true,"href":"https:\/\/informelitoral.com.ar\/%77%70%2d%6a%73%6f%6e\/wp\/v2\/categories?post=25773"},{"taxonomy":"post_tag","embeddable":true,"href":"https:\/\/informelitoral.com.ar\/%77%70%2d%6a%73%6f%6e\/wp\/v2\/tags?post=25773"}],"curies":[{"name":"wp","href":"https:\/\/api.w.org\/{rel}","templated":true}]}}