{"id":25771,"date":"2018-03-23T07:38:00","date_gmt":"2018-03-23T10:38:00","guid":{"rendered":"https:\/\/www.isletasnoticias.com.ar\/?p=25771"},"modified":"2018-03-23T08:02:04","modified_gmt":"2018-03-23T11:02:04","slug":"docentes-el-gobierno-dio-por-finalizadas-las-paritarias-y-descontara-dias","status":"publish","type":"post","link":"https:\/\/informelitoral.com.ar\/docentes-el-gobierno-dio-por-finalizadas-las-paritarias-y-descontara-dias\/","title":{"rendered":"Docentes: fin de paritarias y descuento de d\u00edas no trabajados"},"content":{"rendered":"<p>\u201c<strong>El paro docente en Entre R\u00edos es innecesario e\u00a0 injustificado y los principales perjudicados son los ni\u00f1os y sus familias que ven resentido el derecho al acceso a la educaci\u00f3n, en especial los que asisten a la escuela p\u00fablica<\/strong>\u201d, se expres\u00f3 en un comunicado oficial en el cual \u201cel gobierno de la provincia de Entre R\u00edos lamenta profundamente la<a href=\"https:\/\/www.isletasnoticias.com.ar\/agmer-rechazo-el-17-y-habra-dos-dias-mas-de-paro\/\"> decisi\u00f3n del congreso extraordinario de Agmer<\/a>\u201d, que rechaz\u00f3 la oferta y decret\u00f3 dos d\u00edas de paro.<\/p>\n<p>\u201cCabe destacar que la propuesta realizada a los cuatro gremios docentes no s\u00f3lo era superadora de otras anteriores, sino que se ubica entre las m\u00e1s beneficiosas del pa\u00eds, ya que <strong>de las 13 provincias que llegaron a un acuerdo, 10 lo hicieron con ofertas por debajo o igual a la de Entre R\u00edos<\/strong>, que incluso se encuentra muy por encima de los acuerdos paritarios alcanzados en el sector privado\u201d, se remarc\u00f3.<\/p>\n<p>En tanto, \u201cante esta penosa decisi\u00f3n de la dirigencia gremial, que interrumpe definitivamente la mesa de di\u00e1logo con los gremios docentes, <strong>la provincia se reserva el derecho de acudir ante las instancias pertinentes a los efectos de garantizar el acceso a la educaci\u00f3n p\u00fablica para los m\u00e1s de 400 mil alumnos entrerrianos<\/strong>\u201d, agrega el comunicado.<\/p>\n<p>\u201c<strong>El llamamiento a nuevas jornadas de paro nada tiene que ver con el clima de di\u00e1logo que ven\u00eda garantizando este gobierno<\/strong>, y perjudica severamente el derecho al acceso a la educaci\u00f3n, y en especial a los ni\u00f1os, ni\u00f1as y adolescentes que asisten a la escuela p\u00fablica\u201d, dice el escrito que a la vez mencion\u00f3 que \u201cdurante el transcurso de los \u00faltimos dos meses, la provincia garantiz\u00f3 numerosas instancias de di\u00e1logo con los representantes de los cuatro gremios docentes entrerrianos a fin de llegar a un acuerdo satisfactorio y responsable que tuviera en cuenta las necesidades de los trabajadores de la educaci\u00f3n as\u00ed como tambi\u00e9n las posibilidades financieras de la administraci\u00f3n provincial\u201d.<\/p>\n<p>Se record\u00f3 que \u201cen ese contexto,<strong> el propio gobernador Gustavo Bordet se comprometi\u00f3 a que ning\u00fan trabajador p\u00fablico cobre por debajo de la inflaci\u00f3n<\/strong>, y as\u00ed lo asegur\u00f3 incorporando la cl\u00e1usula de revisi\u00f3n permanente en la negociaci\u00f3n con las organizaciones gremiales docentes\u201d.<\/p>\n<p>\u201cSin embargo, y a diferencia de otras provincias donde los gremios mantuvieron la decisi\u00f3n de no hacer paro mientras se produjera la negociaci\u00f3n, a\u00fan ante ofertas inferiores, en Entre R\u00edos, no solo ya se realiz\u00f3 una jornada de paro, sino que ahora se dispusieron m\u00e1s. Esta decisi\u00f3n injustificada obliga a la administraci\u00f3n provincial, encargada de salvaguardar los intereses del conjunto, a proceder al descuento por los d\u00edas no trabajados y a disponer las medidas necesarias para asegurar el normal desarrollo del ciclo lectivo\u201d, completa el documento de prensa.<\/p>\n","protected":false},"excerpt":{"rendered":"<p>La decisi\u00f3n la tom\u00f3 el gobierno luego de que el congreso de Agmer rechazara la oferta salarial y convocara a dos d\u00edas de paro que perjudican a miles de alumnos. Aseguran que la propuesta del 17% est\u00e1 entre las mejores del pa\u00eds. <\/p>\n","protected":false},"author":2,"featured_media":21510,"comment_status":"open","ping_status":"open","sticky":false,"template":"","format":"standard","meta":{"fifu_image_url":"","fifu_image_alt":"","footnotes":""},"categories":[6],"tags":[64,49,76,66,65,48],"class_list":{"0":"post-25771","1":"post","2":"type-post","3":"status-publish","4":"format-standard","5":"has-post-thumbnail","7":"category-entre-rios","8":"tag-agmer","9":"tag-docentes","10":"tag-gobierno","11":"tag-paritarias","12":"tag-paro","13":"tag-salarios"},"yoast_head":"<title>Docentes: fin de paritarias y descuento de d\u00edas no trabajados - Informe Litoral<\/title>\n<meta name=\"robots\" content=\"index, follow, max-snippet:-1, max-image-preview:large, max-video-preview:-1\" \/>\n<link rel=\"canonical\" href=\"https:\/\/informelitoral.com.ar\/docentes-el-gobierno-dio-por-finalizadas-las-paritarias-y-descontara-dias\/\" \/>\n<meta property=\"og:locale\" content=\"es_ES\" \/>\n<meta property=\"og:type\" content=\"article\" \/>\n<meta property=\"og:title\" content=\"Docentes: fin de paritarias y descuento de d\u00edas no trabajados - Informe Litoral\" \/>\n<meta property=\"og:description\" content=\"La decisi\u00f3n la tom\u00f3 el gobierno luego de que el congreso de Agmer rechazara la oferta salarial y convocara a dos d\u00edas de paro que perjudican a miles de alumnos. Aseguran que la propuesta del 17% est\u00e1 entre las mejores del pa\u00eds.\" \/>\n<meta property=\"og:url\" content=\"https:\/\/informelitoral.com.ar\/docentes-el-gobierno-dio-por-finalizadas-las-paritarias-y-descontara-dias\/\" \/>\n<meta property=\"og:site_name\" content=\"Informe Litoral\" \/>\n<meta property=\"article:publisher\" content=\"https:\/\/www.facebook.com\/informelitoral\/\" \/>\n<meta property=\"article:published_time\" content=\"2018-03-23T10:38:00+00:00\" \/>\n<meta property=\"article:modified_time\" content=\"2018-03-23T11:02:04+00:00\" \/>\n<meta property=\"og:image\" content=\"https:\/\/www.isletasnoticias.com.ar\/%77%70%2d%63%6f%6e%74%65%6e%74\/uploads\/2017\/03\/aulas-vacias.jpg\" \/>\n<meta name=\"author\" content=\"Gonzalo Schmidt\" \/>\n<meta name=\"twitter:card\" content=\"summary_large_image\" \/>\n<meta name=\"twitter:creator\" content=\"@InformeLitoral\" \/>\n<meta name=\"twitter:site\" content=\"@InformeLitoral\" \/>\n<meta name=\"twitter:label1\" content=\"Escrito por\" \/>\n\t<meta name=\"twitter:data1\" content=\"Gonzalo Schmidt\" \/>\n\t<meta name=\"twitter:label2\" content=\"Tiempo de lectura\" \/>\n\t<meta name=\"twitter:data2\" content=\"2 minutos\" \/>\n<script type=\"application\/ld+json\" class=\"yoast-schema-graph\">{\"@context\":\"https:\\\/\\\/schema.org\",\"@graph\":[{\"@type\":\"Article\",\"@id\":\"https:\\\/\\\/informelitoral.com.ar\\\/docentes-el-gobierno-dio-por-finalizadas-las-paritarias-y-descontara-dias\\\/#article\",\"isPartOf\":{\"@id\":\"https:\\\/\\\/informelitoral.com.ar\\\/docentes-el-gobierno-dio-por-finalizadas-las-paritarias-y-descontara-dias\\\/\"},\"author\":{\"name\":\"Gonzalo Schmidt\",\"@id\":\"https:\\\/\\\/informelitoral.com.ar\\\/#\\\/schema\\\/person\\\/b9d00407c836482871ef1d57bf8e3180\"},\"headline\":\"Docentes: fin de paritarias y descuento de d\u00edas no trabajados\",\"datePublished\":\"2018-03-23T10:38:00+00:00\",\"dateModified\":\"2018-03-23T11:02:04+00:00\",\"mainEntityOfPage\":{\"@id\":\"https:\\\/\\\/informelitoral.com.ar\\\/docentes-el-gobierno-dio-por-finalizadas-las-paritarias-y-descontara-dias\\\/\"},\"wordCount\":490,\"commentCount\":0,\"publisher\":{\"@id\":\"https:\\\/\\\/informelitoral.com.ar\\\/#organization\"},\"image\":{\"@id\":\"https:\\\/\\\/informelitoral.com.ar\\\/docentes-el-gobierno-dio-por-finalizadas-las-paritarias-y-descontara-dias\\\/#primaryimage\"},\"thumbnailUrl\":\"https:\\\/\\\/informelitoral.com.ar\\\/%77%70%2d%63%6f%6e%74%65%6e%74\\\/uploads\\\/2017\\\/05\\\/AULAS-VAC\u00cdAS.jpg\",\"keywords\":[\"Agmer\",\"Docentes\",\"Gobierno\",\"Paritarias\",\"Paro\",\"Salarios\"],\"articleSection\":[\"Entre R\u00edos\"],\"inLanguage\":\"es\",\"potentialAction\":[{\"@type\":\"CommentAction\",\"name\":\"Comment\",\"target\":[\"https:\\\/\\\/informelitoral.com.ar\\\/docentes-el-gobierno-dio-por-finalizadas-las-paritarias-y-descontara-dias\\\/#respond\"]}]},{\"@type\":\"WebPage\",\"@id\":\"https:\\\/\\\/informelitoral.com.ar\\\/docentes-el-gobierno-dio-por-finalizadas-las-paritarias-y-descontara-dias\\\/\",\"url\":\"https:\\\/\\\/informelitoral.com.ar\\\/docentes-el-gobierno-dio-por-finalizadas-las-paritarias-y-descontara-dias\\\/\",\"name\":\"Docentes: fin de paritarias y descuento de d\u00edas no trabajados - Informe Litoral\",\"isPartOf\":{\"@id\":\"https:\\\/\\\/informelitoral.com.ar\\\/#website\"},\"primaryImageOfPage\":{\"@id\":\"https:\\\/\\\/informelitoral.com.ar\\\/docentes-el-gobierno-dio-por-finalizadas-las-paritarias-y-descontara-dias\\\/#primaryimage\"},\"image\":{\"@id\":\"https:\\\/\\\/informelitoral.com.ar\\\/docentes-el-gobierno-dio-por-finalizadas-las-paritarias-y-descontara-dias\\\/#primaryimage\"},\"thumbnailUrl\":\"https:\\\/\\\/informelitoral.com.ar\\\/%77%70%2d%63%6f%6e%74%65%6e%74\\\/uploads\\\/2017\\\/05\\\/AULAS-VAC\u00cdAS.jpg\",\"datePublished\":\"2018-03-23T10:38:00+00:00\",\"dateModified\":\"2018-03-23T11:02:04+00:00\",\"breadcrumb\":{\"@id\":\"https:\\\/\\\/informelitoral.com.ar\\\/docentes-el-gobierno-dio-por-finalizadas-las-paritarias-y-descontara-dias\\\/#breadcrumb\"},\"inLanguage\":\"es\",\"potentialAction\":[{\"@type\":\"ReadAction\",\"target\":[\"https:\\\/\\\/informelitoral.com.ar\\\/docentes-el-gobierno-dio-por-finalizadas-las-paritarias-y-descontara-dias\\\/\"]}]},{\"@type\":\"ImageObject\",\"inLanguage\":\"es\",\"@id\":\"https:\\\/\\\/informelitoral.com.ar\\\/docentes-el-gobierno-dio-por-finalizadas-las-paritarias-y-descontara-dias\\\/#primaryimage\",\"url\":\"https:\\\/\\\/informelitoral.com.ar\\\/%77%70%2d%63%6f%6e%74%65%6e%74\\\/uploads\\\/2017\\\/05\\\/AULAS-VAC\u00cdAS.jpg\",\"contentUrl\":\"https:\\\/\\\/informelitoral.com.ar\\\/%77%70%2d%63%6f%6e%74%65%6e%74\\\/uploads\\\/2017\\\/05\\\/AULAS-VAC\u00cdAS.jpg\",\"width\":565,\"height\":319},{\"@type\":\"BreadcrumbList\",\"@id\":\"https:\\\/\\\/informelitoral.com.ar\\\/docentes-el-gobierno-dio-por-finalizadas-las-paritarias-y-descontara-dias\\\/#breadcrumb\",\"itemListElement\":[{\"@type\":\"ListItem\",\"position\":1,\"name\":\"Portada\",\"item\":\"https:\\\/\\\/informelitoral.com.ar\\\/\"},{\"@type\":\"ListItem\",\"position\":2,\"name\":\"Docentes: fin de paritarias y descuento de d\u00edas no trabajados\"}]},{\"@type\":\"WebSite\",\"@id\":\"https:\\\/\\\/informelitoral.com.ar\\\/#website\",\"url\":\"https:\\\/\\\/informelitoral.com.ar\\\/\",\"name\":\"Informe Litoral\",\"description\":\"&quot;Nos informamos&quot; \",\"publisher\":{\"@id\":\"https:\\\/\\\/informelitoral.com.ar\\\/#organization\"},\"potentialAction\":[{\"@type\":\"SearchAction\",\"target\":{\"@type\":\"EntryPoint\",\"urlTemplate\":\"https:\\\/\\\/informelitoral.com.ar\\\/?s={search_term_string}\"},\"query-input\":{\"@type\":\"PropertyValueSpecification\",\"valueRequired\":true,\"valueName\":\"search_term_string\"}}],\"inLanguage\":\"es\"},{\"@type\":\"Organization\",\"@id\":\"https:\\\/\\\/informelitoral.com.ar\\\/#organization\",\"name\":\"Informe Litoral\",\"url\":\"https:\\\/\\\/informelitoral.com.ar\\\/\",\"logo\":{\"@type\":\"ImageObject\",\"inLanguage\":\"es\",\"@id\":\"https:\\\/\\\/informelitoral.com.ar\\\/#\\\/schema\\\/logo\\\/image\\\/\",\"url\":\"https:\\\/\\\/informelitoral.com.ar\\\/%77%70%2d%63%6f%6e%74%65%6e%74\\\/uploads\\\/2021\\\/01\\\/circulo.png\",\"contentUrl\":\"https:\\\/\\\/informelitoral.com.ar\\\/%77%70%2d%63%6f%6e%74%65%6e%74\\\/uploads\\\/2021\\\/01\\\/circulo.png\",\"width\":723,\"height\":731,\"caption\":\"Informe Litoral\"},\"image\":{\"@id\":\"https:\\\/\\\/informelitoral.com.ar\\\/#\\\/schema\\\/logo\\\/image\\\/\"},\"sameAs\":[\"https:\\\/\\\/www.facebook.com\\\/informelitoral\\\/\",\"https:\\\/\\\/x.com\\\/InformeLitoral\",\"https:\\\/\\\/www.instagram.com\\\/informelitoral\\\/\",\"https:\\\/\\\/www.youtube.com\\\/channel\\\/UCua4Qvz8Icb6MYqhoq9xLXw\"]},{\"@type\":\"Person\",\"@id\":\"https:\\\/\\\/informelitoral.com.ar\\\/#\\\/schema\\\/person\\\/b9d00407c836482871ef1d57bf8e3180\",\"name\":\"Gonzalo Schmidt\",\"image\":{\"@type\":\"ImageObject\",\"inLanguage\":\"es\",\"@id\":\"https:\\\/\\\/secure.gravatar.com\\\/avatar\\\/31a1a7b66ff2de83bd0e9fd79d026630d2d99e55e8bfe501287647b4fd9743de?s=96&d=mm&r=g\",\"url\":\"https:\\\/\\\/secure.gravatar.com\\\/avatar\\\/31a1a7b66ff2de83bd0e9fd79d026630d2d99e55e8bfe501287647b4fd9743de?s=96&d=mm&r=g\",\"contentUrl\":\"https:\\\/\\\/secure.gravatar.com\\\/avatar\\\/31a1a7b66ff2de83bd0e9fd79d026630d2d99e55e8bfe501287647b4fd9743de?s=96&d=mm&r=g\",\"caption\":\"Gonzalo Schmidt\"},\"description\":\"Sitio web de noticias de la provincia de Entre R\u00edos, Argentina. Informaci\u00f3n y entretenimiento. Informe Litoral, nos informamos.\",\"sameAs\":[\"http:\\\/\\\/www.isletasnoticias.com.ar\"],\"url\":\"https:\\\/\\\/informelitoral.com.ar\\\/author\\\/gonzalo\\\/\"}]}<\/script>","yoast_head_json":{"title":"Docentes: fin de paritarias y descuento de d\u00edas no trabajados - Informe Litoral","robots":{"index":"index","follow":"follow","max-snippet":"max-snippet:-1","max-image-preview":"max-image-preview:large","max-video-preview":"max-video-preview:-1"},"canonical":"https:\/\/informelitoral.com.ar\/docentes-el-gobierno-dio-por-finalizadas-las-paritarias-y-descontara-dias\/","og_locale":"es_ES","og_type":"article","og_title":"Docentes: fin de paritarias y descuento de d\u00edas no trabajados - Informe Litoral","og_description":"La decisi\u00f3n la tom\u00f3 el gobierno luego de que el congreso de Agmer rechazara la oferta salarial y convocara a dos d\u00edas de paro que perjudican a miles de alumnos. Aseguran que la propuesta del 17% est\u00e1 entre las mejores del pa\u00eds.","og_url":"https:\/\/informelitoral.com.ar\/docentes-el-gobierno-dio-por-finalizadas-las-paritarias-y-descontara-dias\/","og_site_name":"Informe Litoral","article_publisher":"https:\/\/www.facebook.com\/informelitoral\/","article_published_time":"2018-03-23T10:38:00+00:00","article_modified_time":"2018-03-23T11:02:04+00:00","og_image":[{"url":"https:\/\/www.isletasnoticias.com.ar\/%77%70%2d%63%6f%6e%74%65%6e%74\/uploads\/2017\/03\/aulas-vacias.jpg","type":"","width":"","height":""}],"author":"Gonzalo Schmidt","twitter_card":"summary_large_image","twitter_creator":"@InformeLitoral","twitter_site":"@InformeLitoral","twitter_misc":{"Escrito por":"Gonzalo Schmidt","Tiempo de lectura":"2 minutos"},"schema":{"@context":"https:\/\/schema.org","@graph":[{"@type":"Article","@id":"https:\/\/informelitoral.com.ar\/docentes-el-gobierno-dio-por-finalizadas-las-paritarias-y-descontara-dias\/#article","isPartOf":{"@id":"https:\/\/informelitoral.com.ar\/docentes-el-gobierno-dio-por-finalizadas-las-paritarias-y-descontara-dias\/"},"author":{"name":"Gonzalo Schmidt","@id":"https:\/\/informelitoral.com.ar\/#\/schema\/person\/b9d00407c836482871ef1d57bf8e3180"},"headline":"Docentes: fin de paritarias y descuento de d\u00edas no trabajados","datePublished":"2018-03-23T10:38:00+00:00","dateModified":"2018-03-23T11:02:04+00:00","mainEntityOfPage":{"@id":"https:\/\/informelitoral.com.ar\/docentes-el-gobierno-dio-por-finalizadas-las-paritarias-y-descontara-dias\/"},"wordCount":490,"commentCount":0,"publisher":{"@id":"https:\/\/informelitoral.com.ar\/#organization"},"image":{"@id":"https:\/\/informelitoral.com.ar\/docentes-el-gobierno-dio-por-finalizadas-las-paritarias-y-descontara-dias\/#primaryimage"},"thumbnailUrl":"https:\/\/informelitoral.com.ar\/%77%70%2d%63%6f%6e%74%65%6e%74\/uploads\/2017\/05\/AULAS-VAC\u00cdAS.jpg","keywords":["Agmer","Docentes","Gobierno","Paritarias","Paro","Salarios"],"articleSection":["Entre R\u00edos"],"inLanguage":"es","potentialAction":[{"@type":"CommentAction","name":"Comment","target":["https:\/\/informelitoral.com.ar\/docentes-el-gobierno-dio-por-finalizadas-las-paritarias-y-descontara-dias\/#respond"]}]},{"@type":"WebPage","@id":"https:\/\/informelitoral.com.ar\/docentes-el-gobierno-dio-por-finalizadas-las-paritarias-y-descontara-dias\/","url":"https:\/\/informelitoral.com.ar\/docentes-el-gobierno-dio-por-finalizadas-las-paritarias-y-descontara-dias\/","name":"Docentes: fin de paritarias y descuento de d\u00edas no trabajados - Informe Litoral","isPartOf":{"@id":"https:\/\/informelitoral.com.ar\/#website"},"primaryImageOfPage":{"@id":"https:\/\/informelitoral.com.ar\/docentes-el-gobierno-dio-por-finalizadas-las-paritarias-y-descontara-dias\/#primaryimage"},"image":{"@id":"https:\/\/informelitoral.com.ar\/docentes-el-gobierno-dio-por-finalizadas-las-paritarias-y-descontara-dias\/#primaryimage"},"thumbnailUrl":"https:\/\/informelitoral.com.ar\/%77%70%2d%63%6f%6e%74%65%6e%74\/uploads\/2017\/05\/AULAS-VAC\u00cdAS.jpg","datePublished":"2018-03-23T10:38:00+00:00","dateModified":"2018-03-23T11:02:04+00:00","breadcrumb":{"@id":"https:\/\/informelitoral.com.ar\/docentes-el-gobierno-dio-por-finalizadas-las-paritarias-y-descontara-dias\/#breadcrumb"},"inLanguage":"es","potentialAction":[{"@type":"ReadAction","target":["https:\/\/informelitoral.com.ar\/docentes-el-gobierno-dio-por-finalizadas-las-paritarias-y-descontara-dias\/"]}]},{"@type":"ImageObject","inLanguage":"es","@id":"https:\/\/informelitoral.com.ar\/docentes-el-gobierno-dio-por-finalizadas-las-paritarias-y-descontara-dias\/#primaryimage","url":"https:\/\/informelitoral.com.ar\/%77%70%2d%63%6f%6e%74%65%6e%74\/uploads\/2017\/05\/AULAS-VAC\u00cdAS.jpg","contentUrl":"https:\/\/informelitoral.com.ar\/%77%70%2d%63%6f%6e%74%65%6e%74\/uploads\/2017\/05\/AULAS-VAC\u00cdAS.jpg","width":565,"height":319},{"@type":"BreadcrumbList","@id":"https:\/\/informelitoral.com.ar\/docentes-el-gobierno-dio-por-finalizadas-las-paritarias-y-descontara-dias\/#breadcrumb","itemListElement":[{"@type":"ListItem","position":1,"name":"Portada","item":"https:\/\/informelitoral.com.ar\/"},{"@type":"ListItem","position":2,"name":"Docentes: fin de paritarias y descuento de d\u00edas no trabajados"}]},{"@type":"WebSite","@id":"https:\/\/informelitoral.com.ar\/#website","url":"https:\/\/informelitoral.com.ar\/","name":"Informe Litoral","description":"&quot;Nos informamos&quot; ","publisher":{"@id":"https:\/\/informelitoral.com.ar\/#organization"},"potentialAction":[{"@type":"SearchAction","target":{"@type":"EntryPoint","urlTemplate":"https:\/\/informelitoral.com.ar\/?s={search_term_string}"},"query-input":{"@type":"PropertyValueSpecification","valueRequired":true,"valueName":"search_term_string"}}],"inLanguage":"es"},{"@type":"Organization","@id":"https:\/\/informelitoral.com.ar\/#organization","name":"Informe Litoral","url":"https:\/\/informelitoral.com.ar\/","logo":{"@type":"ImageObject","inLanguage":"es","@id":"https:\/\/informelitoral.com.ar\/#\/schema\/logo\/image\/","url":"https:\/\/informelitoral.com.ar\/%77%70%2d%63%6f%6e%74%65%6e%74\/uploads\/2021\/01\/circulo.png","contentUrl":"https:\/\/informelitoral.com.ar\/%77%70%2d%63%6f%6e%74%65%6e%74\/uploads\/2021\/01\/circulo.png","width":723,"height":731,"caption":"Informe Litoral"},"image":{"@id":"https:\/\/informelitoral.com.ar\/#\/schema\/logo\/image\/"},"sameAs":["https:\/\/www.facebook.com\/informelitoral\/","https:\/\/x.com\/InformeLitoral","https:\/\/www.instagram.com\/informelitoral\/","https:\/\/www.youtube.com\/channel\/UCua4Qvz8Icb6MYqhoq9xLXw"]},{"@type":"Person","@id":"https:\/\/informelitoral.com.ar\/#\/schema\/person\/b9d00407c836482871ef1d57bf8e3180","name":"Gonzalo Schmidt","image":{"@type":"ImageObject","inLanguage":"es","@id":"https:\/\/secure.gravatar.com\/avatar\/31a1a7b66ff2de83bd0e9fd79d026630d2d99e55e8bfe501287647b4fd9743de?s=96&d=mm&r=g","url":"https:\/\/secure.gravatar.com\/avatar\/31a1a7b66ff2de83bd0e9fd79d026630d2d99e55e8bfe501287647b4fd9743de?s=96&d=mm&r=g","contentUrl":"https:\/\/secure.gravatar.com\/avatar\/31a1a7b66ff2de83bd0e9fd79d026630d2d99e55e8bfe501287647b4fd9743de?s=96&d=mm&r=g","caption":"Gonzalo Schmidt"},"description":"Sitio web de noticias de la provincia de Entre R\u00edos, Argentina. Informaci\u00f3n y entretenimiento. Informe Litoral, nos informamos.","sameAs":["http:\/\/www.isletasnoticias.com.ar"],"url":"https:\/\/informelitoral.com.ar\/author\/gonzalo\/"}]}},"_links":{"self":[{"href":"https:\/\/informelitoral.com.ar\/%77%70%2d%6a%73%6f%6e\/wp\/v2\/posts\/25771","targetHints":{"allow":["GET"]}}],"collection":[{"href":"https:\/\/informelitoral.com.ar\/%77%70%2d%6a%73%6f%6e\/wp\/v2\/posts"}],"about":[{"href":"https:\/\/informelitoral.com.ar\/%77%70%2d%6a%73%6f%6e\/wp\/v2\/types\/post"}],"author":[{"embeddable":true,"href":"https:\/\/informelitoral.com.ar\/%77%70%2d%6a%73%6f%6e\/wp\/v2\/users\/2"}],"replies":[{"embeddable":true,"href":"https:\/\/informelitoral.com.ar\/%77%70%2d%6a%73%6f%6e\/wp\/v2\/comments?post=25771"}],"version-history":[{"count":0,"href":"https:\/\/informelitoral.com.ar\/%77%70%2d%6a%73%6f%6e\/wp\/v2\/posts\/25771\/revisions"}],"wp:featuredmedia":[{"embeddable":true,"href":"https:\/\/informelitoral.com.ar\/%77%70%2d%6a%73%6f%6e\/wp\/v2\/media\/21510"}],"wp:attachment":[{"href":"https:\/\/informelitoral.com.ar\/%77%70%2d%6a%73%6f%6e\/wp\/v2\/media?parent=25771"}],"wp:term":[{"taxonomy":"category","embeddable":true,"href":"https:\/\/informelitoral.com.ar\/%77%70%2d%6a%73%6f%6e\/wp\/v2\/categories?post=25771"},{"taxonomy":"post_tag","embeddable":true,"href":"https:\/\/informelitoral.com.ar\/%77%70%2d%6a%73%6f%6e\/wp\/v2\/tags?post=25771"}],"curies":[{"name":"wp","href":"https:\/\/api.w.org\/{rel}","templated":true}]}}