{"id":25676,"date":"2018-03-21T08:06:18","date_gmt":"2018-03-21T11:06:18","guid":{"rendered":"https:\/\/www.isletasnoticias.com.ar\/?p=25676"},"modified":"2018-03-22T06:38:43","modified_gmt":"2018-03-22T09:38:43","slug":"empresa-boliviana-proyecta-instalar-otro-puerto-en-diamante","status":"publish","type":"post","link":"https:\/\/informelitoral.com.ar\/empresa-boliviana-proyecta-instalar-otro-puerto-en-diamante\/","title":{"rendered":"Empresa boliviana proyecta instalar otro puerto en Diamante"},"content":{"rendered":"<p>Todav\u00eda se est\u00e1 analizando el lugar exacto para su instalaci\u00f3n, pero ser\u00eda al sur de Diamante, y se calcula en 18 meses el tiempo para ponerlo operativo. De acuerdo a las estimaciones de los empresarios, la proyecci\u00f3n de inversi\u00f3n para los pr\u00f3ximos 10 o 12 a\u00f1os ronda los 600 millones de d\u00f3lares.<\/p>\n<p>El gobernador, <strong>Gustavo Bordet,<\/strong> junto con el secretario de Producci\u00f3n,<strong> \u00c1lvaro Gab\u00e1s<\/strong>, recibi\u00f3 el martes al responsable de Nutrioil Bolivia, <strong>Sergio Cuffini<\/strong>, y al referente del Grupo Bolz\u00e1n, <strong>H\u00e9ctor Bolz\u00e1n<\/strong>, quienes lo pusieron al tanto de la iniciativa.<\/p>\n<p>Gab\u00e1s explic\u00f3 que \u00aben funci\u00f3n de la idea del gobernador de agregarle valor a la econom\u00eda entrerriana y mejorar los proceso productivos, se interes\u00f3 en este proyecto de mediano plazo surgido del Grupo Bolz\u00e1n y su socio boliviano, de una inversi\u00f3n en la zona de Diamante. La idea del encuentro fue analizar la prefactibilidad de un puerto privado para tener una zona industrial y poder a partir de ah\u00ed canalizar la log\u00edstica industrial y agroindustrial, en este caso con el biodiesel, que en la provincia est\u00e1 dentro del marco de un proceso energ\u00e9tico de energ\u00edas renovables\u201d.<\/p>\n<p>Por su parte, el empresario boliviano indic\u00f3 que \u00abla actividad principal de la firma Nutrioil es la soja; hacemos crushing y luego bidiesel, pero nos hemos encontrado todos los usuarios de la hidrov\u00eda con que faltan puertos\u201d.<\/p>\n<p>\u201c<strong>La idea es desarrollar un puerto y hemos elegido a Entre R\u00edos porque creemos que tiene un gran potencial para seguir creciendo en lo que es la soja y, a trav\u00e9s de ella, despu\u00e9s vienen las plantas de crush y luego las de biodiesel<\/strong>. As\u00ed seguimos generando alimento al mundo, pero hay que darle salida, hay que darle log\u00edstica, y eso es lo que estamos buscando\u00bb, precis\u00f3.<\/p>\n<p>Cuffini dijo que \u00abel gobernador se mostr\u00f3 muy interesado en el proyecto, por lo que tenemos grandes expectativas; estamos armando una agenda de trabajo y en los pr\u00f3ximos d\u00edas nos juntaremos para ver c\u00f3mo se sigue\u00bb.<\/p>\n<p>Indic\u00f3 que \u00ab<strong>a\u00fan no se ha determinado con exactitud la ubicaci\u00f3n de la terminal portuaria, pero estamos hablando de alg\u00fan lugar al sur de la ciudad de Diamante, tratando de sacarlo de las zonas pobladas porque son infraestructuras muy grandes, con demasiado movimiento<\/strong>\u00ab.<\/p>\n<p>El empresario indic\u00f3 que \u00aben principio lo hemos planteado como una inversi\u00f3n privada, pero estamos abiertos a lo que la provincia quiera y a tratar de hacer las cosas juntos\u00bb.<\/p>\n<p>Destac\u00f3 luego que \u00abeste emprendimiento<strong> demandar\u00e1 aproximadamente en los primeros 10 a\u00f1os un empleo directo de unas 500 personas, entre construcci\u00f3n y gente estable trabajando en el mismo puerto<\/strong>\u00ab.<\/p>\n<p>Asimismo, describi\u00f3 que \u201cen los primeros 18 meses de la construcci\u00f3n empezar\u00eda a funcionar y aproximadamente en dos a\u00f1os estar\u00eda cumplida la primera etapa. De ah\u00ed en m\u00e1s acompa\u00f1ar\u00e1 el crecimiento que la misma provincia va a tener al contar con otra salida para la producci\u00f3n. A ese crecimiento hay que acompa\u00f1arlo, ya que se sumar\u00e1n plantas de crushing y de biodiesel. Estimamos <strong>una inversi\u00f3n cuya proyecci\u00f3n hoy ronda los 600 millones de d\u00f3lares en unos 10 o 12 a\u00f1os<\/strong>\u201d.<\/p>\n<p>A su turno, H\u00e9ctor Bolz\u00e1n, responsable de la firma ubicada en Aldea Mar\u00eda Luisa, en cercan\u00edas de Paran\u00e1, coment\u00f3 que recibi\u00f3 del empresario boliviano este proyecto que \u00abnos pareci\u00f3 muy importante para la provincia porque puertos en el r\u00edo Paran\u00e1, de este lado, pr\u00e1cticamente no tenemos; creemos que va a ser important\u00edsimo para poder sacar la mercader\u00eda de la provincia; se van a generar puestos de trabajo y, al instalarse un polo tan importante como es un puerto, creemos que va a traer muchos beneficios para la provincia y para las empresas entrerrianas ya que nosotros estaremos sacando biodiesel de ese puerto, m\u00e1s all\u00e1 de todo el cereal que pueda salir\u00bb.<\/p>\n<p>En cuanto al tiempo que demandar\u00eda este puerto, detall\u00f3 que \u201cuna vez que se consigan las habilitaciones y el lugar, creemos que es una inversi\u00f3n a realizarse en dos a\u00f1os la primera etapa, porque despu\u00e9s vendr\u00e1 otra etapa de inversiones\u201d.<\/p>\n<p>Sobre las caracter\u00edsticas de la estaci\u00f3n portuaria, consider\u00f3 que \u00ablo importante es la ubicaci\u00f3n, que se est\u00e1 decidiendo en este momento, y <strong>la estimaci\u00f3n es que se puedan sacar buques de 35 o 40.000 toneladas para ponernos a la par de lo que es Rosario.<\/strong> Podr\u00edamos estar sacando la misma mercader\u00eda que saca Timb\u00faes en este momento\u201d.<\/p>\n<p>En relaci\u00f3n a la producci\u00f3n que podr\u00eda salir por esa terminal, se\u00f1al\u00f3 que \u201cde Entre R\u00edos ser\u00edan unas 70.000 toneladas, pero en esta primera etapa el flujo fuerte ser\u00eda de la empresa boliviana que ya est\u00e1n manejando las hidrov\u00edas con containers y que vendr\u00edan directamente a salir por este puerto\u201d.<\/p>\n<p><iframe loading=\"lazy\" width=\"696\" height=\"392\" src=\"https:\/\/www.youtube.com\/embed\/GWGV3eA0r9k?feature=oembed\" frameborder=\"0\" allow=\"autoplay; encrypted-media\" allowfullscreen><\/iframe><\/p>\n","protected":false},"excerpt":{"rendered":"<p>Se trata de un ambicioso proyecto, en principio para la salida del biodiesel a trav\u00e9s de la hidrov\u00eda Paran\u00e1-Paraguay. La iniciativa fue presentada al gobernador Gustavo Bordet por un empresario de la firma Nutrioil Bolivia, junto al Grupo Bolz\u00e1n.<\/p>\n","protected":false},"author":2,"featured_media":25677,"comment_status":"open","ping_status":"open","sticky":false,"template":"","format":"standard","meta":{"fifu_image_url":"","fifu_image_alt":"","footnotes":""},"categories":[5],"tags":[34,33],"class_list":{"0":"post-25676","1":"post","2":"type-post","3":"status-publish","4":"format-standard","5":"has-post-thumbnail","7":"category-zonales","8":"tag-diamante","9":"tag-puerto"},"yoast_head":"<title>Empresa boliviana proyecta instalar otro puerto en Diamante - Informe Litoral<\/title>\n<meta name=\"robots\" content=\"index, follow, max-snippet:-1, max-image-preview:large, max-video-preview:-1\" \/>\n<link rel=\"canonical\" href=\"https:\/\/informelitoral.com.ar\/empresa-boliviana-proyecta-instalar-otro-puerto-en-diamante\/\" \/>\n<meta property=\"og:locale\" content=\"es_ES\" \/>\n<meta property=\"og:type\" content=\"article\" \/>\n<meta property=\"og:title\" content=\"Empresa boliviana proyecta instalar otro puerto en Diamante - Informe Litoral\" \/>\n<meta property=\"og:description\" content=\"Se trata de un ambicioso proyecto, en principio para la salida del biodiesel a trav\u00e9s de la hidrov\u00eda Paran\u00e1-Paraguay. La iniciativa fue presentada al gobernador Gustavo Bordet por un empresario de la firma Nutrioil Bolivia, junto al Grupo Bolz\u00e1n.\" \/>\n<meta property=\"og:url\" content=\"https:\/\/informelitoral.com.ar\/empresa-boliviana-proyecta-instalar-otro-puerto-en-diamante\/\" \/>\n<meta property=\"og:site_name\" content=\"Informe Litoral\" \/>\n<meta property=\"article:publisher\" content=\"https:\/\/www.facebook.com\/informelitoral\/\" \/>\n<meta property=\"article:published_time\" content=\"2018-03-21T11:06:18+00:00\" \/>\n<meta property=\"article:modified_time\" content=\"2018-03-22T09:38:43+00:00\" \/>\n<meta property=\"og:image\" content=\"https:\/\/www.isletasnoticias.com.ar\/%77%70%2d%63%6f%6e%74%65%6e%74\/uploads\/2018\/03\/construcci\u00f3n-puerto.jpg\" \/>\n<meta name=\"author\" content=\"Gonzalo Schmidt\" \/>\n<meta name=\"twitter:card\" content=\"summary_large_image\" \/>\n<meta name=\"twitter:creator\" content=\"@InformeLitoral\" \/>\n<meta name=\"twitter:site\" content=\"@InformeLitoral\" \/>\n<meta name=\"twitter:label1\" content=\"Escrito por\" \/>\n\t<meta name=\"twitter:data1\" content=\"Gonzalo Schmidt\" \/>\n\t<meta name=\"twitter:label2\" content=\"Tiempo de lectura\" \/>\n\t<meta name=\"twitter:data2\" content=\"4 minutos\" \/>\n<script type=\"application\/ld+json\" class=\"yoast-schema-graph\">{\"@context\":\"https:\\\/\\\/schema.org\",\"@graph\":[{\"@type\":\"Article\",\"@id\":\"https:\\\/\\\/informelitoral.com.ar\\\/empresa-boliviana-proyecta-instalar-otro-puerto-en-diamante\\\/#article\",\"isPartOf\":{\"@id\":\"https:\\\/\\\/informelitoral.com.ar\\\/empresa-boliviana-proyecta-instalar-otro-puerto-en-diamante\\\/\"},\"author\":{\"name\":\"Gonzalo Schmidt\",\"@id\":\"https:\\\/\\\/informelitoral.com.ar\\\/#\\\/schema\\\/person\\\/b9d00407c836482871ef1d57bf8e3180\"},\"headline\":\"Empresa boliviana proyecta instalar otro puerto en Diamante\",\"datePublished\":\"2018-03-21T11:06:18+00:00\",\"dateModified\":\"2018-03-22T09:38:43+00:00\",\"mainEntityOfPage\":{\"@id\":\"https:\\\/\\\/informelitoral.com.ar\\\/empresa-boliviana-proyecta-instalar-otro-puerto-en-diamante\\\/\"},\"wordCount\":848,\"commentCount\":0,\"publisher\":{\"@id\":\"https:\\\/\\\/informelitoral.com.ar\\\/#organization\"},\"image\":{\"@id\":\"https:\\\/\\\/informelitoral.com.ar\\\/empresa-boliviana-proyecta-instalar-otro-puerto-en-diamante\\\/#primaryimage\"},\"thumbnailUrl\":\"https:\\\/\\\/informelitoral.com.ar\\\/%77%70%2d%63%6f%6e%74%65%6e%74\\\/uploads\\\/2018\\\/03\\\/construcci\u00f3n-puerto.jpg\",\"keywords\":[\"Diamante\",\"Puerto\"],\"articleSection\":[\"Departamento Diamante\"],\"inLanguage\":\"es\",\"potentialAction\":[{\"@type\":\"CommentAction\",\"name\":\"Comment\",\"target\":[\"https:\\\/\\\/informelitoral.com.ar\\\/empresa-boliviana-proyecta-instalar-otro-puerto-en-diamante\\\/#respond\"]}]},{\"@type\":\"WebPage\",\"@id\":\"https:\\\/\\\/informelitoral.com.ar\\\/empresa-boliviana-proyecta-instalar-otro-puerto-en-diamante\\\/\",\"url\":\"https:\\\/\\\/informelitoral.com.ar\\\/empresa-boliviana-proyecta-instalar-otro-puerto-en-diamante\\\/\",\"name\":\"Empresa boliviana proyecta instalar otro puerto en Diamante - Informe Litoral\",\"isPartOf\":{\"@id\":\"https:\\\/\\\/informelitoral.com.ar\\\/#website\"},\"primaryImageOfPage\":{\"@id\":\"https:\\\/\\\/informelitoral.com.ar\\\/empresa-boliviana-proyecta-instalar-otro-puerto-en-diamante\\\/#primaryimage\"},\"image\":{\"@id\":\"https:\\\/\\\/informelitoral.com.ar\\\/empresa-boliviana-proyecta-instalar-otro-puerto-en-diamante\\\/#primaryimage\"},\"thumbnailUrl\":\"https:\\\/\\\/informelitoral.com.ar\\\/%77%70%2d%63%6f%6e%74%65%6e%74\\\/uploads\\\/2018\\\/03\\\/construcci\u00f3n-puerto.jpg\",\"datePublished\":\"2018-03-21T11:06:18+00:00\",\"dateModified\":\"2018-03-22T09:38:43+00:00\",\"breadcrumb\":{\"@id\":\"https:\\\/\\\/informelitoral.com.ar\\\/empresa-boliviana-proyecta-instalar-otro-puerto-en-diamante\\\/#breadcrumb\"},\"inLanguage\":\"es\",\"potentialAction\":[{\"@type\":\"ReadAction\",\"target\":[\"https:\\\/\\\/informelitoral.com.ar\\\/empresa-boliviana-proyecta-instalar-otro-puerto-en-diamante\\\/\"]}]},{\"@type\":\"ImageObject\",\"inLanguage\":\"es\",\"@id\":\"https:\\\/\\\/informelitoral.com.ar\\\/empresa-boliviana-proyecta-instalar-otro-puerto-en-diamante\\\/#primaryimage\",\"url\":\"https:\\\/\\\/informelitoral.com.ar\\\/%77%70%2d%63%6f%6e%74%65%6e%74\\\/uploads\\\/2018\\\/03\\\/construcci\u00f3n-puerto.jpg\",\"contentUrl\":\"https:\\\/\\\/informelitoral.com.ar\\\/%77%70%2d%63%6f%6e%74%65%6e%74\\\/uploads\\\/2018\\\/03\\\/construcci\u00f3n-puerto.jpg\",\"width\":3500,\"height\":2333},{\"@type\":\"BreadcrumbList\",\"@id\":\"https:\\\/\\\/informelitoral.com.ar\\\/empresa-boliviana-proyecta-instalar-otro-puerto-en-diamante\\\/#breadcrumb\",\"itemListElement\":[{\"@type\":\"ListItem\",\"position\":1,\"name\":\"Portada\",\"item\":\"https:\\\/\\\/informelitoral.com.ar\\\/\"},{\"@type\":\"ListItem\",\"position\":2,\"name\":\"Empresa boliviana proyecta instalar otro puerto en Diamante\"}]},{\"@type\":\"WebSite\",\"@id\":\"https:\\\/\\\/informelitoral.com.ar\\\/#website\",\"url\":\"https:\\\/\\\/informelitoral.com.ar\\\/\",\"name\":\"Informe Litoral\",\"description\":\"&quot;Nos informamos&quot; \",\"publisher\":{\"@id\":\"https:\\\/\\\/informelitoral.com.ar\\\/#organization\"},\"potentialAction\":[{\"@type\":\"SearchAction\",\"target\":{\"@type\":\"EntryPoint\",\"urlTemplate\":\"https:\\\/\\\/informelitoral.com.ar\\\/?s={search_term_string}\"},\"query-input\":{\"@type\":\"PropertyValueSpecification\",\"valueRequired\":true,\"valueName\":\"search_term_string\"}}],\"inLanguage\":\"es\"},{\"@type\":\"Organization\",\"@id\":\"https:\\\/\\\/informelitoral.com.ar\\\/#organization\",\"name\":\"Informe Litoral\",\"url\":\"https:\\\/\\\/informelitoral.com.ar\\\/\",\"logo\":{\"@type\":\"ImageObject\",\"inLanguage\":\"es\",\"@id\":\"https:\\\/\\\/informelitoral.com.ar\\\/#\\\/schema\\\/logo\\\/image\\\/\",\"url\":\"https:\\\/\\\/informelitoral.com.ar\\\/%77%70%2d%63%6f%6e%74%65%6e%74\\\/uploads\\\/2021\\\/01\\\/circulo.png\",\"contentUrl\":\"https:\\\/\\\/informelitoral.com.ar\\\/%77%70%2d%63%6f%6e%74%65%6e%74\\\/uploads\\\/2021\\\/01\\\/circulo.png\",\"width\":723,\"height\":731,\"caption\":\"Informe Litoral\"},\"image\":{\"@id\":\"https:\\\/\\\/informelitoral.com.ar\\\/#\\\/schema\\\/logo\\\/image\\\/\"},\"sameAs\":[\"https:\\\/\\\/www.facebook.com\\\/informelitoral\\\/\",\"https:\\\/\\\/x.com\\\/InformeLitoral\",\"https:\\\/\\\/www.instagram.com\\\/informelitoral\\\/\",\"https:\\\/\\\/www.youtube.com\\\/channel\\\/UCua4Qvz8Icb6MYqhoq9xLXw\"]},{\"@type\":\"Person\",\"@id\":\"https:\\\/\\\/informelitoral.com.ar\\\/#\\\/schema\\\/person\\\/b9d00407c836482871ef1d57bf8e3180\",\"name\":\"Gonzalo Schmidt\",\"image\":{\"@type\":\"ImageObject\",\"inLanguage\":\"es\",\"@id\":\"https:\\\/\\\/secure.gravatar.com\\\/avatar\\\/31a1a7b66ff2de83bd0e9fd79d026630d2d99e55e8bfe501287647b4fd9743de?s=96&d=mm&r=g\",\"url\":\"https:\\\/\\\/secure.gravatar.com\\\/avatar\\\/31a1a7b66ff2de83bd0e9fd79d026630d2d99e55e8bfe501287647b4fd9743de?s=96&d=mm&r=g\",\"contentUrl\":\"https:\\\/\\\/secure.gravatar.com\\\/avatar\\\/31a1a7b66ff2de83bd0e9fd79d026630d2d99e55e8bfe501287647b4fd9743de?s=96&d=mm&r=g\",\"caption\":\"Gonzalo Schmidt\"},\"description\":\"Sitio web de noticias de la provincia de Entre R\u00edos, Argentina. Informaci\u00f3n y entretenimiento. Informe Litoral, nos informamos.\",\"sameAs\":[\"http:\\\/\\\/www.isletasnoticias.com.ar\"],\"url\":\"https:\\\/\\\/informelitoral.com.ar\\\/author\\\/gonzalo\\\/\"}]}<\/script>","yoast_head_json":{"title":"Empresa boliviana proyecta instalar otro puerto en Diamante - Informe Litoral","robots":{"index":"index","follow":"follow","max-snippet":"max-snippet:-1","max-image-preview":"max-image-preview:large","max-video-preview":"max-video-preview:-1"},"canonical":"https:\/\/informelitoral.com.ar\/empresa-boliviana-proyecta-instalar-otro-puerto-en-diamante\/","og_locale":"es_ES","og_type":"article","og_title":"Empresa boliviana proyecta instalar otro puerto en Diamante - Informe Litoral","og_description":"Se trata de un ambicioso proyecto, en principio para la salida del biodiesel a trav\u00e9s de la hidrov\u00eda Paran\u00e1-Paraguay. La iniciativa fue presentada al gobernador Gustavo Bordet por un empresario de la firma Nutrioil Bolivia, junto al Grupo Bolz\u00e1n.","og_url":"https:\/\/informelitoral.com.ar\/empresa-boliviana-proyecta-instalar-otro-puerto-en-diamante\/","og_site_name":"Informe Litoral","article_publisher":"https:\/\/www.facebook.com\/informelitoral\/","article_published_time":"2018-03-21T11:06:18+00:00","article_modified_time":"2018-03-22T09:38:43+00:00","og_image":[{"url":"https:\/\/www.isletasnoticias.com.ar\/%77%70%2d%63%6f%6e%74%65%6e%74\/uploads\/2018\/03\/construcci\u00f3n-puerto.jpg","type":"","width":"","height":""}],"author":"Gonzalo Schmidt","twitter_card":"summary_large_image","twitter_creator":"@InformeLitoral","twitter_site":"@InformeLitoral","twitter_misc":{"Escrito por":"Gonzalo Schmidt","Tiempo de lectura":"4 minutos"},"schema":{"@context":"https:\/\/schema.org","@graph":[{"@type":"Article","@id":"https:\/\/informelitoral.com.ar\/empresa-boliviana-proyecta-instalar-otro-puerto-en-diamante\/#article","isPartOf":{"@id":"https:\/\/informelitoral.com.ar\/empresa-boliviana-proyecta-instalar-otro-puerto-en-diamante\/"},"author":{"name":"Gonzalo Schmidt","@id":"https:\/\/informelitoral.com.ar\/#\/schema\/person\/b9d00407c836482871ef1d57bf8e3180"},"headline":"Empresa boliviana proyecta instalar otro puerto en Diamante","datePublished":"2018-03-21T11:06:18+00:00","dateModified":"2018-03-22T09:38:43+00:00","mainEntityOfPage":{"@id":"https:\/\/informelitoral.com.ar\/empresa-boliviana-proyecta-instalar-otro-puerto-en-diamante\/"},"wordCount":848,"commentCount":0,"publisher":{"@id":"https:\/\/informelitoral.com.ar\/#organization"},"image":{"@id":"https:\/\/informelitoral.com.ar\/empresa-boliviana-proyecta-instalar-otro-puerto-en-diamante\/#primaryimage"},"thumbnailUrl":"https:\/\/informelitoral.com.ar\/%77%70%2d%63%6f%6e%74%65%6e%74\/uploads\/2018\/03\/construcci\u00f3n-puerto.jpg","keywords":["Diamante","Puerto"],"articleSection":["Departamento Diamante"],"inLanguage":"es","potentialAction":[{"@type":"CommentAction","name":"Comment","target":["https:\/\/informelitoral.com.ar\/empresa-boliviana-proyecta-instalar-otro-puerto-en-diamante\/#respond"]}]},{"@type":"WebPage","@id":"https:\/\/informelitoral.com.ar\/empresa-boliviana-proyecta-instalar-otro-puerto-en-diamante\/","url":"https:\/\/informelitoral.com.ar\/empresa-boliviana-proyecta-instalar-otro-puerto-en-diamante\/","name":"Empresa boliviana proyecta instalar otro puerto en Diamante - Informe Litoral","isPartOf":{"@id":"https:\/\/informelitoral.com.ar\/#website"},"primaryImageOfPage":{"@id":"https:\/\/informelitoral.com.ar\/empresa-boliviana-proyecta-instalar-otro-puerto-en-diamante\/#primaryimage"},"image":{"@id":"https:\/\/informelitoral.com.ar\/empresa-boliviana-proyecta-instalar-otro-puerto-en-diamante\/#primaryimage"},"thumbnailUrl":"https:\/\/informelitoral.com.ar\/%77%70%2d%63%6f%6e%74%65%6e%74\/uploads\/2018\/03\/construcci\u00f3n-puerto.jpg","datePublished":"2018-03-21T11:06:18+00:00","dateModified":"2018-03-22T09:38:43+00:00","breadcrumb":{"@id":"https:\/\/informelitoral.com.ar\/empresa-boliviana-proyecta-instalar-otro-puerto-en-diamante\/#breadcrumb"},"inLanguage":"es","potentialAction":[{"@type":"ReadAction","target":["https:\/\/informelitoral.com.ar\/empresa-boliviana-proyecta-instalar-otro-puerto-en-diamante\/"]}]},{"@type":"ImageObject","inLanguage":"es","@id":"https:\/\/informelitoral.com.ar\/empresa-boliviana-proyecta-instalar-otro-puerto-en-diamante\/#primaryimage","url":"https:\/\/informelitoral.com.ar\/%77%70%2d%63%6f%6e%74%65%6e%74\/uploads\/2018\/03\/construcci\u00f3n-puerto.jpg","contentUrl":"https:\/\/informelitoral.com.ar\/%77%70%2d%63%6f%6e%74%65%6e%74\/uploads\/2018\/03\/construcci\u00f3n-puerto.jpg","width":3500,"height":2333},{"@type":"BreadcrumbList","@id":"https:\/\/informelitoral.com.ar\/empresa-boliviana-proyecta-instalar-otro-puerto-en-diamante\/#breadcrumb","itemListElement":[{"@type":"ListItem","position":1,"name":"Portada","item":"https:\/\/informelitoral.com.ar\/"},{"@type":"ListItem","position":2,"name":"Empresa boliviana proyecta instalar otro puerto en Diamante"}]},{"@type":"WebSite","@id":"https:\/\/informelitoral.com.ar\/#website","url":"https:\/\/informelitoral.com.ar\/","name":"Informe Litoral","description":"&quot;Nos informamos&quot; ","publisher":{"@id":"https:\/\/informelitoral.com.ar\/#organization"},"potentialAction":[{"@type":"SearchAction","target":{"@type":"EntryPoint","urlTemplate":"https:\/\/informelitoral.com.ar\/?s={search_term_string}"},"query-input":{"@type":"PropertyValueSpecification","valueRequired":true,"valueName":"search_term_string"}}],"inLanguage":"es"},{"@type":"Organization","@id":"https:\/\/informelitoral.com.ar\/#organization","name":"Informe Litoral","url":"https:\/\/informelitoral.com.ar\/","logo":{"@type":"ImageObject","inLanguage":"es","@id":"https:\/\/informelitoral.com.ar\/#\/schema\/logo\/image\/","url":"https:\/\/informelitoral.com.ar\/%77%70%2d%63%6f%6e%74%65%6e%74\/uploads\/2021\/01\/circulo.png","contentUrl":"https:\/\/informelitoral.com.ar\/%77%70%2d%63%6f%6e%74%65%6e%74\/uploads\/2021\/01\/circulo.png","width":723,"height":731,"caption":"Informe Litoral"},"image":{"@id":"https:\/\/informelitoral.com.ar\/#\/schema\/logo\/image\/"},"sameAs":["https:\/\/www.facebook.com\/informelitoral\/","https:\/\/x.com\/InformeLitoral","https:\/\/www.instagram.com\/informelitoral\/","https:\/\/www.youtube.com\/channel\/UCua4Qvz8Icb6MYqhoq9xLXw"]},{"@type":"Person","@id":"https:\/\/informelitoral.com.ar\/#\/schema\/person\/b9d00407c836482871ef1d57bf8e3180","name":"Gonzalo Schmidt","image":{"@type":"ImageObject","inLanguage":"es","@id":"https:\/\/secure.gravatar.com\/avatar\/31a1a7b66ff2de83bd0e9fd79d026630d2d99e55e8bfe501287647b4fd9743de?s=96&d=mm&r=g","url":"https:\/\/secure.gravatar.com\/avatar\/31a1a7b66ff2de83bd0e9fd79d026630d2d99e55e8bfe501287647b4fd9743de?s=96&d=mm&r=g","contentUrl":"https:\/\/secure.gravatar.com\/avatar\/31a1a7b66ff2de83bd0e9fd79d026630d2d99e55e8bfe501287647b4fd9743de?s=96&d=mm&r=g","caption":"Gonzalo Schmidt"},"description":"Sitio web de noticias de la provincia de Entre R\u00edos, Argentina. Informaci\u00f3n y entretenimiento. Informe Litoral, nos informamos.","sameAs":["http:\/\/www.isletasnoticias.com.ar"],"url":"https:\/\/informelitoral.com.ar\/author\/gonzalo\/"}]}},"_links":{"self":[{"href":"https:\/\/informelitoral.com.ar\/%77%70%2d%6a%73%6f%6e\/wp\/v2\/posts\/25676","targetHints":{"allow":["GET"]}}],"collection":[{"href":"https:\/\/informelitoral.com.ar\/%77%70%2d%6a%73%6f%6e\/wp\/v2\/posts"}],"about":[{"href":"https:\/\/informelitoral.com.ar\/%77%70%2d%6a%73%6f%6e\/wp\/v2\/types\/post"}],"author":[{"embeddable":true,"href":"https:\/\/informelitoral.com.ar\/%77%70%2d%6a%73%6f%6e\/wp\/v2\/users\/2"}],"replies":[{"embeddable":true,"href":"https:\/\/informelitoral.com.ar\/%77%70%2d%6a%73%6f%6e\/wp\/v2\/comments?post=25676"}],"version-history":[{"count":0,"href":"https:\/\/informelitoral.com.ar\/%77%70%2d%6a%73%6f%6e\/wp\/v2\/posts\/25676\/revisions"}],"wp:featuredmedia":[{"embeddable":true,"href":"https:\/\/informelitoral.com.ar\/%77%70%2d%6a%73%6f%6e\/wp\/v2\/media\/25677"}],"wp:attachment":[{"href":"https:\/\/informelitoral.com.ar\/%77%70%2d%6a%73%6f%6e\/wp\/v2\/media?parent=25676"}],"wp:term":[{"taxonomy":"category","embeddable":true,"href":"https:\/\/informelitoral.com.ar\/%77%70%2d%6a%73%6f%6e\/wp\/v2\/categories?post=25676"},{"taxonomy":"post_tag","embeddable":true,"href":"https:\/\/informelitoral.com.ar\/%77%70%2d%6a%73%6f%6e\/wp\/v2\/tags?post=25676"}],"curies":[{"name":"wp","href":"https:\/\/api.w.org\/{rel}","templated":true}]}}